{"id":9995,"date":"2025-02-24T11:33:19","date_gmt":"2025-02-24T11:33:19","guid":{"rendered":"https:\/\/bobea.net\/?p=9995"},"modified":"2025-02-24T11:33:20","modified_gmt":"2025-02-24T11:33:20","slug":"le-prix-europeen-des-femmes-innovatrices-2025","status":"publish","type":"post","link":"https:\/\/bobea.net\/index.php\/2025\/02\/24\/le-prix-europeen-des-femmes-innovatrices-2025\/","title":{"rendered":"Le Prix europ\u00e9en des femmes innovatrices 2025"},"content":{"rendered":"\n<p>Le Prix europ\u00e9en des femmes inno\u00adva\u00adtri\u00adces 2025 s\u2019an\u00adnonce comme un trem\u00adplin excep\u00adtion\u00adnel pour l\u2019en\u00adtre\u00adpre\u00adneuri\u00adat f\u00e9minin en Europe. Cette pres\u00adtigieuse r\u00e9com\u00adpense, lanc\u00e9e par la Com\u00admis\u00adsion europ\u00e9enne, vise \u00e0 met\u00adtre en lumi\u00e8re et \u00e0 soutenir les femmes entre\u00adpre\u00adneures qui r\u00e9vo\u00adlu\u00adtion\u00adnent le paysage de l\u2019in\u00adno\u00adva\u00adtion.<\/p>\n\n\n\n<p>Un con\u00adcours qui promeut l\u2019ex\u00adcel\u00adlence f\u00e9mi\u00adnine dans l\u2019in\u00adno\u00adva\u00adtion<\/p>\n\n\n\n<p>Le Prix europ\u00e9en des femmes inno\u00adva\u00adtri\u00adces r\u00e9com\u00adpense chaque ann\u00e9e des femmes qui ont non seule\u00adment fond\u00e9 ou co-fond\u00e9 une entre\u00adprise inno\u00advante, mais qui ont \u00e9gale\u00adment intro\u00adduit une inno\u00adva\u00adtion sur le march\u00e9 europ\u00e9en. En 2025, le con\u00adcours prend une ampleur sans pr\u00e9c\u00e9\u00addent, refl\u00e9\u00adtant l\u2019im\u00adpor\u00adtance crois\u00adsante de la diver\u00adsit\u00e9 dans le monde de l\u2019en\u00adtre\u00adpre\u00adneuri\u00adat et de la tech\u00adnolo\u00adgie.<\/p>\n\n\n\n<p><strong>Cat\u00e9\u00adgories et r\u00e9com\u00adpens\u00ades<\/strong><\/p>\n\n\n\n<p>Le con\u00adcours se divise en plusieurs cat\u00e9\u00adgories :<\/p>\n\n\n\n<ul class=\"wp-block-list\">\n<li>Prix prin\u00adci\u00adpal : 100 000 euros pour trois lau\u00adr\u00e9ates<\/li>\n\n\n\n<li>Prix \u201cRis\u00ading Inno\u00adva\u00adtors\u201d : 50 000 euros pour trois jeunes inno\u00adva\u00adtri\u00adces promet\u00adteuses<\/li>\n\n\n\n<li>Nou\u00adveau en 2025 : Prix \u201cGreen Inno\u00adva\u00adtion\u201d pour les pro\u00adjets \u00e0 fort impact envi\u00adron\u00adnemen\u00adtal<\/li>\n<\/ul>\n\n\n\n<p><strong>Crit\u00e8res de s\u00e9lec\u00adtion<\/strong><\/p>\n\n\n\n<p>Les can\u00addi\u00addates sont \u00e9val\u00adu\u00e9es sur plusieurs crit\u00e8res :<\/p>\n\n\n\n<ol start=\"1\" class=\"wp-block-list\">\n<li>Le degr\u00e9 d\u2019in\u00adno\u00adva\u00adtion de leur pro\u00adjet<\/li>\n\n\n\n<li>L\u2019im\u00adpact social et \u00e9conomique de leur entre\u00adprise<\/li>\n\n\n\n<li>Le poten\u00adtiel de crois\u00adsance et d\u2019ex\u00adpan\u00adsion \u00e0 l\u2019\u00e9chelle europ\u00e9enne<\/li>\n\n\n\n<li>Le lead\u00ader\u00adship et l\u2019en\u00adgage\u00adment de la can\u00addi\u00addate<\/li>\n<\/ol>\n\n\n\n<p>Un impact sig\u00adni\u00adfi\u00adcatif sur l\u2019\u00e9\u00adcosys\u00adt\u00e8me entre\u00adpre\u00adneur\u00adial<\/p>\n\n\n\n<p>Le Prix europ\u00e9en des femmes inno\u00adva\u00adtri\u00adces a d\u00e9j\u00e0 eu un impact con\u00adsid\u00ad\u00e9rable depuis sa cr\u00e9a\u00adtion. Les sta\u00adtis\u00adtiques mon\u00adtrent que :<\/p>\n\n\n\n<ul class=\"wp-block-list\">\n<li>60% des anci\u00adennes lau\u00adr\u00e9ates ont sig\u00adni\u00adfica\u00adtive\u00adment d\u00e9velop\u00adp\u00e9 leur entre\u00adprise<\/li>\n\n\n\n<li>40% ont lev\u00e9 des fonds impor\u00adtants suite \u00e0 leur vic\u00adtoire<\/li>\n\n\n\n<li>80% sont dev\u00adenues des mod\u00ad\u00e8les inspi\u00adrants pour d\u2019autres femmes entre\u00adpre\u00adneures<\/li>\n<\/ul>\n\n\n\n<figure class=\"wp-block-image size-large\"><img loading=\"lazy\" decoding=\"async\" width=\"1024\" height=\"683\" src=\"https:\/\/bobea.net\/wp-content\/uploads\/2025\/02\/AdobeStock_744459464-scaled-2-1024x683.jpg\" alt class=\"wp-image-9998\" srcset=\"https:\/\/bobea.net\/wp-content\/uploads\/2025\/02\/AdobeStock_744459464-scaled-2-1024x683.jpg 1024w, https:\/\/bobea.net\/wp-content\/uploads\/2025\/02\/AdobeStock_744459464-scaled-2-300x200.jpg 300w, https:\/\/bobea.net\/wp-content\/uploads\/2025\/02\/AdobeStock_744459464-scaled-2-768x512.jpg 768w, https:\/\/bobea.net\/wp-content\/uploads\/2025\/02\/AdobeStock_744459464-scaled-2-1536x1024.jpg 1536w, https:\/\/bobea.net\/wp-content\/uploads\/2025\/02\/AdobeStock_744459464-scaled-2-2048x1366.jpg 2048w\" sizes=\"(max-width: 1024px) 100vw, 1024px\"><\/figure>\n\n\n\n<p>Com\u00adment par\u00adticiper au con\u00adcours 2025 ?<\/p>\n\n\n\n<p>Les can\u00addi\u00adda\u00adtures pour l\u2019\u00e9di\u00adtion 2025 seront ouvertes du 1er mars au 30 juin 2025. Les femmes entre\u00adpre\u00adneures int\u00e9ress\u00e9es peu\u00advent pos\u00adtuler via le por\u00adtail offi\u00adciel de la Com\u00admis\u00adsion europ\u00e9enne. Un jury com\u00adpos\u00e9 d\u2019ex\u00adperts ind\u00e9pen\u00addants \u00e9val\u00aduera les can\u00addi\u00adda\u00adtures et s\u00e9lec\u00adtion\u00adnera les final\u00adistes.<\/p>\n\n\n\n<p>Con\u00adclu\u00adsion : Un trem\u00adplin vers le suc\u00adc\u00e8s<\/p>\n\n\n\n<p>Le Prix europ\u00e9en des femmes inno\u00adva\u00adtri\u00adces 2025 repr\u00e9sente bien plus qu\u2019une sim\u00adple r\u00e9com\u00adpense finan\u00adci\u00e8re. C\u2019est une oppor\u00adtu\u00adnit\u00e9 unique pour les femmes entre\u00adpre\u00adneures de gag\u00adn\u00ader en vis\u00adi\u00adbil\u00adit\u00e9, d\u2019ac\u00adc\u00e9der \u00e0 des r\u00e9seaux influ\u00adents et de propulser leur inno\u00adva\u00adtion sur la sc\u00e8ne europ\u00e9enne. En met\u00adtant en lumi\u00e8re ces tal\u00adents f\u00e9minins, ce prix con\u00adtribue \u00e0 fa\u00e7on\u00adner un avenir plus \u00e9quili\u00adbr\u00e9 et inno\u00advant pour l\u2019Eu\u00adrope.<\/p>\n","protected":false},"excerpt":{"rendered":"<p>Le Prix europ\u00e9en des femmes inno\u00adva\u00adtri\u00adces 2025 s\u2019an\u00adnonce comme un trem\u00adplin excep\u00adtion\u00adnel pour l\u2019en\u00adtre\u00adpre\u00adneuri\u00adat f\u00e9minin en Europe. Cette pres\u00adtigieuse r\u00e9com\u00adpense, lanc\u00e9e par la Com\u00admis\u00adsion europ\u00e9enne, vise \u00e0 met\u00adtre en lumi\u00e8re\u2026 <\/p>\n","protected":false},"author":1,"featured_media":9996,"comment_status":"open","ping_status":"open","sticky":false,"template":"","format":"standard","meta":{"wp_typography_post_enhancements_disabled":false,"footnotes":""},"categories":[73],"tags":[],"class_list":["post-9995","post","type-post","status-publish","format-standard","has-post-thumbnail","hentry","category-on-en-parle"],"yoast_head":"<!-- This site is optimized with the Yoast SEO plugin v24.7 - https:\/\/yoast.com\/wordpress\/plugins\/seo\/ -->\n<title>Le Prix europ\u00e9en des femmes innovatrices 2025 - Bobea<\/title>\n<meta name=\"robots\" content=\"index, follow, max-snippet:-1, max-image-preview:large, max-video-preview:-1\" \/>\n<link rel=\"canonical\" href=\"https:\/\/bobea.net\/index.php\/2025\/02\/24\/le-prix-europeen-des-femmes-innovatrices-2025\/\" \/>\n<meta property=\"og:locale\" content=\"fr_FR\" \/>\n<meta property=\"og:type\" content=\"article\" \/>\n<meta property=\"og:title\" content=\"Le Prix europ\u00e9en des femmes innovatrices 2025 - Bobea\" \/>\n<meta property=\"og:description\" content=\"Le Prix europ\u00e9en des femmes inno\u00adva\u00adtri\u00adces 2025 s\u2019an\u00adnonce comme un trem\u00adplin excep\u00adtion\u00adnel pour l\u2019en\u00adtre\u00adpre\u00adneuri\u00adat f\u00e9minin en Europe. Cette pres\u00adtigieuse r\u00e9com\u00adpense, lanc\u00e9e par la Com\u00admis\u00adsion europ\u00e9enne, vise \u00e0 met\u00adtre en lumi\u00e8re&hellip;\" \/>\n<meta property=\"og:url\" content=\"https:\/\/bobea.net\/index.php\/2025\/02\/24\/le-prix-europeen-des-femmes-innovatrices-2025\/\" \/>\n<meta property=\"og:site_name\" content=\"Bobea\" \/>\n<meta property=\"article:publisher\" content=\"https:\/\/web.facebook.com\/profile.php?id=61559252188416\" \/>\n<meta property=\"article:published_time\" content=\"2025-02-24T11:33:19+00:00\" \/>\n<meta property=\"article:modified_time\" content=\"2025-02-24T11:33:20+00:00\" \/>\n<meta property=\"og:image\" content=\"https:\/\/bobea.net\/wp-content\/uploads\/2025\/02\/women-innovators.png\" \/>\n\t<meta property=\"og:image:width\" content=\"1200\" \/>\n\t<meta property=\"og:image:height\" content=\"627\" \/>\n\t<meta property=\"og:image:type\" content=\"image\/png\" \/>\n<meta name=\"author\" content=\"bobea.info\" \/>\n<meta name=\"twitter:card\" content=\"summary_large_image\" \/>\n<meta name=\"twitter:label1\" content=\"\u00c9crit par\" \/>\n\t<meta name=\"twitter:data1\" content=\"bobea.info\" \/>\n\t<meta name=\"twitter:label2\" content=\"Dur\u00e9e de lecture estim\u00e9e\" \/>\n\t<meta name=\"twitter:data2\" content=\"3 minutes\" \/>\n<script type=\"application\/ld+json\" class=\"yoast-schema-graph\">{\"@context\":\"https:\/\/schema.org\",\"@graph\":[{\"@type\":\"Article\",\"@id\":\"https:\/\/bobea.net\/index.php\/2025\/02\/24\/le-prix-europeen-des-femmes-innovatrices-2025\/#article\",\"isPartOf\":{\"@id\":\"https:\/\/bobea.net\/index.php\/2025\/02\/24\/le-prix-europeen-des-femmes-innovatrices-2025\/\"},\"author\":{\"name\":\"bobea.info\",\"@id\":\"https:\/\/bobea.net\/#\/schema\/person\/e7f45ef187918d7c956bf619dce90ccf\"},\"headline\":\"Le Prix europ\u00e9en des femmes innovatrices 2025\",\"datePublished\":\"2025-02-24T11:33:19+00:00\",\"dateModified\":\"2025-02-24T11:33:20+00:00\",\"mainEntityOfPage\":{\"@id\":\"https:\/\/bobea.net\/index.php\/2025\/02\/24\/le-prix-europeen-des-femmes-innovatrices-2025\/\"},\"wordCount\":406,\"commentCount\":0,\"publisher\":{\"@id\":\"https:\/\/bobea.net\/#organization\"},\"image\":{\"@id\":\"https:\/\/bobea.net\/index.php\/2025\/02\/24\/le-prix-europeen-des-femmes-innovatrices-2025\/#primaryimage\"},\"thumbnailUrl\":\"https:\/\/bobea.net\/wp-content\/uploads\/2025\/02\/women-innovators.png\",\"articleSection\":[\"On en Parle\"],\"inLanguage\":\"fr-FR\",\"potentialAction\":[{\"@type\":\"CommentAction\",\"name\":\"Comment\",\"target\":[\"https:\/\/bobea.net\/index.php\/2025\/02\/24\/le-prix-europeen-des-femmes-innovatrices-2025\/#respond\"]}]},{\"@type\":\"WebPage\",\"@id\":\"https:\/\/bobea.net\/index.php\/2025\/02\/24\/le-prix-europeen-des-femmes-innovatrices-2025\/\",\"url\":\"https:\/\/bobea.net\/index.php\/2025\/02\/24\/le-prix-europeen-des-femmes-innovatrices-2025\/\",\"name\":\"Le Prix europ\u00e9en des femmes innovatrices 2025 - Bobea\",\"isPartOf\":{\"@id\":\"https:\/\/bobea.net\/#website\"},\"primaryImageOfPage\":{\"@id\":\"https:\/\/bobea.net\/index.php\/2025\/02\/24\/le-prix-europeen-des-femmes-innovatrices-2025\/#primaryimage\"},\"image\":{\"@id\":\"https:\/\/bobea.net\/index.php\/2025\/02\/24\/le-prix-europeen-des-femmes-innovatrices-2025\/#primaryimage\"},\"thumbnailUrl\":\"https:\/\/bobea.net\/wp-content\/uploads\/2025\/02\/women-innovators.png\",\"datePublished\":\"2025-02-24T11:33:19+00:00\",\"dateModified\":\"2025-02-24T11:33:20+00:00\",\"breadcrumb\":{\"@id\":\"https:\/\/bobea.net\/index.php\/2025\/02\/24\/le-prix-europeen-des-femmes-innovatrices-2025\/#breadcrumb\"},\"inLanguage\":\"fr-FR\",\"potentialAction\":[{\"@type\":\"ReadAction\",\"target\":[\"https:\/\/bobea.net\/index.php\/2025\/02\/24\/le-prix-europeen-des-femmes-innovatrices-2025\/\"]}]},{\"@type\":\"ImageObject\",\"inLanguage\":\"fr-FR\",\"@id\":\"https:\/\/bobea.net\/index.php\/2025\/02\/24\/le-prix-europeen-des-femmes-innovatrices-2025\/#primaryimage\",\"url\":\"https:\/\/bobea.net\/wp-content\/uploads\/2025\/02\/women-innovators.png\",\"contentUrl\":\"https:\/\/bobea.net\/wp-content\/uploads\/2025\/02\/women-innovators.png\",\"width\":1200,\"height\":627,\"caption\":\"Le Prix europ\u00e9en des femmes innovatrices 2025\"},{\"@type\":\"BreadcrumbList\",\"@id\":\"https:\/\/bobea.net\/index.php\/2025\/02\/24\/le-prix-europeen-des-femmes-innovatrices-2025\/#breadcrumb\",\"itemListElement\":[{\"@type\":\"ListItem\",\"position\":1,\"name\":\"Accueil\",\"item\":\"https:\/\/bobea.net\/\"},{\"@type\":\"ListItem\",\"position\":2,\"name\":\"Le Prix europ\u00e9en des femmes innovatrices 2025\"}]},{\"@type\":\"WebSite\",\"@id\":\"https:\/\/bobea.net\/#website\",\"url\":\"https:\/\/bobea.net\/\",\"name\":\"Bobea\",\"description\":\"Le magazine de la nouvelle \u00c8ve\",\"publisher\":{\"@id\":\"https:\/\/bobea.net\/#organization\"},\"potentialAction\":[{\"@type\":\"SearchAction\",\"target\":{\"@type\":\"EntryPoint\",\"urlTemplate\":\"https:\/\/bobea.net\/?s={search_term_string}\"},\"query-input\":{\"@type\":\"PropertyValueSpecification\",\"valueRequired\":true,\"valueName\":\"search_term_string\"}}],\"inLanguage\":\"fr-FR\"},{\"@type\":\"Organization\",\"@id\":\"https:\/\/bobea.net\/#organization\",\"name\":\"Bobea\",\"url\":\"https:\/\/bobea.net\/\",\"logo\":{\"@type\":\"ImageObject\",\"inLanguage\":\"fr-FR\",\"@id\":\"https:\/\/bobea.net\/#\/schema\/logo\/image\/\",\"url\":\"https:\/\/bobea.net\/wp-content\/uploads\/2024\/06\/bobea.jpg\",\"contentUrl\":\"https:\/\/bobea.net\/wp-content\/uploads\/2024\/06\/bobea.jpg\",\"width\":1080,\"height\":1080,\"caption\":\"Bobea\"},\"image\":{\"@id\":\"https:\/\/bobea.net\/#\/schema\/logo\/image\/\"},\"sameAs\":[\"https:\/\/web.facebook.com\/profile.php?id=61559252188416\"]},{\"@type\":\"Person\",\"@id\":\"https:\/\/bobea.net\/#\/schema\/person\/e7f45ef187918d7c956bf619dce90ccf\",\"name\":\"bobea.info\",\"image\":{\"@type\":\"ImageObject\",\"inLanguage\":\"fr-FR\",\"@id\":\"https:\/\/bobea.net\/#\/schema\/person\/image\/\",\"url\":\"https:\/\/secure.gravatar.com\/avatar\/36147980349df887ae30808df3e29474?s=96&d=mm&r=g\",\"contentUrl\":\"https:\/\/secure.gravatar.com\/avatar\/36147980349df887ae30808df3e29474?s=96&d=mm&r=g\",\"caption\":\"bobea.info\"},\"sameAs\":[\"https:\/\/bobea.net\"],\"url\":\"https:\/\/bobea.net\/index.php\/author\/bobea-info\/\"}]}<\/script>\n<!-- \/ Yoast SEO plugin. -->","yoast_head_json":{"title":"Le Prix europ\u00e9en des femmes innovatrices 2025 - Bobea","robots":{"index":"index","follow":"follow","max-snippet":"max-snippet:-1","max-image-preview":"max-image-preview:large","max-video-preview":"max-video-preview:-1"},"canonical":"https:\/\/bobea.net\/index.php\/2025\/02\/24\/le-prix-europeen-des-femmes-innovatrices-2025\/","og_locale":"fr_FR","og_type":"article","og_title":"Le Prix europ\u00e9en des femmes innovatrices 2025 - Bobea","og_description":"Le Prix europ\u00e9en des femmes inno\u00adva\u00adtri\u00adces 2025 s\u2019an\u00adnonce comme un trem\u00adplin excep\u00adtion\u00adnel pour l\u2019en\u00adtre\u00adpre\u00adneuri\u00adat f\u00e9minin en Europe. Cette pres\u00adtigieuse r\u00e9com\u00adpense, lanc\u00e9e par la Com\u00admis\u00adsion europ\u00e9enne, vise \u00e0 met\u00adtre en lumi\u00e8re&hellip;","og_url":"https:\/\/bobea.net\/index.php\/2025\/02\/24\/le-prix-europeen-des-femmes-innovatrices-2025\/","og_site_name":"Bobea","article_publisher":"https:\/\/web.facebook.com\/profile.php?id=61559252188416","article_published_time":"2025-02-24T11:33:19+00:00","article_modified_time":"2025-02-24T11:33:20+00:00","og_image":[{"width":1200,"height":627,"url":"https:\/\/bobea.net\/wp-content\/uploads\/2025\/02\/women-innovators.png","type":"image\/png"}],"author":"bobea.info","twitter_card":"summary_large_image","twitter_misc":{"\u00c9crit par":"bobea.info","Dur\u00e9e de lecture estim\u00e9e":"3 minutes"},"schema":{"@context":"https:\/\/schema.org","@graph":[{"@type":"Article","@id":"https:\/\/bobea.net\/index.php\/2025\/02\/24\/le-prix-europeen-des-femmes-innovatrices-2025\/#article","isPartOf":{"@id":"https:\/\/bobea.net\/index.php\/2025\/02\/24\/le-prix-europeen-des-femmes-innovatrices-2025\/"},"author":{"name":"bobea.info","@id":"https:\/\/bobea.net\/#\/schema\/person\/e7f45ef187918d7c956bf619dce90ccf"},"headline":"Le Prix europ\u00e9en des femmes innovatrices 2025","datePublished":"2025-02-24T11:33:19+00:00","dateModified":"2025-02-24T11:33:20+00:00","mainEntityOfPage":{"@id":"https:\/\/bobea.net\/index.php\/2025\/02\/24\/le-prix-europeen-des-femmes-innovatrices-2025\/"},"wordCount":406,"commentCount":0,"publisher":{"@id":"https:\/\/bobea.net\/#organization"},"image":{"@id":"https:\/\/bobea.net\/index.php\/2025\/02\/24\/le-prix-europeen-des-femmes-innovatrices-2025\/#primaryimage"},"thumbnailUrl":"https:\/\/bobea.net\/wp-content\/uploads\/2025\/02\/women-innovators.png","articleSection":["On en Parle"],"inLanguage":"fr-FR","potentialAction":[{"@type":"CommentAction","name":"Comment","target":["https:\/\/bobea.net\/index.php\/2025\/02\/24\/le-prix-europeen-des-femmes-innovatrices-2025\/#respond"]}]},{"@type":"WebPage","@id":"https:\/\/bobea.net\/index.php\/2025\/02\/24\/le-prix-europeen-des-femmes-innovatrices-2025\/","url":"https:\/\/bobea.net\/index.php\/2025\/02\/24\/le-prix-europeen-des-femmes-innovatrices-2025\/","name":"Le Prix europ\u00e9en des femmes innovatrices 2025 - Bobea","isPartOf":{"@id":"https:\/\/bobea.net\/#website"},"primaryImageOfPage":{"@id":"https:\/\/bobea.net\/index.php\/2025\/02\/24\/le-prix-europeen-des-femmes-innovatrices-2025\/#primaryimage"},"image":{"@id":"https:\/\/bobea.net\/index.php\/2025\/02\/24\/le-prix-europeen-des-femmes-innovatrices-2025\/#primaryimage"},"thumbnailUrl":"https:\/\/bobea.net\/wp-content\/uploads\/2025\/02\/women-innovators.png","datePublished":"2025-02-24T11:33:19+00:00","dateModified":"2025-02-24T11:33:20+00:00","breadcrumb":{"@id":"https:\/\/bobea.net\/index.php\/2025\/02\/24\/le-prix-europeen-des-femmes-innovatrices-2025\/#breadcrumb"},"inLanguage":"fr-FR","potentialAction":[{"@type":"ReadAction","target":["https:\/\/bobea.net\/index.php\/2025\/02\/24\/le-prix-europeen-des-femmes-innovatrices-2025\/"]}]},{"@type":"ImageObject","inLanguage":"fr-FR","@id":"https:\/\/bobea.net\/index.php\/2025\/02\/24\/le-prix-europeen-des-femmes-innovatrices-2025\/#primaryimage","url":"https:\/\/bobea.net\/wp-content\/uploads\/2025\/02\/women-innovators.png","contentUrl":"https:\/\/bobea.net\/wp-content\/uploads\/2025\/02\/women-innovators.png","width":1200,"height":627,"caption":"Le Prix europ\u00e9en des femmes innovatrices 2025"},{"@type":"BreadcrumbList","@id":"https:\/\/bobea.net\/index.php\/2025\/02\/24\/le-prix-europeen-des-femmes-innovatrices-2025\/#breadcrumb","itemListElement":[{"@type":"ListItem","position":1,"name":"Accueil","item":"https:\/\/bobea.net\/"},{"@type":"ListItem","position":2,"name":"Le Prix europ\u00e9en des femmes innovatrices 2025"}]},{"@type":"WebSite","@id":"https:\/\/bobea.net\/#website","url":"https:\/\/bobea.net\/","name":"Bobea","description":"Le magazine de la nouvelle \u00c8ve","publisher":{"@id":"https:\/\/bobea.net\/#organization"},"potentialAction":[{"@type":"SearchAction","target":{"@type":"EntryPoint","urlTemplate":"https:\/\/bobea.net\/?s={search_term_string}"},"query-input":{"@type":"PropertyValueSpecification","valueRequired":true,"valueName":"search_term_string"}}],"inLanguage":"fr-FR"},{"@type":"Organization","@id":"https:\/\/bobea.net\/#organization","name":"Bobea","url":"https:\/\/bobea.net\/","logo":{"@type":"ImageObject","inLanguage":"fr-FR","@id":"https:\/\/bobea.net\/#\/schema\/logo\/image\/","url":"https:\/\/bobea.net\/wp-content\/uploads\/2024\/06\/bobea.jpg","contentUrl":"https:\/\/bobea.net\/wp-content\/uploads\/2024\/06\/bobea.jpg","width":1080,"height":1080,"caption":"Bobea"},"image":{"@id":"https:\/\/bobea.net\/#\/schema\/logo\/image\/"},"sameAs":["https:\/\/web.facebook.com\/profile.php?id=61559252188416"]},{"@type":"Person","@id":"https:\/\/bobea.net\/#\/schema\/person\/e7f45ef187918d7c956bf619dce90ccf","name":"bobea.info","image":{"@type":"ImageObject","inLanguage":"fr-FR","@id":"https:\/\/bobea.net\/#\/schema\/person\/image\/","url":"https:\/\/secure.gravatar.com\/avatar\/36147980349df887ae30808df3e29474?s=96&d=mm&r=g","contentUrl":"https:\/\/secure.gravatar.com\/avatar\/36147980349df887ae30808df3e29474?s=96&d=mm&r=g","caption":"bobea.info"},"sameAs":["https:\/\/bobea.net"],"url":"https:\/\/bobea.net\/index.php\/author\/bobea-info\/"}]}},"_links":{"self":[{"href":"https:\/\/bobea.net\/index.php\/wp-json\/wp\/v2\/posts\/9995"}],"collection":[{"href":"https:\/\/bobea.net\/index.php\/wp-json\/wp\/v2\/posts"}],"about":[{"href":"https:\/\/bobea.net\/index.php\/wp-json\/wp\/v2\/types\/post"}],"author":[{"embeddable":true,"href":"https:\/\/bobea.net\/index.php\/wp-json\/wp\/v2\/users\/1"}],"replies":[{"embeddable":true,"href":"https:\/\/bobea.net\/index.php\/wp-json\/wp\/v2\/comments?post=9995"}],"version-history":[{"count":0,"href":"https:\/\/bobea.net\/index.php\/wp-json\/wp\/v2\/posts\/9995\/revisions"}],"wp:featuredmedia":[{"embeddable":true,"href":"https:\/\/bobea.net\/index.php\/wp-json\/wp\/v2\/media\/9996"}],"wp:attachment":[{"href":"https:\/\/bobea.net\/index.php\/wp-json\/wp\/v2\/media?parent=9995"}],"wp:term":[{"taxonomy":"category","embeddable":true,"href":"https:\/\/bobea.net\/index.php\/wp-json\/wp\/v2\/categories?post=9995"},{"taxonomy":"post_tag","embeddable":true,"href":"https:\/\/bobea.net\/index.php\/wp-json\/wp\/v2\/tags?post=9995"}],"curies":[{"name":"wp","href":"https:\/\/api.w.org\/{rel}","templated":true}]}}