{"id":9813,"date":"2025-02-21T12:28:40","date_gmt":"2025-02-21T12:28:40","guid":{"rendered":"https:\/\/bobea.net\/?p=9813"},"modified":"2025-02-21T12:28:42","modified_gmt":"2025-02-21T12:28:42","slug":"cosmetiques-adaptes-au-cycle-menstruel-la-nouvelle-tendance-beaute","status":"publish","type":"post","link":"https:\/\/bobea.net\/index.php\/2025\/02\/21\/cosmetiques-adaptes-au-cycle-menstruel-la-nouvelle-tendance-beaute\/","title":{"rendered":"Cosm\u00e9tiques adapt\u00e9s au cycle menstruel : la nouvelle tendance beaut\u00e9"},"content":{"rendered":"\n<p>En 2025, la beaut\u00e9 se r\u00e9in\u00advente avec l\u2019\u00e9mer\u00adgence de cos\u00adm\u00e9\u00adtiques sp\u00e9\u00adci\u00adfique\u00adment con\u00e7us pour s\u2019adapter aux fluc\u00adtu\u00ada\u00adtions hor\u00admonales du cycle men\u00adstru\u00adel. Cette ten\u00addance nova\u00adtrice r\u00e9pond \u00e0 une demande crois\u00adsante pour des pro\u00adduits qui pren\u00adnent en compte les besoins uniques des femmes tout au long du mois.<\/p>\n\n\n\n<p><strong>Com\u00adpren\u00addre l\u2019im\u00adpact du cycle men\u00adstru\u00adel sur la peau<\/strong><\/p>\n\n\n\n<p>Les vari\u00ada\u00adtions hor\u00admonales durant le cycle men\u00adstru\u00adel peu\u00advent provo\u00adquer divers change\u00adments cutan\u00e9s :<\/p>\n\n\n\n<ul class=\"wp-block-list\">\n<li><strong>Phase fol\u00adlic\u00adu\u00adlaire (jours 1\u201314)<\/strong>&nbsp;: La peau est g\u00e9n\u00e9rale\u00adment plus lumineuse et hydrat\u00e9e gr\u00e2ce \u00e0 l\u2019aug\u00admen\u00adta\u00adtion des \u0153strog\u00e8nes.<\/li>\n\n\n\n<li><strong>Ovu\u00adla\u00adtion (jour 14)<\/strong>&nbsp;: Un pic hor\u00admon\u00adal peut entra\u00een\u00ader une l\u00e9g\u00e8re am\u00e9lio\u00adra\u00adtion de l\u2019\u00e9las\u00adtic\u00adit\u00e9 cutan\u00e9e.<\/li>\n\n\n\n<li><strong>Phase lut\u00e9ale (jours 15\u201328)<\/strong>&nbsp;: La prog\u00adest\u00e9rone aug\u00admente, ce qui peut provo\u00adquer des imper\u00adfec\u00adtions et une peau plus grasse.<\/li>\n<\/ul>\n\n\n\n<p><strong>Les cos\u00adm\u00e9\u00adtiques adap\u00adt\u00e9s<\/strong><\/p>\n\n\n\n<p>Des mar\u00adques inno\u00advantes com\u00admen\u00adcent \u00e0 pro\u00adpos\u00ader des gammes de pro\u00adduits align\u00e9es sur ces cycles :<\/p>\n\n\n\n<ol start=\"1\" class=\"wp-block-list\">\n<li><strong>S\u00e9rums hydratants pour la phase fol\u00adlic\u00adu\u00adlaire<\/strong>&nbsp;: Enrichis en acide hyaluronique et vit\u00ada\u00admines C pour stim\u00aduler l\u2019\u00e9\u00adclat.<\/li>\n\n\n\n<li><strong>Masques puri\u00adfi\u00adants pour la phase lut\u00e9ale<\/strong>&nbsp;: For\u00admul\u00e9s avec de l\u2019argile et des extraits de th\u00e9 vert pour r\u00e9guler l\u2019ex\u00adc\u00e8s de s\u00e9bum.<\/li>\n\n\n\n<li><strong>Cr\u00e8mes apaisantes pen\u00addant les r\u00e8gles<\/strong>&nbsp;: Con\u00adtenant des ingr\u00e9\u00addi\u00adents anti-inflam\u00adma\u00adtoires comme l\u2019aloe vera pour calmer les irri\u00adta\u00adtions.<\/li>\n<\/ol>\n\n\n\n<p><strong>T\u00e9moignages d\u2019u\u00adtil\u00adisatri\u00adces<\/strong><\/p>\n\n\n\n<p>De nom\u00adbreuses femmes t\u00e9moignent des bien\u00adfaits de ces cos\u00adm\u00e9\u00adtiques adap\u00adt\u00e9s \u00e0 leur cycle. \u201cUtilis\u00ader un masque puri\u00adfi\u00adant pen\u00addant ma phase lut\u00e9ale a vrai\u00adment aid\u00e9 ma peau \u00e0 se sta\u00adbilis\u00ader\u201d, explique Clara, 28 ans.<\/p>\n\n\n\n<figure class=\"wp-block-image size-large\"><img loading=\"lazy\" decoding=\"async\" width=\"1024\" height=\"576\" src=\"https:\/\/bobea.net\/wp-content\/uploads\/2025\/02\/Comment_adapter_sa_routine_beaute_a_son_cycle_menstruel_2-1024x576.webp\" alt class=\"wp-image-9815\" srcset=\"https:\/\/bobea.net\/wp-content\/uploads\/2025\/02\/Comment_adapter_sa_routine_beaute_a_son_cycle_menstruel_2-1024x576.webp 1024w, https:\/\/bobea.net\/wp-content\/uploads\/2025\/02\/Comment_adapter_sa_routine_beaute_a_son_cycle_menstruel_2-300x169.webp 300w, https:\/\/bobea.net\/wp-content\/uploads\/2025\/02\/Comment_adapter_sa_routine_beaute_a_son_cycle_menstruel_2-768x432.webp 768w, https:\/\/bobea.net\/wp-content\/uploads\/2025\/02\/Comment_adapter_sa_routine_beaute_a_son_cycle_menstruel_2-1536x864.webp 1536w, https:\/\/bobea.net\/wp-content\/uploads\/2025\/02\/Comment_adapter_sa_routine_beaute_a_son_cycle_menstruel_2.webp 1920w\" sizes=\"(max-width: 1024px) 100vw, 1024px\"><\/figure>\n\n\n\n<p><strong>Con\u00adseils pra\u00adtiques pour int\u00e9\u00adgr\u00ader cette ten\u00addance<\/strong><\/p>\n\n\n\n<ol start=\"1\" class=\"wp-block-list\">\n<li><strong>\u00c9coutez votre peau<\/strong>&nbsp;: Prenez note des change\u00adments cutan\u00e9s durant votre cycle afin d\u2019adapter vos soins.<\/li>\n\n\n\n<li><strong>Choi\u00adsis\u00adsez des pro\u00adduits naturels<\/strong>&nbsp;: Optez pour des for\u00admu\u00adla\u00adtions sans parab\u00e8nes ni sul\u00adfates qui respectent votre micro\u00adbio\u00adme cutan\u00e9.<\/li>\n\n\n\n<li><strong>Hydratez-vous r\u00e9guli\u00e8re\u00adment<\/strong>&nbsp;: L\u2019hy\u00addrata\u00adtion interne est essen\u00adtielle pour main\u00adtenir une peau saine tout au long du mois.<\/li>\n<\/ol>\n\n\n\n<p><strong>Con\u00adclu\u00adsion<\/strong><\/p>\n\n\n\n<p>Les cos\u00adm\u00e9\u00adtiques adap\u00adt\u00e9s au cycle men\u00adstru\u00adel repr\u00e9sen\u00adtent une avanc\u00e9e sig\u00adni\u00adfica\u00adtive vers une approche plus holis\u00adtique de la beaut\u00e9 f\u00e9mi\u00adnine. En ten\u00adant compte des besoins sp\u00e9\u00adci\u00adfiques li\u00e9s aux fluc\u00adtu\u00ada\u00adtions hor\u00admonales, ces pro\u00adduits per\u00adme\u00adt\u00adtent aux femmes non seule\u00adment d\u2019am\u00e9lior\u00ader leur rou\u00adtine beaut\u00e9 mais aus\u00adsi d\u2019ac\u00adcepter leur corps tel qu\u2019il est.<\/p>\n","protected":false},"excerpt":{"rendered":"<p>En 2025, la beaut\u00e9 se r\u00e9in\u00advente avec l\u2019\u00e9mer\u00adgence de cos\u00adm\u00e9\u00adtiques sp\u00e9\u00adci\u00adfique\u00adment con\u00e7us pour s\u2019adapter aux fluc\u00adtu\u00ada\u00adtions hor\u00admonales du cycle men\u00adstru\u00adel. Cette ten\u00addance nova\u00adtrice r\u00e9pond \u00e0 une demande crois\u00adsante pour des\u2026 <\/p>\n","protected":false},"author":1,"featured_media":9814,"comment_status":"open","ping_status":"open","sticky":false,"template":"","format":"standard","meta":{"wp_typography_post_enhancements_disabled":false,"footnotes":""},"categories":[51],"tags":[],"class_list":["post-9813","post","type-post","status-publish","format-standard","has-post-thumbnail","hentry","category-beaute"],"yoast_head":"<!-- This site is optimized with the Yoast SEO plugin v24.7 - https:\/\/yoast.com\/wordpress\/plugins\/seo\/ -->\n<title>Cosm\u00e9tiques adapt\u00e9s au cycle menstruel : la nouvelle tendance beaut\u00e9 - Bobea<\/title>\n<meta name=\"robots\" content=\"index, follow, max-snippet:-1, max-image-preview:large, max-video-preview:-1\" \/>\n<link rel=\"canonical\" href=\"https:\/\/bobea.net\/index.php\/2025\/02\/21\/cosmetiques-adaptes-au-cycle-menstruel-la-nouvelle-tendance-beaute\/\" \/>\n<meta property=\"og:locale\" content=\"fr_FR\" \/>\n<meta property=\"og:type\" content=\"article\" \/>\n<meta property=\"og:title\" content=\"Cosm\u00e9tiques adapt\u00e9s au cycle menstruel : la nouvelle tendance beaut\u00e9 - Bobea\" \/>\n<meta property=\"og:description\" content=\"En 2025, la beaut\u00e9 se r\u00e9in\u00advente avec l\u2019\u00e9mer\u00adgence de cos\u00adm\u00e9\u00adtiques sp\u00e9\u00adci\u00adfique\u00adment con\u00e7us pour s\u2019adapter aux fluc\u00adtu\u00ada\u00adtions hor\u00admonales du cycle men\u00adstru\u00adel. Cette ten\u00addance nova\u00adtrice r\u00e9pond \u00e0 une demande crois\u00adsante pour des&hellip;\" \/>\n<meta property=\"og:url\" content=\"https:\/\/bobea.net\/index.php\/2025\/02\/21\/cosmetiques-adaptes-au-cycle-menstruel-la-nouvelle-tendance-beaute\/\" \/>\n<meta property=\"og:site_name\" content=\"Bobea\" \/>\n<meta property=\"article:publisher\" content=\"https:\/\/web.facebook.com\/profile.php?id=61559252188416\" \/>\n<meta property=\"article:published_time\" content=\"2025-02-21T12:28:40+00:00\" \/>\n<meta property=\"article:modified_time\" content=\"2025-02-21T12:28:42+00:00\" \/>\n<meta property=\"og:image\" content=\"https:\/\/bobea.net\/wp-content\/uploads\/2025\/02\/Comment_adapter_sa_routine_beaute_a_son_cycle_menstruel.webp\" \/>\n\t<meta property=\"og:image:width\" content=\"1920\" \/>\n\t<meta property=\"og:image:height\" content=\"1080\" \/>\n\t<meta property=\"og:image:type\" content=\"image\/webp\" \/>\n<meta name=\"author\" content=\"bobea.info\" \/>\n<meta name=\"twitter:card\" content=\"summary_large_image\" \/>\n<meta name=\"twitter:label1\" content=\"\u00c9crit par\" \/>\n\t<meta name=\"twitter:data1\" content=\"bobea.info\" \/>\n\t<meta name=\"twitter:label2\" content=\"Dur\u00e9e de lecture estim\u00e9e\" \/>\n\t<meta name=\"twitter:data2\" content=\"3 minutes\" \/>\n<script type=\"application\/ld+json\" class=\"yoast-schema-graph\">{\"@context\":\"https:\/\/schema.org\",\"@graph\":[{\"@type\":\"Article\",\"@id\":\"https:\/\/bobea.net\/index.php\/2025\/02\/21\/cosmetiques-adaptes-au-cycle-menstruel-la-nouvelle-tendance-beaute\/#article\",\"isPartOf\":{\"@id\":\"https:\/\/bobea.net\/index.php\/2025\/02\/21\/cosmetiques-adaptes-au-cycle-menstruel-la-nouvelle-tendance-beaute\/\"},\"author\":{\"name\":\"bobea.info\",\"@id\":\"https:\/\/bobea.net\/#\/schema\/person\/e7f45ef187918d7c956bf619dce90ccf\"},\"headline\":\"Cosm\u00e9tiques adapt\u00e9s au cycle menstruel : la nouvelle tendance beaut\u00e9\",\"datePublished\":\"2025-02-21T12:28:40+00:00\",\"dateModified\":\"2025-02-21T12:28:42+00:00\",\"mainEntityOfPage\":{\"@id\":\"https:\/\/bobea.net\/index.php\/2025\/02\/21\/cosmetiques-adaptes-au-cycle-menstruel-la-nouvelle-tendance-beaute\/\"},\"wordCount\":388,\"commentCount\":0,\"publisher\":{\"@id\":\"https:\/\/bobea.net\/#organization\"},\"image\":{\"@id\":\"https:\/\/bobea.net\/index.php\/2025\/02\/21\/cosmetiques-adaptes-au-cycle-menstruel-la-nouvelle-tendance-beaute\/#primaryimage\"},\"thumbnailUrl\":\"https:\/\/bobea.net\/wp-content\/uploads\/2025\/02\/Comment_adapter_sa_routine_beaute_a_son_cycle_menstruel.webp\",\"articleSection\":[\"Beaut\u00e9\"],\"inLanguage\":\"fr-FR\",\"potentialAction\":[{\"@type\":\"CommentAction\",\"name\":\"Comment\",\"target\":[\"https:\/\/bobea.net\/index.php\/2025\/02\/21\/cosmetiques-adaptes-au-cycle-menstruel-la-nouvelle-tendance-beaute\/#respond\"]}]},{\"@type\":\"WebPage\",\"@id\":\"https:\/\/bobea.net\/index.php\/2025\/02\/21\/cosmetiques-adaptes-au-cycle-menstruel-la-nouvelle-tendance-beaute\/\",\"url\":\"https:\/\/bobea.net\/index.php\/2025\/02\/21\/cosmetiques-adaptes-au-cycle-menstruel-la-nouvelle-tendance-beaute\/\",\"name\":\"Cosm\u00e9tiques adapt\u00e9s au cycle menstruel : la nouvelle tendance beaut\u00e9 - Bobea\",\"isPartOf\":{\"@id\":\"https:\/\/bobea.net\/#website\"},\"primaryImageOfPage\":{\"@id\":\"https:\/\/bobea.net\/index.php\/2025\/02\/21\/cosmetiques-adaptes-au-cycle-menstruel-la-nouvelle-tendance-beaute\/#primaryimage\"},\"image\":{\"@id\":\"https:\/\/bobea.net\/index.php\/2025\/02\/21\/cosmetiques-adaptes-au-cycle-menstruel-la-nouvelle-tendance-beaute\/#primaryimage\"},\"thumbnailUrl\":\"https:\/\/bobea.net\/wp-content\/uploads\/2025\/02\/Comment_adapter_sa_routine_beaute_a_son_cycle_menstruel.webp\",\"datePublished\":\"2025-02-21T12:28:40+00:00\",\"dateModified\":\"2025-02-21T12:28:42+00:00\",\"breadcrumb\":{\"@id\":\"https:\/\/bobea.net\/index.php\/2025\/02\/21\/cosmetiques-adaptes-au-cycle-menstruel-la-nouvelle-tendance-beaute\/#breadcrumb\"},\"inLanguage\":\"fr-FR\",\"potentialAction\":[{\"@type\":\"ReadAction\",\"target\":[\"https:\/\/bobea.net\/index.php\/2025\/02\/21\/cosmetiques-adaptes-au-cycle-menstruel-la-nouvelle-tendance-beaute\/\"]}]},{\"@type\":\"ImageObject\",\"inLanguage\":\"fr-FR\",\"@id\":\"https:\/\/bobea.net\/index.php\/2025\/02\/21\/cosmetiques-adaptes-au-cycle-menstruel-la-nouvelle-tendance-beaute\/#primaryimage\",\"url\":\"https:\/\/bobea.net\/wp-content\/uploads\/2025\/02\/Comment_adapter_sa_routine_beaute_a_son_cycle_menstruel.webp\",\"contentUrl\":\"https:\/\/bobea.net\/wp-content\/uploads\/2025\/02\/Comment_adapter_sa_routine_beaute_a_son_cycle_menstruel.webp\",\"width\":1920,\"height\":1080},{\"@type\":\"BreadcrumbList\",\"@id\":\"https:\/\/bobea.net\/index.php\/2025\/02\/21\/cosmetiques-adaptes-au-cycle-menstruel-la-nouvelle-tendance-beaute\/#breadcrumb\",\"itemListElement\":[{\"@type\":\"ListItem\",\"position\":1,\"name\":\"Accueil\",\"item\":\"https:\/\/bobea.net\/\"},{\"@type\":\"ListItem\",\"position\":2,\"name\":\"Cosm\u00e9tiques adapt\u00e9s au cycle menstruel : la nouvelle tendance beaut\u00e9\"}]},{\"@type\":\"WebSite\",\"@id\":\"https:\/\/bobea.net\/#website\",\"url\":\"https:\/\/bobea.net\/\",\"name\":\"Bobea\",\"description\":\"Le magazine de la nouvelle \u00c8ve\",\"publisher\":{\"@id\":\"https:\/\/bobea.net\/#organization\"},\"potentialAction\":[{\"@type\":\"SearchAction\",\"target\":{\"@type\":\"EntryPoint\",\"urlTemplate\":\"https:\/\/bobea.net\/?s={search_term_string}\"},\"query-input\":{\"@type\":\"PropertyValueSpecification\",\"valueRequired\":true,\"valueName\":\"search_term_string\"}}],\"inLanguage\":\"fr-FR\"},{\"@type\":\"Organization\",\"@id\":\"https:\/\/bobea.net\/#organization\",\"name\":\"Bobea\",\"url\":\"https:\/\/bobea.net\/\",\"logo\":{\"@type\":\"ImageObject\",\"inLanguage\":\"fr-FR\",\"@id\":\"https:\/\/bobea.net\/#\/schema\/logo\/image\/\",\"url\":\"https:\/\/bobea.net\/wp-content\/uploads\/2024\/06\/bobea.jpg\",\"contentUrl\":\"https:\/\/bobea.net\/wp-content\/uploads\/2024\/06\/bobea.jpg\",\"width\":1080,\"height\":1080,\"caption\":\"Bobea\"},\"image\":{\"@id\":\"https:\/\/bobea.net\/#\/schema\/logo\/image\/\"},\"sameAs\":[\"https:\/\/web.facebook.com\/profile.php?id=61559252188416\"]},{\"@type\":\"Person\",\"@id\":\"https:\/\/bobea.net\/#\/schema\/person\/e7f45ef187918d7c956bf619dce90ccf\",\"name\":\"bobea.info\",\"image\":{\"@type\":\"ImageObject\",\"inLanguage\":\"fr-FR\",\"@id\":\"https:\/\/bobea.net\/#\/schema\/person\/image\/\",\"url\":\"https:\/\/secure.gravatar.com\/avatar\/36147980349df887ae30808df3e29474?s=96&d=mm&r=g\",\"contentUrl\":\"https:\/\/secure.gravatar.com\/avatar\/36147980349df887ae30808df3e29474?s=96&d=mm&r=g\",\"caption\":\"bobea.info\"},\"sameAs\":[\"https:\/\/bobea.net\"],\"url\":\"https:\/\/bobea.net\/index.php\/author\/bobea-info\/\"}]}<\/script>\n<!-- \/ Yoast SEO plugin. -->","yoast_head_json":{"title":"Cosm\u00e9tiques adapt\u00e9s au cycle menstruel : la nouvelle tendance beaut\u00e9 - Bobea","robots":{"index":"index","follow":"follow","max-snippet":"max-snippet:-1","max-image-preview":"max-image-preview:large","max-video-preview":"max-video-preview:-1"},"canonical":"https:\/\/bobea.net\/index.php\/2025\/02\/21\/cosmetiques-adaptes-au-cycle-menstruel-la-nouvelle-tendance-beaute\/","og_locale":"fr_FR","og_type":"article","og_title":"Cosm\u00e9tiques adapt\u00e9s au cycle menstruel : la nouvelle tendance beaut\u00e9 - Bobea","og_description":"En 2025, la beaut\u00e9 se r\u00e9in\u00advente avec l\u2019\u00e9mer\u00adgence de cos\u00adm\u00e9\u00adtiques sp\u00e9\u00adci\u00adfique\u00adment con\u00e7us pour s\u2019adapter aux fluc\u00adtu\u00ada\u00adtions hor\u00admonales du cycle men\u00adstru\u00adel. Cette ten\u00addance nova\u00adtrice r\u00e9pond \u00e0 une demande crois\u00adsante pour des&hellip;","og_url":"https:\/\/bobea.net\/index.php\/2025\/02\/21\/cosmetiques-adaptes-au-cycle-menstruel-la-nouvelle-tendance-beaute\/","og_site_name":"Bobea","article_publisher":"https:\/\/web.facebook.com\/profile.php?id=61559252188416","article_published_time":"2025-02-21T12:28:40+00:00","article_modified_time":"2025-02-21T12:28:42+00:00","og_image":[{"width":1920,"height":1080,"url":"https:\/\/bobea.net\/wp-content\/uploads\/2025\/02\/Comment_adapter_sa_routine_beaute_a_son_cycle_menstruel.webp","type":"image\/webp"}],"author":"bobea.info","twitter_card":"summary_large_image","twitter_misc":{"\u00c9crit par":"bobea.info","Dur\u00e9e de lecture estim\u00e9e":"3 minutes"},"schema":{"@context":"https:\/\/schema.org","@graph":[{"@type":"Article","@id":"https:\/\/bobea.net\/index.php\/2025\/02\/21\/cosmetiques-adaptes-au-cycle-menstruel-la-nouvelle-tendance-beaute\/#article","isPartOf":{"@id":"https:\/\/bobea.net\/index.php\/2025\/02\/21\/cosmetiques-adaptes-au-cycle-menstruel-la-nouvelle-tendance-beaute\/"},"author":{"name":"bobea.info","@id":"https:\/\/bobea.net\/#\/schema\/person\/e7f45ef187918d7c956bf619dce90ccf"},"headline":"Cosm\u00e9tiques adapt\u00e9s au cycle menstruel : la nouvelle tendance beaut\u00e9","datePublished":"2025-02-21T12:28:40+00:00","dateModified":"2025-02-21T12:28:42+00:00","mainEntityOfPage":{"@id":"https:\/\/bobea.net\/index.php\/2025\/02\/21\/cosmetiques-adaptes-au-cycle-menstruel-la-nouvelle-tendance-beaute\/"},"wordCount":388,"commentCount":0,"publisher":{"@id":"https:\/\/bobea.net\/#organization"},"image":{"@id":"https:\/\/bobea.net\/index.php\/2025\/02\/21\/cosmetiques-adaptes-au-cycle-menstruel-la-nouvelle-tendance-beaute\/#primaryimage"},"thumbnailUrl":"https:\/\/bobea.net\/wp-content\/uploads\/2025\/02\/Comment_adapter_sa_routine_beaute_a_son_cycle_menstruel.webp","articleSection":["Beaut\u00e9"],"inLanguage":"fr-FR","potentialAction":[{"@type":"CommentAction","name":"Comment","target":["https:\/\/bobea.net\/index.php\/2025\/02\/21\/cosmetiques-adaptes-au-cycle-menstruel-la-nouvelle-tendance-beaute\/#respond"]}]},{"@type":"WebPage","@id":"https:\/\/bobea.net\/index.php\/2025\/02\/21\/cosmetiques-adaptes-au-cycle-menstruel-la-nouvelle-tendance-beaute\/","url":"https:\/\/bobea.net\/index.php\/2025\/02\/21\/cosmetiques-adaptes-au-cycle-menstruel-la-nouvelle-tendance-beaute\/","name":"Cosm\u00e9tiques adapt\u00e9s au cycle menstruel : la nouvelle tendance beaut\u00e9 - Bobea","isPartOf":{"@id":"https:\/\/bobea.net\/#website"},"primaryImageOfPage":{"@id":"https:\/\/bobea.net\/index.php\/2025\/02\/21\/cosmetiques-adaptes-au-cycle-menstruel-la-nouvelle-tendance-beaute\/#primaryimage"},"image":{"@id":"https:\/\/bobea.net\/index.php\/2025\/02\/21\/cosmetiques-adaptes-au-cycle-menstruel-la-nouvelle-tendance-beaute\/#primaryimage"},"thumbnailUrl":"https:\/\/bobea.net\/wp-content\/uploads\/2025\/02\/Comment_adapter_sa_routine_beaute_a_son_cycle_menstruel.webp","datePublished":"2025-02-21T12:28:40+00:00","dateModified":"2025-02-21T12:28:42+00:00","breadcrumb":{"@id":"https:\/\/bobea.net\/index.php\/2025\/02\/21\/cosmetiques-adaptes-au-cycle-menstruel-la-nouvelle-tendance-beaute\/#breadcrumb"},"inLanguage":"fr-FR","potentialAction":[{"@type":"ReadAction","target":["https:\/\/bobea.net\/index.php\/2025\/02\/21\/cosmetiques-adaptes-au-cycle-menstruel-la-nouvelle-tendance-beaute\/"]}]},{"@type":"ImageObject","inLanguage":"fr-FR","@id":"https:\/\/bobea.net\/index.php\/2025\/02\/21\/cosmetiques-adaptes-au-cycle-menstruel-la-nouvelle-tendance-beaute\/#primaryimage","url":"https:\/\/bobea.net\/wp-content\/uploads\/2025\/02\/Comment_adapter_sa_routine_beaute_a_son_cycle_menstruel.webp","contentUrl":"https:\/\/bobea.net\/wp-content\/uploads\/2025\/02\/Comment_adapter_sa_routine_beaute_a_son_cycle_menstruel.webp","width":1920,"height":1080},{"@type":"BreadcrumbList","@id":"https:\/\/bobea.net\/index.php\/2025\/02\/21\/cosmetiques-adaptes-au-cycle-menstruel-la-nouvelle-tendance-beaute\/#breadcrumb","itemListElement":[{"@type":"ListItem","position":1,"name":"Accueil","item":"https:\/\/bobea.net\/"},{"@type":"ListItem","position":2,"name":"Cosm\u00e9tiques adapt\u00e9s au cycle menstruel : la nouvelle tendance beaut\u00e9"}]},{"@type":"WebSite","@id":"https:\/\/bobea.net\/#website","url":"https:\/\/bobea.net\/","name":"Bobea","description":"Le magazine de la nouvelle \u00c8ve","publisher":{"@id":"https:\/\/bobea.net\/#organization"},"potentialAction":[{"@type":"SearchAction","target":{"@type":"EntryPoint","urlTemplate":"https:\/\/bobea.net\/?s={search_term_string}"},"query-input":{"@type":"PropertyValueSpecification","valueRequired":true,"valueName":"search_term_string"}}],"inLanguage":"fr-FR"},{"@type":"Organization","@id":"https:\/\/bobea.net\/#organization","name":"Bobea","url":"https:\/\/bobea.net\/","logo":{"@type":"ImageObject","inLanguage":"fr-FR","@id":"https:\/\/bobea.net\/#\/schema\/logo\/image\/","url":"https:\/\/bobea.net\/wp-content\/uploads\/2024\/06\/bobea.jpg","contentUrl":"https:\/\/bobea.net\/wp-content\/uploads\/2024\/06\/bobea.jpg","width":1080,"height":1080,"caption":"Bobea"},"image":{"@id":"https:\/\/bobea.net\/#\/schema\/logo\/image\/"},"sameAs":["https:\/\/web.facebook.com\/profile.php?id=61559252188416"]},{"@type":"Person","@id":"https:\/\/bobea.net\/#\/schema\/person\/e7f45ef187918d7c956bf619dce90ccf","name":"bobea.info","image":{"@type":"ImageObject","inLanguage":"fr-FR","@id":"https:\/\/bobea.net\/#\/schema\/person\/image\/","url":"https:\/\/secure.gravatar.com\/avatar\/36147980349df887ae30808df3e29474?s=96&d=mm&r=g","contentUrl":"https:\/\/secure.gravatar.com\/avatar\/36147980349df887ae30808df3e29474?s=96&d=mm&r=g","caption":"bobea.info"},"sameAs":["https:\/\/bobea.net"],"url":"https:\/\/bobea.net\/index.php\/author\/bobea-info\/"}]}},"_links":{"self":[{"href":"https:\/\/bobea.net\/index.php\/wp-json\/wp\/v2\/posts\/9813"}],"collection":[{"href":"https:\/\/bobea.net\/index.php\/wp-json\/wp\/v2\/posts"}],"about":[{"href":"https:\/\/bobea.net\/index.php\/wp-json\/wp\/v2\/types\/post"}],"author":[{"embeddable":true,"href":"https:\/\/bobea.net\/index.php\/wp-json\/wp\/v2\/users\/1"}],"replies":[{"embeddable":true,"href":"https:\/\/bobea.net\/index.php\/wp-json\/wp\/v2\/comments?post=9813"}],"version-history":[{"count":0,"href":"https:\/\/bobea.net\/index.php\/wp-json\/wp\/v2\/posts\/9813\/revisions"}],"wp:featuredmedia":[{"embeddable":true,"href":"https:\/\/bobea.net\/index.php\/wp-json\/wp\/v2\/media\/9814"}],"wp:attachment":[{"href":"https:\/\/bobea.net\/index.php\/wp-json\/wp\/v2\/media?parent=9813"}],"wp:term":[{"taxonomy":"category","embeddable":true,"href":"https:\/\/bobea.net\/index.php\/wp-json\/wp\/v2\/categories?post=9813"},{"taxonomy":"post_tag","embeddable":true,"href":"https:\/\/bobea.net\/index.php\/wp-json\/wp\/v2\/tags?post=9813"}],"curies":[{"name":"wp","href":"https:\/\/api.w.org\/{rel}","templated":true}]}}