{"id":9763,"date":"2025-02-21T10:09:17","date_gmt":"2025-02-21T10:09:17","guid":{"rendered":"https:\/\/bobea.net\/?p=9763"},"modified":"2025-02-21T10:09:19","modified_gmt":"2025-02-21T10:09:19","slug":"journee-internationale-des-femmes-2025-les-evenements-phares-a-ne-pas-manquer","status":"publish","type":"post","link":"https:\/\/bobea.net\/index.php\/2025\/02\/21\/journee-internationale-des-femmes-2025-les-evenements-phares-a-ne-pas-manquer\/","title":{"rendered":"Journ\u00e9e internationale des femmes 2025 : les \u00e9v\u00e9nements phares \u00e0 ne pas manquer"},"content":{"rendered":"\n<p>La Journ\u00e9e inter\u00adna\u00adtionale des femmes 2025 s\u2019an\u00adnonce comme un \u00e9v\u00e9ne\u00adment mar\u00adquant dans la lutte pour l\u2019\u00e9\u00adgal\u00adit\u00e9 des gen\u00adres. Cette ann\u00e9e, le th\u00e8me choisi par l\u2019ONU est \u201c\u00c9gal\u00adit\u00e9, Inno\u00adva\u00adtion et Tech\u00adnolo\u00adgie pour le change\u00adment\u201d. De nom\u00adbreux \u00e9v\u00e9ne\u00adments sont pr\u00e9vus \u00e0 tra\u00advers le monde pour c\u00e9l\u00e9br\u00ader les avanc\u00e9es et sen\u00adsi\u00adbilis\u00ader aux d\u00e9fis per\u00adsis\u00adtants.<\/p>\n\n\n\n<p>\u00c0 Paris, la place de la R\u00e9publique accueillera un vil\u00adlage f\u00e9min\u00adiste g\u00e9ant. Des stands d\u2019as\u00adso\u00adci\u00ada\u00adtions, des ate\u00adliers de self-d\u00e9fense, et des con\u00adf\u00e9rences sur l\u2019en\u00adtre\u00adpre\u00adneuri\u00adat f\u00e9minin sont au pro\u00adgramme. Un con\u00adcert en plein air cl\u00f4\u00adtur\u00adera la journ\u00e9e, met\u00adtant en vedette des artistes f\u00e9minines de renom\u00adm\u00e9e inter\u00adna\u00adtionale.<\/p>\n\n\n\n<p>\u00c0 New York, l\u2019ONU organ\u00adise un som\u00admet virtuel sur l\u2019\u00e9\u00adgal\u00adit\u00e9 des gen\u00adres dans le domaine de la tech\u00adnolo\u00adgie. Des lead\u00aders mon\u00addi\u00adales, des entre\u00adpre\u00adneures tech et des activistes par\u00adticiper\u00adont \u00e0 des tables ron\u00addes dif\u00adfus\u00e9es en direct sur les r\u00e9seaux soci\u00adaux. L\u2019ob\u00adjec\u00adtif est de pro\u00admou\u00advoir l\u2019in\u00adclu\u00adsion des femmes dans les secteurs de pointe et de lut\u00adter con\u00adtre les biais de genre dans l\u2019IA.<\/p>\n\n\n\n<figure class=\"wp-block-image size-full\"><img loading=\"lazy\" decoding=\"async\" width=\"1000\" height=\"667\" src=\"https:\/\/bobea.net\/wp-content\/uploads\/2025\/02\/journee-de-la-femme-entreprise-marseille-13.jpeg\" alt class=\"wp-image-9765\" srcset=\"https:\/\/bobea.net\/wp-content\/uploads\/2025\/02\/journee-de-la-femme-entreprise-marseille-13.jpeg 1000w, https:\/\/bobea.net\/wp-content\/uploads\/2025\/02\/journee-de-la-femme-entreprise-marseille-13-300x200.jpeg 300w, https:\/\/bobea.net\/wp-content\/uploads\/2025\/02\/journee-de-la-femme-entreprise-marseille-13-768x512.jpeg 768w\" sizes=\"(max-width: 1000px) 100vw, 1000px\"><\/figure>\n\n\n\n<p>\u00c0 Tokyo, un d\u00e9fil\u00e9 de mode unique met\u00adtra en lumi\u00e8re les cr\u00e9a\u00adtri\u00adces japon\u00adais\u00ades \u00e9mer\u00adgentes. L\u2019\u00e9v\u00e9ne\u00adment vise \u00e0 chal\u00adlenger les st\u00e9r\u00e9o\u00adtypes de genre dans la mode et \u00e0 pro\u00admou\u00advoir la diver\u00adsit\u00e9 cor\u00adporelle.<\/p>\n\n\n\n<p>En Inde, une cam\u00adpagne nationale de sen\u00adsi\u00adbil\u00adi\u00adsa\u00adtion \u00e0 l\u2019\u00e9\u00add\u00adu\u00adca\u00adtion des filles sera lanc\u00e9e. Des ate\u00adliers seront organ\u00adis\u00e9s dans les \u00e9coles rurales pour encour\u00adager les jeunes filles \u00e0 pour\u00adsuiv\u00adre leurs \u00e9tudes, notam\u00adment dans les domaines STEM.<\/p>\n\n\n\n<p>\u00c0 Nairo\u00adbi, un hackathon f\u00e9minin de trois jours r\u00e9u\u00adni\u00adra des d\u00e9veloppeuses de toute l\u2019Afrique. L\u2019ob\u00adjec\u00adtif est de cr\u00e9er des appli\u00adca\u00adtions mobiles r\u00e9pon\u00addant aux besoins sp\u00e9\u00adci\u00adfiques des femmes africaines.<\/p>\n\n\n\n<p>Ces \u00e9v\u00e9ne\u00adments ne sont qu\u2019un aper\u00e7u des nom\u00adbreuses ini\u00adtia\u00adtives pr\u00e9vues pour cette journ\u00e9e. Ils refl\u00e8\u00adtent la diver\u00adsit\u00e9 des enjeux et l\u2019im\u00adpor\u00adtance crois\u00adsante de la tech\u00adnolo\u00adgie dans la lutte pour l\u2019\u00e9\u00adgal\u00adit\u00e9 des gen\u00adres.<\/p>\n\n\n","protected":false},"excerpt":{"rendered":"<p>La Journ\u00e9e inter\u00adna\u00adtionale des femmes 2025 s\u2019an\u00adnonce comme un \u00e9v\u00e9ne\u00adment mar\u00adquant dans la lutte pour l\u2019\u00e9\u00adgal\u00adit\u00e9 des gen\u00adres. Cette ann\u00e9e, le th\u00e8me choisi par l\u2019ONU est \u201c\u00c9gal\u00adit\u00e9, Inno\u00adva\u00adtion et Tech\u00adnolo\u00adgie\u2026 <\/p>\n","protected":false},"author":1,"featured_media":9764,"comment_status":"open","ping_status":"open","sticky":false,"template":"","format":"standard","meta":{"wp_typography_post_enhancements_disabled":false,"footnotes":""},"categories":[53],"tags":[1268,248,9822,9823,9821],"class_list":["post-9763","post","type-post","status-publish","format-standard","has-post-thumbnail","hentry","category-viva","tag-egalite-des-genres","tag-entrepreneuriat-feminin","tag-evenements-feministes","tag-journee-internationale-des-femmes-2025","tag-technologie-et-femmes"],"yoast_head":"<!-- This site is optimized with the Yoast SEO plugin v24.7 - https:\/\/yoast.com\/wordpress\/plugins\/seo\/ -->\n<title>Journ\u00e9e internationale des femmes 2025 : les \u00e9v\u00e9nements phares \u00e0 ne pas manquer - Bobea<\/title>\n<meta name=\"robots\" content=\"index, follow, max-snippet:-1, max-image-preview:large, max-video-preview:-1\" \/>\n<link rel=\"canonical\" href=\"https:\/\/bobea.net\/index.php\/2025\/02\/21\/journee-internationale-des-femmes-2025-les-evenements-phares-a-ne-pas-manquer\/\" \/>\n<meta property=\"og:locale\" content=\"fr_FR\" \/>\n<meta property=\"og:type\" content=\"article\" \/>\n<meta property=\"og:title\" content=\"Journ\u00e9e internationale des femmes 2025 : les \u00e9v\u00e9nements phares \u00e0 ne pas manquer - Bobea\" \/>\n<meta property=\"og:description\" content=\"La Journ\u00e9e inter\u00adna\u00adtionale des femmes 2025 s\u2019an\u00adnonce comme un \u00e9v\u00e9ne\u00adment mar\u00adquant dans la lutte pour l\u2019\u00e9\u00adgal\u00adit\u00e9 des gen\u00adres. Cette ann\u00e9e, le th\u00e8me choisi par l\u2019ONU est \u201c\u00c9gal\u00adit\u00e9, Inno\u00adva\u00adtion et Tech\u00adnolo\u00adgie&hellip;\" \/>\n<meta property=\"og:url\" content=\"https:\/\/bobea.net\/index.php\/2025\/02\/21\/journee-internationale-des-femmes-2025-les-evenements-phares-a-ne-pas-manquer\/\" \/>\n<meta property=\"og:site_name\" content=\"Bobea\" \/>\n<meta property=\"article:publisher\" content=\"https:\/\/web.facebook.com\/profile.php?id=61559252188416\" \/>\n<meta property=\"article:published_time\" content=\"2025-02-21T10:09:17+00:00\" \/>\n<meta property=\"article:modified_time\" content=\"2025-02-21T10:09:19+00:00\" \/>\n<meta property=\"og:image\" content=\"https:\/\/bobea.net\/wp-content\/uploads\/2025\/02\/femmes-weka.jpg\" \/>\n\t<meta property=\"og:image:width\" content=\"900\" \/>\n\t<meta property=\"og:image:height\" content=\"600\" \/>\n\t<meta property=\"og:image:type\" content=\"image\/jpeg\" \/>\n<meta name=\"author\" content=\"bobea.info\" \/>\n<meta name=\"twitter:card\" content=\"summary_large_image\" \/>\n<meta name=\"twitter:label1\" content=\"\u00c9crit par\" \/>\n\t<meta name=\"twitter:data1\" content=\"bobea.info\" \/>\n\t<meta name=\"twitter:label2\" content=\"Dur\u00e9e de lecture estim\u00e9e\" \/>\n\t<meta name=\"twitter:data2\" content=\"3 minutes\" \/>\n<script type=\"application\/ld+json\" class=\"yoast-schema-graph\">{\"@context\":\"https:\/\/schema.org\",\"@graph\":[{\"@type\":\"Article\",\"@id\":\"https:\/\/bobea.net\/index.php\/2025\/02\/21\/journee-internationale-des-femmes-2025-les-evenements-phares-a-ne-pas-manquer\/#article\",\"isPartOf\":{\"@id\":\"https:\/\/bobea.net\/index.php\/2025\/02\/21\/journee-internationale-des-femmes-2025-les-evenements-phares-a-ne-pas-manquer\/\"},\"author\":{\"name\":\"bobea.info\",\"@id\":\"https:\/\/bobea.net\/#\/schema\/person\/e7f45ef187918d7c956bf619dce90ccf\"},\"headline\":\"Journ\u00e9e internationale des femmes 2025 : les \u00e9v\u00e9nements phares \u00e0 ne pas manquer\",\"datePublished\":\"2025-02-21T10:09:17+00:00\",\"dateModified\":\"2025-02-21T10:09:19+00:00\",\"mainEntityOfPage\":{\"@id\":\"https:\/\/bobea.net\/index.php\/2025\/02\/21\/journee-internationale-des-femmes-2025-les-evenements-phares-a-ne-pas-manquer\/\"},\"wordCount\":342,\"commentCount\":0,\"publisher\":{\"@id\":\"https:\/\/bobea.net\/#organization\"},\"image\":{\"@id\":\"https:\/\/bobea.net\/index.php\/2025\/02\/21\/journee-internationale-des-femmes-2025-les-evenements-phares-a-ne-pas-manquer\/#primaryimage\"},\"thumbnailUrl\":\"https:\/\/bobea.net\/wp-content\/uploads\/2025\/02\/femmes-weka.jpg\",\"keywords\":[\"\u00e9galit\u00e9 des genres\",\"entrepreneuriat f\u00e9minin\",\"\u00e9v\u00e9nements f\u00e9ministes\",\"Journ\u00e9e internationale des femmes 2025\",\"technologie et femmes\"],\"articleSection\":[\"Viva\"],\"inLanguage\":\"fr-FR\",\"potentialAction\":[{\"@type\":\"CommentAction\",\"name\":\"Comment\",\"target\":[\"https:\/\/bobea.net\/index.php\/2025\/02\/21\/journee-internationale-des-femmes-2025-les-evenements-phares-a-ne-pas-manquer\/#respond\"]}]},{\"@type\":\"WebPage\",\"@id\":\"https:\/\/bobea.net\/index.php\/2025\/02\/21\/journee-internationale-des-femmes-2025-les-evenements-phares-a-ne-pas-manquer\/\",\"url\":\"https:\/\/bobea.net\/index.php\/2025\/02\/21\/journee-internationale-des-femmes-2025-les-evenements-phares-a-ne-pas-manquer\/\",\"name\":\"Journ\u00e9e internationale des femmes 2025 : les \u00e9v\u00e9nements phares \u00e0 ne pas manquer - Bobea\",\"isPartOf\":{\"@id\":\"https:\/\/bobea.net\/#website\"},\"primaryImageOfPage\":{\"@id\":\"https:\/\/bobea.net\/index.php\/2025\/02\/21\/journee-internationale-des-femmes-2025-les-evenements-phares-a-ne-pas-manquer\/#primaryimage\"},\"image\":{\"@id\":\"https:\/\/bobea.net\/index.php\/2025\/02\/21\/journee-internationale-des-femmes-2025-les-evenements-phares-a-ne-pas-manquer\/#primaryimage\"},\"thumbnailUrl\":\"https:\/\/bobea.net\/wp-content\/uploads\/2025\/02\/femmes-weka.jpg\",\"datePublished\":\"2025-02-21T10:09:17+00:00\",\"dateModified\":\"2025-02-21T10:09:19+00:00\",\"breadcrumb\":{\"@id\":\"https:\/\/bobea.net\/index.php\/2025\/02\/21\/journee-internationale-des-femmes-2025-les-evenements-phares-a-ne-pas-manquer\/#breadcrumb\"},\"inLanguage\":\"fr-FR\",\"potentialAction\":[{\"@type\":\"ReadAction\",\"target\":[\"https:\/\/bobea.net\/index.php\/2025\/02\/21\/journee-internationale-des-femmes-2025-les-evenements-phares-a-ne-pas-manquer\/\"]}]},{\"@type\":\"ImageObject\",\"inLanguage\":\"fr-FR\",\"@id\":\"https:\/\/bobea.net\/index.php\/2025\/02\/21\/journee-internationale-des-femmes-2025-les-evenements-phares-a-ne-pas-manquer\/#primaryimage\",\"url\":\"https:\/\/bobea.net\/wp-content\/uploads\/2025\/02\/femmes-weka.jpg\",\"contentUrl\":\"https:\/\/bobea.net\/wp-content\/uploads\/2025\/02\/femmes-weka.jpg\",\"width\":900,\"height\":600},{\"@type\":\"BreadcrumbList\",\"@id\":\"https:\/\/bobea.net\/index.php\/2025\/02\/21\/journee-internationale-des-femmes-2025-les-evenements-phares-a-ne-pas-manquer\/#breadcrumb\",\"itemListElement\":[{\"@type\":\"ListItem\",\"position\":1,\"name\":\"Accueil\",\"item\":\"https:\/\/bobea.net\/\"},{\"@type\":\"ListItem\",\"position\":2,\"name\":\"Journ\u00e9e internationale des femmes 2025 : les \u00e9v\u00e9nements phares \u00e0 ne pas manquer\"}]},{\"@type\":\"WebSite\",\"@id\":\"https:\/\/bobea.net\/#website\",\"url\":\"https:\/\/bobea.net\/\",\"name\":\"Bobea\",\"description\":\"Le magazine de la nouvelle \u00c8ve\",\"publisher\":{\"@id\":\"https:\/\/bobea.net\/#organization\"},\"potentialAction\":[{\"@type\":\"SearchAction\",\"target\":{\"@type\":\"EntryPoint\",\"urlTemplate\":\"https:\/\/bobea.net\/?s={search_term_string}\"},\"query-input\":{\"@type\":\"PropertyValueSpecification\",\"valueRequired\":true,\"valueName\":\"search_term_string\"}}],\"inLanguage\":\"fr-FR\"},{\"@type\":\"Organization\",\"@id\":\"https:\/\/bobea.net\/#organization\",\"name\":\"Bobea\",\"url\":\"https:\/\/bobea.net\/\",\"logo\":{\"@type\":\"ImageObject\",\"inLanguage\":\"fr-FR\",\"@id\":\"https:\/\/bobea.net\/#\/schema\/logo\/image\/\",\"url\":\"https:\/\/bobea.net\/wp-content\/uploads\/2024\/06\/bobea.jpg\",\"contentUrl\":\"https:\/\/bobea.net\/wp-content\/uploads\/2024\/06\/bobea.jpg\",\"width\":1080,\"height\":1080,\"caption\":\"Bobea\"},\"image\":{\"@id\":\"https:\/\/bobea.net\/#\/schema\/logo\/image\/\"},\"sameAs\":[\"https:\/\/web.facebook.com\/profile.php?id=61559252188416\"]},{\"@type\":\"Person\",\"@id\":\"https:\/\/bobea.net\/#\/schema\/person\/e7f45ef187918d7c956bf619dce90ccf\",\"name\":\"bobea.info\",\"image\":{\"@type\":\"ImageObject\",\"inLanguage\":\"fr-FR\",\"@id\":\"https:\/\/bobea.net\/#\/schema\/person\/image\/\",\"url\":\"https:\/\/secure.gravatar.com\/avatar\/36147980349df887ae30808df3e29474?s=96&d=mm&r=g\",\"contentUrl\":\"https:\/\/secure.gravatar.com\/avatar\/36147980349df887ae30808df3e29474?s=96&d=mm&r=g\",\"caption\":\"bobea.info\"},\"sameAs\":[\"https:\/\/bobea.net\"],\"url\":\"https:\/\/bobea.net\/index.php\/author\/bobea-info\/\"}]}<\/script>\n<!-- \/ Yoast SEO plugin. -->","yoast_head_json":{"title":"Journ\u00e9e internationale des femmes 2025 : les \u00e9v\u00e9nements phares \u00e0 ne pas manquer - Bobea","robots":{"index":"index","follow":"follow","max-snippet":"max-snippet:-1","max-image-preview":"max-image-preview:large","max-video-preview":"max-video-preview:-1"},"canonical":"https:\/\/bobea.net\/index.php\/2025\/02\/21\/journee-internationale-des-femmes-2025-les-evenements-phares-a-ne-pas-manquer\/","og_locale":"fr_FR","og_type":"article","og_title":"Journ\u00e9e internationale des femmes 2025 : les \u00e9v\u00e9nements phares \u00e0 ne pas manquer - Bobea","og_description":"La Journ\u00e9e inter\u00adna\u00adtionale des femmes 2025 s\u2019an\u00adnonce comme un \u00e9v\u00e9ne\u00adment mar\u00adquant dans la lutte pour l\u2019\u00e9\u00adgal\u00adit\u00e9 des gen\u00adres. Cette ann\u00e9e, le th\u00e8me choisi par l\u2019ONU est \u201c\u00c9gal\u00adit\u00e9, Inno\u00adva\u00adtion et Tech\u00adnolo\u00adgie&hellip;","og_url":"https:\/\/bobea.net\/index.php\/2025\/02\/21\/journee-internationale-des-femmes-2025-les-evenements-phares-a-ne-pas-manquer\/","og_site_name":"Bobea","article_publisher":"https:\/\/web.facebook.com\/profile.php?id=61559252188416","article_published_time":"2025-02-21T10:09:17+00:00","article_modified_time":"2025-02-21T10:09:19+00:00","og_image":[{"width":900,"height":600,"url":"https:\/\/bobea.net\/wp-content\/uploads\/2025\/02\/femmes-weka.jpg","type":"image\/jpeg"}],"author":"bobea.info","twitter_card":"summary_large_image","twitter_misc":{"\u00c9crit par":"bobea.info","Dur\u00e9e de lecture estim\u00e9e":"3 minutes"},"schema":{"@context":"https:\/\/schema.org","@graph":[{"@type":"Article","@id":"https:\/\/bobea.net\/index.php\/2025\/02\/21\/journee-internationale-des-femmes-2025-les-evenements-phares-a-ne-pas-manquer\/#article","isPartOf":{"@id":"https:\/\/bobea.net\/index.php\/2025\/02\/21\/journee-internationale-des-femmes-2025-les-evenements-phares-a-ne-pas-manquer\/"},"author":{"name":"bobea.info","@id":"https:\/\/bobea.net\/#\/schema\/person\/e7f45ef187918d7c956bf619dce90ccf"},"headline":"Journ\u00e9e internationale des femmes 2025 : les \u00e9v\u00e9nements phares \u00e0 ne pas manquer","datePublished":"2025-02-21T10:09:17+00:00","dateModified":"2025-02-21T10:09:19+00:00","mainEntityOfPage":{"@id":"https:\/\/bobea.net\/index.php\/2025\/02\/21\/journee-internationale-des-femmes-2025-les-evenements-phares-a-ne-pas-manquer\/"},"wordCount":342,"commentCount":0,"publisher":{"@id":"https:\/\/bobea.net\/#organization"},"image":{"@id":"https:\/\/bobea.net\/index.php\/2025\/02\/21\/journee-internationale-des-femmes-2025-les-evenements-phares-a-ne-pas-manquer\/#primaryimage"},"thumbnailUrl":"https:\/\/bobea.net\/wp-content\/uploads\/2025\/02\/femmes-weka.jpg","keywords":["\u00e9galit\u00e9 des genres","entrepreneuriat f\u00e9minin","\u00e9v\u00e9nements f\u00e9ministes","Journ\u00e9e internationale des femmes 2025","technologie et femmes"],"articleSection":["Viva"],"inLanguage":"fr-FR","potentialAction":[{"@type":"CommentAction","name":"Comment","target":["https:\/\/bobea.net\/index.php\/2025\/02\/21\/journee-internationale-des-femmes-2025-les-evenements-phares-a-ne-pas-manquer\/#respond"]}]},{"@type":"WebPage","@id":"https:\/\/bobea.net\/index.php\/2025\/02\/21\/journee-internationale-des-femmes-2025-les-evenements-phares-a-ne-pas-manquer\/","url":"https:\/\/bobea.net\/index.php\/2025\/02\/21\/journee-internationale-des-femmes-2025-les-evenements-phares-a-ne-pas-manquer\/","name":"Journ\u00e9e internationale des femmes 2025 : les \u00e9v\u00e9nements phares \u00e0 ne pas manquer - Bobea","isPartOf":{"@id":"https:\/\/bobea.net\/#website"},"primaryImageOfPage":{"@id":"https:\/\/bobea.net\/index.php\/2025\/02\/21\/journee-internationale-des-femmes-2025-les-evenements-phares-a-ne-pas-manquer\/#primaryimage"},"image":{"@id":"https:\/\/bobea.net\/index.php\/2025\/02\/21\/journee-internationale-des-femmes-2025-les-evenements-phares-a-ne-pas-manquer\/#primaryimage"},"thumbnailUrl":"https:\/\/bobea.net\/wp-content\/uploads\/2025\/02\/femmes-weka.jpg","datePublished":"2025-02-21T10:09:17+00:00","dateModified":"2025-02-21T10:09:19+00:00","breadcrumb":{"@id":"https:\/\/bobea.net\/index.php\/2025\/02\/21\/journee-internationale-des-femmes-2025-les-evenements-phares-a-ne-pas-manquer\/#breadcrumb"},"inLanguage":"fr-FR","potentialAction":[{"@type":"ReadAction","target":["https:\/\/bobea.net\/index.php\/2025\/02\/21\/journee-internationale-des-femmes-2025-les-evenements-phares-a-ne-pas-manquer\/"]}]},{"@type":"ImageObject","inLanguage":"fr-FR","@id":"https:\/\/bobea.net\/index.php\/2025\/02\/21\/journee-internationale-des-femmes-2025-les-evenements-phares-a-ne-pas-manquer\/#primaryimage","url":"https:\/\/bobea.net\/wp-content\/uploads\/2025\/02\/femmes-weka.jpg","contentUrl":"https:\/\/bobea.net\/wp-content\/uploads\/2025\/02\/femmes-weka.jpg","width":900,"height":600},{"@type":"BreadcrumbList","@id":"https:\/\/bobea.net\/index.php\/2025\/02\/21\/journee-internationale-des-femmes-2025-les-evenements-phares-a-ne-pas-manquer\/#breadcrumb","itemListElement":[{"@type":"ListItem","position":1,"name":"Accueil","item":"https:\/\/bobea.net\/"},{"@type":"ListItem","position":2,"name":"Journ\u00e9e internationale des femmes 2025 : les \u00e9v\u00e9nements phares \u00e0 ne pas manquer"}]},{"@type":"WebSite","@id":"https:\/\/bobea.net\/#website","url":"https:\/\/bobea.net\/","name":"Bobea","description":"Le magazine de la nouvelle \u00c8ve","publisher":{"@id":"https:\/\/bobea.net\/#organization"},"potentialAction":[{"@type":"SearchAction","target":{"@type":"EntryPoint","urlTemplate":"https:\/\/bobea.net\/?s={search_term_string}"},"query-input":{"@type":"PropertyValueSpecification","valueRequired":true,"valueName":"search_term_string"}}],"inLanguage":"fr-FR"},{"@type":"Organization","@id":"https:\/\/bobea.net\/#organization","name":"Bobea","url":"https:\/\/bobea.net\/","logo":{"@type":"ImageObject","inLanguage":"fr-FR","@id":"https:\/\/bobea.net\/#\/schema\/logo\/image\/","url":"https:\/\/bobea.net\/wp-content\/uploads\/2024\/06\/bobea.jpg","contentUrl":"https:\/\/bobea.net\/wp-content\/uploads\/2024\/06\/bobea.jpg","width":1080,"height":1080,"caption":"Bobea"},"image":{"@id":"https:\/\/bobea.net\/#\/schema\/logo\/image\/"},"sameAs":["https:\/\/web.facebook.com\/profile.php?id=61559252188416"]},{"@type":"Person","@id":"https:\/\/bobea.net\/#\/schema\/person\/e7f45ef187918d7c956bf619dce90ccf","name":"bobea.info","image":{"@type":"ImageObject","inLanguage":"fr-FR","@id":"https:\/\/bobea.net\/#\/schema\/person\/image\/","url":"https:\/\/secure.gravatar.com\/avatar\/36147980349df887ae30808df3e29474?s=96&d=mm&r=g","contentUrl":"https:\/\/secure.gravatar.com\/avatar\/36147980349df887ae30808df3e29474?s=96&d=mm&r=g","caption":"bobea.info"},"sameAs":["https:\/\/bobea.net"],"url":"https:\/\/bobea.net\/index.php\/author\/bobea-info\/"}]}},"_links":{"self":[{"href":"https:\/\/bobea.net\/index.php\/wp-json\/wp\/v2\/posts\/9763"}],"collection":[{"href":"https:\/\/bobea.net\/index.php\/wp-json\/wp\/v2\/posts"}],"about":[{"href":"https:\/\/bobea.net\/index.php\/wp-json\/wp\/v2\/types\/post"}],"author":[{"embeddable":true,"href":"https:\/\/bobea.net\/index.php\/wp-json\/wp\/v2\/users\/1"}],"replies":[{"embeddable":true,"href":"https:\/\/bobea.net\/index.php\/wp-json\/wp\/v2\/comments?post=9763"}],"version-history":[{"count":0,"href":"https:\/\/bobea.net\/index.php\/wp-json\/wp\/v2\/posts\/9763\/revisions"}],"wp:featuredmedia":[{"embeddable":true,"href":"https:\/\/bobea.net\/index.php\/wp-json\/wp\/v2\/media\/9764"}],"wp:attachment":[{"href":"https:\/\/bobea.net\/index.php\/wp-json\/wp\/v2\/media?parent=9763"}],"wp:term":[{"taxonomy":"category","embeddable":true,"href":"https:\/\/bobea.net\/index.php\/wp-json\/wp\/v2\/categories?post=9763"},{"taxonomy":"post_tag","embeddable":true,"href":"https:\/\/bobea.net\/index.php\/wp-json\/wp\/v2\/tags?post=9763"}],"curies":[{"name":"wp","href":"https:\/\/api.w.org\/{rel}","templated":true}]}}