{"id":9745,"date":"2025-02-20T18:51:15","date_gmt":"2025-02-20T18:51:15","guid":{"rendered":"https:\/\/bobea.net\/?p=9745"},"modified":"2025-02-20T18:51:18","modified_gmt":"2025-02-20T18:51:18","slug":"mana-liliane-rose-la-mode-inclusive-au-dela-des-tailles-vers-une-vraie-diversite","status":"publish","type":"post","link":"https:\/\/bobea.net\/index.php\/2025\/02\/20\/mana-liliane-rose-la-mode-inclusive-au-dela-des-tailles-vers-une-vraie-diversite\/","title":{"rendered":"Mana Liliane Rose \u2014 La mode inclusive : au-del\u00e0 des tailles, vers une vraie diversit\u00e9"},"content":{"rendered":"\n<p>En tant que cr\u00e9a\u00adtrice de mode et experte en tex\u00adtiles inno\u00advants, je suis con\u00adva\u00adin\u00adcue que la mode inclu\u00adsive est bien plus qu\u2019une ten\u00addance pas\u00adsag\u00e8re. C\u2019est une r\u00e9vo\u00adlu\u00adtion n\u00e9ces\u00adsaire qui red\u00e9finit les stan\u00addards de beaut\u00e9 et d\u2019\u00e9l\u00e9\u00adgance.<\/p>\n\n\n\n<p>La mode inclu\u00adsive va au-del\u00e0 de la sim\u00adple exten\u00adsion des gammes de tailles. Elle englobe la diver\u00adsit\u00e9 des mor\u00adpholo\u00adgies, des \u00e2ges, des orig\u00adines eth\u00adniques, et des capac\u00adit\u00e9s physiques. C\u2019est une approche qui c\u00e9l\u00e8bre la beaut\u00e9 sous toutes ses formes.<\/p>\n\n\n\n<p>Dans mes col\u00adlec\u00adtions, j\u2019ai adop\u00adt\u00e9 une approche holis\u00adtique de l\u2019in\u00adclu\u00adsiv\u00adit\u00e9. Cela com\u00admence par le design : nous cr\u00e9ons des v\u00eate\u00adments adapt\u00ada\u00adbles qui peu\u00advent s\u2019a\u00adjuster \u00e0 dif\u00adf\u00e9rentes mor\u00adpholo\u00adgies. Nous util\u00adisons des tis\u00adsus inno\u00advants qui offrent con\u00adfort et flex\u00adi\u00adbil\u00adit\u00e9, quelle que soit la taille ou la forme du corps.<\/p>\n\n\n\n<p>La repr\u00e9sen\u00adta\u00adtion est \u00e9gale\u00adment cru\u00adciale. Nos cam\u00adpagnes pub\u00adlic\u00adi\u00adtaires et nos d\u00e9fil\u00e9s met\u00adtent en sc\u00e8ne une diver\u00adsit\u00e9 de mod\u00ad\u00e8les, refl\u00e9\u00adtant la richesse de notre soci\u00e9t\u00e9. Cela inclut des man\u00adnequins de tous \u00e2ges, de toutes tailles, et de toutes orig\u00adines.<\/p>\n\n\n\n<p>L\u2019in\u00adclu\u00adsiv\u00adit\u00e9 s\u2019\u00e9\u00adtend aus\u00adsi \u00e0 l\u2019ac\u00adces\u00adsi\u00adbil\u00adit\u00e9. Nous d\u00e9velop\u00adpons des v\u00eate\u00adments adap\u00adt\u00e9s aux per\u00adson\u00adnes en sit\u00adu\u00ada\u00adtion de hand\u00adi\u00adcap, avec des fer\u00adme\u00adtures mag\u00adn\u00e9\u00adtiques faciles \u00e0 manip\u00aduler ou des tis\u00adsus sen\u00adsoriels pour les per\u00adson\u00adnes autistes.<\/p>\n\n\n\n<figure class=\"wp-block-image size-large\"><img loading=\"lazy\" decoding=\"async\" width=\"1024\" height=\"683\" src=\"https:\/\/bobea.net\/wp-content\/uploads\/2025\/02\/Inclusion-T2A-1024x683.jpg\" alt class=\"wp-image-9747\" srcset=\"https:\/\/bobea.net\/wp-content\/uploads\/2025\/02\/Inclusion-T2A-1024x683.jpg 1024w, https:\/\/bobea.net\/wp-content\/uploads\/2025\/02\/Inclusion-T2A-300x200.jpg 300w, https:\/\/bobea.net\/wp-content\/uploads\/2025\/02\/Inclusion-T2A-768x512.jpg 768w, https:\/\/bobea.net\/wp-content\/uploads\/2025\/02\/Inclusion-T2A.jpg 1200w\" sizes=\"(max-width: 1024px) 100vw, 1024px\"><\/figure>\n\n\n\n<p>La dura\u00adbil\u00adit\u00e9 est un autre aspect impor\u00adtant de la mode inclu\u00adsive. Nous util\u00adisons des mat\u00e9ri\u00adaux \u00e9cologiques et des proces\u00adsus de pro\u00adduc\u00adtion \u00e9thiques, car pren\u00addre soin de la plan\u00e8te fait par\u00adtie int\u00e9\u00adgrante d\u2019une approche inclu\u00adsive.<\/p>\n\n\n\n<p>L\u2019in\u00addus\u00adtrie de la mode \u00e9volue, mais il reste encore du chemin \u00e0 par\u00adcourir. Je suis opti\u00admiste quant \u00e0 l\u2019avenir. La demande crois\u00adsante des con\u00adsom\u00adma\u00adteurs pour plus de diver\u00adsit\u00e9 et d\u2019in\u00adclu\u00adsiv\u00adit\u00e9 pousse l\u2019in\u00addus\u00adtrie \u00e0 se r\u00e9in\u00adven\u00adter.<\/p>\n\n\n\n<p>En con\u00adclu\u00adsion, la mode inclu\u00adsive n\u2019est pas seule\u00adment une ten\u00addance, c\u2019est une n\u00e9ces\u00adsit\u00e9. Elle refl\u00e8te la diver\u00adsit\u00e9 de notre monde et c\u00e9l\u00e8bre la beaut\u00e9 sous toutes ses formes. C\u2019est une vision de la mode qui ne laisse per\u00adson\u00adne de c\u00f4t\u00e9.<\/p>\n","protected":false},"excerpt":{"rendered":"<p>En tant que cr\u00e9a\u00adtrice de mode et experte en tex\u00adtiles inno\u00advants, je suis con\u00adva\u00adin\u00adcue que la mode inclu\u00adsive est bien plus qu\u2019une ten\u00addance pas\u00adsag\u00e8re. C\u2019est une r\u00e9vo\u00adlu\u00adtion n\u00e9ces\u00adsaire qui red\u00e9finit\u2026 <\/p>\n","protected":false},"author":1,"featured_media":9746,"comment_status":"open","ping_status":"open","sticky":false,"template":"","format":"standard","meta":{"wp_typography_post_enhancements_disabled":false,"footnotes":""},"categories":[50],"tags":[3418,260,6274,7033,1067,1016],"class_list":["post-9745","post","type-post","status-publish","format-standard","has-post-thumbnail","hentry","category-mode","tag-accessibilite","tag-diversite","tag-durabilite","tag-innovation-textile","tag-mode-inclusive","tag-representation"],"yoast_head":"<!-- This site is optimized with the Yoast SEO plugin v24.7 - https:\/\/yoast.com\/wordpress\/plugins\/seo\/ -->\n<title>Mana Liliane Rose - La mode inclusive : au-del\u00e0 des tailles, vers une vraie diversit\u00e9 - Bobea<\/title>\n<meta name=\"robots\" content=\"index, follow, max-snippet:-1, max-image-preview:large, max-video-preview:-1\" \/>\n<link rel=\"canonical\" href=\"https:\/\/bobea.net\/index.php\/2025\/02\/20\/mana-liliane-rose-la-mode-inclusive-au-dela-des-tailles-vers-une-vraie-diversite\/\" \/>\n<meta property=\"og:locale\" content=\"fr_FR\" \/>\n<meta property=\"og:type\" content=\"article\" \/>\n<meta property=\"og:title\" content=\"Mana Liliane Rose - La mode inclusive : au-del\u00e0 des tailles, vers une vraie diversit\u00e9 - Bobea\" \/>\n<meta property=\"og:description\" content=\"En tant que cr\u00e9a\u00adtrice de mode et experte en tex\u00adtiles inno\u00advants, je suis con\u00adva\u00adin\u00adcue que la mode inclu\u00adsive est bien plus qu\u2019une ten\u00addance pas\u00adsag\u00e8re. C\u2019est une r\u00e9vo\u00adlu\u00adtion n\u00e9ces\u00adsaire qui red\u00e9finit&hellip;\" \/>\n<meta property=\"og:url\" content=\"https:\/\/bobea.net\/index.php\/2025\/02\/20\/mana-liliane-rose-la-mode-inclusive-au-dela-des-tailles-vers-une-vraie-diversite\/\" \/>\n<meta property=\"og:site_name\" content=\"Bobea\" \/>\n<meta property=\"article:publisher\" content=\"https:\/\/web.facebook.com\/profile.php?id=61559252188416\" \/>\n<meta property=\"article:published_time\" content=\"2025-02-20T18:51:15+00:00\" \/>\n<meta property=\"article:modified_time\" content=\"2025-02-20T18:51:18+00:00\" \/>\n<meta property=\"og:image\" content=\"https:\/\/bobea.net\/wp-content\/uploads\/2025\/02\/pexels-photo-4672484-e1603291569880.jpeg\" \/>\n\t<meta property=\"og:image:width\" content=\"2250\" \/>\n\t<meta property=\"og:image:height\" content=\"1254\" \/>\n\t<meta property=\"og:image:type\" content=\"image\/jpeg\" \/>\n<meta name=\"author\" content=\"bobea.info\" \/>\n<meta name=\"twitter:card\" content=\"summary_large_image\" \/>\n<meta name=\"twitter:label1\" content=\"\u00c9crit par\" \/>\n\t<meta name=\"twitter:data1\" content=\"bobea.info\" \/>\n\t<meta name=\"twitter:label2\" content=\"Dur\u00e9e de lecture estim\u00e9e\" \/>\n\t<meta name=\"twitter:data2\" content=\"2 minutes\" \/>\n<script type=\"application\/ld+json\" class=\"yoast-schema-graph\">{\"@context\":\"https:\/\/schema.org\",\"@graph\":[{\"@type\":\"Article\",\"@id\":\"https:\/\/bobea.net\/index.php\/2025\/02\/20\/mana-liliane-rose-la-mode-inclusive-au-dela-des-tailles-vers-une-vraie-diversite\/#article\",\"isPartOf\":{\"@id\":\"https:\/\/bobea.net\/index.php\/2025\/02\/20\/mana-liliane-rose-la-mode-inclusive-au-dela-des-tailles-vers-une-vraie-diversite\/\"},\"author\":{\"name\":\"bobea.info\",\"@id\":\"https:\/\/bobea.net\/#\/schema\/person\/e7f45ef187918d7c956bf619dce90ccf\"},\"headline\":\"Mana Liliane Rose \u2014 La mode inclusive : au-del\u00e0 des tailles, vers une vraie diversit\u00e9\",\"datePublished\":\"2025-02-20T18:51:15+00:00\",\"dateModified\":\"2025-02-20T18:51:18+00:00\",\"mainEntityOfPage\":{\"@id\":\"https:\/\/bobea.net\/index.php\/2025\/02\/20\/mana-liliane-rose-la-mode-inclusive-au-dela-des-tailles-vers-une-vraie-diversite\/\"},\"wordCount\":357,\"commentCount\":0,\"publisher\":{\"@id\":\"https:\/\/bobea.net\/#organization\"},\"image\":{\"@id\":\"https:\/\/bobea.net\/index.php\/2025\/02\/20\/mana-liliane-rose-la-mode-inclusive-au-dela-des-tailles-vers-une-vraie-diversite\/#primaryimage\"},\"thumbnailUrl\":\"https:\/\/bobea.net\/wp-content\/uploads\/2025\/02\/pexels-photo-4672484-e1603291569880.jpeg\",\"keywords\":[\"accessibilit\u00e9\",\"Diversit\u00e9\",\"durabilit\u00e9\",\"innovation textile\",\"mode inclusive\",\"repr\u00e9sentation\"],\"articleSection\":[\"Mode\"],\"inLanguage\":\"fr-FR\",\"potentialAction\":[{\"@type\":\"CommentAction\",\"name\":\"Comment\",\"target\":[\"https:\/\/bobea.net\/index.php\/2025\/02\/20\/mana-liliane-rose-la-mode-inclusive-au-dela-des-tailles-vers-une-vraie-diversite\/#respond\"]}]},{\"@type\":\"WebPage\",\"@id\":\"https:\/\/bobea.net\/index.php\/2025\/02\/20\/mana-liliane-rose-la-mode-inclusive-au-dela-des-tailles-vers-une-vraie-diversite\/\",\"url\":\"https:\/\/bobea.net\/index.php\/2025\/02\/20\/mana-liliane-rose-la-mode-inclusive-au-dela-des-tailles-vers-une-vraie-diversite\/\",\"name\":\"Mana Liliane Rose - La mode inclusive : au-del\u00e0 des tailles, vers une vraie diversit\u00e9 - Bobea\",\"isPartOf\":{\"@id\":\"https:\/\/bobea.net\/#website\"},\"primaryImageOfPage\":{\"@id\":\"https:\/\/bobea.net\/index.php\/2025\/02\/20\/mana-liliane-rose-la-mode-inclusive-au-dela-des-tailles-vers-une-vraie-diversite\/#primaryimage\"},\"image\":{\"@id\":\"https:\/\/bobea.net\/index.php\/2025\/02\/20\/mana-liliane-rose-la-mode-inclusive-au-dela-des-tailles-vers-une-vraie-diversite\/#primaryimage\"},\"thumbnailUrl\":\"https:\/\/bobea.net\/wp-content\/uploads\/2025\/02\/pexels-photo-4672484-e1603291569880.jpeg\",\"datePublished\":\"2025-02-20T18:51:15+00:00\",\"dateModified\":\"2025-02-20T18:51:18+00:00\",\"breadcrumb\":{\"@id\":\"https:\/\/bobea.net\/index.php\/2025\/02\/20\/mana-liliane-rose-la-mode-inclusive-au-dela-des-tailles-vers-une-vraie-diversite\/#breadcrumb\"},\"inLanguage\":\"fr-FR\",\"potentialAction\":[{\"@type\":\"ReadAction\",\"target\":[\"https:\/\/bobea.net\/index.php\/2025\/02\/20\/mana-liliane-rose-la-mode-inclusive-au-dela-des-tailles-vers-une-vraie-diversite\/\"]}]},{\"@type\":\"ImageObject\",\"inLanguage\":\"fr-FR\",\"@id\":\"https:\/\/bobea.net\/index.php\/2025\/02\/20\/mana-liliane-rose-la-mode-inclusive-au-dela-des-tailles-vers-une-vraie-diversite\/#primaryimage\",\"url\":\"https:\/\/bobea.net\/wp-content\/uploads\/2025\/02\/pexels-photo-4672484-e1603291569880.jpeg\",\"contentUrl\":\"https:\/\/bobea.net\/wp-content\/uploads\/2025\/02\/pexels-photo-4672484-e1603291569880.jpeg\",\"width\":2250,\"height\":1254,\"caption\":\"La mode inclusive : au-del\u00e0 des tailles, vers une vraie diversit\u00e9\"},{\"@type\":\"BreadcrumbList\",\"@id\":\"https:\/\/bobea.net\/index.php\/2025\/02\/20\/mana-liliane-rose-la-mode-inclusive-au-dela-des-tailles-vers-une-vraie-diversite\/#breadcrumb\",\"itemListElement\":[{\"@type\":\"ListItem\",\"position\":1,\"name\":\"Accueil\",\"item\":\"https:\/\/bobea.net\/\"},{\"@type\":\"ListItem\",\"position\":2,\"name\":\"Mana Liliane Rose &#8211; La mode inclusive : au-del\u00e0 des tailles, vers une vraie diversit\u00e9\"}]},{\"@type\":\"WebSite\",\"@id\":\"https:\/\/bobea.net\/#website\",\"url\":\"https:\/\/bobea.net\/\",\"name\":\"Bobea\",\"description\":\"Le magazine de la nouvelle \u00c8ve\",\"publisher\":{\"@id\":\"https:\/\/bobea.net\/#organization\"},\"potentialAction\":[{\"@type\":\"SearchAction\",\"target\":{\"@type\":\"EntryPoint\",\"urlTemplate\":\"https:\/\/bobea.net\/?s={search_term_string}\"},\"query-input\":{\"@type\":\"PropertyValueSpecification\",\"valueRequired\":true,\"valueName\":\"search_term_string\"}}],\"inLanguage\":\"fr-FR\"},{\"@type\":\"Organization\",\"@id\":\"https:\/\/bobea.net\/#organization\",\"name\":\"Bobea\",\"url\":\"https:\/\/bobea.net\/\",\"logo\":{\"@type\":\"ImageObject\",\"inLanguage\":\"fr-FR\",\"@id\":\"https:\/\/bobea.net\/#\/schema\/logo\/image\/\",\"url\":\"https:\/\/bobea.net\/wp-content\/uploads\/2024\/06\/bobea.jpg\",\"contentUrl\":\"https:\/\/bobea.net\/wp-content\/uploads\/2024\/06\/bobea.jpg\",\"width\":1080,\"height\":1080,\"caption\":\"Bobea\"},\"image\":{\"@id\":\"https:\/\/bobea.net\/#\/schema\/logo\/image\/\"},\"sameAs\":[\"https:\/\/web.facebook.com\/profile.php?id=61559252188416\"]},{\"@type\":\"Person\",\"@id\":\"https:\/\/bobea.net\/#\/schema\/person\/e7f45ef187918d7c956bf619dce90ccf\",\"name\":\"bobea.info\",\"image\":{\"@type\":\"ImageObject\",\"inLanguage\":\"fr-FR\",\"@id\":\"https:\/\/bobea.net\/#\/schema\/person\/image\/\",\"url\":\"https:\/\/secure.gravatar.com\/avatar\/36147980349df887ae30808df3e29474?s=96&d=mm&r=g\",\"contentUrl\":\"https:\/\/secure.gravatar.com\/avatar\/36147980349df887ae30808df3e29474?s=96&d=mm&r=g\",\"caption\":\"bobea.info\"},\"sameAs\":[\"https:\/\/bobea.net\"],\"url\":\"https:\/\/bobea.net\/index.php\/author\/bobea-info\/\"}]}<\/script>\n<!-- \/ Yoast SEO plugin. -->","yoast_head_json":{"title":"Mana Liliane Rose - La mode inclusive : au-del\u00e0 des tailles, vers une vraie diversit\u00e9 - Bobea","robots":{"index":"index","follow":"follow","max-snippet":"max-snippet:-1","max-image-preview":"max-image-preview:large","max-video-preview":"max-video-preview:-1"},"canonical":"https:\/\/bobea.net\/index.php\/2025\/02\/20\/mana-liliane-rose-la-mode-inclusive-au-dela-des-tailles-vers-une-vraie-diversite\/","og_locale":"fr_FR","og_type":"article","og_title":"Mana Liliane Rose - La mode inclusive : au-del\u00e0 des tailles, vers une vraie diversit\u00e9 - Bobea","og_description":"En tant que cr\u00e9a\u00adtrice de mode et experte en tex\u00adtiles inno\u00advants, je suis con\u00adva\u00adin\u00adcue que la mode inclu\u00adsive est bien plus qu\u2019une ten\u00addance pas\u00adsag\u00e8re. C\u2019est une r\u00e9vo\u00adlu\u00adtion n\u00e9ces\u00adsaire qui red\u00e9finit&hellip;","og_url":"https:\/\/bobea.net\/index.php\/2025\/02\/20\/mana-liliane-rose-la-mode-inclusive-au-dela-des-tailles-vers-une-vraie-diversite\/","og_site_name":"Bobea","article_publisher":"https:\/\/web.facebook.com\/profile.php?id=61559252188416","article_published_time":"2025-02-20T18:51:15+00:00","article_modified_time":"2025-02-20T18:51:18+00:00","og_image":[{"width":2250,"height":1254,"url":"https:\/\/bobea.net\/wp-content\/uploads\/2025\/02\/pexels-photo-4672484-e1603291569880.jpeg","type":"image\/jpeg"}],"author":"bobea.info","twitter_card":"summary_large_image","twitter_misc":{"\u00c9crit par":"bobea.info","Dur\u00e9e de lecture estim\u00e9e":"2 minutes"},"schema":{"@context":"https:\/\/schema.org","@graph":[{"@type":"Article","@id":"https:\/\/bobea.net\/index.php\/2025\/02\/20\/mana-liliane-rose-la-mode-inclusive-au-dela-des-tailles-vers-une-vraie-diversite\/#article","isPartOf":{"@id":"https:\/\/bobea.net\/index.php\/2025\/02\/20\/mana-liliane-rose-la-mode-inclusive-au-dela-des-tailles-vers-une-vraie-diversite\/"},"author":{"name":"bobea.info","@id":"https:\/\/bobea.net\/#\/schema\/person\/e7f45ef187918d7c956bf619dce90ccf"},"headline":"Mana Liliane Rose \u2014 La mode inclusive : au-del\u00e0 des tailles, vers une vraie diversit\u00e9","datePublished":"2025-02-20T18:51:15+00:00","dateModified":"2025-02-20T18:51:18+00:00","mainEntityOfPage":{"@id":"https:\/\/bobea.net\/index.php\/2025\/02\/20\/mana-liliane-rose-la-mode-inclusive-au-dela-des-tailles-vers-une-vraie-diversite\/"},"wordCount":357,"commentCount":0,"publisher":{"@id":"https:\/\/bobea.net\/#organization"},"image":{"@id":"https:\/\/bobea.net\/index.php\/2025\/02\/20\/mana-liliane-rose-la-mode-inclusive-au-dela-des-tailles-vers-une-vraie-diversite\/#primaryimage"},"thumbnailUrl":"https:\/\/bobea.net\/wp-content\/uploads\/2025\/02\/pexels-photo-4672484-e1603291569880.jpeg","keywords":["accessibilit\u00e9","Diversit\u00e9","durabilit\u00e9","innovation textile","mode inclusive","repr\u00e9sentation"],"articleSection":["Mode"],"inLanguage":"fr-FR","potentialAction":[{"@type":"CommentAction","name":"Comment","target":["https:\/\/bobea.net\/index.php\/2025\/02\/20\/mana-liliane-rose-la-mode-inclusive-au-dela-des-tailles-vers-une-vraie-diversite\/#respond"]}]},{"@type":"WebPage","@id":"https:\/\/bobea.net\/index.php\/2025\/02\/20\/mana-liliane-rose-la-mode-inclusive-au-dela-des-tailles-vers-une-vraie-diversite\/","url":"https:\/\/bobea.net\/index.php\/2025\/02\/20\/mana-liliane-rose-la-mode-inclusive-au-dela-des-tailles-vers-une-vraie-diversite\/","name":"Mana Liliane Rose - La mode inclusive : au-del\u00e0 des tailles, vers une vraie diversit\u00e9 - Bobea","isPartOf":{"@id":"https:\/\/bobea.net\/#website"},"primaryImageOfPage":{"@id":"https:\/\/bobea.net\/index.php\/2025\/02\/20\/mana-liliane-rose-la-mode-inclusive-au-dela-des-tailles-vers-une-vraie-diversite\/#primaryimage"},"image":{"@id":"https:\/\/bobea.net\/index.php\/2025\/02\/20\/mana-liliane-rose-la-mode-inclusive-au-dela-des-tailles-vers-une-vraie-diversite\/#primaryimage"},"thumbnailUrl":"https:\/\/bobea.net\/wp-content\/uploads\/2025\/02\/pexels-photo-4672484-e1603291569880.jpeg","datePublished":"2025-02-20T18:51:15+00:00","dateModified":"2025-02-20T18:51:18+00:00","breadcrumb":{"@id":"https:\/\/bobea.net\/index.php\/2025\/02\/20\/mana-liliane-rose-la-mode-inclusive-au-dela-des-tailles-vers-une-vraie-diversite\/#breadcrumb"},"inLanguage":"fr-FR","potentialAction":[{"@type":"ReadAction","target":["https:\/\/bobea.net\/index.php\/2025\/02\/20\/mana-liliane-rose-la-mode-inclusive-au-dela-des-tailles-vers-une-vraie-diversite\/"]}]},{"@type":"ImageObject","inLanguage":"fr-FR","@id":"https:\/\/bobea.net\/index.php\/2025\/02\/20\/mana-liliane-rose-la-mode-inclusive-au-dela-des-tailles-vers-une-vraie-diversite\/#primaryimage","url":"https:\/\/bobea.net\/wp-content\/uploads\/2025\/02\/pexels-photo-4672484-e1603291569880.jpeg","contentUrl":"https:\/\/bobea.net\/wp-content\/uploads\/2025\/02\/pexels-photo-4672484-e1603291569880.jpeg","width":2250,"height":1254,"caption":"La mode inclusive : au-del\u00e0 des tailles, vers une vraie diversit\u00e9"},{"@type":"BreadcrumbList","@id":"https:\/\/bobea.net\/index.php\/2025\/02\/20\/mana-liliane-rose-la-mode-inclusive-au-dela-des-tailles-vers-une-vraie-diversite\/#breadcrumb","itemListElement":[{"@type":"ListItem","position":1,"name":"Accueil","item":"https:\/\/bobea.net\/"},{"@type":"ListItem","position":2,"name":"Mana Liliane Rose &#8211; La mode inclusive : au-del\u00e0 des tailles, vers une vraie diversit\u00e9"}]},{"@type":"WebSite","@id":"https:\/\/bobea.net\/#website","url":"https:\/\/bobea.net\/","name":"Bobea","description":"Le magazine de la nouvelle \u00c8ve","publisher":{"@id":"https:\/\/bobea.net\/#organization"},"potentialAction":[{"@type":"SearchAction","target":{"@type":"EntryPoint","urlTemplate":"https:\/\/bobea.net\/?s={search_term_string}"},"query-input":{"@type":"PropertyValueSpecification","valueRequired":true,"valueName":"search_term_string"}}],"inLanguage":"fr-FR"},{"@type":"Organization","@id":"https:\/\/bobea.net\/#organization","name":"Bobea","url":"https:\/\/bobea.net\/","logo":{"@type":"ImageObject","inLanguage":"fr-FR","@id":"https:\/\/bobea.net\/#\/schema\/logo\/image\/","url":"https:\/\/bobea.net\/wp-content\/uploads\/2024\/06\/bobea.jpg","contentUrl":"https:\/\/bobea.net\/wp-content\/uploads\/2024\/06\/bobea.jpg","width":1080,"height":1080,"caption":"Bobea"},"image":{"@id":"https:\/\/bobea.net\/#\/schema\/logo\/image\/"},"sameAs":["https:\/\/web.facebook.com\/profile.php?id=61559252188416"]},{"@type":"Person","@id":"https:\/\/bobea.net\/#\/schema\/person\/e7f45ef187918d7c956bf619dce90ccf","name":"bobea.info","image":{"@type":"ImageObject","inLanguage":"fr-FR","@id":"https:\/\/bobea.net\/#\/schema\/person\/image\/","url":"https:\/\/secure.gravatar.com\/avatar\/36147980349df887ae30808df3e29474?s=96&d=mm&r=g","contentUrl":"https:\/\/secure.gravatar.com\/avatar\/36147980349df887ae30808df3e29474?s=96&d=mm&r=g","caption":"bobea.info"},"sameAs":["https:\/\/bobea.net"],"url":"https:\/\/bobea.net\/index.php\/author\/bobea-info\/"}]}},"_links":{"self":[{"href":"https:\/\/bobea.net\/index.php\/wp-json\/wp\/v2\/posts\/9745"}],"collection":[{"href":"https:\/\/bobea.net\/index.php\/wp-json\/wp\/v2\/posts"}],"about":[{"href":"https:\/\/bobea.net\/index.php\/wp-json\/wp\/v2\/types\/post"}],"author":[{"embeddable":true,"href":"https:\/\/bobea.net\/index.php\/wp-json\/wp\/v2\/users\/1"}],"replies":[{"embeddable":true,"href":"https:\/\/bobea.net\/index.php\/wp-json\/wp\/v2\/comments?post=9745"}],"version-history":[{"count":0,"href":"https:\/\/bobea.net\/index.php\/wp-json\/wp\/v2\/posts\/9745\/revisions"}],"wp:featuredmedia":[{"embeddable":true,"href":"https:\/\/bobea.net\/index.php\/wp-json\/wp\/v2\/media\/9746"}],"wp:attachment":[{"href":"https:\/\/bobea.net\/index.php\/wp-json\/wp\/v2\/media?parent=9745"}],"wp:term":[{"taxonomy":"category","embeddable":true,"href":"https:\/\/bobea.net\/index.php\/wp-json\/wp\/v2\/categories?post=9745"},{"taxonomy":"post_tag","embeddable":true,"href":"https:\/\/bobea.net\/index.php\/wp-json\/wp\/v2\/tags?post=9745"}],"curies":[{"name":"wp","href":"https:\/\/api.w.org\/{rel}","templated":true}]}}