{"id":9498,"date":"2025-02-16T00:16:53","date_gmt":"2025-02-16T00:16:53","guid":{"rendered":"https:\/\/bobea.net\/?p=9498"},"modified":"2025-02-16T00:16:56","modified_gmt":"2025-02-16T00:16:56","slug":"levolution-de-la-beaute-feminine-a-travers-les-epoques","status":"publish","type":"post","link":"https:\/\/bobea.net\/index.php\/2025\/02\/16\/levolution-de-la-beaute-feminine-a-travers-les-epoques\/","title":{"rendered":"L\u2019\u00c9VOLUTION DE LA BEAUT\u00c9 F\u00c9MININE \u00c0 TRAVERS LES \u00c9POQUES"},"content":{"rendered":"\n<p>Dans ce dossier, nous explorons l\u2019\u00e9vo\u00adlu\u00adtion des id\u00e9aux de beaut\u00e9 f\u00e9mi\u00adnine et l\u2019in\u00addus\u00adtrie du man\u00adnequinat \u00e0 tra\u00advers dif\u00adf\u00e9rentes p\u00e9ri\u00adodes his\u00adtoriques. Apr\u00e8s avoir abor\u00add\u00e9 les \u00e9po\u00adques \u201cAvant 1960 : Belles et r\u00eaveuses\u201d et \u201c1960\u20131980 : Sexe and Love\u201d, nous nous pen\u00adchons aujour\u00add\u2019hui sur la p\u00e9ri\u00adode des super\u00admod\u00adels, de 1980 aux ann\u00e9es 2000.<\/p>\n\n\n\n<p>Par\u00adtie 3 : 1980\u20132000 \u2014 La femme sub\u00adlim\u00e9e : l\u2019\u00e8re des super\u00admod\u00adels<\/p>\n\n\n\n<p><strong>1. L\u2019as\u00adcen\u00adsion ful\u00adgu\u00adrante des super\u00admod\u00adels<\/strong><\/p>\n\n\n\n<p>L\u2019\u00e8re des super\u00admod\u00adels d\u00e9bute au milieu des ann\u00e9es 1980, mar\u00adquant un tour\u00adnant dans l\u2019in\u00addus\u00adtrie de la mode. Le \u201cTrin\u00adi\u00adty\u201d, com\u00adpos\u00e9 de Lin\u00adda Evan\u00adge\u00adlista, Christy Turling\u00adton et Nao\u00admi Camp\u00adbell, \u00e9merge sous l\u2019\u0153il avis\u00e9 du pho\u00adtographe Steven Meisel. Ces trois man\u00adnequins red\u00e9finis\u00adsent les stan\u00addards de beaut\u00e9 et de suc\u00adc\u00e8s dans le monde du man\u00adnequinat.<\/p>\n\n\n\n<p>Rapi\u00adde\u00adment, le trio s\u2019\u00e9lar\u00adgit pour for\u00admer le \u201cBig Six\u201d, inclu\u00adant Cindy Craw\u00adford, Clau\u00addia Schif\u00adfer et Tat\u00adjana Patitz. Ces femmes ne sont plus de sim\u00adples mod\u00ad\u00e8les, mais devi\u00aden\u00adnent de v\u00e9ri\u00adta\u00adbles ic\u00f4nes cul\u00adturelles. Leur influ\u00adence s\u2019\u00e9\u00adtend bien au-del\u00e0 des podi\u00adums, touchant tous les aspects de la cul\u00adture pop\u00adu\u00adlaire.<\/p>\n\n\n\n<p>Les super\u00admod\u00adels appa\u00adrais\u00adsent dans des cam\u00adpagnes pub\u00adlic\u00adi\u00adtaires \u00e0 gros bud\u00adget, font la une des mag\u00ada\u00adzines les plus pres\u00adtigieux et devi\u00aden\u00adnent les \u00e9g\u00e9ries de grandes mar\u00adques de luxe. Leur pr\u00e9sence est si dom\u00adi\u00adnante qu\u2019elles \u00e9clipsent sou\u00advent les cr\u00e9a\u00adteurs de mode eux-m\u00eames.<\/p>\n\n\n\n<p>Cette p\u00e9ri\u00adode voit aus\u00adsi l\u2019\u00e9mer\u00adgence de man\u00adnequins mas\u00adculins c\u00e9l\u00e8bres, comme Mar\u00adcus Schenken\u00adberg et Mark Wahlberg, bien que leur statut n\u2019at\u00adteigne jamais celui de leurs homo\u00adlogues f\u00e9minines.<\/p>\n\n\n\n<figure class=\"wp-block-image size-full\"><img loading=\"lazy\" decoding=\"async\" width=\"1024\" height=\"768\" src=\"https:\/\/bobea.net\/wp-content\/uploads\/2025\/02\/SUPERMODELS-18.jpg\" alt class=\"wp-image-9499\" srcset=\"https:\/\/bobea.net\/wp-content\/uploads\/2025\/02\/SUPERMODELS-18.jpg 1024w, https:\/\/bobea.net\/wp-content\/uploads\/2025\/02\/SUPERMODELS-18-300x225.jpg 300w, https:\/\/bobea.net\/wp-content\/uploads\/2025\/02\/SUPERMODELS-18-768x576.jpg 768w\" sizes=\"(max-width: 1024px) 100vw, 1024px\"><\/figure>\n\n\n\n<p>L\u2019im\u00adpact des super\u00admod\u00adels sur la soci\u00e9t\u00e9 est con\u00adsid\u00ad\u00e9rable. Elles incar\u00adnent un id\u00e9al de beaut\u00e9 \u00e0 la fois glam\u00adour et acces\u00adsi\u00adble, inspi\u00adrant des mil\u00adlions de femmes \u00e0 tra\u00advers le monde. Leur style de vie jet-set, leurs rela\u00adtions amoureuses m\u00e9di\u00adatis\u00e9es et leurs appari\u00adtions dans des clips musi\u00adcaux et des films con\u00adtribuent \u00e0 cr\u00e9er une v\u00e9ri\u00adta\u00adble mytholo\u00adgie autour de leur per\u00adson\u00adnage.<\/p>\n\n\n\n<p>Cette ascen\u00adsion ful\u00adgu\u00adrante mar\u00adque le d\u00e9but d\u2019une nou\u00advelle \u00e8re o\u00f9 les man\u00adnequins devi\u00aden\u00adnent des c\u00e9l\u00e9brit\u00e9s \u00e0 part enti\u00e8re, ouvrant la voie \u00e0 une trans\u00adfor\u00adma\u00adtion pro\u00adfonde de l\u2019in\u00addus\u00adtrie de la mode et de la per\u00adcep\u00adtion de la beaut\u00e9 f\u00e9mi\u00adnine.<\/p>\n\n\n\n<p><strong>2. Des ic\u00f4nes mil\u00adlion\u00adnaires<\/strong><\/p>\n\n\n\n<p>L\u2019\u00e8re des super\u00admod\u00adels trans\u00adforme rad\u00adi\u00adcale\u00adment l\u2019aspect \u00e9conomique du man\u00adnequinat. Ces femmes ne sont plus de sim\u00adples vis\u00adages pour les cr\u00e9a\u00adteurs, mais de v\u00e9ri\u00adta\u00adbles mar\u00adques \u00e0 elles seules, capa\u00adbles de n\u00e9goci\u00ader des con\u00adtrats sans pr\u00e9c\u00e9\u00addent.<\/p>\n\n\n\n<p>Lin\u00adda Evan\u00adge\u00adlista mar\u00adque les esprits avec sa c\u00e9l\u00e8bre d\u00e9c\u00adla\u00adra\u00adtion : \u201cJe ne sors pas du lit pour moins de 10 000 $ par jour\u201d. Cette phrase sym\u00adbol\u00adise le nou\u00adveau pou\u00advoir \u00e9conomique des super\u00admod\u00adels. Clau\u00addia Schif\u00adfer, quant \u00e0 elle, demande jusqu\u2019\u00e0 50 000 $ par jour de tra\u00advail, un mon\u00adtant inimag\u00adin\u00adable pour les man\u00adnequins des d\u00e9cen\u00adnies pr\u00e9c\u00e9\u00addentes.<\/p>\n\n\n\n<p>Les super\u00admod\u00adels diver\u00adsi\u00adfient leurs activ\u00adit\u00e9s, trans\u00adfor\u00admant leur notori\u00e9t\u00e9 en v\u00e9ri\u00adta\u00adbles empires com\u00admer\u00adci\u00adaux. Elles lan\u00adcent leurs pro\u00adpres lignes de pro\u00adduits, allant des cos\u00adm\u00e9\u00adtiques aux v\u00eate\u00adments, en pas\u00adsant par les par\u00adfums. Cindy Craw\u00adford, par exem\u00adple, d\u00e9veloppe une gamme de pro\u00adduits de beaut\u00e9 \u00e0 suc\u00adc\u00e8s, tan\u00addis que Nao\u00admi Camp\u00adbell s\u2019aven\u00adture dans la musique et l\u2019\u00e9di\u00adtion.<\/p>\n\n\n\n<figure class=\"wp-block-image size-full\"><img loading=\"lazy\" decoding=\"async\" width=\"1024\" height=\"768\" src=\"https:\/\/bobea.net\/wp-content\/uploads\/2025\/02\/QUPERMD-6.jpg\" alt class=\"wp-image-9500\" srcset=\"https:\/\/bobea.net\/wp-content\/uploads\/2025\/02\/QUPERMD-6.jpg 1024w, https:\/\/bobea.net\/wp-content\/uploads\/2025\/02\/QUPERMD-6-300x225.jpg 300w, https:\/\/bobea.net\/wp-content\/uploads\/2025\/02\/QUPERMD-6-768x576.jpg 768w\" sizes=\"(max-width: 1024px) 100vw, 1024px\"><\/figure>\n\n\n\n<p>Leurs revenus atteignent des som\u00admets ver\u00adtig\u00adineux. En 1995, Clau\u00addia Schif\u00adfer est class\u00e9e par Forbes comme le man\u00adnequin le mieux pay\u00e9 au monde, avec des revenus annuels estim\u00e9s \u00e0 12 mil\u00adlions de dol\u00adlars. Ces chiffres sont d\u2019au\u00adtant plus impres\u00adsion\u00adnants qu\u2019ils d\u00e9passent sou\u00advent ceux des actri\u00adces et chanteuses de l\u2019\u00e9poque.<\/p>\n\n\n\n<p>Cette r\u00e9us\u00adsite finan\u00adci\u00e8re s\u2019ac\u00adcom\u00adpa\u00adgne d\u2019une influ\u00adence gran\u00addis\u00adsante dans l\u2019in\u00addus\u00adtrie de la mode. Les super\u00admod\u00adels peu\u00advent d\u00e9sor\u00admais choisir leurs con\u00adtrats, influ\u00adencer les col\u00adlec\u00adtions des cr\u00e9a\u00adteurs et m\u00eame lancer leurs pro\u00adpres ten\u00addances.<\/p>\n\n\n\n<p>Leur suc\u00adc\u00e8s \u00e9conomique a un impact durable sur l\u2019in\u00addus\u00adtrie du man\u00adnequinat, ouvrant la voie \u00e0 une nou\u00advelle g\u00e9n\u00e9ra\u00adtion de man\u00adnequins-entre\u00adpre\u00adneurs. Il red\u00e9finit \u00e9gale\u00adment les rela\u00adtions de pou\u00advoir au sein de l\u2019in\u00addus\u00adtrie de la mode, don\u00adnant aux man\u00adnequins une voix et une influ\u00adence qu\u2019elles n\u2019avaient jamais eues aupar\u00ada\u00advant.<\/p>\n\n\n\n<p><strong>3. Des r\u00e9v\u00e9la\u00adtions et des ic\u00f4nes<\/strong><\/p>\n\n\n\n<p>L\u2019\u00e8re des super\u00admod\u00adels voit l\u2019\u00e9mer\u00adgence de fig\u00adures embl\u00e9\u00adma\u00adtiques qui red\u00e9finis\u00adsent les stan\u00addards de beaut\u00e9 et brisent les bar\u00adri\u00e8res de l\u2019in\u00addus\u00adtrie de la mode.<\/p>\n\n\n\n<p>Kate Moss appa\u00adra\u00eet comme une r\u00e9v\u00e9la\u00adtion, incar\u00adnant un nou\u00adveau type de beaut\u00e9 plus androg\u00ady\u00adne et grunge. Son physique mince et son allure naturelle con\u00adtrastent avec l\u2019im\u00adage glam\u00adour et ath\u00adl\u00e9\u00adtique des super\u00admod\u00adels pr\u00e9c\u00e9\u00addents. D\u00e9cou\u00adverte \u00e0 l\u2019\u00e2ge de 14 ans \u00e0 l\u2019a\u00e9ro\u00adport JFK, Kate Moss devient rapi\u00adde\u00adment l\u2019ic\u00f4ne du mou\u00adve\u00adment \u201chero\u00adin chic\u201d, sus\u00adci\u00adtant \u00e0 la fois l\u2019ad\u00admi\u00adra\u00adtion et la con\u00adtro\u00adverse. Sa col\u00adlab\u00ado\u00adra\u00adtion avec Calvin Klein en 1993 mar\u00adque un tour\u00adnant dans l\u2019esth\u00e9\u00adtique de la mode des ann\u00e9es 90.<\/p>\n\n\n\n<p>Nao\u00admi Camp\u00adbell s\u2019im\u00adpose comme une ic\u00f4ne incon\u00adtourn\u00adable, brisant les bar\u00adri\u00e8res raciales dans une indus\u00adtrie longtemps dom\u00adin\u00e9e par les man\u00adnequins blancs. Pre\u00admi\u00e8re femme noire \u00e0 faire la cou\u00adver\u00adture du Vogue fran\u00e7ais en 1988, elle devient un sym\u00adbole de diver\u00adsit\u00e9 et de fiert\u00e9 pour de nom\u00adbreuses femmes de couleur. Son charisme, sa d\u00e9marche dis\u00adtinc\u00adtive et son engage\u00adment con\u00adtre le racisme dans la mode en font une fig\u00adure embl\u00e9\u00adma\u00adtique de cette \u00e9poque.<\/p>\n\n\n\n<p>D\u2019autres man\u00adnequins mar\u00adquent \u00e9gale\u00adment cette p\u00e9ri\u00adode par leur sin\u00adgu\u00adlar\u00adit\u00e9. Christy Turling\u00adton se dis\u00adtingue par son \u00e9l\u00e9\u00adgance clas\u00adsique et son engage\u00adment human\u00adi\u00adtaire. Lin\u00adda Evan\u00adge\u00adlista, con\u00adnue pour sa capac\u00adit\u00e9 \u00e0 se m\u00e9ta\u00admor\u00adphoser, incar\u00adne la ver\u00adsa\u00adtil\u00adit\u00e9 de la beaut\u00e9 mod\u00aderne.<\/p>\n\n\n\n<figure class=\"wp-block-image size-full\"><img loading=\"lazy\" decoding=\"async\" width=\"1024\" height=\"768\" src=\"https:\/\/bobea.net\/wp-content\/uploads\/2025\/02\/SUPERMODE15.jpg\" alt class=\"wp-image-9501\" srcset=\"https:\/\/bobea.net\/wp-content\/uploads\/2025\/02\/SUPERMODE15.jpg 1024w, https:\/\/bobea.net\/wp-content\/uploads\/2025\/02\/SUPERMODE15-300x225.jpg 300w, https:\/\/bobea.net\/wp-content\/uploads\/2025\/02\/SUPERMODE15-768x576.jpg 768w\" sizes=\"(max-width: 1024px) 100vw, 1024px\"><\/figure>\n\n\n\n<p>Ces ic\u00f4nes ne se con\u00adtentent pas de d\u00e9fil\u00ader sur les podi\u00adums. Elles appa\u00adrais\u00adsent dans des clips musi\u00adcaux, comme le \u201cFree\u00addom! \u201890\u201d de George Michael, qui met en sc\u00e8ne plusieurs super\u00admod\u00adels. Elles font la une des mag\u00ada\u00adzines, non seule\u00adment pour leur beaut\u00e9, mais aus\u00adsi pour leurs opin\u00adions et leur style de vie.<\/p>\n\n\n\n<p>Leur influ\u00adence d\u00e9passe large\u00adment le cadre de la mode, red\u00e9finis\u00adsant les stan\u00addards de beaut\u00e9 et ouvrant la voie \u00e0 une plus grande diver\u00adsit\u00e9 dans la repr\u00e9sen\u00adta\u00adtion f\u00e9mi\u00adnine dans les m\u00e9dias.<\/p>\n\n\n\n<p><strong>4. Le d\u00e9clin et l\u2019h\u00e9ritage<\/strong><\/p>\n\n\n\n<p>Vers la fin des ann\u00e9es 1990, l\u2019\u00e8re des super\u00admod\u00adels com\u00admence \u00e0 d\u00e9clin\u00ader. Plusieurs fac\u00adteurs con\u00adtribuent \u00e0 ce change\u00adment dans l\u2019in\u00addus\u00adtrie de la mode.<\/p>\n\n\n\n<p>Les actri\u00adces et les chanteuses com\u00admen\u00adcent \u00e0 pren\u00addre le dessus dans les mag\u00ada\u00adzines et les cam\u00adpagnes pub\u00adlic\u00adi\u00adtaires. Des stars comme Julia Roberts ou Gwyneth Pal\u00adtrow appa\u00adrais\u00adsent en cou\u00adver\u00adture des mag\u00ada\u00adzines de mode, offrant une nou\u00advelle forme de c\u00e9l\u00e9brit\u00e9 plus poly\u00adva\u00adlente. Les mar\u00adques de luxe se tour\u00adnent vers ces c\u00e9l\u00e9brit\u00e9s pour repr\u00e9sen\u00adter leurs pro\u00adduits, esti\u00admant qu\u2019elles ont un attrait plus large aupr\u00e8s du pub\u00adlic.<\/p>\n\n\n\n<p>L\u2019in\u00addus\u00adtrie de la mode elle-m\u00eame \u00e9volue. Les cr\u00e9a\u00adteurs cherchent des vis\u00adages nou\u00adveaux et moins con\u00adnus pour leurs d\u00e9fil\u00e9s, pr\u00e9f\u00e9rant que l\u2019at\u00adten\u00adtion se porte sur leurs v\u00eate\u00adments plut\u00f4t que sur les man\u00adnequins. Le con\u00adcept de \u201cman\u00adnequin anonyme\u201d gagne en pop\u00adu\u00adlar\u00adit\u00e9.<\/p>\n\n\n\n<figure class=\"wp-block-image size-full\"><img loading=\"lazy\" decoding=\"async\" width=\"1024\" height=\"768\" src=\"https:\/\/bobea.net\/wp-content\/uploads\/2025\/02\/QUPERMDE-2.jpg\" alt class=\"wp-image-9502\" srcset=\"https:\/\/bobea.net\/wp-content\/uploads\/2025\/02\/QUPERMDE-2.jpg 1024w, https:\/\/bobea.net\/wp-content\/uploads\/2025\/02\/QUPERMDE-2-300x225.jpg 300w, https:\/\/bobea.net\/wp-content\/uploads\/2025\/02\/QUPERMDE-2-768x576.jpg 768w\" sizes=\"(max-width: 1024px) 100vw, 1024px\"><\/figure>\n\n\n\n<p>Cepen\u00addant, l\u2019h\u00e9ritage des super\u00admod\u00adels reste ind\u00e9\u00adni\u00adable. Elles ont trans\u00adfor\u00adm\u00e9 le r\u00f4le du man\u00adnequin dans la soci\u00e9t\u00e9, pas\u00adsant du statut de sim\u00adple \u201cporte-man\u00adteau\u201d \u00e0 celui de c\u00e9l\u00e9brit\u00e9 influ\u00adente et d\u2019en\u00adtre\u00adpre\u00adneuse. Leur impact sur la cul\u00adture pop\u00adu\u00adlaire per\u00addure, influ\u00aden\u00e7ant la fa\u00e7on dont la beaut\u00e9 et le suc\u00adc\u00e8s sont per\u00e7us.<\/p>\n\n\n\n<p>Les super\u00admod\u00adels ont \u00e9gale\u00adment ouvert la voie \u00e0 une nou\u00advelle g\u00e9n\u00e9ra\u00adtion de man\u00adnequins. Des femmes comme Gise\u00adle B\u00fcnd\u00adchen, qui \u00e9merge \u00e0 la fin des ann\u00e9es 90, h\u00e9ri\u00adtent de leur influ\u00adence tout en appor\u00adtant leur pro\u00adpre style.<\/p>\n\n\n\n<p>L\u2019\u00e8re des super\u00admod\u00adels a \u00e9gale\u00adment con\u00adtribu\u00e9 \u00e0 une plus grande diver\u00adsit\u00e9 dans l\u2019in\u00addus\u00adtrie de la mode. Le suc\u00adc\u00e8s de Nao\u00admi Camp\u00adbell a ouvert des portes pour d\u2019autres man\u00adnequins de couleur, bien que des pro\u00adgr\u00e8s restent \u00e0 faire dans ce domaine.<\/p>\n\n\n\n<p>Enfin, leur influ\u00adence se fait encore sen\u00adtir dans la fa\u00e7on dont les man\u00adnequins g\u00e8rent leur car\u00adri\u00e8re, beau\u00adcoup adop\u00adtant l\u2019ap\u00adproche entre\u00adpre\u00adneuri\u00adale ini\u00adti\u00e9e par les super\u00admod\u00adels des ann\u00e9es 80 et 90.<\/p>\n\n\n\n<p>Con\u00adclu\u00adsion et per\u00adspec\u00adtives<\/p>\n\n\n\n<p>L\u2019\u00e8re des super\u00admod\u00adels des ann\u00e9es 1980\u20132000 a pro\u00adfond\u00e9\u00adment trans\u00adfor\u00adm\u00e9 l\u2019in\u00addus\u00adtrie de la mode et red\u00e9fi\u00adni les stan\u00addards de beaut\u00e9 f\u00e9mi\u00adnine. Ces femmes ont tran\u00adscend\u00e9 leur r\u00f4le de man\u00adnequins pour devenir de v\u00e9ri\u00adta\u00adbles ic\u00f4nes cul\u00adturelles, influ\u00aden\u00e7ant la soci\u00e9t\u00e9 bien au-del\u00e0 du domaine de la mode.<\/p>\n\n\n\n<p>Leur h\u00e9ritage con\u00adtin\u00adue de fa\u00e7on\u00adner l\u2019in\u00addus\u00adtrie du man\u00adnequinat aujour\u00add\u2019hui. Les mod\u00ad\u00e8les actuels, inspir\u00e9s par leurs pr\u00e9d\u00e9cesseurs, com\u00adbi\u00adnent car\u00adri\u00e8re sur les podi\u00adums avec entre\u00adpre\u00adneuri\u00adat et activisme social. La diver\u00adsit\u00e9 et l\u2019in\u00adclu\u00adsiv\u00adit\u00e9, des enjeux mis en lumi\u00e8re par les super\u00admod\u00adels de couleur comme Nao\u00admi Camp\u00adbell, sont d\u00e9sor\u00admais au c\u0153ur des pr\u00e9oc\u00adcu\u00adpa\u00adtions de l\u2019in\u00addus\u00adtrie.<\/p>\n\n\n\n<figure class=\"wp-block-image size-full\"><img loading=\"lazy\" decoding=\"async\" width=\"1024\" height=\"768\" src=\"https:\/\/bobea.net\/wp-content\/uploads\/2025\/02\/SUPERMODELS-20.jpg\" alt class=\"wp-image-9503\" srcset=\"https:\/\/bobea.net\/wp-content\/uploads\/2025\/02\/SUPERMODELS-20.jpg 1024w, https:\/\/bobea.net\/wp-content\/uploads\/2025\/02\/SUPERMODELS-20-300x225.jpg 300w, https:\/\/bobea.net\/wp-content\/uploads\/2025\/02\/SUPERMODELS-20-768x576.jpg 768w\" sizes=\"(max-width: 1024px) 100vw, 1024px\"><\/figure>\n\n\n\n<p>Dans notre prochaine et derni\u00e8re par\u00adtie, \u201c2000 \u00e0 aujour\u00add\u2019hui : Belles, fortes et d\u00e9ter\u00admin\u00e9es\u201d, nous explorerons com\u00adment les man\u00adnequins con\u00adtem\u00adpo\u00adrains comme Gise\u00adle B\u00fcnd\u00adchen, Adri\u00adana Lima, Kendall Jen\u00adner, Gigi et Bel\u00adla Hadid pour\u00adsuiv\u00adent cette \u00e9vo\u00adlu\u00adtion. Nous ver\u00adrons com\u00adment elles utilisent leur influ\u00adence pour pro\u00admou\u00advoir des caus\u00ades impor\u00adtantes telles que la dura\u00adbil\u00adit\u00e9 envi\u00adron\u00adnemen\u00adtale, la san\u00adt\u00e9 men\u00adtale et l\u2019\u00e9\u00adgal\u00adit\u00e9 des gen\u00adres.<\/p>\n\n\n\n<p>Nous exam\u00adinerons \u00e9gale\u00adment l\u2019im\u00adpact des r\u00e9seaux soci\u00adaux sur l\u2019in\u00addus\u00adtrie du man\u00adnequinat, cr\u00e9ant de nou\u00advelles oppor\u00adtu\u00adnit\u00e9s mais aus\u00adsi de nou\u00adveaux d\u00e9fis. L\u2019\u00e9mer\u00adgence des \u201cinflu\u00adenceurs\u201d et des man\u00adnequins virtuels sera abor\u00add\u00e9e, ques\u00adtion\u00adnant les notions tra\u00addi\u00adtion\u00adnelles de beaut\u00e9 et de c\u00e9l\u00e9brit\u00e9.<\/p>\n\n\n\n<p>Enfin, nous nous pencherons sur les mou\u00adve\u00adments #MeToo et Body Pos\u00adi\u00adtiv\u00adi\u00adty, qui ont sec\u00adou\u00e9 l\u2019in\u00addus\u00adtrie de la mode, pous\u00adsant \u00e0 une plus grande trans\u00adparence et \u00e0 une red\u00e9f\u00adi\u00adni\u00adtion des stan\u00addards de beaut\u00e9.<\/p>\n\n\n\n<p>Cette derni\u00e8re par\u00adtie nous per\u00adme\u00adt\u00adtra de com\u00adpren\u00addre com\u00adment l\u2019h\u00e9ritage des super\u00admod\u00adels con\u00adtin\u00adue d\u2019in\u00adflu\u00adencer et de se trans\u00adformer dans le paysage en con\u00adstante \u00e9vo\u00adlu\u00adtion de la mode et de la beaut\u00e9 du 21\u00e8me si\u00e8\u00adcle.<\/p>\n","protected":false},"excerpt":{"rendered":"<p>Dans ce dossier, nous explorons l\u2019\u00e9vo\u00adlu\u00adtion des id\u00e9aux de beaut\u00e9 f\u00e9mi\u00adnine et l\u2019in\u00addus\u00adtrie du man\u00adnequinat \u00e0 tra\u00advers dif\u00adf\u00e9rentes p\u00e9ri\u00adodes his\u00adtoriques. Apr\u00e8s avoir abor\u00add\u00e9 les \u00e9po\u00adques \u201cAvant 1960 : Belles et\u2026 <\/p>\n","protected":false},"author":1,"featured_media":9103,"comment_status":"open","ping_status":"open","sticky":false,"template":"","format":"standard","meta":{"wp_typography_post_enhancements_disabled":false,"footnotes":""},"categories":[51],"tags":[],"class_list":["post-9498","post","type-post","status-publish","format-standard","has-post-thumbnail","hentry","category-beaute"],"yoast_head":"<!-- This site is optimized with the Yoast SEO plugin v24.7 - https:\/\/yoast.com\/wordpress\/plugins\/seo\/ -->\n<title>L&#039;\u00c9VOLUTION DE LA BEAUT\u00c9 F\u00c9MININE \u00c0 TRAVERS LES \u00c9POQUES - Bobea<\/title>\n<meta name=\"robots\" content=\"index, follow, max-snippet:-1, max-image-preview:large, max-video-preview:-1\" \/>\n<link rel=\"canonical\" href=\"https:\/\/bobea.net\/index.php\/2025\/02\/16\/levolution-de-la-beaute-feminine-a-travers-les-epoques\/\" \/>\n<meta property=\"og:locale\" content=\"fr_FR\" \/>\n<meta property=\"og:type\" content=\"article\" \/>\n<meta property=\"og:title\" content=\"L&#039;\u00c9VOLUTION DE LA BEAUT\u00c9 F\u00c9MININE \u00c0 TRAVERS LES \u00c9POQUES - Bobea\" \/>\n<meta property=\"og:description\" content=\"Dans ce dossier, nous explorons l\u2019\u00e9vo\u00adlu\u00adtion des id\u00e9aux de beaut\u00e9 f\u00e9mi\u00adnine et l\u2019in\u00addus\u00adtrie du man\u00adnequinat \u00e0 tra\u00advers dif\u00adf\u00e9rentes p\u00e9ri\u00adodes his\u00adtoriques. Apr\u00e8s avoir abor\u00add\u00e9 les \u00e9po\u00adques \u201cAvant 1960 : Belles et&hellip;\" \/>\n<meta property=\"og:url\" content=\"https:\/\/bobea.net\/index.php\/2025\/02\/16\/levolution-de-la-beaute-feminine-a-travers-les-epoques\/\" \/>\n<meta property=\"og:site_name\" content=\"Bobea\" \/>\n<meta property=\"article:publisher\" content=\"https:\/\/web.facebook.com\/profile.php?id=61559252188416\" \/>\n<meta property=\"article:published_time\" content=\"2025-02-16T00:16:53+00:00\" \/>\n<meta property=\"article:modified_time\" content=\"2025-02-16T00:16:56+00:00\" \/>\n<meta property=\"og:image\" content=\"https:\/\/bobea.net\/wp-content\/uploads\/2025\/02\/belle-tradi.jpg\" \/>\n\t<meta property=\"og:image:width\" content=\"720\" \/>\n\t<meta property=\"og:image:height\" content=\"1038\" \/>\n\t<meta property=\"og:image:type\" content=\"image\/jpeg\" \/>\n<meta name=\"author\" content=\"bobea.info\" \/>\n<meta name=\"twitter:card\" content=\"summary_large_image\" \/>\n<meta name=\"twitter:label1\" content=\"\u00c9crit par\" \/>\n\t<meta name=\"twitter:data1\" content=\"bobea.info\" \/>\n\t<meta name=\"twitter:label2\" content=\"Dur\u00e9e de lecture estim\u00e9e\" \/>\n\t<meta name=\"twitter:data2\" content=\"9 minutes\" \/>\n<script type=\"application\/ld+json\" class=\"yoast-schema-graph\">{\"@context\":\"https:\/\/schema.org\",\"@graph\":[{\"@type\":\"Article\",\"@id\":\"https:\/\/bobea.net\/index.php\/2025\/02\/16\/levolution-de-la-beaute-feminine-a-travers-les-epoques\/#article\",\"isPartOf\":{\"@id\":\"https:\/\/bobea.net\/index.php\/2025\/02\/16\/levolution-de-la-beaute-feminine-a-travers-les-epoques\/\"},\"author\":{\"name\":\"bobea.info\",\"@id\":\"https:\/\/bobea.net\/#\/schema\/person\/e7f45ef187918d7c956bf619dce90ccf\"},\"headline\":\"L\u2019\u00c9VOLUTION DE LA BEAUT\u00c9 F\u00c9MININE \u00c0 TRAVERS LES \u00c9POQUES\",\"datePublished\":\"2025-02-16T00:16:53+00:00\",\"dateModified\":\"2025-02-16T00:16:56+00:00\",\"mainEntityOfPage\":{\"@id\":\"https:\/\/bobea.net\/index.php\/2025\/02\/16\/levolution-de-la-beaute-feminine-a-travers-les-epoques\/\"},\"wordCount\":1626,\"commentCount\":0,\"publisher\":{\"@id\":\"https:\/\/bobea.net\/#organization\"},\"image\":{\"@id\":\"https:\/\/bobea.net\/index.php\/2025\/02\/16\/levolution-de-la-beaute-feminine-a-travers-les-epoques\/#primaryimage\"},\"thumbnailUrl\":\"https:\/\/bobea.net\/wp-content\/uploads\/2025\/02\/belle-tradi.jpg\",\"articleSection\":[\"Beaut\u00e9\"],\"inLanguage\":\"fr-FR\",\"potentialAction\":[{\"@type\":\"CommentAction\",\"name\":\"Comment\",\"target\":[\"https:\/\/bobea.net\/index.php\/2025\/02\/16\/levolution-de-la-beaute-feminine-a-travers-les-epoques\/#respond\"]}]},{\"@type\":\"WebPage\",\"@id\":\"https:\/\/bobea.net\/index.php\/2025\/02\/16\/levolution-de-la-beaute-feminine-a-travers-les-epoques\/\",\"url\":\"https:\/\/bobea.net\/index.php\/2025\/02\/16\/levolution-de-la-beaute-feminine-a-travers-les-epoques\/\",\"name\":\"L'\u00c9VOLUTION DE LA BEAUT\u00c9 F\u00c9MININE \u00c0 TRAVERS LES \u00c9POQUES - Bobea\",\"isPartOf\":{\"@id\":\"https:\/\/bobea.net\/#website\"},\"primaryImageOfPage\":{\"@id\":\"https:\/\/bobea.net\/index.php\/2025\/02\/16\/levolution-de-la-beaute-feminine-a-travers-les-epoques\/#primaryimage\"},\"image\":{\"@id\":\"https:\/\/bobea.net\/index.php\/2025\/02\/16\/levolution-de-la-beaute-feminine-a-travers-les-epoques\/#primaryimage\"},\"thumbnailUrl\":\"https:\/\/bobea.net\/wp-content\/uploads\/2025\/02\/belle-tradi.jpg\",\"datePublished\":\"2025-02-16T00:16:53+00:00\",\"dateModified\":\"2025-02-16T00:16:56+00:00\",\"breadcrumb\":{\"@id\":\"https:\/\/bobea.net\/index.php\/2025\/02\/16\/levolution-de-la-beaute-feminine-a-travers-les-epoques\/#breadcrumb\"},\"inLanguage\":\"fr-FR\",\"potentialAction\":[{\"@type\":\"ReadAction\",\"target\":[\"https:\/\/bobea.net\/index.php\/2025\/02\/16\/levolution-de-la-beaute-feminine-a-travers-les-epoques\/\"]}]},{\"@type\":\"ImageObject\",\"inLanguage\":\"fr-FR\",\"@id\":\"https:\/\/bobea.net\/index.php\/2025\/02\/16\/levolution-de-la-beaute-feminine-a-travers-les-epoques\/#primaryimage\",\"url\":\"https:\/\/bobea.net\/wp-content\/uploads\/2025\/02\/belle-tradi.jpg\",\"contentUrl\":\"https:\/\/bobea.net\/wp-content\/uploads\/2025\/02\/belle-tradi.jpg\",\"width\":720,\"height\":1038,\"caption\":\"L\u2019\u00e9volution des top models et de la beaut\u00e9 f\u00e9minine \u00e0 travers le temps\"},{\"@type\":\"BreadcrumbList\",\"@id\":\"https:\/\/bobea.net\/index.php\/2025\/02\/16\/levolution-de-la-beaute-feminine-a-travers-les-epoques\/#breadcrumb\",\"itemListElement\":[{\"@type\":\"ListItem\",\"position\":1,\"name\":\"Accueil\",\"item\":\"https:\/\/bobea.net\/\"},{\"@type\":\"ListItem\",\"position\":2,\"name\":\"L&rsquo;\u00c9VOLUTION DE LA BEAUT\u00c9 F\u00c9MININE \u00c0 TRAVERS LES \u00c9POQUES\"}]},{\"@type\":\"WebSite\",\"@id\":\"https:\/\/bobea.net\/#website\",\"url\":\"https:\/\/bobea.net\/\",\"name\":\"Bobea\",\"description\":\"Le magazine de la nouvelle \u00c8ve\",\"publisher\":{\"@id\":\"https:\/\/bobea.net\/#organization\"},\"potentialAction\":[{\"@type\":\"SearchAction\",\"target\":{\"@type\":\"EntryPoint\",\"urlTemplate\":\"https:\/\/bobea.net\/?s={search_term_string}\"},\"query-input\":{\"@type\":\"PropertyValueSpecification\",\"valueRequired\":true,\"valueName\":\"search_term_string\"}}],\"inLanguage\":\"fr-FR\"},{\"@type\":\"Organization\",\"@id\":\"https:\/\/bobea.net\/#organization\",\"name\":\"Bobea\",\"url\":\"https:\/\/bobea.net\/\",\"logo\":{\"@type\":\"ImageObject\",\"inLanguage\":\"fr-FR\",\"@id\":\"https:\/\/bobea.net\/#\/schema\/logo\/image\/\",\"url\":\"https:\/\/bobea.net\/wp-content\/uploads\/2024\/06\/bobea.jpg\",\"contentUrl\":\"https:\/\/bobea.net\/wp-content\/uploads\/2024\/06\/bobea.jpg\",\"width\":1080,\"height\":1080,\"caption\":\"Bobea\"},\"image\":{\"@id\":\"https:\/\/bobea.net\/#\/schema\/logo\/image\/\"},\"sameAs\":[\"https:\/\/web.facebook.com\/profile.php?id=61559252188416\"]},{\"@type\":\"Person\",\"@id\":\"https:\/\/bobea.net\/#\/schema\/person\/e7f45ef187918d7c956bf619dce90ccf\",\"name\":\"bobea.info\",\"image\":{\"@type\":\"ImageObject\",\"inLanguage\":\"fr-FR\",\"@id\":\"https:\/\/bobea.net\/#\/schema\/person\/image\/\",\"url\":\"https:\/\/secure.gravatar.com\/avatar\/36147980349df887ae30808df3e29474?s=96&d=mm&r=g\",\"contentUrl\":\"https:\/\/secure.gravatar.com\/avatar\/36147980349df887ae30808df3e29474?s=96&d=mm&r=g\",\"caption\":\"bobea.info\"},\"sameAs\":[\"https:\/\/bobea.net\"],\"url\":\"https:\/\/bobea.net\/index.php\/author\/bobea-info\/\"}]}<\/script>\n<!-- \/ Yoast SEO plugin. -->","yoast_head_json":{"title":"L'\u00c9VOLUTION DE LA BEAUT\u00c9 F\u00c9MININE \u00c0 TRAVERS LES \u00c9POQUES - Bobea","robots":{"index":"index","follow":"follow","max-snippet":"max-snippet:-1","max-image-preview":"max-image-preview:large","max-video-preview":"max-video-preview:-1"},"canonical":"https:\/\/bobea.net\/index.php\/2025\/02\/16\/levolution-de-la-beaute-feminine-a-travers-les-epoques\/","og_locale":"fr_FR","og_type":"article","og_title":"L'\u00c9VOLUTION DE LA BEAUT\u00c9 F\u00c9MININE \u00c0 TRAVERS LES \u00c9POQUES - Bobea","og_description":"Dans ce dossier, nous explorons l\u2019\u00e9vo\u00adlu\u00adtion des id\u00e9aux de beaut\u00e9 f\u00e9mi\u00adnine et l\u2019in\u00addus\u00adtrie du man\u00adnequinat \u00e0 tra\u00advers dif\u00adf\u00e9rentes p\u00e9ri\u00adodes his\u00adtoriques. Apr\u00e8s avoir abor\u00add\u00e9 les \u00e9po\u00adques \u201cAvant 1960 : Belles et&hellip;","og_url":"https:\/\/bobea.net\/index.php\/2025\/02\/16\/levolution-de-la-beaute-feminine-a-travers-les-epoques\/","og_site_name":"Bobea","article_publisher":"https:\/\/web.facebook.com\/profile.php?id=61559252188416","article_published_time":"2025-02-16T00:16:53+00:00","article_modified_time":"2025-02-16T00:16:56+00:00","og_image":[{"width":720,"height":1038,"url":"https:\/\/bobea.net\/wp-content\/uploads\/2025\/02\/belle-tradi.jpg","type":"image\/jpeg"}],"author":"bobea.info","twitter_card":"summary_large_image","twitter_misc":{"\u00c9crit par":"bobea.info","Dur\u00e9e de lecture estim\u00e9e":"9 minutes"},"schema":{"@context":"https:\/\/schema.org","@graph":[{"@type":"Article","@id":"https:\/\/bobea.net\/index.php\/2025\/02\/16\/levolution-de-la-beaute-feminine-a-travers-les-epoques\/#article","isPartOf":{"@id":"https:\/\/bobea.net\/index.php\/2025\/02\/16\/levolution-de-la-beaute-feminine-a-travers-les-epoques\/"},"author":{"name":"bobea.info","@id":"https:\/\/bobea.net\/#\/schema\/person\/e7f45ef187918d7c956bf619dce90ccf"},"headline":"L\u2019\u00c9VOLUTION DE LA BEAUT\u00c9 F\u00c9MININE \u00c0 TRAVERS LES \u00c9POQUES","datePublished":"2025-02-16T00:16:53+00:00","dateModified":"2025-02-16T00:16:56+00:00","mainEntityOfPage":{"@id":"https:\/\/bobea.net\/index.php\/2025\/02\/16\/levolution-de-la-beaute-feminine-a-travers-les-epoques\/"},"wordCount":1626,"commentCount":0,"publisher":{"@id":"https:\/\/bobea.net\/#organization"},"image":{"@id":"https:\/\/bobea.net\/index.php\/2025\/02\/16\/levolution-de-la-beaute-feminine-a-travers-les-epoques\/#primaryimage"},"thumbnailUrl":"https:\/\/bobea.net\/wp-content\/uploads\/2025\/02\/belle-tradi.jpg","articleSection":["Beaut\u00e9"],"inLanguage":"fr-FR","potentialAction":[{"@type":"CommentAction","name":"Comment","target":["https:\/\/bobea.net\/index.php\/2025\/02\/16\/levolution-de-la-beaute-feminine-a-travers-les-epoques\/#respond"]}]},{"@type":"WebPage","@id":"https:\/\/bobea.net\/index.php\/2025\/02\/16\/levolution-de-la-beaute-feminine-a-travers-les-epoques\/","url":"https:\/\/bobea.net\/index.php\/2025\/02\/16\/levolution-de-la-beaute-feminine-a-travers-les-epoques\/","name":"L'\u00c9VOLUTION DE LA BEAUT\u00c9 F\u00c9MININE \u00c0 TRAVERS LES \u00c9POQUES - Bobea","isPartOf":{"@id":"https:\/\/bobea.net\/#website"},"primaryImageOfPage":{"@id":"https:\/\/bobea.net\/index.php\/2025\/02\/16\/levolution-de-la-beaute-feminine-a-travers-les-epoques\/#primaryimage"},"image":{"@id":"https:\/\/bobea.net\/index.php\/2025\/02\/16\/levolution-de-la-beaute-feminine-a-travers-les-epoques\/#primaryimage"},"thumbnailUrl":"https:\/\/bobea.net\/wp-content\/uploads\/2025\/02\/belle-tradi.jpg","datePublished":"2025-02-16T00:16:53+00:00","dateModified":"2025-02-16T00:16:56+00:00","breadcrumb":{"@id":"https:\/\/bobea.net\/index.php\/2025\/02\/16\/levolution-de-la-beaute-feminine-a-travers-les-epoques\/#breadcrumb"},"inLanguage":"fr-FR","potentialAction":[{"@type":"ReadAction","target":["https:\/\/bobea.net\/index.php\/2025\/02\/16\/levolution-de-la-beaute-feminine-a-travers-les-epoques\/"]}]},{"@type":"ImageObject","inLanguage":"fr-FR","@id":"https:\/\/bobea.net\/index.php\/2025\/02\/16\/levolution-de-la-beaute-feminine-a-travers-les-epoques\/#primaryimage","url":"https:\/\/bobea.net\/wp-content\/uploads\/2025\/02\/belle-tradi.jpg","contentUrl":"https:\/\/bobea.net\/wp-content\/uploads\/2025\/02\/belle-tradi.jpg","width":720,"height":1038,"caption":"L\u2019\u00e9volution des top models et de la beaut\u00e9 f\u00e9minine \u00e0 travers le temps"},{"@type":"BreadcrumbList","@id":"https:\/\/bobea.net\/index.php\/2025\/02\/16\/levolution-de-la-beaute-feminine-a-travers-les-epoques\/#breadcrumb","itemListElement":[{"@type":"ListItem","position":1,"name":"Accueil","item":"https:\/\/bobea.net\/"},{"@type":"ListItem","position":2,"name":"L&rsquo;\u00c9VOLUTION DE LA BEAUT\u00c9 F\u00c9MININE \u00c0 TRAVERS LES \u00c9POQUES"}]},{"@type":"WebSite","@id":"https:\/\/bobea.net\/#website","url":"https:\/\/bobea.net\/","name":"Bobea","description":"Le magazine de la nouvelle \u00c8ve","publisher":{"@id":"https:\/\/bobea.net\/#organization"},"potentialAction":[{"@type":"SearchAction","target":{"@type":"EntryPoint","urlTemplate":"https:\/\/bobea.net\/?s={search_term_string}"},"query-input":{"@type":"PropertyValueSpecification","valueRequired":true,"valueName":"search_term_string"}}],"inLanguage":"fr-FR"},{"@type":"Organization","@id":"https:\/\/bobea.net\/#organization","name":"Bobea","url":"https:\/\/bobea.net\/","logo":{"@type":"ImageObject","inLanguage":"fr-FR","@id":"https:\/\/bobea.net\/#\/schema\/logo\/image\/","url":"https:\/\/bobea.net\/wp-content\/uploads\/2024\/06\/bobea.jpg","contentUrl":"https:\/\/bobea.net\/wp-content\/uploads\/2024\/06\/bobea.jpg","width":1080,"height":1080,"caption":"Bobea"},"image":{"@id":"https:\/\/bobea.net\/#\/schema\/logo\/image\/"},"sameAs":["https:\/\/web.facebook.com\/profile.php?id=61559252188416"]},{"@type":"Person","@id":"https:\/\/bobea.net\/#\/schema\/person\/e7f45ef187918d7c956bf619dce90ccf","name":"bobea.info","image":{"@type":"ImageObject","inLanguage":"fr-FR","@id":"https:\/\/bobea.net\/#\/schema\/person\/image\/","url":"https:\/\/secure.gravatar.com\/avatar\/36147980349df887ae30808df3e29474?s=96&d=mm&r=g","contentUrl":"https:\/\/secure.gravatar.com\/avatar\/36147980349df887ae30808df3e29474?s=96&d=mm&r=g","caption":"bobea.info"},"sameAs":["https:\/\/bobea.net"],"url":"https:\/\/bobea.net\/index.php\/author\/bobea-info\/"}]}},"_links":{"self":[{"href":"https:\/\/bobea.net\/index.php\/wp-json\/wp\/v2\/posts\/9498"}],"collection":[{"href":"https:\/\/bobea.net\/index.php\/wp-json\/wp\/v2\/posts"}],"about":[{"href":"https:\/\/bobea.net\/index.php\/wp-json\/wp\/v2\/types\/post"}],"author":[{"embeddable":true,"href":"https:\/\/bobea.net\/index.php\/wp-json\/wp\/v2\/users\/1"}],"replies":[{"embeddable":true,"href":"https:\/\/bobea.net\/index.php\/wp-json\/wp\/v2\/comments?post=9498"}],"version-history":[{"count":0,"href":"https:\/\/bobea.net\/index.php\/wp-json\/wp\/v2\/posts\/9498\/revisions"}],"wp:featuredmedia":[{"embeddable":true,"href":"https:\/\/bobea.net\/index.php\/wp-json\/wp\/v2\/media\/9103"}],"wp:attachment":[{"href":"https:\/\/bobea.net\/index.php\/wp-json\/wp\/v2\/media?parent=9498"}],"wp:term":[{"taxonomy":"category","embeddable":true,"href":"https:\/\/bobea.net\/index.php\/wp-json\/wp\/v2\/categories?post=9498"},{"taxonomy":"post_tag","embeddable":true,"href":"https:\/\/bobea.net\/index.php\/wp-json\/wp\/v2\/tags?post=9498"}],"curies":[{"name":"wp","href":"https:\/\/api.w.org\/{rel}","templated":true}]}}