{"id":9485,"date":"2025-02-15T23:35:56","date_gmt":"2025-02-15T23:35:56","guid":{"rendered":"https:\/\/bobea.net\/?p=9485"},"modified":"2025-02-15T23:35:58","modified_gmt":"2025-02-15T23:35:58","slug":"greta-gerwig-realisatrice-engagee-pour-la-representation-feminine","status":"publish","type":"post","link":"https:\/\/bobea.net\/index.php\/2025\/02\/15\/greta-gerwig-realisatrice-engagee-pour-la-representation-feminine\/","title":{"rendered":"Greta Gerwig, r\u00e9alisatrice engag\u00e9e pour la repr\u00e9sentation f\u00e9minine&nbsp;"},"content":{"rendered":"\n<p>Gre\u00adta Ger\u00adwig est une r\u00e9al\u00adisatrice, sc\u00e9\u00adnar\u00adiste et actrice am\u00e9ri\u00adcaine qui s\u2019est impos\u00e9e comme une fig\u00adure majeure du cin\u00e9\u00adma ind\u00e9pen\u00addant et f\u00e9min\u00adiste. Ses films, sou\u00advent cen\u00adtr\u00e9s sur des per\u00adson\u00adnages f\u00e9minins com\u00adplex\u00ades et nuanc\u00e9s, explorent les th\u00e8mes de l\u2019i\u00adden\u00adtit\u00e9, de l\u2019ap\u00adpren\u00adtis\u00adsage et du pas\u00adsage \u00e0 l\u2019\u00e2ge adulte.<\/p>\n\n\n\n<p>Les \u00e9tapes cl\u00e9s de sa car\u00adri\u00e8re :<\/p>\n\n\n\n<ol start=\"1\" class=\"wp-block-list\">\n<li>D\u00e9buts dans le cin\u00e9\u00adma ind\u00e9pen\u00addant : Elle se fait con\u00adna\u00eetre en tant qu\u2019ac\u00adtrice et sc\u00e9\u00adnar\u00adiste dans des films ind\u00e9pen\u00addants tels que \u201cHan\u00adnah Takes the Stairs\u201d et \u201cFrances Ha\u201d.<\/li>\n\n\n\n<li>R\u00e9al\u00adi\u00adsa\u00adtion de \u201cLady Bird\u201d : En 2017, elle r\u00e9alise son pre\u00admier film en solo, \u201cLady Bird\u201d, qui re\u00e7oit un accueil cri\u00adtique unanime et est nom\u00adm\u00e9 aux Oscars pour le meilleur film et la meilleure r\u00e9al\u00adi\u00adsa\u00adtion.<\/li>\n<\/ol>\n\n\n\n<ol start=\"3\" class=\"wp-block-list\">\n<li>Suc\u00adc\u00e8s de \u201cLes Filles du doc\u00adteur March\u201d : En 2019, elle adapte le roman clas\u00adsique de Louisa May Alcott, offrant une ver\u00adsion f\u00e9min\u00adiste et \u00e9nergique salu\u00e9e par la cri\u00adtique.<\/li>\n\n\n\n<li>Tri\u00adom\u00adphe avec \u201cBar\u00adbie\u201d : En 2023, elle r\u00e9alise \u201cBar\u00adbie\u201d, un film qui d\u00e9passe le mil\u00adliard de dol\u00adlars au box-office mon\u00addi\u00adal et re\u00e7oit de nom\u00adbreuses nom\u00adi\u00adna\u00adtions aux Gold\u00aden Globes.<\/li>\n<\/ol>\n\n\n\n<figure class=\"wp-block-image size-large\"><img loading=\"lazy\" decoding=\"async\" width=\"1024\" height=\"702\" src=\"https:\/\/bobea.net\/wp-content\/uploads\/2025\/02\/000_33ne3bd-2-1024x702.jpg\" alt class=\"wp-image-9487\" srcset=\"https:\/\/bobea.net\/wp-content\/uploads\/2025\/02\/000_33ne3bd-2-1024x702.jpg 1024w, https:\/\/bobea.net\/wp-content\/uploads\/2025\/02\/000_33ne3bd-2-300x206.jpg 300w, https:\/\/bobea.net\/wp-content\/uploads\/2025\/02\/000_33ne3bd-2-768x527.jpg 768w, https:\/\/bobea.net\/wp-content\/uploads\/2025\/02\/000_33ne3bd-2-1536x1053.jpg 1536w, https:\/\/bobea.net\/wp-content\/uploads\/2025\/02\/000_33ne3bd-2-2048x1404.jpg 2048w\" sizes=\"(max-width: 1024px) 100vw, 1024px\"><\/figure>\n\n\n\n<p>L\u2019im\u00adpact de Gre\u00adta Ger\u00adwig sur le cin\u00e9\u00adma :<\/p>\n\n\n\n<ul class=\"wp-block-list\">\n<li>Repr\u00e9sen\u00adta\u00adtion f\u00e9mi\u00adnine : Ses films met\u00adtent en avant des per\u00adson\u00adnages f\u00e9minins com\u00adplex\u00ades et nuanc\u00e9s.<\/li>\n\n\n\n<li>F\u00e9min\u00adisme acces\u00adsi\u00adble : Elle abor\u00adde des th\u00e8mes f\u00e9min\u00adistes de mani\u00e8re intel\u00adli\u00adgente et grand pub\u00adlic.<\/li>\n\n\n\n<li>Suc\u00adc\u00e8s com\u00admer\u00adcial et cri\u00adtique : Elle prou\u00adve qu\u2019il est pos\u00adsi\u00adble de faire des films \u00e0 la fois pop\u00adu\u00adlaires et artis\u00adtique\u00adment ambitieux.<\/li>\n<\/ul>\n\n\n\n<p>En 2025, Gre\u00adta Ger\u00adwig est dev\u00adenue la pre\u00admi\u00e8re femme am\u00e9ri\u00adcaine \u00e0 pr\u00e9sider le jury du Fes\u00adti\u00adval de Cannes, mar\u00adquant ain\u00adsi un tour\u00adnant dans l\u2019in\u00addus\u00adtrie cin\u00e9\u00admatographique et con\u00adfir\u00admant son statut de fig\u00adure incon\u00adtourn\u00adable du cin\u00e9\u00adma con\u00adtem\u00adpo\u00adrain.<\/p>\n","protected":false},"excerpt":{"rendered":"<p>Gre\u00adta Ger\u00adwig est une r\u00e9al\u00adisatrice, sc\u00e9\u00adnar\u00adiste et actrice am\u00e9ri\u00adcaine qui s\u2019est impos\u00e9e comme une fig\u00adure majeure du cin\u00e9\u00adma ind\u00e9pen\u00addant et f\u00e9min\u00adiste. Ses films, sou\u00advent cen\u00adtr\u00e9s sur des per\u00adson\u00adnages f\u00e9minins com\u00adplex\u00ades\u2026 <\/p>\n","protected":false},"author":1,"featured_media":9486,"comment_status":"open","ping_status":"open","sticky":false,"template":"","format":"standard","meta":{"wp_typography_post_enhancements_disabled":false,"footnotes":""},"categories":[71],"tags":[9735,9734,204,7882,3299],"class_list":["post-9485","post","type-post","status-publish","format-standard","has-post-thumbnail","hentry","category-leaders","tag-barbie","tag-cinema-feministe","tag-festival-de-cannes","tag-greta-gerwig","tag-representation-feminine"],"yoast_head":"<!-- This site is optimized with the Yoast SEO plugin v24.7 - https:\/\/yoast.com\/wordpress\/plugins\/seo\/ -->\n<title>Greta Gerwig, r\u00e9alisatrice engag\u00e9e pour la repr\u00e9sentation f\u00e9minine\u00a0 - Bobea<\/title>\n<meta name=\"robots\" content=\"index, follow, max-snippet:-1, max-image-preview:large, max-video-preview:-1\" \/>\n<link rel=\"canonical\" href=\"https:\/\/bobea.net\/index.php\/2025\/02\/15\/greta-gerwig-realisatrice-engagee-pour-la-representation-feminine\/\" \/>\n<meta property=\"og:locale\" content=\"fr_FR\" \/>\n<meta property=\"og:type\" content=\"article\" \/>\n<meta property=\"og:title\" content=\"Greta Gerwig, r\u00e9alisatrice engag\u00e9e pour la repr\u00e9sentation f\u00e9minine\u00a0 - Bobea\" \/>\n<meta property=\"og:description\" content=\"Gre\u00adta Ger\u00adwig est une r\u00e9al\u00adisatrice, sc\u00e9\u00adnar\u00adiste et actrice am\u00e9ri\u00adcaine qui s\u2019est impos\u00e9e comme une fig\u00adure majeure du cin\u00e9\u00adma ind\u00e9pen\u00addant et f\u00e9min\u00adiste. Ses films, sou\u00advent cen\u00adtr\u00e9s sur des per\u00adson\u00adnages f\u00e9minins com\u00adplex\u00ades&hellip;\" \/>\n<meta property=\"og:url\" content=\"https:\/\/bobea.net\/index.php\/2025\/02\/15\/greta-gerwig-realisatrice-engagee-pour-la-representation-feminine\/\" \/>\n<meta property=\"og:site_name\" content=\"Bobea\" \/>\n<meta property=\"article:publisher\" content=\"https:\/\/web.facebook.com\/profile.php?id=61559252188416\" \/>\n<meta property=\"article:published_time\" content=\"2025-02-15T23:35:56+00:00\" \/>\n<meta property=\"article:modified_time\" content=\"2025-02-15T23:35:58+00:00\" \/>\n<meta property=\"og:image\" content=\"https:\/\/bobea.net\/wp-content\/uploads\/2025\/02\/greta-gerwig.jpg\" \/>\n\t<meta property=\"og:image:width\" content=\"1200\" \/>\n\t<meta property=\"og:image:height\" content=\"630\" \/>\n\t<meta property=\"og:image:type\" content=\"image\/jpeg\" \/>\n<meta name=\"author\" content=\"bobea.info\" \/>\n<meta name=\"twitter:card\" content=\"summary_large_image\" \/>\n<meta name=\"twitter:label1\" content=\"\u00c9crit par\" \/>\n\t<meta name=\"twitter:data1\" content=\"bobea.info\" \/>\n\t<meta name=\"twitter:label2\" content=\"Dur\u00e9e de lecture estim\u00e9e\" \/>\n\t<meta name=\"twitter:data2\" content=\"2 minutes\" \/>\n<script type=\"application\/ld+json\" class=\"yoast-schema-graph\">{\"@context\":\"https:\/\/schema.org\",\"@graph\":[{\"@type\":\"Article\",\"@id\":\"https:\/\/bobea.net\/index.php\/2025\/02\/15\/greta-gerwig-realisatrice-engagee-pour-la-representation-feminine\/#article\",\"isPartOf\":{\"@id\":\"https:\/\/bobea.net\/index.php\/2025\/02\/15\/greta-gerwig-realisatrice-engagee-pour-la-representation-feminine\/\"},\"author\":{\"name\":\"bobea.info\",\"@id\":\"https:\/\/bobea.net\/#\/schema\/person\/e7f45ef187918d7c956bf619dce90ccf\"},\"headline\":\"Greta Gerwig, r\u00e9alisatrice engag\u00e9e pour la repr\u00e9sentation f\u00e9minine&nbsp;\",\"datePublished\":\"2025-02-15T23:35:56+00:00\",\"dateModified\":\"2025-02-15T23:35:58+00:00\",\"mainEntityOfPage\":{\"@id\":\"https:\/\/bobea.net\/index.php\/2025\/02\/15\/greta-gerwig-realisatrice-engagee-pour-la-representation-feminine\/\"},\"wordCount\":312,\"commentCount\":0,\"publisher\":{\"@id\":\"https:\/\/bobea.net\/#organization\"},\"image\":{\"@id\":\"https:\/\/bobea.net\/index.php\/2025\/02\/15\/greta-gerwig-realisatrice-engagee-pour-la-representation-feminine\/#primaryimage\"},\"thumbnailUrl\":\"https:\/\/bobea.net\/wp-content\/uploads\/2025\/02\/greta-gerwig.jpg\",\"keywords\":[\"Barbie\",\"cin\u00e9ma f\u00e9ministe\",\"Festival de Cannes\",\"Greta Gerwig\",\"repr\u00e9sentation f\u00e9minine\"],\"articleSection\":[\"Leaders\"],\"inLanguage\":\"fr-FR\",\"potentialAction\":[{\"@type\":\"CommentAction\",\"name\":\"Comment\",\"target\":[\"https:\/\/bobea.net\/index.php\/2025\/02\/15\/greta-gerwig-realisatrice-engagee-pour-la-representation-feminine\/#respond\"]}]},{\"@type\":\"WebPage\",\"@id\":\"https:\/\/bobea.net\/index.php\/2025\/02\/15\/greta-gerwig-realisatrice-engagee-pour-la-representation-feminine\/\",\"url\":\"https:\/\/bobea.net\/index.php\/2025\/02\/15\/greta-gerwig-realisatrice-engagee-pour-la-representation-feminine\/\",\"name\":\"Greta Gerwig, r\u00e9alisatrice engag\u00e9e pour la repr\u00e9sentation f\u00e9minine\u00a0 - Bobea\",\"isPartOf\":{\"@id\":\"https:\/\/bobea.net\/#website\"},\"primaryImageOfPage\":{\"@id\":\"https:\/\/bobea.net\/index.php\/2025\/02\/15\/greta-gerwig-realisatrice-engagee-pour-la-representation-feminine\/#primaryimage\"},\"image\":{\"@id\":\"https:\/\/bobea.net\/index.php\/2025\/02\/15\/greta-gerwig-realisatrice-engagee-pour-la-representation-feminine\/#primaryimage\"},\"thumbnailUrl\":\"https:\/\/bobea.net\/wp-content\/uploads\/2025\/02\/greta-gerwig.jpg\",\"datePublished\":\"2025-02-15T23:35:56+00:00\",\"dateModified\":\"2025-02-15T23:35:58+00:00\",\"breadcrumb\":{\"@id\":\"https:\/\/bobea.net\/index.php\/2025\/02\/15\/greta-gerwig-realisatrice-engagee-pour-la-representation-feminine\/#breadcrumb\"},\"inLanguage\":\"fr-FR\",\"potentialAction\":[{\"@type\":\"ReadAction\",\"target\":[\"https:\/\/bobea.net\/index.php\/2025\/02\/15\/greta-gerwig-realisatrice-engagee-pour-la-representation-feminine\/\"]}]},{\"@type\":\"ImageObject\",\"inLanguage\":\"fr-FR\",\"@id\":\"https:\/\/bobea.net\/index.php\/2025\/02\/15\/greta-gerwig-realisatrice-engagee-pour-la-representation-feminine\/#primaryimage\",\"url\":\"https:\/\/bobea.net\/wp-content\/uploads\/2025\/02\/greta-gerwig.jpg\",\"contentUrl\":\"https:\/\/bobea.net\/wp-content\/uploads\/2025\/02\/greta-gerwig.jpg\",\"width\":1200,\"height\":630,\"caption\":\"Greta Gerwig, r\u00e9alisatrice engag\u00e9e pour la repr\u00e9sentation f\u00e9minine\u00a0\"},{\"@type\":\"BreadcrumbList\",\"@id\":\"https:\/\/bobea.net\/index.php\/2025\/02\/15\/greta-gerwig-realisatrice-engagee-pour-la-representation-feminine\/#breadcrumb\",\"itemListElement\":[{\"@type\":\"ListItem\",\"position\":1,\"name\":\"Accueil\",\"item\":\"https:\/\/bobea.net\/\"},{\"@type\":\"ListItem\",\"position\":2,\"name\":\"Greta Gerwig, r\u00e9alisatrice engag\u00e9e pour la repr\u00e9sentation f\u00e9minine\u00a0\"}]},{\"@type\":\"WebSite\",\"@id\":\"https:\/\/bobea.net\/#website\",\"url\":\"https:\/\/bobea.net\/\",\"name\":\"Bobea\",\"description\":\"Le magazine de la nouvelle \u00c8ve\",\"publisher\":{\"@id\":\"https:\/\/bobea.net\/#organization\"},\"potentialAction\":[{\"@type\":\"SearchAction\",\"target\":{\"@type\":\"EntryPoint\",\"urlTemplate\":\"https:\/\/bobea.net\/?s={search_term_string}\"},\"query-input\":{\"@type\":\"PropertyValueSpecification\",\"valueRequired\":true,\"valueName\":\"search_term_string\"}}],\"inLanguage\":\"fr-FR\"},{\"@type\":\"Organization\",\"@id\":\"https:\/\/bobea.net\/#organization\",\"name\":\"Bobea\",\"url\":\"https:\/\/bobea.net\/\",\"logo\":{\"@type\":\"ImageObject\",\"inLanguage\":\"fr-FR\",\"@id\":\"https:\/\/bobea.net\/#\/schema\/logo\/image\/\",\"url\":\"https:\/\/bobea.net\/wp-content\/uploads\/2024\/06\/bobea.jpg\",\"contentUrl\":\"https:\/\/bobea.net\/wp-content\/uploads\/2024\/06\/bobea.jpg\",\"width\":1080,\"height\":1080,\"caption\":\"Bobea\"},\"image\":{\"@id\":\"https:\/\/bobea.net\/#\/schema\/logo\/image\/\"},\"sameAs\":[\"https:\/\/web.facebook.com\/profile.php?id=61559252188416\"]},{\"@type\":\"Person\",\"@id\":\"https:\/\/bobea.net\/#\/schema\/person\/e7f45ef187918d7c956bf619dce90ccf\",\"name\":\"bobea.info\",\"image\":{\"@type\":\"ImageObject\",\"inLanguage\":\"fr-FR\",\"@id\":\"https:\/\/bobea.net\/#\/schema\/person\/image\/\",\"url\":\"https:\/\/secure.gravatar.com\/avatar\/36147980349df887ae30808df3e29474?s=96&d=mm&r=g\",\"contentUrl\":\"https:\/\/secure.gravatar.com\/avatar\/36147980349df887ae30808df3e29474?s=96&d=mm&r=g\",\"caption\":\"bobea.info\"},\"sameAs\":[\"https:\/\/bobea.net\"],\"url\":\"https:\/\/bobea.net\/index.php\/author\/bobea-info\/\"}]}<\/script>\n<!-- \/ Yoast SEO plugin. -->","yoast_head_json":{"title":"Greta Gerwig, r\u00e9alisatrice engag\u00e9e pour la repr\u00e9sentation f\u00e9minine\u00a0 - Bobea","robots":{"index":"index","follow":"follow","max-snippet":"max-snippet:-1","max-image-preview":"max-image-preview:large","max-video-preview":"max-video-preview:-1"},"canonical":"https:\/\/bobea.net\/index.php\/2025\/02\/15\/greta-gerwig-realisatrice-engagee-pour-la-representation-feminine\/","og_locale":"fr_FR","og_type":"article","og_title":"Greta Gerwig, r\u00e9alisatrice engag\u00e9e pour la repr\u00e9sentation f\u00e9minine\u00a0 - Bobea","og_description":"Gre\u00adta Ger\u00adwig est une r\u00e9al\u00adisatrice, sc\u00e9\u00adnar\u00adiste et actrice am\u00e9ri\u00adcaine qui s\u2019est impos\u00e9e comme une fig\u00adure majeure du cin\u00e9\u00adma ind\u00e9pen\u00addant et f\u00e9min\u00adiste. Ses films, sou\u00advent cen\u00adtr\u00e9s sur des per\u00adson\u00adnages f\u00e9minins com\u00adplex\u00ades&hellip;","og_url":"https:\/\/bobea.net\/index.php\/2025\/02\/15\/greta-gerwig-realisatrice-engagee-pour-la-representation-feminine\/","og_site_name":"Bobea","article_publisher":"https:\/\/web.facebook.com\/profile.php?id=61559252188416","article_published_time":"2025-02-15T23:35:56+00:00","article_modified_time":"2025-02-15T23:35:58+00:00","og_image":[{"width":1200,"height":630,"url":"https:\/\/bobea.net\/wp-content\/uploads\/2025\/02\/greta-gerwig.jpg","type":"image\/jpeg"}],"author":"bobea.info","twitter_card":"summary_large_image","twitter_misc":{"\u00c9crit par":"bobea.info","Dur\u00e9e de lecture estim\u00e9e":"2 minutes"},"schema":{"@context":"https:\/\/schema.org","@graph":[{"@type":"Article","@id":"https:\/\/bobea.net\/index.php\/2025\/02\/15\/greta-gerwig-realisatrice-engagee-pour-la-representation-feminine\/#article","isPartOf":{"@id":"https:\/\/bobea.net\/index.php\/2025\/02\/15\/greta-gerwig-realisatrice-engagee-pour-la-representation-feminine\/"},"author":{"name":"bobea.info","@id":"https:\/\/bobea.net\/#\/schema\/person\/e7f45ef187918d7c956bf619dce90ccf"},"headline":"Greta Gerwig, r\u00e9alisatrice engag\u00e9e pour la repr\u00e9sentation f\u00e9minine&nbsp;","datePublished":"2025-02-15T23:35:56+00:00","dateModified":"2025-02-15T23:35:58+00:00","mainEntityOfPage":{"@id":"https:\/\/bobea.net\/index.php\/2025\/02\/15\/greta-gerwig-realisatrice-engagee-pour-la-representation-feminine\/"},"wordCount":312,"commentCount":0,"publisher":{"@id":"https:\/\/bobea.net\/#organization"},"image":{"@id":"https:\/\/bobea.net\/index.php\/2025\/02\/15\/greta-gerwig-realisatrice-engagee-pour-la-representation-feminine\/#primaryimage"},"thumbnailUrl":"https:\/\/bobea.net\/wp-content\/uploads\/2025\/02\/greta-gerwig.jpg","keywords":["Barbie","cin\u00e9ma f\u00e9ministe","Festival de Cannes","Greta Gerwig","repr\u00e9sentation f\u00e9minine"],"articleSection":["Leaders"],"inLanguage":"fr-FR","potentialAction":[{"@type":"CommentAction","name":"Comment","target":["https:\/\/bobea.net\/index.php\/2025\/02\/15\/greta-gerwig-realisatrice-engagee-pour-la-representation-feminine\/#respond"]}]},{"@type":"WebPage","@id":"https:\/\/bobea.net\/index.php\/2025\/02\/15\/greta-gerwig-realisatrice-engagee-pour-la-representation-feminine\/","url":"https:\/\/bobea.net\/index.php\/2025\/02\/15\/greta-gerwig-realisatrice-engagee-pour-la-representation-feminine\/","name":"Greta Gerwig, r\u00e9alisatrice engag\u00e9e pour la repr\u00e9sentation f\u00e9minine\u00a0 - Bobea","isPartOf":{"@id":"https:\/\/bobea.net\/#website"},"primaryImageOfPage":{"@id":"https:\/\/bobea.net\/index.php\/2025\/02\/15\/greta-gerwig-realisatrice-engagee-pour-la-representation-feminine\/#primaryimage"},"image":{"@id":"https:\/\/bobea.net\/index.php\/2025\/02\/15\/greta-gerwig-realisatrice-engagee-pour-la-representation-feminine\/#primaryimage"},"thumbnailUrl":"https:\/\/bobea.net\/wp-content\/uploads\/2025\/02\/greta-gerwig.jpg","datePublished":"2025-02-15T23:35:56+00:00","dateModified":"2025-02-15T23:35:58+00:00","breadcrumb":{"@id":"https:\/\/bobea.net\/index.php\/2025\/02\/15\/greta-gerwig-realisatrice-engagee-pour-la-representation-feminine\/#breadcrumb"},"inLanguage":"fr-FR","potentialAction":[{"@type":"ReadAction","target":["https:\/\/bobea.net\/index.php\/2025\/02\/15\/greta-gerwig-realisatrice-engagee-pour-la-representation-feminine\/"]}]},{"@type":"ImageObject","inLanguage":"fr-FR","@id":"https:\/\/bobea.net\/index.php\/2025\/02\/15\/greta-gerwig-realisatrice-engagee-pour-la-representation-feminine\/#primaryimage","url":"https:\/\/bobea.net\/wp-content\/uploads\/2025\/02\/greta-gerwig.jpg","contentUrl":"https:\/\/bobea.net\/wp-content\/uploads\/2025\/02\/greta-gerwig.jpg","width":1200,"height":630,"caption":"Greta Gerwig, r\u00e9alisatrice engag\u00e9e pour la repr\u00e9sentation f\u00e9minine\u00a0"},{"@type":"BreadcrumbList","@id":"https:\/\/bobea.net\/index.php\/2025\/02\/15\/greta-gerwig-realisatrice-engagee-pour-la-representation-feminine\/#breadcrumb","itemListElement":[{"@type":"ListItem","position":1,"name":"Accueil","item":"https:\/\/bobea.net\/"},{"@type":"ListItem","position":2,"name":"Greta Gerwig, r\u00e9alisatrice engag\u00e9e pour la repr\u00e9sentation f\u00e9minine\u00a0"}]},{"@type":"WebSite","@id":"https:\/\/bobea.net\/#website","url":"https:\/\/bobea.net\/","name":"Bobea","description":"Le magazine de la nouvelle \u00c8ve","publisher":{"@id":"https:\/\/bobea.net\/#organization"},"potentialAction":[{"@type":"SearchAction","target":{"@type":"EntryPoint","urlTemplate":"https:\/\/bobea.net\/?s={search_term_string}"},"query-input":{"@type":"PropertyValueSpecification","valueRequired":true,"valueName":"search_term_string"}}],"inLanguage":"fr-FR"},{"@type":"Organization","@id":"https:\/\/bobea.net\/#organization","name":"Bobea","url":"https:\/\/bobea.net\/","logo":{"@type":"ImageObject","inLanguage":"fr-FR","@id":"https:\/\/bobea.net\/#\/schema\/logo\/image\/","url":"https:\/\/bobea.net\/wp-content\/uploads\/2024\/06\/bobea.jpg","contentUrl":"https:\/\/bobea.net\/wp-content\/uploads\/2024\/06\/bobea.jpg","width":1080,"height":1080,"caption":"Bobea"},"image":{"@id":"https:\/\/bobea.net\/#\/schema\/logo\/image\/"},"sameAs":["https:\/\/web.facebook.com\/profile.php?id=61559252188416"]},{"@type":"Person","@id":"https:\/\/bobea.net\/#\/schema\/person\/e7f45ef187918d7c956bf619dce90ccf","name":"bobea.info","image":{"@type":"ImageObject","inLanguage":"fr-FR","@id":"https:\/\/bobea.net\/#\/schema\/person\/image\/","url":"https:\/\/secure.gravatar.com\/avatar\/36147980349df887ae30808df3e29474?s=96&d=mm&r=g","contentUrl":"https:\/\/secure.gravatar.com\/avatar\/36147980349df887ae30808df3e29474?s=96&d=mm&r=g","caption":"bobea.info"},"sameAs":["https:\/\/bobea.net"],"url":"https:\/\/bobea.net\/index.php\/author\/bobea-info\/"}]}},"_links":{"self":[{"href":"https:\/\/bobea.net\/index.php\/wp-json\/wp\/v2\/posts\/9485"}],"collection":[{"href":"https:\/\/bobea.net\/index.php\/wp-json\/wp\/v2\/posts"}],"about":[{"href":"https:\/\/bobea.net\/index.php\/wp-json\/wp\/v2\/types\/post"}],"author":[{"embeddable":true,"href":"https:\/\/bobea.net\/index.php\/wp-json\/wp\/v2\/users\/1"}],"replies":[{"embeddable":true,"href":"https:\/\/bobea.net\/index.php\/wp-json\/wp\/v2\/comments?post=9485"}],"version-history":[{"count":0,"href":"https:\/\/bobea.net\/index.php\/wp-json\/wp\/v2\/posts\/9485\/revisions"}],"wp:featuredmedia":[{"embeddable":true,"href":"https:\/\/bobea.net\/index.php\/wp-json\/wp\/v2\/media\/9486"}],"wp:attachment":[{"href":"https:\/\/bobea.net\/index.php\/wp-json\/wp\/v2\/media?parent=9485"}],"wp:term":[{"taxonomy":"category","embeddable":true,"href":"https:\/\/bobea.net\/index.php\/wp-json\/wp\/v2\/categories?post=9485"},{"taxonomy":"post_tag","embeddable":true,"href":"https:\/\/bobea.net\/index.php\/wp-json\/wp\/v2\/tags?post=9485"}],"curies":[{"name":"wp","href":"https:\/\/api.w.org\/{rel}","templated":true}]}}