{"id":946,"date":"2024-01-26T11:53:06","date_gmt":"2024-01-26T11:53:06","guid":{"rendered":"https:\/\/bobea.net\/?p=946"},"modified":"2024-01-26T11:53:10","modified_gmt":"2024-01-26T11:53:10","slug":"sarah-ferguson-sa-premiere-apparition-depuis-lannonce-de-son-second-cancer","status":"publish","type":"post","link":"https:\/\/bobea.net\/index.php\/2024\/01\/26\/sarah-ferguson-sa-premiere-apparition-depuis-lannonce-de-son-second-cancer\/","title":{"rendered":"Sarah Ferguson : sa premi\u00e8re apparition depuis l\u2019annonce de son second cancer"},"content":{"rendered":"\n<figure class=\"wp-block-gallery has-nested-images columns-default is-cropped wp-block-gallery-1 is-layout-flex wp-block-gallery-is-layout-flex\">\n<figure class=\"wp-block-image size-large\"><img loading=\"lazy\" decoding=\"async\" width=\"640\" height=\"417\" data-id=\"947\" src=\"https:\/\/bobea.net\/wp-content\/uploads\/2024\/01\/Sarah-Ferguson-de-sulfureuse-a-resiliente-son-parcours-en-images.jpg\" alt class=\"wp-image-947\" srcset=\"https:\/\/bobea.net\/wp-content\/uploads\/2024\/01\/Sarah-Ferguson-de-sulfureuse-a-resiliente-son-parcours-en-images.jpg 640w, https:\/\/bobea.net\/wp-content\/uploads\/2024\/01\/Sarah-Ferguson-de-sulfureuse-a-resiliente-son-parcours-en-images-300x195.jpg 300w\" sizes=\"(max-width: 640px) 100vw, 640px\"><\/figure>\n\n\n\n<figure class=\"wp-block-image size-large\"><img loading=\"lazy\" decoding=\"async\" width=\"1024\" height=\"665\" data-id=\"948\" src=\"https:\/\/bobea.net\/wp-content\/uploads\/2024\/01\/Sarah-Ferguson-sa-premiere-apparition-publique-depuis-l-annonce-de-son-second-cancer-1024x665.jpg\" alt class=\"wp-image-948\" srcset=\"https:\/\/bobea.net\/wp-content\/uploads\/2024\/01\/Sarah-Ferguson-sa-premiere-apparition-publique-depuis-l-annonce-de-son-second-cancer-1024x665.jpg 1024w, https:\/\/bobea.net\/wp-content\/uploads\/2024\/01\/Sarah-Ferguson-sa-premiere-apparition-publique-depuis-l-annonce-de-son-second-cancer-300x195.jpg 300w, https:\/\/bobea.net\/wp-content\/uploads\/2024\/01\/Sarah-Ferguson-sa-premiere-apparition-publique-depuis-l-annonce-de-son-second-cancer-768x499.jpg 768w, https:\/\/bobea.net\/wp-content\/uploads\/2024\/01\/Sarah-Ferguson-sa-premiere-apparition-publique-depuis-l-annonce-de-son-second-cancer.jpg 1233w\" sizes=\"(max-width: 1024px) 100vw, 1024px\"><\/figure>\n<\/figure>\n\n\n\n<div style=\"font-family:'Arial'; line-height:35px; font-weight:5; text-align:justify;\">\n<p>L\u2019ann\u00e9e&nbsp;com\u00admence&nbsp;dif\u00adfi\u00adcile\u00adment pour Sarah Fer\u00adgu\u00adson. Elle annon\u00e7ait il y a quelques jours \u00eatre atteinte d\u2019un sec\u00adond can\u00adcer, alors que la duchesse d\u2019York avait com\u00adbat\u00adtu un can\u00adcer du sein l\u2019\u00e9t\u00e9 dernier. En effet, \u00e0 la suite de l\u2019analyse de grains de beaut\u00e9, cette derni\u00e8re serait&nbsp;atteinte d\u2019un can\u00adcer de la peau. Ce nou\u00adveau can\u00adcer prend la forme d\u2019un \u00ab&nbsp;m\u00e9lanome malin&nbsp;\u00bb.<\/p><p>\n\nDepuis cette nou\u00advelle, l\u2019ancienne \u00e9pouse du prince Andrew tient \u00e0 con\u00adserv\u00ader et \u00e0 trans\u00admet\u00adtre sa joie de vivre&nbsp;: \u00ab&nbsp;Naturelle\u00adment, un autre diag\u00adnos\u00adtic de can\u00adcer a \u00e9t\u00e9 un choc, mais je suis de bonne humeur et recon\u00adnais\u00adsante pour les nom\u00adbreux mes\u00adsages d\u2019amour et de sou\u00adtien&nbsp;\u00bb, con\u00adfi\u00adait-elle sur Insta\u00adgram. <\/p><p>\n\nLe traite\u00adment de la duchesse d\u2019York sem\u00adble cepen\u00addant avoir d\u00e9j\u00e0 pris forme. En effet, ce mer\u00adcre\u00addi 24 jan\u00advi\u00ader, la femme de 64 ans a \u00e9t\u00e9 pho\u00adtographi\u00e9e \u00e0 sa sor\u00adtie de&nbsp;l\u2019h\u00f4pital&nbsp;King Edward&nbsp;VII, \u00e0 Lon\u00addres. Souri\u00adante, elle se dirigeait vers&nbsp;un&nbsp;taxi.<\/p><\/div>\n\n","protected":false},"excerpt":{"rendered":"<p>L\u2019ann\u00e9e&nbsp;com\u00admence&nbsp;dif\u00adfi\u00adcile\u00adment pour Sarah Fer\u00adgu\u00adson. Elle annon\u00e7ait il y a quelques jours \u00eatre atteinte d\u2019un sec\u00adond can\u00adcer, alors que la duchesse d\u2019York avait com\u00adbat\u00adtu un can\u00adcer du sein l\u2019\u00e9t\u00e9 dernier. En\u2026 <\/p>\n","protected":false},"author":1,"featured_media":948,"comment_status":"open","ping_status":"open","sticky":false,"template":"","format":"standard","meta":{"wp_typography_post_enhancements_disabled":false,"footnotes":""},"categories":[79,55],"tags":[],"class_list":["post-946","post","type-post","status-publish","format-standard","has-post-thumbnail","hentry","category-a-la-une","category-culture"],"yoast_head":"<!-- This site is optimized with the Yoast SEO plugin v24.7 - https:\/\/yoast.com\/wordpress\/plugins\/seo\/ -->\n<title>Sarah Ferguson : sa premi\u00e8re apparition depuis l&#039;annonce de son second cancer - Bobea<\/title>\n<meta name=\"robots\" content=\"index, follow, max-snippet:-1, max-image-preview:large, max-video-preview:-1\" \/>\n<link rel=\"canonical\" href=\"https:\/\/bobea.net\/index.php\/2024\/01\/26\/sarah-ferguson-sa-premiere-apparition-depuis-lannonce-de-son-second-cancer\/\" \/>\n<meta property=\"og:locale\" content=\"fr_FR\" \/>\n<meta property=\"og:type\" content=\"article\" \/>\n<meta property=\"og:title\" content=\"Sarah Ferguson : sa premi\u00e8re apparition depuis l&#039;annonce de son second cancer - Bobea\" \/>\n<meta property=\"og:description\" content=\"L\u2019ann\u00e9e&nbsp;com\u00admence&nbsp;dif\u00adfi\u00adcile\u00adment pour Sarah Fer\u00adgu\u00adson. Elle annon\u00e7ait il y a quelques jours \u00eatre atteinte d\u2019un sec\u00adond can\u00adcer, alors que la duchesse d\u2019York avait com\u00adbat\u00adtu un can\u00adcer du sein l\u2019\u00e9t\u00e9 dernier. En&hellip;\" \/>\n<meta property=\"og:url\" content=\"https:\/\/bobea.net\/index.php\/2024\/01\/26\/sarah-ferguson-sa-premiere-apparition-depuis-lannonce-de-son-second-cancer\/\" \/>\n<meta property=\"og:site_name\" content=\"Bobea\" \/>\n<meta property=\"article:publisher\" content=\"https:\/\/web.facebook.com\/profile.php?id=61559252188416\" \/>\n<meta property=\"article:published_time\" content=\"2024-01-26T11:53:06+00:00\" \/>\n<meta property=\"article:modified_time\" content=\"2024-01-26T11:53:10+00:00\" \/>\n<meta property=\"og:image\" content=\"https:\/\/bobea.net\/wp-content\/uploads\/2024\/01\/Sarah-Ferguson-sa-premiere-apparition-publique-depuis-l-annonce-de-son-second-cancer.jpg\" \/>\n\t<meta property=\"og:image:width\" content=\"1233\" \/>\n\t<meta property=\"og:image:height\" content=\"801\" \/>\n\t<meta property=\"og:image:type\" content=\"image\/jpeg\" \/>\n<meta name=\"author\" content=\"bobea.info\" \/>\n<meta name=\"twitter:card\" content=\"summary_large_image\" \/>\n<meta name=\"twitter:label1\" content=\"\u00c9crit par\" \/>\n\t<meta name=\"twitter:data1\" content=\"bobea.info\" \/>\n\t<meta name=\"twitter:label2\" content=\"Dur\u00e9e de lecture estim\u00e9e\" \/>\n\t<meta name=\"twitter:data2\" content=\"1 minute\" \/>\n<script type=\"application\/ld+json\" class=\"yoast-schema-graph\">{\"@context\":\"https:\/\/schema.org\",\"@graph\":[{\"@type\":\"Article\",\"@id\":\"https:\/\/bobea.net\/index.php\/2024\/01\/26\/sarah-ferguson-sa-premiere-apparition-depuis-lannonce-de-son-second-cancer\/#article\",\"isPartOf\":{\"@id\":\"https:\/\/bobea.net\/index.php\/2024\/01\/26\/sarah-ferguson-sa-premiere-apparition-depuis-lannonce-de-son-second-cancer\/\"},\"author\":{\"name\":\"bobea.info\",\"@id\":\"https:\/\/bobea.net\/#\/schema\/person\/e7f45ef187918d7c956bf619dce90ccf\"},\"headline\":\"Sarah Ferguson : sa premi\u00e8re apparition depuis l\u2019annonce de son second cancer\",\"datePublished\":\"2024-01-26T11:53:06+00:00\",\"dateModified\":\"2024-01-26T11:53:10+00:00\",\"mainEntityOfPage\":{\"@id\":\"https:\/\/bobea.net\/index.php\/2024\/01\/26\/sarah-ferguson-sa-premiere-apparition-depuis-lannonce-de-son-second-cancer\/\"},\"wordCount\":174,\"commentCount\":0,\"publisher\":{\"@id\":\"https:\/\/bobea.net\/#organization\"},\"image\":{\"@id\":\"https:\/\/bobea.net\/index.php\/2024\/01\/26\/sarah-ferguson-sa-premiere-apparition-depuis-lannonce-de-son-second-cancer\/#primaryimage\"},\"thumbnailUrl\":\"https:\/\/bobea.net\/wp-content\/uploads\/2024\/01\/Sarah-Ferguson-sa-premiere-apparition-publique-depuis-l-annonce-de-son-second-cancer.jpg\",\"articleSection\":[\"A la Une\",\"Culture\"],\"inLanguage\":\"fr-FR\",\"potentialAction\":[{\"@type\":\"CommentAction\",\"name\":\"Comment\",\"target\":[\"https:\/\/bobea.net\/index.php\/2024\/01\/26\/sarah-ferguson-sa-premiere-apparition-depuis-lannonce-de-son-second-cancer\/#respond\"]}]},{\"@type\":\"WebPage\",\"@id\":\"https:\/\/bobea.net\/index.php\/2024\/01\/26\/sarah-ferguson-sa-premiere-apparition-depuis-lannonce-de-son-second-cancer\/\",\"url\":\"https:\/\/bobea.net\/index.php\/2024\/01\/26\/sarah-ferguson-sa-premiere-apparition-depuis-lannonce-de-son-second-cancer\/\",\"name\":\"Sarah Ferguson : sa premi\u00e8re apparition depuis l'annonce de son second cancer - Bobea\",\"isPartOf\":{\"@id\":\"https:\/\/bobea.net\/#website\"},\"primaryImageOfPage\":{\"@id\":\"https:\/\/bobea.net\/index.php\/2024\/01\/26\/sarah-ferguson-sa-premiere-apparition-depuis-lannonce-de-son-second-cancer\/#primaryimage\"},\"image\":{\"@id\":\"https:\/\/bobea.net\/index.php\/2024\/01\/26\/sarah-ferguson-sa-premiere-apparition-depuis-lannonce-de-son-second-cancer\/#primaryimage\"},\"thumbnailUrl\":\"https:\/\/bobea.net\/wp-content\/uploads\/2024\/01\/Sarah-Ferguson-sa-premiere-apparition-publique-depuis-l-annonce-de-son-second-cancer.jpg\",\"datePublished\":\"2024-01-26T11:53:06+00:00\",\"dateModified\":\"2024-01-26T11:53:10+00:00\",\"breadcrumb\":{\"@id\":\"https:\/\/bobea.net\/index.php\/2024\/01\/26\/sarah-ferguson-sa-premiere-apparition-depuis-lannonce-de-son-second-cancer\/#breadcrumb\"},\"inLanguage\":\"fr-FR\",\"potentialAction\":[{\"@type\":\"ReadAction\",\"target\":[\"https:\/\/bobea.net\/index.php\/2024\/01\/26\/sarah-ferguson-sa-premiere-apparition-depuis-lannonce-de-son-second-cancer\/\"]}]},{\"@type\":\"ImageObject\",\"inLanguage\":\"fr-FR\",\"@id\":\"https:\/\/bobea.net\/index.php\/2024\/01\/26\/sarah-ferguson-sa-premiere-apparition-depuis-lannonce-de-son-second-cancer\/#primaryimage\",\"url\":\"https:\/\/bobea.net\/wp-content\/uploads\/2024\/01\/Sarah-Ferguson-sa-premiere-apparition-publique-depuis-l-annonce-de-son-second-cancer.jpg\",\"contentUrl\":\"https:\/\/bobea.net\/wp-content\/uploads\/2024\/01\/Sarah-Ferguson-sa-premiere-apparition-publique-depuis-l-annonce-de-son-second-cancer.jpg\",\"width\":1233,\"height\":801},{\"@type\":\"BreadcrumbList\",\"@id\":\"https:\/\/bobea.net\/index.php\/2024\/01\/26\/sarah-ferguson-sa-premiere-apparition-depuis-lannonce-de-son-second-cancer\/#breadcrumb\",\"itemListElement\":[{\"@type\":\"ListItem\",\"position\":1,\"name\":\"Accueil\",\"item\":\"https:\/\/bobea.net\/\"},{\"@type\":\"ListItem\",\"position\":2,\"name\":\"Sarah Ferguson : sa premi\u00e8re apparition depuis l&rsquo;annonce de son second cancer\"}]},{\"@type\":\"WebSite\",\"@id\":\"https:\/\/bobea.net\/#website\",\"url\":\"https:\/\/bobea.net\/\",\"name\":\"Bobea\",\"description\":\"Le magazine de la nouvelle \u00c8ve\",\"publisher\":{\"@id\":\"https:\/\/bobea.net\/#organization\"},\"potentialAction\":[{\"@type\":\"SearchAction\",\"target\":{\"@type\":\"EntryPoint\",\"urlTemplate\":\"https:\/\/bobea.net\/?s={search_term_string}\"},\"query-input\":{\"@type\":\"PropertyValueSpecification\",\"valueRequired\":true,\"valueName\":\"search_term_string\"}}],\"inLanguage\":\"fr-FR\"},{\"@type\":\"Organization\",\"@id\":\"https:\/\/bobea.net\/#organization\",\"name\":\"Bobea\",\"url\":\"https:\/\/bobea.net\/\",\"logo\":{\"@type\":\"ImageObject\",\"inLanguage\":\"fr-FR\",\"@id\":\"https:\/\/bobea.net\/#\/schema\/logo\/image\/\",\"url\":\"https:\/\/bobea.net\/wp-content\/uploads\/2024\/06\/bobea.jpg\",\"contentUrl\":\"https:\/\/bobea.net\/wp-content\/uploads\/2024\/06\/bobea.jpg\",\"width\":1080,\"height\":1080,\"caption\":\"Bobea\"},\"image\":{\"@id\":\"https:\/\/bobea.net\/#\/schema\/logo\/image\/\"},\"sameAs\":[\"https:\/\/web.facebook.com\/profile.php?id=61559252188416\"]},{\"@type\":\"Person\",\"@id\":\"https:\/\/bobea.net\/#\/schema\/person\/e7f45ef187918d7c956bf619dce90ccf\",\"name\":\"bobea.info\",\"image\":{\"@type\":\"ImageObject\",\"inLanguage\":\"fr-FR\",\"@id\":\"https:\/\/bobea.net\/#\/schema\/person\/image\/\",\"url\":\"https:\/\/secure.gravatar.com\/avatar\/36147980349df887ae30808df3e29474?s=96&d=mm&r=g\",\"contentUrl\":\"https:\/\/secure.gravatar.com\/avatar\/36147980349df887ae30808df3e29474?s=96&d=mm&r=g\",\"caption\":\"bobea.info\"},\"sameAs\":[\"https:\/\/bobea.net\"],\"url\":\"https:\/\/bobea.net\/index.php\/author\/bobea-info\/\"}]}<\/script>\n<!-- \/ Yoast SEO plugin. -->","yoast_head_json":{"title":"Sarah Ferguson : sa premi\u00e8re apparition depuis l'annonce de son second cancer - Bobea","robots":{"index":"index","follow":"follow","max-snippet":"max-snippet:-1","max-image-preview":"max-image-preview:large","max-video-preview":"max-video-preview:-1"},"canonical":"https:\/\/bobea.net\/index.php\/2024\/01\/26\/sarah-ferguson-sa-premiere-apparition-depuis-lannonce-de-son-second-cancer\/","og_locale":"fr_FR","og_type":"article","og_title":"Sarah Ferguson : sa premi\u00e8re apparition depuis l'annonce de son second cancer - Bobea","og_description":"L\u2019ann\u00e9e&nbsp;com\u00admence&nbsp;dif\u00adfi\u00adcile\u00adment pour Sarah Fer\u00adgu\u00adson. Elle annon\u00e7ait il y a quelques jours \u00eatre atteinte d\u2019un sec\u00adond can\u00adcer, alors que la duchesse d\u2019York avait com\u00adbat\u00adtu un can\u00adcer du sein l\u2019\u00e9t\u00e9 dernier. En&hellip;","og_url":"https:\/\/bobea.net\/index.php\/2024\/01\/26\/sarah-ferguson-sa-premiere-apparition-depuis-lannonce-de-son-second-cancer\/","og_site_name":"Bobea","article_publisher":"https:\/\/web.facebook.com\/profile.php?id=61559252188416","article_published_time":"2024-01-26T11:53:06+00:00","article_modified_time":"2024-01-26T11:53:10+00:00","og_image":[{"width":1233,"height":801,"url":"https:\/\/bobea.net\/wp-content\/uploads\/2024\/01\/Sarah-Ferguson-sa-premiere-apparition-publique-depuis-l-annonce-de-son-second-cancer.jpg","type":"image\/jpeg"}],"author":"bobea.info","twitter_card":"summary_large_image","twitter_misc":{"\u00c9crit par":"bobea.info","Dur\u00e9e de lecture estim\u00e9e":"1 minute"},"schema":{"@context":"https:\/\/schema.org","@graph":[{"@type":"Article","@id":"https:\/\/bobea.net\/index.php\/2024\/01\/26\/sarah-ferguson-sa-premiere-apparition-depuis-lannonce-de-son-second-cancer\/#article","isPartOf":{"@id":"https:\/\/bobea.net\/index.php\/2024\/01\/26\/sarah-ferguson-sa-premiere-apparition-depuis-lannonce-de-son-second-cancer\/"},"author":{"name":"bobea.info","@id":"https:\/\/bobea.net\/#\/schema\/person\/e7f45ef187918d7c956bf619dce90ccf"},"headline":"Sarah Ferguson : sa premi\u00e8re apparition depuis l\u2019annonce de son second cancer","datePublished":"2024-01-26T11:53:06+00:00","dateModified":"2024-01-26T11:53:10+00:00","mainEntityOfPage":{"@id":"https:\/\/bobea.net\/index.php\/2024\/01\/26\/sarah-ferguson-sa-premiere-apparition-depuis-lannonce-de-son-second-cancer\/"},"wordCount":174,"commentCount":0,"publisher":{"@id":"https:\/\/bobea.net\/#organization"},"image":{"@id":"https:\/\/bobea.net\/index.php\/2024\/01\/26\/sarah-ferguson-sa-premiere-apparition-depuis-lannonce-de-son-second-cancer\/#primaryimage"},"thumbnailUrl":"https:\/\/bobea.net\/wp-content\/uploads\/2024\/01\/Sarah-Ferguson-sa-premiere-apparition-publique-depuis-l-annonce-de-son-second-cancer.jpg","articleSection":["A la Une","Culture"],"inLanguage":"fr-FR","potentialAction":[{"@type":"CommentAction","name":"Comment","target":["https:\/\/bobea.net\/index.php\/2024\/01\/26\/sarah-ferguson-sa-premiere-apparition-depuis-lannonce-de-son-second-cancer\/#respond"]}]},{"@type":"WebPage","@id":"https:\/\/bobea.net\/index.php\/2024\/01\/26\/sarah-ferguson-sa-premiere-apparition-depuis-lannonce-de-son-second-cancer\/","url":"https:\/\/bobea.net\/index.php\/2024\/01\/26\/sarah-ferguson-sa-premiere-apparition-depuis-lannonce-de-son-second-cancer\/","name":"Sarah Ferguson : sa premi\u00e8re apparition depuis l'annonce de son second cancer - Bobea","isPartOf":{"@id":"https:\/\/bobea.net\/#website"},"primaryImageOfPage":{"@id":"https:\/\/bobea.net\/index.php\/2024\/01\/26\/sarah-ferguson-sa-premiere-apparition-depuis-lannonce-de-son-second-cancer\/#primaryimage"},"image":{"@id":"https:\/\/bobea.net\/index.php\/2024\/01\/26\/sarah-ferguson-sa-premiere-apparition-depuis-lannonce-de-son-second-cancer\/#primaryimage"},"thumbnailUrl":"https:\/\/bobea.net\/wp-content\/uploads\/2024\/01\/Sarah-Ferguson-sa-premiere-apparition-publique-depuis-l-annonce-de-son-second-cancer.jpg","datePublished":"2024-01-26T11:53:06+00:00","dateModified":"2024-01-26T11:53:10+00:00","breadcrumb":{"@id":"https:\/\/bobea.net\/index.php\/2024\/01\/26\/sarah-ferguson-sa-premiere-apparition-depuis-lannonce-de-son-second-cancer\/#breadcrumb"},"inLanguage":"fr-FR","potentialAction":[{"@type":"ReadAction","target":["https:\/\/bobea.net\/index.php\/2024\/01\/26\/sarah-ferguson-sa-premiere-apparition-depuis-lannonce-de-son-second-cancer\/"]}]},{"@type":"ImageObject","inLanguage":"fr-FR","@id":"https:\/\/bobea.net\/index.php\/2024\/01\/26\/sarah-ferguson-sa-premiere-apparition-depuis-lannonce-de-son-second-cancer\/#primaryimage","url":"https:\/\/bobea.net\/wp-content\/uploads\/2024\/01\/Sarah-Ferguson-sa-premiere-apparition-publique-depuis-l-annonce-de-son-second-cancer.jpg","contentUrl":"https:\/\/bobea.net\/wp-content\/uploads\/2024\/01\/Sarah-Ferguson-sa-premiere-apparition-publique-depuis-l-annonce-de-son-second-cancer.jpg","width":1233,"height":801},{"@type":"BreadcrumbList","@id":"https:\/\/bobea.net\/index.php\/2024\/01\/26\/sarah-ferguson-sa-premiere-apparition-depuis-lannonce-de-son-second-cancer\/#breadcrumb","itemListElement":[{"@type":"ListItem","position":1,"name":"Accueil","item":"https:\/\/bobea.net\/"},{"@type":"ListItem","position":2,"name":"Sarah Ferguson : sa premi\u00e8re apparition depuis l&rsquo;annonce de son second cancer"}]},{"@type":"WebSite","@id":"https:\/\/bobea.net\/#website","url":"https:\/\/bobea.net\/","name":"Bobea","description":"Le magazine de la nouvelle \u00c8ve","publisher":{"@id":"https:\/\/bobea.net\/#organization"},"potentialAction":[{"@type":"SearchAction","target":{"@type":"EntryPoint","urlTemplate":"https:\/\/bobea.net\/?s={search_term_string}"},"query-input":{"@type":"PropertyValueSpecification","valueRequired":true,"valueName":"search_term_string"}}],"inLanguage":"fr-FR"},{"@type":"Organization","@id":"https:\/\/bobea.net\/#organization","name":"Bobea","url":"https:\/\/bobea.net\/","logo":{"@type":"ImageObject","inLanguage":"fr-FR","@id":"https:\/\/bobea.net\/#\/schema\/logo\/image\/","url":"https:\/\/bobea.net\/wp-content\/uploads\/2024\/06\/bobea.jpg","contentUrl":"https:\/\/bobea.net\/wp-content\/uploads\/2024\/06\/bobea.jpg","width":1080,"height":1080,"caption":"Bobea"},"image":{"@id":"https:\/\/bobea.net\/#\/schema\/logo\/image\/"},"sameAs":["https:\/\/web.facebook.com\/profile.php?id=61559252188416"]},{"@type":"Person","@id":"https:\/\/bobea.net\/#\/schema\/person\/e7f45ef187918d7c956bf619dce90ccf","name":"bobea.info","image":{"@type":"ImageObject","inLanguage":"fr-FR","@id":"https:\/\/bobea.net\/#\/schema\/person\/image\/","url":"https:\/\/secure.gravatar.com\/avatar\/36147980349df887ae30808df3e29474?s=96&d=mm&r=g","contentUrl":"https:\/\/secure.gravatar.com\/avatar\/36147980349df887ae30808df3e29474?s=96&d=mm&r=g","caption":"bobea.info"},"sameAs":["https:\/\/bobea.net"],"url":"https:\/\/bobea.net\/index.php\/author\/bobea-info\/"}]}},"_links":{"self":[{"href":"https:\/\/bobea.net\/index.php\/wp-json\/wp\/v2\/posts\/946"}],"collection":[{"href":"https:\/\/bobea.net\/index.php\/wp-json\/wp\/v2\/posts"}],"about":[{"href":"https:\/\/bobea.net\/index.php\/wp-json\/wp\/v2\/types\/post"}],"author":[{"embeddable":true,"href":"https:\/\/bobea.net\/index.php\/wp-json\/wp\/v2\/users\/1"}],"replies":[{"embeddable":true,"href":"https:\/\/bobea.net\/index.php\/wp-json\/wp\/v2\/comments?post=946"}],"version-history":[{"count":0,"href":"https:\/\/bobea.net\/index.php\/wp-json\/wp\/v2\/posts\/946\/revisions"}],"wp:featuredmedia":[{"embeddable":true,"href":"https:\/\/bobea.net\/index.php\/wp-json\/wp\/v2\/media\/948"}],"wp:attachment":[{"href":"https:\/\/bobea.net\/index.php\/wp-json\/wp\/v2\/media?parent=946"}],"wp:term":[{"taxonomy":"category","embeddable":true,"href":"https:\/\/bobea.net\/index.php\/wp-json\/wp\/v2\/categories?post=946"},{"taxonomy":"post_tag","embeddable":true,"href":"https:\/\/bobea.net\/index.php\/wp-json\/wp\/v2\/tags?post=946"}],"curies":[{"name":"wp","href":"https:\/\/api.w.org\/{rel}","templated":true}]}}