{"id":9432,"date":"2025-02-15T20:55:32","date_gmt":"2025-02-15T20:55:32","guid":{"rendered":"https:\/\/bobea.net\/?p=9432"},"modified":"2025-02-15T20:55:35","modified_gmt":"2025-02-15T20:55:35","slug":"le-festival-de-cannes-annonce-une-selection-paritaire-pour-2025","status":"publish","type":"post","link":"https:\/\/bobea.net\/index.php\/2025\/02\/15\/le-festival-de-cannes-annonce-une-selection-paritaire-pour-2025\/","title":{"rendered":"Le Festival de Cannes annonce une s\u00e9lection paritaire pour 2025&nbsp;"},"content":{"rendered":"\n<p>Le Fes\u00adti\u00adval de Cannes, l\u2019un des \u00e9v\u00e9ne\u00adments cin\u00e9\u00admatographiques les plus pres\u00adtigieux au monde, a annon\u00adc\u00e9 une s\u00e9lec\u00adtion offi\u00adcielle par\u00adi\u00adtaire pour son \u00e9di\u00adtion 2025. Cette d\u00e9ci\u00adsion his\u00adtorique mar\u00adque un tour\u00adnant dans la repr\u00e9sen\u00adta\u00adtion des femmes r\u00e9al\u00adisatri\u00adces et t\u00e9moigne d\u2019une volon\u00adt\u00e9 de pro\u00admou\u00advoir la diver\u00adsit\u00e9 et l\u2019in\u00adclu\u00adsion dans l\u2019in\u00addus\u00adtrie du cin\u00e9\u00adma.<\/p>\n\n\n\n<p>Sur les 20 films en com\u00adp\u00e9ti\u00adtion pour la Palme d\u2019Or, 10 sont r\u00e9al\u00adis\u00e9s par des femmes. Cette s\u00e9lec\u00adtion par\u00adi\u00adtaire est le r\u00e9sul\u00adtat d\u2019un tra\u00advail de longue haleine men\u00e9 par la direc\u00adtion du fes\u00adti\u00adval, qui s\u2019est engag\u00e9e \u00e0 favoris\u00ader la vis\u00adi\u00adbil\u00adit\u00e9 des r\u00e9al\u00adisatri\u00adces et \u00e0 encour\u00adager la pro\u00adduc\u00adtion de films r\u00e9al\u00adis\u00e9s par des femmes.<\/p>\n\n\n\n<p>Plusieurs fac\u00adteurs ont con\u00adtribu\u00e9 \u00e0 cette \u00e9vo\u00adlu\u00adtion pos\u00adi\u00adtive :<\/p>\n\n\n\n<ol start=\"1\" class=\"wp-block-list\">\n<li>Sen\u00adsi\u00adbil\u00adi\u00adsa\u00adtion accrue aux in\u00e9\u00adgal\u00adit\u00e9s de genre dans le cin\u00e9\u00adma<\/li>\n\n\n\n<li>Ini\u00adtia\u00adtives de sou\u00adtien et de finance\u00adment sp\u00e9\u00adci\u00adfiques pour les r\u00e9al\u00adisatri\u00adces<\/li>\n\n\n\n<li>Engage\u00adment des fes\u00adti\u00advals \u00e0 pro\u00admou\u00advoir la diver\u00adsit\u00e9 et l\u2019in\u00adclu\u00adsion<\/li>\n\n\n\n<li>Emer\u00adgence d\u2019une nou\u00advelle g\u00e9n\u00e9ra\u00adtion de r\u00e9al\u00adisatri\u00adces tal\u00adentueuses<\/li>\n<\/ol>\n\n\n\n<p>La s\u00e9lec\u00adtion 2025 met en lumi\u00e8re des r\u00e9al\u00adisatri\u00adces du monde entier, abor\u00addant des th\u00e9\u00adma\u00adtiques var\u00adi\u00e9es et pro\u00adposant des regards orig\u00adin\u00adaux sur le monde. Par\u00admi les films les plus atten\u00addus :<\/p>\n\n\n\n<figure class=\"wp-block-image size-large\"><img loading=\"lazy\" decoding=\"async\" width=\"1024\" height=\"575\" src=\"https:\/\/bobea.net\/wp-content\/uploads\/2025\/02\/080-hl-fpasquini-2068722-66150c3c59cd8980447176-1024x575.jpg\" alt class=\"wp-image-9434\" srcset=\"https:\/\/bobea.net\/wp-content\/uploads\/2025\/02\/080-hl-fpasquini-2068722-66150c3c59cd8980447176-1024x575.jpg 1024w, https:\/\/bobea.net\/wp-content\/uploads\/2025\/02\/080-hl-fpasquini-2068722-66150c3c59cd8980447176-300x169.jpg 300w, https:\/\/bobea.net\/wp-content\/uploads\/2025\/02\/080-hl-fpasquini-2068722-66150c3c59cd8980447176-768x432.jpg 768w, https:\/\/bobea.net\/wp-content\/uploads\/2025\/02\/080-hl-fpasquini-2068722-66150c3c59cd8980447176.jpg 1500w\" sizes=\"(max-width: 1024px) 100vw, 1024px\"><\/figure>\n\n\n\n<ul class=\"wp-block-list\">\n<li>\u201cLes mur\u00admures de la for\u00eat\u201d, un drame \u00e9cologique r\u00e9al\u00adis\u00e9 par une cin\u00e9aste africaine<\/li>\n\n\n\n<li>\u201cLe chant des \u00e9toiles\u201d, une his\u00adtoire d\u2019amour interg\u00e9n\u00e9ra\u00adtionnelle sign\u00e9e par une r\u00e9al\u00adisatrice japon\u00adaise<\/li>\n\n\n\n<li>\u201cLes enfants du silence\u201d, un doc\u00adu\u00admen\u00adtaire poignant sur les vio\u00adlences faites aux femmes, r\u00e9al\u00adis\u00e9 par une cin\u00e9aste am\u00e9ri\u00adcaine<\/li>\n<\/ul>\n\n\n\n<p>Cette s\u00e9lec\u00adtion par\u00adi\u00adtaire est salu\u00e9e par les asso\u00adci\u00ada\u00adtions f\u00e9min\u00adistes et les pro\u00adfes\u00adsion\u00adnels du cin\u00e9\u00adma, qui y voient un sig\u00adnal fort en faveur de l\u2019\u00e9\u00adgal\u00adit\u00e9 des chances. Elle devrait encour\u00adager les jeunes femmes \u00e0 pour\u00adsuiv\u00adre leurs r\u00eaves de cin\u00e9\u00adma et \u00e0 bris\u00ader les bar\u00adri\u00e8res qui per\u00adsis\u00adtent encore dans ce secteur.<\/p>\n\n\n\n<p>Cepen\u00addant, des d\u00e9fis restent \u00e0 relever. La par\u00adit\u00e9 dans la s\u00e9lec\u00adtion offi\u00adcielle ne suf\u00adfit pas \u00e0 garan\u00adtir l\u2019\u00e9\u00adgal\u00adit\u00e9 des chances pour les r\u00e9al\u00adisatri\u00adces. Il est essen\u00adtiel de lut\u00adter con\u00adtre les st\u00e9r\u00e9o\u00adtypes de genre, de favoris\u00ader l\u2019ac\u00adc\u00e8s au finance\u00adment et \u00e0 la dis\u00adtri\u00adb\u00adu\u00adtion pour les films r\u00e9al\u00adis\u00e9s par des femmes, et de pro\u00admou\u00advoir une cul\u00adture du respect et de l\u2019in\u00adclu\u00adsion sur les tour\u00adnages.<\/p>\n\n\n\n<p>Le Fes\u00adti\u00adval de Cannes 2025 s\u2019an\u00adnonce comme une \u00e9di\u00adtion his\u00adtorique, c\u00e9l\u00e9brant la cr\u00e9a\u00adtiv\u00adit\u00e9 des femmes r\u00e9al\u00adisatri\u00adces et con\u00adtribuant \u00e0 faire \u00e9voluer les men\u00adtal\u00adit\u00e9s dans le monde du cin\u00e9\u00adma.<\/p>\n","protected":false},"excerpt":{"rendered":"<p>Le Fes\u00adti\u00adval de Cannes, l\u2019un des \u00e9v\u00e9ne\u00adments cin\u00e9\u00admatographiques les plus pres\u00adtigieux au monde, a annon\u00adc\u00e9 une s\u00e9lec\u00adtion offi\u00adcielle par\u00adi\u00adtaire pour son \u00e9di\u00adtion 2025. Cette d\u00e9ci\u00adsion his\u00adtorique mar\u00adque un tour\u00adnant dans\u2026 <\/p>\n","protected":false},"author":1,"featured_media":9433,"comment_status":"open","ping_status":"open","sticky":false,"template":"","format":"standard","meta":{"wp_typography_post_enhancements_disabled":false,"footnotes":""},"categories":[73],"tags":[260,1268,9343,204,261,9713],"class_list":["post-9432","post","type-post","status-publish","format-standard","has-post-thumbnail","hentry","category-on-en-parle","tag-diversite","tag-egalite-des-genres","tag-femmes-realisatrices","tag-festival-de-cannes","tag-inclusion","tag-selection-paritaire"],"yoast_head":"<!-- This site is optimized with the Yoast SEO plugin v24.7 - https:\/\/yoast.com\/wordpress\/plugins\/seo\/ -->\n<title>Le Festival de Cannes annonce une s\u00e9lection paritaire pour 2025\u00a0 - Bobea<\/title>\n<meta name=\"robots\" content=\"index, follow, max-snippet:-1, max-image-preview:large, max-video-preview:-1\" \/>\n<link rel=\"canonical\" href=\"https:\/\/bobea.net\/index.php\/2025\/02\/15\/le-festival-de-cannes-annonce-une-selection-paritaire-pour-2025\/\" \/>\n<meta property=\"og:locale\" content=\"fr_FR\" \/>\n<meta property=\"og:type\" content=\"article\" \/>\n<meta property=\"og:title\" content=\"Le Festival de Cannes annonce une s\u00e9lection paritaire pour 2025\u00a0 - Bobea\" \/>\n<meta property=\"og:description\" content=\"Le Fes\u00adti\u00adval de Cannes, l\u2019un des \u00e9v\u00e9ne\u00adments cin\u00e9\u00admatographiques les plus pres\u00adtigieux au monde, a annon\u00adc\u00e9 une s\u00e9lec\u00adtion offi\u00adcielle par\u00adi\u00adtaire pour son \u00e9di\u00adtion 2025. Cette d\u00e9ci\u00adsion his\u00adtorique mar\u00adque un tour\u00adnant dans&hellip;\" \/>\n<meta property=\"og:url\" content=\"https:\/\/bobea.net\/index.php\/2025\/02\/15\/le-festival-de-cannes-annonce-une-selection-paritaire-pour-2025\/\" \/>\n<meta property=\"og:site_name\" content=\"Bobea\" \/>\n<meta property=\"article:publisher\" content=\"https:\/\/web.facebook.com\/profile.php?id=61559252188416\" \/>\n<meta property=\"article:published_time\" content=\"2025-02-15T20:55:32+00:00\" \/>\n<meta property=\"article:modified_time\" content=\"2025-02-15T20:55:35+00:00\" \/>\n<meta property=\"og:image\" content=\"https:\/\/bobea.net\/wp-content\/uploads\/2025\/02\/OTBRX7WQ6RAVNPDUDTWF7HMHNA.jpg\" \/>\n\t<meta property=\"og:image:width\" content=\"1400\" \/>\n\t<meta property=\"og:image:height\" content=\"934\" \/>\n\t<meta property=\"og:image:type\" content=\"image\/jpeg\" \/>\n<meta name=\"author\" content=\"bobea.info\" \/>\n<meta name=\"twitter:card\" content=\"summary_large_image\" \/>\n<meta name=\"twitter:label1\" content=\"\u00c9crit par\" \/>\n\t<meta name=\"twitter:data1\" content=\"bobea.info\" \/>\n\t<meta name=\"twitter:label2\" content=\"Dur\u00e9e de lecture estim\u00e9e\" \/>\n\t<meta name=\"twitter:data2\" content=\"3 minutes\" \/>\n<script type=\"application\/ld+json\" class=\"yoast-schema-graph\">{\"@context\":\"https:\/\/schema.org\",\"@graph\":[{\"@type\":\"Article\",\"@id\":\"https:\/\/bobea.net\/index.php\/2025\/02\/15\/le-festival-de-cannes-annonce-une-selection-paritaire-pour-2025\/#article\",\"isPartOf\":{\"@id\":\"https:\/\/bobea.net\/index.php\/2025\/02\/15\/le-festival-de-cannes-annonce-une-selection-paritaire-pour-2025\/\"},\"author\":{\"name\":\"bobea.info\",\"@id\":\"https:\/\/bobea.net\/#\/schema\/person\/e7f45ef187918d7c956bf619dce90ccf\"},\"headline\":\"Le Festival de Cannes annonce une s\u00e9lection paritaire pour 2025&nbsp;\",\"datePublished\":\"2025-02-15T20:55:32+00:00\",\"dateModified\":\"2025-02-15T20:55:35+00:00\",\"mainEntityOfPage\":{\"@id\":\"https:\/\/bobea.net\/index.php\/2025\/02\/15\/le-festival-de-cannes-annonce-une-selection-paritaire-pour-2025\/\"},\"wordCount\":428,\"commentCount\":0,\"publisher\":{\"@id\":\"https:\/\/bobea.net\/#organization\"},\"image\":{\"@id\":\"https:\/\/bobea.net\/index.php\/2025\/02\/15\/le-festival-de-cannes-annonce-une-selection-paritaire-pour-2025\/#primaryimage\"},\"thumbnailUrl\":\"https:\/\/bobea.net\/wp-content\/uploads\/2025\/02\/OTBRX7WQ6RAVNPDUDTWF7HMHNA.jpg\",\"keywords\":[\"Diversit\u00e9\",\"\u00e9galit\u00e9 des genres\",\"femmes r\u00e9alisatrices\",\"Festival de Cannes\",\"Inclusion\",\"s\u00e9lection paritaire\"],\"articleSection\":[\"On en Parle\"],\"inLanguage\":\"fr-FR\",\"potentialAction\":[{\"@type\":\"CommentAction\",\"name\":\"Comment\",\"target\":[\"https:\/\/bobea.net\/index.php\/2025\/02\/15\/le-festival-de-cannes-annonce-une-selection-paritaire-pour-2025\/#respond\"]}]},{\"@type\":\"WebPage\",\"@id\":\"https:\/\/bobea.net\/index.php\/2025\/02\/15\/le-festival-de-cannes-annonce-une-selection-paritaire-pour-2025\/\",\"url\":\"https:\/\/bobea.net\/index.php\/2025\/02\/15\/le-festival-de-cannes-annonce-une-selection-paritaire-pour-2025\/\",\"name\":\"Le Festival de Cannes annonce une s\u00e9lection paritaire pour 2025\u00a0 - Bobea\",\"isPartOf\":{\"@id\":\"https:\/\/bobea.net\/#website\"},\"primaryImageOfPage\":{\"@id\":\"https:\/\/bobea.net\/index.php\/2025\/02\/15\/le-festival-de-cannes-annonce-une-selection-paritaire-pour-2025\/#primaryimage\"},\"image\":{\"@id\":\"https:\/\/bobea.net\/index.php\/2025\/02\/15\/le-festival-de-cannes-annonce-une-selection-paritaire-pour-2025\/#primaryimage\"},\"thumbnailUrl\":\"https:\/\/bobea.net\/wp-content\/uploads\/2025\/02\/OTBRX7WQ6RAVNPDUDTWF7HMHNA.jpg\",\"datePublished\":\"2025-02-15T20:55:32+00:00\",\"dateModified\":\"2025-02-15T20:55:35+00:00\",\"breadcrumb\":{\"@id\":\"https:\/\/bobea.net\/index.php\/2025\/02\/15\/le-festival-de-cannes-annonce-une-selection-paritaire-pour-2025\/#breadcrumb\"},\"inLanguage\":\"fr-FR\",\"potentialAction\":[{\"@type\":\"ReadAction\",\"target\":[\"https:\/\/bobea.net\/index.php\/2025\/02\/15\/le-festival-de-cannes-annonce-une-selection-paritaire-pour-2025\/\"]}]},{\"@type\":\"ImageObject\",\"inLanguage\":\"fr-FR\",\"@id\":\"https:\/\/bobea.net\/index.php\/2025\/02\/15\/le-festival-de-cannes-annonce-une-selection-paritaire-pour-2025\/#primaryimage\",\"url\":\"https:\/\/bobea.net\/wp-content\/uploads\/2025\/02\/OTBRX7WQ6RAVNPDUDTWF7HMHNA.jpg\",\"contentUrl\":\"https:\/\/bobea.net\/wp-content\/uploads\/2025\/02\/OTBRX7WQ6RAVNPDUDTWF7HMHNA.jpg\",\"width\":1400,\"height\":934,\"caption\":\"Le Festival de Cannes annonce une s\u00e9lection paritaire pour 2025\u00a0\"},{\"@type\":\"BreadcrumbList\",\"@id\":\"https:\/\/bobea.net\/index.php\/2025\/02\/15\/le-festival-de-cannes-annonce-une-selection-paritaire-pour-2025\/#breadcrumb\",\"itemListElement\":[{\"@type\":\"ListItem\",\"position\":1,\"name\":\"Accueil\",\"item\":\"https:\/\/bobea.net\/\"},{\"@type\":\"ListItem\",\"position\":2,\"name\":\"Le Festival de Cannes annonce une s\u00e9lection paritaire pour 2025\u00a0\"}]},{\"@type\":\"WebSite\",\"@id\":\"https:\/\/bobea.net\/#website\",\"url\":\"https:\/\/bobea.net\/\",\"name\":\"Bobea\",\"description\":\"Le magazine de la nouvelle \u00c8ve\",\"publisher\":{\"@id\":\"https:\/\/bobea.net\/#organization\"},\"potentialAction\":[{\"@type\":\"SearchAction\",\"target\":{\"@type\":\"EntryPoint\",\"urlTemplate\":\"https:\/\/bobea.net\/?s={search_term_string}\"},\"query-input\":{\"@type\":\"PropertyValueSpecification\",\"valueRequired\":true,\"valueName\":\"search_term_string\"}}],\"inLanguage\":\"fr-FR\"},{\"@type\":\"Organization\",\"@id\":\"https:\/\/bobea.net\/#organization\",\"name\":\"Bobea\",\"url\":\"https:\/\/bobea.net\/\",\"logo\":{\"@type\":\"ImageObject\",\"inLanguage\":\"fr-FR\",\"@id\":\"https:\/\/bobea.net\/#\/schema\/logo\/image\/\",\"url\":\"https:\/\/bobea.net\/wp-content\/uploads\/2024\/06\/bobea.jpg\",\"contentUrl\":\"https:\/\/bobea.net\/wp-content\/uploads\/2024\/06\/bobea.jpg\",\"width\":1080,\"height\":1080,\"caption\":\"Bobea\"},\"image\":{\"@id\":\"https:\/\/bobea.net\/#\/schema\/logo\/image\/\"},\"sameAs\":[\"https:\/\/web.facebook.com\/profile.php?id=61559252188416\"]},{\"@type\":\"Person\",\"@id\":\"https:\/\/bobea.net\/#\/schema\/person\/e7f45ef187918d7c956bf619dce90ccf\",\"name\":\"bobea.info\",\"image\":{\"@type\":\"ImageObject\",\"inLanguage\":\"fr-FR\",\"@id\":\"https:\/\/bobea.net\/#\/schema\/person\/image\/\",\"url\":\"https:\/\/secure.gravatar.com\/avatar\/36147980349df887ae30808df3e29474?s=96&d=mm&r=g\",\"contentUrl\":\"https:\/\/secure.gravatar.com\/avatar\/36147980349df887ae30808df3e29474?s=96&d=mm&r=g\",\"caption\":\"bobea.info\"},\"sameAs\":[\"https:\/\/bobea.net\"],\"url\":\"https:\/\/bobea.net\/index.php\/author\/bobea-info\/\"}]}<\/script>\n<!-- \/ Yoast SEO plugin. -->","yoast_head_json":{"title":"Le Festival de Cannes annonce une s\u00e9lection paritaire pour 2025\u00a0 - Bobea","robots":{"index":"index","follow":"follow","max-snippet":"max-snippet:-1","max-image-preview":"max-image-preview:large","max-video-preview":"max-video-preview:-1"},"canonical":"https:\/\/bobea.net\/index.php\/2025\/02\/15\/le-festival-de-cannes-annonce-une-selection-paritaire-pour-2025\/","og_locale":"fr_FR","og_type":"article","og_title":"Le Festival de Cannes annonce une s\u00e9lection paritaire pour 2025\u00a0 - Bobea","og_description":"Le Fes\u00adti\u00adval de Cannes, l\u2019un des \u00e9v\u00e9ne\u00adments cin\u00e9\u00admatographiques les plus pres\u00adtigieux au monde, a annon\u00adc\u00e9 une s\u00e9lec\u00adtion offi\u00adcielle par\u00adi\u00adtaire pour son \u00e9di\u00adtion 2025. Cette d\u00e9ci\u00adsion his\u00adtorique mar\u00adque un tour\u00adnant dans&hellip;","og_url":"https:\/\/bobea.net\/index.php\/2025\/02\/15\/le-festival-de-cannes-annonce-une-selection-paritaire-pour-2025\/","og_site_name":"Bobea","article_publisher":"https:\/\/web.facebook.com\/profile.php?id=61559252188416","article_published_time":"2025-02-15T20:55:32+00:00","article_modified_time":"2025-02-15T20:55:35+00:00","og_image":[{"width":1400,"height":934,"url":"https:\/\/bobea.net\/wp-content\/uploads\/2025\/02\/OTBRX7WQ6RAVNPDUDTWF7HMHNA.jpg","type":"image\/jpeg"}],"author":"bobea.info","twitter_card":"summary_large_image","twitter_misc":{"\u00c9crit par":"bobea.info","Dur\u00e9e de lecture estim\u00e9e":"3 minutes"},"schema":{"@context":"https:\/\/schema.org","@graph":[{"@type":"Article","@id":"https:\/\/bobea.net\/index.php\/2025\/02\/15\/le-festival-de-cannes-annonce-une-selection-paritaire-pour-2025\/#article","isPartOf":{"@id":"https:\/\/bobea.net\/index.php\/2025\/02\/15\/le-festival-de-cannes-annonce-une-selection-paritaire-pour-2025\/"},"author":{"name":"bobea.info","@id":"https:\/\/bobea.net\/#\/schema\/person\/e7f45ef187918d7c956bf619dce90ccf"},"headline":"Le Festival de Cannes annonce une s\u00e9lection paritaire pour 2025&nbsp;","datePublished":"2025-02-15T20:55:32+00:00","dateModified":"2025-02-15T20:55:35+00:00","mainEntityOfPage":{"@id":"https:\/\/bobea.net\/index.php\/2025\/02\/15\/le-festival-de-cannes-annonce-une-selection-paritaire-pour-2025\/"},"wordCount":428,"commentCount":0,"publisher":{"@id":"https:\/\/bobea.net\/#organization"},"image":{"@id":"https:\/\/bobea.net\/index.php\/2025\/02\/15\/le-festival-de-cannes-annonce-une-selection-paritaire-pour-2025\/#primaryimage"},"thumbnailUrl":"https:\/\/bobea.net\/wp-content\/uploads\/2025\/02\/OTBRX7WQ6RAVNPDUDTWF7HMHNA.jpg","keywords":["Diversit\u00e9","\u00e9galit\u00e9 des genres","femmes r\u00e9alisatrices","Festival de Cannes","Inclusion","s\u00e9lection paritaire"],"articleSection":["On en Parle"],"inLanguage":"fr-FR","potentialAction":[{"@type":"CommentAction","name":"Comment","target":["https:\/\/bobea.net\/index.php\/2025\/02\/15\/le-festival-de-cannes-annonce-une-selection-paritaire-pour-2025\/#respond"]}]},{"@type":"WebPage","@id":"https:\/\/bobea.net\/index.php\/2025\/02\/15\/le-festival-de-cannes-annonce-une-selection-paritaire-pour-2025\/","url":"https:\/\/bobea.net\/index.php\/2025\/02\/15\/le-festival-de-cannes-annonce-une-selection-paritaire-pour-2025\/","name":"Le Festival de Cannes annonce une s\u00e9lection paritaire pour 2025\u00a0 - Bobea","isPartOf":{"@id":"https:\/\/bobea.net\/#website"},"primaryImageOfPage":{"@id":"https:\/\/bobea.net\/index.php\/2025\/02\/15\/le-festival-de-cannes-annonce-une-selection-paritaire-pour-2025\/#primaryimage"},"image":{"@id":"https:\/\/bobea.net\/index.php\/2025\/02\/15\/le-festival-de-cannes-annonce-une-selection-paritaire-pour-2025\/#primaryimage"},"thumbnailUrl":"https:\/\/bobea.net\/wp-content\/uploads\/2025\/02\/OTBRX7WQ6RAVNPDUDTWF7HMHNA.jpg","datePublished":"2025-02-15T20:55:32+00:00","dateModified":"2025-02-15T20:55:35+00:00","breadcrumb":{"@id":"https:\/\/bobea.net\/index.php\/2025\/02\/15\/le-festival-de-cannes-annonce-une-selection-paritaire-pour-2025\/#breadcrumb"},"inLanguage":"fr-FR","potentialAction":[{"@type":"ReadAction","target":["https:\/\/bobea.net\/index.php\/2025\/02\/15\/le-festival-de-cannes-annonce-une-selection-paritaire-pour-2025\/"]}]},{"@type":"ImageObject","inLanguage":"fr-FR","@id":"https:\/\/bobea.net\/index.php\/2025\/02\/15\/le-festival-de-cannes-annonce-une-selection-paritaire-pour-2025\/#primaryimage","url":"https:\/\/bobea.net\/wp-content\/uploads\/2025\/02\/OTBRX7WQ6RAVNPDUDTWF7HMHNA.jpg","contentUrl":"https:\/\/bobea.net\/wp-content\/uploads\/2025\/02\/OTBRX7WQ6RAVNPDUDTWF7HMHNA.jpg","width":1400,"height":934,"caption":"Le Festival de Cannes annonce une s\u00e9lection paritaire pour 2025\u00a0"},{"@type":"BreadcrumbList","@id":"https:\/\/bobea.net\/index.php\/2025\/02\/15\/le-festival-de-cannes-annonce-une-selection-paritaire-pour-2025\/#breadcrumb","itemListElement":[{"@type":"ListItem","position":1,"name":"Accueil","item":"https:\/\/bobea.net\/"},{"@type":"ListItem","position":2,"name":"Le Festival de Cannes annonce une s\u00e9lection paritaire pour 2025\u00a0"}]},{"@type":"WebSite","@id":"https:\/\/bobea.net\/#website","url":"https:\/\/bobea.net\/","name":"Bobea","description":"Le magazine de la nouvelle \u00c8ve","publisher":{"@id":"https:\/\/bobea.net\/#organization"},"potentialAction":[{"@type":"SearchAction","target":{"@type":"EntryPoint","urlTemplate":"https:\/\/bobea.net\/?s={search_term_string}"},"query-input":{"@type":"PropertyValueSpecification","valueRequired":true,"valueName":"search_term_string"}}],"inLanguage":"fr-FR"},{"@type":"Organization","@id":"https:\/\/bobea.net\/#organization","name":"Bobea","url":"https:\/\/bobea.net\/","logo":{"@type":"ImageObject","inLanguage":"fr-FR","@id":"https:\/\/bobea.net\/#\/schema\/logo\/image\/","url":"https:\/\/bobea.net\/wp-content\/uploads\/2024\/06\/bobea.jpg","contentUrl":"https:\/\/bobea.net\/wp-content\/uploads\/2024\/06\/bobea.jpg","width":1080,"height":1080,"caption":"Bobea"},"image":{"@id":"https:\/\/bobea.net\/#\/schema\/logo\/image\/"},"sameAs":["https:\/\/web.facebook.com\/profile.php?id=61559252188416"]},{"@type":"Person","@id":"https:\/\/bobea.net\/#\/schema\/person\/e7f45ef187918d7c956bf619dce90ccf","name":"bobea.info","image":{"@type":"ImageObject","inLanguage":"fr-FR","@id":"https:\/\/bobea.net\/#\/schema\/person\/image\/","url":"https:\/\/secure.gravatar.com\/avatar\/36147980349df887ae30808df3e29474?s=96&d=mm&r=g","contentUrl":"https:\/\/secure.gravatar.com\/avatar\/36147980349df887ae30808df3e29474?s=96&d=mm&r=g","caption":"bobea.info"},"sameAs":["https:\/\/bobea.net"],"url":"https:\/\/bobea.net\/index.php\/author\/bobea-info\/"}]}},"_links":{"self":[{"href":"https:\/\/bobea.net\/index.php\/wp-json\/wp\/v2\/posts\/9432"}],"collection":[{"href":"https:\/\/bobea.net\/index.php\/wp-json\/wp\/v2\/posts"}],"about":[{"href":"https:\/\/bobea.net\/index.php\/wp-json\/wp\/v2\/types\/post"}],"author":[{"embeddable":true,"href":"https:\/\/bobea.net\/index.php\/wp-json\/wp\/v2\/users\/1"}],"replies":[{"embeddable":true,"href":"https:\/\/bobea.net\/index.php\/wp-json\/wp\/v2\/comments?post=9432"}],"version-history":[{"count":0,"href":"https:\/\/bobea.net\/index.php\/wp-json\/wp\/v2\/posts\/9432\/revisions"}],"wp:featuredmedia":[{"embeddable":true,"href":"https:\/\/bobea.net\/index.php\/wp-json\/wp\/v2\/media\/9433"}],"wp:attachment":[{"href":"https:\/\/bobea.net\/index.php\/wp-json\/wp\/v2\/media?parent=9432"}],"wp:term":[{"taxonomy":"category","embeddable":true,"href":"https:\/\/bobea.net\/index.php\/wp-json\/wp\/v2\/categories?post=9432"},{"taxonomy":"post_tag","embeddable":true,"href":"https:\/\/bobea.net\/index.php\/wp-json\/wp\/v2\/tags?post=9432"}],"curies":[{"name":"wp","href":"https:\/\/api.w.org\/{rel}","templated":true}]}}