{"id":9267,"date":"2025-02-12T17:53:04","date_gmt":"2025-02-12T17:53:04","guid":{"rendered":"https:\/\/bobea.net\/?p=9267"},"modified":"2025-02-12T17:53:06","modified_gmt":"2025-02-12T17:53:06","slug":"daniele-mitterrand-une-femme-dideal-et-de-justice-sociale","status":"publish","type":"post","link":"https:\/\/bobea.net\/index.php\/2025\/02\/12\/daniele-mitterrand-une-femme-dideal-et-de-justice-sociale\/","title":{"rendered":"Dani\u00e8le Mitterrand : Une femme d\u2019id\u00e9al et de justice sociale&nbsp;"},"content":{"rendered":"\n<p><strong>Intro\u00adduc\u00adtion<\/strong><\/p>\n\n\n\n<p>Dani\u00e8le Mit\u00adter\u00adrand (1924\u20132011) fut bien plus qu\u2019une Pre\u00admi\u00e8re dame de France. Mil\u00adi\u00adtante infati\u00adga\u00adble pour les droits humains, elle a mar\u00adqu\u00e9 son \u00e9poque par son engage\u00adment en faveur de la jus\u00adtice sociale, de la d\u00e9moc\u00adra\u00adtie et du pro\u00adgr\u00e8s. \u00c0 tra\u00advers sa Fon\u00adda\u00adtion France Lib\u00adert\u00e9s, elle a plaid\u00e9 pour un monde plus \u00e9quitable.<\/p>\n\n\n\n<p><strong>Une vie d\u00e9di\u00e9e \u00e0 l\u2019engagement<\/strong><\/p>\n\n\n\n<p>D\u00e8s son jeune \u00e2ge, Dani\u00e8le Mit\u00adter\u00adrand s\u2019implique dans la R\u00e9sis\u00adtance pen\u00addant la Sec\u00adonde Guerre mon\u00addi\u00adale. Ce com\u00adbat pour la lib\u00adert\u00e9 mar\u00adque le d\u00e9but d\u2019une vie con\u00adsacr\u00e9e \u00e0 d\u00e9fendre les opprim\u00e9s.<\/p>\n\n\n\n<p>En tant que Pre\u00admi\u00e8re dame (1981\u20131995), elle refuse le r\u00f4le tra\u00addi\u00adtion\u00adnel sou\u00advent attribu\u00e9 aux \u00e9pous\u00ades pr\u00e9si\u00adden\u00adtielles. Elle utilise sa posi\u00adtion pour don\u00adner une voix aux caus\u00ades oubli\u00e9es : les droits des peu\u00adples autochtones, l\u2019acc\u00e8s \u00e0 l\u2019eau potable comme droit fon\u00adda\u00admen\u00adtal ou encore la lutte con\u00adtre les dic\u00adtatures.<\/p>\n\n\n\n<figure class=\"wp-block-image size-full is-resized\"><img loading=\"lazy\" decoding=\"async\" width=\"640\" height=\"448\" src=\"https:\/\/bobea.net\/wp-content\/uploads\/2025\/02\/Danielle-Mitterrand-est-morte-cette-nuit.jpg\" alt class=\"wp-image-9269\" style=\"width:840px;height:auto\" srcset=\"https:\/\/bobea.net\/wp-content\/uploads\/2025\/02\/Danielle-Mitterrand-est-morte-cette-nuit.jpg 640w, https:\/\/bobea.net\/wp-content\/uploads\/2025\/02\/Danielle-Mitterrand-est-morte-cette-nuit-300x210.jpg 300w\" sizes=\"(max-width: 640px) 100vw, 640px\"><\/figure>\n\n\n\n<p><strong>France Lib\u00adert\u00e9s : Un h\u00e9ritage durable<\/strong><\/p>\n\n\n\n<p>Fond\u00e9e en 1986, France Lib\u00adert\u00e9s est le reflet de ses con\u00advic\u00adtions pro\u00adfondes. L\u2019organisation s\u2019est battue pour que l\u2019eau soit recon\u00adnue comme un bien com\u00admun mon\u00addi\u00adal et non une marchan\u00addise. Sous sa direc\u00adtion, France Lib\u00adert\u00e9s a soutenu des pro\u00adjets dans plus de 80 pays.<\/p>\n\n\n\n<p>Dani\u00e8le Mit\u00adter\u00adrand a \u00e9gale\u00adment mil\u00adit\u00e9 pour les droits des femmes dans le monde entier. Elle croy\u00adait fer\u00adme\u00adment que l\u2019\u00e9mancipation f\u00e9mi\u00adnine \u00e9tait essen\u00adtielle pour con\u00adstru\u00adire une soci\u00e9t\u00e9 juste.<\/p>\n\n\n\n<p><strong>Per\u00adspec\u00adtives sur son h\u00e9ritage<\/strong><\/p>\n\n\n\n<p>Aujourd\u2019hui encore, Dani\u00e8le Mit\u00adter\u00adrand inspire par son courage et sa d\u00e9ter\u00admi\u00adna\u00adtion. Son com\u00adbat pour un monde plus sol\u00adidaire reste per\u00adti\u00adnent face aux d\u00e9fis actuels comme le change\u00adment cli\u00adma\u00adtique ou les in\u00e9\u00adgal\u00adit\u00e9s sociales crois\u00adsantes.<\/p>\n","protected":false},"excerpt":{"rendered":"<p>Intro\u00adduc\u00adtion Dani\u00e8le Mit\u00adter\u00adrand (1924\u20132011) fut bien plus qu\u2019une Pre\u00admi\u00e8re dame de France. Mil\u00adi\u00adtante infati\u00adga\u00adble pour les droits humains, elle a mar\u00adqu\u00e9 son \u00e9poque par son engage\u00adment en faveur de la\u2026 <\/p>\n","protected":false},"author":1,"featured_media":9268,"comment_status":"open","ping_status":"open","sticky":false,"template":"","format":"standard","meta":{"wp_typography_post_enhancements_disabled":false,"footnotes":""},"categories":[71],"tags":[9631,1098,9630,2912,9632],"class_list":["post-9267","post","type-post","status-publish","format-standard","has-post-thumbnail","hentry","category-leaders","tag-daniele-mitterrand","tag-droits-humains","tag-france-libertes","tag-justice-sociale","tag-premiere-dame-engagee"],"yoast_head":"<!-- This site is optimized with the Yoast SEO plugin v24.7 - https:\/\/yoast.com\/wordpress\/plugins\/seo\/ -->\n<title>Dani\u00e8le Mitterrand : Une femme d\u2019id\u00e9al et de justice sociale\u00a0 - Bobea<\/title>\n<meta name=\"robots\" content=\"index, follow, max-snippet:-1, max-image-preview:large, max-video-preview:-1\" \/>\n<link rel=\"canonical\" href=\"https:\/\/bobea.net\/index.php\/2025\/02\/12\/daniele-mitterrand-une-femme-dideal-et-de-justice-sociale\/\" \/>\n<meta property=\"og:locale\" content=\"fr_FR\" \/>\n<meta property=\"og:type\" content=\"article\" \/>\n<meta property=\"og:title\" content=\"Dani\u00e8le Mitterrand : Une femme d\u2019id\u00e9al et de justice sociale\u00a0 - Bobea\" \/>\n<meta property=\"og:description\" content=\"Intro\u00adduc\u00adtion Dani\u00e8le Mit\u00adter\u00adrand (1924\u20132011) fut bien plus qu\u2019une Pre\u00admi\u00e8re dame de France. Mil\u00adi\u00adtante infati\u00adga\u00adble pour les droits humains, elle a mar\u00adqu\u00e9 son \u00e9poque par son engage\u00adment en faveur de la&hellip;\" \/>\n<meta property=\"og:url\" content=\"https:\/\/bobea.net\/index.php\/2025\/02\/12\/daniele-mitterrand-une-femme-dideal-et-de-justice-sociale\/\" \/>\n<meta property=\"og:site_name\" content=\"Bobea\" \/>\n<meta property=\"article:publisher\" content=\"https:\/\/web.facebook.com\/profile.php?id=61559252188416\" \/>\n<meta property=\"article:published_time\" content=\"2025-02-12T17:53:04+00:00\" \/>\n<meta property=\"article:modified_time\" content=\"2025-02-12T17:53:06+00:00\" \/>\n<meta property=\"og:image\" content=\"https:\/\/bobea.net\/wp-content\/uploads\/2025\/02\/GWBSHEUUQBFNXV7X7L567ZMBCU.jpg\" \/>\n\t<meta property=\"og:image:width\" content=\"512\" \/>\n\t<meta property=\"og:image:height\" content=\"341\" \/>\n\t<meta property=\"og:image:type\" content=\"image\/jpeg\" \/>\n<meta name=\"author\" content=\"bobea.info\" \/>\n<meta name=\"twitter:card\" content=\"summary_large_image\" \/>\n<meta name=\"twitter:label1\" content=\"\u00c9crit par\" \/>\n\t<meta name=\"twitter:data1\" content=\"bobea.info\" \/>\n\t<meta name=\"twitter:label2\" content=\"Dur\u00e9e de lecture estim\u00e9e\" \/>\n\t<meta name=\"twitter:data2\" content=\"2 minutes\" \/>\n<script type=\"application\/ld+json\" class=\"yoast-schema-graph\">{\"@context\":\"https:\/\/schema.org\",\"@graph\":[{\"@type\":\"Article\",\"@id\":\"https:\/\/bobea.net\/index.php\/2025\/02\/12\/daniele-mitterrand-une-femme-dideal-et-de-justice-sociale\/#article\",\"isPartOf\":{\"@id\":\"https:\/\/bobea.net\/index.php\/2025\/02\/12\/daniele-mitterrand-une-femme-dideal-et-de-justice-sociale\/\"},\"author\":{\"name\":\"bobea.info\",\"@id\":\"https:\/\/bobea.net\/#\/schema\/person\/e7f45ef187918d7c956bf619dce90ccf\"},\"headline\":\"Dani\u00e8le Mitterrand : Une femme d\u2019id\u00e9al et de justice sociale&nbsp;\",\"datePublished\":\"2025-02-12T17:53:04+00:00\",\"dateModified\":\"2025-02-12T17:53:06+00:00\",\"mainEntityOfPage\":{\"@id\":\"https:\/\/bobea.net\/index.php\/2025\/02\/12\/daniele-mitterrand-une-femme-dideal-et-de-justice-sociale\/\"},\"wordCount\":295,\"commentCount\":0,\"publisher\":{\"@id\":\"https:\/\/bobea.net\/#organization\"},\"image\":{\"@id\":\"https:\/\/bobea.net\/index.php\/2025\/02\/12\/daniele-mitterrand-une-femme-dideal-et-de-justice-sociale\/#primaryimage\"},\"thumbnailUrl\":\"https:\/\/bobea.net\/wp-content\/uploads\/2025\/02\/GWBSHEUUQBFNXV7X7L567ZMBCU.jpg\",\"keywords\":[\"Dani\u00e8le Mitterrand\",\"droits humains\",\"France Libert\u00e9s\",\"justice sociale\",\"Premi\u00e8re dame engag\u00e9e\"],\"articleSection\":[\"Leaders\"],\"inLanguage\":\"fr-FR\",\"potentialAction\":[{\"@type\":\"CommentAction\",\"name\":\"Comment\",\"target\":[\"https:\/\/bobea.net\/index.php\/2025\/02\/12\/daniele-mitterrand-une-femme-dideal-et-de-justice-sociale\/#respond\"]}]},{\"@type\":\"WebPage\",\"@id\":\"https:\/\/bobea.net\/index.php\/2025\/02\/12\/daniele-mitterrand-une-femme-dideal-et-de-justice-sociale\/\",\"url\":\"https:\/\/bobea.net\/index.php\/2025\/02\/12\/daniele-mitterrand-une-femme-dideal-et-de-justice-sociale\/\",\"name\":\"Dani\u00e8le Mitterrand : Une femme d\u2019id\u00e9al et de justice sociale\u00a0 - Bobea\",\"isPartOf\":{\"@id\":\"https:\/\/bobea.net\/#website\"},\"primaryImageOfPage\":{\"@id\":\"https:\/\/bobea.net\/index.php\/2025\/02\/12\/daniele-mitterrand-une-femme-dideal-et-de-justice-sociale\/#primaryimage\"},\"image\":{\"@id\":\"https:\/\/bobea.net\/index.php\/2025\/02\/12\/daniele-mitterrand-une-femme-dideal-et-de-justice-sociale\/#primaryimage\"},\"thumbnailUrl\":\"https:\/\/bobea.net\/wp-content\/uploads\/2025\/02\/GWBSHEUUQBFNXV7X7L567ZMBCU.jpg\",\"datePublished\":\"2025-02-12T17:53:04+00:00\",\"dateModified\":\"2025-02-12T17:53:06+00:00\",\"breadcrumb\":{\"@id\":\"https:\/\/bobea.net\/index.php\/2025\/02\/12\/daniele-mitterrand-une-femme-dideal-et-de-justice-sociale\/#breadcrumb\"},\"inLanguage\":\"fr-FR\",\"potentialAction\":[{\"@type\":\"ReadAction\",\"target\":[\"https:\/\/bobea.net\/index.php\/2025\/02\/12\/daniele-mitterrand-une-femme-dideal-et-de-justice-sociale\/\"]}]},{\"@type\":\"ImageObject\",\"inLanguage\":\"fr-FR\",\"@id\":\"https:\/\/bobea.net\/index.php\/2025\/02\/12\/daniele-mitterrand-une-femme-dideal-et-de-justice-sociale\/#primaryimage\",\"url\":\"https:\/\/bobea.net\/wp-content\/uploads\/2025\/02\/GWBSHEUUQBFNXV7X7L567ZMBCU.jpg\",\"contentUrl\":\"https:\/\/bobea.net\/wp-content\/uploads\/2025\/02\/GWBSHEUUQBFNXV7X7L567ZMBCU.jpg\",\"width\":512,\"height\":341,\"caption\":\"Dani\u00e8le Mitterrand : Une femme d\u2019id\u00e9al et de justice sociale\u00a0\"},{\"@type\":\"BreadcrumbList\",\"@id\":\"https:\/\/bobea.net\/index.php\/2025\/02\/12\/daniele-mitterrand-une-femme-dideal-et-de-justice-sociale\/#breadcrumb\",\"itemListElement\":[{\"@type\":\"ListItem\",\"position\":1,\"name\":\"Accueil\",\"item\":\"https:\/\/bobea.net\/\"},{\"@type\":\"ListItem\",\"position\":2,\"name\":\"Dani\u00e8le Mitterrand : Une femme d\u2019id\u00e9al et de justice sociale\u00a0\"}]},{\"@type\":\"WebSite\",\"@id\":\"https:\/\/bobea.net\/#website\",\"url\":\"https:\/\/bobea.net\/\",\"name\":\"Bobea\",\"description\":\"Le magazine de la nouvelle \u00c8ve\",\"publisher\":{\"@id\":\"https:\/\/bobea.net\/#organization\"},\"potentialAction\":[{\"@type\":\"SearchAction\",\"target\":{\"@type\":\"EntryPoint\",\"urlTemplate\":\"https:\/\/bobea.net\/?s={search_term_string}\"},\"query-input\":{\"@type\":\"PropertyValueSpecification\",\"valueRequired\":true,\"valueName\":\"search_term_string\"}}],\"inLanguage\":\"fr-FR\"},{\"@type\":\"Organization\",\"@id\":\"https:\/\/bobea.net\/#organization\",\"name\":\"Bobea\",\"url\":\"https:\/\/bobea.net\/\",\"logo\":{\"@type\":\"ImageObject\",\"inLanguage\":\"fr-FR\",\"@id\":\"https:\/\/bobea.net\/#\/schema\/logo\/image\/\",\"url\":\"https:\/\/bobea.net\/wp-content\/uploads\/2024\/06\/bobea.jpg\",\"contentUrl\":\"https:\/\/bobea.net\/wp-content\/uploads\/2024\/06\/bobea.jpg\",\"width\":1080,\"height\":1080,\"caption\":\"Bobea\"},\"image\":{\"@id\":\"https:\/\/bobea.net\/#\/schema\/logo\/image\/\"},\"sameAs\":[\"https:\/\/web.facebook.com\/profile.php?id=61559252188416\"]},{\"@type\":\"Person\",\"@id\":\"https:\/\/bobea.net\/#\/schema\/person\/e7f45ef187918d7c956bf619dce90ccf\",\"name\":\"bobea.info\",\"image\":{\"@type\":\"ImageObject\",\"inLanguage\":\"fr-FR\",\"@id\":\"https:\/\/bobea.net\/#\/schema\/person\/image\/\",\"url\":\"https:\/\/secure.gravatar.com\/avatar\/36147980349df887ae30808df3e29474?s=96&d=mm&r=g\",\"contentUrl\":\"https:\/\/secure.gravatar.com\/avatar\/36147980349df887ae30808df3e29474?s=96&d=mm&r=g\",\"caption\":\"bobea.info\"},\"sameAs\":[\"https:\/\/bobea.net\"],\"url\":\"https:\/\/bobea.net\/index.php\/author\/bobea-info\/\"}]}<\/script>\n<!-- \/ Yoast SEO plugin. -->","yoast_head_json":{"title":"Dani\u00e8le Mitterrand : Une femme d\u2019id\u00e9al et de justice sociale\u00a0 - Bobea","robots":{"index":"index","follow":"follow","max-snippet":"max-snippet:-1","max-image-preview":"max-image-preview:large","max-video-preview":"max-video-preview:-1"},"canonical":"https:\/\/bobea.net\/index.php\/2025\/02\/12\/daniele-mitterrand-une-femme-dideal-et-de-justice-sociale\/","og_locale":"fr_FR","og_type":"article","og_title":"Dani\u00e8le Mitterrand : Une femme d\u2019id\u00e9al et de justice sociale\u00a0 - Bobea","og_description":"Intro\u00adduc\u00adtion Dani\u00e8le Mit\u00adter\u00adrand (1924\u20132011) fut bien plus qu\u2019une Pre\u00admi\u00e8re dame de France. Mil\u00adi\u00adtante infati\u00adga\u00adble pour les droits humains, elle a mar\u00adqu\u00e9 son \u00e9poque par son engage\u00adment en faveur de la&hellip;","og_url":"https:\/\/bobea.net\/index.php\/2025\/02\/12\/daniele-mitterrand-une-femme-dideal-et-de-justice-sociale\/","og_site_name":"Bobea","article_publisher":"https:\/\/web.facebook.com\/profile.php?id=61559252188416","article_published_time":"2025-02-12T17:53:04+00:00","article_modified_time":"2025-02-12T17:53:06+00:00","og_image":[{"width":512,"height":341,"url":"https:\/\/bobea.net\/wp-content\/uploads\/2025\/02\/GWBSHEUUQBFNXV7X7L567ZMBCU.jpg","type":"image\/jpeg"}],"author":"bobea.info","twitter_card":"summary_large_image","twitter_misc":{"\u00c9crit par":"bobea.info","Dur\u00e9e de lecture estim\u00e9e":"2 minutes"},"schema":{"@context":"https:\/\/schema.org","@graph":[{"@type":"Article","@id":"https:\/\/bobea.net\/index.php\/2025\/02\/12\/daniele-mitterrand-une-femme-dideal-et-de-justice-sociale\/#article","isPartOf":{"@id":"https:\/\/bobea.net\/index.php\/2025\/02\/12\/daniele-mitterrand-une-femme-dideal-et-de-justice-sociale\/"},"author":{"name":"bobea.info","@id":"https:\/\/bobea.net\/#\/schema\/person\/e7f45ef187918d7c956bf619dce90ccf"},"headline":"Dani\u00e8le Mitterrand : Une femme d\u2019id\u00e9al et de justice sociale&nbsp;","datePublished":"2025-02-12T17:53:04+00:00","dateModified":"2025-02-12T17:53:06+00:00","mainEntityOfPage":{"@id":"https:\/\/bobea.net\/index.php\/2025\/02\/12\/daniele-mitterrand-une-femme-dideal-et-de-justice-sociale\/"},"wordCount":295,"commentCount":0,"publisher":{"@id":"https:\/\/bobea.net\/#organization"},"image":{"@id":"https:\/\/bobea.net\/index.php\/2025\/02\/12\/daniele-mitterrand-une-femme-dideal-et-de-justice-sociale\/#primaryimage"},"thumbnailUrl":"https:\/\/bobea.net\/wp-content\/uploads\/2025\/02\/GWBSHEUUQBFNXV7X7L567ZMBCU.jpg","keywords":["Dani\u00e8le Mitterrand","droits humains","France Libert\u00e9s","justice sociale","Premi\u00e8re dame engag\u00e9e"],"articleSection":["Leaders"],"inLanguage":"fr-FR","potentialAction":[{"@type":"CommentAction","name":"Comment","target":["https:\/\/bobea.net\/index.php\/2025\/02\/12\/daniele-mitterrand-une-femme-dideal-et-de-justice-sociale\/#respond"]}]},{"@type":"WebPage","@id":"https:\/\/bobea.net\/index.php\/2025\/02\/12\/daniele-mitterrand-une-femme-dideal-et-de-justice-sociale\/","url":"https:\/\/bobea.net\/index.php\/2025\/02\/12\/daniele-mitterrand-une-femme-dideal-et-de-justice-sociale\/","name":"Dani\u00e8le Mitterrand : Une femme d\u2019id\u00e9al et de justice sociale\u00a0 - Bobea","isPartOf":{"@id":"https:\/\/bobea.net\/#website"},"primaryImageOfPage":{"@id":"https:\/\/bobea.net\/index.php\/2025\/02\/12\/daniele-mitterrand-une-femme-dideal-et-de-justice-sociale\/#primaryimage"},"image":{"@id":"https:\/\/bobea.net\/index.php\/2025\/02\/12\/daniele-mitterrand-une-femme-dideal-et-de-justice-sociale\/#primaryimage"},"thumbnailUrl":"https:\/\/bobea.net\/wp-content\/uploads\/2025\/02\/GWBSHEUUQBFNXV7X7L567ZMBCU.jpg","datePublished":"2025-02-12T17:53:04+00:00","dateModified":"2025-02-12T17:53:06+00:00","breadcrumb":{"@id":"https:\/\/bobea.net\/index.php\/2025\/02\/12\/daniele-mitterrand-une-femme-dideal-et-de-justice-sociale\/#breadcrumb"},"inLanguage":"fr-FR","potentialAction":[{"@type":"ReadAction","target":["https:\/\/bobea.net\/index.php\/2025\/02\/12\/daniele-mitterrand-une-femme-dideal-et-de-justice-sociale\/"]}]},{"@type":"ImageObject","inLanguage":"fr-FR","@id":"https:\/\/bobea.net\/index.php\/2025\/02\/12\/daniele-mitterrand-une-femme-dideal-et-de-justice-sociale\/#primaryimage","url":"https:\/\/bobea.net\/wp-content\/uploads\/2025\/02\/GWBSHEUUQBFNXV7X7L567ZMBCU.jpg","contentUrl":"https:\/\/bobea.net\/wp-content\/uploads\/2025\/02\/GWBSHEUUQBFNXV7X7L567ZMBCU.jpg","width":512,"height":341,"caption":"Dani\u00e8le Mitterrand : Une femme d\u2019id\u00e9al et de justice sociale\u00a0"},{"@type":"BreadcrumbList","@id":"https:\/\/bobea.net\/index.php\/2025\/02\/12\/daniele-mitterrand-une-femme-dideal-et-de-justice-sociale\/#breadcrumb","itemListElement":[{"@type":"ListItem","position":1,"name":"Accueil","item":"https:\/\/bobea.net\/"},{"@type":"ListItem","position":2,"name":"Dani\u00e8le Mitterrand : Une femme d\u2019id\u00e9al et de justice sociale\u00a0"}]},{"@type":"WebSite","@id":"https:\/\/bobea.net\/#website","url":"https:\/\/bobea.net\/","name":"Bobea","description":"Le magazine de la nouvelle \u00c8ve","publisher":{"@id":"https:\/\/bobea.net\/#organization"},"potentialAction":[{"@type":"SearchAction","target":{"@type":"EntryPoint","urlTemplate":"https:\/\/bobea.net\/?s={search_term_string}"},"query-input":{"@type":"PropertyValueSpecification","valueRequired":true,"valueName":"search_term_string"}}],"inLanguage":"fr-FR"},{"@type":"Organization","@id":"https:\/\/bobea.net\/#organization","name":"Bobea","url":"https:\/\/bobea.net\/","logo":{"@type":"ImageObject","inLanguage":"fr-FR","@id":"https:\/\/bobea.net\/#\/schema\/logo\/image\/","url":"https:\/\/bobea.net\/wp-content\/uploads\/2024\/06\/bobea.jpg","contentUrl":"https:\/\/bobea.net\/wp-content\/uploads\/2024\/06\/bobea.jpg","width":1080,"height":1080,"caption":"Bobea"},"image":{"@id":"https:\/\/bobea.net\/#\/schema\/logo\/image\/"},"sameAs":["https:\/\/web.facebook.com\/profile.php?id=61559252188416"]},{"@type":"Person","@id":"https:\/\/bobea.net\/#\/schema\/person\/e7f45ef187918d7c956bf619dce90ccf","name":"bobea.info","image":{"@type":"ImageObject","inLanguage":"fr-FR","@id":"https:\/\/bobea.net\/#\/schema\/person\/image\/","url":"https:\/\/secure.gravatar.com\/avatar\/36147980349df887ae30808df3e29474?s=96&d=mm&r=g","contentUrl":"https:\/\/secure.gravatar.com\/avatar\/36147980349df887ae30808df3e29474?s=96&d=mm&r=g","caption":"bobea.info"},"sameAs":["https:\/\/bobea.net"],"url":"https:\/\/bobea.net\/index.php\/author\/bobea-info\/"}]}},"_links":{"self":[{"href":"https:\/\/bobea.net\/index.php\/wp-json\/wp\/v2\/posts\/9267"}],"collection":[{"href":"https:\/\/bobea.net\/index.php\/wp-json\/wp\/v2\/posts"}],"about":[{"href":"https:\/\/bobea.net\/index.php\/wp-json\/wp\/v2\/types\/post"}],"author":[{"embeddable":true,"href":"https:\/\/bobea.net\/index.php\/wp-json\/wp\/v2\/users\/1"}],"replies":[{"embeddable":true,"href":"https:\/\/bobea.net\/index.php\/wp-json\/wp\/v2\/comments?post=9267"}],"version-history":[{"count":0,"href":"https:\/\/bobea.net\/index.php\/wp-json\/wp\/v2\/posts\/9267\/revisions"}],"wp:featuredmedia":[{"embeddable":true,"href":"https:\/\/bobea.net\/index.php\/wp-json\/wp\/v2\/media\/9268"}],"wp:attachment":[{"href":"https:\/\/bobea.net\/index.php\/wp-json\/wp\/v2\/media?parent=9267"}],"wp:term":[{"taxonomy":"category","embeddable":true,"href":"https:\/\/bobea.net\/index.php\/wp-json\/wp\/v2\/categories?post=9267"},{"taxonomy":"post_tag","embeddable":true,"href":"https:\/\/bobea.net\/index.php\/wp-json\/wp\/v2\/tags?post=9267"}],"curies":[{"name":"wp","href":"https:\/\/api.w.org\/{rel}","templated":true}]}}