{"id":9144,"date":"2025-02-11T15:16:22","date_gmt":"2025-02-11T15:16:22","guid":{"rendered":"https:\/\/bobea.net\/?p=9144"},"modified":"2025-02-11T15:16:24","modified_gmt":"2025-02-11T15:16:24","slug":"lancement-dun-fonds-mondial-pour-lentrepreneuriat-feminin","status":"publish","type":"post","link":"https:\/\/bobea.net\/index.php\/2025\/02\/11\/lancement-dun-fonds-mondial-pour-lentrepreneuriat-feminin\/","title":{"rendered":"Lancement d\u2019un fonds mondial pour l\u2019entrepreneuriat f\u00e9minin"},"content":{"rendered":"\n<p>La Banque mon\u00addi\u00adale a annon\u00adc\u00e9 aujour\u00add\u2019hui le lance\u00adment d\u2019un nou\u00adveau fonds d\u2019en\u00adver\u00adgure mon\u00addi\u00adale des\u00adtin\u00e9 \u00e0 soutenir les femmes entre\u00adpre\u00adneures dans les pays en d\u00e9veloppe\u00adment, avec un accent par\u00adti\u00adc\u00aduli\u00ader sur l\u2019Afrique sub\u00adsa\u00adhari\u00adenne. Cette ini\u00adtia\u00adtive, dot\u00e9e d\u2019un bud\u00adget ini\u00adtial de 1 mil\u00adliard de dol\u00adlars, vise \u00e0 combler l\u2019\u00e9\u00adcart de genre dans l\u2019ac\u00adc\u00e8s au finance\u00adment et \u00e0 stim\u00aduler la crois\u00adsance \u00e9conomique inclu\u00adsive.<\/p>\n\n\n\n<p>Car\u00adac\u00adt\u00e9ris\u00adtiques du fonds :<\/p>\n\n\n\n<ol start=\"1\" class=\"wp-block-list\">\n<li><strong>Finance\u00adment direct<\/strong>&nbsp;: Pr\u00eats \u00e0 taux pr\u00e9f\u00e9ren\u00adtiels et sub\u00adven\u00adtions pour les PME dirig\u00e9es par des femmes.<\/li>\n\n\n\n<li><strong>For\u00adma\u00adtion et men\u00adtorat<\/strong>&nbsp;: Pro\u00adgrammes de d\u00e9veloppe\u00adment des com\u00adp\u00e9\u00adtences en ges\u00adtion d\u2019en\u00adtre\u00adprise et lead\u00ader\u00adship.<\/li>\n\n\n\n<li><strong>R\u00e9seau d\u2019en\u00adtraide<\/strong>&nbsp;: Cr\u00e9a\u00adtion d\u2019une plate\u00adforme inter\u00adna\u00adtionale con\u00adnec\u00adtant les entre\u00adpre\u00adneures.<\/li>\n\n\n\n<li><strong>Parte\u00adnar\u00adi\u00adats pub\u00adlic-priv\u00e9<\/strong>&nbsp;: Col\u00adlab\u00ado\u00adra\u00adtion avec des entre\u00adpris\u00ades multi\u00adna\u00adtionales pour le sou\u00adtien et le men\u00adtorat.<\/li>\n<\/ol>\n\n\n\n<figure class=\"wp-block-image size-full\"><img loading=\"lazy\" decoding=\"async\" width=\"900\" height=\"453\" src=\"https:\/\/bobea.net\/wp-content\/uploads\/2025\/02\/d30ee1ca9e879a8474cdf38bba06fa06_XL.jpg\" alt class=\"wp-image-9145\" srcset=\"https:\/\/bobea.net\/wp-content\/uploads\/2025\/02\/d30ee1ca9e879a8474cdf38bba06fa06_XL.jpg 900w, https:\/\/bobea.net\/wp-content\/uploads\/2025\/02\/d30ee1ca9e879a8474cdf38bba06fa06_XL-300x151.jpg 300w, https:\/\/bobea.net\/wp-content\/uploads\/2025\/02\/d30ee1ca9e879a8474cdf38bba06fa06_XL-768x387.jpg 768w\" sizes=\"(max-width: 900px) 100vw, 900px\"><\/figure>\n\n\n\n<p>Akin\u00adwu\u00admi Adesina, pr\u00e9si\u00addent de la Banque africaine de d\u00e9veloppe\u00adment, com\u00admente : \u201cCe fonds est un pas d\u00e9cisif vers l\u2019au\u00adtonomi\u00adsa\u00adtion \u00e9conomique des femmes en Afrique. Il a le poten\u00adtiel de trans\u00adformer des vies et des com\u00admu\u00adnaut\u00e9s enti\u00e8res.\u201cLe fonds cible par\u00adti\u00adc\u00aduli\u00e8re\u00adment les secteurs de l\u2019a\u00adgri\u00adcul\u00adture durable, des tech\u00adnolo\u00adgies vertes et de l\u2019\u00e9\u00adconomie num\u00e9rique, recon\u00adnus comme moteurs de crois\u00adsance future.<\/p>\n\n\n\n<p>Des \u00e9tudes mon\u00adtrent que les entre\u00adpris\u00ades dirig\u00e9es par des femmes ont ten\u00addance \u00e0 r\u00e9in\u00adve\u00adstir jusqu\u2019\u00e0 90% de leurs revenus dans leurs familles et com\u00admu\u00adnaut\u00e9s, ampli\u00adfi\u00adant ain\u00adsi l\u2019im\u00adpact \u00e9conomique et social du fonds.<\/p>\n\n\n\n<p>Cepen\u00addant, des d\u00e9fis per\u00adsis\u00adtent, notam\u00adment en ter\u00admes d\u2019ac\u00adc\u00e8s \u00e0 l\u2019\u00e9\u00add\u00adu\u00adca\u00adtion et aux infra\u00adstruc\u00adtures dans cer\u00adtaines r\u00e9gions. Le fonds pr\u00e9voit donc des mesures sp\u00e9\u00adci\u00adfiques pour sur\u00admon\u00adter ces obsta\u00adcles.<\/p>\n","protected":false},"excerpt":{"rendered":"<p>La Banque mon\u00addi\u00adale a annon\u00adc\u00e9 aujour\u00add\u2019hui le lance\u00adment d\u2019un nou\u00adveau fonds d\u2019en\u00adver\u00adgure mon\u00addi\u00adale des\u00adtin\u00e9 \u00e0 soutenir les femmes entre\u00adpre\u00adneures dans les pays en d\u00e9veloppe\u00adment, avec un accent par\u00adti\u00adc\u00aduli\u00ader sur l\u2019Afrique\u2026 <\/p>\n","protected":false},"author":1,"featured_media":9147,"comment_status":"open","ping_status":"open","sticky":false,"template":"","format":"standard","meta":{"wp_typography_post_enhancements_disabled":false,"footnotes":""},"categories":[70],"tags":[],"class_list":["post-9144","post","type-post","status-publish","format-standard","has-post-thumbnail","hentry","category-actu"],"yoast_head":"<!-- This site is optimized with the Yoast SEO plugin v24.7 - https:\/\/yoast.com\/wordpress\/plugins\/seo\/ -->\n<title>Lancement d&#039;un fonds mondial pour l&#039;entrepreneuriat f\u00e9minin - Bobea<\/title>\n<meta name=\"robots\" content=\"index, follow, max-snippet:-1, max-image-preview:large, max-video-preview:-1\" \/>\n<link rel=\"canonical\" href=\"https:\/\/bobea.net\/index.php\/2025\/02\/11\/lancement-dun-fonds-mondial-pour-lentrepreneuriat-feminin\/\" \/>\n<meta property=\"og:locale\" content=\"fr_FR\" \/>\n<meta property=\"og:type\" content=\"article\" \/>\n<meta property=\"og:title\" content=\"Lancement d&#039;un fonds mondial pour l&#039;entrepreneuriat f\u00e9minin - Bobea\" \/>\n<meta property=\"og:description\" content=\"La Banque mon\u00addi\u00adale a annon\u00adc\u00e9 aujour\u00add\u2019hui le lance\u00adment d\u2019un nou\u00adveau fonds d\u2019en\u00adver\u00adgure mon\u00addi\u00adale des\u00adtin\u00e9 \u00e0 soutenir les femmes entre\u00adpre\u00adneures dans les pays en d\u00e9veloppe\u00adment, avec un accent par\u00adti\u00adc\u00aduli\u00ader sur l\u2019Afrique&hellip;\" \/>\n<meta property=\"og:url\" content=\"https:\/\/bobea.net\/index.php\/2025\/02\/11\/lancement-dun-fonds-mondial-pour-lentrepreneuriat-feminin\/\" \/>\n<meta property=\"og:site_name\" content=\"Bobea\" \/>\n<meta property=\"article:publisher\" content=\"https:\/\/web.facebook.com\/profile.php?id=61559252188416\" \/>\n<meta property=\"article:published_time\" content=\"2025-02-11T15:16:22+00:00\" \/>\n<meta property=\"article:modified_time\" content=\"2025-02-11T15:16:24+00:00\" \/>\n<meta property=\"og:image\" content=\"https:\/\/bobea.net\/wp-content\/uploads\/2025\/02\/a1-2022-business-confidence-report.jpg\" \/>\n\t<meta property=\"og:image:width\" content=\"1500\" \/>\n\t<meta property=\"og:image:height\" content=\"617\" \/>\n\t<meta property=\"og:image:type\" content=\"image\/jpeg\" \/>\n<meta name=\"author\" content=\"bobea.info\" \/>\n<meta name=\"twitter:card\" content=\"summary_large_image\" \/>\n<meta name=\"twitter:label1\" content=\"\u00c9crit par\" \/>\n\t<meta name=\"twitter:data1\" content=\"bobea.info\" \/>\n\t<meta name=\"twitter:label2\" content=\"Dur\u00e9e de lecture estim\u00e9e\" \/>\n\t<meta name=\"twitter:data2\" content=\"2 minutes\" \/>\n<script type=\"application\/ld+json\" class=\"yoast-schema-graph\">{\"@context\":\"https:\/\/schema.org\",\"@graph\":[{\"@type\":\"Article\",\"@id\":\"https:\/\/bobea.net\/index.php\/2025\/02\/11\/lancement-dun-fonds-mondial-pour-lentrepreneuriat-feminin\/#article\",\"isPartOf\":{\"@id\":\"https:\/\/bobea.net\/index.php\/2025\/02\/11\/lancement-dun-fonds-mondial-pour-lentrepreneuriat-feminin\/\"},\"author\":{\"name\":\"bobea.info\",\"@id\":\"https:\/\/bobea.net\/#\/schema\/person\/e7f45ef187918d7c956bf619dce90ccf\"},\"headline\":\"Lancement d\u2019un fonds mondial pour l\u2019entrepreneuriat f\u00e9minin\",\"datePublished\":\"2025-02-11T15:16:22+00:00\",\"dateModified\":\"2025-02-11T15:16:24+00:00\",\"mainEntityOfPage\":{\"@id\":\"https:\/\/bobea.net\/index.php\/2025\/02\/11\/lancement-dun-fonds-mondial-pour-lentrepreneuriat-feminin\/\"},\"wordCount\":273,\"commentCount\":1,\"publisher\":{\"@id\":\"https:\/\/bobea.net\/#organization\"},\"image\":{\"@id\":\"https:\/\/bobea.net\/index.php\/2025\/02\/11\/lancement-dun-fonds-mondial-pour-lentrepreneuriat-feminin\/#primaryimage\"},\"thumbnailUrl\":\"https:\/\/bobea.net\/wp-content\/uploads\/2025\/02\/a1-2022-business-confidence-report.jpg\",\"articleSection\":[\"Actu\"],\"inLanguage\":\"fr-FR\",\"potentialAction\":[{\"@type\":\"CommentAction\",\"name\":\"Comment\",\"target\":[\"https:\/\/bobea.net\/index.php\/2025\/02\/11\/lancement-dun-fonds-mondial-pour-lentrepreneuriat-feminin\/#respond\"]}]},{\"@type\":\"WebPage\",\"@id\":\"https:\/\/bobea.net\/index.php\/2025\/02\/11\/lancement-dun-fonds-mondial-pour-lentrepreneuriat-feminin\/\",\"url\":\"https:\/\/bobea.net\/index.php\/2025\/02\/11\/lancement-dun-fonds-mondial-pour-lentrepreneuriat-feminin\/\",\"name\":\"Lancement d'un fonds mondial pour l'entrepreneuriat f\u00e9minin - Bobea\",\"isPartOf\":{\"@id\":\"https:\/\/bobea.net\/#website\"},\"primaryImageOfPage\":{\"@id\":\"https:\/\/bobea.net\/index.php\/2025\/02\/11\/lancement-dun-fonds-mondial-pour-lentrepreneuriat-feminin\/#primaryimage\"},\"image\":{\"@id\":\"https:\/\/bobea.net\/index.php\/2025\/02\/11\/lancement-dun-fonds-mondial-pour-lentrepreneuriat-feminin\/#primaryimage\"},\"thumbnailUrl\":\"https:\/\/bobea.net\/wp-content\/uploads\/2025\/02\/a1-2022-business-confidence-report.jpg\",\"datePublished\":\"2025-02-11T15:16:22+00:00\",\"dateModified\":\"2025-02-11T15:16:24+00:00\",\"breadcrumb\":{\"@id\":\"https:\/\/bobea.net\/index.php\/2025\/02\/11\/lancement-dun-fonds-mondial-pour-lentrepreneuriat-feminin\/#breadcrumb\"},\"inLanguage\":\"fr-FR\",\"potentialAction\":[{\"@type\":\"ReadAction\",\"target\":[\"https:\/\/bobea.net\/index.php\/2025\/02\/11\/lancement-dun-fonds-mondial-pour-lentrepreneuriat-feminin\/\"]}]},{\"@type\":\"ImageObject\",\"inLanguage\":\"fr-FR\",\"@id\":\"https:\/\/bobea.net\/index.php\/2025\/02\/11\/lancement-dun-fonds-mondial-pour-lentrepreneuriat-feminin\/#primaryimage\",\"url\":\"https:\/\/bobea.net\/wp-content\/uploads\/2025\/02\/a1-2022-business-confidence-report.jpg\",\"contentUrl\":\"https:\/\/bobea.net\/wp-content\/uploads\/2025\/02\/a1-2022-business-confidence-report.jpg\",\"width\":1500,\"height\":617,\"caption\":\"Lancement d'un fonds mondial pour l'entrepreneuriat f\u00e9minin\"},{\"@type\":\"BreadcrumbList\",\"@id\":\"https:\/\/bobea.net\/index.php\/2025\/02\/11\/lancement-dun-fonds-mondial-pour-lentrepreneuriat-feminin\/#breadcrumb\",\"itemListElement\":[{\"@type\":\"ListItem\",\"position\":1,\"name\":\"Accueil\",\"item\":\"https:\/\/bobea.net\/\"},{\"@type\":\"ListItem\",\"position\":2,\"name\":\"Lancement d&rsquo;un fonds mondial pour l&rsquo;entrepreneuriat f\u00e9minin\"}]},{\"@type\":\"WebSite\",\"@id\":\"https:\/\/bobea.net\/#website\",\"url\":\"https:\/\/bobea.net\/\",\"name\":\"Bobea\",\"description\":\"Le magazine de la nouvelle \u00c8ve\",\"publisher\":{\"@id\":\"https:\/\/bobea.net\/#organization\"},\"potentialAction\":[{\"@type\":\"SearchAction\",\"target\":{\"@type\":\"EntryPoint\",\"urlTemplate\":\"https:\/\/bobea.net\/?s={search_term_string}\"},\"query-input\":{\"@type\":\"PropertyValueSpecification\",\"valueRequired\":true,\"valueName\":\"search_term_string\"}}],\"inLanguage\":\"fr-FR\"},{\"@type\":\"Organization\",\"@id\":\"https:\/\/bobea.net\/#organization\",\"name\":\"Bobea\",\"url\":\"https:\/\/bobea.net\/\",\"logo\":{\"@type\":\"ImageObject\",\"inLanguage\":\"fr-FR\",\"@id\":\"https:\/\/bobea.net\/#\/schema\/logo\/image\/\",\"url\":\"https:\/\/bobea.net\/wp-content\/uploads\/2024\/06\/bobea.jpg\",\"contentUrl\":\"https:\/\/bobea.net\/wp-content\/uploads\/2024\/06\/bobea.jpg\",\"width\":1080,\"height\":1080,\"caption\":\"Bobea\"},\"image\":{\"@id\":\"https:\/\/bobea.net\/#\/schema\/logo\/image\/\"},\"sameAs\":[\"https:\/\/web.facebook.com\/profile.php?id=61559252188416\"]},{\"@type\":\"Person\",\"@id\":\"https:\/\/bobea.net\/#\/schema\/person\/e7f45ef187918d7c956bf619dce90ccf\",\"name\":\"bobea.info\",\"image\":{\"@type\":\"ImageObject\",\"inLanguage\":\"fr-FR\",\"@id\":\"https:\/\/bobea.net\/#\/schema\/person\/image\/\",\"url\":\"https:\/\/secure.gravatar.com\/avatar\/36147980349df887ae30808df3e29474?s=96&d=mm&r=g\",\"contentUrl\":\"https:\/\/secure.gravatar.com\/avatar\/36147980349df887ae30808df3e29474?s=96&d=mm&r=g\",\"caption\":\"bobea.info\"},\"sameAs\":[\"https:\/\/bobea.net\"],\"url\":\"https:\/\/bobea.net\/index.php\/author\/bobea-info\/\"}]}<\/script>\n<!-- \/ Yoast SEO plugin. -->","yoast_head_json":{"title":"Lancement d'un fonds mondial pour l'entrepreneuriat f\u00e9minin - Bobea","robots":{"index":"index","follow":"follow","max-snippet":"max-snippet:-1","max-image-preview":"max-image-preview:large","max-video-preview":"max-video-preview:-1"},"canonical":"https:\/\/bobea.net\/index.php\/2025\/02\/11\/lancement-dun-fonds-mondial-pour-lentrepreneuriat-feminin\/","og_locale":"fr_FR","og_type":"article","og_title":"Lancement d'un fonds mondial pour l'entrepreneuriat f\u00e9minin - Bobea","og_description":"La Banque mon\u00addi\u00adale a annon\u00adc\u00e9 aujour\u00add\u2019hui le lance\u00adment d\u2019un nou\u00adveau fonds d\u2019en\u00adver\u00adgure mon\u00addi\u00adale des\u00adtin\u00e9 \u00e0 soutenir les femmes entre\u00adpre\u00adneures dans les pays en d\u00e9veloppe\u00adment, avec un accent par\u00adti\u00adc\u00aduli\u00ader sur l\u2019Afrique&hellip;","og_url":"https:\/\/bobea.net\/index.php\/2025\/02\/11\/lancement-dun-fonds-mondial-pour-lentrepreneuriat-feminin\/","og_site_name":"Bobea","article_publisher":"https:\/\/web.facebook.com\/profile.php?id=61559252188416","article_published_time":"2025-02-11T15:16:22+00:00","article_modified_time":"2025-02-11T15:16:24+00:00","og_image":[{"width":1500,"height":617,"url":"https:\/\/bobea.net\/wp-content\/uploads\/2025\/02\/a1-2022-business-confidence-report.jpg","type":"image\/jpeg"}],"author":"bobea.info","twitter_card":"summary_large_image","twitter_misc":{"\u00c9crit par":"bobea.info","Dur\u00e9e de lecture estim\u00e9e":"2 minutes"},"schema":{"@context":"https:\/\/schema.org","@graph":[{"@type":"Article","@id":"https:\/\/bobea.net\/index.php\/2025\/02\/11\/lancement-dun-fonds-mondial-pour-lentrepreneuriat-feminin\/#article","isPartOf":{"@id":"https:\/\/bobea.net\/index.php\/2025\/02\/11\/lancement-dun-fonds-mondial-pour-lentrepreneuriat-feminin\/"},"author":{"name":"bobea.info","@id":"https:\/\/bobea.net\/#\/schema\/person\/e7f45ef187918d7c956bf619dce90ccf"},"headline":"Lancement d\u2019un fonds mondial pour l\u2019entrepreneuriat f\u00e9minin","datePublished":"2025-02-11T15:16:22+00:00","dateModified":"2025-02-11T15:16:24+00:00","mainEntityOfPage":{"@id":"https:\/\/bobea.net\/index.php\/2025\/02\/11\/lancement-dun-fonds-mondial-pour-lentrepreneuriat-feminin\/"},"wordCount":273,"commentCount":1,"publisher":{"@id":"https:\/\/bobea.net\/#organization"},"image":{"@id":"https:\/\/bobea.net\/index.php\/2025\/02\/11\/lancement-dun-fonds-mondial-pour-lentrepreneuriat-feminin\/#primaryimage"},"thumbnailUrl":"https:\/\/bobea.net\/wp-content\/uploads\/2025\/02\/a1-2022-business-confidence-report.jpg","articleSection":["Actu"],"inLanguage":"fr-FR","potentialAction":[{"@type":"CommentAction","name":"Comment","target":["https:\/\/bobea.net\/index.php\/2025\/02\/11\/lancement-dun-fonds-mondial-pour-lentrepreneuriat-feminin\/#respond"]}]},{"@type":"WebPage","@id":"https:\/\/bobea.net\/index.php\/2025\/02\/11\/lancement-dun-fonds-mondial-pour-lentrepreneuriat-feminin\/","url":"https:\/\/bobea.net\/index.php\/2025\/02\/11\/lancement-dun-fonds-mondial-pour-lentrepreneuriat-feminin\/","name":"Lancement d'un fonds mondial pour l'entrepreneuriat f\u00e9minin - Bobea","isPartOf":{"@id":"https:\/\/bobea.net\/#website"},"primaryImageOfPage":{"@id":"https:\/\/bobea.net\/index.php\/2025\/02\/11\/lancement-dun-fonds-mondial-pour-lentrepreneuriat-feminin\/#primaryimage"},"image":{"@id":"https:\/\/bobea.net\/index.php\/2025\/02\/11\/lancement-dun-fonds-mondial-pour-lentrepreneuriat-feminin\/#primaryimage"},"thumbnailUrl":"https:\/\/bobea.net\/wp-content\/uploads\/2025\/02\/a1-2022-business-confidence-report.jpg","datePublished":"2025-02-11T15:16:22+00:00","dateModified":"2025-02-11T15:16:24+00:00","breadcrumb":{"@id":"https:\/\/bobea.net\/index.php\/2025\/02\/11\/lancement-dun-fonds-mondial-pour-lentrepreneuriat-feminin\/#breadcrumb"},"inLanguage":"fr-FR","potentialAction":[{"@type":"ReadAction","target":["https:\/\/bobea.net\/index.php\/2025\/02\/11\/lancement-dun-fonds-mondial-pour-lentrepreneuriat-feminin\/"]}]},{"@type":"ImageObject","inLanguage":"fr-FR","@id":"https:\/\/bobea.net\/index.php\/2025\/02\/11\/lancement-dun-fonds-mondial-pour-lentrepreneuriat-feminin\/#primaryimage","url":"https:\/\/bobea.net\/wp-content\/uploads\/2025\/02\/a1-2022-business-confidence-report.jpg","contentUrl":"https:\/\/bobea.net\/wp-content\/uploads\/2025\/02\/a1-2022-business-confidence-report.jpg","width":1500,"height":617,"caption":"Lancement d'un fonds mondial pour l'entrepreneuriat f\u00e9minin"},{"@type":"BreadcrumbList","@id":"https:\/\/bobea.net\/index.php\/2025\/02\/11\/lancement-dun-fonds-mondial-pour-lentrepreneuriat-feminin\/#breadcrumb","itemListElement":[{"@type":"ListItem","position":1,"name":"Accueil","item":"https:\/\/bobea.net\/"},{"@type":"ListItem","position":2,"name":"Lancement d&rsquo;un fonds mondial pour l&rsquo;entrepreneuriat f\u00e9minin"}]},{"@type":"WebSite","@id":"https:\/\/bobea.net\/#website","url":"https:\/\/bobea.net\/","name":"Bobea","description":"Le magazine de la nouvelle \u00c8ve","publisher":{"@id":"https:\/\/bobea.net\/#organization"},"potentialAction":[{"@type":"SearchAction","target":{"@type":"EntryPoint","urlTemplate":"https:\/\/bobea.net\/?s={search_term_string}"},"query-input":{"@type":"PropertyValueSpecification","valueRequired":true,"valueName":"search_term_string"}}],"inLanguage":"fr-FR"},{"@type":"Organization","@id":"https:\/\/bobea.net\/#organization","name":"Bobea","url":"https:\/\/bobea.net\/","logo":{"@type":"ImageObject","inLanguage":"fr-FR","@id":"https:\/\/bobea.net\/#\/schema\/logo\/image\/","url":"https:\/\/bobea.net\/wp-content\/uploads\/2024\/06\/bobea.jpg","contentUrl":"https:\/\/bobea.net\/wp-content\/uploads\/2024\/06\/bobea.jpg","width":1080,"height":1080,"caption":"Bobea"},"image":{"@id":"https:\/\/bobea.net\/#\/schema\/logo\/image\/"},"sameAs":["https:\/\/web.facebook.com\/profile.php?id=61559252188416"]},{"@type":"Person","@id":"https:\/\/bobea.net\/#\/schema\/person\/e7f45ef187918d7c956bf619dce90ccf","name":"bobea.info","image":{"@type":"ImageObject","inLanguage":"fr-FR","@id":"https:\/\/bobea.net\/#\/schema\/person\/image\/","url":"https:\/\/secure.gravatar.com\/avatar\/36147980349df887ae30808df3e29474?s=96&d=mm&r=g","contentUrl":"https:\/\/secure.gravatar.com\/avatar\/36147980349df887ae30808df3e29474?s=96&d=mm&r=g","caption":"bobea.info"},"sameAs":["https:\/\/bobea.net"],"url":"https:\/\/bobea.net\/index.php\/author\/bobea-info\/"}]}},"_links":{"self":[{"href":"https:\/\/bobea.net\/index.php\/wp-json\/wp\/v2\/posts\/9144"}],"collection":[{"href":"https:\/\/bobea.net\/index.php\/wp-json\/wp\/v2\/posts"}],"about":[{"href":"https:\/\/bobea.net\/index.php\/wp-json\/wp\/v2\/types\/post"}],"author":[{"embeddable":true,"href":"https:\/\/bobea.net\/index.php\/wp-json\/wp\/v2\/users\/1"}],"replies":[{"embeddable":true,"href":"https:\/\/bobea.net\/index.php\/wp-json\/wp\/v2\/comments?post=9144"}],"version-history":[{"count":0,"href":"https:\/\/bobea.net\/index.php\/wp-json\/wp\/v2\/posts\/9144\/revisions"}],"wp:featuredmedia":[{"embeddable":true,"href":"https:\/\/bobea.net\/index.php\/wp-json\/wp\/v2\/media\/9147"}],"wp:attachment":[{"href":"https:\/\/bobea.net\/index.php\/wp-json\/wp\/v2\/media?parent=9144"}],"wp:term":[{"taxonomy":"category","embeddable":true,"href":"https:\/\/bobea.net\/index.php\/wp-json\/wp\/v2\/categories?post=9144"},{"taxonomy":"post_tag","embeddable":true,"href":"https:\/\/bobea.net\/index.php\/wp-json\/wp\/v2\/tags?post=9144"}],"curies":[{"name":"wp","href":"https:\/\/api.w.org\/{rel}","templated":true}]}}