{"id":9045,"date":"2025-02-10T15:12:43","date_gmt":"2025-02-10T15:12:43","guid":{"rendered":"https:\/\/bobea.net\/?p=9045"},"modified":"2025-02-10T15:14:31","modified_gmt":"2025-02-10T15:14:31","slug":"le-slow-fashion-de-luxe-des-creatrices-qui-privilegient-lethique-et-la-qualite","status":"publish","type":"post","link":"https:\/\/bobea.net\/index.php\/2025\/02\/10\/le-slow-fashion-de-luxe-des-creatrices-qui-privilegient-lethique-et-la-qualite\/","title":{"rendered":"Le \u201cslow fashion\u201d de luxe \u2014 Des cr\u00e9atrices qui privil\u00e9gient l\u2019\u00e9thique et la qualit\u00e9"},"content":{"rendered":"\n<p>Le mou\u00adve\u00adment du \u201cslow fash\u00adion\u201d gagne du ter\u00adrain dans l\u2019in\u00addus\u00adtrie du luxe, port\u00e9 par des cr\u00e9a\u00adtri\u00adces vision\u00adnaires qui allient \u00e9thique, dura\u00adbil\u00adit\u00e9 et haute qual\u00adit\u00e9. Cette ten\u00addance r\u00e9pond \u00e0 une demande crois\u00adsante des con\u00adsom\u00adma\u00adteurs pour une mode plus respon\u00ads\u00adable et trans\u00adpar\u00adente.<\/p>\n\n\n\n<p><strong>Les pio\u00adnni\u00e8res du slow fash\u00adion de luxe<\/strong><\/p>\n\n\n\n<ol start=\"1\" class=\"wp-block-list\">\n<li>Stel\u00adla McCart\u00adney : Pio\u00adnni\u00e8re de la mode \u00e9thique, elle utilise des mat\u00e9ri\u00adaux inno\u00advants comme le cuir v\u00e9g\u00e9\u00adtal et le nylon recy\u00adcl\u00e9.<\/li>\n\n\n\n<li>Gabriela Hearst : Ses col\u00adlec\u00adtions en \u00e9di\u00adtion lim\u00adit\u00e9e priv\u00adil\u00e9gient des mat\u00e9ri\u00adaux durables et des tech\u00adniques arti\u00adsanales.<\/li>\n\n\n\n<li>Marine Serre : Son approche upcy\u00adcling trans\u00adforme des mat\u00e9ri\u00adaux recy\u00adcl\u00e9s en pi\u00e8ces de luxe avant-gardistes.<\/li>\n<\/ol>\n\n\n\n<p><strong>Les principes du slow fash\u00adion de luxe<\/strong><\/p>\n\n\n\n<ul class=\"wp-block-list\">\n<li>Pro\u00adduc\u00adtion en petites quan\u00adtit\u00e9s pour \u00e9viter le gaspillage<\/li>\n\n\n\n<li>Util\u00adi\u00adsa\u00adtion de mat\u00e9ri\u00adaux durables et de haute qual\u00adit\u00e9<\/li>\n\n\n\n<li>Trans\u00adparence sur la cha\u00eene d\u2019ap\u00adpro\u00advi\u00adsion\u00adnement<\/li>\n\n\n\n<li>Val\u00adori\u00adsa\u00adtion du savoir-faire arti\u00adsanal<\/li>\n\n\n\n<li>Design intem\u00adporel plut\u00f4t que ten\u00addances \u00e9ph\u00e9m\u00e8res<\/li>\n<\/ul>\n\n\n\n<p><strong>Inno\u00adva\u00adtions durables dans le luxe<\/strong><\/p>\n\n\n\n<ul class=\"wp-block-list\">\n<li>Cuir de champignon : Her\u00adm\u00e8s d\u00e9veloppe un cuir v\u00e9g\u00e9\u00adtal \u00e0 base de myc\u00e9li\u00adum<\/li>\n\n\n\n<li>Soie d\u2019araign\u00e9e syn\u00adth\u00e9\u00adtique : Bolt Threads cr\u00e9e une alter\u00adna\u00adtive durable \u00e0 la soie tra\u00addi\u00adtion\u00adnelle<\/li>\n\n\n\n<li>Tein\u00adtures naturelles : Recherche sur des pig\u00adments \u00e9cologiques extraits de plantes et de bac\u00adt\u00e9ries<\/li>\n<\/ul>\n\n\n\n<figure class=\"wp-block-image size-large\"><img loading=\"lazy\" decoding=\"async\" width=\"1024\" height=\"538\" src=\"https:\/\/bobea.net\/wp-content\/uploads\/2025\/02\/Alfie-1024x538.webp\" alt class=\"wp-image-9048\" srcset=\"https:\/\/bobea.net\/wp-content\/uploads\/2025\/02\/Alfie-1024x538.webp 1024w, https:\/\/bobea.net\/wp-content\/uploads\/2025\/02\/Alfie-300x158.webp 300w, https:\/\/bobea.net\/wp-content\/uploads\/2025\/02\/Alfie-768x403.webp 768w, https:\/\/bobea.net\/wp-content\/uploads\/2025\/02\/Alfie.webp 1200w\" sizes=\"(max-width: 1024px) 100vw, 1024px\"><\/figure>\n\n\n\n<p><strong>L\u2019im\u00adpact sur l\u2019in\u00addus\u00adtrie du luxe<\/strong><\/p>\n\n\n\n<p>Le slow fash\u00adion influ\u00adence les grandes maisons de cou\u00adture, qui adoptent pro\u00adgres\u00adsive\u00adment des pra\u00adtiques plus durables. LVMH et Ker\u00ading ont annon\u00adc\u00e9 des objec\u00adtifs ambitieux en mati\u00e8re de dura\u00adbil\u00adit\u00e9 pour les prochaines ann\u00e9es.<\/p>\n\n\n\n<p><strong>Le r\u00f4le des con\u00adsom\u00adma\u00adteurs<\/strong><\/p>\n\n\n\n<p>Les clients du luxe sont de plus en plus sen\u00adsi\u00adbles aux ques\u00adtions \u00e9thiques et envi\u00adron\u00adnemen\u00adtales. Ils exi\u00adgent trans\u00adparence et respon\u00ads\u00adabil\u00adit\u00e9 de la part des mar\u00adques qu\u2019ils sou\u00adti\u00aden\u00adnent.<\/p>\n\n\n\n<p><strong>D\u00e9fis et per\u00adspec\u00adtives<\/strong><\/p>\n\n\n\n<p>Mal\u00adgr\u00e9 les pro\u00adgr\u00e8s, des d\u00e9fis per\u00adsis\u00adtent :<\/p>\n\n\n\n<ul class=\"wp-block-list\">\n<li>Co\u00fbts \u00e9lev\u00e9s des mat\u00e9ri\u00adaux durables<\/li>\n\n\n\n<li>Dif\u00adfi\u00adcult\u00e9s \u00e0 main\u00adtenir une pro\u00adduc\u00adtion enti\u00e8re\u00adment \u00e9thique \u00e0 grande \u00e9chelle<\/li>\n\n\n\n<li>N\u00e9ces\u00adsit\u00e9 d\u2019\u00e9\u00addu\u00adquer les con\u00adsom\u00adma\u00adteurs sur la valeur du slow fash\u00adion<\/li>\n<\/ul>\n\n\n\n<p>L\u2019avenir du luxe sem\u00adble n\u00e9an\u00admoins s\u2019ori\u00aden\u00adter vers une mode plus con\u00adsciente et respon\u00ads\u00adable, o\u00f9 qual\u00adit\u00e9 et \u00e9thique vont de pair.<\/p>\n","protected":false},"excerpt":{"rendered":"<p>Le mou\u00adve\u00adment du \u201cslow fash\u00adion\u201d gagne du ter\u00adrain dans l\u2019in\u00addus\u00adtrie du luxe, port\u00e9 par des cr\u00e9a\u00adtri\u00adces vision\u00adnaires qui allient \u00e9thique, dura\u00adbil\u00adit\u00e9 et haute qual\u00adit\u00e9. Cette ten\u00addance r\u00e9pond \u00e0 une demande\u2026 <\/p>\n","protected":false},"author":1,"featured_media":9046,"comment_status":"open","ping_status":"open","sticky":false,"template":"","format":"standard","meta":{"wp_typography_post_enhancements_disabled":false,"footnotes":""},"categories":[50],"tags":[9523,9522,2581,9521],"class_list":["post-9045","post","type-post","status-publish","format-standard","has-post-thumbnail","hentry","category-mode","tag-creatrices-de-mode","tag-luxe-ethique","tag-mode-durable","tag-slow-fashion"],"yoast_head":"<!-- This site is optimized with the Yoast SEO plugin v24.7 - https:\/\/yoast.com\/wordpress\/plugins\/seo\/ -->\n<title>Le &quot;slow fashion&quot; de luxe - Des cr\u00e9atrices qui privil\u00e9gient l&#039;\u00e9thique et la qualit\u00e9 - Bobea<\/title>\n<meta name=\"robots\" content=\"index, follow, max-snippet:-1, max-image-preview:large, max-video-preview:-1\" \/>\n<link rel=\"canonical\" href=\"https:\/\/bobea.net\/index.php\/2025\/02\/10\/le-slow-fashion-de-luxe-des-creatrices-qui-privilegient-lethique-et-la-qualite\/\" \/>\n<meta property=\"og:locale\" content=\"fr_FR\" \/>\n<meta property=\"og:type\" content=\"article\" \/>\n<meta property=\"og:title\" content=\"Le &quot;slow fashion&quot; de luxe - Des cr\u00e9atrices qui privil\u00e9gient l&#039;\u00e9thique et la qualit\u00e9 - Bobea\" \/>\n<meta property=\"og:description\" content=\"Le mou\u00adve\u00adment du \u201cslow fash\u00adion\u201d gagne du ter\u00adrain dans l\u2019in\u00addus\u00adtrie du luxe, port\u00e9 par des cr\u00e9a\u00adtri\u00adces vision\u00adnaires qui allient \u00e9thique, dura\u00adbil\u00adit\u00e9 et haute qual\u00adit\u00e9. Cette ten\u00addance r\u00e9pond \u00e0 une demande&hellip;\" \/>\n<meta property=\"og:url\" content=\"https:\/\/bobea.net\/index.php\/2025\/02\/10\/le-slow-fashion-de-luxe-des-creatrices-qui-privilegient-lethique-et-la-qualite\/\" \/>\n<meta property=\"og:site_name\" content=\"Bobea\" \/>\n<meta property=\"article:publisher\" content=\"https:\/\/web.facebook.com\/profile.php?id=61559252188416\" \/>\n<meta property=\"article:published_time\" content=\"2025-02-10T15:12:43+00:00\" \/>\n<meta property=\"article:modified_time\" content=\"2025-02-10T15:14:31+00:00\" \/>\n<meta property=\"og:image\" content=\"https:\/\/bobea.net\/wp-content\/uploads\/2025\/02\/slow-fashion-in-the-face-of-the-economic-crisis.jpeg\" \/>\n\t<meta property=\"og:image:width\" content=\"2016\" \/>\n\t<meta property=\"og:image:height\" content=\"1152\" \/>\n\t<meta property=\"og:image:type\" content=\"image\/jpeg\" \/>\n<meta name=\"author\" content=\"bobea.info\" \/>\n<meta name=\"twitter:card\" content=\"summary_large_image\" \/>\n<meta name=\"twitter:label1\" content=\"\u00c9crit par\" \/>\n\t<meta name=\"twitter:data1\" content=\"bobea.info\" \/>\n\t<meta name=\"twitter:label2\" content=\"Dur\u00e9e de lecture estim\u00e9e\" \/>\n\t<meta name=\"twitter:data2\" content=\"2 minutes\" \/>\n<script type=\"application\/ld+json\" class=\"yoast-schema-graph\">{\"@context\":\"https:\/\/schema.org\",\"@graph\":[{\"@type\":\"Article\",\"@id\":\"https:\/\/bobea.net\/index.php\/2025\/02\/10\/le-slow-fashion-de-luxe-des-creatrices-qui-privilegient-lethique-et-la-qualite\/#article\",\"isPartOf\":{\"@id\":\"https:\/\/bobea.net\/index.php\/2025\/02\/10\/le-slow-fashion-de-luxe-des-creatrices-qui-privilegient-lethique-et-la-qualite\/\"},\"author\":{\"name\":\"bobea.info\",\"@id\":\"https:\/\/bobea.net\/#\/schema\/person\/e7f45ef187918d7c956bf619dce90ccf\"},\"headline\":\"Le \u201cslow fashion\u201d de luxe \u2014 Des cr\u00e9atrices qui privil\u00e9gient l\u2019\u00e9thique et la qualit\u00e9\",\"datePublished\":\"2025-02-10T15:12:43+00:00\",\"dateModified\":\"2025-02-10T15:14:31+00:00\",\"mainEntityOfPage\":{\"@id\":\"https:\/\/bobea.net\/index.php\/2025\/02\/10\/le-slow-fashion-de-luxe-des-creatrices-qui-privilegient-lethique-et-la-qualite\/\"},\"wordCount\":361,\"commentCount\":0,\"publisher\":{\"@id\":\"https:\/\/bobea.net\/#organization\"},\"image\":{\"@id\":\"https:\/\/bobea.net\/index.php\/2025\/02\/10\/le-slow-fashion-de-luxe-des-creatrices-qui-privilegient-lethique-et-la-qualite\/#primaryimage\"},\"thumbnailUrl\":\"https:\/\/bobea.net\/wp-content\/uploads\/2025\/02\/slow-fashion-in-the-face-of-the-economic-crisis.jpeg\",\"keywords\":[\"cr\u00e9atrices de mode\",\"luxe \u00e9thique\",\"mode durable\",\"slow fashion\"],\"articleSection\":[\"Mode\"],\"inLanguage\":\"fr-FR\",\"potentialAction\":[{\"@type\":\"CommentAction\",\"name\":\"Comment\",\"target\":[\"https:\/\/bobea.net\/index.php\/2025\/02\/10\/le-slow-fashion-de-luxe-des-creatrices-qui-privilegient-lethique-et-la-qualite\/#respond\"]}]},{\"@type\":\"WebPage\",\"@id\":\"https:\/\/bobea.net\/index.php\/2025\/02\/10\/le-slow-fashion-de-luxe-des-creatrices-qui-privilegient-lethique-et-la-qualite\/\",\"url\":\"https:\/\/bobea.net\/index.php\/2025\/02\/10\/le-slow-fashion-de-luxe-des-creatrices-qui-privilegient-lethique-et-la-qualite\/\",\"name\":\"Le \\\"slow fashion\\\" de luxe - Des cr\u00e9atrices qui privil\u00e9gient l'\u00e9thique et la qualit\u00e9 - Bobea\",\"isPartOf\":{\"@id\":\"https:\/\/bobea.net\/#website\"},\"primaryImageOfPage\":{\"@id\":\"https:\/\/bobea.net\/index.php\/2025\/02\/10\/le-slow-fashion-de-luxe-des-creatrices-qui-privilegient-lethique-et-la-qualite\/#primaryimage\"},\"image\":{\"@id\":\"https:\/\/bobea.net\/index.php\/2025\/02\/10\/le-slow-fashion-de-luxe-des-creatrices-qui-privilegient-lethique-et-la-qualite\/#primaryimage\"},\"thumbnailUrl\":\"https:\/\/bobea.net\/wp-content\/uploads\/2025\/02\/slow-fashion-in-the-face-of-the-economic-crisis.jpeg\",\"datePublished\":\"2025-02-10T15:12:43+00:00\",\"dateModified\":\"2025-02-10T15:14:31+00:00\",\"breadcrumb\":{\"@id\":\"https:\/\/bobea.net\/index.php\/2025\/02\/10\/le-slow-fashion-de-luxe-des-creatrices-qui-privilegient-lethique-et-la-qualite\/#breadcrumb\"},\"inLanguage\":\"fr-FR\",\"potentialAction\":[{\"@type\":\"ReadAction\",\"target\":[\"https:\/\/bobea.net\/index.php\/2025\/02\/10\/le-slow-fashion-de-luxe-des-creatrices-qui-privilegient-lethique-et-la-qualite\/\"]}]},{\"@type\":\"ImageObject\",\"inLanguage\":\"fr-FR\",\"@id\":\"https:\/\/bobea.net\/index.php\/2025\/02\/10\/le-slow-fashion-de-luxe-des-creatrices-qui-privilegient-lethique-et-la-qualite\/#primaryimage\",\"url\":\"https:\/\/bobea.net\/wp-content\/uploads\/2025\/02\/slow-fashion-in-the-face-of-the-economic-crisis.jpeg\",\"contentUrl\":\"https:\/\/bobea.net\/wp-content\/uploads\/2025\/02\/slow-fashion-in-the-face-of-the-economic-crisis.jpeg\",\"width\":2016,\"height\":1152,\"caption\":\"Le \\\"slow fashion\\\" de luxe - Des cr\u00e9atrices qui privil\u00e9gient l'\u00e9thique et la qualit\u00e9\"},{\"@type\":\"BreadcrumbList\",\"@id\":\"https:\/\/bobea.net\/index.php\/2025\/02\/10\/le-slow-fashion-de-luxe-des-creatrices-qui-privilegient-lethique-et-la-qualite\/#breadcrumb\",\"itemListElement\":[{\"@type\":\"ListItem\",\"position\":1,\"name\":\"Accueil\",\"item\":\"https:\/\/bobea.net\/\"},{\"@type\":\"ListItem\",\"position\":2,\"name\":\"Le \u00ab\u00a0slow fashion\u00a0\u00bb de luxe &#8211; Des cr\u00e9atrices qui privil\u00e9gient l&rsquo;\u00e9thique et la qualit\u00e9\"}]},{\"@type\":\"WebSite\",\"@id\":\"https:\/\/bobea.net\/#website\",\"url\":\"https:\/\/bobea.net\/\",\"name\":\"Bobea\",\"description\":\"Le magazine de la nouvelle \u00c8ve\",\"publisher\":{\"@id\":\"https:\/\/bobea.net\/#organization\"},\"potentialAction\":[{\"@type\":\"SearchAction\",\"target\":{\"@type\":\"EntryPoint\",\"urlTemplate\":\"https:\/\/bobea.net\/?s={search_term_string}\"},\"query-input\":{\"@type\":\"PropertyValueSpecification\",\"valueRequired\":true,\"valueName\":\"search_term_string\"}}],\"inLanguage\":\"fr-FR\"},{\"@type\":\"Organization\",\"@id\":\"https:\/\/bobea.net\/#organization\",\"name\":\"Bobea\",\"url\":\"https:\/\/bobea.net\/\",\"logo\":{\"@type\":\"ImageObject\",\"inLanguage\":\"fr-FR\",\"@id\":\"https:\/\/bobea.net\/#\/schema\/logo\/image\/\",\"url\":\"https:\/\/bobea.net\/wp-content\/uploads\/2024\/06\/bobea.jpg\",\"contentUrl\":\"https:\/\/bobea.net\/wp-content\/uploads\/2024\/06\/bobea.jpg\",\"width\":1080,\"height\":1080,\"caption\":\"Bobea\"},\"image\":{\"@id\":\"https:\/\/bobea.net\/#\/schema\/logo\/image\/\"},\"sameAs\":[\"https:\/\/web.facebook.com\/profile.php?id=61559252188416\"]},{\"@type\":\"Person\",\"@id\":\"https:\/\/bobea.net\/#\/schema\/person\/e7f45ef187918d7c956bf619dce90ccf\",\"name\":\"bobea.info\",\"image\":{\"@type\":\"ImageObject\",\"inLanguage\":\"fr-FR\",\"@id\":\"https:\/\/bobea.net\/#\/schema\/person\/image\/\",\"url\":\"https:\/\/secure.gravatar.com\/avatar\/36147980349df887ae30808df3e29474?s=96&d=mm&r=g\",\"contentUrl\":\"https:\/\/secure.gravatar.com\/avatar\/36147980349df887ae30808df3e29474?s=96&d=mm&r=g\",\"caption\":\"bobea.info\"},\"sameAs\":[\"https:\/\/bobea.net\"],\"url\":\"https:\/\/bobea.net\/index.php\/author\/bobea-info\/\"}]}<\/script>\n<!-- \/ Yoast SEO plugin. -->","yoast_head_json":{"title":"Le \"slow fashion\" de luxe - Des cr\u00e9atrices qui privil\u00e9gient l'\u00e9thique et la qualit\u00e9 - Bobea","robots":{"index":"index","follow":"follow","max-snippet":"max-snippet:-1","max-image-preview":"max-image-preview:large","max-video-preview":"max-video-preview:-1"},"canonical":"https:\/\/bobea.net\/index.php\/2025\/02\/10\/le-slow-fashion-de-luxe-des-creatrices-qui-privilegient-lethique-et-la-qualite\/","og_locale":"fr_FR","og_type":"article","og_title":"Le \"slow fashion\" de luxe - Des cr\u00e9atrices qui privil\u00e9gient l'\u00e9thique et la qualit\u00e9 - Bobea","og_description":"Le mou\u00adve\u00adment du \u201cslow fash\u00adion\u201d gagne du ter\u00adrain dans l\u2019in\u00addus\u00adtrie du luxe, port\u00e9 par des cr\u00e9a\u00adtri\u00adces vision\u00adnaires qui allient \u00e9thique, dura\u00adbil\u00adit\u00e9 et haute qual\u00adit\u00e9. Cette ten\u00addance r\u00e9pond \u00e0 une demande&hellip;","og_url":"https:\/\/bobea.net\/index.php\/2025\/02\/10\/le-slow-fashion-de-luxe-des-creatrices-qui-privilegient-lethique-et-la-qualite\/","og_site_name":"Bobea","article_publisher":"https:\/\/web.facebook.com\/profile.php?id=61559252188416","article_published_time":"2025-02-10T15:12:43+00:00","article_modified_time":"2025-02-10T15:14:31+00:00","og_image":[{"width":2016,"height":1152,"url":"https:\/\/bobea.net\/wp-content\/uploads\/2025\/02\/slow-fashion-in-the-face-of-the-economic-crisis.jpeg","type":"image\/jpeg"}],"author":"bobea.info","twitter_card":"summary_large_image","twitter_misc":{"\u00c9crit par":"bobea.info","Dur\u00e9e de lecture estim\u00e9e":"2 minutes"},"schema":{"@context":"https:\/\/schema.org","@graph":[{"@type":"Article","@id":"https:\/\/bobea.net\/index.php\/2025\/02\/10\/le-slow-fashion-de-luxe-des-creatrices-qui-privilegient-lethique-et-la-qualite\/#article","isPartOf":{"@id":"https:\/\/bobea.net\/index.php\/2025\/02\/10\/le-slow-fashion-de-luxe-des-creatrices-qui-privilegient-lethique-et-la-qualite\/"},"author":{"name":"bobea.info","@id":"https:\/\/bobea.net\/#\/schema\/person\/e7f45ef187918d7c956bf619dce90ccf"},"headline":"Le \u201cslow fashion\u201d de luxe \u2014 Des cr\u00e9atrices qui privil\u00e9gient l\u2019\u00e9thique et la qualit\u00e9","datePublished":"2025-02-10T15:12:43+00:00","dateModified":"2025-02-10T15:14:31+00:00","mainEntityOfPage":{"@id":"https:\/\/bobea.net\/index.php\/2025\/02\/10\/le-slow-fashion-de-luxe-des-creatrices-qui-privilegient-lethique-et-la-qualite\/"},"wordCount":361,"commentCount":0,"publisher":{"@id":"https:\/\/bobea.net\/#organization"},"image":{"@id":"https:\/\/bobea.net\/index.php\/2025\/02\/10\/le-slow-fashion-de-luxe-des-creatrices-qui-privilegient-lethique-et-la-qualite\/#primaryimage"},"thumbnailUrl":"https:\/\/bobea.net\/wp-content\/uploads\/2025\/02\/slow-fashion-in-the-face-of-the-economic-crisis.jpeg","keywords":["cr\u00e9atrices de mode","luxe \u00e9thique","mode durable","slow fashion"],"articleSection":["Mode"],"inLanguage":"fr-FR","potentialAction":[{"@type":"CommentAction","name":"Comment","target":["https:\/\/bobea.net\/index.php\/2025\/02\/10\/le-slow-fashion-de-luxe-des-creatrices-qui-privilegient-lethique-et-la-qualite\/#respond"]}]},{"@type":"WebPage","@id":"https:\/\/bobea.net\/index.php\/2025\/02\/10\/le-slow-fashion-de-luxe-des-creatrices-qui-privilegient-lethique-et-la-qualite\/","url":"https:\/\/bobea.net\/index.php\/2025\/02\/10\/le-slow-fashion-de-luxe-des-creatrices-qui-privilegient-lethique-et-la-qualite\/","name":"Le \"slow fashion\" de luxe - Des cr\u00e9atrices qui privil\u00e9gient l'\u00e9thique et la qualit\u00e9 - Bobea","isPartOf":{"@id":"https:\/\/bobea.net\/#website"},"primaryImageOfPage":{"@id":"https:\/\/bobea.net\/index.php\/2025\/02\/10\/le-slow-fashion-de-luxe-des-creatrices-qui-privilegient-lethique-et-la-qualite\/#primaryimage"},"image":{"@id":"https:\/\/bobea.net\/index.php\/2025\/02\/10\/le-slow-fashion-de-luxe-des-creatrices-qui-privilegient-lethique-et-la-qualite\/#primaryimage"},"thumbnailUrl":"https:\/\/bobea.net\/wp-content\/uploads\/2025\/02\/slow-fashion-in-the-face-of-the-economic-crisis.jpeg","datePublished":"2025-02-10T15:12:43+00:00","dateModified":"2025-02-10T15:14:31+00:00","breadcrumb":{"@id":"https:\/\/bobea.net\/index.php\/2025\/02\/10\/le-slow-fashion-de-luxe-des-creatrices-qui-privilegient-lethique-et-la-qualite\/#breadcrumb"},"inLanguage":"fr-FR","potentialAction":[{"@type":"ReadAction","target":["https:\/\/bobea.net\/index.php\/2025\/02\/10\/le-slow-fashion-de-luxe-des-creatrices-qui-privilegient-lethique-et-la-qualite\/"]}]},{"@type":"ImageObject","inLanguage":"fr-FR","@id":"https:\/\/bobea.net\/index.php\/2025\/02\/10\/le-slow-fashion-de-luxe-des-creatrices-qui-privilegient-lethique-et-la-qualite\/#primaryimage","url":"https:\/\/bobea.net\/wp-content\/uploads\/2025\/02\/slow-fashion-in-the-face-of-the-economic-crisis.jpeg","contentUrl":"https:\/\/bobea.net\/wp-content\/uploads\/2025\/02\/slow-fashion-in-the-face-of-the-economic-crisis.jpeg","width":2016,"height":1152,"caption":"Le \"slow fashion\" de luxe - Des cr\u00e9atrices qui privil\u00e9gient l'\u00e9thique et la qualit\u00e9"},{"@type":"BreadcrumbList","@id":"https:\/\/bobea.net\/index.php\/2025\/02\/10\/le-slow-fashion-de-luxe-des-creatrices-qui-privilegient-lethique-et-la-qualite\/#breadcrumb","itemListElement":[{"@type":"ListItem","position":1,"name":"Accueil","item":"https:\/\/bobea.net\/"},{"@type":"ListItem","position":2,"name":"Le \u00ab\u00a0slow fashion\u00a0\u00bb de luxe &#8211; Des cr\u00e9atrices qui privil\u00e9gient l&rsquo;\u00e9thique et la qualit\u00e9"}]},{"@type":"WebSite","@id":"https:\/\/bobea.net\/#website","url":"https:\/\/bobea.net\/","name":"Bobea","description":"Le magazine de la nouvelle \u00c8ve","publisher":{"@id":"https:\/\/bobea.net\/#organization"},"potentialAction":[{"@type":"SearchAction","target":{"@type":"EntryPoint","urlTemplate":"https:\/\/bobea.net\/?s={search_term_string}"},"query-input":{"@type":"PropertyValueSpecification","valueRequired":true,"valueName":"search_term_string"}}],"inLanguage":"fr-FR"},{"@type":"Organization","@id":"https:\/\/bobea.net\/#organization","name":"Bobea","url":"https:\/\/bobea.net\/","logo":{"@type":"ImageObject","inLanguage":"fr-FR","@id":"https:\/\/bobea.net\/#\/schema\/logo\/image\/","url":"https:\/\/bobea.net\/wp-content\/uploads\/2024\/06\/bobea.jpg","contentUrl":"https:\/\/bobea.net\/wp-content\/uploads\/2024\/06\/bobea.jpg","width":1080,"height":1080,"caption":"Bobea"},"image":{"@id":"https:\/\/bobea.net\/#\/schema\/logo\/image\/"},"sameAs":["https:\/\/web.facebook.com\/profile.php?id=61559252188416"]},{"@type":"Person","@id":"https:\/\/bobea.net\/#\/schema\/person\/e7f45ef187918d7c956bf619dce90ccf","name":"bobea.info","image":{"@type":"ImageObject","inLanguage":"fr-FR","@id":"https:\/\/bobea.net\/#\/schema\/person\/image\/","url":"https:\/\/secure.gravatar.com\/avatar\/36147980349df887ae30808df3e29474?s=96&d=mm&r=g","contentUrl":"https:\/\/secure.gravatar.com\/avatar\/36147980349df887ae30808df3e29474?s=96&d=mm&r=g","caption":"bobea.info"},"sameAs":["https:\/\/bobea.net"],"url":"https:\/\/bobea.net\/index.php\/author\/bobea-info\/"}]}},"_links":{"self":[{"href":"https:\/\/bobea.net\/index.php\/wp-json\/wp\/v2\/posts\/9045"}],"collection":[{"href":"https:\/\/bobea.net\/index.php\/wp-json\/wp\/v2\/posts"}],"about":[{"href":"https:\/\/bobea.net\/index.php\/wp-json\/wp\/v2\/types\/post"}],"author":[{"embeddable":true,"href":"https:\/\/bobea.net\/index.php\/wp-json\/wp\/v2\/users\/1"}],"replies":[{"embeddable":true,"href":"https:\/\/bobea.net\/index.php\/wp-json\/wp\/v2\/comments?post=9045"}],"version-history":[{"count":0,"href":"https:\/\/bobea.net\/index.php\/wp-json\/wp\/v2\/posts\/9045\/revisions"}],"wp:featuredmedia":[{"embeddable":true,"href":"https:\/\/bobea.net\/index.php\/wp-json\/wp\/v2\/media\/9046"}],"wp:attachment":[{"href":"https:\/\/bobea.net\/index.php\/wp-json\/wp\/v2\/media?parent=9045"}],"wp:term":[{"taxonomy":"category","embeddable":true,"href":"https:\/\/bobea.net\/index.php\/wp-json\/wp\/v2\/categories?post=9045"},{"taxonomy":"post_tag","embeddable":true,"href":"https:\/\/bobea.net\/index.php\/wp-json\/wp\/v2\/tags?post=9045"}],"curies":[{"name":"wp","href":"https:\/\/api.w.org\/{rel}","templated":true}]}}