{"id":8888,"date":"2025-02-07T13:45:52","date_gmt":"2025-02-07T13:45:52","guid":{"rendered":"https:\/\/bobea.net\/?p=8888"},"modified":"2025-02-07T13:45:53","modified_gmt":"2025-02-07T13:45:53","slug":"carla-bruni-sarkozy-femme-artiste-et-libre","status":"publish","type":"post","link":"https:\/\/bobea.net\/index.php\/2025\/02\/07\/carla-bruni-sarkozy-femme-artiste-et-libre\/","title":{"rendered":"Carla Bruni-Sarkozy \u2014 Femme artiste et libre"},"content":{"rendered":"\n<p>Car\u00adla Bruni-Sarkozy, man\u00adnequin, chanteuse, et anci\u00adenne Pre\u00admi\u00e8re dame de France, incar\u00adne l\u2019\u00e9l\u00e9\u00adgance et la lib\u00adert\u00e9 sur le tapis rouge de Cannes. Sa pr\u00e9sence au fes\u00adti\u00adval est tou\u00adjours tr\u00e8s atten\u00addue, m\u00ealant glam\u00adour et d\u00e9con\u00adtrac\u00adtion.<\/p>\n\n\n\n<p>Son style \u00e0 Cannes :<\/p>\n\n\n\n<ul class=\"wp-block-list\">\n<li>Robes longues flu\u00adides sign\u00e9es des plus grands cou\u00adturi\u00aders<\/li>\n\n\n\n<li>Bijoux dis\u00adcrets mais pr\u00e9\u00adcieux<\/li>\n\n\n\n<li>Maquil\u00adlage naturel met\u00adtant en valeur son teint h\u00e2l\u00e9<\/li>\n<\/ul>\n\n\n\n<p>Car\u00adla Bruni-Sarkozy col\u00adla\u00adbore sou\u00advent avec des cr\u00e9a\u00adteurs fran\u00e7ais pour ses appari\u00adtions can\u00adnois\u00ades, sou\u00adtenant ain\u00adsi l\u2019in\u00addus\u00adtrie de la mode hexag\u00ado\u00adnale. Elle a notam\u00adment port\u00e9 des cr\u00e9a\u00adtions Yves Saint Lau\u00adrent, Dior et Chanel lors de ses derni\u00e8res mon\u00adt\u00e9es des march\u00ades.<\/p>\n\n\n\n<p>Sa car\u00adri\u00e8re artis\u00adtique mul\u00adti\u00adfac\u00adette lui per\u00admet d\u2019abor\u00adder le fes\u00adti\u00adval sous dif\u00adf\u00e9rents angles : tan\u00adt\u00f4t comme invit\u00e9e de mar\u00adque, tan\u00adt\u00f4t pour pro\u00admou\u00advoir ses pro\u00adpres pro\u00adjets musi\u00adcaux ou cin\u00e9\u00admatographiques.<\/p>\n\n\n\n<figure class=\"wp-block-image size-large\"><img loading=\"lazy\" decoding=\"async\" width=\"1024\" height=\"768\" src=\"https:\/\/bobea.net\/wp-content\/uploads\/2025\/02\/382e80b5c804cd8c5def4832c9b7-1024x768.webp\" alt class=\"wp-image-8890\" srcset=\"https:\/\/bobea.net\/wp-content\/uploads\/2025\/02\/382e80b5c804cd8c5def4832c9b7-1024x768.webp 1024w, https:\/\/bobea.net\/wp-content\/uploads\/2025\/02\/382e80b5c804cd8c5def4832c9b7-300x225.webp 300w, https:\/\/bobea.net\/wp-content\/uploads\/2025\/02\/382e80b5c804cd8c5def4832c9b7-768x576.webp 768w, https:\/\/bobea.net\/wp-content\/uploads\/2025\/02\/382e80b5c804cd8c5def4832c9b7-1536x1152.webp 1536w, https:\/\/bobea.net\/wp-content\/uploads\/2025\/02\/382e80b5c804cd8c5def4832c9b7-2048x1536.webp 2048w\" sizes=\"(max-width: 1024px) 100vw, 1024px\"><\/figure>\n\n\n\n<p>Dr. Emma Fitzger\u00adald, soci\u00ado\u00adlogue des m\u00e9dias, com\u00admente : \u201cCar\u00adla Bruni-Sarkozy repr\u00e9sente une forme de lib\u00adert\u00e9 f\u00e9mi\u00adnine tr\u00e8s fran\u00e7aise. Elle nav\u00adigue avec aisance entre ses dif\u00adf\u00e9rents r\u00f4les, brouil\u00adlant les fron\u00adti\u00e8res entre art, poli\u00adtique et c\u00e9l\u00e9brit\u00e9.\u201cSon impact sur la mode can\u00adnoise :<\/p>\n\n\n\n<ul class=\"wp-block-list\">\n<li>Pop\u00adu\u00adlar\u00adi\u00adsa\u00adtion du style \u201ceffort\u00adless chic\u201d<\/li>\n\n\n\n<li>Mise en avant de cr\u00e9a\u00adteurs \u00e9mer\u00adgents<\/li>\n\n\n\n<li>Pro\u00admo\u00adtion d\u2019une \u00e9l\u00e9\u00adgance intem\u00adporelle<\/li>\n<\/ul>\n\n\n\n<p>Mana Lil\u00adiane Rose, qui a col\u00adlabor\u00e9 avec Car\u00adla pour cer\u00adtaines de ses tenues can\u00adnois\u00ades, con\u00adfie : \u201cHabiller Car\u00adla est un r\u00eave pour tout cr\u00e9a\u00adteur. Elle com\u00adprend par\u00adfaite\u00adment la mode et sait exacte\u00adment com\u00adment porter chaque pi\u00e8ce pour la sub\u00adlimer.\u201d<\/p>\n\n\n\n<p>Au-del\u00e0 de son style, Car\u00adla Bruni-Sarkozy utilise sa pr\u00e9sence \u00e0 Cannes pour soutenir divers\u00ades caus\u00ades, notam\u00adment dans le domaine de l\u2019\u00e9\u00add\u00adu\u00adca\u00adtion et de la cul\u00adture. Son engage\u00adment phil\u00adan\u00adthropique ajoute une dimen\u00adsion sup\u00adpl\u00e9\u00admen\u00adtaire \u00e0 son image publique.<\/p>\n","protected":false},"excerpt":{"rendered":"<p>Car\u00adla Bruni-Sarkozy, man\u00adnequin, chanteuse, et anci\u00adenne Pre\u00admi\u00e8re dame de France, incar\u00adne l\u2019\u00e9l\u00e9\u00adgance et la lib\u00adert\u00e9 sur le tapis rouge de Cannes. Sa pr\u00e9sence au fes\u00adti\u00adval est tou\u00adjours tr\u00e8s atten\u00addue, m\u00ealant\u2026 <\/p>\n","protected":false},"author":1,"featured_media":8889,"comment_status":"open","ping_status":"open","sticky":false,"template":"","format":"standard","meta":{"wp_typography_post_enhancements_disabled":false,"footnotes":""},"categories":[55],"tags":[],"class_list":["post-8888","post","type-post","status-publish","format-standard","has-post-thumbnail","hentry","category-culture"],"yoast_head":"<!-- This site is optimized with the Yoast SEO plugin v24.7 - https:\/\/yoast.com\/wordpress\/plugins\/seo\/ -->\n<title>Carla Bruni-Sarkozy - Femme artiste et libre - Bobea<\/title>\n<meta name=\"robots\" content=\"index, follow, max-snippet:-1, max-image-preview:large, max-video-preview:-1\" \/>\n<link rel=\"canonical\" href=\"https:\/\/bobea.net\/index.php\/2025\/02\/07\/carla-bruni-sarkozy-femme-artiste-et-libre\/\" \/>\n<meta property=\"og:locale\" content=\"fr_FR\" \/>\n<meta property=\"og:type\" content=\"article\" \/>\n<meta property=\"og:title\" content=\"Carla Bruni-Sarkozy - Femme artiste et libre - Bobea\" \/>\n<meta property=\"og:description\" content=\"Car\u00adla Bruni-Sarkozy, man\u00adnequin, chanteuse, et anci\u00adenne Pre\u00admi\u00e8re dame de France, incar\u00adne l\u2019\u00e9l\u00e9\u00adgance et la lib\u00adert\u00e9 sur le tapis rouge de Cannes. Sa pr\u00e9sence au fes\u00adti\u00adval est tou\u00adjours tr\u00e8s atten\u00addue, m\u00ealant&hellip;\" \/>\n<meta property=\"og:url\" content=\"https:\/\/bobea.net\/index.php\/2025\/02\/07\/carla-bruni-sarkozy-femme-artiste-et-libre\/\" \/>\n<meta property=\"og:site_name\" content=\"Bobea\" \/>\n<meta property=\"article:publisher\" content=\"https:\/\/web.facebook.com\/profile.php?id=61559252188416\" \/>\n<meta property=\"article:published_time\" content=\"2025-02-07T13:45:52+00:00\" \/>\n<meta property=\"article:modified_time\" content=\"2025-02-07T13:45:53+00:00\" \/>\n<meta property=\"og:image\" content=\"https:\/\/bobea.net\/wp-content\/uploads\/2025\/02\/382e80b5c804cd8c5def4832c9b7.webp\" \/>\n\t<meta property=\"og:image:width\" content=\"2462\" \/>\n\t<meta property=\"og:image:height\" content=\"1847\" \/>\n\t<meta property=\"og:image:type\" content=\"image\/webp\" \/>\n<meta name=\"author\" content=\"bobea.info\" \/>\n<meta name=\"twitter:card\" content=\"summary_large_image\" \/>\n<meta name=\"twitter:label1\" content=\"\u00c9crit par\" \/>\n\t<meta name=\"twitter:data1\" content=\"bobea.info\" \/>\n\t<meta name=\"twitter:label2\" content=\"Dur\u00e9e de lecture estim\u00e9e\" \/>\n\t<meta name=\"twitter:data2\" content=\"1 minute\" \/>\n<script type=\"application\/ld+json\" class=\"yoast-schema-graph\">{\"@context\":\"https:\/\/schema.org\",\"@graph\":[{\"@type\":\"Article\",\"@id\":\"https:\/\/bobea.net\/index.php\/2025\/02\/07\/carla-bruni-sarkozy-femme-artiste-et-libre\/#article\",\"isPartOf\":{\"@id\":\"https:\/\/bobea.net\/index.php\/2025\/02\/07\/carla-bruni-sarkozy-femme-artiste-et-libre\/\"},\"author\":{\"name\":\"bobea.info\",\"@id\":\"https:\/\/bobea.net\/#\/schema\/person\/e7f45ef187918d7c956bf619dce90ccf\"},\"headline\":\"Carla Bruni-Sarkozy \u2014 Femme artiste et libre\",\"datePublished\":\"2025-02-07T13:45:52+00:00\",\"dateModified\":\"2025-02-07T13:45:53+00:00\",\"mainEntityOfPage\":{\"@id\":\"https:\/\/bobea.net\/index.php\/2025\/02\/07\/carla-bruni-sarkozy-femme-artiste-et-libre\/\"},\"wordCount\":295,\"commentCount\":0,\"publisher\":{\"@id\":\"https:\/\/bobea.net\/#organization\"},\"image\":{\"@id\":\"https:\/\/bobea.net\/index.php\/2025\/02\/07\/carla-bruni-sarkozy-femme-artiste-et-libre\/#primaryimage\"},\"thumbnailUrl\":\"https:\/\/bobea.net\/wp-content\/uploads\/2025\/02\/1678888-carla-bruni-sarkozy-lors-du-festival-de-cannes-2024-photo-d-illustration.jpg\",\"articleSection\":[\"Culture\"],\"inLanguage\":\"fr-FR\",\"potentialAction\":[{\"@type\":\"CommentAction\",\"name\":\"Comment\",\"target\":[\"https:\/\/bobea.net\/index.php\/2025\/02\/07\/carla-bruni-sarkozy-femme-artiste-et-libre\/#respond\"]}]},{\"@type\":\"WebPage\",\"@id\":\"https:\/\/bobea.net\/index.php\/2025\/02\/07\/carla-bruni-sarkozy-femme-artiste-et-libre\/\",\"url\":\"https:\/\/bobea.net\/index.php\/2025\/02\/07\/carla-bruni-sarkozy-femme-artiste-et-libre\/\",\"name\":\"Carla Bruni-Sarkozy - Femme artiste et libre - Bobea\",\"isPartOf\":{\"@id\":\"https:\/\/bobea.net\/#website\"},\"primaryImageOfPage\":{\"@id\":\"https:\/\/bobea.net\/index.php\/2025\/02\/07\/carla-bruni-sarkozy-femme-artiste-et-libre\/#primaryimage\"},\"image\":{\"@id\":\"https:\/\/bobea.net\/index.php\/2025\/02\/07\/carla-bruni-sarkozy-femme-artiste-et-libre\/#primaryimage\"},\"thumbnailUrl\":\"https:\/\/bobea.net\/wp-content\/uploads\/2025\/02\/1678888-carla-bruni-sarkozy-lors-du-festival-de-cannes-2024-photo-d-illustration.jpg\",\"datePublished\":\"2025-02-07T13:45:52+00:00\",\"dateModified\":\"2025-02-07T13:45:53+00:00\",\"breadcrumb\":{\"@id\":\"https:\/\/bobea.net\/index.php\/2025\/02\/07\/carla-bruni-sarkozy-femme-artiste-et-libre\/#breadcrumb\"},\"inLanguage\":\"fr-FR\",\"potentialAction\":[{\"@type\":\"ReadAction\",\"target\":[\"https:\/\/bobea.net\/index.php\/2025\/02\/07\/carla-bruni-sarkozy-femme-artiste-et-libre\/\"]}]},{\"@type\":\"ImageObject\",\"inLanguage\":\"fr-FR\",\"@id\":\"https:\/\/bobea.net\/index.php\/2025\/02\/07\/carla-bruni-sarkozy-femme-artiste-et-libre\/#primaryimage\",\"url\":\"https:\/\/bobea.net\/wp-content\/uploads\/2025\/02\/1678888-carla-bruni-sarkozy-lors-du-festival-de-cannes-2024-photo-d-illustration.jpg\",\"contentUrl\":\"https:\/\/bobea.net\/wp-content\/uploads\/2025\/02\/1678888-carla-bruni-sarkozy-lors-du-festival-de-cannes-2024-photo-d-illustration.jpg\",\"width\":770,\"height\":513,\"caption\":\"Carla Bruni-Sarkozy - Femme artiste et libre\"},{\"@type\":\"BreadcrumbList\",\"@id\":\"https:\/\/bobea.net\/index.php\/2025\/02\/07\/carla-bruni-sarkozy-femme-artiste-et-libre\/#breadcrumb\",\"itemListElement\":[{\"@type\":\"ListItem\",\"position\":1,\"name\":\"Accueil\",\"item\":\"https:\/\/bobea.net\/\"},{\"@type\":\"ListItem\",\"position\":2,\"name\":\"Carla Bruni-Sarkozy \u2014 Femme artiste et libre\"}]},{\"@type\":\"WebSite\",\"@id\":\"https:\/\/bobea.net\/#website\",\"url\":\"https:\/\/bobea.net\/\",\"name\":\"Bobea\",\"description\":\"Le magazine de la nouvelle \u00c8ve\",\"publisher\":{\"@id\":\"https:\/\/bobea.net\/#organization\"},\"potentialAction\":[{\"@type\":\"SearchAction\",\"target\":{\"@type\":\"EntryPoint\",\"urlTemplate\":\"https:\/\/bobea.net\/?s={search_term_string}\"},\"query-input\":{\"@type\":\"PropertyValueSpecification\",\"valueRequired\":true,\"valueName\":\"search_term_string\"}}],\"inLanguage\":\"fr-FR\"},{\"@type\":\"Organization\",\"@id\":\"https:\/\/bobea.net\/#organization\",\"name\":\"Bobea\",\"url\":\"https:\/\/bobea.net\/\",\"logo\":{\"@type\":\"ImageObject\",\"inLanguage\":\"fr-FR\",\"@id\":\"https:\/\/bobea.net\/#\/schema\/logo\/image\/\",\"url\":\"https:\/\/bobea.net\/wp-content\/uploads\/2024\/06\/bobea.jpg\",\"contentUrl\":\"https:\/\/bobea.net\/wp-content\/uploads\/2024\/06\/bobea.jpg\",\"width\":1080,\"height\":1080,\"caption\":\"Bobea\"},\"image\":{\"@id\":\"https:\/\/bobea.net\/#\/schema\/logo\/image\/\"},\"sameAs\":[\"https:\/\/web.facebook.com\/profile.php?id=61559252188416\"]},{\"@type\":\"Person\",\"@id\":\"https:\/\/bobea.net\/#\/schema\/person\/e7f45ef187918d7c956bf619dce90ccf\",\"name\":\"bobea.info\",\"image\":{\"@type\":\"ImageObject\",\"inLanguage\":\"fr-FR\",\"@id\":\"https:\/\/bobea.net\/#\/schema\/person\/image\/\",\"url\":\"https:\/\/secure.gravatar.com\/avatar\/36147980349df887ae30808df3e29474?s=96&d=mm&r=g\",\"contentUrl\":\"https:\/\/secure.gravatar.com\/avatar\/36147980349df887ae30808df3e29474?s=96&d=mm&r=g\",\"caption\":\"bobea.info\"},\"sameAs\":[\"https:\/\/bobea.net\"],\"url\":\"https:\/\/bobea.net\/index.php\/author\/bobea-info\/\"}]}<\/script>\n<!-- \/ Yoast SEO plugin. -->","yoast_head_json":{"title":"Carla Bruni-Sarkozy - Femme artiste et libre - Bobea","robots":{"index":"index","follow":"follow","max-snippet":"max-snippet:-1","max-image-preview":"max-image-preview:large","max-video-preview":"max-video-preview:-1"},"canonical":"https:\/\/bobea.net\/index.php\/2025\/02\/07\/carla-bruni-sarkozy-femme-artiste-et-libre\/","og_locale":"fr_FR","og_type":"article","og_title":"Carla Bruni-Sarkozy - Femme artiste et libre - Bobea","og_description":"Car\u00adla Bruni-Sarkozy, man\u00adnequin, chanteuse, et anci\u00adenne Pre\u00admi\u00e8re dame de France, incar\u00adne l\u2019\u00e9l\u00e9\u00adgance et la lib\u00adert\u00e9 sur le tapis rouge de Cannes. Sa pr\u00e9sence au fes\u00adti\u00adval est tou\u00adjours tr\u00e8s atten\u00addue, m\u00ealant&hellip;","og_url":"https:\/\/bobea.net\/index.php\/2025\/02\/07\/carla-bruni-sarkozy-femme-artiste-et-libre\/","og_site_name":"Bobea","article_publisher":"https:\/\/web.facebook.com\/profile.php?id=61559252188416","article_published_time":"2025-02-07T13:45:52+00:00","article_modified_time":"2025-02-07T13:45:53+00:00","og_image":[{"width":2462,"height":1847,"url":"https:\/\/bobea.net\/wp-content\/uploads\/2025\/02\/382e80b5c804cd8c5def4832c9b7.webp","type":"image\/webp"}],"author":"bobea.info","twitter_card":"summary_large_image","twitter_misc":{"\u00c9crit par":"bobea.info","Dur\u00e9e de lecture estim\u00e9e":"1 minute"},"schema":{"@context":"https:\/\/schema.org","@graph":[{"@type":"Article","@id":"https:\/\/bobea.net\/index.php\/2025\/02\/07\/carla-bruni-sarkozy-femme-artiste-et-libre\/#article","isPartOf":{"@id":"https:\/\/bobea.net\/index.php\/2025\/02\/07\/carla-bruni-sarkozy-femme-artiste-et-libre\/"},"author":{"name":"bobea.info","@id":"https:\/\/bobea.net\/#\/schema\/person\/e7f45ef187918d7c956bf619dce90ccf"},"headline":"Carla Bruni-Sarkozy \u2014 Femme artiste et libre","datePublished":"2025-02-07T13:45:52+00:00","dateModified":"2025-02-07T13:45:53+00:00","mainEntityOfPage":{"@id":"https:\/\/bobea.net\/index.php\/2025\/02\/07\/carla-bruni-sarkozy-femme-artiste-et-libre\/"},"wordCount":295,"commentCount":0,"publisher":{"@id":"https:\/\/bobea.net\/#organization"},"image":{"@id":"https:\/\/bobea.net\/index.php\/2025\/02\/07\/carla-bruni-sarkozy-femme-artiste-et-libre\/#primaryimage"},"thumbnailUrl":"https:\/\/bobea.net\/wp-content\/uploads\/2025\/02\/1678888-carla-bruni-sarkozy-lors-du-festival-de-cannes-2024-photo-d-illustration.jpg","articleSection":["Culture"],"inLanguage":"fr-FR","potentialAction":[{"@type":"CommentAction","name":"Comment","target":["https:\/\/bobea.net\/index.php\/2025\/02\/07\/carla-bruni-sarkozy-femme-artiste-et-libre\/#respond"]}]},{"@type":"WebPage","@id":"https:\/\/bobea.net\/index.php\/2025\/02\/07\/carla-bruni-sarkozy-femme-artiste-et-libre\/","url":"https:\/\/bobea.net\/index.php\/2025\/02\/07\/carla-bruni-sarkozy-femme-artiste-et-libre\/","name":"Carla Bruni-Sarkozy - Femme artiste et libre - Bobea","isPartOf":{"@id":"https:\/\/bobea.net\/#website"},"primaryImageOfPage":{"@id":"https:\/\/bobea.net\/index.php\/2025\/02\/07\/carla-bruni-sarkozy-femme-artiste-et-libre\/#primaryimage"},"image":{"@id":"https:\/\/bobea.net\/index.php\/2025\/02\/07\/carla-bruni-sarkozy-femme-artiste-et-libre\/#primaryimage"},"thumbnailUrl":"https:\/\/bobea.net\/wp-content\/uploads\/2025\/02\/1678888-carla-bruni-sarkozy-lors-du-festival-de-cannes-2024-photo-d-illustration.jpg","datePublished":"2025-02-07T13:45:52+00:00","dateModified":"2025-02-07T13:45:53+00:00","breadcrumb":{"@id":"https:\/\/bobea.net\/index.php\/2025\/02\/07\/carla-bruni-sarkozy-femme-artiste-et-libre\/#breadcrumb"},"inLanguage":"fr-FR","potentialAction":[{"@type":"ReadAction","target":["https:\/\/bobea.net\/index.php\/2025\/02\/07\/carla-bruni-sarkozy-femme-artiste-et-libre\/"]}]},{"@type":"ImageObject","inLanguage":"fr-FR","@id":"https:\/\/bobea.net\/index.php\/2025\/02\/07\/carla-bruni-sarkozy-femme-artiste-et-libre\/#primaryimage","url":"https:\/\/bobea.net\/wp-content\/uploads\/2025\/02\/1678888-carla-bruni-sarkozy-lors-du-festival-de-cannes-2024-photo-d-illustration.jpg","contentUrl":"https:\/\/bobea.net\/wp-content\/uploads\/2025\/02\/1678888-carla-bruni-sarkozy-lors-du-festival-de-cannes-2024-photo-d-illustration.jpg","width":770,"height":513,"caption":"Carla Bruni-Sarkozy - Femme artiste et libre"},{"@type":"BreadcrumbList","@id":"https:\/\/bobea.net\/index.php\/2025\/02\/07\/carla-bruni-sarkozy-femme-artiste-et-libre\/#breadcrumb","itemListElement":[{"@type":"ListItem","position":1,"name":"Accueil","item":"https:\/\/bobea.net\/"},{"@type":"ListItem","position":2,"name":"Carla Bruni-Sarkozy \u2014 Femme artiste et libre"}]},{"@type":"WebSite","@id":"https:\/\/bobea.net\/#website","url":"https:\/\/bobea.net\/","name":"Bobea","description":"Le magazine de la nouvelle \u00c8ve","publisher":{"@id":"https:\/\/bobea.net\/#organization"},"potentialAction":[{"@type":"SearchAction","target":{"@type":"EntryPoint","urlTemplate":"https:\/\/bobea.net\/?s={search_term_string}"},"query-input":{"@type":"PropertyValueSpecification","valueRequired":true,"valueName":"search_term_string"}}],"inLanguage":"fr-FR"},{"@type":"Organization","@id":"https:\/\/bobea.net\/#organization","name":"Bobea","url":"https:\/\/bobea.net\/","logo":{"@type":"ImageObject","inLanguage":"fr-FR","@id":"https:\/\/bobea.net\/#\/schema\/logo\/image\/","url":"https:\/\/bobea.net\/wp-content\/uploads\/2024\/06\/bobea.jpg","contentUrl":"https:\/\/bobea.net\/wp-content\/uploads\/2024\/06\/bobea.jpg","width":1080,"height":1080,"caption":"Bobea"},"image":{"@id":"https:\/\/bobea.net\/#\/schema\/logo\/image\/"},"sameAs":["https:\/\/web.facebook.com\/profile.php?id=61559252188416"]},{"@type":"Person","@id":"https:\/\/bobea.net\/#\/schema\/person\/e7f45ef187918d7c956bf619dce90ccf","name":"bobea.info","image":{"@type":"ImageObject","inLanguage":"fr-FR","@id":"https:\/\/bobea.net\/#\/schema\/person\/image\/","url":"https:\/\/secure.gravatar.com\/avatar\/36147980349df887ae30808df3e29474?s=96&d=mm&r=g","contentUrl":"https:\/\/secure.gravatar.com\/avatar\/36147980349df887ae30808df3e29474?s=96&d=mm&r=g","caption":"bobea.info"},"sameAs":["https:\/\/bobea.net"],"url":"https:\/\/bobea.net\/index.php\/author\/bobea-info\/"}]}},"_links":{"self":[{"href":"https:\/\/bobea.net\/index.php\/wp-json\/wp\/v2\/posts\/8888"}],"collection":[{"href":"https:\/\/bobea.net\/index.php\/wp-json\/wp\/v2\/posts"}],"about":[{"href":"https:\/\/bobea.net\/index.php\/wp-json\/wp\/v2\/types\/post"}],"author":[{"embeddable":true,"href":"https:\/\/bobea.net\/index.php\/wp-json\/wp\/v2\/users\/1"}],"replies":[{"embeddable":true,"href":"https:\/\/bobea.net\/index.php\/wp-json\/wp\/v2\/comments?post=8888"}],"version-history":[{"count":0,"href":"https:\/\/bobea.net\/index.php\/wp-json\/wp\/v2\/posts\/8888\/revisions"}],"wp:featuredmedia":[{"embeddable":true,"href":"https:\/\/bobea.net\/index.php\/wp-json\/wp\/v2\/media\/8889"}],"wp:attachment":[{"href":"https:\/\/bobea.net\/index.php\/wp-json\/wp\/v2\/media?parent=8888"}],"wp:term":[{"taxonomy":"category","embeddable":true,"href":"https:\/\/bobea.net\/index.php\/wp-json\/wp\/v2\/categories?post=8888"},{"taxonomy":"post_tag","embeddable":true,"href":"https:\/\/bobea.net\/index.php\/wp-json\/wp\/v2\/tags?post=8888"}],"curies":[{"name":"wp","href":"https:\/\/api.w.org\/{rel}","templated":true}]}}