{"id":8884,"date":"2025-02-07T05:56:25","date_gmt":"2025-02-07T05:56:25","guid":{"rendered":"https:\/\/bobea.net\/?p=8884"},"modified":"2025-02-07T05:56:26","modified_gmt":"2025-02-07T05:56:26","slug":"marches-du-festival-etre-la-plus-belle-pour-aller-danser","status":"publish","type":"post","link":"https:\/\/bobea.net\/index.php\/2025\/02\/07\/marches-du-festival-etre-la-plus-belle-pour-aller-danser\/","title":{"rendered":"Marches du Festival \u2014 \u00catre la plus belle pour aller danser"},"content":{"rendered":"\n<p>Le Fes\u00adti\u00adval de Cannes ne s\u2019ar\u00adr\u00eate pas \u00e0 la mon\u00adt\u00e9e des march\u00ades. Les soir\u00e9es et after-par\u00adties sont tout aus\u00adsi impor\u00adtantes pour les stars qui cherchent \u00e0 briller et \u00e0 se faire remarquer.La pr\u00e9\u00adpa\u00adra\u00adtion pour ces \u00e9v\u00e9ne\u00adments noc\u00adturnes com\u00admence d\u00e8s la descente du tapis rouge. Les c\u00e9l\u00e9brit\u00e9s dis\u00adposent sou\u00advent d\u2019une \u00e9quipe d\u00e9di\u00e9e pour les aider \u00e0 se chang\u00ader rapi\u00adde\u00adment et effi\u00adcace\u00adment entre les dif\u00adf\u00e9rents \u00e9v\u00e9ne\u00adments de la soir\u00e9e.<\/p>\n\n\n\n<p>Ten\u00addances des tenues de soir\u00e9e pour Cannes 2025 :<\/p>\n\n\n\n<ul class=\"wp-block-list\">\n<li>Robes \u00e0 sequins et pail\u00adlettes pour capter la lumi\u00e8re des flashs<\/li>\n\n\n\n<li>Com\u00adbi\u00adnaisons \u00e9l\u00e9\u00adgantes pour plus de con\u00adfort sur la piste de danse<\/li>\n\n\n\n<li>Acces\u00adsoires state\u00adment comme des bijoux over\u00adsized ou des clutchs orig\u00adin\u00adaux<\/li>\n<\/ul>\n\n\n\n<figure class=\"wp-block-image size-large\"><img loading=\"lazy\" decoding=\"async\" width=\"1024\" height=\"576\" src=\"https:\/\/bobea.net\/wp-content\/uploads\/2025\/02\/28a74b8d7de3373b4bed858fc10b6bf5-1557493896-1024x576.jpg\" alt class=\"wp-image-8886\" srcset=\"https:\/\/bobea.net\/wp-content\/uploads\/2025\/02\/28a74b8d7de3373b4bed858fc10b6bf5-1557493896-1024x576.jpg 1024w, https:\/\/bobea.net\/wp-content\/uploads\/2025\/02\/28a74b8d7de3373b4bed858fc10b6bf5-1557493896-300x169.jpg 300w, https:\/\/bobea.net\/wp-content\/uploads\/2025\/02\/28a74b8d7de3373b4bed858fc10b6bf5-1557493896-768x432.jpg 768w, https:\/\/bobea.net\/wp-content\/uploads\/2025\/02\/28a74b8d7de3373b4bed858fc10b6bf5-1557493896-1536x864.jpg 1536w, https:\/\/bobea.net\/wp-content\/uploads\/2025\/02\/28a74b8d7de3373b4bed858fc10b6bf5-1557493896.jpg 1920w\" sizes=\"(max-width: 1024px) 100vw, 1024px\"><\/figure>\n\n\n\n<p>La chor\u00e9\u00adgraphe Emma Fitzger\u00adald, sp\u00e9\u00adcial\u00adis\u00e9e dans la pr\u00e9\u00adpa\u00adra\u00adtion des stars pour les \u00e9v\u00e9ne\u00adments mondains, con\u00adfie : \u201cPour briller sur le dance\u00adfloor can\u00adnois, il faut alli\u00ader \u00e9l\u00e9\u00adgance et lib\u00adert\u00e9 de mou\u00adve\u00adment. Nous tra\u00advail\u00adlons avec les styl\u00adistes pour cr\u00e9er des tenues qui per\u00adme\u00adt\u00adtent aux stars de danser toute la nuit tout en restant impec\u00adca\u00adbles. \u201cLes lieux incon\u00adtourn\u00adables des soir\u00e9es can\u00adnois\u00ades :<\/p>\n\n\n\n<ul class=\"wp-block-list\">\n<li>L\u2019h\u00f4\u00adtel du Cap-Eden-Roc pour ses soir\u00e9es exclu\u00adsives<\/li>\n\n\n\n<li>La plage Mag\u00adnum pour ses after-par\u00adties d\u00e9con\u00adtrac\u00adt\u00e9es<\/li>\n\n\n\n<li>Le Carl\u00adton pour ses d\u00een\u00aders de gala pres\u00adtigieux<\/li>\n<\/ul>\n\n\n\n<p>Le maquil\u00adlage et la coif\u00adfure doivent \u00eatre pen\u00ads\u00e9s pour dur\u00ader toute la nuit. Les artistes maquilleurs et coif\u00adfeurs utilisent des tech\u00adniques sp\u00e9\u00adciales pour assur\u00ader la tenue du look mal\u00adgr\u00e9 la chaleur et l\u2019ac\u00adtiv\u00adit\u00e9 intense des soir\u00e9es. Sarah Thomp\u00adson, maquilleuse des stars, r\u00e9v\u00e8le : \u201cNous util\u00adisons des pro\u00adduits longue tenue et water\u00adproof. L\u2019as\u00adtuce est de cr\u00e9er un look qui s\u2019embellit au fil de la soir\u00e9e, avec des touch\u00ades de bril\u00adlance strat\u00e9gique\u00adment plac\u00e9es. \u201cL\u2019im\u00adpor\u00adtance du net\u00adwork\u00ading lors de ces soir\u00e9es ne doit pas \u00eatre sous-estim\u00e9e. C\u2019est sou\u00advent dans ces moments informels que se nouent des con\u00adtacts pr\u00e9\u00adcieux et que se d\u00e9ci\u00addent de futurs pro\u00adjets. Jake Mat\u00adta, agent de c\u00e9l\u00e9brit\u00e9s, explique : \u201cLes after-par\u00adties de Cannes sont un ter\u00adrain de jeu pro\u00adfes\u00adsion\u00adnel d\u00e9guis\u00e9 en f\u00eate. Mes clients doivent \u00eatre pr\u00e9\u00adpar\u00e9s \u00e0 saisir toutes les oppor\u00adtu\u00adnit\u00e9s, tout en ayant l\u2019air de s\u2019a\u00admuser naturelle\u00adment.\u201d<\/p>\n","protected":false},"excerpt":{"rendered":"<p>Le Fes\u00adti\u00adval de Cannes ne s\u2019ar\u00adr\u00eate pas \u00e0 la mon\u00adt\u00e9e des march\u00ades. Les soir\u00e9es et after-par\u00adties sont tout aus\u00adsi impor\u00adtantes pour les stars qui cherchent \u00e0 briller et \u00e0 se\u2026 <\/p>\n","protected":false},"author":1,"featured_media":8885,"comment_status":"open","ping_status":"open","sticky":false,"template":"","format":"standard","meta":{"wp_typography_post_enhancements_disabled":false,"footnotes":""},"categories":[73,53],"tags":[],"class_list":["post-8884","post","type-post","status-publish","format-standard","has-post-thumbnail","hentry","category-on-en-parle","category-viva"],"yoast_head":"<!-- This site is optimized with the Yoast SEO plugin v24.7 - https:\/\/yoast.com\/wordpress\/plugins\/seo\/ -->\n<title>Marches du Festival - \u00catre la plus belle pour aller danser - Bobea<\/title>\n<meta name=\"robots\" content=\"index, follow, max-snippet:-1, max-image-preview:large, max-video-preview:-1\" \/>\n<link rel=\"canonical\" href=\"https:\/\/bobea.net\/index.php\/2025\/02\/07\/marches-du-festival-etre-la-plus-belle-pour-aller-danser\/\" \/>\n<meta property=\"og:locale\" content=\"fr_FR\" \/>\n<meta property=\"og:type\" content=\"article\" \/>\n<meta property=\"og:title\" content=\"Marches du Festival - \u00catre la plus belle pour aller danser - Bobea\" \/>\n<meta property=\"og:description\" content=\"Le Fes\u00adti\u00adval de Cannes ne s\u2019ar\u00adr\u00eate pas \u00e0 la mon\u00adt\u00e9e des march\u00ades. Les soir\u00e9es et after-par\u00adties sont tout aus\u00adsi impor\u00adtantes pour les stars qui cherchent \u00e0 briller et \u00e0 se&hellip;\" \/>\n<meta property=\"og:url\" content=\"https:\/\/bobea.net\/index.php\/2025\/02\/07\/marches-du-festival-etre-la-plus-belle-pour-aller-danser\/\" \/>\n<meta property=\"og:site_name\" content=\"Bobea\" \/>\n<meta property=\"article:publisher\" content=\"https:\/\/web.facebook.com\/profile.php?id=61559252188416\" \/>\n<meta property=\"article:published_time\" content=\"2025-02-07T05:56:25+00:00\" \/>\n<meta property=\"article:modified_time\" content=\"2025-02-07T05:56:26+00:00\" \/>\n<meta property=\"og:image\" content=\"https:\/\/bobea.net\/wp-content\/uploads\/2025\/02\/B9734052190Z.1_20230418141655_000GH1MJDPAP.2-0.jpg\" \/>\n\t<meta property=\"og:image:width\" content=\"1350\" \/>\n\t<meta property=\"og:image:height\" content=\"759\" \/>\n\t<meta property=\"og:image:type\" content=\"image\/jpeg\" \/>\n<meta name=\"author\" content=\"bobea.info\" \/>\n<meta name=\"twitter:card\" content=\"summary_large_image\" \/>\n<meta name=\"twitter:label1\" content=\"\u00c9crit par\" \/>\n\t<meta name=\"twitter:data1\" content=\"bobea.info\" \/>\n\t<meta name=\"twitter:label2\" content=\"Dur\u00e9e de lecture estim\u00e9e\" \/>\n\t<meta name=\"twitter:data2\" content=\"3 minutes\" \/>\n<script type=\"application\/ld+json\" class=\"yoast-schema-graph\">{\"@context\":\"https:\/\/schema.org\",\"@graph\":[{\"@type\":\"Article\",\"@id\":\"https:\/\/bobea.net\/index.php\/2025\/02\/07\/marches-du-festival-etre-la-plus-belle-pour-aller-danser\/#article\",\"isPartOf\":{\"@id\":\"https:\/\/bobea.net\/index.php\/2025\/02\/07\/marches-du-festival-etre-la-plus-belle-pour-aller-danser\/\"},\"author\":{\"name\":\"bobea.info\",\"@id\":\"https:\/\/bobea.net\/#\/schema\/person\/e7f45ef187918d7c956bf619dce90ccf\"},\"headline\":\"Marches du Festival \u2014 \u00catre la plus belle pour aller danser\",\"datePublished\":\"2025-02-07T05:56:25+00:00\",\"dateModified\":\"2025-02-07T05:56:26+00:00\",\"mainEntityOfPage\":{\"@id\":\"https:\/\/bobea.net\/index.php\/2025\/02\/07\/marches-du-festival-etre-la-plus-belle-pour-aller-danser\/\"},\"wordCount\":389,\"commentCount\":0,\"publisher\":{\"@id\":\"https:\/\/bobea.net\/#organization\"},\"image\":{\"@id\":\"https:\/\/bobea.net\/index.php\/2025\/02\/07\/marches-du-festival-etre-la-plus-belle-pour-aller-danser\/#primaryimage\"},\"thumbnailUrl\":\"https:\/\/bobea.net\/wp-content\/uploads\/2025\/02\/B9734052190Z.1_20230418141655_000GH1MJDPAP.2-0.jpg\",\"articleSection\":[\"On en Parle\",\"Viva\"],\"inLanguage\":\"fr-FR\",\"potentialAction\":[{\"@type\":\"CommentAction\",\"name\":\"Comment\",\"target\":[\"https:\/\/bobea.net\/index.php\/2025\/02\/07\/marches-du-festival-etre-la-plus-belle-pour-aller-danser\/#respond\"]}]},{\"@type\":\"WebPage\",\"@id\":\"https:\/\/bobea.net\/index.php\/2025\/02\/07\/marches-du-festival-etre-la-plus-belle-pour-aller-danser\/\",\"url\":\"https:\/\/bobea.net\/index.php\/2025\/02\/07\/marches-du-festival-etre-la-plus-belle-pour-aller-danser\/\",\"name\":\"Marches du Festival - \u00catre la plus belle pour aller danser - Bobea\",\"isPartOf\":{\"@id\":\"https:\/\/bobea.net\/#website\"},\"primaryImageOfPage\":{\"@id\":\"https:\/\/bobea.net\/index.php\/2025\/02\/07\/marches-du-festival-etre-la-plus-belle-pour-aller-danser\/#primaryimage\"},\"image\":{\"@id\":\"https:\/\/bobea.net\/index.php\/2025\/02\/07\/marches-du-festival-etre-la-plus-belle-pour-aller-danser\/#primaryimage\"},\"thumbnailUrl\":\"https:\/\/bobea.net\/wp-content\/uploads\/2025\/02\/B9734052190Z.1_20230418141655_000GH1MJDPAP.2-0.jpg\",\"datePublished\":\"2025-02-07T05:56:25+00:00\",\"dateModified\":\"2025-02-07T05:56:26+00:00\",\"breadcrumb\":{\"@id\":\"https:\/\/bobea.net\/index.php\/2025\/02\/07\/marches-du-festival-etre-la-plus-belle-pour-aller-danser\/#breadcrumb\"},\"inLanguage\":\"fr-FR\",\"potentialAction\":[{\"@type\":\"ReadAction\",\"target\":[\"https:\/\/bobea.net\/index.php\/2025\/02\/07\/marches-du-festival-etre-la-plus-belle-pour-aller-danser\/\"]}]},{\"@type\":\"ImageObject\",\"inLanguage\":\"fr-FR\",\"@id\":\"https:\/\/bobea.net\/index.php\/2025\/02\/07\/marches-du-festival-etre-la-plus-belle-pour-aller-danser\/#primaryimage\",\"url\":\"https:\/\/bobea.net\/wp-content\/uploads\/2025\/02\/B9734052190Z.1_20230418141655_000GH1MJDPAP.2-0.jpg\",\"contentUrl\":\"https:\/\/bobea.net\/wp-content\/uploads\/2025\/02\/B9734052190Z.1_20230418141655_000GH1MJDPAP.2-0.jpg\",\"width\":1350,\"height\":759,\"caption\":\"Marches du Festival - \u00catre la plus belle pour aller danser\"},{\"@type\":\"BreadcrumbList\",\"@id\":\"https:\/\/bobea.net\/index.php\/2025\/02\/07\/marches-du-festival-etre-la-plus-belle-pour-aller-danser\/#breadcrumb\",\"itemListElement\":[{\"@type\":\"ListItem\",\"position\":1,\"name\":\"Accueil\",\"item\":\"https:\/\/bobea.net\/\"},{\"@type\":\"ListItem\",\"position\":2,\"name\":\"Marches du Festival &#8211; \u00catre la plus belle pour aller danser\"}]},{\"@type\":\"WebSite\",\"@id\":\"https:\/\/bobea.net\/#website\",\"url\":\"https:\/\/bobea.net\/\",\"name\":\"Bobea\",\"description\":\"Le magazine de la nouvelle \u00c8ve\",\"publisher\":{\"@id\":\"https:\/\/bobea.net\/#organization\"},\"potentialAction\":[{\"@type\":\"SearchAction\",\"target\":{\"@type\":\"EntryPoint\",\"urlTemplate\":\"https:\/\/bobea.net\/?s={search_term_string}\"},\"query-input\":{\"@type\":\"PropertyValueSpecification\",\"valueRequired\":true,\"valueName\":\"search_term_string\"}}],\"inLanguage\":\"fr-FR\"},{\"@type\":\"Organization\",\"@id\":\"https:\/\/bobea.net\/#organization\",\"name\":\"Bobea\",\"url\":\"https:\/\/bobea.net\/\",\"logo\":{\"@type\":\"ImageObject\",\"inLanguage\":\"fr-FR\",\"@id\":\"https:\/\/bobea.net\/#\/schema\/logo\/image\/\",\"url\":\"https:\/\/bobea.net\/wp-content\/uploads\/2024\/06\/bobea.jpg\",\"contentUrl\":\"https:\/\/bobea.net\/wp-content\/uploads\/2024\/06\/bobea.jpg\",\"width\":1080,\"height\":1080,\"caption\":\"Bobea\"},\"image\":{\"@id\":\"https:\/\/bobea.net\/#\/schema\/logo\/image\/\"},\"sameAs\":[\"https:\/\/web.facebook.com\/profile.php?id=61559252188416\"]},{\"@type\":\"Person\",\"@id\":\"https:\/\/bobea.net\/#\/schema\/person\/e7f45ef187918d7c956bf619dce90ccf\",\"name\":\"bobea.info\",\"image\":{\"@type\":\"ImageObject\",\"inLanguage\":\"fr-FR\",\"@id\":\"https:\/\/bobea.net\/#\/schema\/person\/image\/\",\"url\":\"https:\/\/secure.gravatar.com\/avatar\/36147980349df887ae30808df3e29474?s=96&d=mm&r=g\",\"contentUrl\":\"https:\/\/secure.gravatar.com\/avatar\/36147980349df887ae30808df3e29474?s=96&d=mm&r=g\",\"caption\":\"bobea.info\"},\"sameAs\":[\"https:\/\/bobea.net\"],\"url\":\"https:\/\/bobea.net\/index.php\/author\/bobea-info\/\"}]}<\/script>\n<!-- \/ Yoast SEO plugin. -->","yoast_head_json":{"title":"Marches du Festival - \u00catre la plus belle pour aller danser - Bobea","robots":{"index":"index","follow":"follow","max-snippet":"max-snippet:-1","max-image-preview":"max-image-preview:large","max-video-preview":"max-video-preview:-1"},"canonical":"https:\/\/bobea.net\/index.php\/2025\/02\/07\/marches-du-festival-etre-la-plus-belle-pour-aller-danser\/","og_locale":"fr_FR","og_type":"article","og_title":"Marches du Festival - \u00catre la plus belle pour aller danser - Bobea","og_description":"Le Fes\u00adti\u00adval de Cannes ne s\u2019ar\u00adr\u00eate pas \u00e0 la mon\u00adt\u00e9e des march\u00ades. Les soir\u00e9es et after-par\u00adties sont tout aus\u00adsi impor\u00adtantes pour les stars qui cherchent \u00e0 briller et \u00e0 se&hellip;","og_url":"https:\/\/bobea.net\/index.php\/2025\/02\/07\/marches-du-festival-etre-la-plus-belle-pour-aller-danser\/","og_site_name":"Bobea","article_publisher":"https:\/\/web.facebook.com\/profile.php?id=61559252188416","article_published_time":"2025-02-07T05:56:25+00:00","article_modified_time":"2025-02-07T05:56:26+00:00","og_image":[{"width":1350,"height":759,"url":"https:\/\/bobea.net\/wp-content\/uploads\/2025\/02\/B9734052190Z.1_20230418141655_000GH1MJDPAP.2-0.jpg","type":"image\/jpeg"}],"author":"bobea.info","twitter_card":"summary_large_image","twitter_misc":{"\u00c9crit par":"bobea.info","Dur\u00e9e de lecture estim\u00e9e":"3 minutes"},"schema":{"@context":"https:\/\/schema.org","@graph":[{"@type":"Article","@id":"https:\/\/bobea.net\/index.php\/2025\/02\/07\/marches-du-festival-etre-la-plus-belle-pour-aller-danser\/#article","isPartOf":{"@id":"https:\/\/bobea.net\/index.php\/2025\/02\/07\/marches-du-festival-etre-la-plus-belle-pour-aller-danser\/"},"author":{"name":"bobea.info","@id":"https:\/\/bobea.net\/#\/schema\/person\/e7f45ef187918d7c956bf619dce90ccf"},"headline":"Marches du Festival \u2014 \u00catre la plus belle pour aller danser","datePublished":"2025-02-07T05:56:25+00:00","dateModified":"2025-02-07T05:56:26+00:00","mainEntityOfPage":{"@id":"https:\/\/bobea.net\/index.php\/2025\/02\/07\/marches-du-festival-etre-la-plus-belle-pour-aller-danser\/"},"wordCount":389,"commentCount":0,"publisher":{"@id":"https:\/\/bobea.net\/#organization"},"image":{"@id":"https:\/\/bobea.net\/index.php\/2025\/02\/07\/marches-du-festival-etre-la-plus-belle-pour-aller-danser\/#primaryimage"},"thumbnailUrl":"https:\/\/bobea.net\/wp-content\/uploads\/2025\/02\/B9734052190Z.1_20230418141655_000GH1MJDPAP.2-0.jpg","articleSection":["On en Parle","Viva"],"inLanguage":"fr-FR","potentialAction":[{"@type":"CommentAction","name":"Comment","target":["https:\/\/bobea.net\/index.php\/2025\/02\/07\/marches-du-festival-etre-la-plus-belle-pour-aller-danser\/#respond"]}]},{"@type":"WebPage","@id":"https:\/\/bobea.net\/index.php\/2025\/02\/07\/marches-du-festival-etre-la-plus-belle-pour-aller-danser\/","url":"https:\/\/bobea.net\/index.php\/2025\/02\/07\/marches-du-festival-etre-la-plus-belle-pour-aller-danser\/","name":"Marches du Festival - \u00catre la plus belle pour aller danser - Bobea","isPartOf":{"@id":"https:\/\/bobea.net\/#website"},"primaryImageOfPage":{"@id":"https:\/\/bobea.net\/index.php\/2025\/02\/07\/marches-du-festival-etre-la-plus-belle-pour-aller-danser\/#primaryimage"},"image":{"@id":"https:\/\/bobea.net\/index.php\/2025\/02\/07\/marches-du-festival-etre-la-plus-belle-pour-aller-danser\/#primaryimage"},"thumbnailUrl":"https:\/\/bobea.net\/wp-content\/uploads\/2025\/02\/B9734052190Z.1_20230418141655_000GH1MJDPAP.2-0.jpg","datePublished":"2025-02-07T05:56:25+00:00","dateModified":"2025-02-07T05:56:26+00:00","breadcrumb":{"@id":"https:\/\/bobea.net\/index.php\/2025\/02\/07\/marches-du-festival-etre-la-plus-belle-pour-aller-danser\/#breadcrumb"},"inLanguage":"fr-FR","potentialAction":[{"@type":"ReadAction","target":["https:\/\/bobea.net\/index.php\/2025\/02\/07\/marches-du-festival-etre-la-plus-belle-pour-aller-danser\/"]}]},{"@type":"ImageObject","inLanguage":"fr-FR","@id":"https:\/\/bobea.net\/index.php\/2025\/02\/07\/marches-du-festival-etre-la-plus-belle-pour-aller-danser\/#primaryimage","url":"https:\/\/bobea.net\/wp-content\/uploads\/2025\/02\/B9734052190Z.1_20230418141655_000GH1MJDPAP.2-0.jpg","contentUrl":"https:\/\/bobea.net\/wp-content\/uploads\/2025\/02\/B9734052190Z.1_20230418141655_000GH1MJDPAP.2-0.jpg","width":1350,"height":759,"caption":"Marches du Festival - \u00catre la plus belle pour aller danser"},{"@type":"BreadcrumbList","@id":"https:\/\/bobea.net\/index.php\/2025\/02\/07\/marches-du-festival-etre-la-plus-belle-pour-aller-danser\/#breadcrumb","itemListElement":[{"@type":"ListItem","position":1,"name":"Accueil","item":"https:\/\/bobea.net\/"},{"@type":"ListItem","position":2,"name":"Marches du Festival &#8211; \u00catre la plus belle pour aller danser"}]},{"@type":"WebSite","@id":"https:\/\/bobea.net\/#website","url":"https:\/\/bobea.net\/","name":"Bobea","description":"Le magazine de la nouvelle \u00c8ve","publisher":{"@id":"https:\/\/bobea.net\/#organization"},"potentialAction":[{"@type":"SearchAction","target":{"@type":"EntryPoint","urlTemplate":"https:\/\/bobea.net\/?s={search_term_string}"},"query-input":{"@type":"PropertyValueSpecification","valueRequired":true,"valueName":"search_term_string"}}],"inLanguage":"fr-FR"},{"@type":"Organization","@id":"https:\/\/bobea.net\/#organization","name":"Bobea","url":"https:\/\/bobea.net\/","logo":{"@type":"ImageObject","inLanguage":"fr-FR","@id":"https:\/\/bobea.net\/#\/schema\/logo\/image\/","url":"https:\/\/bobea.net\/wp-content\/uploads\/2024\/06\/bobea.jpg","contentUrl":"https:\/\/bobea.net\/wp-content\/uploads\/2024\/06\/bobea.jpg","width":1080,"height":1080,"caption":"Bobea"},"image":{"@id":"https:\/\/bobea.net\/#\/schema\/logo\/image\/"},"sameAs":["https:\/\/web.facebook.com\/profile.php?id=61559252188416"]},{"@type":"Person","@id":"https:\/\/bobea.net\/#\/schema\/person\/e7f45ef187918d7c956bf619dce90ccf","name":"bobea.info","image":{"@type":"ImageObject","inLanguage":"fr-FR","@id":"https:\/\/bobea.net\/#\/schema\/person\/image\/","url":"https:\/\/secure.gravatar.com\/avatar\/36147980349df887ae30808df3e29474?s=96&d=mm&r=g","contentUrl":"https:\/\/secure.gravatar.com\/avatar\/36147980349df887ae30808df3e29474?s=96&d=mm&r=g","caption":"bobea.info"},"sameAs":["https:\/\/bobea.net"],"url":"https:\/\/bobea.net\/index.php\/author\/bobea-info\/"}]}},"_links":{"self":[{"href":"https:\/\/bobea.net\/index.php\/wp-json\/wp\/v2\/posts\/8884"}],"collection":[{"href":"https:\/\/bobea.net\/index.php\/wp-json\/wp\/v2\/posts"}],"about":[{"href":"https:\/\/bobea.net\/index.php\/wp-json\/wp\/v2\/types\/post"}],"author":[{"embeddable":true,"href":"https:\/\/bobea.net\/index.php\/wp-json\/wp\/v2\/users\/1"}],"replies":[{"embeddable":true,"href":"https:\/\/bobea.net\/index.php\/wp-json\/wp\/v2\/comments?post=8884"}],"version-history":[{"count":0,"href":"https:\/\/bobea.net\/index.php\/wp-json\/wp\/v2\/posts\/8884\/revisions"}],"wp:featuredmedia":[{"embeddable":true,"href":"https:\/\/bobea.net\/index.php\/wp-json\/wp\/v2\/media\/8885"}],"wp:attachment":[{"href":"https:\/\/bobea.net\/index.php\/wp-json\/wp\/v2\/media?parent=8884"}],"wp:term":[{"taxonomy":"category","embeddable":true,"href":"https:\/\/bobea.net\/index.php\/wp-json\/wp\/v2\/categories?post=8884"},{"taxonomy":"post_tag","embeddable":true,"href":"https:\/\/bobea.net\/index.php\/wp-json\/wp\/v2\/tags?post=8884"}],"curies":[{"name":"wp","href":"https:\/\/api.w.org\/{rel}","templated":true}]}}