{"id":878,"date":"2024-01-24T07:30:11","date_gmt":"2024-01-24T07:30:11","guid":{"rendered":"https:\/\/bobea.net\/?p=878"},"modified":"2024-01-24T07:30:15","modified_gmt":"2024-01-24T07:30:15","slug":"alain-delon-au-coeur-dun-conflit-familial","status":"publish","type":"post","link":"https:\/\/bobea.net\/index.php\/2024\/01\/24\/alain-delon-au-coeur-dun-conflit-familial\/","title":{"rendered":"Alain Delon au coeur d\u2019un conflit familial"},"content":{"rendered":"\n<figure class=\"wp-block-gallery has-nested-images columns-default is-cropped wp-block-gallery-1 is-layout-flex wp-block-gallery-is-layout-flex\">\n<figure class=\"wp-block-image size-large\"><img loading=\"lazy\" decoding=\"async\" width=\"1024\" height=\"683\" data-id=\"880\" src=\"https:\/\/bobea.net\/wp-content\/uploads\/2024\/01\/25865439lpw-25865653-article-jpg_10028272-1024x683.jpg\" alt class=\"wp-image-880\" srcset=\"https:\/\/bobea.net\/wp-content\/uploads\/2024\/01\/25865439lpw-25865653-article-jpg_10028272-1024x683.jpg 1024w, https:\/\/bobea.net\/wp-content\/uploads\/2024\/01\/25865439lpw-25865653-article-jpg_10028272-300x200.jpg 300w, https:\/\/bobea.net\/wp-content\/uploads\/2024\/01\/25865439lpw-25865653-article-jpg_10028272-768x512.jpg 768w, https:\/\/bobea.net\/wp-content\/uploads\/2024\/01\/25865439lpw-25865653-article-jpg_10028272.jpg 1440w\" sizes=\"(max-width: 1024px) 100vw, 1024px\"><\/figure>\n\n\n\n<figure class=\"wp-block-image size-large\"><img loading=\"lazy\" decoding=\"async\" width=\"700\" height=\"394\" data-id=\"879\" src=\"https:\/\/bobea.net\/wp-content\/uploads\/2024\/01\/alain-delon-anthony-anouchka-alain-fabien-les-enfants-de-l-acteur-jpg.webp\" alt class=\"wp-image-879\" srcset=\"https:\/\/bobea.net\/wp-content\/uploads\/2024\/01\/alain-delon-anthony-anouchka-alain-fabien-les-enfants-de-l-acteur-jpg.webp 700w, https:\/\/bobea.net\/wp-content\/uploads\/2024\/01\/alain-delon-anthony-anouchka-alain-fabien-les-enfants-de-l-acteur-jpg-300x169.webp 300w\" sizes=\"(max-width: 700px) 100vw, 700px\"><\/figure>\n\n\n\n<figure class=\"wp-block-image size-large\"><img loading=\"lazy\" decoding=\"async\" width=\"885\" height=\"500\" data-id=\"881\" src=\"https:\/\/bobea.net\/wp-content\/uploads\/2024\/01\/image.jpg\" alt class=\"wp-image-881\" srcset=\"https:\/\/bobea.net\/wp-content\/uploads\/2024\/01\/image.jpg 885w, https:\/\/bobea.net\/wp-content\/uploads\/2024\/01\/image-300x169.jpg 300w, https:\/\/bobea.net\/wp-content\/uploads\/2024\/01\/image-768x434.jpg 768w\" sizes=\"(max-width: 885px) 100vw, 885px\"><\/figure>\n<\/figure>\n\n\n\n<div style=\"font-family:'Arial'; line-height:35px; font-weight:5; text-align:justify;\">\nAffaib\u00adli par son AVC en 2019, l\u2019ac\u00adteur se retrou\u00adve au milieu d\u2019un con\u00adflit famil\u00adial. En effet ces enfants Antho\u00adny, Anouch\u00adka et Alain-Fabi\u00aden ne s\u2019ac\u00adcor\u00addent pas sur l\u2019en\u00addroit o\u00f9 il doit finir ses jours. Invit\u00e9 sur Canal+, sa fille Anouch\u00adka Delon affirme que son p\u00e8re n\u2019est pas un l\u00e9gume comme cer\u00adtains m\u00e9dias ont sp\u00e9cul\u00e9 dans cer\u00adtaines \u00e9di\u00adtions. Elle a \u00e9gale\u00adment ajout\u00e9 que son p\u00e8re \u00e9tait con\u00adscient de la sit\u00adu\u00ada\u00adtion, lisait la presse et \u00e9tait attrist\u00e9 et irrit\u00e9 par la sit\u00adu\u00ada\u00adtion.\nMal\u00adgr\u00e9 les ten\u00adsions, Anouch\u00adka Delon insiste sur le fait que son p\u00e8re est tou\u00adjours vivant et qu\u2019ils passent de bons moments ensem\u00adble.<\/div>\n","protected":false},"excerpt":{"rendered":"<p>Affaib\u00adli par son AVC en 2019, l\u2019ac\u00adteur se retrou\u00adve au milieu d\u2019un con\u00adflit famil\u00adial. En effet ces enfants Antho\u00adny, Anouch\u00adka et Alain-Fabi\u00aden ne s\u2019ac\u00adcor\u00addent pas sur l\u2019en\u00addroit o\u00f9 il doit\u2026 <\/p>\n","protected":false},"author":3,"featured_media":880,"comment_status":"open","ping_status":"open","sticky":false,"template":"","format":"standard","meta":{"wp_typography_post_enhancements_disabled":false,"footnotes":""},"categories":[74,53],"tags":[],"class_list":["post-878","post","type-post","status-publish","format-standard","has-post-thumbnail","hentry","category-gloria","category-viva"],"yoast_head":"<!-- This site is optimized with the Yoast SEO plugin v24.7 - https:\/\/yoast.com\/wordpress\/plugins\/seo\/ -->\n<title>Alain Delon au coeur d&#039;un conflit familial - Bobea<\/title>\n<meta name=\"robots\" content=\"index, follow, max-snippet:-1, max-image-preview:large, max-video-preview:-1\" \/>\n<link rel=\"canonical\" href=\"https:\/\/bobea.net\/index.php\/2024\/01\/24\/alain-delon-au-coeur-dun-conflit-familial\/\" \/>\n<meta property=\"og:locale\" content=\"fr_FR\" \/>\n<meta property=\"og:type\" content=\"article\" \/>\n<meta property=\"og:title\" content=\"Alain Delon au coeur d&#039;un conflit familial - Bobea\" \/>\n<meta property=\"og:description\" content=\"Affaib\u00adli par son AVC en 2019, l\u2019ac\u00adteur se retrou\u00adve au milieu d\u2019un con\u00adflit famil\u00adial. En effet ces enfants Antho\u00adny, Anouch\u00adka et Alain-Fabi\u00aden ne s\u2019ac\u00adcor\u00addent pas sur l\u2019en\u00addroit o\u00f9 il doit&hellip;\" \/>\n<meta property=\"og:url\" content=\"https:\/\/bobea.net\/index.php\/2024\/01\/24\/alain-delon-au-coeur-dun-conflit-familial\/\" \/>\n<meta property=\"og:site_name\" content=\"Bobea\" \/>\n<meta property=\"article:publisher\" content=\"https:\/\/web.facebook.com\/profile.php?id=61559252188416\" \/>\n<meta property=\"article:published_time\" content=\"2024-01-24T07:30:11+00:00\" \/>\n<meta property=\"article:modified_time\" content=\"2024-01-24T07:30:15+00:00\" \/>\n<meta property=\"og:image\" content=\"https:\/\/bobea.net\/wp-content\/uploads\/2024\/01\/25865439lpw-25865653-article-jpg_10028272.jpg\" \/>\n\t<meta property=\"og:image:width\" content=\"1440\" \/>\n\t<meta property=\"og:image:height\" content=\"960\" \/>\n\t<meta property=\"og:image:type\" content=\"image\/jpeg\" \/>\n<meta name=\"author\" content=\"Christian Sabba\" \/>\n<meta name=\"twitter:card\" content=\"summary_large_image\" \/>\n<meta name=\"twitter:label1\" content=\"\u00c9crit par\" \/>\n\t<meta name=\"twitter:data1\" content=\"Christian Sabba\" \/>\n\t<meta name=\"twitter:label2\" content=\"Dur\u00e9e de lecture estim\u00e9e\" \/>\n\t<meta name=\"twitter:data2\" content=\"1 minute\" \/>\n<script type=\"application\/ld+json\" class=\"yoast-schema-graph\">{\"@context\":\"https:\/\/schema.org\",\"@graph\":[{\"@type\":\"Article\",\"@id\":\"https:\/\/bobea.net\/index.php\/2024\/01\/24\/alain-delon-au-coeur-dun-conflit-familial\/#article\",\"isPartOf\":{\"@id\":\"https:\/\/bobea.net\/index.php\/2024\/01\/24\/alain-delon-au-coeur-dun-conflit-familial\/\"},\"author\":{\"name\":\"Christian Sabba\",\"@id\":\"https:\/\/bobea.net\/#\/schema\/person\/bf907aaea901a76a1f8298a957c38c5d\"},\"headline\":\"Alain Delon au coeur d\u2019un conflit familial\",\"datePublished\":\"2024-01-24T07:30:11+00:00\",\"dateModified\":\"2024-01-24T07:30:15+00:00\",\"mainEntityOfPage\":{\"@id\":\"https:\/\/bobea.net\/index.php\/2024\/01\/24\/alain-delon-au-coeur-dun-conflit-familial\/\"},\"wordCount\":120,\"commentCount\":0,\"publisher\":{\"@id\":\"https:\/\/bobea.net\/#organization\"},\"image\":{\"@id\":\"https:\/\/bobea.net\/index.php\/2024\/01\/24\/alain-delon-au-coeur-dun-conflit-familial\/#primaryimage\"},\"thumbnailUrl\":\"https:\/\/bobea.net\/wp-content\/uploads\/2024\/01\/25865439lpw-25865653-article-jpg_10028272.jpg\",\"articleSection\":[\"Gloria\",\"Viva\"],\"inLanguage\":\"fr-FR\",\"potentialAction\":[{\"@type\":\"CommentAction\",\"name\":\"Comment\",\"target\":[\"https:\/\/bobea.net\/index.php\/2024\/01\/24\/alain-delon-au-coeur-dun-conflit-familial\/#respond\"]}]},{\"@type\":\"WebPage\",\"@id\":\"https:\/\/bobea.net\/index.php\/2024\/01\/24\/alain-delon-au-coeur-dun-conflit-familial\/\",\"url\":\"https:\/\/bobea.net\/index.php\/2024\/01\/24\/alain-delon-au-coeur-dun-conflit-familial\/\",\"name\":\"Alain Delon au coeur d'un conflit familial - Bobea\",\"isPartOf\":{\"@id\":\"https:\/\/bobea.net\/#website\"},\"primaryImageOfPage\":{\"@id\":\"https:\/\/bobea.net\/index.php\/2024\/01\/24\/alain-delon-au-coeur-dun-conflit-familial\/#primaryimage\"},\"image\":{\"@id\":\"https:\/\/bobea.net\/index.php\/2024\/01\/24\/alain-delon-au-coeur-dun-conflit-familial\/#primaryimage\"},\"thumbnailUrl\":\"https:\/\/bobea.net\/wp-content\/uploads\/2024\/01\/25865439lpw-25865653-article-jpg_10028272.jpg\",\"datePublished\":\"2024-01-24T07:30:11+00:00\",\"dateModified\":\"2024-01-24T07:30:15+00:00\",\"breadcrumb\":{\"@id\":\"https:\/\/bobea.net\/index.php\/2024\/01\/24\/alain-delon-au-coeur-dun-conflit-familial\/#breadcrumb\"},\"inLanguage\":\"fr-FR\",\"potentialAction\":[{\"@type\":\"ReadAction\",\"target\":[\"https:\/\/bobea.net\/index.php\/2024\/01\/24\/alain-delon-au-coeur-dun-conflit-familial\/\"]}]},{\"@type\":\"ImageObject\",\"inLanguage\":\"fr-FR\",\"@id\":\"https:\/\/bobea.net\/index.php\/2024\/01\/24\/alain-delon-au-coeur-dun-conflit-familial\/#primaryimage\",\"url\":\"https:\/\/bobea.net\/wp-content\/uploads\/2024\/01\/25865439lpw-25865653-article-jpg_10028272.jpg\",\"contentUrl\":\"https:\/\/bobea.net\/wp-content\/uploads\/2024\/01\/25865439lpw-25865653-article-jpg_10028272.jpg\",\"width\":1440,\"height\":960},{\"@type\":\"BreadcrumbList\",\"@id\":\"https:\/\/bobea.net\/index.php\/2024\/01\/24\/alain-delon-au-coeur-dun-conflit-familial\/#breadcrumb\",\"itemListElement\":[{\"@type\":\"ListItem\",\"position\":1,\"name\":\"Accueil\",\"item\":\"https:\/\/bobea.net\/\"},{\"@type\":\"ListItem\",\"position\":2,\"name\":\"Alain Delon au coeur d&rsquo;un conflit familial\"}]},{\"@type\":\"WebSite\",\"@id\":\"https:\/\/bobea.net\/#website\",\"url\":\"https:\/\/bobea.net\/\",\"name\":\"Bobea\",\"description\":\"Le magazine de la nouvelle \u00c8ve\",\"publisher\":{\"@id\":\"https:\/\/bobea.net\/#organization\"},\"potentialAction\":[{\"@type\":\"SearchAction\",\"target\":{\"@type\":\"EntryPoint\",\"urlTemplate\":\"https:\/\/bobea.net\/?s={search_term_string}\"},\"query-input\":{\"@type\":\"PropertyValueSpecification\",\"valueRequired\":true,\"valueName\":\"search_term_string\"}}],\"inLanguage\":\"fr-FR\"},{\"@type\":\"Organization\",\"@id\":\"https:\/\/bobea.net\/#organization\",\"name\":\"Bobea\",\"url\":\"https:\/\/bobea.net\/\",\"logo\":{\"@type\":\"ImageObject\",\"inLanguage\":\"fr-FR\",\"@id\":\"https:\/\/bobea.net\/#\/schema\/logo\/image\/\",\"url\":\"https:\/\/bobea.net\/wp-content\/uploads\/2024\/06\/bobea.jpg\",\"contentUrl\":\"https:\/\/bobea.net\/wp-content\/uploads\/2024\/06\/bobea.jpg\",\"width\":1080,\"height\":1080,\"caption\":\"Bobea\"},\"image\":{\"@id\":\"https:\/\/bobea.net\/#\/schema\/logo\/image\/\"},\"sameAs\":[\"https:\/\/web.facebook.com\/profile.php?id=61559252188416\"]},{\"@type\":\"Person\",\"@id\":\"https:\/\/bobea.net\/#\/schema\/person\/bf907aaea901a76a1f8298a957c38c5d\",\"name\":\"Christian Sabba\",\"image\":{\"@type\":\"ImageObject\",\"inLanguage\":\"fr-FR\",\"@id\":\"https:\/\/bobea.net\/#\/schema\/person\/image\/\",\"url\":\"https:\/\/secure.gravatar.com\/avatar\/27ec5145ff9d53dad027397c7ccdea84?s=96&d=mm&r=g\",\"contentUrl\":\"https:\/\/secure.gravatar.com\/avatar\/27ec5145ff9d53dad027397c7ccdea84?s=96&d=mm&r=g\",\"caption\":\"Christian Sabba\"},\"url\":\"https:\/\/bobea.net\/index.php\/author\/christian-sabba\/\"}]}<\/script>\n<!-- \/ Yoast SEO plugin. -->","yoast_head_json":{"title":"Alain Delon au coeur d'un conflit familial - Bobea","robots":{"index":"index","follow":"follow","max-snippet":"max-snippet:-1","max-image-preview":"max-image-preview:large","max-video-preview":"max-video-preview:-1"},"canonical":"https:\/\/bobea.net\/index.php\/2024\/01\/24\/alain-delon-au-coeur-dun-conflit-familial\/","og_locale":"fr_FR","og_type":"article","og_title":"Alain Delon au coeur d'un conflit familial - Bobea","og_description":"Affaib\u00adli par son AVC en 2019, l\u2019ac\u00adteur se retrou\u00adve au milieu d\u2019un con\u00adflit famil\u00adial. En effet ces enfants Antho\u00adny, Anouch\u00adka et Alain-Fabi\u00aden ne s\u2019ac\u00adcor\u00addent pas sur l\u2019en\u00addroit o\u00f9 il doit&hellip;","og_url":"https:\/\/bobea.net\/index.php\/2024\/01\/24\/alain-delon-au-coeur-dun-conflit-familial\/","og_site_name":"Bobea","article_publisher":"https:\/\/web.facebook.com\/profile.php?id=61559252188416","article_published_time":"2024-01-24T07:30:11+00:00","article_modified_time":"2024-01-24T07:30:15+00:00","og_image":[{"width":1440,"height":960,"url":"https:\/\/bobea.net\/wp-content\/uploads\/2024\/01\/25865439lpw-25865653-article-jpg_10028272.jpg","type":"image\/jpeg"}],"author":"Christian Sabba","twitter_card":"summary_large_image","twitter_misc":{"\u00c9crit par":"Christian Sabba","Dur\u00e9e de lecture estim\u00e9e":"1 minute"},"schema":{"@context":"https:\/\/schema.org","@graph":[{"@type":"Article","@id":"https:\/\/bobea.net\/index.php\/2024\/01\/24\/alain-delon-au-coeur-dun-conflit-familial\/#article","isPartOf":{"@id":"https:\/\/bobea.net\/index.php\/2024\/01\/24\/alain-delon-au-coeur-dun-conflit-familial\/"},"author":{"name":"Christian Sabba","@id":"https:\/\/bobea.net\/#\/schema\/person\/bf907aaea901a76a1f8298a957c38c5d"},"headline":"Alain Delon au coeur d\u2019un conflit familial","datePublished":"2024-01-24T07:30:11+00:00","dateModified":"2024-01-24T07:30:15+00:00","mainEntityOfPage":{"@id":"https:\/\/bobea.net\/index.php\/2024\/01\/24\/alain-delon-au-coeur-dun-conflit-familial\/"},"wordCount":120,"commentCount":0,"publisher":{"@id":"https:\/\/bobea.net\/#organization"},"image":{"@id":"https:\/\/bobea.net\/index.php\/2024\/01\/24\/alain-delon-au-coeur-dun-conflit-familial\/#primaryimage"},"thumbnailUrl":"https:\/\/bobea.net\/wp-content\/uploads\/2024\/01\/25865439lpw-25865653-article-jpg_10028272.jpg","articleSection":["Gloria","Viva"],"inLanguage":"fr-FR","potentialAction":[{"@type":"CommentAction","name":"Comment","target":["https:\/\/bobea.net\/index.php\/2024\/01\/24\/alain-delon-au-coeur-dun-conflit-familial\/#respond"]}]},{"@type":"WebPage","@id":"https:\/\/bobea.net\/index.php\/2024\/01\/24\/alain-delon-au-coeur-dun-conflit-familial\/","url":"https:\/\/bobea.net\/index.php\/2024\/01\/24\/alain-delon-au-coeur-dun-conflit-familial\/","name":"Alain Delon au coeur d'un conflit familial - Bobea","isPartOf":{"@id":"https:\/\/bobea.net\/#website"},"primaryImageOfPage":{"@id":"https:\/\/bobea.net\/index.php\/2024\/01\/24\/alain-delon-au-coeur-dun-conflit-familial\/#primaryimage"},"image":{"@id":"https:\/\/bobea.net\/index.php\/2024\/01\/24\/alain-delon-au-coeur-dun-conflit-familial\/#primaryimage"},"thumbnailUrl":"https:\/\/bobea.net\/wp-content\/uploads\/2024\/01\/25865439lpw-25865653-article-jpg_10028272.jpg","datePublished":"2024-01-24T07:30:11+00:00","dateModified":"2024-01-24T07:30:15+00:00","breadcrumb":{"@id":"https:\/\/bobea.net\/index.php\/2024\/01\/24\/alain-delon-au-coeur-dun-conflit-familial\/#breadcrumb"},"inLanguage":"fr-FR","potentialAction":[{"@type":"ReadAction","target":["https:\/\/bobea.net\/index.php\/2024\/01\/24\/alain-delon-au-coeur-dun-conflit-familial\/"]}]},{"@type":"ImageObject","inLanguage":"fr-FR","@id":"https:\/\/bobea.net\/index.php\/2024\/01\/24\/alain-delon-au-coeur-dun-conflit-familial\/#primaryimage","url":"https:\/\/bobea.net\/wp-content\/uploads\/2024\/01\/25865439lpw-25865653-article-jpg_10028272.jpg","contentUrl":"https:\/\/bobea.net\/wp-content\/uploads\/2024\/01\/25865439lpw-25865653-article-jpg_10028272.jpg","width":1440,"height":960},{"@type":"BreadcrumbList","@id":"https:\/\/bobea.net\/index.php\/2024\/01\/24\/alain-delon-au-coeur-dun-conflit-familial\/#breadcrumb","itemListElement":[{"@type":"ListItem","position":1,"name":"Accueil","item":"https:\/\/bobea.net\/"},{"@type":"ListItem","position":2,"name":"Alain Delon au coeur d&rsquo;un conflit familial"}]},{"@type":"WebSite","@id":"https:\/\/bobea.net\/#website","url":"https:\/\/bobea.net\/","name":"Bobea","description":"Le magazine de la nouvelle \u00c8ve","publisher":{"@id":"https:\/\/bobea.net\/#organization"},"potentialAction":[{"@type":"SearchAction","target":{"@type":"EntryPoint","urlTemplate":"https:\/\/bobea.net\/?s={search_term_string}"},"query-input":{"@type":"PropertyValueSpecification","valueRequired":true,"valueName":"search_term_string"}}],"inLanguage":"fr-FR"},{"@type":"Organization","@id":"https:\/\/bobea.net\/#organization","name":"Bobea","url":"https:\/\/bobea.net\/","logo":{"@type":"ImageObject","inLanguage":"fr-FR","@id":"https:\/\/bobea.net\/#\/schema\/logo\/image\/","url":"https:\/\/bobea.net\/wp-content\/uploads\/2024\/06\/bobea.jpg","contentUrl":"https:\/\/bobea.net\/wp-content\/uploads\/2024\/06\/bobea.jpg","width":1080,"height":1080,"caption":"Bobea"},"image":{"@id":"https:\/\/bobea.net\/#\/schema\/logo\/image\/"},"sameAs":["https:\/\/web.facebook.com\/profile.php?id=61559252188416"]},{"@type":"Person","@id":"https:\/\/bobea.net\/#\/schema\/person\/bf907aaea901a76a1f8298a957c38c5d","name":"Christian Sabba","image":{"@type":"ImageObject","inLanguage":"fr-FR","@id":"https:\/\/bobea.net\/#\/schema\/person\/image\/","url":"https:\/\/secure.gravatar.com\/avatar\/27ec5145ff9d53dad027397c7ccdea84?s=96&d=mm&r=g","contentUrl":"https:\/\/secure.gravatar.com\/avatar\/27ec5145ff9d53dad027397c7ccdea84?s=96&d=mm&r=g","caption":"Christian Sabba"},"url":"https:\/\/bobea.net\/index.php\/author\/christian-sabba\/"}]}},"_links":{"self":[{"href":"https:\/\/bobea.net\/index.php\/wp-json\/wp\/v2\/posts\/878"}],"collection":[{"href":"https:\/\/bobea.net\/index.php\/wp-json\/wp\/v2\/posts"}],"about":[{"href":"https:\/\/bobea.net\/index.php\/wp-json\/wp\/v2\/types\/post"}],"author":[{"embeddable":true,"href":"https:\/\/bobea.net\/index.php\/wp-json\/wp\/v2\/users\/3"}],"replies":[{"embeddable":true,"href":"https:\/\/bobea.net\/index.php\/wp-json\/wp\/v2\/comments?post=878"}],"version-history":[{"count":0,"href":"https:\/\/bobea.net\/index.php\/wp-json\/wp\/v2\/posts\/878\/revisions"}],"wp:featuredmedia":[{"embeddable":true,"href":"https:\/\/bobea.net\/index.php\/wp-json\/wp\/v2\/media\/880"}],"wp:attachment":[{"href":"https:\/\/bobea.net\/index.php\/wp-json\/wp\/v2\/media?parent=878"}],"wp:term":[{"taxonomy":"category","embeddable":true,"href":"https:\/\/bobea.net\/index.php\/wp-json\/wp\/v2\/categories?post=878"},{"taxonomy":"post_tag","embeddable":true,"href":"https:\/\/bobea.net\/index.php\/wp-json\/wp\/v2\/tags?post=878"}],"curies":[{"name":"wp","href":"https:\/\/api.w.org\/{rel}","templated":true}]}}