{"id":8741,"date":"2025-02-05T15:54:56","date_gmt":"2025-02-05T15:54:56","guid":{"rendered":"https:\/\/bobea.net\/?p=8741"},"modified":"2025-02-05T15:54:58","modified_gmt":"2025-02-05T15:54:58","slug":"leco-anxiete-partie-2-mieux-comprendre-et-surmonter-cette-angoisse-contemporaine","status":"publish","type":"post","link":"https:\/\/bobea.net\/index.php\/2025\/02\/05\/leco-anxiete-partie-2-mieux-comprendre-et-surmonter-cette-angoisse-contemporaine\/","title":{"rendered":"L\u2019\u00e9co-anxi\u00e9t\u00e9 &nbsp;partie&nbsp; 2 : mieux comprendre et surmonter cette angoisse contemporaine"},"content":{"rendered":"\n<p>L\u2019\u00e9\u00adco-anx\u00adi\u00e9t\u00e9, une pr\u00e9oc\u00adcu\u00adpa\u00adtion gran\u00addis\u00adsante en 2025, se man\u00adi\u00adfeste comme une r\u00e9ac\u00adtion psy\u00adchologique et \u00e9mo\u00adtion\u00adnelle face \u00e0 la crise cli\u00adma\u00adtique et envi\u00adron\u00adnemen\u00adtale. Bien que non recon\u00adnue offi\u00adcielle\u00adment comme une mal\u00adadie men\u00adtale, elle engen\u00addre des symp\u00adt\u00f4mes r\u00e9els qui peu\u00advent per\u00adturber sig\u00adni\u00adfica\u00adtive\u00adment le quo\u00adti\u00addi\u00aden.<\/p>\n\n\n\n<p>Symp\u00adt\u00f4mes de l\u2019\u00e9\u00adco-anx\u00adi\u00e9t\u00e9<\/p>\n\n\n\n<p>Les per\u00adson\u00adnes souf\u00adfrant d\u2019\u00e9\u00adco-anx\u00adi\u00e9t\u00e9 peu\u00advent pr\u00e9sen\u00adter divers symp\u00adt\u00f4mes<\/p>\n\n\n\n<ul class=\"wp-block-list\">\n<li>Trou\u00adbles anx\u00adieux : attaques de panique, angoisse, insom\u00adnies<\/li>\n\n\n\n<li>Pen\u00ads\u00e9es obses\u00adsion\u00adnelles et dif\u00adfi\u00adcult\u00e9s de con\u00adcen\u00adtra\u00adtion<\/li>\n\n\n\n<li>Trou\u00adbles ali\u00admen\u00adtaires (anorex\u00adie, hyper\u00adphagie)<\/li>\n\n\n\n<li>\u00c9mo\u00adtions n\u00e9ga\u00adtives : peur, tristesse, impuis\u00adsance, d\u00e9s\u00adespoir, frus\u00adtra\u00adtion, col\u00e8re<\/li>\n\n\n\n<li>\u00c9tats d\u00e9pres\u00adsifs et impos\u00adsi\u00adbil\u00adit\u00e9 de se pro\u00adjeter dans l\u2019avenir<\/li>\n<\/ul>\n\n\n\n<p>Ces man\u00adi\u00adfes\u00adta\u00adtions vari\u00adent en inten\u00adsit\u00e9 et en nature selon les indi\u00advidus, allant de pr\u00e9oc\u00adcu\u00adpa\u00adtions sp\u00e9\u00adci\u00adfiques (canicules, mon\u00adt\u00e9e des eaux) \u00e0 un mal-\u00eatre g\u00e9n\u00e9ral<\/p>\n\n\n\n<p>Com\u00adpren\u00addre l\u2019\u00e9\u00adco-anx\u00adi\u00e9t\u00e9<\/p>\n\n\n\n<p>L\u2019\u00e9\u00adco-anx\u00adi\u00e9t\u00e9 ne d\u00e9coule pas unique\u00adment d\u2019une crainte pour soi-m\u00eame, mais aus\u00adsi d\u2019une empathie pour les autres et pour l\u2019en\u00advi\u00adron\u00adnement.&nbsp;Cette dimen\u00adsion altru\u00adiste la dis\u00adtingue d\u2019autres formes d\u2019anx\u00adi\u00e9t\u00e9 et explique en par\u00adtie sa pr\u00e9\u00adva\u00adlence crois\u00adsante.<\/p>\n\n\n\n<figure class=\"wp-block-image size-large\"><img loading=\"lazy\" decoding=\"async\" width=\"1024\" height=\"453\" src=\"https:\/\/bobea.net\/wp-content\/uploads\/2025\/02\/IMG_8660-1024x453.png\" alt class=\"wp-image-8743\" srcset=\"https:\/\/bobea.net\/wp-content\/uploads\/2025\/02\/IMG_8660-1024x453.png 1024w, https:\/\/bobea.net\/wp-content\/uploads\/2025\/02\/IMG_8660-300x133.png 300w, https:\/\/bobea.net\/wp-content\/uploads\/2025\/02\/IMG_8660-768x340.png 768w, https:\/\/bobea.net\/wp-content\/uploads\/2025\/02\/IMG_8660-1536x679.png 1536w, https:\/\/bobea.net\/wp-content\/uploads\/2025\/02\/IMG_8660.png 1838w\" sizes=\"(max-width: 1024px) 100vw, 1024px\"><\/figure>\n\n\n\n<p>Strat\u00e9\u00adgies pour g\u00e9r\u00ader l\u2019\u00e9\u00adco-anx\u00adi\u00e9t\u00e9<\/p>\n\n\n\n<ol start=\"1\" class=\"wp-block-list\">\n<li>S\u2019in\u00adformer en con\u00adscience : Choisir ses sources d\u2019in\u00adfor\u00adma\u00adtion et d\u00e9finir des moments sp\u00e9\u00adci\u00adfiques pour s\u2019in\u00adformer, \u00e9vi\u00adtant ain\u00adsi la sur\u00adin\u00adfor\u00adma\u00adtion.<\/li>\n\n\n\n<li>Agir \u00e0 son \u00e9chelle : S\u2019en\u00adgager dans des actions con\u00adcr\u00e8tes, comme par\u00adticiper \u00e0 des ini\u00adtia\u00adtives locales ou adopter un mode de vie plus durable.<\/li>\n\n\n\n<li>Pra\u00adti\u00adquer la pleine con\u00adscience : Utilis\u00ader des tech\u00adniques de relax\u00adation et de m\u00e9di\u00adta\u00adtion pour g\u00e9r\u00ader le stress et l\u2019anx\u00adi\u00e9t\u00e9.<\/li>\n\n\n\n<li>Partager ses pr\u00e9oc\u00adcu\u00adpa\u00adtions : Exprimer ses inqui\u00e9\u00adtudes et \u00e9chang\u00ader avec des per\u00adson\u00adnes partageant les m\u00eames pr\u00e9oc\u00adcu\u00adpa\u00adtions peut aider \u00e0 r\u00e9duire le sen\u00adti\u00adment d\u2019isole\u00adment.<\/li>\n\n\n\n<li>Cul\u00adtiv\u00ader la con\u00adnex\u00adion avec la nature : Par\u00adticiper \u00e0 des activ\u00adit\u00e9s en plein air pour ren\u00adforcer le lien avec l\u2019en\u00advi\u00adron\u00adnement et am\u00e9lior\u00ader le bien-\u00eatre men\u00adtal.<\/li>\n\n\n\n<li>Trans\u00adformer l\u2019anx\u00adi\u00e9t\u00e9 en action pos\u00adi\u00adtive : Canalis\u00ader ses \u00e9mo\u00adtions vers un engage\u00adment con\u00adstruc\u00adtif, que ce soit par le b\u00e9n\u00e9volat, l\u2019ac\u00adtivisme ou l\u2019adop\u00adtion de pra\u00adtiques \u00e9cologiques au quo\u00adti\u00addi\u00aden<\/li>\n<\/ol>\n\n\n\n<p>L\u2019im\u00adpor\u00adtance d\u2019une approche \u00e9quili\u00adbr\u00e9e<\/p>\n\n\n\n<p>Il est cru\u00adcial de trou\u00adver un \u00e9quili\u00adbre entre la prise de con\u00adscience des enjeux envi\u00adron\u00adnemen\u00adtaux et le main\u00adtien d\u2019une san\u00adt\u00e9 men\u00adtale sta\u00adble. L\u2019ob\u00adjec\u00adtif n\u2019est pas de nier la grav\u00adit\u00e9 de la sit\u00adu\u00ada\u00adtion, mais d\u2019ap\u00adpren\u00addre \u00e0 \u201cfaire avec\u201d de mani\u00e8re con\u00adstruc\u00adtive<\/p>\n\n\n\n<p>.En con\u00adclu\u00adsion, l\u2019\u00e9\u00adco-anx\u00adi\u00e9t\u00e9, bien que dif\u00adfi\u00adcile \u00e0 vivre, peut \u00eatre canal\u00adis\u00e9e de mani\u00e8re pos\u00adi\u00adtive. En adop\u00adtant des strat\u00e9\u00adgies adap\u00adt\u00e9es et en s\u2019en\u00adgageant dans des actions con\u00adcr\u00e8tes, il est pos\u00adsi\u00adble de trans\u00adformer cette anx\u00adi\u00e9t\u00e9 en une force motrice pour un change\u00adment posi\u00adtif, tout en pr\u00e9ser\u00advant son bien-\u00eatre men\u00adtal.<\/p>\n","protected":false},"excerpt":{"rendered":"<p>L\u2019\u00e9\u00adco-anx\u00adi\u00e9t\u00e9, une pr\u00e9oc\u00adcu\u00adpa\u00adtion gran\u00addis\u00adsante en 2025, se man\u00adi\u00adfeste comme une r\u00e9ac\u00adtion psy\u00adchologique et \u00e9mo\u00adtion\u00adnelle face \u00e0 la crise cli\u00adma\u00adtique et envi\u00adron\u00adnemen\u00adtale. Bien que non recon\u00adnue offi\u00adcielle\u00adment comme une mal\u00adadie men\u00adtale,\u2026 <\/p>\n","protected":false},"author":1,"featured_media":8742,"comment_status":"open","ping_status":"open","sticky":false,"template":"","format":"standard","meta":{"wp_typography_post_enhancements_disabled":false,"footnotes":""},"categories":[58],"tags":[9227],"class_list":["post-8741","post","type-post","status-publish","format-standard","has-post-thumbnail","hentry","category-sante","tag-eco-anxiete"],"yoast_head":"<!-- This site is optimized with the Yoast SEO plugin v24.7 - https:\/\/yoast.com\/wordpress\/plugins\/seo\/ -->\n<title>L&#039;\u00e9co-anxi\u00e9t\u00e9 \u00a0partie\u00a0 2 : mieux comprendre et surmonter cette angoisse contemporaine - Bobea<\/title>\n<meta name=\"description\" content=\"L&#039;\u00e9co-anxi\u00e9t\u00e9, une pr\u00e9occupation grandissante en 2025, se manifeste comme une r\u00e9action psychologique et \u00e9motionnelle\" \/>\n<meta name=\"robots\" content=\"index, follow, max-snippet:-1, max-image-preview:large, max-video-preview:-1\" \/>\n<link rel=\"canonical\" href=\"https:\/\/bobea.net\/index.php\/2025\/02\/05\/leco-anxiete-partie-2-mieux-comprendre-et-surmonter-cette-angoisse-contemporaine\/\" \/>\n<meta property=\"og:locale\" content=\"fr_FR\" \/>\n<meta property=\"og:type\" content=\"article\" \/>\n<meta property=\"og:title\" content=\"L&#039;\u00e9co-anxi\u00e9t\u00e9 \u00a0partie\u00a0 2 : mieux comprendre et surmonter cette angoisse contemporaine - Bobea\" \/>\n<meta property=\"og:description\" content=\"L&#039;\u00e9co-anxi\u00e9t\u00e9, une pr\u00e9occupation grandissante en 2025, se manifeste comme une r\u00e9action psychologique et \u00e9motionnelle\" \/>\n<meta property=\"og:url\" content=\"https:\/\/bobea.net\/index.php\/2025\/02\/05\/leco-anxiete-partie-2-mieux-comprendre-et-surmonter-cette-angoisse-contemporaine\/\" \/>\n<meta property=\"og:site_name\" content=\"Bobea\" \/>\n<meta property=\"article:publisher\" content=\"https:\/\/web.facebook.com\/profile.php?id=61559252188416\" \/>\n<meta property=\"article:published_time\" content=\"2025-02-05T15:54:56+00:00\" \/>\n<meta property=\"article:modified_time\" content=\"2025-02-05T15:54:58+00:00\" \/>\n<meta property=\"og:image\" content=\"https:\/\/bobea.net\/wp-content\/uploads\/2025\/02\/eco-anxiete-chez-les-ados-1.webp\" \/>\n\t<meta property=\"og:image:width\" content=\"1024\" \/>\n\t<meta property=\"og:image:height\" content=\"640\" \/>\n\t<meta property=\"og:image:type\" content=\"image\/webp\" \/>\n<meta name=\"author\" content=\"bobea.info\" \/>\n<meta name=\"twitter:card\" content=\"summary_large_image\" \/>\n<meta name=\"twitter:label1\" content=\"\u00c9crit par\" \/>\n\t<meta name=\"twitter:data1\" content=\"bobea.info\" \/>\n\t<meta name=\"twitter:label2\" content=\"Dur\u00e9e de lecture estim\u00e9e\" \/>\n\t<meta name=\"twitter:data2\" content=\"3 minutes\" \/>\n<script type=\"application\/ld+json\" class=\"yoast-schema-graph\">{\"@context\":\"https:\/\/schema.org\",\"@graph\":[{\"@type\":\"Article\",\"@id\":\"https:\/\/bobea.net\/index.php\/2025\/02\/05\/leco-anxiete-partie-2-mieux-comprendre-et-surmonter-cette-angoisse-contemporaine\/#article\",\"isPartOf\":{\"@id\":\"https:\/\/bobea.net\/index.php\/2025\/02\/05\/leco-anxiete-partie-2-mieux-comprendre-et-surmonter-cette-angoisse-contemporaine\/\"},\"author\":{\"name\":\"bobea.info\",\"@id\":\"https:\/\/bobea.net\/#\/schema\/person\/e7f45ef187918d7c956bf619dce90ccf\"},\"headline\":\"L\u2019\u00e9co-anxi\u00e9t\u00e9 &nbsp;partie&nbsp; 2 : mieux comprendre et surmonter cette angoisse contemporaine\",\"datePublished\":\"2025-02-05T15:54:56+00:00\",\"dateModified\":\"2025-02-05T15:54:58+00:00\",\"mainEntityOfPage\":{\"@id\":\"https:\/\/bobea.net\/index.php\/2025\/02\/05\/leco-anxiete-partie-2-mieux-comprendre-et-surmonter-cette-angoisse-contemporaine\/\"},\"wordCount\":463,\"commentCount\":0,\"publisher\":{\"@id\":\"https:\/\/bobea.net\/#organization\"},\"image\":{\"@id\":\"https:\/\/bobea.net\/index.php\/2025\/02\/05\/leco-anxiete-partie-2-mieux-comprendre-et-surmonter-cette-angoisse-contemporaine\/#primaryimage\"},\"thumbnailUrl\":\"https:\/\/bobea.net\/wp-content\/uploads\/2025\/02\/eco-anxiete-chez-les-ados-1.webp\",\"keywords\":[\"\u00e9co-anxi\u00e9t\u00e9\"],\"articleSection\":[\"Sant\u00e9\"],\"inLanguage\":\"fr-FR\",\"potentialAction\":[{\"@type\":\"CommentAction\",\"name\":\"Comment\",\"target\":[\"https:\/\/bobea.net\/index.php\/2025\/02\/05\/leco-anxiete-partie-2-mieux-comprendre-et-surmonter-cette-angoisse-contemporaine\/#respond\"]}]},{\"@type\":\"WebPage\",\"@id\":\"https:\/\/bobea.net\/index.php\/2025\/02\/05\/leco-anxiete-partie-2-mieux-comprendre-et-surmonter-cette-angoisse-contemporaine\/\",\"url\":\"https:\/\/bobea.net\/index.php\/2025\/02\/05\/leco-anxiete-partie-2-mieux-comprendre-et-surmonter-cette-angoisse-contemporaine\/\",\"name\":\"L'\u00e9co-anxi\u00e9t\u00e9 \u00a0partie\u00a0 2 : mieux comprendre et surmonter cette angoisse contemporaine - Bobea\",\"isPartOf\":{\"@id\":\"https:\/\/bobea.net\/#website\"},\"primaryImageOfPage\":{\"@id\":\"https:\/\/bobea.net\/index.php\/2025\/02\/05\/leco-anxiete-partie-2-mieux-comprendre-et-surmonter-cette-angoisse-contemporaine\/#primaryimage\"},\"image\":{\"@id\":\"https:\/\/bobea.net\/index.php\/2025\/02\/05\/leco-anxiete-partie-2-mieux-comprendre-et-surmonter-cette-angoisse-contemporaine\/#primaryimage\"},\"thumbnailUrl\":\"https:\/\/bobea.net\/wp-content\/uploads\/2025\/02\/eco-anxiete-chez-les-ados-1.webp\",\"datePublished\":\"2025-02-05T15:54:56+00:00\",\"dateModified\":\"2025-02-05T15:54:58+00:00\",\"description\":\"L'\u00e9co-anxi\u00e9t\u00e9, une pr\u00e9occupation grandissante en 2025, se manifeste comme une r\u00e9action psychologique et \u00e9motionnelle\",\"breadcrumb\":{\"@id\":\"https:\/\/bobea.net\/index.php\/2025\/02\/05\/leco-anxiete-partie-2-mieux-comprendre-et-surmonter-cette-angoisse-contemporaine\/#breadcrumb\"},\"inLanguage\":\"fr-FR\",\"potentialAction\":[{\"@type\":\"ReadAction\",\"target\":[\"https:\/\/bobea.net\/index.php\/2025\/02\/05\/leco-anxiete-partie-2-mieux-comprendre-et-surmonter-cette-angoisse-contemporaine\/\"]}]},{\"@type\":\"ImageObject\",\"inLanguage\":\"fr-FR\",\"@id\":\"https:\/\/bobea.net\/index.php\/2025\/02\/05\/leco-anxiete-partie-2-mieux-comprendre-et-surmonter-cette-angoisse-contemporaine\/#primaryimage\",\"url\":\"https:\/\/bobea.net\/wp-content\/uploads\/2025\/02\/eco-anxiete-chez-les-ados-1.webp\",\"contentUrl\":\"https:\/\/bobea.net\/wp-content\/uploads\/2025\/02\/eco-anxiete-chez-les-ados-1.webp\",\"width\":1024,\"height\":640,\"caption\":\"L'\u00e9co-anxi\u00e9t\u00e9 \u00a0partie\u00a0 2 : mieux comprendre et surmonter cette angoisse contemporaine\"},{\"@type\":\"BreadcrumbList\",\"@id\":\"https:\/\/bobea.net\/index.php\/2025\/02\/05\/leco-anxiete-partie-2-mieux-comprendre-et-surmonter-cette-angoisse-contemporaine\/#breadcrumb\",\"itemListElement\":[{\"@type\":\"ListItem\",\"position\":1,\"name\":\"Accueil\",\"item\":\"https:\/\/bobea.net\/\"},{\"@type\":\"ListItem\",\"position\":2,\"name\":\"L&rsquo;\u00e9co-anxi\u00e9t\u00e9 \u00a0partie\u00a0 2 : mieux comprendre et surmonter cette angoisse contemporaine\"}]},{\"@type\":\"WebSite\",\"@id\":\"https:\/\/bobea.net\/#website\",\"url\":\"https:\/\/bobea.net\/\",\"name\":\"Bobea\",\"description\":\"Le magazine de la nouvelle \u00c8ve\",\"publisher\":{\"@id\":\"https:\/\/bobea.net\/#organization\"},\"potentialAction\":[{\"@type\":\"SearchAction\",\"target\":{\"@type\":\"EntryPoint\",\"urlTemplate\":\"https:\/\/bobea.net\/?s={search_term_string}\"},\"query-input\":{\"@type\":\"PropertyValueSpecification\",\"valueRequired\":true,\"valueName\":\"search_term_string\"}}],\"inLanguage\":\"fr-FR\"},{\"@type\":\"Organization\",\"@id\":\"https:\/\/bobea.net\/#organization\",\"name\":\"Bobea\",\"url\":\"https:\/\/bobea.net\/\",\"logo\":{\"@type\":\"ImageObject\",\"inLanguage\":\"fr-FR\",\"@id\":\"https:\/\/bobea.net\/#\/schema\/logo\/image\/\",\"url\":\"https:\/\/bobea.net\/wp-content\/uploads\/2024\/06\/bobea.jpg\",\"contentUrl\":\"https:\/\/bobea.net\/wp-content\/uploads\/2024\/06\/bobea.jpg\",\"width\":1080,\"height\":1080,\"caption\":\"Bobea\"},\"image\":{\"@id\":\"https:\/\/bobea.net\/#\/schema\/logo\/image\/\"},\"sameAs\":[\"https:\/\/web.facebook.com\/profile.php?id=61559252188416\"]},{\"@type\":\"Person\",\"@id\":\"https:\/\/bobea.net\/#\/schema\/person\/e7f45ef187918d7c956bf619dce90ccf\",\"name\":\"bobea.info\",\"image\":{\"@type\":\"ImageObject\",\"inLanguage\":\"fr-FR\",\"@id\":\"https:\/\/bobea.net\/#\/schema\/person\/image\/\",\"url\":\"https:\/\/secure.gravatar.com\/avatar\/36147980349df887ae30808df3e29474?s=96&d=mm&r=g\",\"contentUrl\":\"https:\/\/secure.gravatar.com\/avatar\/36147980349df887ae30808df3e29474?s=96&d=mm&r=g\",\"caption\":\"bobea.info\"},\"sameAs\":[\"https:\/\/bobea.net\"],\"url\":\"https:\/\/bobea.net\/index.php\/author\/bobea-info\/\"}]}<\/script>\n<!-- \/ Yoast SEO plugin. -->","yoast_head_json":{"title":"L'\u00e9co-anxi\u00e9t\u00e9 \u00a0partie\u00a0 2 : mieux comprendre et surmonter cette angoisse contemporaine - Bobea","description":"L'\u00e9co-anxi\u00e9t\u00e9, une pr\u00e9occupation grandissante en 2025, se manifeste comme une r\u00e9action psychologique et \u00e9motionnelle","robots":{"index":"index","follow":"follow","max-snippet":"max-snippet:-1","max-image-preview":"max-image-preview:large","max-video-preview":"max-video-preview:-1"},"canonical":"https:\/\/bobea.net\/index.php\/2025\/02\/05\/leco-anxiete-partie-2-mieux-comprendre-et-surmonter-cette-angoisse-contemporaine\/","og_locale":"fr_FR","og_type":"article","og_title":"L'\u00e9co-anxi\u00e9t\u00e9 \u00a0partie\u00a0 2 : mieux comprendre et surmonter cette angoisse contemporaine - Bobea","og_description":"L'\u00e9co-anxi\u00e9t\u00e9, une pr\u00e9occupation grandissante en 2025, se manifeste comme une r\u00e9action psychologique et \u00e9motionnelle","og_url":"https:\/\/bobea.net\/index.php\/2025\/02\/05\/leco-anxiete-partie-2-mieux-comprendre-et-surmonter-cette-angoisse-contemporaine\/","og_site_name":"Bobea","article_publisher":"https:\/\/web.facebook.com\/profile.php?id=61559252188416","article_published_time":"2025-02-05T15:54:56+00:00","article_modified_time":"2025-02-05T15:54:58+00:00","og_image":[{"width":1024,"height":640,"url":"https:\/\/bobea.net\/wp-content\/uploads\/2025\/02\/eco-anxiete-chez-les-ados-1.webp","type":"image\/webp"}],"author":"bobea.info","twitter_card":"summary_large_image","twitter_misc":{"\u00c9crit par":"bobea.info","Dur\u00e9e de lecture estim\u00e9e":"3 minutes"},"schema":{"@context":"https:\/\/schema.org","@graph":[{"@type":"Article","@id":"https:\/\/bobea.net\/index.php\/2025\/02\/05\/leco-anxiete-partie-2-mieux-comprendre-et-surmonter-cette-angoisse-contemporaine\/#article","isPartOf":{"@id":"https:\/\/bobea.net\/index.php\/2025\/02\/05\/leco-anxiete-partie-2-mieux-comprendre-et-surmonter-cette-angoisse-contemporaine\/"},"author":{"name":"bobea.info","@id":"https:\/\/bobea.net\/#\/schema\/person\/e7f45ef187918d7c956bf619dce90ccf"},"headline":"L\u2019\u00e9co-anxi\u00e9t\u00e9 &nbsp;partie&nbsp; 2 : mieux comprendre et surmonter cette angoisse contemporaine","datePublished":"2025-02-05T15:54:56+00:00","dateModified":"2025-02-05T15:54:58+00:00","mainEntityOfPage":{"@id":"https:\/\/bobea.net\/index.php\/2025\/02\/05\/leco-anxiete-partie-2-mieux-comprendre-et-surmonter-cette-angoisse-contemporaine\/"},"wordCount":463,"commentCount":0,"publisher":{"@id":"https:\/\/bobea.net\/#organization"},"image":{"@id":"https:\/\/bobea.net\/index.php\/2025\/02\/05\/leco-anxiete-partie-2-mieux-comprendre-et-surmonter-cette-angoisse-contemporaine\/#primaryimage"},"thumbnailUrl":"https:\/\/bobea.net\/wp-content\/uploads\/2025\/02\/eco-anxiete-chez-les-ados-1.webp","keywords":["\u00e9co-anxi\u00e9t\u00e9"],"articleSection":["Sant\u00e9"],"inLanguage":"fr-FR","potentialAction":[{"@type":"CommentAction","name":"Comment","target":["https:\/\/bobea.net\/index.php\/2025\/02\/05\/leco-anxiete-partie-2-mieux-comprendre-et-surmonter-cette-angoisse-contemporaine\/#respond"]}]},{"@type":"WebPage","@id":"https:\/\/bobea.net\/index.php\/2025\/02\/05\/leco-anxiete-partie-2-mieux-comprendre-et-surmonter-cette-angoisse-contemporaine\/","url":"https:\/\/bobea.net\/index.php\/2025\/02\/05\/leco-anxiete-partie-2-mieux-comprendre-et-surmonter-cette-angoisse-contemporaine\/","name":"L'\u00e9co-anxi\u00e9t\u00e9 \u00a0partie\u00a0 2 : mieux comprendre et surmonter cette angoisse contemporaine - Bobea","isPartOf":{"@id":"https:\/\/bobea.net\/#website"},"primaryImageOfPage":{"@id":"https:\/\/bobea.net\/index.php\/2025\/02\/05\/leco-anxiete-partie-2-mieux-comprendre-et-surmonter-cette-angoisse-contemporaine\/#primaryimage"},"image":{"@id":"https:\/\/bobea.net\/index.php\/2025\/02\/05\/leco-anxiete-partie-2-mieux-comprendre-et-surmonter-cette-angoisse-contemporaine\/#primaryimage"},"thumbnailUrl":"https:\/\/bobea.net\/wp-content\/uploads\/2025\/02\/eco-anxiete-chez-les-ados-1.webp","datePublished":"2025-02-05T15:54:56+00:00","dateModified":"2025-02-05T15:54:58+00:00","description":"L'\u00e9co-anxi\u00e9t\u00e9, une pr\u00e9occupation grandissante en 2025, se manifeste comme une r\u00e9action psychologique et \u00e9motionnelle","breadcrumb":{"@id":"https:\/\/bobea.net\/index.php\/2025\/02\/05\/leco-anxiete-partie-2-mieux-comprendre-et-surmonter-cette-angoisse-contemporaine\/#breadcrumb"},"inLanguage":"fr-FR","potentialAction":[{"@type":"ReadAction","target":["https:\/\/bobea.net\/index.php\/2025\/02\/05\/leco-anxiete-partie-2-mieux-comprendre-et-surmonter-cette-angoisse-contemporaine\/"]}]},{"@type":"ImageObject","inLanguage":"fr-FR","@id":"https:\/\/bobea.net\/index.php\/2025\/02\/05\/leco-anxiete-partie-2-mieux-comprendre-et-surmonter-cette-angoisse-contemporaine\/#primaryimage","url":"https:\/\/bobea.net\/wp-content\/uploads\/2025\/02\/eco-anxiete-chez-les-ados-1.webp","contentUrl":"https:\/\/bobea.net\/wp-content\/uploads\/2025\/02\/eco-anxiete-chez-les-ados-1.webp","width":1024,"height":640,"caption":"L'\u00e9co-anxi\u00e9t\u00e9 \u00a0partie\u00a0 2 : mieux comprendre et surmonter cette angoisse contemporaine"},{"@type":"BreadcrumbList","@id":"https:\/\/bobea.net\/index.php\/2025\/02\/05\/leco-anxiete-partie-2-mieux-comprendre-et-surmonter-cette-angoisse-contemporaine\/#breadcrumb","itemListElement":[{"@type":"ListItem","position":1,"name":"Accueil","item":"https:\/\/bobea.net\/"},{"@type":"ListItem","position":2,"name":"L&rsquo;\u00e9co-anxi\u00e9t\u00e9 \u00a0partie\u00a0 2 : mieux comprendre et surmonter cette angoisse contemporaine"}]},{"@type":"WebSite","@id":"https:\/\/bobea.net\/#website","url":"https:\/\/bobea.net\/","name":"Bobea","description":"Le magazine de la nouvelle \u00c8ve","publisher":{"@id":"https:\/\/bobea.net\/#organization"},"potentialAction":[{"@type":"SearchAction","target":{"@type":"EntryPoint","urlTemplate":"https:\/\/bobea.net\/?s={search_term_string}"},"query-input":{"@type":"PropertyValueSpecification","valueRequired":true,"valueName":"search_term_string"}}],"inLanguage":"fr-FR"},{"@type":"Organization","@id":"https:\/\/bobea.net\/#organization","name":"Bobea","url":"https:\/\/bobea.net\/","logo":{"@type":"ImageObject","inLanguage":"fr-FR","@id":"https:\/\/bobea.net\/#\/schema\/logo\/image\/","url":"https:\/\/bobea.net\/wp-content\/uploads\/2024\/06\/bobea.jpg","contentUrl":"https:\/\/bobea.net\/wp-content\/uploads\/2024\/06\/bobea.jpg","width":1080,"height":1080,"caption":"Bobea"},"image":{"@id":"https:\/\/bobea.net\/#\/schema\/logo\/image\/"},"sameAs":["https:\/\/web.facebook.com\/profile.php?id=61559252188416"]},{"@type":"Person","@id":"https:\/\/bobea.net\/#\/schema\/person\/e7f45ef187918d7c956bf619dce90ccf","name":"bobea.info","image":{"@type":"ImageObject","inLanguage":"fr-FR","@id":"https:\/\/bobea.net\/#\/schema\/person\/image\/","url":"https:\/\/secure.gravatar.com\/avatar\/36147980349df887ae30808df3e29474?s=96&d=mm&r=g","contentUrl":"https:\/\/secure.gravatar.com\/avatar\/36147980349df887ae30808df3e29474?s=96&d=mm&r=g","caption":"bobea.info"},"sameAs":["https:\/\/bobea.net"],"url":"https:\/\/bobea.net\/index.php\/author\/bobea-info\/"}]}},"_links":{"self":[{"href":"https:\/\/bobea.net\/index.php\/wp-json\/wp\/v2\/posts\/8741"}],"collection":[{"href":"https:\/\/bobea.net\/index.php\/wp-json\/wp\/v2\/posts"}],"about":[{"href":"https:\/\/bobea.net\/index.php\/wp-json\/wp\/v2\/types\/post"}],"author":[{"embeddable":true,"href":"https:\/\/bobea.net\/index.php\/wp-json\/wp\/v2\/users\/1"}],"replies":[{"embeddable":true,"href":"https:\/\/bobea.net\/index.php\/wp-json\/wp\/v2\/comments?post=8741"}],"version-history":[{"count":0,"href":"https:\/\/bobea.net\/index.php\/wp-json\/wp\/v2\/posts\/8741\/revisions"}],"wp:featuredmedia":[{"embeddable":true,"href":"https:\/\/bobea.net\/index.php\/wp-json\/wp\/v2\/media\/8742"}],"wp:attachment":[{"href":"https:\/\/bobea.net\/index.php\/wp-json\/wp\/v2\/media?parent=8741"}],"wp:term":[{"taxonomy":"category","embeddable":true,"href":"https:\/\/bobea.net\/index.php\/wp-json\/wp\/v2\/categories?post=8741"},{"taxonomy":"post_tag","embeddable":true,"href":"https:\/\/bobea.net\/index.php\/wp-json\/wp\/v2\/tags?post=8741"}],"curies":[{"name":"wp","href":"https:\/\/api.w.org\/{rel}","templated":true}]}}