{"id":8398,"date":"2025-01-31T14:35:15","date_gmt":"2025-01-31T14:35:15","guid":{"rendered":"https:\/\/bobea.net\/?p=8398"},"modified":"2025-01-31T14:35:16","modified_gmt":"2025-01-31T14:35:16","slug":"dr-martino-la-peur-de-la-grossesse-et-le-deni-comprendre-et-surmonter","status":"publish","type":"post","link":"https:\/\/bobea.net\/index.php\/2025\/01\/31\/dr-martino-la-peur-de-la-grossesse-et-le-deni-comprendre-et-surmonter\/","title":{"rendered":"Dr. Martino : \u201cLa peur de la grossesse et le d\u00e9ni : Comprendre et surmonter\u201d"},"content":{"rendered":"\n<p>Le Dr. Mar\u00adti\u00adno, expert en san\u00adt\u00e9 f\u00e9mi\u00adnine pour BOBEA, abor\u00adde aujour\u00add\u2019hui un sujet cru\u00adcial mais sou\u00advent tabou : la peur de la grossesse et le ph\u00e9nom\u00e8ne du d\u00e9ni de grossesse. Ces r\u00e9ac\u00adtions psy\u00adchologiques com\u00adplex\u00ades peu\u00advent avoir des con\u00ads\u00e9quences impor\u00adtantes sur la san\u00adt\u00e9 des femmes et n\u00e9ces\u00adsi\u00adtent une atten\u00adtion par\u00adti\u00adc\u00aduli\u00e8re.<\/p>\n\n\n\n<p><strong>La peur de la grossesse, ou toko\u00adpho\u00adbie<\/strong><\/p>\n\n\n\n<p>La toko\u00adpho\u00adbie est une anx\u00adi\u00e9t\u00e9 intense et irra\u00adtionnelle li\u00e9e \u00e0 la grossesse et \u00e0 l\u2019ac\u00adcouche\u00adment. Le Dr. Mar\u00adti\u00adno explique : \u201cCette peur peut \u00eatre pri\u00admaire, chez les femmes n\u2019ayant jamais \u00e9t\u00e9 enceintes, ou sec\u00adondaire, suite \u00e0 une exp\u00e9ri\u00adence trau\u00adma\u00adti\u00adsante lors d\u2019une grossesse pr\u00e9c\u00e9\u00addente.\u201d<\/p>\n\n\n\n<p>Les symp\u00adt\u00f4mes de la toko\u00adpho\u00adbie peu\u00advent inclure :<\/p>\n\n\n\n<ul class=\"wp-block-list\">\n<li><strong>Anx\u00adi\u00e9t\u00e9 intense<\/strong>&nbsp;\u00e0 l\u2019id\u00e9e d\u2019\u00eatre enceinte<\/li>\n\n\n\n<li><strong>\u00c9vite\u00adment des rela\u00adtions sex\u00aduelles<\/strong><\/li>\n\n\n\n<li><strong>Util\u00adi\u00adsa\u00adtion exces\u00adsive de con\u00adtra\u00adcep\u00adtion<\/strong><\/li>\n\n\n\n<li><strong>Attaques de panique<\/strong>&nbsp;lors de dis\u00adcus\u00adsions sur la grossesse<\/li>\n\n\n\n<li><strong>Cauchemars<\/strong>&nbsp;r\u00e9cur\u00adrents li\u00e9s \u00e0 la grossesse ou \u00e0 l\u2019ac\u00adcouche\u00adment<\/li>\n<\/ul>\n\n\n\n<p>\u201cIl est cru\u00adcial de recon\u00adna\u00eetre ces signes et de chercher de l\u2019aide,\u201d insiste le Dr. Mar\u00adti\u00adno. \u201cLa toko\u00adpho\u00adbie peut avoir un impact sig\u00adni\u00adfi\u00adcatif sur la vie per\u00adson\u00adnelle et rela\u00adtion\u00adnelle des femmes.\u201d<\/p>\n\n\n\n<p><strong>Le d\u00e9ni de grossesse : un m\u00e9can\u00adisme de d\u00e9fense com\u00adplexe<\/strong><\/p>\n\n\n\n<p>Le d\u00e9ni de grossesse est un ph\u00e9nom\u00e8ne o\u00f9 une femme enceinte n\u2019a pas con\u00adscience de son \u00e9tat, par\u00adfois jusqu\u2019\u00e0 un stade avanc\u00e9 de la grossesse. \u201cCe n\u2019est pas un sim\u00adple refus d\u2019ad\u00admet\u00adtre la r\u00e9al\u00adit\u00e9, mais un v\u00e9ri\u00adta\u00adble m\u00e9can\u00adisme psy\u00adchique incon\u00adscient,\u201d pr\u00e9\u00adcise le Dr. Martino.Les man\u00adi\u00adfes\u00adta\u00adtions du d\u00e9ni de grossesse peu\u00advent inclure :<\/p>\n\n\n\n<figure class=\"wp-block-image size-full is-resized\"><img loading=\"lazy\" decoding=\"async\" width=\"450\" height=\"150\" src=\"https:\/\/bobea.net\/wp-content\/uploads\/2025\/01\/30854667-image-max-1-450x150-1.jpg\" alt class=\"wp-image-8400\" style=\"width:840px;height:auto\" srcset=\"https:\/\/bobea.net\/wp-content\/uploads\/2025\/01\/30854667-image-max-1-450x150-1.jpg 450w, https:\/\/bobea.net\/wp-content\/uploads\/2025\/01\/30854667-image-max-1-450x150-1-300x100.jpg 300w\" sizes=\"(max-width: 450px) 100vw, 450px\"><\/figure>\n\n\n\n<ul class=\"wp-block-list\">\n<li><strong>Absence ou r\u00e9duc\u00adtion des signes physiques<\/strong>&nbsp;typ\u00adiques de la grossesse<\/li>\n\n\n\n<li><strong>Per\u00adsis\u00adtance appar\u00adente des r\u00e8gles<\/strong><\/li>\n\n\n\n<li><strong>Non-per\u00adcep\u00adtion des mou\u00adve\u00adments f\u0153taux<\/strong><\/li>\n\n\n\n<li><strong>Absence de pr\u00e9\u00adpa\u00adra\u00adtion<\/strong>&nbsp;psy\u00adchologique et mat\u00e9rielle \u00e0 l\u2019ar\u00adriv\u00e9e d\u2019un enfant<\/li>\n<\/ul>\n\n\n\n<p>Le Dr. Mar\u00adti\u00adno souligne : \u201cLe d\u00e9ni de grossesse peut avoir des con\u00ads\u00e9quences graves pour la san\u00adt\u00e9 de la m\u00e8re et de l\u2019en\u00adfant. Une prise en charge rapi\u00adde et adap\u00adt\u00e9e est essen\u00adtielle.\u201c<strong>Com\u00adpren\u00addre et sur\u00admon\u00adter ces d\u00e9fis<\/strong><\/p>\n\n\n\n<p>Pour aider les femmes con\u00adfron\u00adt\u00e9es \u00e0 ces sit\u00adu\u00ada\u00adtions, le Dr. Mar\u00adti\u00adno recom\u00admande une approche mul\u00adti\u00addi\u00admen\u00adsion\u00adnelle :<\/p>\n\n\n\n<ol start=\"1\" class=\"wp-block-list\">\n<li><strong>\u00c9du\u00adca\u00adtion et sen\u00adsi\u00adbil\u00adi\u00adsa\u00adtion<\/strong>&nbsp;: \u201cUne meilleure com\u00adpr\u00e9hen\u00adsion de la san\u00adt\u00e9 repro\u00adduc\u00adtive et des proces\u00adsus de la grossesse peut aider \u00e0 d\u00e9mys\u00adti\u00adfi\u00ader et \u00e0 r\u00e9duire les peurs irra\u00adtionnelles.\u201d<\/li>\n\n\n\n<li><strong>Th\u00e9rapie cog\u00adni\u00adtive-com\u00adporte\u00admen\u00adtale<\/strong>&nbsp;: \u201cCette approche peut \u00eatre tr\u00e8s effi\u00adcace pour traiter la toko\u00adpho\u00adbie, en aidant les femmes \u00e0 iden\u00adti\u00adfi\u00ader et \u00e0 mod\u00adi\u00adfi\u00ader leurs sch\u00e9\u00admas de pen\u00ads\u00e9e n\u00e9gat\u00adifs.\u201d<\/li>\n\n\n\n<li><strong>Sou\u00adtien psy\u00adchologique<\/strong>&nbsp;: \u201cUn accom\u00adpa\u00adg\u00adne\u00adment pro\u00adfes\u00adsion\u00adnel est cru\u00adcial, tant pour la toko\u00adpho\u00adbie que pour le d\u00e9ni de grossesse, pour explor\u00ader les racines pro\u00adfondes de ces r\u00e9ac\u00adtions.\u201d<\/li>\n\n\n\n<li><strong>Approche empathique des pro\u00adfes\u00adsion\u00adnels de san\u00adt\u00e9<\/strong>&nbsp;: \u201cIl est essen\u00adtiel de cr\u00e9er un envi\u00adron\u00adnement de con\u00adfi\u00adance o\u00f9 les femmes peu\u00advent exprimer leurs craintes sans juge\u00adment.\u201d<\/li>\n\n\n\n<li><strong>Impli\u00adca\u00adtion du parte\u00adnaire et de l\u2019en\u00adtourage<\/strong>&nbsp;: \u201cLe sou\u00adtien de l\u2019en\u00adtourage joue un r\u00f4le cl\u00e9 dans le proces\u00adsus de gu\u00e9ri\u00adson et d\u2019ac\u00adcep\u00adta\u00adtion.\u201d<\/li>\n\n\n\n<li><strong>Tech\u00adniques de relax\u00adation et de ges\u00adtion du stress<\/strong>&nbsp;: \u201cLa m\u00e9di\u00adta\u00adtion, le yoga pr\u00e9\u00adna\u00adtal ou la sophrolo\u00adgie peu\u00advent aider \u00e0 r\u00e9duire l\u2019anx\u00adi\u00e9t\u00e9 li\u00e9e \u00e0 la grossesse.\u201d<\/li>\n<\/ol>\n\n\n\n<p>Le Dr. Mar\u00adti\u00adno con\u00adclut : \u201cLa peur de la grossesse et le d\u00e9ni sont des r\u00e9al\u00adit\u00e9s com\u00adplex\u00ades qui m\u00e9ri\u00adtent notre atten\u00adtion et notre com\u00adpr\u00e9hen\u00adsion. Avec un accom\u00adpa\u00adg\u00adne\u00adment adap\u00adt\u00e9, il est pos\u00adsi\u00adble de sur\u00admon\u00adter ces d\u00e9fis et de vivre une grossesse sere\u00adine et \u00e9panouis\u00adsante.\u201d<\/p>\n","protected":false},"excerpt":{"rendered":"<p>Le Dr. Mar\u00adti\u00adno, expert en san\u00adt\u00e9 f\u00e9mi\u00adnine pour BOBEA, abor\u00adde aujour\u00add\u2019hui un sujet cru\u00adcial mais sou\u00advent tabou : la peur de la grossesse et le ph\u00e9nom\u00e8ne du d\u00e9ni de grossesse.\u2026 <\/p>\n","protected":false},"author":1,"featured_media":8399,"comment_status":"open","ping_status":"open","sticky":false,"template":"","format":"standard","meta":{"wp_typography_post_enhancements_disabled":false,"footnotes":""},"categories":[90,58],"tags":[],"class_list":["post-8398","post","type-post","status-publish","format-standard","has-post-thumbnail","hentry","category-question-de-santes","category-sante"],"yoast_head":"<!-- This site is optimized with the Yoast SEO plugin v24.7 - https:\/\/yoast.com\/wordpress\/plugins\/seo\/ -->\n<title>Dr. Martino : &quot;La peur de la grossesse et le d\u00e9ni : Comprendre et surmonter&quot; - Bobea<\/title>\n<meta name=\"robots\" content=\"index, follow, max-snippet:-1, max-image-preview:large, max-video-preview:-1\" \/>\n<link rel=\"canonical\" href=\"https:\/\/bobea.net\/index.php\/2025\/01\/31\/dr-martino-la-peur-de-la-grossesse-et-le-deni-comprendre-et-surmonter\/\" \/>\n<meta property=\"og:locale\" content=\"fr_FR\" \/>\n<meta property=\"og:type\" content=\"article\" \/>\n<meta property=\"og:title\" content=\"Dr. Martino : &quot;La peur de la grossesse et le d\u00e9ni : Comprendre et surmonter&quot; - Bobea\" \/>\n<meta property=\"og:description\" content=\"Le Dr. Mar\u00adti\u00adno, expert en san\u00adt\u00e9 f\u00e9mi\u00adnine pour BOBEA, abor\u00adde aujour\u00add\u2019hui un sujet cru\u00adcial mais sou\u00advent tabou : la peur de la grossesse et le ph\u00e9nom\u00e8ne du d\u00e9ni de grossesse.&hellip;\" \/>\n<meta property=\"og:url\" content=\"https:\/\/bobea.net\/index.php\/2025\/01\/31\/dr-martino-la-peur-de-la-grossesse-et-le-deni-comprendre-et-surmonter\/\" \/>\n<meta property=\"og:site_name\" content=\"Bobea\" \/>\n<meta property=\"article:publisher\" content=\"https:\/\/web.facebook.com\/profile.php?id=61559252188416\" \/>\n<meta property=\"article:published_time\" content=\"2025-01-31T14:35:15+00:00\" \/>\n<meta property=\"article:modified_time\" content=\"2025-01-31T14:35:16+00:00\" \/>\n<meta property=\"og:image\" content=\"https:\/\/bobea.net\/wp-content\/uploads\/2025\/01\/femme-douleur-tristesse-fotolia_262125098_m.png\" \/>\n\t<meta property=\"og:image:width\" content=\"500\" \/>\n\t<meta property=\"og:image:height\" content=\"333\" \/>\n\t<meta property=\"og:image:type\" content=\"image\/png\" \/>\n<meta name=\"author\" content=\"bobea.info\" \/>\n<meta name=\"twitter:card\" content=\"summary_large_image\" \/>\n<meta name=\"twitter:label1\" content=\"\u00c9crit par\" \/>\n\t<meta name=\"twitter:data1\" content=\"bobea.info\" \/>\n\t<meta name=\"twitter:label2\" content=\"Dur\u00e9e de lecture estim\u00e9e\" \/>\n\t<meta name=\"twitter:data2\" content=\"3 minutes\" \/>\n<script type=\"application\/ld+json\" class=\"yoast-schema-graph\">{\"@context\":\"https:\/\/schema.org\",\"@graph\":[{\"@type\":\"Article\",\"@id\":\"https:\/\/bobea.net\/index.php\/2025\/01\/31\/dr-martino-la-peur-de-la-grossesse-et-le-deni-comprendre-et-surmonter\/#article\",\"isPartOf\":{\"@id\":\"https:\/\/bobea.net\/index.php\/2025\/01\/31\/dr-martino-la-peur-de-la-grossesse-et-le-deni-comprendre-et-surmonter\/\"},\"author\":{\"name\":\"bobea.info\",\"@id\":\"https:\/\/bobea.net\/#\/schema\/person\/e7f45ef187918d7c956bf619dce90ccf\"},\"headline\":\"Dr. Martino : \u201cLa peur de la grossesse et le d\u00e9ni : Comprendre et surmonter\u201d\",\"datePublished\":\"2025-01-31T14:35:15+00:00\",\"dateModified\":\"2025-01-31T14:35:16+00:00\",\"mainEntityOfPage\":{\"@id\":\"https:\/\/bobea.net\/index.php\/2025\/01\/31\/dr-martino-la-peur-de-la-grossesse-et-le-deni-comprendre-et-surmonter\/\"},\"wordCount\":580,\"commentCount\":0,\"publisher\":{\"@id\":\"https:\/\/bobea.net\/#organization\"},\"image\":{\"@id\":\"https:\/\/bobea.net\/index.php\/2025\/01\/31\/dr-martino-la-peur-de-la-grossesse-et-le-deni-comprendre-et-surmonter\/#primaryimage\"},\"thumbnailUrl\":\"https:\/\/bobea.net\/wp-content\/uploads\/2025\/01\/femme-douleur-tristesse-fotolia_262125098_m.png\",\"articleSection\":[\"Question de Sant\u00e9s\",\"Sant\u00e9\"],\"inLanguage\":\"fr-FR\",\"potentialAction\":[{\"@type\":\"CommentAction\",\"name\":\"Comment\",\"target\":[\"https:\/\/bobea.net\/index.php\/2025\/01\/31\/dr-martino-la-peur-de-la-grossesse-et-le-deni-comprendre-et-surmonter\/#respond\"]}]},{\"@type\":\"WebPage\",\"@id\":\"https:\/\/bobea.net\/index.php\/2025\/01\/31\/dr-martino-la-peur-de-la-grossesse-et-le-deni-comprendre-et-surmonter\/\",\"url\":\"https:\/\/bobea.net\/index.php\/2025\/01\/31\/dr-martino-la-peur-de-la-grossesse-et-le-deni-comprendre-et-surmonter\/\",\"name\":\"Dr. Martino : \\\"La peur de la grossesse et le d\u00e9ni : Comprendre et surmonter\\\" - Bobea\",\"isPartOf\":{\"@id\":\"https:\/\/bobea.net\/#website\"},\"primaryImageOfPage\":{\"@id\":\"https:\/\/bobea.net\/index.php\/2025\/01\/31\/dr-martino-la-peur-de-la-grossesse-et-le-deni-comprendre-et-surmonter\/#primaryimage\"},\"image\":{\"@id\":\"https:\/\/bobea.net\/index.php\/2025\/01\/31\/dr-martino-la-peur-de-la-grossesse-et-le-deni-comprendre-et-surmonter\/#primaryimage\"},\"thumbnailUrl\":\"https:\/\/bobea.net\/wp-content\/uploads\/2025\/01\/femme-douleur-tristesse-fotolia_262125098_m.png\",\"datePublished\":\"2025-01-31T14:35:15+00:00\",\"dateModified\":\"2025-01-31T14:35:16+00:00\",\"breadcrumb\":{\"@id\":\"https:\/\/bobea.net\/index.php\/2025\/01\/31\/dr-martino-la-peur-de-la-grossesse-et-le-deni-comprendre-et-surmonter\/#breadcrumb\"},\"inLanguage\":\"fr-FR\",\"potentialAction\":[{\"@type\":\"ReadAction\",\"target\":[\"https:\/\/bobea.net\/index.php\/2025\/01\/31\/dr-martino-la-peur-de-la-grossesse-et-le-deni-comprendre-et-surmonter\/\"]}]},{\"@type\":\"ImageObject\",\"inLanguage\":\"fr-FR\",\"@id\":\"https:\/\/bobea.net\/index.php\/2025\/01\/31\/dr-martino-la-peur-de-la-grossesse-et-le-deni-comprendre-et-surmonter\/#primaryimage\",\"url\":\"https:\/\/bobea.net\/wp-content\/uploads\/2025\/01\/femme-douleur-tristesse-fotolia_262125098_m.png\",\"contentUrl\":\"https:\/\/bobea.net\/wp-content\/uploads\/2025\/01\/femme-douleur-tristesse-fotolia_262125098_m.png\",\"width\":500,\"height\":333,\"caption\":\"Dr. Martino : \\\"La peur de la grossesse et le d\u00e9ni : Comprendre et surmonter\\\"\"},{\"@type\":\"BreadcrumbList\",\"@id\":\"https:\/\/bobea.net\/index.php\/2025\/01\/31\/dr-martino-la-peur-de-la-grossesse-et-le-deni-comprendre-et-surmonter\/#breadcrumb\",\"itemListElement\":[{\"@type\":\"ListItem\",\"position\":1,\"name\":\"Accueil\",\"item\":\"https:\/\/bobea.net\/\"},{\"@type\":\"ListItem\",\"position\":2,\"name\":\"Dr. Martino : \u00ab\u00a0La peur de la grossesse et le d\u00e9ni : Comprendre et surmonter\u00a0\u00bb\"}]},{\"@type\":\"WebSite\",\"@id\":\"https:\/\/bobea.net\/#website\",\"url\":\"https:\/\/bobea.net\/\",\"name\":\"Bobea\",\"description\":\"Le magazine de la nouvelle \u00c8ve\",\"publisher\":{\"@id\":\"https:\/\/bobea.net\/#organization\"},\"potentialAction\":[{\"@type\":\"SearchAction\",\"target\":{\"@type\":\"EntryPoint\",\"urlTemplate\":\"https:\/\/bobea.net\/?s={search_term_string}\"},\"query-input\":{\"@type\":\"PropertyValueSpecification\",\"valueRequired\":true,\"valueName\":\"search_term_string\"}}],\"inLanguage\":\"fr-FR\"},{\"@type\":\"Organization\",\"@id\":\"https:\/\/bobea.net\/#organization\",\"name\":\"Bobea\",\"url\":\"https:\/\/bobea.net\/\",\"logo\":{\"@type\":\"ImageObject\",\"inLanguage\":\"fr-FR\",\"@id\":\"https:\/\/bobea.net\/#\/schema\/logo\/image\/\",\"url\":\"https:\/\/bobea.net\/wp-content\/uploads\/2024\/06\/bobea.jpg\",\"contentUrl\":\"https:\/\/bobea.net\/wp-content\/uploads\/2024\/06\/bobea.jpg\",\"width\":1080,\"height\":1080,\"caption\":\"Bobea\"},\"image\":{\"@id\":\"https:\/\/bobea.net\/#\/schema\/logo\/image\/\"},\"sameAs\":[\"https:\/\/web.facebook.com\/profile.php?id=61559252188416\"]},{\"@type\":\"Person\",\"@id\":\"https:\/\/bobea.net\/#\/schema\/person\/e7f45ef187918d7c956bf619dce90ccf\",\"name\":\"bobea.info\",\"image\":{\"@type\":\"ImageObject\",\"inLanguage\":\"fr-FR\",\"@id\":\"https:\/\/bobea.net\/#\/schema\/person\/image\/\",\"url\":\"https:\/\/secure.gravatar.com\/avatar\/36147980349df887ae30808df3e29474?s=96&d=mm&r=g\",\"contentUrl\":\"https:\/\/secure.gravatar.com\/avatar\/36147980349df887ae30808df3e29474?s=96&d=mm&r=g\",\"caption\":\"bobea.info\"},\"sameAs\":[\"https:\/\/bobea.net\"],\"url\":\"https:\/\/bobea.net\/index.php\/author\/bobea-info\/\"}]}<\/script>\n<!-- \/ Yoast SEO plugin. -->","yoast_head_json":{"title":"Dr. Martino : \"La peur de la grossesse et le d\u00e9ni : Comprendre et surmonter\" - Bobea","robots":{"index":"index","follow":"follow","max-snippet":"max-snippet:-1","max-image-preview":"max-image-preview:large","max-video-preview":"max-video-preview:-1"},"canonical":"https:\/\/bobea.net\/index.php\/2025\/01\/31\/dr-martino-la-peur-de-la-grossesse-et-le-deni-comprendre-et-surmonter\/","og_locale":"fr_FR","og_type":"article","og_title":"Dr. Martino : \"La peur de la grossesse et le d\u00e9ni : Comprendre et surmonter\" - Bobea","og_description":"Le Dr. Mar\u00adti\u00adno, expert en san\u00adt\u00e9 f\u00e9mi\u00adnine pour BOBEA, abor\u00adde aujour\u00add\u2019hui un sujet cru\u00adcial mais sou\u00advent tabou : la peur de la grossesse et le ph\u00e9nom\u00e8ne du d\u00e9ni de grossesse.&hellip;","og_url":"https:\/\/bobea.net\/index.php\/2025\/01\/31\/dr-martino-la-peur-de-la-grossesse-et-le-deni-comprendre-et-surmonter\/","og_site_name":"Bobea","article_publisher":"https:\/\/web.facebook.com\/profile.php?id=61559252188416","article_published_time":"2025-01-31T14:35:15+00:00","article_modified_time":"2025-01-31T14:35:16+00:00","og_image":[{"width":500,"height":333,"url":"https:\/\/bobea.net\/wp-content\/uploads\/2025\/01\/femme-douleur-tristesse-fotolia_262125098_m.png","type":"image\/png"}],"author":"bobea.info","twitter_card":"summary_large_image","twitter_misc":{"\u00c9crit par":"bobea.info","Dur\u00e9e de lecture estim\u00e9e":"3 minutes"},"schema":{"@context":"https:\/\/schema.org","@graph":[{"@type":"Article","@id":"https:\/\/bobea.net\/index.php\/2025\/01\/31\/dr-martino-la-peur-de-la-grossesse-et-le-deni-comprendre-et-surmonter\/#article","isPartOf":{"@id":"https:\/\/bobea.net\/index.php\/2025\/01\/31\/dr-martino-la-peur-de-la-grossesse-et-le-deni-comprendre-et-surmonter\/"},"author":{"name":"bobea.info","@id":"https:\/\/bobea.net\/#\/schema\/person\/e7f45ef187918d7c956bf619dce90ccf"},"headline":"Dr. Martino : \u201cLa peur de la grossesse et le d\u00e9ni : Comprendre et surmonter\u201d","datePublished":"2025-01-31T14:35:15+00:00","dateModified":"2025-01-31T14:35:16+00:00","mainEntityOfPage":{"@id":"https:\/\/bobea.net\/index.php\/2025\/01\/31\/dr-martino-la-peur-de-la-grossesse-et-le-deni-comprendre-et-surmonter\/"},"wordCount":580,"commentCount":0,"publisher":{"@id":"https:\/\/bobea.net\/#organization"},"image":{"@id":"https:\/\/bobea.net\/index.php\/2025\/01\/31\/dr-martino-la-peur-de-la-grossesse-et-le-deni-comprendre-et-surmonter\/#primaryimage"},"thumbnailUrl":"https:\/\/bobea.net\/wp-content\/uploads\/2025\/01\/femme-douleur-tristesse-fotolia_262125098_m.png","articleSection":["Question de Sant\u00e9s","Sant\u00e9"],"inLanguage":"fr-FR","potentialAction":[{"@type":"CommentAction","name":"Comment","target":["https:\/\/bobea.net\/index.php\/2025\/01\/31\/dr-martino-la-peur-de-la-grossesse-et-le-deni-comprendre-et-surmonter\/#respond"]}]},{"@type":"WebPage","@id":"https:\/\/bobea.net\/index.php\/2025\/01\/31\/dr-martino-la-peur-de-la-grossesse-et-le-deni-comprendre-et-surmonter\/","url":"https:\/\/bobea.net\/index.php\/2025\/01\/31\/dr-martino-la-peur-de-la-grossesse-et-le-deni-comprendre-et-surmonter\/","name":"Dr. Martino : \"La peur de la grossesse et le d\u00e9ni : Comprendre et surmonter\" - Bobea","isPartOf":{"@id":"https:\/\/bobea.net\/#website"},"primaryImageOfPage":{"@id":"https:\/\/bobea.net\/index.php\/2025\/01\/31\/dr-martino-la-peur-de-la-grossesse-et-le-deni-comprendre-et-surmonter\/#primaryimage"},"image":{"@id":"https:\/\/bobea.net\/index.php\/2025\/01\/31\/dr-martino-la-peur-de-la-grossesse-et-le-deni-comprendre-et-surmonter\/#primaryimage"},"thumbnailUrl":"https:\/\/bobea.net\/wp-content\/uploads\/2025\/01\/femme-douleur-tristesse-fotolia_262125098_m.png","datePublished":"2025-01-31T14:35:15+00:00","dateModified":"2025-01-31T14:35:16+00:00","breadcrumb":{"@id":"https:\/\/bobea.net\/index.php\/2025\/01\/31\/dr-martino-la-peur-de-la-grossesse-et-le-deni-comprendre-et-surmonter\/#breadcrumb"},"inLanguage":"fr-FR","potentialAction":[{"@type":"ReadAction","target":["https:\/\/bobea.net\/index.php\/2025\/01\/31\/dr-martino-la-peur-de-la-grossesse-et-le-deni-comprendre-et-surmonter\/"]}]},{"@type":"ImageObject","inLanguage":"fr-FR","@id":"https:\/\/bobea.net\/index.php\/2025\/01\/31\/dr-martino-la-peur-de-la-grossesse-et-le-deni-comprendre-et-surmonter\/#primaryimage","url":"https:\/\/bobea.net\/wp-content\/uploads\/2025\/01\/femme-douleur-tristesse-fotolia_262125098_m.png","contentUrl":"https:\/\/bobea.net\/wp-content\/uploads\/2025\/01\/femme-douleur-tristesse-fotolia_262125098_m.png","width":500,"height":333,"caption":"Dr. Martino : \"La peur de la grossesse et le d\u00e9ni : Comprendre et surmonter\""},{"@type":"BreadcrumbList","@id":"https:\/\/bobea.net\/index.php\/2025\/01\/31\/dr-martino-la-peur-de-la-grossesse-et-le-deni-comprendre-et-surmonter\/#breadcrumb","itemListElement":[{"@type":"ListItem","position":1,"name":"Accueil","item":"https:\/\/bobea.net\/"},{"@type":"ListItem","position":2,"name":"Dr. Martino : \u00ab\u00a0La peur de la grossesse et le d\u00e9ni : Comprendre et surmonter\u00a0\u00bb"}]},{"@type":"WebSite","@id":"https:\/\/bobea.net\/#website","url":"https:\/\/bobea.net\/","name":"Bobea","description":"Le magazine de la nouvelle \u00c8ve","publisher":{"@id":"https:\/\/bobea.net\/#organization"},"potentialAction":[{"@type":"SearchAction","target":{"@type":"EntryPoint","urlTemplate":"https:\/\/bobea.net\/?s={search_term_string}"},"query-input":{"@type":"PropertyValueSpecification","valueRequired":true,"valueName":"search_term_string"}}],"inLanguage":"fr-FR"},{"@type":"Organization","@id":"https:\/\/bobea.net\/#organization","name":"Bobea","url":"https:\/\/bobea.net\/","logo":{"@type":"ImageObject","inLanguage":"fr-FR","@id":"https:\/\/bobea.net\/#\/schema\/logo\/image\/","url":"https:\/\/bobea.net\/wp-content\/uploads\/2024\/06\/bobea.jpg","contentUrl":"https:\/\/bobea.net\/wp-content\/uploads\/2024\/06\/bobea.jpg","width":1080,"height":1080,"caption":"Bobea"},"image":{"@id":"https:\/\/bobea.net\/#\/schema\/logo\/image\/"},"sameAs":["https:\/\/web.facebook.com\/profile.php?id=61559252188416"]},{"@type":"Person","@id":"https:\/\/bobea.net\/#\/schema\/person\/e7f45ef187918d7c956bf619dce90ccf","name":"bobea.info","image":{"@type":"ImageObject","inLanguage":"fr-FR","@id":"https:\/\/bobea.net\/#\/schema\/person\/image\/","url":"https:\/\/secure.gravatar.com\/avatar\/36147980349df887ae30808df3e29474?s=96&d=mm&r=g","contentUrl":"https:\/\/secure.gravatar.com\/avatar\/36147980349df887ae30808df3e29474?s=96&d=mm&r=g","caption":"bobea.info"},"sameAs":["https:\/\/bobea.net"],"url":"https:\/\/bobea.net\/index.php\/author\/bobea-info\/"}]}},"_links":{"self":[{"href":"https:\/\/bobea.net\/index.php\/wp-json\/wp\/v2\/posts\/8398"}],"collection":[{"href":"https:\/\/bobea.net\/index.php\/wp-json\/wp\/v2\/posts"}],"about":[{"href":"https:\/\/bobea.net\/index.php\/wp-json\/wp\/v2\/types\/post"}],"author":[{"embeddable":true,"href":"https:\/\/bobea.net\/index.php\/wp-json\/wp\/v2\/users\/1"}],"replies":[{"embeddable":true,"href":"https:\/\/bobea.net\/index.php\/wp-json\/wp\/v2\/comments?post=8398"}],"version-history":[{"count":0,"href":"https:\/\/bobea.net\/index.php\/wp-json\/wp\/v2\/posts\/8398\/revisions"}],"wp:featuredmedia":[{"embeddable":true,"href":"https:\/\/bobea.net\/index.php\/wp-json\/wp\/v2\/media\/8399"}],"wp:attachment":[{"href":"https:\/\/bobea.net\/index.php\/wp-json\/wp\/v2\/media?parent=8398"}],"wp:term":[{"taxonomy":"category","embeddable":true,"href":"https:\/\/bobea.net\/index.php\/wp-json\/wp\/v2\/categories?post=8398"},{"taxonomy":"post_tag","embeddable":true,"href":"https:\/\/bobea.net\/index.php\/wp-json\/wp\/v2\/tags?post=8398"}],"curies":[{"name":"wp","href":"https:\/\/api.w.org\/{rel}","templated":true}]}}