{"id":8383,"date":"2025-01-31T14:24:52","date_gmt":"2025-01-31T14:24:52","guid":{"rendered":"https:\/\/bobea.net\/?p=8383"},"modified":"2025-01-31T14:24:53","modified_gmt":"2025-01-31T14:24:53","slug":"rewilding-urbain-ces-femmes-qui-ramenent-la-nature-en-ville","status":"publish","type":"post","link":"https:\/\/bobea.net\/index.php\/2025\/01\/31\/rewilding-urbain-ces-femmes-qui-ramenent-la-nature-en-ville\/","title":{"rendered":"Rewilding urbain : Ces femmes qui ram\u00e8nent la nature en ville"},"content":{"rendered":"\n<p>En 2025, une nou\u00advelle ten\u00addance \u00e9cologique prend racine dans les m\u00e9trop\u00ado\u00adles du monde entier : le rewil\u00add\u00ading urbain. \u00c0 la t\u00eate de ce mou\u00adve\u00adment, on trou\u00adve prin\u00adci\u00adpale\u00adment des femmes vision\u00adnaires qui trans\u00adfor\u00adment les jun\u00adgles de b\u00e9ton en havres de bio\u00addi\u00adver\u00adsit\u00e9. Cette approche nova\u00adtrice de l\u2019ur\u00adban\u00adisme vise \u00e0 r\u00e9in\u00adtro\u00adduire la nature sauvage dans les espaces urbains, avec des b\u00e9n\u00e9\u00adfices con\u00adsid\u00ad\u00e9rables pour l\u2019en\u00advi\u00adron\u00adnement et la qual\u00adit\u00e9 de vie des citadins.<\/p>\n\n\n\n<p>Qu\u2019est-ce que le rewil\u00add\u00ading urbain ?<\/p>\n\n\n\n<p>Le rewil\u00add\u00ading urbain con\u00adsiste \u00e0 restau\u00adr\u00ader et \u00e0 recr\u00e9er des \u00e9cosys\u00adt\u00e8mes naturels au c\u0153ur des villes. Con\u00adtraire\u00adment aux espaces verts tra\u00addi\u00adtion\u00adnels, l\u2019ob\u00adjec\u00adtif est de laiss\u00ader la nature repren\u00addre ses droits, avec une inter\u00adven\u00adtion humaine min\u00adi\u00admale.<\/p>\n\n\n\n<p>Les pio\u00adnni\u00e8res du rewil\u00add\u00ading urbain<\/p>\n\n\n\n<ol start=\"1\" class=\"wp-block-list\">\n<li>Dr. Emma Fitzger\u00adald \u2014 Lon\u00addres, Roy\u00adaume-Uni<\/li>\n<\/ol>\n\n\n\n<ol start=\"1\" class=\"wp-block-list\">\n<li>Cr\u00e9a\u00adtrice du pro\u00adjet \u201cWild Lon\u00addon\u201d<\/li>\n\n\n\n<li>A trans\u00adfor\u00adm\u00e9 50 hectares de frich\u00ades indus\u00adtrielles en for\u00eats urbaines<\/li>\n<\/ol>\n\n\n\n<ol start=\"2\" class=\"wp-block-list\">\n<li>Yuki Tana\u00adka \u2014 Tokyo, Japon<\/li>\n<\/ol>\n\n\n\n<ol start=\"2\" class=\"wp-block-list\">\n<li>Archi\u00adtecte paysag\u00adiste \u00e0 l\u2019o\u00adrig\u00adine des \u201cTours de la Bio\u00addi\u00adver\u00adsit\u00e9\u201d<\/li>\n\n\n\n<li>A int\u00e9\u00adgr\u00e9 des \u00e9cosys\u00adt\u00e8mes ver\u00adti\u00adcaux dans les grat\u00adte-ciels de Tokyo<\/li>\n<\/ol>\n\n\n\n<ol start=\"3\" class=\"wp-block-list\">\n<li>Maria Rodriguez \u2014 Mex\u00adi\u00adco, Mex\u00adique<\/li>\n<\/ol>\n\n\n\n<ol start=\"3\" class=\"wp-block-list\">\n<li>Fon\u00adda\u00adtrice de \u201cRewild CDMX\u201d<\/li>\n\n\n\n<li>A con\u00adver\u00adti d\u2019an\u00adciens park\u00adings en prairies urbaines accueil\u00adlant des esp\u00e8ces locales<\/li>\n<\/ol>\n\n\n\n<p>Les pro\u00adjets phares<\/p>\n\n\n\n<figure class=\"wp-block-image size-large\"><img loading=\"lazy\" decoding=\"async\" width=\"1024\" height=\"665\" src=\"https:\/\/bobea.net\/wp-content\/uploads\/2025\/01\/Design-sans-titre-13-1024x665.webp\" alt class=\"wp-image-8385\" srcset=\"https:\/\/bobea.net\/wp-content\/uploads\/2025\/01\/Design-sans-titre-13-1024x665.webp 1024w, https:\/\/bobea.net\/wp-content\/uploads\/2025\/01\/Design-sans-titre-13-300x195.webp 300w, https:\/\/bobea.net\/wp-content\/uploads\/2025\/01\/Design-sans-titre-13-768x499.webp 768w, https:\/\/bobea.net\/wp-content\/uploads\/2025\/01\/Design-sans-titre-13-1536x998.webp 1536w, https:\/\/bobea.net\/wp-content\/uploads\/2025\/01\/Design-sans-titre-13.webp 1920w\" sizes=\"(max-width: 1024px) 100vw, 1024px\"><\/figure>\n\n\n\n<p>1. Les cor\u00adri\u00addors \u00e9cologiques de Paris<\/p>\n\n\n\n<p>Un r\u00e9seau de pas\u00adsages verts reliant les parcs et jardins de la cap\u00adi\u00adtale fran\u00e7aise, per\u00adme\u00adt\u00adtant la cir\u00adcu\u00adla\u00adtion de la faune et de la flore.R\u00e9sultats :<\/p>\n\n\n\n<ul class=\"wp-block-list\">\n<li>Aug\u00admen\u00adta\u00adtion de 30% de la bio\u00addi\u00adver\u00adsit\u00e9 en 2 ans<\/li>\n\n\n\n<li>R\u00e9duc\u00adtion de 2\u00b0C de la tem\u00adp\u00e9ra\u00adture moyenne en \u00e9t\u00e9<\/li>\n<\/ul>\n\n\n\n<p>2. Les toits sauvages de New York<\/p>\n\n\n\n<p>Trans\u00adfor\u00adma\u00adtion des toits d\u2019im\u00admeubles en prairies et for\u00eats miniatures.Impacts :<\/p>\n\n\n\n<ul class=\"wp-block-list\">\n<li>R\u00e9duc\u00adtion de 40% des eaux de ruis\u00adselle\u00adment<\/li>\n\n\n\n<li>Habi\u00adtat pour 200 esp\u00e8ces d\u2019oiseaux migra\u00adteurs<\/li>\n<\/ul>\n\n\n\n<p>3. Les riv\u00adi\u00e8res ressus\u00adcit\u00e9es de S\u00e9oul<\/p>\n\n\n\n<p>R\u00e9ou\u00adver\u00adture et renat\u00adu\u00adral\u00adi\u00adsa\u00adtion des cours d\u2019eau urbains aupar\u00ada\u00advant canal\u00adis\u00e9s ou enterr\u00e9s.B\u00e9n\u00e9fices :<\/p>\n\n\n\n<ul class=\"wp-block-list\">\n<li>Am\u00e9lio\u00adra\u00adtion de la qual\u00adit\u00e9 de l\u2019air de 15%<\/li>\n\n\n\n<li>Cr\u00e9a\u00adtion de nou\u00adveaux espaces de loisirs naturels pour les habi\u00adtants<\/li>\n<\/ul>\n\n\n\n<figure class=\"wp-block-image size-full is-resized\"><img loading=\"lazy\" decoding=\"async\" width=\"700\" height=\"466\" src=\"https:\/\/bobea.net\/wp-content\/uploads\/2025\/01\/iStock-585162020-biodiv-printemps2.jpg\" alt class=\"wp-image-8386\" style=\"width:840px;height:auto\" srcset=\"https:\/\/bobea.net\/wp-content\/uploads\/2025\/01\/iStock-585162020-biodiv-printemps2.jpg 700w, https:\/\/bobea.net\/wp-content\/uploads\/2025\/01\/iStock-585162020-biodiv-printemps2-300x200.jpg 300w\" sizes=\"(max-width: 700px) 100vw, 700px\"><figcaption class=\"wp-element-caption\">Cute tod\u00addler boy and his young moth\u00ader water\u00ading plants in the gar\u00adden at sum\u00admer sun\u00adny day<\/figcaption><\/figure>\n\n\n\n<p>Les avan\u00adtages du rewil\u00add\u00ading urbain<\/p>\n\n\n\n<ol start=\"1\" class=\"wp-block-list\">\n<li>Bio\u00addi\u00adver\u00adsit\u00e9<\/li>\n<\/ol>\n\n\n\n<ol start=\"1\" class=\"wp-block-list\">\n<li>Cr\u00e9a\u00adtion d\u2019habi\u00adtats pour la faune et la flo\u00adre locales<\/li>\n\n\n\n<li>R\u00e9tab\u00adlisse\u00adment de cha\u00eenes ali\u00admen\u00adtaires naturelles en milieu urbain<\/li>\n<\/ol>\n\n\n\n<ol start=\"2\" class=\"wp-block-list\">\n<li>Cli\u00admat<\/li>\n<\/ol>\n\n\n\n<ol start=\"2\" class=\"wp-block-list\">\n<li>R\u00e9duc\u00adtion des \u00eelots de chaleur urbains<\/li>\n\n\n\n<li>Aug\u00admen\u00adta\u00adtion de la s\u00e9ques\u00adtra\u00adtion de car\u00adbone<\/li>\n<\/ol>\n\n\n\n<ol start=\"3\" class=\"wp-block-list\">\n<li>San\u00adt\u00e9 publique<\/li>\n<\/ol>\n\n\n\n<ol start=\"3\" class=\"wp-block-list\">\n<li>Am\u00e9lio\u00adra\u00adtion de la qual\u00adit\u00e9 de l\u2019air<\/li>\n\n\n\n<li>R\u00e9duc\u00adtion du stress et am\u00e9lio\u00adra\u00adtion de la san\u00adt\u00e9 men\u00adtale des citadins<\/li>\n<\/ol>\n\n\n\n<ol start=\"4\" class=\"wp-block-list\">\n<li>Ges\u00adtion de l\u2019eau<\/li>\n<\/ol>\n\n\n\n<ol start=\"4\" class=\"wp-block-list\">\n<li>Meilleure absorp\u00adtion des eaux plu\u00adviales, r\u00e9duisant les risques d\u2019i\u00adnon\u00adda\u00adtion<\/li>\n\n\n\n<li>Fil\u00adtra\u00adtion naturelle des eaux de ruis\u00adselle\u00adment<\/li>\n<\/ol>\n\n\n\n<ol start=\"5\" class=\"wp-block-list\">\n<li>\u00c9conomie<\/li>\n<\/ol>\n\n\n\n<ol start=\"5\" class=\"wp-block-list\">\n<li>Cr\u00e9a\u00adtion d\u2019emplois dans l\u2019\u00e9\u00adcolo\u00adgie urbaine<\/li>\n\n\n\n<li>Aug\u00admen\u00adta\u00adtion de l\u2019at\u00adtrac\u00adtiv\u00adit\u00e9 touris\u00adtique des villes<\/li>\n<\/ol>\n\n\n\n<p>Les d\u00e9fis du rewil\u00add\u00ading urbain<\/p>\n\n\n\n<ol start=\"1\" class=\"wp-block-list\">\n<li>Espace<\/li>\n<\/ol>\n\n\n\n<ol start=\"1\" class=\"wp-block-list\">\n<li>Dif\u00adfi\u00adcult\u00e9 \u00e0 trou\u00adver des zones suff\u00adisam\u00adment grandes en milieu urbain dense<\/li>\n<\/ol>\n\n\n\n<ol start=\"2\" class=\"wp-block-list\">\n<li>S\u00e9cu\u00adrit\u00e9<\/li>\n<\/ol>\n\n\n\n<ol start=\"2\" class=\"wp-block-list\">\n<li>Ges\u00adtion des inter\u00adac\u00adtions entre la faune sauvage et les habi\u00adtants<\/li>\n<\/ol>\n\n\n\n<ol start=\"3\" class=\"wp-block-list\">\n<li>Accep\u00adta\u00adtion sociale<\/li>\n<\/ol>\n\n\n\n<ol start=\"3\" class=\"wp-block-list\">\n<li>Change\u00adment de per\u00adcep\u00adtion n\u00e9ces\u00adsaire sur l\u2019esth\u00e9\u00adtique des espaces verts \u201csauvages\u201d<\/li>\n<\/ol>\n\n\n\n<ol start=\"4\" class=\"wp-block-list\">\n<li>R\u00e9gle\u00admen\u00adta\u00adtion<\/li>\n<\/ol>\n\n\n\n<ol start=\"4\" class=\"wp-block-list\">\n<li>Adap\u00adta\u00adtion des codes de l\u2019ur\u00adban\u00adisme pour per\u00adme\u00adt\u00adtre ces ini\u00adtia\u00adtives<\/li>\n<\/ol>\n\n\n\n<ol start=\"5\" class=\"wp-block-list\">\n<li>Co\u00fbts<\/li>\n<\/ol>\n\n\n\n<ol start=\"5\" class=\"wp-block-list\">\n<li>Investisse\u00adments ini\u00adti\u00adaux impor\u00adtants pour la trans\u00adfor\u00adma\u00adtion des espaces<\/li>\n<\/ol>\n\n\n\n<p>L\u2019im\u00adpact sur la vie urbaine<\/p>\n\n\n\n<figure class=\"wp-block-image size-full\"><img loading=\"lazy\" decoding=\"async\" width=\"945\" height=\"630\" src=\"https:\/\/bobea.net\/wp-content\/uploads\/2025\/01\/wheelbarrows-g751447d71_1920.jpg\" alt class=\"wp-image-8387\" srcset=\"https:\/\/bobea.net\/wp-content\/uploads\/2025\/01\/wheelbarrows-g751447d71_1920.jpg 945w, https:\/\/bobea.net\/wp-content\/uploads\/2025\/01\/wheelbarrows-g751447d71_1920-300x200.jpg 300w, https:\/\/bobea.net\/wp-content\/uploads\/2025\/01\/wheelbarrows-g751447d71_1920-768x512.jpg 768w\" sizes=\"(max-width: 945px) 100vw, 945px\"><\/figure>\n\n\n\n<p>Le rewil\u00add\u00ading urbain trans\u00adforme pro\u00adfond\u00e9\u00adment l\u2019ex\u00adp\u00e9ri\u00adence de la vie en ville :<\/p>\n\n\n\n<ol start=\"1\" class=\"wp-block-list\">\n<li>Nou\u00advelle rela\u00adtion \u00e0 la nature<\/li>\n<\/ol>\n\n\n\n<ol start=\"1\" class=\"wp-block-list\">\n<li>Les citadins red\u00e9\u00adcou\u00advrent la faune et la flo\u00adre locales<\/li>\n\n\n\n<li>D\u00e9veloppe\u00adment de l\u2019\u00e9\u00add\u00adu\u00adca\u00adtion envi\u00adron\u00adnemen\u00adtale in situ<\/li>\n<\/ol>\n\n\n\n<ol start=\"2\" class=\"wp-block-list\">\n<li>Change\u00adment des modes de d\u00e9place\u00adment<\/li>\n<\/ol>\n\n\n\n<ol start=\"2\" class=\"wp-block-list\">\n<li>Aug\u00admen\u00adta\u00adtion de la marche et du v\u00e9lo gr\u00e2ce aux cor\u00adri\u00addors verts<\/li>\n\n\n\n<li>R\u00e9duc\u00adtion du traf\u00adic auto\u00admo\u00adbile dans cer\u00adtaines zones<\/li>\n<\/ol>\n\n\n\n<ol start=\"3\" class=\"wp-block-list\">\n<li>\u00c9vo\u00adlu\u00adtion des loisirs urbains<\/li>\n<\/ol>\n\n\n\n<ol start=\"3\" class=\"wp-block-list\">\n<li>D\u00e9veloppe\u00adment de nou\u00advelles activ\u00adit\u00e9s : obser\u00adva\u00adtion de la nature, for\u00adag\u00ading urbain<\/li>\n\n\n\n<li>Trans\u00adfor\u00adma\u00adtion des parcs en v\u00e9ri\u00adta\u00adbles r\u00e9serves naturelles urbaines<\/li>\n<\/ol>\n\n\n\n<ol start=\"4\" class=\"wp-block-list\">\n<li>Impact sur l\u2019im\u00admo\u00adbili\u00ader<\/li>\n<\/ol>\n\n\n\n<ol start=\"4\" class=\"wp-block-list\">\n<li>Aug\u00admen\u00adta\u00adtion de la valeur des pro\u00adpri\u00e9t\u00e9s \u00e0 prox\u00adim\u00adit\u00e9 des zones rewil\u00add\u00e9es<\/li>\n\n\n\n<li>Nou\u00advelles normes de con\u00adstruc\u00adtion int\u00e9\u00adgrant la bio\u00addi\u00adver\u00adsit\u00e9<\/li>\n<\/ol>\n\n\n\n<p>Le r\u00f4le cru\u00adcial des femmes dans le rewil\u00add\u00ading urbain<\/p>\n\n\n\n<p>Les femmes sont sur\u00adrepr\u00e9sen\u00adt\u00e9es dans ce mou\u00adve\u00adment, appor\u00adtant une per\u00adspec\u00adtive unique :<\/p>\n\n\n\n<ol start=\"1\" class=\"wp-block-list\">\n<li>Approche holis\u00adtique<\/li>\n<\/ol>\n\n\n\n<ol start=\"1\" class=\"wp-block-list\">\n<li>Int\u00e9\u00adgra\u00adtion des aspects soci\u00adaux et com\u00admu\u00adnau\u00adtaires dans les pro\u00adjets \u00e9cologiques<\/li>\n<\/ol>\n\n\n\n<ol start=\"2\" class=\"wp-block-list\">\n<li>Inno\u00adva\u00adtion dans la con\u00adcep\u00adtion<\/li>\n<\/ol>\n\n\n\n<ol start=\"2\" class=\"wp-block-list\">\n<li>D\u00e9veloppe\u00adment de solu\u00adtions adap\u00adt\u00e9es aux con\u00adtraintes urbaines sp\u00e9\u00adci\u00adfiques<\/li>\n<\/ol>\n\n\n\n<ol start=\"3\" class=\"wp-block-list\">\n<li>Engage\u00adment com\u00admu\u00adnau\u00adtaire<\/li>\n<\/ol>\n\n\n\n<ol start=\"3\" class=\"wp-block-list\">\n<li>Impli\u00adca\u00adtion forte des habi\u00adtants dans les pro\u00adjets de rewil\u00add\u00ading<\/li>\n<\/ol>\n\n\n\n<ol start=\"4\" class=\"wp-block-list\">\n<li>Lead\u00ader\u00adship inspi\u00adrant<\/li>\n<\/ol>\n\n\n\n<ol start=\"4\" class=\"wp-block-list\">\n<li>Mod\u00ad\u00e8les pour les jeunes g\u00e9n\u00e9ra\u00adtions d\u2019\u00e9\u00adcol\u00ado\u00adgistes urbaines<\/li>\n<\/ol>\n\n\n\n<p>L\u2019avenir du rewil\u00add\u00ading urbain<\/p>\n\n\n\n<p>Les per\u00adspec\u00adtives pour l\u2019avenir sont ent\u00adhou\u00adsi\u00adas\u00admantes :<\/p>\n\n\n\n<ol start=\"1\" class=\"wp-block-list\">\n<li>Villes-for\u00eats<\/li>\n<\/ol>\n\n\n\n<ol start=\"1\" class=\"wp-block-list\">\n<li>Pro\u00adjets de trans\u00adfor\u00adma\u00adtion de quartiers entiers en \u00e9cosys\u00adt\u00e8mes forestiers<\/li>\n<\/ol>\n\n\n\n<ol start=\"2\" class=\"wp-block-list\">\n<li>Agri\u00adcul\u00adture sauvage urbaine<\/li>\n<\/ol>\n\n\n\n<ol start=\"2\" class=\"wp-block-list\">\n<li>Int\u00e9\u00adgra\u00adtion de l\u2019a\u00adgro\u00adforesterie et de la per\u00adma\u00adcul\u00adture dans le rewil\u00add\u00ading<\/li>\n<\/ol>\n\n\n\n<ol start=\"3\" class=\"wp-block-list\">\n<li>Tech\u00adnolo\u00adgie au ser\u00advice de la nature<\/li>\n<\/ol>\n\n\n\n<ol start=\"3\" class=\"wp-block-list\">\n<li>Util\u00adi\u00adsa\u00adtion de l\u2019IA pour opti\u00admiser la ges\u00adtion des \u00e9cosys\u00adt\u00e8mes urbains<\/li>\n<\/ol>\n\n\n\n<ol start=\"4\" class=\"wp-block-list\">\n<li>Rewil\u00add\u00ading des infra\u00adstruc\u00adtures<\/li>\n<\/ol>\n\n\n\n<ol start=\"4\" class=\"wp-block-list\">\n<li>Trans\u00adfor\u00adma\u00adtion des routes, voies fer\u00adr\u00e9es et a\u00e9ro\u00adports en cor\u00adri\u00addors \u00e9cologiques<\/li>\n<\/ol>\n\n\n\n<p>En con\u00adclu\u00adsion, le rewil\u00add\u00ading urbain, port\u00e9 par des femmes vision\u00adnaires, repr\u00e9sente une r\u00e9vo\u00adlu\u00adtion dans notre approche de l\u2019ur\u00adban\u00adisme et de l\u2019\u00e9\u00adcolo\u00adgie. En ramenant la nature sauvage au c\u0153ur des villes, ce mou\u00adve\u00adment offre une solu\u00adtion inno\u00advante aux d\u00e9fis envi\u00adron\u00adnemen\u00adtaux et soci\u00adaux de notre \u00e9poque. Il red\u00e9finit notre rela\u00adtion \u00e0 la nature et ouvre la voie \u00e0 des villes plus r\u00e9silientes, plus saines et plus vivantes pour les g\u00e9n\u00e9ra\u00adtions futures.<\/p>\n","protected":false},"excerpt":{"rendered":"<p>En 2025, une nou\u00advelle ten\u00addance \u00e9cologique prend racine dans les m\u00e9trop\u00ado\u00adles du monde entier : le rewil\u00add\u00ading urbain. \u00c0 la t\u00eate de ce mou\u00adve\u00adment, on trou\u00adve prin\u00adci\u00adpale\u00adment des femmes vision\u00adnaires\u2026 <\/p>\n","protected":false},"author":1,"featured_media":8384,"comment_status":"open","ping_status":"open","sticky":false,"template":"","format":"standard","meta":{"wp_typography_post_enhancements_disabled":false,"footnotes":""},"categories":[73],"tags":[],"class_list":["post-8383","post","type-post","status-publish","format-standard","has-post-thumbnail","hentry","category-on-en-parle"],"yoast_head":"<!-- This site is optimized with the Yoast SEO plugin v24.7 - https:\/\/yoast.com\/wordpress\/plugins\/seo\/ -->\n<title>Rewilding urbain : Ces femmes qui ram\u00e8nent la nature en ville - Bobea<\/title>\n<meta name=\"robots\" content=\"index, follow, max-snippet:-1, max-image-preview:large, max-video-preview:-1\" \/>\n<link rel=\"canonical\" href=\"https:\/\/bobea.net\/index.php\/2025\/01\/31\/rewilding-urbain-ces-femmes-qui-ramenent-la-nature-en-ville\/\" \/>\n<meta property=\"og:locale\" content=\"fr_FR\" \/>\n<meta property=\"og:type\" content=\"article\" \/>\n<meta property=\"og:title\" content=\"Rewilding urbain : Ces femmes qui ram\u00e8nent la nature en ville - Bobea\" \/>\n<meta property=\"og:description\" content=\"En 2025, une nou\u00advelle ten\u00addance \u00e9cologique prend racine dans les m\u00e9trop\u00ado\u00adles du monde entier : le rewil\u00add\u00ading urbain. \u00c0 la t\u00eate de ce mou\u00adve\u00adment, on trou\u00adve prin\u00adci\u00adpale\u00adment des femmes vision\u00adnaires&hellip;\" \/>\n<meta property=\"og:url\" content=\"https:\/\/bobea.net\/index.php\/2025\/01\/31\/rewilding-urbain-ces-femmes-qui-ramenent-la-nature-en-ville\/\" \/>\n<meta property=\"og:site_name\" content=\"Bobea\" \/>\n<meta property=\"article:publisher\" content=\"https:\/\/web.facebook.com\/profile.php?id=61559252188416\" \/>\n<meta property=\"article:published_time\" content=\"2025-01-31T14:24:52+00:00\" \/>\n<meta property=\"article:modified_time\" content=\"2025-01-31T14:24:53+00:00\" \/>\n<meta property=\"og:image\" content=\"https:\/\/bobea.net\/wp-content\/uploads\/2025\/01\/Vignette.png\" \/>\n\t<meta property=\"og:image:width\" content=\"1200\" \/>\n\t<meta property=\"og:image:height\" content=\"800\" \/>\n\t<meta property=\"og:image:type\" content=\"image\/png\" \/>\n<meta name=\"author\" content=\"bobea.info\" \/>\n<meta name=\"twitter:card\" content=\"summary_large_image\" \/>\n<meta name=\"twitter:label1\" content=\"\u00c9crit par\" \/>\n\t<meta name=\"twitter:data1\" content=\"bobea.info\" \/>\n\t<meta name=\"twitter:label2\" content=\"Dur\u00e9e de lecture estim\u00e9e\" \/>\n\t<meta name=\"twitter:data2\" content=\"5 minutes\" \/>\n<script type=\"application\/ld+json\" class=\"yoast-schema-graph\">{\"@context\":\"https:\/\/schema.org\",\"@graph\":[{\"@type\":\"Article\",\"@id\":\"https:\/\/bobea.net\/index.php\/2025\/01\/31\/rewilding-urbain-ces-femmes-qui-ramenent-la-nature-en-ville\/#article\",\"isPartOf\":{\"@id\":\"https:\/\/bobea.net\/index.php\/2025\/01\/31\/rewilding-urbain-ces-femmes-qui-ramenent-la-nature-en-ville\/\"},\"author\":{\"name\":\"bobea.info\",\"@id\":\"https:\/\/bobea.net\/#\/schema\/person\/e7f45ef187918d7c956bf619dce90ccf\"},\"headline\":\"Rewilding urbain : Ces femmes qui ram\u00e8nent la nature en ville\",\"datePublished\":\"2025-01-31T14:24:52+00:00\",\"dateModified\":\"2025-01-31T14:24:53+00:00\",\"mainEntityOfPage\":{\"@id\":\"https:\/\/bobea.net\/index.php\/2025\/01\/31\/rewilding-urbain-ces-femmes-qui-ramenent-la-nature-en-ville\/\"},\"wordCount\":863,\"commentCount\":0,\"publisher\":{\"@id\":\"https:\/\/bobea.net\/#organization\"},\"image\":{\"@id\":\"https:\/\/bobea.net\/index.php\/2025\/01\/31\/rewilding-urbain-ces-femmes-qui-ramenent-la-nature-en-ville\/#primaryimage\"},\"thumbnailUrl\":\"https:\/\/bobea.net\/wp-content\/uploads\/2025\/01\/Vignette.png\",\"articleSection\":[\"On en Parle\"],\"inLanguage\":\"fr-FR\",\"potentialAction\":[{\"@type\":\"CommentAction\",\"name\":\"Comment\",\"target\":[\"https:\/\/bobea.net\/index.php\/2025\/01\/31\/rewilding-urbain-ces-femmes-qui-ramenent-la-nature-en-ville\/#respond\"]}]},{\"@type\":\"WebPage\",\"@id\":\"https:\/\/bobea.net\/index.php\/2025\/01\/31\/rewilding-urbain-ces-femmes-qui-ramenent-la-nature-en-ville\/\",\"url\":\"https:\/\/bobea.net\/index.php\/2025\/01\/31\/rewilding-urbain-ces-femmes-qui-ramenent-la-nature-en-ville\/\",\"name\":\"Rewilding urbain : Ces femmes qui ram\u00e8nent la nature en ville - Bobea\",\"isPartOf\":{\"@id\":\"https:\/\/bobea.net\/#website\"},\"primaryImageOfPage\":{\"@id\":\"https:\/\/bobea.net\/index.php\/2025\/01\/31\/rewilding-urbain-ces-femmes-qui-ramenent-la-nature-en-ville\/#primaryimage\"},\"image\":{\"@id\":\"https:\/\/bobea.net\/index.php\/2025\/01\/31\/rewilding-urbain-ces-femmes-qui-ramenent-la-nature-en-ville\/#primaryimage\"},\"thumbnailUrl\":\"https:\/\/bobea.net\/wp-content\/uploads\/2025\/01\/Vignette.png\",\"datePublished\":\"2025-01-31T14:24:52+00:00\",\"dateModified\":\"2025-01-31T14:24:53+00:00\",\"breadcrumb\":{\"@id\":\"https:\/\/bobea.net\/index.php\/2025\/01\/31\/rewilding-urbain-ces-femmes-qui-ramenent-la-nature-en-ville\/#breadcrumb\"},\"inLanguage\":\"fr-FR\",\"potentialAction\":[{\"@type\":\"ReadAction\",\"target\":[\"https:\/\/bobea.net\/index.php\/2025\/01\/31\/rewilding-urbain-ces-femmes-qui-ramenent-la-nature-en-ville\/\"]}]},{\"@type\":\"ImageObject\",\"inLanguage\":\"fr-FR\",\"@id\":\"https:\/\/bobea.net\/index.php\/2025\/01\/31\/rewilding-urbain-ces-femmes-qui-ramenent-la-nature-en-ville\/#primaryimage\",\"url\":\"https:\/\/bobea.net\/wp-content\/uploads\/2025\/01\/Vignette.png\",\"contentUrl\":\"https:\/\/bobea.net\/wp-content\/uploads\/2025\/01\/Vignette.png\",\"width\":1200,\"height\":800,\"caption\":\"Rewilding urbain : Ces femmes qui ram\u00e8nent la nature en ville\"},{\"@type\":\"BreadcrumbList\",\"@id\":\"https:\/\/bobea.net\/index.php\/2025\/01\/31\/rewilding-urbain-ces-femmes-qui-ramenent-la-nature-en-ville\/#breadcrumb\",\"itemListElement\":[{\"@type\":\"ListItem\",\"position\":1,\"name\":\"Accueil\",\"item\":\"https:\/\/bobea.net\/\"},{\"@type\":\"ListItem\",\"position\":2,\"name\":\"Rewilding urbain : Ces femmes qui ram\u00e8nent la nature en ville\"}]},{\"@type\":\"WebSite\",\"@id\":\"https:\/\/bobea.net\/#website\",\"url\":\"https:\/\/bobea.net\/\",\"name\":\"Bobea\",\"description\":\"Le magazine de la nouvelle \u00c8ve\",\"publisher\":{\"@id\":\"https:\/\/bobea.net\/#organization\"},\"potentialAction\":[{\"@type\":\"SearchAction\",\"target\":{\"@type\":\"EntryPoint\",\"urlTemplate\":\"https:\/\/bobea.net\/?s={search_term_string}\"},\"query-input\":{\"@type\":\"PropertyValueSpecification\",\"valueRequired\":true,\"valueName\":\"search_term_string\"}}],\"inLanguage\":\"fr-FR\"},{\"@type\":\"Organization\",\"@id\":\"https:\/\/bobea.net\/#organization\",\"name\":\"Bobea\",\"url\":\"https:\/\/bobea.net\/\",\"logo\":{\"@type\":\"ImageObject\",\"inLanguage\":\"fr-FR\",\"@id\":\"https:\/\/bobea.net\/#\/schema\/logo\/image\/\",\"url\":\"https:\/\/bobea.net\/wp-content\/uploads\/2024\/06\/bobea.jpg\",\"contentUrl\":\"https:\/\/bobea.net\/wp-content\/uploads\/2024\/06\/bobea.jpg\",\"width\":1080,\"height\":1080,\"caption\":\"Bobea\"},\"image\":{\"@id\":\"https:\/\/bobea.net\/#\/schema\/logo\/image\/\"},\"sameAs\":[\"https:\/\/web.facebook.com\/profile.php?id=61559252188416\"]},{\"@type\":\"Person\",\"@id\":\"https:\/\/bobea.net\/#\/schema\/person\/e7f45ef187918d7c956bf619dce90ccf\",\"name\":\"bobea.info\",\"image\":{\"@type\":\"ImageObject\",\"inLanguage\":\"fr-FR\",\"@id\":\"https:\/\/bobea.net\/#\/schema\/person\/image\/\",\"url\":\"https:\/\/secure.gravatar.com\/avatar\/36147980349df887ae30808df3e29474?s=96&d=mm&r=g\",\"contentUrl\":\"https:\/\/secure.gravatar.com\/avatar\/36147980349df887ae30808df3e29474?s=96&d=mm&r=g\",\"caption\":\"bobea.info\"},\"sameAs\":[\"https:\/\/bobea.net\"],\"url\":\"https:\/\/bobea.net\/index.php\/author\/bobea-info\/\"}]}<\/script>\n<!-- \/ Yoast SEO plugin. -->","yoast_head_json":{"title":"Rewilding urbain : Ces femmes qui ram\u00e8nent la nature en ville - Bobea","robots":{"index":"index","follow":"follow","max-snippet":"max-snippet:-1","max-image-preview":"max-image-preview:large","max-video-preview":"max-video-preview:-1"},"canonical":"https:\/\/bobea.net\/index.php\/2025\/01\/31\/rewilding-urbain-ces-femmes-qui-ramenent-la-nature-en-ville\/","og_locale":"fr_FR","og_type":"article","og_title":"Rewilding urbain : Ces femmes qui ram\u00e8nent la nature en ville - Bobea","og_description":"En 2025, une nou\u00advelle ten\u00addance \u00e9cologique prend racine dans les m\u00e9trop\u00ado\u00adles du monde entier : le rewil\u00add\u00ading urbain. \u00c0 la t\u00eate de ce mou\u00adve\u00adment, on trou\u00adve prin\u00adci\u00adpale\u00adment des femmes vision\u00adnaires&hellip;","og_url":"https:\/\/bobea.net\/index.php\/2025\/01\/31\/rewilding-urbain-ces-femmes-qui-ramenent-la-nature-en-ville\/","og_site_name":"Bobea","article_publisher":"https:\/\/web.facebook.com\/profile.php?id=61559252188416","article_published_time":"2025-01-31T14:24:52+00:00","article_modified_time":"2025-01-31T14:24:53+00:00","og_image":[{"width":1200,"height":800,"url":"https:\/\/bobea.net\/wp-content\/uploads\/2025\/01\/Vignette.png","type":"image\/png"}],"author":"bobea.info","twitter_card":"summary_large_image","twitter_misc":{"\u00c9crit par":"bobea.info","Dur\u00e9e de lecture estim\u00e9e":"5 minutes"},"schema":{"@context":"https:\/\/schema.org","@graph":[{"@type":"Article","@id":"https:\/\/bobea.net\/index.php\/2025\/01\/31\/rewilding-urbain-ces-femmes-qui-ramenent-la-nature-en-ville\/#article","isPartOf":{"@id":"https:\/\/bobea.net\/index.php\/2025\/01\/31\/rewilding-urbain-ces-femmes-qui-ramenent-la-nature-en-ville\/"},"author":{"name":"bobea.info","@id":"https:\/\/bobea.net\/#\/schema\/person\/e7f45ef187918d7c956bf619dce90ccf"},"headline":"Rewilding urbain : Ces femmes qui ram\u00e8nent la nature en ville","datePublished":"2025-01-31T14:24:52+00:00","dateModified":"2025-01-31T14:24:53+00:00","mainEntityOfPage":{"@id":"https:\/\/bobea.net\/index.php\/2025\/01\/31\/rewilding-urbain-ces-femmes-qui-ramenent-la-nature-en-ville\/"},"wordCount":863,"commentCount":0,"publisher":{"@id":"https:\/\/bobea.net\/#organization"},"image":{"@id":"https:\/\/bobea.net\/index.php\/2025\/01\/31\/rewilding-urbain-ces-femmes-qui-ramenent-la-nature-en-ville\/#primaryimage"},"thumbnailUrl":"https:\/\/bobea.net\/wp-content\/uploads\/2025\/01\/Vignette.png","articleSection":["On en Parle"],"inLanguage":"fr-FR","potentialAction":[{"@type":"CommentAction","name":"Comment","target":["https:\/\/bobea.net\/index.php\/2025\/01\/31\/rewilding-urbain-ces-femmes-qui-ramenent-la-nature-en-ville\/#respond"]}]},{"@type":"WebPage","@id":"https:\/\/bobea.net\/index.php\/2025\/01\/31\/rewilding-urbain-ces-femmes-qui-ramenent-la-nature-en-ville\/","url":"https:\/\/bobea.net\/index.php\/2025\/01\/31\/rewilding-urbain-ces-femmes-qui-ramenent-la-nature-en-ville\/","name":"Rewilding urbain : Ces femmes qui ram\u00e8nent la nature en ville - Bobea","isPartOf":{"@id":"https:\/\/bobea.net\/#website"},"primaryImageOfPage":{"@id":"https:\/\/bobea.net\/index.php\/2025\/01\/31\/rewilding-urbain-ces-femmes-qui-ramenent-la-nature-en-ville\/#primaryimage"},"image":{"@id":"https:\/\/bobea.net\/index.php\/2025\/01\/31\/rewilding-urbain-ces-femmes-qui-ramenent-la-nature-en-ville\/#primaryimage"},"thumbnailUrl":"https:\/\/bobea.net\/wp-content\/uploads\/2025\/01\/Vignette.png","datePublished":"2025-01-31T14:24:52+00:00","dateModified":"2025-01-31T14:24:53+00:00","breadcrumb":{"@id":"https:\/\/bobea.net\/index.php\/2025\/01\/31\/rewilding-urbain-ces-femmes-qui-ramenent-la-nature-en-ville\/#breadcrumb"},"inLanguage":"fr-FR","potentialAction":[{"@type":"ReadAction","target":["https:\/\/bobea.net\/index.php\/2025\/01\/31\/rewilding-urbain-ces-femmes-qui-ramenent-la-nature-en-ville\/"]}]},{"@type":"ImageObject","inLanguage":"fr-FR","@id":"https:\/\/bobea.net\/index.php\/2025\/01\/31\/rewilding-urbain-ces-femmes-qui-ramenent-la-nature-en-ville\/#primaryimage","url":"https:\/\/bobea.net\/wp-content\/uploads\/2025\/01\/Vignette.png","contentUrl":"https:\/\/bobea.net\/wp-content\/uploads\/2025\/01\/Vignette.png","width":1200,"height":800,"caption":"Rewilding urbain : Ces femmes qui ram\u00e8nent la nature en ville"},{"@type":"BreadcrumbList","@id":"https:\/\/bobea.net\/index.php\/2025\/01\/31\/rewilding-urbain-ces-femmes-qui-ramenent-la-nature-en-ville\/#breadcrumb","itemListElement":[{"@type":"ListItem","position":1,"name":"Accueil","item":"https:\/\/bobea.net\/"},{"@type":"ListItem","position":2,"name":"Rewilding urbain : Ces femmes qui ram\u00e8nent la nature en ville"}]},{"@type":"WebSite","@id":"https:\/\/bobea.net\/#website","url":"https:\/\/bobea.net\/","name":"Bobea","description":"Le magazine de la nouvelle \u00c8ve","publisher":{"@id":"https:\/\/bobea.net\/#organization"},"potentialAction":[{"@type":"SearchAction","target":{"@type":"EntryPoint","urlTemplate":"https:\/\/bobea.net\/?s={search_term_string}"},"query-input":{"@type":"PropertyValueSpecification","valueRequired":true,"valueName":"search_term_string"}}],"inLanguage":"fr-FR"},{"@type":"Organization","@id":"https:\/\/bobea.net\/#organization","name":"Bobea","url":"https:\/\/bobea.net\/","logo":{"@type":"ImageObject","inLanguage":"fr-FR","@id":"https:\/\/bobea.net\/#\/schema\/logo\/image\/","url":"https:\/\/bobea.net\/wp-content\/uploads\/2024\/06\/bobea.jpg","contentUrl":"https:\/\/bobea.net\/wp-content\/uploads\/2024\/06\/bobea.jpg","width":1080,"height":1080,"caption":"Bobea"},"image":{"@id":"https:\/\/bobea.net\/#\/schema\/logo\/image\/"},"sameAs":["https:\/\/web.facebook.com\/profile.php?id=61559252188416"]},{"@type":"Person","@id":"https:\/\/bobea.net\/#\/schema\/person\/e7f45ef187918d7c956bf619dce90ccf","name":"bobea.info","image":{"@type":"ImageObject","inLanguage":"fr-FR","@id":"https:\/\/bobea.net\/#\/schema\/person\/image\/","url":"https:\/\/secure.gravatar.com\/avatar\/36147980349df887ae30808df3e29474?s=96&d=mm&r=g","contentUrl":"https:\/\/secure.gravatar.com\/avatar\/36147980349df887ae30808df3e29474?s=96&d=mm&r=g","caption":"bobea.info"},"sameAs":["https:\/\/bobea.net"],"url":"https:\/\/bobea.net\/index.php\/author\/bobea-info\/"}]}},"_links":{"self":[{"href":"https:\/\/bobea.net\/index.php\/wp-json\/wp\/v2\/posts\/8383"}],"collection":[{"href":"https:\/\/bobea.net\/index.php\/wp-json\/wp\/v2\/posts"}],"about":[{"href":"https:\/\/bobea.net\/index.php\/wp-json\/wp\/v2\/types\/post"}],"author":[{"embeddable":true,"href":"https:\/\/bobea.net\/index.php\/wp-json\/wp\/v2\/users\/1"}],"replies":[{"embeddable":true,"href":"https:\/\/bobea.net\/index.php\/wp-json\/wp\/v2\/comments?post=8383"}],"version-history":[{"count":0,"href":"https:\/\/bobea.net\/index.php\/wp-json\/wp\/v2\/posts\/8383\/revisions"}],"wp:featuredmedia":[{"embeddable":true,"href":"https:\/\/bobea.net\/index.php\/wp-json\/wp\/v2\/media\/8384"}],"wp:attachment":[{"href":"https:\/\/bobea.net\/index.php\/wp-json\/wp\/v2\/media?parent=8383"}],"wp:term":[{"taxonomy":"category","embeddable":true,"href":"https:\/\/bobea.net\/index.php\/wp-json\/wp\/v2\/categories?post=8383"},{"taxonomy":"post_tag","embeddable":true,"href":"https:\/\/bobea.net\/index.php\/wp-json\/wp\/v2\/tags?post=8383"}],"curies":[{"name":"wp","href":"https:\/\/api.w.org\/{rel}","templated":true}]}}