{"id":8368,"date":"2025-01-31T14:06:57","date_gmt":"2025-01-31T14:06:57","guid":{"rendered":"https:\/\/bobea.net\/?p=8368"},"modified":"2025-01-31T14:06:59","modified_gmt":"2025-01-31T14:06:59","slug":"conge-menstruel-les-pays-pionniers-et-leurs-resultats","status":"publish","type":"post","link":"https:\/\/bobea.net\/index.php\/2025\/01\/31\/conge-menstruel-les-pays-pionniers-et-leurs-resultats\/","title":{"rendered":"Cong\u00e9 menstruel : Les pays pionniers et leurs r\u00e9sultats"},"content":{"rendered":"\n<p>En 2025, le con\u00adg\u00e9 men\u00adstru\u00adel s\u2019im\u00adpose comme un sujet majeur dans le d\u00e9bat sur l\u2019\u00e9\u00adgal\u00adit\u00e9 pro\u00adfes\u00adsion\u00adnelle et le bien-\u00eatre au tra\u00advail. Plusieurs pays ont franchi le pas en instau\u00adrant des poli\u00adtiques nationales de con\u00adg\u00e9 men\u00adstru\u00adel, avec des r\u00e9sul\u00adtats qui sus\u00adci\u00adtent l\u2019in\u00adt\u00e9r\u00eat et par\u00adfois la con\u00adtro\u00adverse \u00e0 l\u2019\u00e9chelle inter\u00adna\u00adtionale.<\/p>\n\n\n\n<p>Qu\u2019est-ce que le con\u00adg\u00e9 men\u00adstru\u00adel ?<\/p>\n\n\n\n<p>Le con\u00adg\u00e9 men\u00adstru\u00adel est une poli\u00adtique per\u00adme\u00adt\u00adtant aux femmes de pren\u00addre un ou plusieurs jours de con\u00adg\u00e9 par mois pen\u00addant leurs men\u00adstru\u00ada\u00adtions, sans perte de salaire. Cette mesure vise \u00e0 recon\u00adna\u00eetre l\u2019im\u00adpact des r\u00e8gles douloureuses sur la san\u00adt\u00e9 et la pro\u00adduc\u00adtiv\u00adit\u00e9 des femmes.<\/p>\n\n\n\n<p>Les pays pio\u00adnniers<\/p>\n\n\n\n<p>1. Japon<\/p>\n\n\n\n<p>Pre\u00admier pays \u00e0 avoir l\u00e9gif\u00e9r\u00e9 sur le con\u00adg\u00e9 men\u00adstru\u00adel d\u00e8s 1947, le Japon a r\u00e9cem\u00adment ren\u00adfor\u00adc\u00e9 sa poli\u00adtique :<\/p>\n\n\n\n<ul class=\"wp-block-list\">\n<li>Droit \u00e0 3 jours de con\u00adg\u00e9 men\u00adstru\u00adel par mois<\/li>\n\n\n\n<li>Oblig\u00ada\u00adtion pour les entre\u00adpris\u00ades de plus de 300 employ\u00e9s de pro\u00adpos\u00ader des am\u00e9\u00adnage\u00adments de tra\u00advail flex\u00adi\u00adbles<\/li>\n<\/ul>\n\n\n\n<p>R\u00e9sul\u00adtats :<\/p>\n\n\n\n<ul class=\"wp-block-list\">\n<li>68% des femmes utilisent ce droit, con\u00adtre 20% en 2020<\/li>\n\n\n\n<li>R\u00e9duc\u00adtion de 15% de l\u2019ab\u00adsen\u00adt\u00e9isme glob\u00adal chez les femmes<\/li>\n\n\n\n<li>Aug\u00admen\u00adta\u00adtion de 7% de la pro\u00adduc\u00adtiv\u00adit\u00e9 des femmes sur le mois<\/li>\n<\/ul>\n\n\n\n<figure class=\"wp-block-image size-full is-resized\"><img loading=\"lazy\" decoding=\"async\" width=\"432\" height=\"243\" src=\"https:\/\/bobea.net\/wp-content\/uploads\/2025\/01\/643fc0532d60d_irene-montero.jpg\" alt class=\"wp-image-8370\" style=\"width:840px;height:auto\" srcset=\"https:\/\/bobea.net\/wp-content\/uploads\/2025\/01\/643fc0532d60d_irene-montero.jpg 432w, https:\/\/bobea.net\/wp-content\/uploads\/2025\/01\/643fc0532d60d_irene-montero-300x169.jpg 300w\" sizes=\"(max-width: 432px) 100vw, 432px\"><\/figure>\n\n\n\n<p>2. Espagne<\/p>\n\n\n\n<p>En 2024, l\u2019Es\u00adpagne est dev\u00adenue le pre\u00admier pays europ\u00e9en \u00e0 instau\u00adr\u00ader un con\u00adg\u00e9 men\u00adstru\u00adel nation\u00adal :<\/p>\n\n\n\n<ul class=\"wp-block-list\">\n<li>2 jours de con\u00adg\u00e9 par mois pour les femmes souf\u00adfrant de r\u00e8gles douloureuses<\/li>\n\n\n\n<li>N\u00e9ces\u00adsit\u00e9 d\u2019un cer\u00adti\u00adfi\u00adcat m\u00e9di\u00adcal<\/li>\n<\/ul>\n\n\n\n<p>R\u00e9sul\u00adtats apr\u00e8s un an :<\/p>\n\n\n\n<ul class=\"wp-block-list\">\n<li>45% des femmes \u00e9li\u00adgi\u00adbles ont util\u00adis\u00e9 ce droit<\/li>\n\n\n\n<li>R\u00e9duc\u00adtion de 22% des arr\u00eats mal\u00adadie li\u00e9s aux men\u00adstru\u00ada\u00adtions<\/li>\n\n\n\n<li>Am\u00e9lio\u00adra\u00adtion du bien-\u00eatre au tra\u00advail rap\u00adport\u00e9e par 80% des b\u00e9n\u00e9\u00adfi\u00adci\u00adaires<\/li>\n<\/ul>\n\n\n\n<figure class=\"wp-block-image size-large\"><img loading=\"lazy\" decoding=\"async\" width=\"1024\" height=\"652\" src=\"https:\/\/bobea.net\/wp-content\/uploads\/2025\/01\/1444x920_illustration-jeune-fille-souffrant-regles-douloureuses-1024x652.jpg\" alt class=\"wp-image-8371\" srcset=\"https:\/\/bobea.net\/wp-content\/uploads\/2025\/01\/1444x920_illustration-jeune-fille-souffrant-regles-douloureuses-1024x652.jpg 1024w, https:\/\/bobea.net\/wp-content\/uploads\/2025\/01\/1444x920_illustration-jeune-fille-souffrant-regles-douloureuses-300x191.jpg 300w, https:\/\/bobea.net\/wp-content\/uploads\/2025\/01\/1444x920_illustration-jeune-fille-souffrant-regles-douloureuses-768x489.jpg 768w, https:\/\/bobea.net\/wp-content\/uploads\/2025\/01\/1444x920_illustration-jeune-fille-souffrant-regles-douloureuses.jpg 1296w\" sizes=\"(max-width: 1024px) 100vw, 1024px\"><\/figure>\n\n\n\n<p>3. Nou\u00advelle-Z\u00e9lande<\/p>\n\n\n\n<p>La Nou\u00advelle-Z\u00e9lande a adop\u00adt\u00e9 une approche flex\u00adi\u00adble en 2025 :<\/p>\n\n\n\n<ul class=\"wp-block-list\">\n<li>1 \u00e0 3 jours de con\u00adg\u00e9 men\u00adstru\u00adel par mois, \u00e0 la dis\u00adcr\u00e9\u00adtion de l\u2019employ\u00e9e<\/li>\n\n\n\n<li>Pas de jus\u00adti\u00adfi\u00adcatif m\u00e9di\u00adcal req\u00aduis<\/li>\n<\/ul>\n\n\n\n<p>Pre\u00admiers r\u00e9sul\u00adtats :<\/p>\n\n\n\n<ul class=\"wp-block-list\">\n<li>55% des femmes ont util\u00adis\u00e9 au moins un jour de con\u00adg\u00e9 men\u00adstru\u00adel<\/li>\n\n\n\n<li>90% des entre\u00adpris\u00ades rap\u00adpor\u00adtent un impact posi\u00adtif sur le moral des \u00e9quipes<\/li>\n\n\n\n<li>R\u00e9duc\u00adtion de 10% du turnover f\u00e9minin dans les entre\u00adpris\u00ades par\u00adtic\u00adi\u00adpantes<\/li>\n<\/ul>\n\n\n\n<figure class=\"wp-block-image size-full is-resized\"><img loading=\"lazy\" decoding=\"async\" width=\"500\" height=\"350\" src=\"https:\/\/bobea.net\/wp-content\/uploads\/2025\/01\/douleurs.jpg\" alt class=\"wp-image-8372\" style=\"width:840px;height:auto\" srcset=\"https:\/\/bobea.net\/wp-content\/uploads\/2025\/01\/douleurs.jpg 500w, https:\/\/bobea.net\/wp-content\/uploads\/2025\/01\/douleurs-300x210.jpg 300w\" sizes=\"(max-width: 500px) 100vw, 500px\"><\/figure>\n\n\n\n<p>Les effets posi\u00adtifs observ\u00e9s<\/p>\n\n\n\n<ol start=\"1\" class=\"wp-block-list\">\n<li>San\u00adt\u00e9 et bien-\u00eatre<\/li>\n<\/ol>\n\n\n\n<ol start=\"1\" class=\"wp-block-list\">\n<li>R\u00e9duc\u00adtion du stress li\u00e9 \u00e0 la ges\u00adtion des r\u00e8gles douloureuses au tra\u00advail<\/li>\n\n\n\n<li>Meilleure prise en compte des besoins de san\u00adt\u00e9 sp\u00e9\u00adci\u00adfiques des femmes<\/li>\n<\/ol>\n\n\n\n<ol start=\"2\" class=\"wp-block-list\">\n<li>Pro\u00adduc\u00adtiv\u00adit\u00e9<\/li>\n<\/ol>\n\n\n\n<ol start=\"2\" class=\"wp-block-list\">\n<li>Aug\u00admen\u00adta\u00adtion de la con\u00adcen\u00adtra\u00adtion et de l\u2019ef\u00adfi\u00adcac\u00adit\u00e9 les jours de pr\u00e9sence<\/li>\n\n\n\n<li>R\u00e9duc\u00adtion de l\u2019ab\u00adsen\u00adt\u00e9isme non plan\u00adi\u00adfi\u00e9<\/li>\n<\/ol>\n\n\n\n<ol start=\"3\" class=\"wp-block-list\">\n<li>\u00c9gal\u00adit\u00e9 pro\u00adfes\u00adsion\u00adnelle<\/li>\n<\/ol>\n\n\n\n<ol start=\"3\" class=\"wp-block-list\">\n<li>Recon\u00adnais\u00adsance des sp\u00e9\u00adci\u00adficit\u00e9s biologiques f\u00e9minines dans le monde du tra\u00advail<\/li>\n\n\n\n<li>Ouver\u00adture du dia\u00adlogue sur la san\u00adt\u00e9 men\u00adstru\u00adelle<\/li>\n<\/ol>\n\n\n\n<ol start=\"4\" class=\"wp-block-list\">\n<li>Cul\u00adture d\u2019en\u00adtre\u00adprise<\/li>\n<\/ol>\n\n\n\n<ol start=\"4\" class=\"wp-block-list\">\n<li>Am\u00e9lio\u00adra\u00adtion de la com\u00admu\u00adni\u00adca\u00adtion sur les ques\u00adtions de san\u00adt\u00e9<\/li>\n\n\n\n<li>Ren\u00adforce\u00adment de la con\u00adfi\u00adance entre employeurs et employ\u00e9es<\/li>\n<\/ol>\n\n\n\n<p>Les d\u00e9fis et con\u00adtro\u00adver\u00ads\u00ades<\/p>\n\n\n\n<p>Mal\u00adgr\u00e9 les r\u00e9sul\u00adtats posi\u00adtifs, le con\u00adg\u00e9 men\u00adstru\u00adel soul\u00e8ve des d\u00e9bats :<\/p>\n\n\n\n<ol start=\"1\" class=\"wp-block-list\">\n<li>Risque de dis\u00adcrim\u00adi\u00adna\u00adtion \u00e0 l\u2019embauche<\/li>\n<\/ol>\n\n\n\n<ol start=\"1\" class=\"wp-block-list\">\n<li>Cer\u00adtains craig\u00adnent que les employeurs h\u00e9si\u00adtent \u00e0 recruter des femmes en \u00e2ge de pro\u00adcr\u00e9er<\/li>\n<\/ol>\n\n\n\n<ol start=\"2\" class=\"wp-block-list\">\n<li>Stig\u00adma\u00adti\u00adsa\u00adtion<\/li>\n<\/ol>\n\n\n\n<ol start=\"2\" class=\"wp-block-list\">\n<li>Peur que le con\u00adg\u00e9 men\u00adstru\u00adel ren\u00adforce les st\u00e9r\u00e9o\u00adtypes sur la \u201cfragilit\u00e9\u201d f\u00e9mi\u00adnine<\/li>\n<\/ol>\n\n\n\n<ol start=\"3\" class=\"wp-block-list\">\n<li>In\u00e9\u00adgal\u00adit\u00e9s entre femmes<\/li>\n<\/ol>\n\n\n\n<ol start=\"3\" class=\"wp-block-list\">\n<li>Toutes les femmes ne souf\u00adfrent pas de r\u00e8gles douloureuses, cr\u00e9ant poten\u00adtielle\u00adment des ten\u00adsions<\/li>\n<\/ol>\n\n\n\n<ol start=\"4\" class=\"wp-block-list\">\n<li>Co\u00fbt pour les entre\u00adpris\u00ades<\/li>\n<\/ol>\n\n\n\n<ol start=\"4\" class=\"wp-block-list\">\n<li>Inqui\u00e9\u00adtudes sur l\u2019im\u00adpact financier, notam\u00adment pour les petites struc\u00adtures<\/li>\n<\/ol>\n\n\n\n<p>Les adap\u00adta\u00adtions et inno\u00adva\u00adtions<\/p>\n\n\n\n<p>Face \u00e0 ces d\u00e9fis, des solu\u00adtions inno\u00advantes \u00e9mer\u00adgent :<\/p>\n\n\n\n<ol start=\"1\" class=\"wp-block-list\">\n<li>Poli\u00adtiques inclu\u00adsives<\/li>\n<\/ol>\n\n\n\n<ol start=\"1\" class=\"wp-block-list\">\n<li>Cer\u00adtaines entre\u00adpris\u00ades \u00e9ten\u00addent le con\u00adg\u00e9 men\u00adstru\u00adel aux per\u00adson\u00adnes trans\u00adgen\u00adres et non-binaires<\/li>\n<\/ol>\n\n\n\n<ol start=\"2\" class=\"wp-block-list\">\n<li>Flex\u00adi\u00adbil\u00adit\u00e9 du tra\u00advail<\/li>\n<\/ol>\n\n\n\n<ol start=\"2\" class=\"wp-block-list\">\n<li>D\u00e9veloppe\u00adment du t\u00e9l\u00e9\u00adtra\u00advail et des horaires flex\u00adi\u00adbles comme alter\u00adna\u00adtive au con\u00adg\u00e9<\/li>\n<\/ol>\n\n\n\n<ol start=\"3\" class=\"wp-block-list\">\n<li>Edu\u00adca\u00adtion et sen\u00adsi\u00adbil\u00adi\u00adsa\u00adtion<\/li>\n<\/ol>\n\n\n\n<ol start=\"3\" class=\"wp-block-list\">\n<li>Pro\u00adgrammes de for\u00adma\u00adtion sur la san\u00adt\u00e9 men\u00adstru\u00adelle pour tous les employ\u00e9s<\/li>\n<\/ol>\n\n\n\n<ol start=\"4\" class=\"wp-block-list\">\n<li>Tech\u00adnolo\u00adgies de suivi<\/li>\n<\/ol>\n\n\n\n<ol start=\"4\" class=\"wp-block-list\">\n<li>Appli\u00adca\u00adtions per\u00adme\u00adt\u00adtant un suivi per\u00adson\u00adnal\u00adis\u00e9 du cycle men\u00adstru\u00adel et facil\u00adi\u00adtant la plan\u00adi\u00adfi\u00adca\u00adtion du tra\u00advail<\/li>\n<\/ol>\n\n\n\n<p>L\u2019im\u00adpact glob\u00adal sur la soci\u00e9t\u00e9<\/p>\n\n\n\n<p>L\u2019in\u00adstau\u00adra\u00adtion du con\u00adg\u00e9 men\u00adstru\u00adel a des r\u00e9per\u00adcus\u00adsions au-del\u00e0 du monde du tra\u00advail :<\/p>\n\n\n\n<ol start=\"1\" class=\"wp-block-list\">\n<li>San\u00adt\u00e9 publique<\/li>\n<\/ol>\n\n\n\n<ol start=\"1\" class=\"wp-block-list\">\n<li>Meilleure prise en compte de l\u2019en\u00addom\u00e9triose et autres trou\u00adbles men\u00adstru\u00adels<\/li>\n\n\n\n<li>Aug\u00admen\u00adta\u00adtion des con\u00adsul\u00adta\u00adtions gyn\u00e9\u00adcologiques pr\u00e9ven\u00adtives<\/li>\n<\/ol>\n\n\n\n<ol start=\"2\" class=\"wp-block-list\">\n<li>Edu\u00adca\u00adtion<\/li>\n<\/ol>\n\n\n\n<ol start=\"2\" class=\"wp-block-list\">\n<li>Int\u00e9\u00adgra\u00adtion de la san\u00adt\u00e9 men\u00adstru\u00adelle dans les pro\u00adgrammes sco\u00adlaires<\/li>\n\n\n\n<li>R\u00e9duc\u00adtion du tabou autour des r\u00e8gles<\/li>\n<\/ol>\n\n\n\n<ol start=\"3\" class=\"wp-block-list\">\n<li>Indus\u00adtrie<\/li>\n<\/ol>\n\n\n\n<ol start=\"3\" class=\"wp-block-list\">\n<li>D\u00e9veloppe\u00adment de pro\u00adduits d\u2019hy\u00adgi\u00e8ne men\u00adstru\u00adelle plus durables et adap\u00adt\u00e9s<\/li>\n\n\n\n<li>Investisse\u00adments accrus dans la recherche sur la san\u00adt\u00e9 men\u00adstru\u00adelle<\/li>\n<\/ol>\n\n\n\n<ol start=\"4\" class=\"wp-block-list\">\n<li>Poli\u00adtique<\/li>\n<\/ol>\n\n\n\n<figure class=\"wp-block-gallery has-nested-images columns-default is-cropped wp-block-gallery-1 is-layout-flex wp-block-gallery-is-layout-flex\">\n<figure class=\"wp-block-image size-large\"><img loading=\"lazy\" decoding=\"async\" width=\"1024\" height=\"682\" data-id=\"8373\" src=\"https:\/\/bobea.net\/wp-content\/uploads\/2025\/01\/field_media_image-37357-AP107709571-1024x682.jpg\" alt class=\"wp-image-8373\" srcset=\"https:\/\/bobea.net\/wp-content\/uploads\/2025\/01\/field_media_image-37357-AP107709571-1024x682.jpg 1024w, https:\/\/bobea.net\/wp-content\/uploads\/2025\/01\/field_media_image-37357-AP107709571-300x200.jpg 300w, https:\/\/bobea.net\/wp-content\/uploads\/2025\/01\/field_media_image-37357-AP107709571-768x511.jpg 768w, https:\/\/bobea.net\/wp-content\/uploads\/2025\/01\/field_media_image-37357-AP107709571.jpg 1200w\" sizes=\"(max-width: 1024px) 100vw, 1024px\"><\/figure>\n<\/figure>\n\n\n\n<p>Per\u00adspec\u00adtives d\u2019avenir<\/p>\n\n\n\n<p>Alors que de plus en plus de pays envis\u00adagent d\u2019adopter des poli\u00adtiques de con\u00adg\u00e9 men\u00adstru\u00adel, les experts pr\u00e9voient plusieurs \u00e9vo\u00adlu\u00adtions :<\/p>\n\n\n\n<ol start=\"1\" class=\"wp-block-list\">\n<li>Har\u00admon\u00adi\u00adsa\u00adtion inter\u00adna\u00adtionale<\/li>\n<\/ol>\n\n\n\n<ol start=\"1\" class=\"wp-block-list\">\n<li>Dis\u00adcus\u00adsions au niveau de l\u2019ONU et de l\u2019OIT pour \u00e9tablir des normes glob\u00adales<\/li>\n<\/ol>\n\n\n\n<ol start=\"2\" class=\"wp-block-list\">\n<li>Per\u00adson\u00adnal\u00adi\u00adsa\u00adtion des poli\u00adtiques<\/li>\n<\/ol>\n\n\n\n<ol start=\"2\" class=\"wp-block-list\">\n<li>D\u00e9veloppe\u00adment de poli\u00adtiques sur mesure adap\u00adt\u00e9es aux besoins indi\u00advidu\u00adels<\/li>\n<\/ol>\n\n\n\n<ol start=\"3\" class=\"wp-block-list\">\n<li>Int\u00e9\u00adgra\u00adtion dans une approche glob\u00adale de bien-\u00eatre au tra\u00advail<\/li>\n<\/ol>\n\n\n\n<ol start=\"3\" class=\"wp-block-list\">\n<li>Le con\u00adg\u00e9 men\u00adstru\u00adel comme par\u00adtie d\u2019une poli\u00adtique plus large de san\u00adt\u00e9 et de bien-\u00eatre<\/li>\n<\/ol>\n\n\n\n<p>En con\u00adclu\u00adsion, le con\u00adg\u00e9 men\u00adstru\u00adel repr\u00e9sente une avanc\u00e9e sig\u00adni\u00adfica\u00adtive dans la recon\u00adnais\u00adsance des besoins sp\u00e9\u00adci\u00adfiques des femmes dans le monde du tra\u00advail. Bien que des d\u00e9fis per\u00adsis\u00adtent, les r\u00e9sul\u00adtats posi\u00adtifs observ\u00e9s dans les pays pio\u00adnniers sug\u00adg\u00e8rent que cette poli\u00adtique pour\u00adrait devenir une norme mon\u00addi\u00adale dans les ann\u00e9es \u00e0 venir, con\u00adtribuant \u00e0 une soci\u00e9t\u00e9 plus \u00e9gal\u00adi\u00adtaire et atten\u00adtive \u00e0 la san\u00adt\u00e9 de tous.<\/p>\n","protected":false},"excerpt":{"rendered":"<p>En 2025, le con\u00adg\u00e9 men\u00adstru\u00adel s\u2019im\u00adpose comme un sujet majeur dans le d\u00e9bat sur l\u2019\u00e9\u00adgal\u00adit\u00e9 pro\u00adfes\u00adsion\u00adnelle et le bien-\u00eatre au tra\u00advail. Plusieurs pays ont franchi le pas en instau\u00adrant des\u2026 <\/p>\n","protected":false},"author":1,"featured_media":8369,"comment_status":"open","ping_status":"open","sticky":false,"template":"","format":"standard","meta":{"wp_typography_post_enhancements_disabled":false,"footnotes":""},"categories":[70,72],"tags":[],"class_list":["post-8368","post","type-post","status-publish","format-standard","has-post-thumbnail","hentry","category-actu","category-perspectives"],"yoast_head":"<!-- This site is optimized with the Yoast SEO plugin v24.7 - https:\/\/yoast.com\/wordpress\/plugins\/seo\/ -->\n<title>Cong\u00e9 menstruel : Les pays pionniers et leurs r\u00e9sultats - Bobea<\/title>\n<meta name=\"robots\" content=\"index, follow, max-snippet:-1, max-image-preview:large, max-video-preview:-1\" \/>\n<link rel=\"canonical\" href=\"https:\/\/bobea.net\/index.php\/2025\/01\/31\/conge-menstruel-les-pays-pionniers-et-leurs-resultats\/\" \/>\n<meta property=\"og:locale\" content=\"fr_FR\" \/>\n<meta property=\"og:type\" content=\"article\" \/>\n<meta property=\"og:title\" content=\"Cong\u00e9 menstruel : Les pays pionniers et leurs r\u00e9sultats - Bobea\" \/>\n<meta property=\"og:description\" content=\"En 2025, le con\u00adg\u00e9 men\u00adstru\u00adel s\u2019im\u00adpose comme un sujet majeur dans le d\u00e9bat sur l\u2019\u00e9\u00adgal\u00adit\u00e9 pro\u00adfes\u00adsion\u00adnelle et le bien-\u00eatre au tra\u00advail. Plusieurs pays ont franchi le pas en instau\u00adrant des&hellip;\" \/>\n<meta property=\"og:url\" content=\"https:\/\/bobea.net\/index.php\/2025\/01\/31\/conge-menstruel-les-pays-pionniers-et-leurs-resultats\/\" \/>\n<meta property=\"og:site_name\" content=\"Bobea\" \/>\n<meta property=\"article:publisher\" content=\"https:\/\/web.facebook.com\/profile.php?id=61559252188416\" \/>\n<meta property=\"article:published_time\" content=\"2025-01-31T14:06:57+00:00\" \/>\n<meta property=\"article:modified_time\" content=\"2025-01-31T14:06:59+00:00\" \/>\n<meta property=\"og:image\" content=\"https:\/\/bobea.net\/wp-content\/uploads\/2025\/01\/image-9.jpg\" \/>\n\t<meta property=\"og:image:width\" content=\"885\" \/>\n\t<meta property=\"og:image:height\" content=\"500\" \/>\n\t<meta property=\"og:image:type\" content=\"image\/jpeg\" \/>\n<meta name=\"author\" content=\"bobea.info\" \/>\n<meta name=\"twitter:card\" content=\"summary_large_image\" \/>\n<meta name=\"twitter:label1\" content=\"\u00c9crit par\" \/>\n\t<meta name=\"twitter:data1\" content=\"bobea.info\" \/>\n\t<meta name=\"twitter:label2\" content=\"Dur\u00e9e de lecture estim\u00e9e\" \/>\n\t<meta name=\"twitter:data2\" content=\"5 minutes\" \/>\n<script type=\"application\/ld+json\" class=\"yoast-schema-graph\">{\"@context\":\"https:\/\/schema.org\",\"@graph\":[{\"@type\":\"Article\",\"@id\":\"https:\/\/bobea.net\/index.php\/2025\/01\/31\/conge-menstruel-les-pays-pionniers-et-leurs-resultats\/#article\",\"isPartOf\":{\"@id\":\"https:\/\/bobea.net\/index.php\/2025\/01\/31\/conge-menstruel-les-pays-pionniers-et-leurs-resultats\/\"},\"author\":{\"name\":\"bobea.info\",\"@id\":\"https:\/\/bobea.net\/#\/schema\/person\/e7f45ef187918d7c956bf619dce90ccf\"},\"headline\":\"Cong\u00e9 menstruel : Les pays pionniers et leurs r\u00e9sultats\",\"datePublished\":\"2025-01-31T14:06:57+00:00\",\"dateModified\":\"2025-01-31T14:06:59+00:00\",\"mainEntityOfPage\":{\"@id\":\"https:\/\/bobea.net\/index.php\/2025\/01\/31\/conge-menstruel-les-pays-pionniers-et-leurs-resultats\/\"},\"wordCount\":833,\"commentCount\":0,\"publisher\":{\"@id\":\"https:\/\/bobea.net\/#organization\"},\"image\":{\"@id\":\"https:\/\/bobea.net\/index.php\/2025\/01\/31\/conge-menstruel-les-pays-pionniers-et-leurs-resultats\/#primaryimage\"},\"thumbnailUrl\":\"https:\/\/bobea.net\/wp-content\/uploads\/2025\/01\/image-9.jpg\",\"articleSection\":[\"Actu\",\"Perspectives\"],\"inLanguage\":\"fr-FR\",\"potentialAction\":[{\"@type\":\"CommentAction\",\"name\":\"Comment\",\"target\":[\"https:\/\/bobea.net\/index.php\/2025\/01\/31\/conge-menstruel-les-pays-pionniers-et-leurs-resultats\/#respond\"]}]},{\"@type\":\"WebPage\",\"@id\":\"https:\/\/bobea.net\/index.php\/2025\/01\/31\/conge-menstruel-les-pays-pionniers-et-leurs-resultats\/\",\"url\":\"https:\/\/bobea.net\/index.php\/2025\/01\/31\/conge-menstruel-les-pays-pionniers-et-leurs-resultats\/\",\"name\":\"Cong\u00e9 menstruel : Les pays pionniers et leurs r\u00e9sultats - Bobea\",\"isPartOf\":{\"@id\":\"https:\/\/bobea.net\/#website\"},\"primaryImageOfPage\":{\"@id\":\"https:\/\/bobea.net\/index.php\/2025\/01\/31\/conge-menstruel-les-pays-pionniers-et-leurs-resultats\/#primaryimage\"},\"image\":{\"@id\":\"https:\/\/bobea.net\/index.php\/2025\/01\/31\/conge-menstruel-les-pays-pionniers-et-leurs-resultats\/#primaryimage\"},\"thumbnailUrl\":\"https:\/\/bobea.net\/wp-content\/uploads\/2025\/01\/image-9.jpg\",\"datePublished\":\"2025-01-31T14:06:57+00:00\",\"dateModified\":\"2025-01-31T14:06:59+00:00\",\"breadcrumb\":{\"@id\":\"https:\/\/bobea.net\/index.php\/2025\/01\/31\/conge-menstruel-les-pays-pionniers-et-leurs-resultats\/#breadcrumb\"},\"inLanguage\":\"fr-FR\",\"potentialAction\":[{\"@type\":\"ReadAction\",\"target\":[\"https:\/\/bobea.net\/index.php\/2025\/01\/31\/conge-menstruel-les-pays-pionniers-et-leurs-resultats\/\"]}]},{\"@type\":\"ImageObject\",\"inLanguage\":\"fr-FR\",\"@id\":\"https:\/\/bobea.net\/index.php\/2025\/01\/31\/conge-menstruel-les-pays-pionniers-et-leurs-resultats\/#primaryimage\",\"url\":\"https:\/\/bobea.net\/wp-content\/uploads\/2025\/01\/image-9.jpg\",\"contentUrl\":\"https:\/\/bobea.net\/wp-content\/uploads\/2025\/01\/image-9.jpg\",\"width\":885,\"height\":500,\"caption\":\"Cong\u00e9 menstruel : Les pays pionniers et leurs r\u00e9sultats\"},{\"@type\":\"BreadcrumbList\",\"@id\":\"https:\/\/bobea.net\/index.php\/2025\/01\/31\/conge-menstruel-les-pays-pionniers-et-leurs-resultats\/#breadcrumb\",\"itemListElement\":[{\"@type\":\"ListItem\",\"position\":1,\"name\":\"Accueil\",\"item\":\"https:\/\/bobea.net\/\"},{\"@type\":\"ListItem\",\"position\":2,\"name\":\"Cong\u00e9 menstruel : Les pays pionniers et leurs r\u00e9sultats\"}]},{\"@type\":\"WebSite\",\"@id\":\"https:\/\/bobea.net\/#website\",\"url\":\"https:\/\/bobea.net\/\",\"name\":\"Bobea\",\"description\":\"Le magazine de la nouvelle \u00c8ve\",\"publisher\":{\"@id\":\"https:\/\/bobea.net\/#organization\"},\"potentialAction\":[{\"@type\":\"SearchAction\",\"target\":{\"@type\":\"EntryPoint\",\"urlTemplate\":\"https:\/\/bobea.net\/?s={search_term_string}\"},\"query-input\":{\"@type\":\"PropertyValueSpecification\",\"valueRequired\":true,\"valueName\":\"search_term_string\"}}],\"inLanguage\":\"fr-FR\"},{\"@type\":\"Organization\",\"@id\":\"https:\/\/bobea.net\/#organization\",\"name\":\"Bobea\",\"url\":\"https:\/\/bobea.net\/\",\"logo\":{\"@type\":\"ImageObject\",\"inLanguage\":\"fr-FR\",\"@id\":\"https:\/\/bobea.net\/#\/schema\/logo\/image\/\",\"url\":\"https:\/\/bobea.net\/wp-content\/uploads\/2024\/06\/bobea.jpg\",\"contentUrl\":\"https:\/\/bobea.net\/wp-content\/uploads\/2024\/06\/bobea.jpg\",\"width\":1080,\"height\":1080,\"caption\":\"Bobea\"},\"image\":{\"@id\":\"https:\/\/bobea.net\/#\/schema\/logo\/image\/\"},\"sameAs\":[\"https:\/\/web.facebook.com\/profile.php?id=61559252188416\"]},{\"@type\":\"Person\",\"@id\":\"https:\/\/bobea.net\/#\/schema\/person\/e7f45ef187918d7c956bf619dce90ccf\",\"name\":\"bobea.info\",\"image\":{\"@type\":\"ImageObject\",\"inLanguage\":\"fr-FR\",\"@id\":\"https:\/\/bobea.net\/#\/schema\/person\/image\/\",\"url\":\"https:\/\/secure.gravatar.com\/avatar\/36147980349df887ae30808df3e29474?s=96&d=mm&r=g\",\"contentUrl\":\"https:\/\/secure.gravatar.com\/avatar\/36147980349df887ae30808df3e29474?s=96&d=mm&r=g\",\"caption\":\"bobea.info\"},\"sameAs\":[\"https:\/\/bobea.net\"],\"url\":\"https:\/\/bobea.net\/index.php\/author\/bobea-info\/\"}]}<\/script>\n<!-- \/ Yoast SEO plugin. -->","yoast_head_json":{"title":"Cong\u00e9 menstruel : Les pays pionniers et leurs r\u00e9sultats - Bobea","robots":{"index":"index","follow":"follow","max-snippet":"max-snippet:-1","max-image-preview":"max-image-preview:large","max-video-preview":"max-video-preview:-1"},"canonical":"https:\/\/bobea.net\/index.php\/2025\/01\/31\/conge-menstruel-les-pays-pionniers-et-leurs-resultats\/","og_locale":"fr_FR","og_type":"article","og_title":"Cong\u00e9 menstruel : Les pays pionniers et leurs r\u00e9sultats - Bobea","og_description":"En 2025, le con\u00adg\u00e9 men\u00adstru\u00adel s\u2019im\u00adpose comme un sujet majeur dans le d\u00e9bat sur l\u2019\u00e9\u00adgal\u00adit\u00e9 pro\u00adfes\u00adsion\u00adnelle et le bien-\u00eatre au tra\u00advail. Plusieurs pays ont franchi le pas en instau\u00adrant des&hellip;","og_url":"https:\/\/bobea.net\/index.php\/2025\/01\/31\/conge-menstruel-les-pays-pionniers-et-leurs-resultats\/","og_site_name":"Bobea","article_publisher":"https:\/\/web.facebook.com\/profile.php?id=61559252188416","article_published_time":"2025-01-31T14:06:57+00:00","article_modified_time":"2025-01-31T14:06:59+00:00","og_image":[{"width":885,"height":500,"url":"https:\/\/bobea.net\/wp-content\/uploads\/2025\/01\/image-9.jpg","type":"image\/jpeg"}],"author":"bobea.info","twitter_card":"summary_large_image","twitter_misc":{"\u00c9crit par":"bobea.info","Dur\u00e9e de lecture estim\u00e9e":"5 minutes"},"schema":{"@context":"https:\/\/schema.org","@graph":[{"@type":"Article","@id":"https:\/\/bobea.net\/index.php\/2025\/01\/31\/conge-menstruel-les-pays-pionniers-et-leurs-resultats\/#article","isPartOf":{"@id":"https:\/\/bobea.net\/index.php\/2025\/01\/31\/conge-menstruel-les-pays-pionniers-et-leurs-resultats\/"},"author":{"name":"bobea.info","@id":"https:\/\/bobea.net\/#\/schema\/person\/e7f45ef187918d7c956bf619dce90ccf"},"headline":"Cong\u00e9 menstruel : Les pays pionniers et leurs r\u00e9sultats","datePublished":"2025-01-31T14:06:57+00:00","dateModified":"2025-01-31T14:06:59+00:00","mainEntityOfPage":{"@id":"https:\/\/bobea.net\/index.php\/2025\/01\/31\/conge-menstruel-les-pays-pionniers-et-leurs-resultats\/"},"wordCount":833,"commentCount":0,"publisher":{"@id":"https:\/\/bobea.net\/#organization"},"image":{"@id":"https:\/\/bobea.net\/index.php\/2025\/01\/31\/conge-menstruel-les-pays-pionniers-et-leurs-resultats\/#primaryimage"},"thumbnailUrl":"https:\/\/bobea.net\/wp-content\/uploads\/2025\/01\/image-9.jpg","articleSection":["Actu","Perspectives"],"inLanguage":"fr-FR","potentialAction":[{"@type":"CommentAction","name":"Comment","target":["https:\/\/bobea.net\/index.php\/2025\/01\/31\/conge-menstruel-les-pays-pionniers-et-leurs-resultats\/#respond"]}]},{"@type":"WebPage","@id":"https:\/\/bobea.net\/index.php\/2025\/01\/31\/conge-menstruel-les-pays-pionniers-et-leurs-resultats\/","url":"https:\/\/bobea.net\/index.php\/2025\/01\/31\/conge-menstruel-les-pays-pionniers-et-leurs-resultats\/","name":"Cong\u00e9 menstruel : Les pays pionniers et leurs r\u00e9sultats - Bobea","isPartOf":{"@id":"https:\/\/bobea.net\/#website"},"primaryImageOfPage":{"@id":"https:\/\/bobea.net\/index.php\/2025\/01\/31\/conge-menstruel-les-pays-pionniers-et-leurs-resultats\/#primaryimage"},"image":{"@id":"https:\/\/bobea.net\/index.php\/2025\/01\/31\/conge-menstruel-les-pays-pionniers-et-leurs-resultats\/#primaryimage"},"thumbnailUrl":"https:\/\/bobea.net\/wp-content\/uploads\/2025\/01\/image-9.jpg","datePublished":"2025-01-31T14:06:57+00:00","dateModified":"2025-01-31T14:06:59+00:00","breadcrumb":{"@id":"https:\/\/bobea.net\/index.php\/2025\/01\/31\/conge-menstruel-les-pays-pionniers-et-leurs-resultats\/#breadcrumb"},"inLanguage":"fr-FR","potentialAction":[{"@type":"ReadAction","target":["https:\/\/bobea.net\/index.php\/2025\/01\/31\/conge-menstruel-les-pays-pionniers-et-leurs-resultats\/"]}]},{"@type":"ImageObject","inLanguage":"fr-FR","@id":"https:\/\/bobea.net\/index.php\/2025\/01\/31\/conge-menstruel-les-pays-pionniers-et-leurs-resultats\/#primaryimage","url":"https:\/\/bobea.net\/wp-content\/uploads\/2025\/01\/image-9.jpg","contentUrl":"https:\/\/bobea.net\/wp-content\/uploads\/2025\/01\/image-9.jpg","width":885,"height":500,"caption":"Cong\u00e9 menstruel : Les pays pionniers et leurs r\u00e9sultats"},{"@type":"BreadcrumbList","@id":"https:\/\/bobea.net\/index.php\/2025\/01\/31\/conge-menstruel-les-pays-pionniers-et-leurs-resultats\/#breadcrumb","itemListElement":[{"@type":"ListItem","position":1,"name":"Accueil","item":"https:\/\/bobea.net\/"},{"@type":"ListItem","position":2,"name":"Cong\u00e9 menstruel : Les pays pionniers et leurs r\u00e9sultats"}]},{"@type":"WebSite","@id":"https:\/\/bobea.net\/#website","url":"https:\/\/bobea.net\/","name":"Bobea","description":"Le magazine de la nouvelle \u00c8ve","publisher":{"@id":"https:\/\/bobea.net\/#organization"},"potentialAction":[{"@type":"SearchAction","target":{"@type":"EntryPoint","urlTemplate":"https:\/\/bobea.net\/?s={search_term_string}"},"query-input":{"@type":"PropertyValueSpecification","valueRequired":true,"valueName":"search_term_string"}}],"inLanguage":"fr-FR"},{"@type":"Organization","@id":"https:\/\/bobea.net\/#organization","name":"Bobea","url":"https:\/\/bobea.net\/","logo":{"@type":"ImageObject","inLanguage":"fr-FR","@id":"https:\/\/bobea.net\/#\/schema\/logo\/image\/","url":"https:\/\/bobea.net\/wp-content\/uploads\/2024\/06\/bobea.jpg","contentUrl":"https:\/\/bobea.net\/wp-content\/uploads\/2024\/06\/bobea.jpg","width":1080,"height":1080,"caption":"Bobea"},"image":{"@id":"https:\/\/bobea.net\/#\/schema\/logo\/image\/"},"sameAs":["https:\/\/web.facebook.com\/profile.php?id=61559252188416"]},{"@type":"Person","@id":"https:\/\/bobea.net\/#\/schema\/person\/e7f45ef187918d7c956bf619dce90ccf","name":"bobea.info","image":{"@type":"ImageObject","inLanguage":"fr-FR","@id":"https:\/\/bobea.net\/#\/schema\/person\/image\/","url":"https:\/\/secure.gravatar.com\/avatar\/36147980349df887ae30808df3e29474?s=96&d=mm&r=g","contentUrl":"https:\/\/secure.gravatar.com\/avatar\/36147980349df887ae30808df3e29474?s=96&d=mm&r=g","caption":"bobea.info"},"sameAs":["https:\/\/bobea.net"],"url":"https:\/\/bobea.net\/index.php\/author\/bobea-info\/"}]}},"_links":{"self":[{"href":"https:\/\/bobea.net\/index.php\/wp-json\/wp\/v2\/posts\/8368"}],"collection":[{"href":"https:\/\/bobea.net\/index.php\/wp-json\/wp\/v2\/posts"}],"about":[{"href":"https:\/\/bobea.net\/index.php\/wp-json\/wp\/v2\/types\/post"}],"author":[{"embeddable":true,"href":"https:\/\/bobea.net\/index.php\/wp-json\/wp\/v2\/users\/1"}],"replies":[{"embeddable":true,"href":"https:\/\/bobea.net\/index.php\/wp-json\/wp\/v2\/comments?post=8368"}],"version-history":[{"count":0,"href":"https:\/\/bobea.net\/index.php\/wp-json\/wp\/v2\/posts\/8368\/revisions"}],"wp:featuredmedia":[{"embeddable":true,"href":"https:\/\/bobea.net\/index.php\/wp-json\/wp\/v2\/media\/8369"}],"wp:attachment":[{"href":"https:\/\/bobea.net\/index.php\/wp-json\/wp\/v2\/media?parent=8368"}],"wp:term":[{"taxonomy":"category","embeddable":true,"href":"https:\/\/bobea.net\/index.php\/wp-json\/wp\/v2\/categories?post=8368"},{"taxonomy":"post_tag","embeddable":true,"href":"https:\/\/bobea.net\/index.php\/wp-json\/wp\/v2\/tags?post=8368"}],"curies":[{"name":"wp","href":"https:\/\/api.w.org\/{rel}","templated":true}]}}