{"id":8360,"date":"2025-01-31T13:52:48","date_gmt":"2025-01-31T13:52:48","guid":{"rendered":"https:\/\/bobea.net\/?p=8360"},"modified":"2025-01-31T13:52:50","modified_gmt":"2025-01-31T13:52:50","slug":"lia-generative-dans-lart-les-artistes-femmes-a-lavant-garde","status":"publish","type":"post","link":"https:\/\/bobea.net\/index.php\/2025\/01\/31\/lia-generative-dans-lart-les-artistes-femmes-a-lavant-garde\/","title":{"rendered":"L\u2019IA g\u00e9n\u00e9rative dans l\u2019art : Les artistes femmes \u00e0 l\u2019avant-garde"},"content":{"rendered":"\n<p>L\u2019an\u00adn\u00e9e 2025 mar\u00adque un tour\u00adnant dans le monde de l\u2019art avec l\u2019ex\u00adplo\u00adsion de l\u2019u\u00adtil\u00adi\u00adsa\u00adtion de l\u2019in\u00adtel\u00adli\u00adgence arti\u00adfi\u00adcielle (IA) g\u00e9n\u00e9ra\u00adtive. Les artistes femmes se trou\u00advent \u00e0 l\u2019a\u00advant-garde de cette r\u00e9vo\u00adlu\u00adtion cr\u00e9a\u00adtive, repous\u00adsant les lim\u00adites de l\u2019ex\u00adpres\u00adsion artis\u00adtique et remet\u00adtant en ques\u00adtion les notions tra\u00addi\u00adtion\u00adnelles d\u2019au\u00adteur et d\u2019o\u00adrig\u00adi\u00adnal\u00adit\u00e9.<\/p>\n\n\n\n<p>L\u2019\u00e9mer\u00adgence de l\u2019IA g\u00e9n\u00e9ra\u00adtive dans l\u2019art<\/p>\n\n\n\n<p>L\u2019IA g\u00e9n\u00e9ra\u00adtive, capa\u00adble de cr\u00e9er des images, des textes et m\u00eame de la musique \u00e0 par\u00adtir d\u2019in\u00adstruc\u00adtions textuelles, a ouvert un nou\u00adveau champ des pos\u00adsi\u00adbles pour les artistes. Des out\u00adils comme DALL\u2011E 3, Mid\u00adjour\u00adney V6, et GPT\u20115 sont devenus des col\u00adlab\u00ado\u00adra\u00adteurs virtuels incon\u00adtourn\u00adables pour de nom\u00adbreux cr\u00e9a\u00adteurs.<\/p>\n\n\n\n<p>Les pio\u00adnni\u00e8res de l\u2019art IA<\/p>\n\n\n\n<p>Plusieurs artistes femmes se sont dis\u00adtin\u00adgu\u00e9es par leur util\u00adi\u00adsa\u00adtion inno\u00advante de l\u2019IA :<\/p>\n\n\n\n<ol start=\"1\" class=\"wp-block-list\">\n<li>Sofia Cre\u00adspo, artiste argenti\u00adno-alle\u00admande, cr\u00e9e des \u201corgan\u00adismes arti\u00adfi\u00adciels\u201d fasci\u00adnants, fusion\u00adnant biolo\u00adgie et tech\u00adnolo\u00adgie.<\/li>\n\n\n\n<li>Soug\u00adwen Chung, artiste cana\u00addi\u00adenne, col\u00adla\u00adbore avec des robots pour cr\u00e9er des \u0153uvres pic\u00adturales uniques.<\/li>\n\n\n\n<li>Refik Anadol, artiste turque bas\u00e9e \u00e0 Los Ange\u00adles, utilise des don\u00adn\u00e9es mas\u00adsives et l\u2019IA pour cr\u00e9er des instal\u00adla\u00adtions immer\u00adsives \u00e0 grande \u00e9chelle.<\/li>\n<\/ol>\n\n\n\n<p>Les d\u00e9fis \u00e9thiques et cr\u00e9at\u00adifs<\/p>\n\n\n\n<p>L\u2019u\u00adtil\u00adi\u00adsa\u00adtion de l\u2019IA en art soul\u00e8ve de nom\u00adbreuses ques\u00adtions :<\/p>\n\n\n\n<ul class=\"wp-block-list\">\n<li>Pro\u00adpri\u00e9t\u00e9 intel\u00adlectuelle : Qui est le v\u00e9ri\u00adta\u00adble auteur d\u2019une \u0153uvre g\u00e9n\u00e9r\u00e9e par IA ?<\/li>\n\n\n\n<li>Biais algo\u00adrith\u00admiques : Com\u00adment \u00e9viter la per\u00adp\u00e9\u00adtu\u00ada\u00adtion de st\u00e9r\u00e9o\u00adtypes dans l\u2019art IA ?<\/li>\n\n\n\n<li>Authen\u00adtic\u00adit\u00e9 : L\u2019art IA peut-il avoir la m\u00eame valeur \u00e9mo\u00adtion\u00adnelle que l\u2019art tra\u00addi\u00adtion\u00adnel ?<\/li>\n<\/ul>\n\n\n\n<p>Les artistes femmes sont sou\u00advent \u00e0 l\u2019a\u00advant-garde de ces r\u00e9flex\u00adions, int\u00e9\u00adgrant ces ques\u00adtion\u00adnements dans leur pra\u00adtique artis\u00adtique.<\/p>\n\n\n\n<p>L\u2019im\u00adpact sur le march\u00e9 de l\u2019art<\/p>\n\n\n\n<p>Le march\u00e9 de l\u2019art a d\u00fb s\u2019adapter rapi\u00adde\u00adment \u00e0 cette nou\u00advelle forme d\u2019ex\u00adpres\u00adsion :<\/p>\n\n\n\n<ul class=\"wp-block-list\">\n<li>Les ventes d\u2019art num\u00e9rique et d\u2019\u0153u\u00advres g\u00e9n\u00e9r\u00e9es par IA ont aug\u00admen\u00adt\u00e9 de 500% depuis 2023.<\/li>\n\n\n\n<li>De nou\u00advelles galeries sp\u00e9\u00adcial\u00adis\u00e9es dans l\u2019art IA ont ouvert dans les grandes m\u00e9trop\u00ado\u00adles.<\/li>\n\n\n\n<li>Les maisons de ventes aux ench\u00e8res comme Christie\u2019s et Sothe\u00adby\u2019s ont cr\u00e9\u00e9 des d\u00e9parte\u00adments d\u00e9di\u00e9s \u00e0 l\u2019art num\u00e9rique et IA.<\/li>\n<\/ul>\n\n\n\n<figure class=\"wp-block-image size-full\"><img loading=\"lazy\" decoding=\"async\" width=\"1000\" height=\"650\" src=\"https:\/\/bobea.net\/wp-content\/uploads\/2025\/01\/fiche-metier-Chef-de-projet-IA-generative.jpg\" alt class=\"wp-image-8362\" srcset=\"https:\/\/bobea.net\/wp-content\/uploads\/2025\/01\/fiche-metier-Chef-de-projet-IA-generative.jpg 1000w, https:\/\/bobea.net\/wp-content\/uploads\/2025\/01\/fiche-metier-Chef-de-projet-IA-generative-300x195.jpg 300w, https:\/\/bobea.net\/wp-content\/uploads\/2025\/01\/fiche-metier-Chef-de-projet-IA-generative-768x499.jpg 768w\" sizes=\"(max-width: 1000px) 100vw, 1000px\"><\/figure>\n\n\n\n<p>La d\u00e9moc\u00adra\u00adti\u00adsa\u00adtion de la cr\u00e9a\u00adtion artis\u00adtique<\/p>\n\n\n\n<p>L\u2019IA g\u00e9n\u00e9ra\u00adtive a per\u00admis une d\u00e9moc\u00adra\u00adti\u00adsa\u00adtion sans pr\u00e9c\u00e9\u00addent de la cr\u00e9a\u00adtion artis\u00adtique :<\/p>\n\n\n\n<ul class=\"wp-block-list\">\n<li>Des plate\u00adformes comme Arti\u00adfi\u00adcial\u00adMuse per\u00adme\u00adt\u00adtent \u00e0 des ama\u00adteurs de cr\u00e9er des \u0153uvres sophis\u00adtiqu\u00e9es.<\/li>\n\n\n\n<li>Des ate\u00adliers d\u2019art IA se mul\u00adti\u00adplient dans les \u00e9coles et les cen\u00adtres cul\u00adturels.<\/li>\n\n\n\n<li>Les artistes pro\u00adfes\u00adsion\u00adnels utilisent l\u2019IA comme un out\u00adil pour explor\u00ader de nou\u00advelles id\u00e9es et tech\u00adniques.<\/li>\n<\/ul>\n\n\n\n<p>Les cri\u00adtiques et les r\u00e9sis\u00adtances<\/p>\n\n\n\n<p>Mal\u00adgr\u00e9 son suc\u00adc\u00e8s, l\u2019art IA fait face \u00e0 des cri\u00adtiques :<\/p>\n\n\n\n<ul class=\"wp-block-list\">\n<li>Cer\u00adtains artistes tra\u00addi\u00adtion\u00adnels d\u00e9non\u00adcent une \u201cd\u00e9shu\u00adman\u00adi\u00adsa\u00adtion\u201d de l\u2019art.<\/li>\n\n\n\n<li>Des inqui\u00e9\u00adtudes \u00e9mer\u00adgent quant \u00e0 la pos\u00adsi\u00adble dis\u00adpari\u00adtion de cer\u00adtaines com\u00adp\u00e9\u00adtences artis\u00adtiques tra\u00addi\u00adtion\u00adnelles.<\/li>\n\n\n\n<li>Le d\u00e9bat sur la \u201cvraie cr\u00e9a\u00adtiv\u00adit\u00e9\u201d oppose sou\u00advent les d\u00e9fenseurs de l\u2019art IA \u00e0 ses d\u00e9tracteurs.<\/li>\n<\/ul>\n\n\n\n<p>L\u2019avenir de l\u2019art IA<\/p>\n\n\n\n<p>Les per\u00adspec\u00adtives pour l\u2019avenir de l\u2019art IA sont fasci\u00adnantes :<\/p>\n\n\n\n<ul class=\"wp-block-list\">\n<li>D\u00e9veloppe\u00adment d\u2019IA capa\u00adbles de cr\u00e9er des \u0153uvres mul\u00adti\u00adsen\u00adsorielles, int\u00e9\u00adgrant son, touch\u00ader et m\u00eame odeurs.<\/li>\n\n\n\n<li>Col\u00adlab\u00ado\u00adra\u00adtion accrue entre artistes humains et IA, brouil\u00adlant encore davan\u00adtage les fron\u00adti\u00e8res de la cr\u00e9a\u00adtion.<\/li>\n\n\n\n<li>\u00c9mer\u00adgence de nou\u00advelles formes d\u2019art impos\u00adsi\u00adbles \u00e0 r\u00e9alis\u00ader sans IA.<\/li>\n<\/ul>\n\n\n\n<p>En con\u00adclu\u00adsion, l\u2019IA g\u00e9n\u00e9ra\u00adtive dans l\u2019art repr\u00e9sente bien plus qu\u2019une sim\u00adple \u00e9vo\u00adlu\u00adtion tech\u00adnologique. C\u2019est une r\u00e9vo\u00adlu\u00adtion qui red\u00e9finit les con\u00adtours de la cr\u00e9a\u00adtiv\u00adit\u00e9, de l\u2019ex\u00adpres\u00adsion artis\u00adtique et du r\u00f4le de l\u2019artiste. Les femmes artistes, par leur audace et leur vision, sont en train de fa\u00e7on\u00adner cette nou\u00advelle \u00e8re artis\u00adtique, promet\u00adtant un futur o\u00f9 tech\u00adnolo\u00adgie et cr\u00e9a\u00adtiv\u00adit\u00e9 humaine s\u2019en\u00adtrem\u00ea\u00adlent de mani\u00e8re in\u00e9dite.<\/p>\n","protected":false},"excerpt":{"rendered":"<p>L\u2019an\u00adn\u00e9e 2025 mar\u00adque un tour\u00adnant dans le monde de l\u2019art avec l\u2019ex\u00adplo\u00adsion de l\u2019u\u00adtil\u00adi\u00adsa\u00adtion de l\u2019in\u00adtel\u00adli\u00adgence arti\u00adfi\u00adcielle (IA) g\u00e9n\u00e9ra\u00adtive. Les artistes femmes se trou\u00advent \u00e0 l\u2019a\u00advant-garde de cette r\u00e9vo\u00adlu\u00adtion cr\u00e9a\u00adtive,\u2026 <\/p>\n","protected":false},"author":1,"featured_media":8361,"comment_status":"open","ping_status":"open","sticky":false,"template":"","format":"standard","meta":{"wp_typography_post_enhancements_disabled":false,"footnotes":""},"categories":[80,55],"tags":[],"class_list":["post-8360","post","type-post","status-publish","format-standard","has-post-thumbnail","hentry","category-arts","category-culture"],"yoast_head":"<!-- This site is optimized with the Yoast SEO plugin v24.7 - https:\/\/yoast.com\/wordpress\/plugins\/seo\/ -->\n<title>L&#039;IA g\u00e9n\u00e9rative dans l&#039;art : Les artistes femmes \u00e0 l&#039;avant-garde - Bobea<\/title>\n<meta name=\"description\" content=\"L&#039;ann\u00e9e 2025 marque un tournant dans le monde de l&#039;art avec l&#039;explosion de l&#039;utilisation de l&#039;intelligence artificielle (IA) g\u00e9n\u00e9rative.\" \/>\n<meta name=\"robots\" content=\"index, follow, max-snippet:-1, max-image-preview:large, max-video-preview:-1\" \/>\n<link rel=\"canonical\" href=\"https:\/\/bobea.net\/index.php\/2025\/01\/31\/lia-generative-dans-lart-les-artistes-femmes-a-lavant-garde\/\" \/>\n<meta property=\"og:locale\" content=\"fr_FR\" \/>\n<meta property=\"og:type\" content=\"article\" \/>\n<meta property=\"og:title\" content=\"L&#039;IA g\u00e9n\u00e9rative dans l&#039;art : Les artistes femmes \u00e0 l&#039;avant-garde - Bobea\" \/>\n<meta property=\"og:description\" content=\"L&#039;ann\u00e9e 2025 marque un tournant dans le monde de l&#039;art avec l&#039;explosion de l&#039;utilisation de l&#039;intelligence artificielle (IA) g\u00e9n\u00e9rative.\" \/>\n<meta property=\"og:url\" content=\"https:\/\/bobea.net\/index.php\/2025\/01\/31\/lia-generative-dans-lart-les-artistes-femmes-a-lavant-garde\/\" \/>\n<meta property=\"og:site_name\" content=\"Bobea\" \/>\n<meta property=\"article:publisher\" content=\"https:\/\/web.facebook.com\/profile.php?id=61559252188416\" \/>\n<meta property=\"article:published_time\" content=\"2025-01-31T13:52:48+00:00\" \/>\n<meta property=\"article:modified_time\" content=\"2025-01-31T13:52:50+00:00\" \/>\n<meta property=\"og:image\" content=\"https:\/\/bobea.net\/wp-content\/uploads\/2025\/01\/Capture-decran-2022-12-20-a-10.41.20-1024x577.png\" \/>\n\t<meta property=\"og:image:width\" content=\"1024\" \/>\n\t<meta property=\"og:image:height\" content=\"577\" \/>\n\t<meta property=\"og:image:type\" content=\"image\/png\" \/>\n<meta name=\"author\" content=\"bobea.info\" \/>\n<meta name=\"twitter:card\" content=\"summary_large_image\" \/>\n<meta name=\"twitter:label1\" content=\"\u00c9crit par\" \/>\n\t<meta name=\"twitter:data1\" content=\"bobea.info\" \/>\n\t<meta name=\"twitter:label2\" content=\"Dur\u00e9e de lecture estim\u00e9e\" \/>\n\t<meta name=\"twitter:data2\" content=\"4 minutes\" \/>\n<script type=\"application\/ld+json\" class=\"yoast-schema-graph\">{\"@context\":\"https:\/\/schema.org\",\"@graph\":[{\"@type\":\"Article\",\"@id\":\"https:\/\/bobea.net\/index.php\/2025\/01\/31\/lia-generative-dans-lart-les-artistes-femmes-a-lavant-garde\/#article\",\"isPartOf\":{\"@id\":\"https:\/\/bobea.net\/index.php\/2025\/01\/31\/lia-generative-dans-lart-les-artistes-femmes-a-lavant-garde\/\"},\"author\":{\"name\":\"bobea.info\",\"@id\":\"https:\/\/bobea.net\/#\/schema\/person\/e7f45ef187918d7c956bf619dce90ccf\"},\"headline\":\"L\u2019IA g\u00e9n\u00e9rative dans l\u2019art : Les artistes femmes \u00e0 l\u2019avant-garde\",\"datePublished\":\"2025-01-31T13:52:48+00:00\",\"dateModified\":\"2025-01-31T13:52:50+00:00\",\"mainEntityOfPage\":{\"@id\":\"https:\/\/bobea.net\/index.php\/2025\/01\/31\/lia-generative-dans-lart-les-artistes-femmes-a-lavant-garde\/\"},\"wordCount\":658,\"commentCount\":0,\"publisher\":{\"@id\":\"https:\/\/bobea.net\/#organization\"},\"image\":{\"@id\":\"https:\/\/bobea.net\/index.php\/2025\/01\/31\/lia-generative-dans-lart-les-artistes-femmes-a-lavant-garde\/#primaryimage\"},\"thumbnailUrl\":\"https:\/\/bobea.net\/wp-content\/uploads\/2025\/01\/Capture-decran-2022-12-20-a-10.41.20.png\",\"articleSection\":[\"Arts\",\"Culture\"],\"inLanguage\":\"fr-FR\",\"potentialAction\":[{\"@type\":\"CommentAction\",\"name\":\"Comment\",\"target\":[\"https:\/\/bobea.net\/index.php\/2025\/01\/31\/lia-generative-dans-lart-les-artistes-femmes-a-lavant-garde\/#respond\"]}]},{\"@type\":\"WebPage\",\"@id\":\"https:\/\/bobea.net\/index.php\/2025\/01\/31\/lia-generative-dans-lart-les-artistes-femmes-a-lavant-garde\/\",\"url\":\"https:\/\/bobea.net\/index.php\/2025\/01\/31\/lia-generative-dans-lart-les-artistes-femmes-a-lavant-garde\/\",\"name\":\"L'IA g\u00e9n\u00e9rative dans l'art : Les artistes femmes \u00e0 l'avant-garde - Bobea\",\"isPartOf\":{\"@id\":\"https:\/\/bobea.net\/#website\"},\"primaryImageOfPage\":{\"@id\":\"https:\/\/bobea.net\/index.php\/2025\/01\/31\/lia-generative-dans-lart-les-artistes-femmes-a-lavant-garde\/#primaryimage\"},\"image\":{\"@id\":\"https:\/\/bobea.net\/index.php\/2025\/01\/31\/lia-generative-dans-lart-les-artistes-femmes-a-lavant-garde\/#primaryimage\"},\"thumbnailUrl\":\"https:\/\/bobea.net\/wp-content\/uploads\/2025\/01\/Capture-decran-2022-12-20-a-10.41.20.png\",\"datePublished\":\"2025-01-31T13:52:48+00:00\",\"dateModified\":\"2025-01-31T13:52:50+00:00\",\"description\":\"L'ann\u00e9e 2025 marque un tournant dans le monde de l'art avec l'explosion de l'utilisation de l'intelligence artificielle (IA) g\u00e9n\u00e9rative.\",\"breadcrumb\":{\"@id\":\"https:\/\/bobea.net\/index.php\/2025\/01\/31\/lia-generative-dans-lart-les-artistes-femmes-a-lavant-garde\/#breadcrumb\"},\"inLanguage\":\"fr-FR\",\"potentialAction\":[{\"@type\":\"ReadAction\",\"target\":[\"https:\/\/bobea.net\/index.php\/2025\/01\/31\/lia-generative-dans-lart-les-artistes-femmes-a-lavant-garde\/\"]}]},{\"@type\":\"ImageObject\",\"inLanguage\":\"fr-FR\",\"@id\":\"https:\/\/bobea.net\/index.php\/2025\/01\/31\/lia-generative-dans-lart-les-artistes-femmes-a-lavant-garde\/#primaryimage\",\"url\":\"https:\/\/bobea.net\/wp-content\/uploads\/2025\/01\/Capture-decran-2022-12-20-a-10.41.20.png\",\"contentUrl\":\"https:\/\/bobea.net\/wp-content\/uploads\/2025\/01\/Capture-decran-2022-12-20-a-10.41.20.png\",\"width\":2102,\"height\":1184,\"caption\":\"L'IA g\u00e9n\u00e9rative dans l'art : Les artistes femmes \u00e0 l'avant-garde\"},{\"@type\":\"BreadcrumbList\",\"@id\":\"https:\/\/bobea.net\/index.php\/2025\/01\/31\/lia-generative-dans-lart-les-artistes-femmes-a-lavant-garde\/#breadcrumb\",\"itemListElement\":[{\"@type\":\"ListItem\",\"position\":1,\"name\":\"Accueil\",\"item\":\"https:\/\/bobea.net\/\"},{\"@type\":\"ListItem\",\"position\":2,\"name\":\"L&rsquo;IA g\u00e9n\u00e9rative dans l&rsquo;art : Les artistes femmes \u00e0 l&rsquo;avant-garde\"}]},{\"@type\":\"WebSite\",\"@id\":\"https:\/\/bobea.net\/#website\",\"url\":\"https:\/\/bobea.net\/\",\"name\":\"Bobea\",\"description\":\"Le magazine de la nouvelle \u00c8ve\",\"publisher\":{\"@id\":\"https:\/\/bobea.net\/#organization\"},\"potentialAction\":[{\"@type\":\"SearchAction\",\"target\":{\"@type\":\"EntryPoint\",\"urlTemplate\":\"https:\/\/bobea.net\/?s={search_term_string}\"},\"query-input\":{\"@type\":\"PropertyValueSpecification\",\"valueRequired\":true,\"valueName\":\"search_term_string\"}}],\"inLanguage\":\"fr-FR\"},{\"@type\":\"Organization\",\"@id\":\"https:\/\/bobea.net\/#organization\",\"name\":\"Bobea\",\"url\":\"https:\/\/bobea.net\/\",\"logo\":{\"@type\":\"ImageObject\",\"inLanguage\":\"fr-FR\",\"@id\":\"https:\/\/bobea.net\/#\/schema\/logo\/image\/\",\"url\":\"https:\/\/bobea.net\/wp-content\/uploads\/2024\/06\/bobea.jpg\",\"contentUrl\":\"https:\/\/bobea.net\/wp-content\/uploads\/2024\/06\/bobea.jpg\",\"width\":1080,\"height\":1080,\"caption\":\"Bobea\"},\"image\":{\"@id\":\"https:\/\/bobea.net\/#\/schema\/logo\/image\/\"},\"sameAs\":[\"https:\/\/web.facebook.com\/profile.php?id=61559252188416\"]},{\"@type\":\"Person\",\"@id\":\"https:\/\/bobea.net\/#\/schema\/person\/e7f45ef187918d7c956bf619dce90ccf\",\"name\":\"bobea.info\",\"image\":{\"@type\":\"ImageObject\",\"inLanguage\":\"fr-FR\",\"@id\":\"https:\/\/bobea.net\/#\/schema\/person\/image\/\",\"url\":\"https:\/\/secure.gravatar.com\/avatar\/36147980349df887ae30808df3e29474?s=96&d=mm&r=g\",\"contentUrl\":\"https:\/\/secure.gravatar.com\/avatar\/36147980349df887ae30808df3e29474?s=96&d=mm&r=g\",\"caption\":\"bobea.info\"},\"sameAs\":[\"https:\/\/bobea.net\"],\"url\":\"https:\/\/bobea.net\/index.php\/author\/bobea-info\/\"}]}<\/script>\n<!-- \/ Yoast SEO plugin. -->","yoast_head_json":{"title":"L'IA g\u00e9n\u00e9rative dans l'art : Les artistes femmes \u00e0 l'avant-garde - Bobea","description":"L'ann\u00e9e 2025 marque un tournant dans le monde de l'art avec l'explosion de l'utilisation de l'intelligence artificielle (IA) g\u00e9n\u00e9rative.","robots":{"index":"index","follow":"follow","max-snippet":"max-snippet:-1","max-image-preview":"max-image-preview:large","max-video-preview":"max-video-preview:-1"},"canonical":"https:\/\/bobea.net\/index.php\/2025\/01\/31\/lia-generative-dans-lart-les-artistes-femmes-a-lavant-garde\/","og_locale":"fr_FR","og_type":"article","og_title":"L'IA g\u00e9n\u00e9rative dans l'art : Les artistes femmes \u00e0 l'avant-garde - Bobea","og_description":"L'ann\u00e9e 2025 marque un tournant dans le monde de l'art avec l'explosion de l'utilisation de l'intelligence artificielle (IA) g\u00e9n\u00e9rative.","og_url":"https:\/\/bobea.net\/index.php\/2025\/01\/31\/lia-generative-dans-lart-les-artistes-femmes-a-lavant-garde\/","og_site_name":"Bobea","article_publisher":"https:\/\/web.facebook.com\/profile.php?id=61559252188416","article_published_time":"2025-01-31T13:52:48+00:00","article_modified_time":"2025-01-31T13:52:50+00:00","og_image":[{"width":1024,"height":577,"url":"https:\/\/bobea.net\/wp-content\/uploads\/2025\/01\/Capture-decran-2022-12-20-a-10.41.20-1024x577.png","type":"image\/png"}],"author":"bobea.info","twitter_card":"summary_large_image","twitter_misc":{"\u00c9crit par":"bobea.info","Dur\u00e9e de lecture estim\u00e9e":"4 minutes"},"schema":{"@context":"https:\/\/schema.org","@graph":[{"@type":"Article","@id":"https:\/\/bobea.net\/index.php\/2025\/01\/31\/lia-generative-dans-lart-les-artistes-femmes-a-lavant-garde\/#article","isPartOf":{"@id":"https:\/\/bobea.net\/index.php\/2025\/01\/31\/lia-generative-dans-lart-les-artistes-femmes-a-lavant-garde\/"},"author":{"name":"bobea.info","@id":"https:\/\/bobea.net\/#\/schema\/person\/e7f45ef187918d7c956bf619dce90ccf"},"headline":"L\u2019IA g\u00e9n\u00e9rative dans l\u2019art : Les artistes femmes \u00e0 l\u2019avant-garde","datePublished":"2025-01-31T13:52:48+00:00","dateModified":"2025-01-31T13:52:50+00:00","mainEntityOfPage":{"@id":"https:\/\/bobea.net\/index.php\/2025\/01\/31\/lia-generative-dans-lart-les-artistes-femmes-a-lavant-garde\/"},"wordCount":658,"commentCount":0,"publisher":{"@id":"https:\/\/bobea.net\/#organization"},"image":{"@id":"https:\/\/bobea.net\/index.php\/2025\/01\/31\/lia-generative-dans-lart-les-artistes-femmes-a-lavant-garde\/#primaryimage"},"thumbnailUrl":"https:\/\/bobea.net\/wp-content\/uploads\/2025\/01\/Capture-decran-2022-12-20-a-10.41.20.png","articleSection":["Arts","Culture"],"inLanguage":"fr-FR","potentialAction":[{"@type":"CommentAction","name":"Comment","target":["https:\/\/bobea.net\/index.php\/2025\/01\/31\/lia-generative-dans-lart-les-artistes-femmes-a-lavant-garde\/#respond"]}]},{"@type":"WebPage","@id":"https:\/\/bobea.net\/index.php\/2025\/01\/31\/lia-generative-dans-lart-les-artistes-femmes-a-lavant-garde\/","url":"https:\/\/bobea.net\/index.php\/2025\/01\/31\/lia-generative-dans-lart-les-artistes-femmes-a-lavant-garde\/","name":"L'IA g\u00e9n\u00e9rative dans l'art : Les artistes femmes \u00e0 l'avant-garde - Bobea","isPartOf":{"@id":"https:\/\/bobea.net\/#website"},"primaryImageOfPage":{"@id":"https:\/\/bobea.net\/index.php\/2025\/01\/31\/lia-generative-dans-lart-les-artistes-femmes-a-lavant-garde\/#primaryimage"},"image":{"@id":"https:\/\/bobea.net\/index.php\/2025\/01\/31\/lia-generative-dans-lart-les-artistes-femmes-a-lavant-garde\/#primaryimage"},"thumbnailUrl":"https:\/\/bobea.net\/wp-content\/uploads\/2025\/01\/Capture-decran-2022-12-20-a-10.41.20.png","datePublished":"2025-01-31T13:52:48+00:00","dateModified":"2025-01-31T13:52:50+00:00","description":"L'ann\u00e9e 2025 marque un tournant dans le monde de l'art avec l'explosion de l'utilisation de l'intelligence artificielle (IA) g\u00e9n\u00e9rative.","breadcrumb":{"@id":"https:\/\/bobea.net\/index.php\/2025\/01\/31\/lia-generative-dans-lart-les-artistes-femmes-a-lavant-garde\/#breadcrumb"},"inLanguage":"fr-FR","potentialAction":[{"@type":"ReadAction","target":["https:\/\/bobea.net\/index.php\/2025\/01\/31\/lia-generative-dans-lart-les-artistes-femmes-a-lavant-garde\/"]}]},{"@type":"ImageObject","inLanguage":"fr-FR","@id":"https:\/\/bobea.net\/index.php\/2025\/01\/31\/lia-generative-dans-lart-les-artistes-femmes-a-lavant-garde\/#primaryimage","url":"https:\/\/bobea.net\/wp-content\/uploads\/2025\/01\/Capture-decran-2022-12-20-a-10.41.20.png","contentUrl":"https:\/\/bobea.net\/wp-content\/uploads\/2025\/01\/Capture-decran-2022-12-20-a-10.41.20.png","width":2102,"height":1184,"caption":"L'IA g\u00e9n\u00e9rative dans l'art : Les artistes femmes \u00e0 l'avant-garde"},{"@type":"BreadcrumbList","@id":"https:\/\/bobea.net\/index.php\/2025\/01\/31\/lia-generative-dans-lart-les-artistes-femmes-a-lavant-garde\/#breadcrumb","itemListElement":[{"@type":"ListItem","position":1,"name":"Accueil","item":"https:\/\/bobea.net\/"},{"@type":"ListItem","position":2,"name":"L&rsquo;IA g\u00e9n\u00e9rative dans l&rsquo;art : Les artistes femmes \u00e0 l&rsquo;avant-garde"}]},{"@type":"WebSite","@id":"https:\/\/bobea.net\/#website","url":"https:\/\/bobea.net\/","name":"Bobea","description":"Le magazine de la nouvelle \u00c8ve","publisher":{"@id":"https:\/\/bobea.net\/#organization"},"potentialAction":[{"@type":"SearchAction","target":{"@type":"EntryPoint","urlTemplate":"https:\/\/bobea.net\/?s={search_term_string}"},"query-input":{"@type":"PropertyValueSpecification","valueRequired":true,"valueName":"search_term_string"}}],"inLanguage":"fr-FR"},{"@type":"Organization","@id":"https:\/\/bobea.net\/#organization","name":"Bobea","url":"https:\/\/bobea.net\/","logo":{"@type":"ImageObject","inLanguage":"fr-FR","@id":"https:\/\/bobea.net\/#\/schema\/logo\/image\/","url":"https:\/\/bobea.net\/wp-content\/uploads\/2024\/06\/bobea.jpg","contentUrl":"https:\/\/bobea.net\/wp-content\/uploads\/2024\/06\/bobea.jpg","width":1080,"height":1080,"caption":"Bobea"},"image":{"@id":"https:\/\/bobea.net\/#\/schema\/logo\/image\/"},"sameAs":["https:\/\/web.facebook.com\/profile.php?id=61559252188416"]},{"@type":"Person","@id":"https:\/\/bobea.net\/#\/schema\/person\/e7f45ef187918d7c956bf619dce90ccf","name":"bobea.info","image":{"@type":"ImageObject","inLanguage":"fr-FR","@id":"https:\/\/bobea.net\/#\/schema\/person\/image\/","url":"https:\/\/secure.gravatar.com\/avatar\/36147980349df887ae30808df3e29474?s=96&d=mm&r=g","contentUrl":"https:\/\/secure.gravatar.com\/avatar\/36147980349df887ae30808df3e29474?s=96&d=mm&r=g","caption":"bobea.info"},"sameAs":["https:\/\/bobea.net"],"url":"https:\/\/bobea.net\/index.php\/author\/bobea-info\/"}]}},"_links":{"self":[{"href":"https:\/\/bobea.net\/index.php\/wp-json\/wp\/v2\/posts\/8360"}],"collection":[{"href":"https:\/\/bobea.net\/index.php\/wp-json\/wp\/v2\/posts"}],"about":[{"href":"https:\/\/bobea.net\/index.php\/wp-json\/wp\/v2\/types\/post"}],"author":[{"embeddable":true,"href":"https:\/\/bobea.net\/index.php\/wp-json\/wp\/v2\/users\/1"}],"replies":[{"embeddable":true,"href":"https:\/\/bobea.net\/index.php\/wp-json\/wp\/v2\/comments?post=8360"}],"version-history":[{"count":0,"href":"https:\/\/bobea.net\/index.php\/wp-json\/wp\/v2\/posts\/8360\/revisions"}],"wp:featuredmedia":[{"embeddable":true,"href":"https:\/\/bobea.net\/index.php\/wp-json\/wp\/v2\/media\/8361"}],"wp:attachment":[{"href":"https:\/\/bobea.net\/index.php\/wp-json\/wp\/v2\/media?parent=8360"}],"wp:term":[{"taxonomy":"category","embeddable":true,"href":"https:\/\/bobea.net\/index.php\/wp-json\/wp\/v2\/categories?post=8360"},{"taxonomy":"post_tag","embeddable":true,"href":"https:\/\/bobea.net\/index.php\/wp-json\/wp\/v2\/tags?post=8360"}],"curies":[{"name":"wp","href":"https:\/\/api.w.org\/{rel}","templated":true}]}}