{"id":8331,"date":"2025-01-31T13:21:19","date_gmt":"2025-01-31T13:21:19","guid":{"rendered":"https:\/\/bobea.net\/?p=8331"},"modified":"2025-01-31T13:21:20","modified_gmt":"2025-01-31T13:21:20","slug":"manifestations-mondiales-contre-les-violences-faites-aux-femmes-un-mouvement-sans-precedent","status":"publish","type":"post","link":"https:\/\/bobea.net\/index.php\/2025\/01\/31\/manifestations-mondiales-contre-les-violences-faites-aux-femmes-un-mouvement-sans-precedent\/","title":{"rendered":"Manifestations mondiales contre les violences faites aux femmes : Un mouvement sans pr\u00e9c\u00e9dent"},"content":{"rendered":"\n<p>Une mobil\u00adi\u00adsa\u00adtion glob\u00adale d\u2019une ampleur his\u00adtorique<\/p>\n\n\n\n<p>Le 31 jan\u00advi\u00ader 2025 restera grav\u00e9 dans l\u2019his\u00adtoire comme le jour o\u00f9 des mil\u00adlions de femmes et d\u2019hommes sont descen\u00addus dans les rues \u00e0 tra\u00advers le monde pour dire \u201cstop\u201d aux vio\u00adlences faites aux femmes. De New York \u00e0 Tokyo, en pas\u00adsant par Paris, Le Caire et Buenos Aires, cette mobil\u00adi\u00adsa\u00adtion sans pr\u00e9c\u00e9\u00addent mar\u00adque un tour\u00adnant dans la lutte pour les droits des femmes.<\/p>\n\n\n\n<p>Les raisons de la col\u00e8re<\/p>\n\n\n\n<p>Des chiffres alar\u00admants<\/p>\n\n\n\n<p>L\u2019ONU Femmes rap\u00adporte des sta\u00adtis\u00adtiques inqui\u00e9\u00adtantes :<\/p>\n\n\n\n<ul class=\"wp-block-list\">\n<li>1 femme sur 3 dans le monde a subi des vio\u00adlences physiques ou sex\u00aduelles<\/li>\n\n\n\n<li>Les f\u00e9mini\u00adcides ont aug\u00admen\u00adt\u00e9 de 20% depuis 2020 dans cer\u00adtains pays<\/li>\n\n\n\n<li>La pand\u00e9mie de COVID-19 a exac\u00ader\u00adb\u00e9 les vio\u00adlences domes\u00adtiques<\/li>\n<\/ul>\n\n\n\n<p>Des cas embl\u00e9\u00adma\u00adtiques qui ont choqu\u00e9 l\u2019opin\u00adion publique<\/p>\n\n\n\n<p>Plusieurs affaires r\u00e9centes ont catalys\u00e9 la mobil\u00adi\u00adsa\u00adtion :<\/p>\n\n\n\n<ul class=\"wp-block-list\">\n<li>L\u2019as\u00adsas\u00adsi\u00adnat de la mil\u00adi\u00adtante \u00e9col\u00ado\u00adgiste br\u00e9sili\u00adenne Maria Sil\u00adva<\/li>\n\n\n\n<li>Le viol col\u00adlec\u00adtif d\u2019une \u00e9tu\u00addi\u00adante en Inde, large\u00adment m\u00e9di\u00adatis\u00e9<\/li>\n\n\n\n<li>La con\u00addamna\u00adtion con\u00adtro\u00adver\u00ads\u00e9e d\u2019une vic\u00adtime de viol en Ara\u00adbie Saou\u00addite<\/li>\n<\/ul>\n\n\n\n<p>Les reven\u00addi\u00adca\u00adtions du mou\u00adve\u00adment<\/p>\n\n\n\n<p>Les man\u00adi\u00adfes\u00adtants por\u00adtent des reven\u00addi\u00adca\u00adtions claires et ambitieuses :<\/p>\n\n\n\n<ol start=\"1\" class=\"wp-block-list\">\n<li>Ren\u00adforce\u00adment des lois con\u00adtre les vio\u00adlences faites aux femmes<\/li>\n\n\n\n<li>Aug\u00admen\u00adta\u00adtion des bud\u00adgets pour la pr\u00e9ven\u00adtion et la prise en charge des vic\u00adtimes<\/li>\n\n\n\n<li>\u00c9du\u00adca\u00adtion oblig\u00ada\u00adtoire sur le con\u00adsen\u00adte\u00adment et l\u2019\u00e9\u00adgal\u00adit\u00e9 des gen\u00adres dans les \u00e9coles<\/li>\n\n\n\n<li>Meilleure repr\u00e9sen\u00adta\u00adtion des femmes dans les instances de d\u00e9ci\u00adsion<\/li>\n\n\n\n<li>Lutte con\u00adtre l\u2019im\u00adpunit\u00e9 des agresseurs<\/li>\n<\/ol>\n\n\n\n<p>Le r\u00f4le des r\u00e9seaux soci\u00adaux dans la mobil\u00adi\u00adsa\u00adtion<\/p>\n\n\n\n<p>Le hash\u00adtag #StopVi\u00ado\u00adlenceA\u00adgainst\u00adWomen a \u00e9t\u00e9 partag\u00e9 plus de 50 mil\u00adlions de fois en 24 heures, d\u00e9mon\u00adtrant la puis\u00adsance des r\u00e9seaux soci\u00adaux dans la mobil\u00adi\u00adsa\u00adtion glob\u00adale.<\/p>\n\n\n\n<p>Les r\u00e9ac\u00adtions poli\u00adtiques face \u00e0 ce mou\u00adve\u00adment his\u00adtorique<\/p>\n\n\n\n<p>Des engage\u00adments con\u00adcrets de cer\u00adtains gou\u00adverne\u00adments<\/p>\n\n\n\n<ul class=\"wp-block-list\">\n<li>La France annonce un plan d\u2019ur\u00adgence de 1 mil\u00adliard d\u2019eu\u00adros pour lut\u00adter con\u00adtre les vio\u00adlences con\u00adju\u00adgales<\/li>\n\n\n\n<li>Le Cana\u00adda promet de dou\u00adbler le nom\u00adbre de refuges pour femmes vic\u00adtimes de vio\u00adlence<\/li>\n\n\n\n<li>L\u2019Es\u00adpagne s\u2019en\u00adgage \u00e0 r\u00e9former son sys\u00adt\u00e8me judi\u00adci\u00adaire pour mieux pro\u00adt\u00e9ger les vic\u00adtimes<\/li>\n<\/ul>\n\n\n\n<p>Des r\u00e9sis\u00adtances per\u00adsis\u00adtantes<\/p>\n\n\n\n<p>Cer\u00adtains pays, notam\u00adment au Moyen-Ori\u00adent et en Afrique, restent r\u00e9ti\u00adcents \u00e0 mod\u00adi\u00adfi\u00ader leurs l\u00e9g\u00adis\u00adla\u00adtions, invo\u00adquant des tra\u00addi\u00adtions cul\u00adturelles<\/p>\n\n\n\n<figure class=\"wp-block-image size-full\"><img loading=\"lazy\" decoding=\"async\" width=\"960\" height=\"640\" src=\"https:\/\/bobea.net\/wp-content\/uploads\/2025\/01\/midia-ninja-nous-toutes-manifestation-feministe.jpg\" alt class=\"wp-image-8333\" srcset=\"https:\/\/bobea.net\/wp-content\/uploads\/2025\/01\/midia-ninja-nous-toutes-manifestation-feministe.jpg 960w, https:\/\/bobea.net\/wp-content\/uploads\/2025\/01\/midia-ninja-nous-toutes-manifestation-feministe-300x200.jpg 300w, https:\/\/bobea.net\/wp-content\/uploads\/2025\/01\/midia-ninja-nous-toutes-manifestation-feministe-768x512.jpg 768w\" sizes=\"(max-width: 960px) 100vw, 960px\"><\/figure>\n\n\n\n<p>L\u2019im\u00adpact \u00e9conomique des vio\u00adlences faites aux femmes<\/p>\n\n\n\n<p>Les man\u00adi\u00adfes\u00adtants met\u00adtent \u00e9gale\u00adment en lumi\u00e8re le co\u00fbt \u00e9conomique con\u00adsid\u00ad\u00e9rable des vio\u00adlences faites aux femmes :<\/p>\n\n\n\n<ul class=\"wp-block-list\">\n<li>Selon une \u00e9tude de la Banque Mon\u00addi\u00adale, les vio\u00adlences con\u00adju\u00adgales co\u00fb\u00adtent jusqu\u2019\u00e0 3,7% du PIB de cer\u00adtains pays<\/li>\n\n\n\n<li>L\u2019ab\u00adsen\u00adt\u00e9isme et la baisse de pro\u00adduc\u00adtiv\u00adit\u00e9 li\u00e9s aux vio\u00adlences repr\u00e9sen\u00adtent des mil\u00adliards de dol\u00adlars de pertes pour les entre\u00adpris\u00ades chaque ann\u00e9e<\/li>\n<\/ul>\n\n\n\n<p>Les hommes s\u2019en\u00adga\u00adgent dans le mou\u00adve\u00adment<\/p>\n\n\n\n<p>Une par\u00adtic\u00adu\u00adlar\u00adit\u00e9 de ces man\u00adi\u00adfes\u00adta\u00adtions est la forte pr\u00e9sence d\u2019hommes par\u00admi les man\u00adi\u00adfes\u00adtants :<\/p>\n\n\n\n<ul class=\"wp-block-list\">\n<li>Le mou\u00adve\u00adment #HeFor\u00adShe, lanc\u00e9 par l\u2019ONU, a mobil\u00adis\u00e9 des mil\u00adlions d\u2019hommes \u00e0 tra\u00advers le monde<\/li>\n\n\n\n<li>Des fig\u00adures mas\u00adcu\u00adlines influ\u00adentes, comme l\u2019ac\u00adteur Bene\u00addict Cum\u00adber\u00adbatch et le foot\u00adballeur Mar\u00adcus Rash\u00adford, ont pris publique\u00adment posi\u00adtion<\/li>\n<\/ul>\n\n\n\n<p>L\u2019im\u00adpact du mou\u00adve\u00adment sur la cul\u00adture pop\u00adu\u00adlaire<\/p>\n\n\n\n<p>Le mou\u00adve\u00adment a \u00e9gale\u00adment un impact sig\u00adni\u00adfi\u00adcatif sur la cul\u00adture pop\u00adu\u00adlaire :<\/p>\n\n\n\n<ul class=\"wp-block-list\">\n<li>De nom\u00adbreux artistes ont cr\u00e9\u00e9 des \u0153uvres d\u00e9non\u00e7ant les vio\u00adlences faites aux femmes<\/li>\n\n\n\n<li>L\u2019in\u00addus\u00adtrie du cin\u00e9\u00adma et de la t\u00e9l\u00e9vi\u00adsion s\u2019en\u00adgage \u00e0 une repr\u00e9sen\u00adta\u00adtion plus \u00e9quili\u00adbr\u00e9e et respectueuse des femmes<\/li>\n<\/ul>\n\n\n\n<p>Les d\u00e9fis \u00e0 venir<\/p>\n\n\n\n<p>Mal\u00adgr\u00e9 l\u2019am\u00adpleur du mou\u00adve\u00adment, des d\u00e9fis impor\u00adtants demeurent :<\/p>\n\n\n\n<ul class=\"wp-block-list\">\n<li>La mise en \u0153uvre effec\u00adtive des lois dans de nom\u00adbreux pays<\/li>\n\n\n\n<li>La lutte con\u00adtre les st\u00e9r\u00e9o\u00adtypes de genre pro\u00adfond\u00e9\u00adment ancr\u00e9s<\/li>\n\n\n\n<li>L\u2019ac\u00adc\u00e8s \u00e0 la jus\u00adtice pour toutes les vic\u00adtimes, ind\u00e9pen\u00addam\u00adment de leur statut social ou \u00e9conomique<\/li>\n<\/ul>\n\n\n\n<p>En con\u00adclu\u00adsion, ces man\u00adi\u00adfes\u00adta\u00adtions mon\u00addi\u00adales mar\u00adquent un tour\u00adnant dans la lutte con\u00adtre les vio\u00adlences faites aux femmes. Elles t\u00e9moignent d\u2019une prise de con\u00adscience col\u00adlec\u00adtive et d\u2019une volon\u00adt\u00e9 de change\u00adment sans pr\u00e9c\u00e9\u00addent. Le d\u00e9fi est main\u00adtenant de trans\u00adformer cette mobil\u00adi\u00adsa\u00adtion en actions con\u00adcr\u00e8tes et durables pour met\u00adtre fin \u00e0 ces vio\u00adlences.<\/p>\n","protected":false},"excerpt":{"rendered":"<p>Une mobil\u00adi\u00adsa\u00adtion glob\u00adale d\u2019une ampleur his\u00adtorique Le 31 jan\u00advi\u00ader 2025 restera grav\u00e9 dans l\u2019his\u00adtoire comme le jour o\u00f9 des mil\u00adlions de femmes et d\u2019hommes sont descen\u00addus dans les rues \u00e0\u2026 <\/p>\n","protected":false},"author":1,"featured_media":8332,"comment_status":"open","ping_status":"open","sticky":false,"template":"","format":"standard","meta":{"wp_typography_post_enhancements_disabled":false,"footnotes":""},"categories":[73],"tags":[],"class_list":["post-8331","post","type-post","status-publish","format-standard","has-post-thumbnail","hentry","category-on-en-parle"],"yoast_head":"<!-- This site is optimized with the Yoast SEO plugin v24.7 - https:\/\/yoast.com\/wordpress\/plugins\/seo\/ -->\n<title>Manifestations mondiales contre les violences faites aux femmes : Un mouvement sans pr\u00e9c\u00e9dent - Bobea<\/title>\n<meta name=\"robots\" content=\"index, follow, max-snippet:-1, max-image-preview:large, max-video-preview:-1\" \/>\n<link rel=\"canonical\" href=\"https:\/\/bobea.net\/index.php\/2025\/01\/31\/manifestations-mondiales-contre-les-violences-faites-aux-femmes-un-mouvement-sans-precedent\/\" \/>\n<meta property=\"og:locale\" content=\"fr_FR\" \/>\n<meta property=\"og:type\" content=\"article\" \/>\n<meta property=\"og:title\" content=\"Manifestations mondiales contre les violences faites aux femmes : Un mouvement sans pr\u00e9c\u00e9dent - Bobea\" \/>\n<meta property=\"og:description\" content=\"Une mobil\u00adi\u00adsa\u00adtion glob\u00adale d\u2019une ampleur his\u00adtorique Le 31 jan\u00advi\u00ader 2025 restera grav\u00e9 dans l\u2019his\u00adtoire comme le jour o\u00f9 des mil\u00adlions de femmes et d\u2019hommes sont descen\u00addus dans les rues \u00e0&hellip;\" \/>\n<meta property=\"og:url\" content=\"https:\/\/bobea.net\/index.php\/2025\/01\/31\/manifestations-mondiales-contre-les-violences-faites-aux-femmes-un-mouvement-sans-precedent\/\" \/>\n<meta property=\"og:site_name\" content=\"Bobea\" \/>\n<meta property=\"article:publisher\" content=\"https:\/\/web.facebook.com\/profile.php?id=61559252188416\" \/>\n<meta property=\"article:published_time\" content=\"2025-01-31T13:21:19+00:00\" \/>\n<meta property=\"article:modified_time\" content=\"2025-01-31T13:21:20+00:00\" \/>\n<meta property=\"og:image\" content=\"https:\/\/bobea.net\/wp-content\/uploads\/2025\/01\/fem900-820x547-1.png\" \/>\n\t<meta property=\"og:image:width\" content=\"820\" \/>\n\t<meta property=\"og:image:height\" content=\"547\" \/>\n\t<meta property=\"og:image:type\" content=\"image\/png\" \/>\n<meta name=\"author\" content=\"bobea.info\" \/>\n<meta name=\"twitter:card\" content=\"summary_large_image\" \/>\n<meta name=\"twitter:label1\" content=\"\u00c9crit par\" \/>\n\t<meta name=\"twitter:data1\" content=\"bobea.info\" \/>\n\t<meta name=\"twitter:label2\" content=\"Dur\u00e9e de lecture estim\u00e9e\" \/>\n\t<meta name=\"twitter:data2\" content=\"4 minutes\" \/>\n<script type=\"application\/ld+json\" class=\"yoast-schema-graph\">{\"@context\":\"https:\/\/schema.org\",\"@graph\":[{\"@type\":\"Article\",\"@id\":\"https:\/\/bobea.net\/index.php\/2025\/01\/31\/manifestations-mondiales-contre-les-violences-faites-aux-femmes-un-mouvement-sans-precedent\/#article\",\"isPartOf\":{\"@id\":\"https:\/\/bobea.net\/index.php\/2025\/01\/31\/manifestations-mondiales-contre-les-violences-faites-aux-femmes-un-mouvement-sans-precedent\/\"},\"author\":{\"name\":\"bobea.info\",\"@id\":\"https:\/\/bobea.net\/#\/schema\/person\/e7f45ef187918d7c956bf619dce90ccf\"},\"headline\":\"Manifestations mondiales contre les violences faites aux femmes : Un mouvement sans pr\u00e9c\u00e9dent\",\"datePublished\":\"2025-01-31T13:21:19+00:00\",\"dateModified\":\"2025-01-31T13:21:20+00:00\",\"mainEntityOfPage\":{\"@id\":\"https:\/\/bobea.net\/index.php\/2025\/01\/31\/manifestations-mondiales-contre-les-violences-faites-aux-femmes-un-mouvement-sans-precedent\/\"},\"wordCount\":663,\"commentCount\":0,\"publisher\":{\"@id\":\"https:\/\/bobea.net\/#organization\"},\"image\":{\"@id\":\"https:\/\/bobea.net\/index.php\/2025\/01\/31\/manifestations-mondiales-contre-les-violences-faites-aux-femmes-un-mouvement-sans-precedent\/#primaryimage\"},\"thumbnailUrl\":\"https:\/\/bobea.net\/wp-content\/uploads\/2025\/01\/fem900-820x547-1.png\",\"articleSection\":[\"On en Parle\"],\"inLanguage\":\"fr-FR\",\"potentialAction\":[{\"@type\":\"CommentAction\",\"name\":\"Comment\",\"target\":[\"https:\/\/bobea.net\/index.php\/2025\/01\/31\/manifestations-mondiales-contre-les-violences-faites-aux-femmes-un-mouvement-sans-precedent\/#respond\"]}]},{\"@type\":\"WebPage\",\"@id\":\"https:\/\/bobea.net\/index.php\/2025\/01\/31\/manifestations-mondiales-contre-les-violences-faites-aux-femmes-un-mouvement-sans-precedent\/\",\"url\":\"https:\/\/bobea.net\/index.php\/2025\/01\/31\/manifestations-mondiales-contre-les-violences-faites-aux-femmes-un-mouvement-sans-precedent\/\",\"name\":\"Manifestations mondiales contre les violences faites aux femmes : Un mouvement sans pr\u00e9c\u00e9dent - Bobea\",\"isPartOf\":{\"@id\":\"https:\/\/bobea.net\/#website\"},\"primaryImageOfPage\":{\"@id\":\"https:\/\/bobea.net\/index.php\/2025\/01\/31\/manifestations-mondiales-contre-les-violences-faites-aux-femmes-un-mouvement-sans-precedent\/#primaryimage\"},\"image\":{\"@id\":\"https:\/\/bobea.net\/index.php\/2025\/01\/31\/manifestations-mondiales-contre-les-violences-faites-aux-femmes-un-mouvement-sans-precedent\/#primaryimage\"},\"thumbnailUrl\":\"https:\/\/bobea.net\/wp-content\/uploads\/2025\/01\/fem900-820x547-1.png\",\"datePublished\":\"2025-01-31T13:21:19+00:00\",\"dateModified\":\"2025-01-31T13:21:20+00:00\",\"breadcrumb\":{\"@id\":\"https:\/\/bobea.net\/index.php\/2025\/01\/31\/manifestations-mondiales-contre-les-violences-faites-aux-femmes-un-mouvement-sans-precedent\/#breadcrumb\"},\"inLanguage\":\"fr-FR\",\"potentialAction\":[{\"@type\":\"ReadAction\",\"target\":[\"https:\/\/bobea.net\/index.php\/2025\/01\/31\/manifestations-mondiales-contre-les-violences-faites-aux-femmes-un-mouvement-sans-precedent\/\"]}]},{\"@type\":\"ImageObject\",\"inLanguage\":\"fr-FR\",\"@id\":\"https:\/\/bobea.net\/index.php\/2025\/01\/31\/manifestations-mondiales-contre-les-violences-faites-aux-femmes-un-mouvement-sans-precedent\/#primaryimage\",\"url\":\"https:\/\/bobea.net\/wp-content\/uploads\/2025\/01\/fem900-820x547-1.png\",\"contentUrl\":\"https:\/\/bobea.net\/wp-content\/uploads\/2025\/01\/fem900-820x547-1.png\",\"width\":820,\"height\":547,\"caption\":\"Manifestations mondiales contre les violences faites aux femmes : Un mouvement sans pr\u00e9c\u00e9dent\"},{\"@type\":\"BreadcrumbList\",\"@id\":\"https:\/\/bobea.net\/index.php\/2025\/01\/31\/manifestations-mondiales-contre-les-violences-faites-aux-femmes-un-mouvement-sans-precedent\/#breadcrumb\",\"itemListElement\":[{\"@type\":\"ListItem\",\"position\":1,\"name\":\"Accueil\",\"item\":\"https:\/\/bobea.net\/\"},{\"@type\":\"ListItem\",\"position\":2,\"name\":\"Manifestations mondiales contre les violences faites aux femmes : Un mouvement sans pr\u00e9c\u00e9dent\"}]},{\"@type\":\"WebSite\",\"@id\":\"https:\/\/bobea.net\/#website\",\"url\":\"https:\/\/bobea.net\/\",\"name\":\"Bobea\",\"description\":\"Le magazine de la nouvelle \u00c8ve\",\"publisher\":{\"@id\":\"https:\/\/bobea.net\/#organization\"},\"potentialAction\":[{\"@type\":\"SearchAction\",\"target\":{\"@type\":\"EntryPoint\",\"urlTemplate\":\"https:\/\/bobea.net\/?s={search_term_string}\"},\"query-input\":{\"@type\":\"PropertyValueSpecification\",\"valueRequired\":true,\"valueName\":\"search_term_string\"}}],\"inLanguage\":\"fr-FR\"},{\"@type\":\"Organization\",\"@id\":\"https:\/\/bobea.net\/#organization\",\"name\":\"Bobea\",\"url\":\"https:\/\/bobea.net\/\",\"logo\":{\"@type\":\"ImageObject\",\"inLanguage\":\"fr-FR\",\"@id\":\"https:\/\/bobea.net\/#\/schema\/logo\/image\/\",\"url\":\"https:\/\/bobea.net\/wp-content\/uploads\/2024\/06\/bobea.jpg\",\"contentUrl\":\"https:\/\/bobea.net\/wp-content\/uploads\/2024\/06\/bobea.jpg\",\"width\":1080,\"height\":1080,\"caption\":\"Bobea\"},\"image\":{\"@id\":\"https:\/\/bobea.net\/#\/schema\/logo\/image\/\"},\"sameAs\":[\"https:\/\/web.facebook.com\/profile.php?id=61559252188416\"]},{\"@type\":\"Person\",\"@id\":\"https:\/\/bobea.net\/#\/schema\/person\/e7f45ef187918d7c956bf619dce90ccf\",\"name\":\"bobea.info\",\"image\":{\"@type\":\"ImageObject\",\"inLanguage\":\"fr-FR\",\"@id\":\"https:\/\/bobea.net\/#\/schema\/person\/image\/\",\"url\":\"https:\/\/secure.gravatar.com\/avatar\/36147980349df887ae30808df3e29474?s=96&d=mm&r=g\",\"contentUrl\":\"https:\/\/secure.gravatar.com\/avatar\/36147980349df887ae30808df3e29474?s=96&d=mm&r=g\",\"caption\":\"bobea.info\"},\"sameAs\":[\"https:\/\/bobea.net\"],\"url\":\"https:\/\/bobea.net\/index.php\/author\/bobea-info\/\"}]}<\/script>\n<!-- \/ Yoast SEO plugin. -->","yoast_head_json":{"title":"Manifestations mondiales contre les violences faites aux femmes : Un mouvement sans pr\u00e9c\u00e9dent - Bobea","robots":{"index":"index","follow":"follow","max-snippet":"max-snippet:-1","max-image-preview":"max-image-preview:large","max-video-preview":"max-video-preview:-1"},"canonical":"https:\/\/bobea.net\/index.php\/2025\/01\/31\/manifestations-mondiales-contre-les-violences-faites-aux-femmes-un-mouvement-sans-precedent\/","og_locale":"fr_FR","og_type":"article","og_title":"Manifestations mondiales contre les violences faites aux femmes : Un mouvement sans pr\u00e9c\u00e9dent - Bobea","og_description":"Une mobil\u00adi\u00adsa\u00adtion glob\u00adale d\u2019une ampleur his\u00adtorique Le 31 jan\u00advi\u00ader 2025 restera grav\u00e9 dans l\u2019his\u00adtoire comme le jour o\u00f9 des mil\u00adlions de femmes et d\u2019hommes sont descen\u00addus dans les rues \u00e0&hellip;","og_url":"https:\/\/bobea.net\/index.php\/2025\/01\/31\/manifestations-mondiales-contre-les-violences-faites-aux-femmes-un-mouvement-sans-precedent\/","og_site_name":"Bobea","article_publisher":"https:\/\/web.facebook.com\/profile.php?id=61559252188416","article_published_time":"2025-01-31T13:21:19+00:00","article_modified_time":"2025-01-31T13:21:20+00:00","og_image":[{"width":820,"height":547,"url":"https:\/\/bobea.net\/wp-content\/uploads\/2025\/01\/fem900-820x547-1.png","type":"image\/png"}],"author":"bobea.info","twitter_card":"summary_large_image","twitter_misc":{"\u00c9crit par":"bobea.info","Dur\u00e9e de lecture estim\u00e9e":"4 minutes"},"schema":{"@context":"https:\/\/schema.org","@graph":[{"@type":"Article","@id":"https:\/\/bobea.net\/index.php\/2025\/01\/31\/manifestations-mondiales-contre-les-violences-faites-aux-femmes-un-mouvement-sans-precedent\/#article","isPartOf":{"@id":"https:\/\/bobea.net\/index.php\/2025\/01\/31\/manifestations-mondiales-contre-les-violences-faites-aux-femmes-un-mouvement-sans-precedent\/"},"author":{"name":"bobea.info","@id":"https:\/\/bobea.net\/#\/schema\/person\/e7f45ef187918d7c956bf619dce90ccf"},"headline":"Manifestations mondiales contre les violences faites aux femmes : Un mouvement sans pr\u00e9c\u00e9dent","datePublished":"2025-01-31T13:21:19+00:00","dateModified":"2025-01-31T13:21:20+00:00","mainEntityOfPage":{"@id":"https:\/\/bobea.net\/index.php\/2025\/01\/31\/manifestations-mondiales-contre-les-violences-faites-aux-femmes-un-mouvement-sans-precedent\/"},"wordCount":663,"commentCount":0,"publisher":{"@id":"https:\/\/bobea.net\/#organization"},"image":{"@id":"https:\/\/bobea.net\/index.php\/2025\/01\/31\/manifestations-mondiales-contre-les-violences-faites-aux-femmes-un-mouvement-sans-precedent\/#primaryimage"},"thumbnailUrl":"https:\/\/bobea.net\/wp-content\/uploads\/2025\/01\/fem900-820x547-1.png","articleSection":["On en Parle"],"inLanguage":"fr-FR","potentialAction":[{"@type":"CommentAction","name":"Comment","target":["https:\/\/bobea.net\/index.php\/2025\/01\/31\/manifestations-mondiales-contre-les-violences-faites-aux-femmes-un-mouvement-sans-precedent\/#respond"]}]},{"@type":"WebPage","@id":"https:\/\/bobea.net\/index.php\/2025\/01\/31\/manifestations-mondiales-contre-les-violences-faites-aux-femmes-un-mouvement-sans-precedent\/","url":"https:\/\/bobea.net\/index.php\/2025\/01\/31\/manifestations-mondiales-contre-les-violences-faites-aux-femmes-un-mouvement-sans-precedent\/","name":"Manifestations mondiales contre les violences faites aux femmes : Un mouvement sans pr\u00e9c\u00e9dent - Bobea","isPartOf":{"@id":"https:\/\/bobea.net\/#website"},"primaryImageOfPage":{"@id":"https:\/\/bobea.net\/index.php\/2025\/01\/31\/manifestations-mondiales-contre-les-violences-faites-aux-femmes-un-mouvement-sans-precedent\/#primaryimage"},"image":{"@id":"https:\/\/bobea.net\/index.php\/2025\/01\/31\/manifestations-mondiales-contre-les-violences-faites-aux-femmes-un-mouvement-sans-precedent\/#primaryimage"},"thumbnailUrl":"https:\/\/bobea.net\/wp-content\/uploads\/2025\/01\/fem900-820x547-1.png","datePublished":"2025-01-31T13:21:19+00:00","dateModified":"2025-01-31T13:21:20+00:00","breadcrumb":{"@id":"https:\/\/bobea.net\/index.php\/2025\/01\/31\/manifestations-mondiales-contre-les-violences-faites-aux-femmes-un-mouvement-sans-precedent\/#breadcrumb"},"inLanguage":"fr-FR","potentialAction":[{"@type":"ReadAction","target":["https:\/\/bobea.net\/index.php\/2025\/01\/31\/manifestations-mondiales-contre-les-violences-faites-aux-femmes-un-mouvement-sans-precedent\/"]}]},{"@type":"ImageObject","inLanguage":"fr-FR","@id":"https:\/\/bobea.net\/index.php\/2025\/01\/31\/manifestations-mondiales-contre-les-violences-faites-aux-femmes-un-mouvement-sans-precedent\/#primaryimage","url":"https:\/\/bobea.net\/wp-content\/uploads\/2025\/01\/fem900-820x547-1.png","contentUrl":"https:\/\/bobea.net\/wp-content\/uploads\/2025\/01\/fem900-820x547-1.png","width":820,"height":547,"caption":"Manifestations mondiales contre les violences faites aux femmes : Un mouvement sans pr\u00e9c\u00e9dent"},{"@type":"BreadcrumbList","@id":"https:\/\/bobea.net\/index.php\/2025\/01\/31\/manifestations-mondiales-contre-les-violences-faites-aux-femmes-un-mouvement-sans-precedent\/#breadcrumb","itemListElement":[{"@type":"ListItem","position":1,"name":"Accueil","item":"https:\/\/bobea.net\/"},{"@type":"ListItem","position":2,"name":"Manifestations mondiales contre les violences faites aux femmes : Un mouvement sans pr\u00e9c\u00e9dent"}]},{"@type":"WebSite","@id":"https:\/\/bobea.net\/#website","url":"https:\/\/bobea.net\/","name":"Bobea","description":"Le magazine de la nouvelle \u00c8ve","publisher":{"@id":"https:\/\/bobea.net\/#organization"},"potentialAction":[{"@type":"SearchAction","target":{"@type":"EntryPoint","urlTemplate":"https:\/\/bobea.net\/?s={search_term_string}"},"query-input":{"@type":"PropertyValueSpecification","valueRequired":true,"valueName":"search_term_string"}}],"inLanguage":"fr-FR"},{"@type":"Organization","@id":"https:\/\/bobea.net\/#organization","name":"Bobea","url":"https:\/\/bobea.net\/","logo":{"@type":"ImageObject","inLanguage":"fr-FR","@id":"https:\/\/bobea.net\/#\/schema\/logo\/image\/","url":"https:\/\/bobea.net\/wp-content\/uploads\/2024\/06\/bobea.jpg","contentUrl":"https:\/\/bobea.net\/wp-content\/uploads\/2024\/06\/bobea.jpg","width":1080,"height":1080,"caption":"Bobea"},"image":{"@id":"https:\/\/bobea.net\/#\/schema\/logo\/image\/"},"sameAs":["https:\/\/web.facebook.com\/profile.php?id=61559252188416"]},{"@type":"Person","@id":"https:\/\/bobea.net\/#\/schema\/person\/e7f45ef187918d7c956bf619dce90ccf","name":"bobea.info","image":{"@type":"ImageObject","inLanguage":"fr-FR","@id":"https:\/\/bobea.net\/#\/schema\/person\/image\/","url":"https:\/\/secure.gravatar.com\/avatar\/36147980349df887ae30808df3e29474?s=96&d=mm&r=g","contentUrl":"https:\/\/secure.gravatar.com\/avatar\/36147980349df887ae30808df3e29474?s=96&d=mm&r=g","caption":"bobea.info"},"sameAs":["https:\/\/bobea.net"],"url":"https:\/\/bobea.net\/index.php\/author\/bobea-info\/"}]}},"_links":{"self":[{"href":"https:\/\/bobea.net\/index.php\/wp-json\/wp\/v2\/posts\/8331"}],"collection":[{"href":"https:\/\/bobea.net\/index.php\/wp-json\/wp\/v2\/posts"}],"about":[{"href":"https:\/\/bobea.net\/index.php\/wp-json\/wp\/v2\/types\/post"}],"author":[{"embeddable":true,"href":"https:\/\/bobea.net\/index.php\/wp-json\/wp\/v2\/users\/1"}],"replies":[{"embeddable":true,"href":"https:\/\/bobea.net\/index.php\/wp-json\/wp\/v2\/comments?post=8331"}],"version-history":[{"count":0,"href":"https:\/\/bobea.net\/index.php\/wp-json\/wp\/v2\/posts\/8331\/revisions"}],"wp:featuredmedia":[{"embeddable":true,"href":"https:\/\/bobea.net\/index.php\/wp-json\/wp\/v2\/media\/8332"}],"wp:attachment":[{"href":"https:\/\/bobea.net\/index.php\/wp-json\/wp\/v2\/media?parent=8331"}],"wp:term":[{"taxonomy":"category","embeddable":true,"href":"https:\/\/bobea.net\/index.php\/wp-json\/wp\/v2\/categories?post=8331"},{"taxonomy":"post_tag","embeddable":true,"href":"https:\/\/bobea.net\/index.php\/wp-json\/wp\/v2\/tags?post=8331"}],"curies":[{"name":"wp","href":"https:\/\/api.w.org\/{rel}","templated":true}]}}