{"id":8323,"date":"2025-01-31T13:13:53","date_gmt":"2025-01-31T13:13:53","guid":{"rendered":"https:\/\/bobea.net\/?p=8323"},"modified":"2025-01-31T13:13:55","modified_gmt":"2025-01-31T13:13:55","slug":"epidemie-de-grippe-aviaire-les-chercheuses-a-la-pointe-de-la-lutte","status":"publish","type":"post","link":"https:\/\/bobea.net\/index.php\/2025\/01\/31\/epidemie-de-grippe-aviaire-les-chercheuses-a-la-pointe-de-la-lutte\/","title":{"rendered":"\u00c9pid\u00e9mie de grippe aviaire : Les chercheuses \u00e0 la pointe de la lutte"},"content":{"rendered":"\n<p>Une men\u00adace mon\u00addi\u00adale en con\u00adstante \u00e9vo\u00adlu\u00adtion<\/p>\n\n\n\n<p>L\u2019\u00e9pid\u00e9mie de grippe avi\u00adaire qui s\u00e9vit depuis plusieurs mois prend une ampleur inqui\u00e9\u00adtante, touchant d\u00e9sor\u00admais plusieurs con\u00adti\u00adnents. Face \u00e0 cette men\u00adace san\u00adi\u00adtaire mon\u00addi\u00adale, les chercheuses se trou\u00advent en pre\u00admi\u00e8re ligne, menant des travaux cru\u00adci\u00adaux pour com\u00adpren\u00addre et com\u00adbat\u00adtre le virus.<\/p>\n\n\n\n<p>Le r\u00f4le cen\u00adtral des femmes dans la recherche sur la grippe avi\u00adaire<\/p>\n\n\n\n<p>La Dr. Maria Sanchez, viro\u00adlogue \u00e0 l\u2019In\u00adsti\u00adtut Pas\u00adteur, explique : \u201cLes femmes repr\u00e9sen\u00adtent aujour\u00add\u2019hui plus de 60% des chercheurs tra\u00advail\u00adlant sur la grippe avi\u00adaire. Leur con\u00adtri\u00adbu\u00adtion est essen\u00adtielle dans tous les aspects de la recherche, de l\u2019\u00e9pid\u00e9mi\u00adolo\u00adgie \u00e0 la virolo\u00adgie mol\u00e9cu\u00adlaire.\u201d<\/p>\n\n\n\n<p>Des avanc\u00e9es majeures men\u00e9es par des chercheuses<\/p>\n\n\n\n<p>Plusieurs d\u00e9cou\u00advertes r\u00e9centes ont \u00e9t\u00e9 r\u00e9al\u00adis\u00e9es par des \u00e9quipes dirig\u00e9es par des femmes :<\/p>\n\n\n\n<ul class=\"wp-block-list\">\n<li>La Dr. Aisha Patel de l\u2019U\u00adni\u00adver\u00adsit\u00e9 d\u2019Ox\u00adford a iden\u00adti\u00adfi\u00e9 une muta\u00adtion cl\u00e9 per\u00adme\u00adt\u00adtant au virus de se trans\u00admet\u00adtre plus facile\u00adment aux mam\u00admif\u00e8res<\/li>\n\n\n\n<li>La Pr. Yuki Tana\u00adka de l\u2019U\u00adni\u00adver\u00adsit\u00e9 de Tokyo a d\u00e9velop\u00adp\u00e9 un nou\u00adveau test de diag\u00adnos\u00adtic rapi\u00adde, r\u00e9duisant le temps de d\u00e9tec\u00adtion de 48h \u00e0 2h<\/li>\n\n\n\n<li>La Dr. Ele\u00adna Petro\u00adva de l\u2019In\u00adsti\u00adtut Gama\u00adleya \u00e0 Moscou tra\u00advaille sur un vac\u00adcin uni\u00adversel con\u00adtre la grippe, poten\u00adtielle\u00adment effi\u00adcace con\u00adtre toutes les souch\u00ades<\/li>\n<\/ul>\n\n\n\n<p>Les d\u00e9fis sp\u00e9\u00adci\u00adfiques aux\u00adquels font face les chercheuses<\/p>\n\n\n\n<p>Mal\u00adgr\u00e9 ces suc\u00adc\u00e8s, les femmes sci\u00aden\u00adtifiques con\u00adtin\u00adu\u00adent de ren\u00adcon\u00adtr\u00ader des obsta\u00adcles dans leur car\u00adri\u00e8re :<\/p>\n\n\n\n<ul class=\"wp-block-list\">\n<li>Sous-repr\u00e9sen\u00adta\u00adtion dans les postes de direc\u00adtion des insti\u00adtuts de recherche<\/li>\n\n\n\n<li>Dif\u00adfi\u00adcult\u00e9s \u00e0 obtenir des finance\u00adments pour leurs pro\u00adjets<\/li>\n\n\n\n<li>\u00c9quili\u00adbre com\u00adplexe entre vie pro\u00adfes\u00adsion\u00adnelle et per\u00adson\u00adnelle, par\u00adti\u00adc\u00aduli\u00e8re\u00adment en p\u00e9ri\u00adode de crise san\u00adi\u00adtaire<\/li>\n<\/ul>\n\n\n\n<p>La Dr. Sophie Dubois, pr\u00e9si\u00addente de l\u2019As\u00adso\u00adci\u00ada\u00adtion des Femmes Sci\u00aden\u00adtifiques con\u00adtre les Pand\u00e9mies, souligne : \u201cIl est cru\u00adcial de soutenir et de pro\u00admou\u00advoir les femmes dans la recherche sci\u00aden\u00adtifique. La diver\u00adsit\u00e9 des per\u00adspec\u00adtives est essen\u00adtielle pour faire face \u00e0 des d\u00e9fis san\u00adi\u00adtaires com\u00adplex\u00ades comme la grippe avi\u00adaire.\u201d<\/p>\n\n\n\n<figure class=\"wp-block-image size-large\"><img loading=\"lazy\" decoding=\"async\" width=\"1024\" height=\"652\" src=\"https:\/\/bobea.net\/wp-content\/uploads\/2025\/01\/1444x920_poules-vont-devoir-rester-interieur-apres-conseil-etat-valide-confinement-face-epidemie-grippe-aviaire-1024x652.jpg\" alt class=\"wp-image-8325\" srcset=\"https:\/\/bobea.net\/wp-content\/uploads\/2025\/01\/1444x920_poules-vont-devoir-rester-interieur-apres-conseil-etat-valide-confinement-face-epidemie-grippe-aviaire-1024x652.jpg 1024w, https:\/\/bobea.net\/wp-content\/uploads\/2025\/01\/1444x920_poules-vont-devoir-rester-interieur-apres-conseil-etat-valide-confinement-face-epidemie-grippe-aviaire-300x191.jpg 300w, https:\/\/bobea.net\/wp-content\/uploads\/2025\/01\/1444x920_poules-vont-devoir-rester-interieur-apres-conseil-etat-valide-confinement-face-epidemie-grippe-aviaire-768x489.jpg 768w, https:\/\/bobea.net\/wp-content\/uploads\/2025\/01\/1444x920_poules-vont-devoir-rester-interieur-apres-conseil-etat-valide-confinement-face-epidemie-grippe-aviaire.jpg 1444w\" sizes=\"(max-width: 1024px) 100vw, 1024px\"><\/figure>\n\n\n\n<p>L\u2019im\u00adpact de la grippe avi\u00adaire sur les femmes<\/p>\n\n\n\n<p>L\u2019\u00e9pid\u00e9mie de grippe avi\u00adaire a des con\u00ads\u00e9quences dis\u00adpro\u00adpor\u00adtion\u00adn\u00e9es sur les femmes, notam\u00adment dans les pays en d\u00e9veloppe\u00adment :<\/p>\n\n\n\n<ul class=\"wp-block-list\">\n<li>Les femmes, sou\u00advent respon\u00ads\u00adables de l\u2019\u00e9l\u00ade\u00advage de volailles \u00e0 petite \u00e9chelle, sont plus expos\u00e9es au virus<\/li>\n\n\n\n<li>La perte de revenus due \u00e0 l\u2019a\u00adbattage des volailles affecte par\u00adti\u00adc\u00aduli\u00e8re\u00adment les femmes dans les zones rurales<\/li>\n\n\n\n<li>La charge des soins aux malades incombe sou\u00advent aux femmes, aug\u00admen\u00adtant leur risque d\u2019ex\u00adpo\u00adsi\u00adtion<\/li>\n<\/ul>\n\n\n\n<p>Vers une approche genre dans la lutte con\u00adtre les \u00e9pid\u00e9mies<\/p>\n\n\n\n<p>Face \u00e0 ces con\u00adstats, de plus en plus d\u2019ex\u00adperts appel\u00adlent \u00e0 une approche sen\u00adsi\u00adble au genre dans la lutte con\u00adtre les \u00e9pid\u00e9mies :<\/p>\n\n\n\n<ul class=\"wp-block-list\">\n<li>Int\u00e9\u00adgra\u00adtion sys\u00adt\u00e9\u00adma\u00adtique de la per\u00adspec\u00adtive de genre dans les plans de pr\u00e9\u00adpa\u00adra\u00adtion aux pand\u00e9mies<\/li>\n\n\n\n<li>Sou\u00adtien cibl\u00e9 aux femmes dans les secteurs \u00e0 risque, comme l\u2019\u00e9l\u00ade\u00advage de volailles<\/li>\n\n\n\n<li>Pro\u00admo\u00adtion de la par\u00adtic\u00adi\u00adpa\u00adtion des femmes \u00e0 tous les niveaux de la prise de d\u00e9ci\u00adsion en san\u00adt\u00e9 publique<\/li>\n<\/ul>\n\n\n\n<p>L\u2019avenir de la recherche sur la grippe avi\u00adaire<\/p>\n\n\n\n<p>Les chercheuses con\u00adtin\u00adu\u00adent d\u2019in\u00adnover dans la lutte con\u00adtre la grippe avi\u00adaire :<\/p>\n\n\n\n<ul class=\"wp-block-list\">\n<li>D\u00e9veloppe\u00adment de vac\u00adcins \u00e0 ARNm, une tech\u00adnolo\u00adgie promet\u00adteuse d\u00e9j\u00e0 util\u00adis\u00e9e con\u00adtre la COVID-19<\/li>\n\n\n\n<li>Util\u00adi\u00adsa\u00adtion de l\u2019in\u00adtel\u00adli\u00adgence arti\u00adfi\u00adcielle pour pr\u00e9dire les muta\u00adtions du virus et anticiper les \u00e9pid\u00e9mies<\/li>\n\n\n\n<li>Recherche sur les zoonoses pour mieux com\u00adpren\u00addre et pr\u00e9venir le pas\u00adsage des virus des ani\u00admaux \u00e0 l\u2019homme<\/li>\n<\/ul>\n\n\n\n<p>La Dr. Fati\u00adma Al-Man\u00adsoori, de l\u2019OMS, con\u00adclut : \u201cLa lutte con\u00adtre la grippe avi\u00adaire est un d\u00e9fi mon\u00addi\u00adal qui n\u00e9ces\u00adsite la mobil\u00adi\u00adsa\u00adtion de tous les tal\u00adents. Les femmes sci\u00aden\u00adtifiques jouent un r\u00f4le cru\u00adcial dans cette bataille, et leur con\u00adtri\u00adbu\u00adtion sera d\u00e9ter\u00admi\u00adnante pour notre capac\u00adit\u00e9 \u00e0 pr\u00e9venir et \u00e0 con\u00adtr\u00f4ler les futures pand\u00e9mies.\u201d<\/p>\n","protected":false},"excerpt":{"rendered":"<p>Une men\u00adace mon\u00addi\u00adale en con\u00adstante \u00e9vo\u00adlu\u00adtion L\u2019\u00e9pid\u00e9mie de grippe avi\u00adaire qui s\u00e9vit depuis plusieurs mois prend une ampleur inqui\u00e9\u00adtante, touchant d\u00e9sor\u00admais plusieurs con\u00adti\u00adnents. Face \u00e0 cette men\u00adace san\u00adi\u00adtaire mon\u00addi\u00adale, les\u2026 <\/p>\n","protected":false},"author":1,"featured_media":8324,"comment_status":"open","ping_status":"open","sticky":false,"template":"","format":"standard","meta":{"wp_typography_post_enhancements_disabled":false,"footnotes":""},"categories":[73,58,88],"tags":[],"class_list":["post-8323","post","type-post","status-publish","format-standard","has-post-thumbnail","hentry","category-on-en-parle","category-sante","category-actualites-sante"],"yoast_head":"<!-- This site is optimized with the Yoast SEO plugin v24.7 - https:\/\/yoast.com\/wordpress\/plugins\/seo\/ -->\n<title>\u00c9pid\u00e9mie de grippe aviaire : Les chercheuses \u00e0 la pointe de la lutte - Bobea<\/title>\n<meta name=\"robots\" content=\"index, follow, max-snippet:-1, max-image-preview:large, max-video-preview:-1\" \/>\n<link rel=\"canonical\" href=\"https:\/\/bobea.net\/index.php\/2025\/01\/31\/epidemie-de-grippe-aviaire-les-chercheuses-a-la-pointe-de-la-lutte\/\" \/>\n<meta property=\"og:locale\" content=\"fr_FR\" \/>\n<meta property=\"og:type\" content=\"article\" \/>\n<meta property=\"og:title\" content=\"\u00c9pid\u00e9mie de grippe aviaire : Les chercheuses \u00e0 la pointe de la lutte - Bobea\" \/>\n<meta property=\"og:description\" content=\"Une men\u00adace mon\u00addi\u00adale en con\u00adstante \u00e9vo\u00adlu\u00adtion L\u2019\u00e9pid\u00e9mie de grippe avi\u00adaire qui s\u00e9vit depuis plusieurs mois prend une ampleur inqui\u00e9\u00adtante, touchant d\u00e9sor\u00admais plusieurs con\u00adti\u00adnents. Face \u00e0 cette men\u00adace san\u00adi\u00adtaire mon\u00addi\u00adale, les&hellip;\" \/>\n<meta property=\"og:url\" content=\"https:\/\/bobea.net\/index.php\/2025\/01\/31\/epidemie-de-grippe-aviaire-les-chercheuses-a-la-pointe-de-la-lutte\/\" \/>\n<meta property=\"og:site_name\" content=\"Bobea\" \/>\n<meta property=\"article:publisher\" content=\"https:\/\/web.facebook.com\/profile.php?id=61559252188416\" \/>\n<meta property=\"article:published_time\" content=\"2025-01-31T13:13:53+00:00\" \/>\n<meta property=\"article:modified_time\" content=\"2025-01-31T13:13:55+00:00\" \/>\n<meta property=\"og:image\" content=\"https:\/\/bobea.net\/wp-content\/uploads\/2025\/01\/Epidemie-de-grippe-aviaire-en-Afrique-du-Sud.webp\" \/>\n\t<meta property=\"og:image:width\" content=\"612\" \/>\n\t<meta property=\"og:image:height\" content=\"309\" \/>\n\t<meta property=\"og:image:type\" content=\"image\/webp\" \/>\n<meta name=\"author\" content=\"bobea.info\" \/>\n<meta name=\"twitter:card\" content=\"summary_large_image\" \/>\n<meta name=\"twitter:label1\" content=\"\u00c9crit par\" \/>\n\t<meta name=\"twitter:data1\" content=\"bobea.info\" \/>\n\t<meta name=\"twitter:label2\" content=\"Dur\u00e9e de lecture estim\u00e9e\" \/>\n\t<meta name=\"twitter:data2\" content=\"4 minutes\" \/>\n<script type=\"application\/ld+json\" class=\"yoast-schema-graph\">{\"@context\":\"https:\/\/schema.org\",\"@graph\":[{\"@type\":\"Article\",\"@id\":\"https:\/\/bobea.net\/index.php\/2025\/01\/31\/epidemie-de-grippe-aviaire-les-chercheuses-a-la-pointe-de-la-lutte\/#article\",\"isPartOf\":{\"@id\":\"https:\/\/bobea.net\/index.php\/2025\/01\/31\/epidemie-de-grippe-aviaire-les-chercheuses-a-la-pointe-de-la-lutte\/\"},\"author\":{\"name\":\"bobea.info\",\"@id\":\"https:\/\/bobea.net\/#\/schema\/person\/e7f45ef187918d7c956bf619dce90ccf\"},\"headline\":\"\u00c9pid\u00e9mie de grippe aviaire : Les chercheuses \u00e0 la pointe de la lutte\",\"datePublished\":\"2025-01-31T13:13:53+00:00\",\"dateModified\":\"2025-01-31T13:13:55+00:00\",\"mainEntityOfPage\":{\"@id\":\"https:\/\/bobea.net\/index.php\/2025\/01\/31\/epidemie-de-grippe-aviaire-les-chercheuses-a-la-pointe-de-la-lutte\/\"},\"wordCount\":622,\"commentCount\":0,\"publisher\":{\"@id\":\"https:\/\/bobea.net\/#organization\"},\"image\":{\"@id\":\"https:\/\/bobea.net\/index.php\/2025\/01\/31\/epidemie-de-grippe-aviaire-les-chercheuses-a-la-pointe-de-la-lutte\/#primaryimage\"},\"thumbnailUrl\":\"https:\/\/bobea.net\/wp-content\/uploads\/2025\/01\/Epidemie-de-grippe-aviaire-en-Afrique-du-Sud.webp\",\"articleSection\":[\"On en Parle\",\"Sant\u00e9\",\"Sant\u00e9-Actualit\u00e9s\"],\"inLanguage\":\"fr-FR\",\"potentialAction\":[{\"@type\":\"CommentAction\",\"name\":\"Comment\",\"target\":[\"https:\/\/bobea.net\/index.php\/2025\/01\/31\/epidemie-de-grippe-aviaire-les-chercheuses-a-la-pointe-de-la-lutte\/#respond\"]}]},{\"@type\":\"WebPage\",\"@id\":\"https:\/\/bobea.net\/index.php\/2025\/01\/31\/epidemie-de-grippe-aviaire-les-chercheuses-a-la-pointe-de-la-lutte\/\",\"url\":\"https:\/\/bobea.net\/index.php\/2025\/01\/31\/epidemie-de-grippe-aviaire-les-chercheuses-a-la-pointe-de-la-lutte\/\",\"name\":\"\u00c9pid\u00e9mie de grippe aviaire : Les chercheuses \u00e0 la pointe de la lutte - Bobea\",\"isPartOf\":{\"@id\":\"https:\/\/bobea.net\/#website\"},\"primaryImageOfPage\":{\"@id\":\"https:\/\/bobea.net\/index.php\/2025\/01\/31\/epidemie-de-grippe-aviaire-les-chercheuses-a-la-pointe-de-la-lutte\/#primaryimage\"},\"image\":{\"@id\":\"https:\/\/bobea.net\/index.php\/2025\/01\/31\/epidemie-de-grippe-aviaire-les-chercheuses-a-la-pointe-de-la-lutte\/#primaryimage\"},\"thumbnailUrl\":\"https:\/\/bobea.net\/wp-content\/uploads\/2025\/01\/Epidemie-de-grippe-aviaire-en-Afrique-du-Sud.webp\",\"datePublished\":\"2025-01-31T13:13:53+00:00\",\"dateModified\":\"2025-01-31T13:13:55+00:00\",\"breadcrumb\":{\"@id\":\"https:\/\/bobea.net\/index.php\/2025\/01\/31\/epidemie-de-grippe-aviaire-les-chercheuses-a-la-pointe-de-la-lutte\/#breadcrumb\"},\"inLanguage\":\"fr-FR\",\"potentialAction\":[{\"@type\":\"ReadAction\",\"target\":[\"https:\/\/bobea.net\/index.php\/2025\/01\/31\/epidemie-de-grippe-aviaire-les-chercheuses-a-la-pointe-de-la-lutte\/\"]}]},{\"@type\":\"ImageObject\",\"inLanguage\":\"fr-FR\",\"@id\":\"https:\/\/bobea.net\/index.php\/2025\/01\/31\/epidemie-de-grippe-aviaire-les-chercheuses-a-la-pointe-de-la-lutte\/#primaryimage\",\"url\":\"https:\/\/bobea.net\/wp-content\/uploads\/2025\/01\/Epidemie-de-grippe-aviaire-en-Afrique-du-Sud.webp\",\"contentUrl\":\"https:\/\/bobea.net\/wp-content\/uploads\/2025\/01\/Epidemie-de-grippe-aviaire-en-Afrique-du-Sud.webp\",\"width\":612,\"height\":309,\"caption\":\"\u00c9pid\u00e9mie de grippe aviaire : Les chercheuses \u00e0 la pointe de la lutte\"},{\"@type\":\"BreadcrumbList\",\"@id\":\"https:\/\/bobea.net\/index.php\/2025\/01\/31\/epidemie-de-grippe-aviaire-les-chercheuses-a-la-pointe-de-la-lutte\/#breadcrumb\",\"itemListElement\":[{\"@type\":\"ListItem\",\"position\":1,\"name\":\"Accueil\",\"item\":\"https:\/\/bobea.net\/\"},{\"@type\":\"ListItem\",\"position\":2,\"name\":\"\u00c9pid\u00e9mie de grippe aviaire : Les chercheuses \u00e0 la pointe de la lutte\"}]},{\"@type\":\"WebSite\",\"@id\":\"https:\/\/bobea.net\/#website\",\"url\":\"https:\/\/bobea.net\/\",\"name\":\"Bobea\",\"description\":\"Le magazine de la nouvelle \u00c8ve\",\"publisher\":{\"@id\":\"https:\/\/bobea.net\/#organization\"},\"potentialAction\":[{\"@type\":\"SearchAction\",\"target\":{\"@type\":\"EntryPoint\",\"urlTemplate\":\"https:\/\/bobea.net\/?s={search_term_string}\"},\"query-input\":{\"@type\":\"PropertyValueSpecification\",\"valueRequired\":true,\"valueName\":\"search_term_string\"}}],\"inLanguage\":\"fr-FR\"},{\"@type\":\"Organization\",\"@id\":\"https:\/\/bobea.net\/#organization\",\"name\":\"Bobea\",\"url\":\"https:\/\/bobea.net\/\",\"logo\":{\"@type\":\"ImageObject\",\"inLanguage\":\"fr-FR\",\"@id\":\"https:\/\/bobea.net\/#\/schema\/logo\/image\/\",\"url\":\"https:\/\/bobea.net\/wp-content\/uploads\/2024\/06\/bobea.jpg\",\"contentUrl\":\"https:\/\/bobea.net\/wp-content\/uploads\/2024\/06\/bobea.jpg\",\"width\":1080,\"height\":1080,\"caption\":\"Bobea\"},\"image\":{\"@id\":\"https:\/\/bobea.net\/#\/schema\/logo\/image\/\"},\"sameAs\":[\"https:\/\/web.facebook.com\/profile.php?id=61559252188416\"]},{\"@type\":\"Person\",\"@id\":\"https:\/\/bobea.net\/#\/schema\/person\/e7f45ef187918d7c956bf619dce90ccf\",\"name\":\"bobea.info\",\"image\":{\"@type\":\"ImageObject\",\"inLanguage\":\"fr-FR\",\"@id\":\"https:\/\/bobea.net\/#\/schema\/person\/image\/\",\"url\":\"https:\/\/secure.gravatar.com\/avatar\/36147980349df887ae30808df3e29474?s=96&d=mm&r=g\",\"contentUrl\":\"https:\/\/secure.gravatar.com\/avatar\/36147980349df887ae30808df3e29474?s=96&d=mm&r=g\",\"caption\":\"bobea.info\"},\"sameAs\":[\"https:\/\/bobea.net\"],\"url\":\"https:\/\/bobea.net\/index.php\/author\/bobea-info\/\"}]}<\/script>\n<!-- \/ Yoast SEO plugin. -->","yoast_head_json":{"title":"\u00c9pid\u00e9mie de grippe aviaire : Les chercheuses \u00e0 la pointe de la lutte - Bobea","robots":{"index":"index","follow":"follow","max-snippet":"max-snippet:-1","max-image-preview":"max-image-preview:large","max-video-preview":"max-video-preview:-1"},"canonical":"https:\/\/bobea.net\/index.php\/2025\/01\/31\/epidemie-de-grippe-aviaire-les-chercheuses-a-la-pointe-de-la-lutte\/","og_locale":"fr_FR","og_type":"article","og_title":"\u00c9pid\u00e9mie de grippe aviaire : Les chercheuses \u00e0 la pointe de la lutte - Bobea","og_description":"Une men\u00adace mon\u00addi\u00adale en con\u00adstante \u00e9vo\u00adlu\u00adtion L\u2019\u00e9pid\u00e9mie de grippe avi\u00adaire qui s\u00e9vit depuis plusieurs mois prend une ampleur inqui\u00e9\u00adtante, touchant d\u00e9sor\u00admais plusieurs con\u00adti\u00adnents. Face \u00e0 cette men\u00adace san\u00adi\u00adtaire mon\u00addi\u00adale, les&hellip;","og_url":"https:\/\/bobea.net\/index.php\/2025\/01\/31\/epidemie-de-grippe-aviaire-les-chercheuses-a-la-pointe-de-la-lutte\/","og_site_name":"Bobea","article_publisher":"https:\/\/web.facebook.com\/profile.php?id=61559252188416","article_published_time":"2025-01-31T13:13:53+00:00","article_modified_time":"2025-01-31T13:13:55+00:00","og_image":[{"width":612,"height":309,"url":"https:\/\/bobea.net\/wp-content\/uploads\/2025\/01\/Epidemie-de-grippe-aviaire-en-Afrique-du-Sud.webp","type":"image\/webp"}],"author":"bobea.info","twitter_card":"summary_large_image","twitter_misc":{"\u00c9crit par":"bobea.info","Dur\u00e9e de lecture estim\u00e9e":"4 minutes"},"schema":{"@context":"https:\/\/schema.org","@graph":[{"@type":"Article","@id":"https:\/\/bobea.net\/index.php\/2025\/01\/31\/epidemie-de-grippe-aviaire-les-chercheuses-a-la-pointe-de-la-lutte\/#article","isPartOf":{"@id":"https:\/\/bobea.net\/index.php\/2025\/01\/31\/epidemie-de-grippe-aviaire-les-chercheuses-a-la-pointe-de-la-lutte\/"},"author":{"name":"bobea.info","@id":"https:\/\/bobea.net\/#\/schema\/person\/e7f45ef187918d7c956bf619dce90ccf"},"headline":"\u00c9pid\u00e9mie de grippe aviaire : Les chercheuses \u00e0 la pointe de la lutte","datePublished":"2025-01-31T13:13:53+00:00","dateModified":"2025-01-31T13:13:55+00:00","mainEntityOfPage":{"@id":"https:\/\/bobea.net\/index.php\/2025\/01\/31\/epidemie-de-grippe-aviaire-les-chercheuses-a-la-pointe-de-la-lutte\/"},"wordCount":622,"commentCount":0,"publisher":{"@id":"https:\/\/bobea.net\/#organization"},"image":{"@id":"https:\/\/bobea.net\/index.php\/2025\/01\/31\/epidemie-de-grippe-aviaire-les-chercheuses-a-la-pointe-de-la-lutte\/#primaryimage"},"thumbnailUrl":"https:\/\/bobea.net\/wp-content\/uploads\/2025\/01\/Epidemie-de-grippe-aviaire-en-Afrique-du-Sud.webp","articleSection":["On en Parle","Sant\u00e9","Sant\u00e9-Actualit\u00e9s"],"inLanguage":"fr-FR","potentialAction":[{"@type":"CommentAction","name":"Comment","target":["https:\/\/bobea.net\/index.php\/2025\/01\/31\/epidemie-de-grippe-aviaire-les-chercheuses-a-la-pointe-de-la-lutte\/#respond"]}]},{"@type":"WebPage","@id":"https:\/\/bobea.net\/index.php\/2025\/01\/31\/epidemie-de-grippe-aviaire-les-chercheuses-a-la-pointe-de-la-lutte\/","url":"https:\/\/bobea.net\/index.php\/2025\/01\/31\/epidemie-de-grippe-aviaire-les-chercheuses-a-la-pointe-de-la-lutte\/","name":"\u00c9pid\u00e9mie de grippe aviaire : Les chercheuses \u00e0 la pointe de la lutte - Bobea","isPartOf":{"@id":"https:\/\/bobea.net\/#website"},"primaryImageOfPage":{"@id":"https:\/\/bobea.net\/index.php\/2025\/01\/31\/epidemie-de-grippe-aviaire-les-chercheuses-a-la-pointe-de-la-lutte\/#primaryimage"},"image":{"@id":"https:\/\/bobea.net\/index.php\/2025\/01\/31\/epidemie-de-grippe-aviaire-les-chercheuses-a-la-pointe-de-la-lutte\/#primaryimage"},"thumbnailUrl":"https:\/\/bobea.net\/wp-content\/uploads\/2025\/01\/Epidemie-de-grippe-aviaire-en-Afrique-du-Sud.webp","datePublished":"2025-01-31T13:13:53+00:00","dateModified":"2025-01-31T13:13:55+00:00","breadcrumb":{"@id":"https:\/\/bobea.net\/index.php\/2025\/01\/31\/epidemie-de-grippe-aviaire-les-chercheuses-a-la-pointe-de-la-lutte\/#breadcrumb"},"inLanguage":"fr-FR","potentialAction":[{"@type":"ReadAction","target":["https:\/\/bobea.net\/index.php\/2025\/01\/31\/epidemie-de-grippe-aviaire-les-chercheuses-a-la-pointe-de-la-lutte\/"]}]},{"@type":"ImageObject","inLanguage":"fr-FR","@id":"https:\/\/bobea.net\/index.php\/2025\/01\/31\/epidemie-de-grippe-aviaire-les-chercheuses-a-la-pointe-de-la-lutte\/#primaryimage","url":"https:\/\/bobea.net\/wp-content\/uploads\/2025\/01\/Epidemie-de-grippe-aviaire-en-Afrique-du-Sud.webp","contentUrl":"https:\/\/bobea.net\/wp-content\/uploads\/2025\/01\/Epidemie-de-grippe-aviaire-en-Afrique-du-Sud.webp","width":612,"height":309,"caption":"\u00c9pid\u00e9mie de grippe aviaire : Les chercheuses \u00e0 la pointe de la lutte"},{"@type":"BreadcrumbList","@id":"https:\/\/bobea.net\/index.php\/2025\/01\/31\/epidemie-de-grippe-aviaire-les-chercheuses-a-la-pointe-de-la-lutte\/#breadcrumb","itemListElement":[{"@type":"ListItem","position":1,"name":"Accueil","item":"https:\/\/bobea.net\/"},{"@type":"ListItem","position":2,"name":"\u00c9pid\u00e9mie de grippe aviaire : Les chercheuses \u00e0 la pointe de la lutte"}]},{"@type":"WebSite","@id":"https:\/\/bobea.net\/#website","url":"https:\/\/bobea.net\/","name":"Bobea","description":"Le magazine de la nouvelle \u00c8ve","publisher":{"@id":"https:\/\/bobea.net\/#organization"},"potentialAction":[{"@type":"SearchAction","target":{"@type":"EntryPoint","urlTemplate":"https:\/\/bobea.net\/?s={search_term_string}"},"query-input":{"@type":"PropertyValueSpecification","valueRequired":true,"valueName":"search_term_string"}}],"inLanguage":"fr-FR"},{"@type":"Organization","@id":"https:\/\/bobea.net\/#organization","name":"Bobea","url":"https:\/\/bobea.net\/","logo":{"@type":"ImageObject","inLanguage":"fr-FR","@id":"https:\/\/bobea.net\/#\/schema\/logo\/image\/","url":"https:\/\/bobea.net\/wp-content\/uploads\/2024\/06\/bobea.jpg","contentUrl":"https:\/\/bobea.net\/wp-content\/uploads\/2024\/06\/bobea.jpg","width":1080,"height":1080,"caption":"Bobea"},"image":{"@id":"https:\/\/bobea.net\/#\/schema\/logo\/image\/"},"sameAs":["https:\/\/web.facebook.com\/profile.php?id=61559252188416"]},{"@type":"Person","@id":"https:\/\/bobea.net\/#\/schema\/person\/e7f45ef187918d7c956bf619dce90ccf","name":"bobea.info","image":{"@type":"ImageObject","inLanguage":"fr-FR","@id":"https:\/\/bobea.net\/#\/schema\/person\/image\/","url":"https:\/\/secure.gravatar.com\/avatar\/36147980349df887ae30808df3e29474?s=96&d=mm&r=g","contentUrl":"https:\/\/secure.gravatar.com\/avatar\/36147980349df887ae30808df3e29474?s=96&d=mm&r=g","caption":"bobea.info"},"sameAs":["https:\/\/bobea.net"],"url":"https:\/\/bobea.net\/index.php\/author\/bobea-info\/"}]}},"_links":{"self":[{"href":"https:\/\/bobea.net\/index.php\/wp-json\/wp\/v2\/posts\/8323"}],"collection":[{"href":"https:\/\/bobea.net\/index.php\/wp-json\/wp\/v2\/posts"}],"about":[{"href":"https:\/\/bobea.net\/index.php\/wp-json\/wp\/v2\/types\/post"}],"author":[{"embeddable":true,"href":"https:\/\/bobea.net\/index.php\/wp-json\/wp\/v2\/users\/1"}],"replies":[{"embeddable":true,"href":"https:\/\/bobea.net\/index.php\/wp-json\/wp\/v2\/comments?post=8323"}],"version-history":[{"count":0,"href":"https:\/\/bobea.net\/index.php\/wp-json\/wp\/v2\/posts\/8323\/revisions"}],"wp:featuredmedia":[{"embeddable":true,"href":"https:\/\/bobea.net\/index.php\/wp-json\/wp\/v2\/media\/8324"}],"wp:attachment":[{"href":"https:\/\/bobea.net\/index.php\/wp-json\/wp\/v2\/media?parent=8323"}],"wp:term":[{"taxonomy":"category","embeddable":true,"href":"https:\/\/bobea.net\/index.php\/wp-json\/wp\/v2\/categories?post=8323"},{"taxonomy":"post_tag","embeddable":true,"href":"https:\/\/bobea.net\/index.php\/wp-json\/wp\/v2\/tags?post=8323"}],"curies":[{"name":"wp","href":"https:\/\/api.w.org\/{rel}","templated":true}]}}