{"id":8315,"date":"2025-01-31T13:03:55","date_gmt":"2025-01-31T13:03:55","guid":{"rendered":"https:\/\/bobea.net\/?p=8315"},"modified":"2025-01-31T13:03:57","modified_gmt":"2025-01-31T13:03:57","slug":"elections-de-la-chambre-dagriculture-en-france-participation-des-femmes-en-hausse","status":"publish","type":"post","link":"https:\/\/bobea.net\/index.php\/2025\/01\/31\/elections-de-la-chambre-dagriculture-en-france-participation-des-femmes-en-hausse\/","title":{"rendered":"\u00c9lections de la Chambre d\u2019Agriculture en France : Participation des femmes en hausse"},"content":{"rendered":"\n<p>Les \u00e9lec\u00adtions de la Cham\u00adbre d\u2019A\u00adgri\u00adcul\u00adture en France, qui se sont tenues hier, ont mar\u00adqu\u00e9 un tour\u00adnant his\u00adtorique avec une par\u00adtic\u00adi\u00adpa\u00adtion record des femmes, tant comme \u00e9lec\u00adtri\u00adces que comme can\u00addi\u00addates. Cette \u00e9vo\u00adlu\u00adtion refl\u00e8te un change\u00adment pro\u00adfond dans le paysage agri\u00adcole fran\u00e7ais, tra\u00addi\u00adtion\u00adnelle\u00adment dom\u00adin\u00e9 par les hommes.<\/p>\n\n\n\n<p>Selon les chiffres pr\u00e9lim\u00adi\u00adnaires du Min\u00adist\u00e8re de l\u2019A\u00adgri\u00adcul\u00adture, la par\u00adtic\u00adi\u00adpa\u00adtion des femmes a atteint 42%, soit une aug\u00admen\u00adta\u00adtion de 15 points par rap\u00adport aux derni\u00e8res \u00e9lec\u00adtions de 2019. Plus remar\u00adquable encore, 38% des can\u00addi\u00addats \u00e9taient des femmes, con\u00adtre seule\u00adment 22% lors du scrutin pr\u00e9c\u00e9\u00addent.<\/p>\n\n\n\n<p>Marie Dupont, pr\u00e9si\u00addente de l\u2019as\u00adso\u00adci\u00ada\u00adtion \u201cFemmes &amp; Agri\u00adcul\u00adture\u201d, se r\u00e9jouit de cette \u00e9vo\u00adlu\u00adtion : \u201cC\u2019est un pas de g\u00e9ant pour la repr\u00e9sen\u00adta\u00adtion des femmes dans le secteur agri\u00adcole. Cela mon\u00adtre que les men\u00adtal\u00adit\u00e9s changent et que les femmes pren\u00adnent de plus en plus leur place dans ce domaine cru\u00adcial de notre \u00e9conomie.\u201d<\/p>\n\n\n\n<p>Plusieurs fac\u00adteurs expliquent cette hausse de la par\u00adtic\u00adi\u00adpa\u00adtion f\u00e9mi\u00adnine. D\u2019abord, une cam\u00adpagne de sen\u00adsi\u00adbil\u00adi\u00adsa\u00adtion men\u00e9e par le gou\u00adverne\u00adment et divers\u00ades asso\u00adci\u00ada\u00adtions a encour\u00adag\u00e9 les femmes \u00e0 s\u2019im\u00adpli\u00adquer davan\u00adtage dans la gou\u00adver\u00adnance agri\u00adcole. Ensuite, des change\u00adments l\u00e9g\u00adis\u00adlat\u00adifs ont facil\u00adit\u00e9 l\u2019ac\u00adc\u00e8s des femmes \u00e0 la pro\u00adpri\u00e9t\u00e9 agri\u00adcole et aux respon\u00ads\u00adabil\u00adit\u00e9s dans les exploita\u00adtions.<\/p>\n\n\n\n<figure class=\"wp-block-image size-large\"><img loading=\"lazy\" decoding=\"async\" width=\"1024\" height=\"683\" src=\"https:\/\/bobea.net\/wp-content\/uploads\/2025\/01\/design-sans-titre-17-6756d3f20c7d7568155142-1024x683.png\" alt class=\"wp-image-8317\" srcset=\"https:\/\/bobea.net\/wp-content\/uploads\/2025\/01\/design-sans-titre-17-6756d3f20c7d7568155142-1024x683.png 1024w, https:\/\/bobea.net\/wp-content\/uploads\/2025\/01\/design-sans-titre-17-6756d3f20c7d7568155142-300x200.png 300w, https:\/\/bobea.net\/wp-content\/uploads\/2025\/01\/design-sans-titre-17-6756d3f20c7d7568155142-768x512.png 768w, https:\/\/bobea.net\/wp-content\/uploads\/2025\/01\/design-sans-titre-17-6756d3f20c7d7568155142-1536x1024.png 1536w, https:\/\/bobea.net\/wp-content\/uploads\/2025\/01\/design-sans-titre-17-6756d3f20c7d7568155142.png 1920w\" sizes=\"(max-width: 1024px) 100vw, 1024px\"><\/figure>\n\n\n\n<p>Par\u00admi les can\u00addi\u00addates mar\u00adquantes, on note Sophie Mar\u00adtin, 35 ans, agricul\u00adtrice bio dans le Lot-et-Garonne, qui a fait cam\u00adpagne sur un pro\u00adgramme d\u2019a\u00adgri\u00adcul\u00adture durable et de cir\u00adcuits courts. \u201cIl est temps que la voix des femmes soit enten\u00addue dans les d\u00e9ci\u00adsions qui fa\u00e7on\u00adnent l\u2019avenir de notre agri\u00adcul\u00adture,\u201d a\u2011t-elle d\u00e9clar\u00e9 apr\u00e8s l\u2019an\u00adnonce de sa victoire.Les enjeux de ces \u00e9lec\u00adtions \u00e9taient par\u00adti\u00adc\u00aduli\u00e8re\u00adment impor\u00adtants cette ann\u00e9e, avec des d\u00e9fis majeurs comme l\u2019adap\u00adta\u00adtion au change\u00adment cli\u00adma\u00adtique, la tran\u00adsi\u00adtion vers une agri\u00adcul\u00adture plus durable et la ges\u00adtion de la crise de l\u2019eau. La pr\u00e9sence accrue des femmes pour\u00adrait apporter de nou\u00advelles per\u00adspec\u00adtives sur ces ques\u00adtions cru\u00adciales.<\/p>\n\n\n\n<p>Cepen\u00addant, des d\u00e9fis per\u00adsis\u00adtent. Mal\u00adgr\u00e9 cette pro\u00adgres\u00adsion, les femmes restent sous-repr\u00e9sen\u00adt\u00e9es dans les instances dirigeantes des Cham\u00adbres d\u2019A\u00adgri\u00adcul\u00adture. De plus, cer\u00adtaines can\u00addi\u00addates ont rap\u00adport\u00e9 avoir fait face \u00e0 des atti\u00adtudes sex\u00adistes durant la cam\u00adpagne.<\/p>\n\n\n\n<p>Le min\u00adistre de l\u2019A\u00adgri\u00adcul\u00adture, Pierre Leroy, a salu\u00e9 cette \u00e9vo\u00adlu\u00adtion tout en recon\u00adnais\u00adsant qu\u2019il reste du chemin \u00e0 par\u00adcourir : \u201cCette par\u00adtic\u00adi\u00adpa\u00adtion record des femmes est un sig\u00adnal fort. Nous devons con\u00adtin\u00aduer \u00e0 tra\u00advailler pour une \u00e9gal\u00adit\u00e9 r\u00e9elle dans tous les aspects du secteur agri\u00adcole.\u201d<\/p>\n\n\n\n<p>Cette \u00e9lec\u00adtion pour\u00adrait avoir des r\u00e9per\u00adcus\u00adsions au-del\u00e0 du secteur agri\u00adcole. Elle mon\u00adtre que m\u00eame dans les domaines tra\u00addi\u00adtion\u00adnelle\u00adment mas\u00adculins, les femmes peu\u00advent s\u2019im\u00adpos\u00ader et apporter un change\u00adment sig\u00adni\u00adfi\u00adcatif. Cela pour\u00adrait inspir\u00ader d\u2019autres secteurs \u00e0 redou\u00adbler d\u2019ef\u00adforts pour pro\u00admou\u00advoir la diver\u00adsit\u00e9 et l\u2019in\u00adclu\u00adsion.<\/p>\n\n\n\n<p>Alors que les r\u00e9sul\u00adtats d\u00e9fini\u00adtifs sont atten\u00addus dans les prochains jours, une chose est claire : le vis\u00adage de l\u2019a\u00adgri\u00adcul\u00adture fran\u00e7aise est en train de chang\u00ader, et les femmes sont en pre\u00admi\u00e8re ligne de cette trans\u00adfor\u00adma\u00adtion.<\/p>\n","protected":false},"excerpt":{"rendered":"<p>Les \u00e9lec\u00adtions de la Cham\u00adbre d\u2019A\u00adgri\u00adcul\u00adture en France, qui se sont tenues hier, ont mar\u00adqu\u00e9 un tour\u00adnant his\u00adtorique avec une par\u00adtic\u00adi\u00adpa\u00adtion record des femmes, tant comme \u00e9lec\u00adtri\u00adces que comme can\u00addi\u00addates.\u2026 <\/p>\n","protected":false},"author":1,"featured_media":8316,"comment_status":"open","ping_status":"open","sticky":false,"template":"","format":"standard","meta":{"wp_typography_post_enhancements_disabled":false,"footnotes":""},"categories":[73],"tags":[],"class_list":["post-8315","post","type-post","status-publish","format-standard","has-post-thumbnail","hentry","category-on-en-parle"],"yoast_head":"<!-- This site is optimized with the Yoast SEO plugin v24.7 - https:\/\/yoast.com\/wordpress\/plugins\/seo\/ -->\n<title>\u00c9lections de la Chambre d&#039;Agriculture en France : Participation des femmes en hausse - Bobea<\/title>\n<meta name=\"description\" content=\"Les \u00e9lections de la Chambre d&#039;Agriculture en France, qui se sont tenues hier, ont marqu\u00e9 un tournant historique avec une participation\" \/>\n<meta name=\"robots\" content=\"index, follow, max-snippet:-1, max-image-preview:large, max-video-preview:-1\" \/>\n<link rel=\"canonical\" href=\"https:\/\/bobea.net\/index.php\/2025\/01\/31\/elections-de-la-chambre-dagriculture-en-france-participation-des-femmes-en-hausse\/\" \/>\n<meta property=\"og:locale\" content=\"fr_FR\" \/>\n<meta property=\"og:type\" content=\"article\" \/>\n<meta property=\"og:title\" content=\"\u00c9lections de la Chambre d&#039;Agriculture en France : Participation des femmes en hausse - Bobea\" \/>\n<meta property=\"og:description\" content=\"Les \u00e9lections de la Chambre d&#039;Agriculture en France, qui se sont tenues hier, ont marqu\u00e9 un tournant historique avec une participation\" \/>\n<meta property=\"og:url\" content=\"https:\/\/bobea.net\/index.php\/2025\/01\/31\/elections-de-la-chambre-dagriculture-en-france-participation-des-femmes-en-hausse\/\" \/>\n<meta property=\"og:site_name\" content=\"Bobea\" \/>\n<meta property=\"article:publisher\" content=\"https:\/\/web.facebook.com\/profile.php?id=61559252188416\" \/>\n<meta property=\"article:published_time\" content=\"2025-01-31T13:03:55+00:00\" \/>\n<meta property=\"article:modified_time\" content=\"2025-01-31T13:03:57+00:00\" \/>\n<meta property=\"og:image\" content=\"https:\/\/bobea.net\/wp-content\/uploads\/2025\/01\/maxnewsworldsix061670-677d307828333504545717-scaled.jpg\" \/>\n\t<meta property=\"og:image:width\" content=\"2560\" \/>\n\t<meta property=\"og:image:height\" content=\"1707\" \/>\n\t<meta property=\"og:image:type\" content=\"image\/jpeg\" \/>\n<meta name=\"author\" content=\"bobea.info\" \/>\n<meta name=\"twitter:card\" content=\"summary_large_image\" \/>\n<meta name=\"twitter:label1\" content=\"\u00c9crit par\" \/>\n\t<meta name=\"twitter:data1\" content=\"bobea.info\" \/>\n\t<meta name=\"twitter:label2\" content=\"Dur\u00e9e de lecture estim\u00e9e\" \/>\n\t<meta name=\"twitter:data2\" content=\"3 minutes\" \/>\n<script type=\"application\/ld+json\" class=\"yoast-schema-graph\">{\"@context\":\"https:\/\/schema.org\",\"@graph\":[{\"@type\":\"Article\",\"@id\":\"https:\/\/bobea.net\/index.php\/2025\/01\/31\/elections-de-la-chambre-dagriculture-en-france-participation-des-femmes-en-hausse\/#article\",\"isPartOf\":{\"@id\":\"https:\/\/bobea.net\/index.php\/2025\/01\/31\/elections-de-la-chambre-dagriculture-en-france-participation-des-femmes-en-hausse\/\"},\"author\":{\"name\":\"bobea.info\",\"@id\":\"https:\/\/bobea.net\/#\/schema\/person\/e7f45ef187918d7c956bf619dce90ccf\"},\"headline\":\"\u00c9lections de la Chambre d\u2019Agriculture en France : Participation des femmes en hausse\",\"datePublished\":\"2025-01-31T13:03:55+00:00\",\"dateModified\":\"2025-01-31T13:03:57+00:00\",\"mainEntityOfPage\":{\"@id\":\"https:\/\/bobea.net\/index.php\/2025\/01\/31\/elections-de-la-chambre-dagriculture-en-france-participation-des-femmes-en-hausse\/\"},\"wordCount\":506,\"commentCount\":0,\"publisher\":{\"@id\":\"https:\/\/bobea.net\/#organization\"},\"image\":{\"@id\":\"https:\/\/bobea.net\/index.php\/2025\/01\/31\/elections-de-la-chambre-dagriculture-en-france-participation-des-femmes-en-hausse\/#primaryimage\"},\"thumbnailUrl\":\"https:\/\/bobea.net\/wp-content\/uploads\/2025\/01\/maxnewsworldsix061670-677d307828333504545717-scaled.jpg\",\"articleSection\":[\"On en Parle\"],\"inLanguage\":\"fr-FR\",\"potentialAction\":[{\"@type\":\"CommentAction\",\"name\":\"Comment\",\"target\":[\"https:\/\/bobea.net\/index.php\/2025\/01\/31\/elections-de-la-chambre-dagriculture-en-france-participation-des-femmes-en-hausse\/#respond\"]}]},{\"@type\":\"WebPage\",\"@id\":\"https:\/\/bobea.net\/index.php\/2025\/01\/31\/elections-de-la-chambre-dagriculture-en-france-participation-des-femmes-en-hausse\/\",\"url\":\"https:\/\/bobea.net\/index.php\/2025\/01\/31\/elections-de-la-chambre-dagriculture-en-france-participation-des-femmes-en-hausse\/\",\"name\":\"\u00c9lections de la Chambre d'Agriculture en France : Participation des femmes en hausse - Bobea\",\"isPartOf\":{\"@id\":\"https:\/\/bobea.net\/#website\"},\"primaryImageOfPage\":{\"@id\":\"https:\/\/bobea.net\/index.php\/2025\/01\/31\/elections-de-la-chambre-dagriculture-en-france-participation-des-femmes-en-hausse\/#primaryimage\"},\"image\":{\"@id\":\"https:\/\/bobea.net\/index.php\/2025\/01\/31\/elections-de-la-chambre-dagriculture-en-france-participation-des-femmes-en-hausse\/#primaryimage\"},\"thumbnailUrl\":\"https:\/\/bobea.net\/wp-content\/uploads\/2025\/01\/maxnewsworldsix061670-677d307828333504545717-scaled.jpg\",\"datePublished\":\"2025-01-31T13:03:55+00:00\",\"dateModified\":\"2025-01-31T13:03:57+00:00\",\"description\":\"Les \u00e9lections de la Chambre d'Agriculture en France, qui se sont tenues hier, ont marqu\u00e9 un tournant historique avec une participation\",\"breadcrumb\":{\"@id\":\"https:\/\/bobea.net\/index.php\/2025\/01\/31\/elections-de-la-chambre-dagriculture-en-france-participation-des-femmes-en-hausse\/#breadcrumb\"},\"inLanguage\":\"fr-FR\",\"potentialAction\":[{\"@type\":\"ReadAction\",\"target\":[\"https:\/\/bobea.net\/index.php\/2025\/01\/31\/elections-de-la-chambre-dagriculture-en-france-participation-des-femmes-en-hausse\/\"]}]},{\"@type\":\"ImageObject\",\"inLanguage\":\"fr-FR\",\"@id\":\"https:\/\/bobea.net\/index.php\/2025\/01\/31\/elections-de-la-chambre-dagriculture-en-france-participation-des-femmes-en-hausse\/#primaryimage\",\"url\":\"https:\/\/bobea.net\/wp-content\/uploads\/2025\/01\/maxnewsworldsix061670-677d307828333504545717-scaled.jpg\",\"contentUrl\":\"https:\/\/bobea.net\/wp-content\/uploads\/2025\/01\/maxnewsworldsix061670-677d307828333504545717-scaled.jpg\",\"width\":2560,\"height\":1707,\"caption\":\"\u00c9lections de la Chambre d'Agriculture en France : Participation des femmes en hausse\"},{\"@type\":\"BreadcrumbList\",\"@id\":\"https:\/\/bobea.net\/index.php\/2025\/01\/31\/elections-de-la-chambre-dagriculture-en-france-participation-des-femmes-en-hausse\/#breadcrumb\",\"itemListElement\":[{\"@type\":\"ListItem\",\"position\":1,\"name\":\"Accueil\",\"item\":\"https:\/\/bobea.net\/\"},{\"@type\":\"ListItem\",\"position\":2,\"name\":\"\u00c9lections de la Chambre d&rsquo;Agriculture en France : Participation des femmes en hausse\"}]},{\"@type\":\"WebSite\",\"@id\":\"https:\/\/bobea.net\/#website\",\"url\":\"https:\/\/bobea.net\/\",\"name\":\"Bobea\",\"description\":\"Le magazine de la nouvelle \u00c8ve\",\"publisher\":{\"@id\":\"https:\/\/bobea.net\/#organization\"},\"potentialAction\":[{\"@type\":\"SearchAction\",\"target\":{\"@type\":\"EntryPoint\",\"urlTemplate\":\"https:\/\/bobea.net\/?s={search_term_string}\"},\"query-input\":{\"@type\":\"PropertyValueSpecification\",\"valueRequired\":true,\"valueName\":\"search_term_string\"}}],\"inLanguage\":\"fr-FR\"},{\"@type\":\"Organization\",\"@id\":\"https:\/\/bobea.net\/#organization\",\"name\":\"Bobea\",\"url\":\"https:\/\/bobea.net\/\",\"logo\":{\"@type\":\"ImageObject\",\"inLanguage\":\"fr-FR\",\"@id\":\"https:\/\/bobea.net\/#\/schema\/logo\/image\/\",\"url\":\"https:\/\/bobea.net\/wp-content\/uploads\/2024\/06\/bobea.jpg\",\"contentUrl\":\"https:\/\/bobea.net\/wp-content\/uploads\/2024\/06\/bobea.jpg\",\"width\":1080,\"height\":1080,\"caption\":\"Bobea\"},\"image\":{\"@id\":\"https:\/\/bobea.net\/#\/schema\/logo\/image\/\"},\"sameAs\":[\"https:\/\/web.facebook.com\/profile.php?id=61559252188416\"]},{\"@type\":\"Person\",\"@id\":\"https:\/\/bobea.net\/#\/schema\/person\/e7f45ef187918d7c956bf619dce90ccf\",\"name\":\"bobea.info\",\"image\":{\"@type\":\"ImageObject\",\"inLanguage\":\"fr-FR\",\"@id\":\"https:\/\/bobea.net\/#\/schema\/person\/image\/\",\"url\":\"https:\/\/secure.gravatar.com\/avatar\/36147980349df887ae30808df3e29474?s=96&d=mm&r=g\",\"contentUrl\":\"https:\/\/secure.gravatar.com\/avatar\/36147980349df887ae30808df3e29474?s=96&d=mm&r=g\",\"caption\":\"bobea.info\"},\"sameAs\":[\"https:\/\/bobea.net\"],\"url\":\"https:\/\/bobea.net\/index.php\/author\/bobea-info\/\"}]}<\/script>\n<!-- \/ Yoast SEO plugin. -->","yoast_head_json":{"title":"\u00c9lections de la Chambre d'Agriculture en France : Participation des femmes en hausse - Bobea","description":"Les \u00e9lections de la Chambre d'Agriculture en France, qui se sont tenues hier, ont marqu\u00e9 un tournant historique avec une participation","robots":{"index":"index","follow":"follow","max-snippet":"max-snippet:-1","max-image-preview":"max-image-preview:large","max-video-preview":"max-video-preview:-1"},"canonical":"https:\/\/bobea.net\/index.php\/2025\/01\/31\/elections-de-la-chambre-dagriculture-en-france-participation-des-femmes-en-hausse\/","og_locale":"fr_FR","og_type":"article","og_title":"\u00c9lections de la Chambre d'Agriculture en France : Participation des femmes en hausse - Bobea","og_description":"Les \u00e9lections de la Chambre d'Agriculture en France, qui se sont tenues hier, ont marqu\u00e9 un tournant historique avec une participation","og_url":"https:\/\/bobea.net\/index.php\/2025\/01\/31\/elections-de-la-chambre-dagriculture-en-france-participation-des-femmes-en-hausse\/","og_site_name":"Bobea","article_publisher":"https:\/\/web.facebook.com\/profile.php?id=61559252188416","article_published_time":"2025-01-31T13:03:55+00:00","article_modified_time":"2025-01-31T13:03:57+00:00","og_image":[{"width":2560,"height":1707,"url":"https:\/\/bobea.net\/wp-content\/uploads\/2025\/01\/maxnewsworldsix061670-677d307828333504545717-scaled.jpg","type":"image\/jpeg"}],"author":"bobea.info","twitter_card":"summary_large_image","twitter_misc":{"\u00c9crit par":"bobea.info","Dur\u00e9e de lecture estim\u00e9e":"3 minutes"},"schema":{"@context":"https:\/\/schema.org","@graph":[{"@type":"Article","@id":"https:\/\/bobea.net\/index.php\/2025\/01\/31\/elections-de-la-chambre-dagriculture-en-france-participation-des-femmes-en-hausse\/#article","isPartOf":{"@id":"https:\/\/bobea.net\/index.php\/2025\/01\/31\/elections-de-la-chambre-dagriculture-en-france-participation-des-femmes-en-hausse\/"},"author":{"name":"bobea.info","@id":"https:\/\/bobea.net\/#\/schema\/person\/e7f45ef187918d7c956bf619dce90ccf"},"headline":"\u00c9lections de la Chambre d\u2019Agriculture en France : Participation des femmes en hausse","datePublished":"2025-01-31T13:03:55+00:00","dateModified":"2025-01-31T13:03:57+00:00","mainEntityOfPage":{"@id":"https:\/\/bobea.net\/index.php\/2025\/01\/31\/elections-de-la-chambre-dagriculture-en-france-participation-des-femmes-en-hausse\/"},"wordCount":506,"commentCount":0,"publisher":{"@id":"https:\/\/bobea.net\/#organization"},"image":{"@id":"https:\/\/bobea.net\/index.php\/2025\/01\/31\/elections-de-la-chambre-dagriculture-en-france-participation-des-femmes-en-hausse\/#primaryimage"},"thumbnailUrl":"https:\/\/bobea.net\/wp-content\/uploads\/2025\/01\/maxnewsworldsix061670-677d307828333504545717-scaled.jpg","articleSection":["On en Parle"],"inLanguage":"fr-FR","potentialAction":[{"@type":"CommentAction","name":"Comment","target":["https:\/\/bobea.net\/index.php\/2025\/01\/31\/elections-de-la-chambre-dagriculture-en-france-participation-des-femmes-en-hausse\/#respond"]}]},{"@type":"WebPage","@id":"https:\/\/bobea.net\/index.php\/2025\/01\/31\/elections-de-la-chambre-dagriculture-en-france-participation-des-femmes-en-hausse\/","url":"https:\/\/bobea.net\/index.php\/2025\/01\/31\/elections-de-la-chambre-dagriculture-en-france-participation-des-femmes-en-hausse\/","name":"\u00c9lections de la Chambre d'Agriculture en France : Participation des femmes en hausse - Bobea","isPartOf":{"@id":"https:\/\/bobea.net\/#website"},"primaryImageOfPage":{"@id":"https:\/\/bobea.net\/index.php\/2025\/01\/31\/elections-de-la-chambre-dagriculture-en-france-participation-des-femmes-en-hausse\/#primaryimage"},"image":{"@id":"https:\/\/bobea.net\/index.php\/2025\/01\/31\/elections-de-la-chambre-dagriculture-en-france-participation-des-femmes-en-hausse\/#primaryimage"},"thumbnailUrl":"https:\/\/bobea.net\/wp-content\/uploads\/2025\/01\/maxnewsworldsix061670-677d307828333504545717-scaled.jpg","datePublished":"2025-01-31T13:03:55+00:00","dateModified":"2025-01-31T13:03:57+00:00","description":"Les \u00e9lections de la Chambre d'Agriculture en France, qui se sont tenues hier, ont marqu\u00e9 un tournant historique avec une participation","breadcrumb":{"@id":"https:\/\/bobea.net\/index.php\/2025\/01\/31\/elections-de-la-chambre-dagriculture-en-france-participation-des-femmes-en-hausse\/#breadcrumb"},"inLanguage":"fr-FR","potentialAction":[{"@type":"ReadAction","target":["https:\/\/bobea.net\/index.php\/2025\/01\/31\/elections-de-la-chambre-dagriculture-en-france-participation-des-femmes-en-hausse\/"]}]},{"@type":"ImageObject","inLanguage":"fr-FR","@id":"https:\/\/bobea.net\/index.php\/2025\/01\/31\/elections-de-la-chambre-dagriculture-en-france-participation-des-femmes-en-hausse\/#primaryimage","url":"https:\/\/bobea.net\/wp-content\/uploads\/2025\/01\/maxnewsworldsix061670-677d307828333504545717-scaled.jpg","contentUrl":"https:\/\/bobea.net\/wp-content\/uploads\/2025\/01\/maxnewsworldsix061670-677d307828333504545717-scaled.jpg","width":2560,"height":1707,"caption":"\u00c9lections de la Chambre d'Agriculture en France : Participation des femmes en hausse"},{"@type":"BreadcrumbList","@id":"https:\/\/bobea.net\/index.php\/2025\/01\/31\/elections-de-la-chambre-dagriculture-en-france-participation-des-femmes-en-hausse\/#breadcrumb","itemListElement":[{"@type":"ListItem","position":1,"name":"Accueil","item":"https:\/\/bobea.net\/"},{"@type":"ListItem","position":2,"name":"\u00c9lections de la Chambre d&rsquo;Agriculture en France : Participation des femmes en hausse"}]},{"@type":"WebSite","@id":"https:\/\/bobea.net\/#website","url":"https:\/\/bobea.net\/","name":"Bobea","description":"Le magazine de la nouvelle \u00c8ve","publisher":{"@id":"https:\/\/bobea.net\/#organization"},"potentialAction":[{"@type":"SearchAction","target":{"@type":"EntryPoint","urlTemplate":"https:\/\/bobea.net\/?s={search_term_string}"},"query-input":{"@type":"PropertyValueSpecification","valueRequired":true,"valueName":"search_term_string"}}],"inLanguage":"fr-FR"},{"@type":"Organization","@id":"https:\/\/bobea.net\/#organization","name":"Bobea","url":"https:\/\/bobea.net\/","logo":{"@type":"ImageObject","inLanguage":"fr-FR","@id":"https:\/\/bobea.net\/#\/schema\/logo\/image\/","url":"https:\/\/bobea.net\/wp-content\/uploads\/2024\/06\/bobea.jpg","contentUrl":"https:\/\/bobea.net\/wp-content\/uploads\/2024\/06\/bobea.jpg","width":1080,"height":1080,"caption":"Bobea"},"image":{"@id":"https:\/\/bobea.net\/#\/schema\/logo\/image\/"},"sameAs":["https:\/\/web.facebook.com\/profile.php?id=61559252188416"]},{"@type":"Person","@id":"https:\/\/bobea.net\/#\/schema\/person\/e7f45ef187918d7c956bf619dce90ccf","name":"bobea.info","image":{"@type":"ImageObject","inLanguage":"fr-FR","@id":"https:\/\/bobea.net\/#\/schema\/person\/image\/","url":"https:\/\/secure.gravatar.com\/avatar\/36147980349df887ae30808df3e29474?s=96&d=mm&r=g","contentUrl":"https:\/\/secure.gravatar.com\/avatar\/36147980349df887ae30808df3e29474?s=96&d=mm&r=g","caption":"bobea.info"},"sameAs":["https:\/\/bobea.net"],"url":"https:\/\/bobea.net\/index.php\/author\/bobea-info\/"}]}},"_links":{"self":[{"href":"https:\/\/bobea.net\/index.php\/wp-json\/wp\/v2\/posts\/8315"}],"collection":[{"href":"https:\/\/bobea.net\/index.php\/wp-json\/wp\/v2\/posts"}],"about":[{"href":"https:\/\/bobea.net\/index.php\/wp-json\/wp\/v2\/types\/post"}],"author":[{"embeddable":true,"href":"https:\/\/bobea.net\/index.php\/wp-json\/wp\/v2\/users\/1"}],"replies":[{"embeddable":true,"href":"https:\/\/bobea.net\/index.php\/wp-json\/wp\/v2\/comments?post=8315"}],"version-history":[{"count":0,"href":"https:\/\/bobea.net\/index.php\/wp-json\/wp\/v2\/posts\/8315\/revisions"}],"wp:featuredmedia":[{"embeddable":true,"href":"https:\/\/bobea.net\/index.php\/wp-json\/wp\/v2\/media\/8316"}],"wp:attachment":[{"href":"https:\/\/bobea.net\/index.php\/wp-json\/wp\/v2\/media?parent=8315"}],"wp:term":[{"taxonomy":"category","embeddable":true,"href":"https:\/\/bobea.net\/index.php\/wp-json\/wp\/v2\/categories?post=8315"},{"taxonomy":"post_tag","embeddable":true,"href":"https:\/\/bobea.net\/index.php\/wp-json\/wp\/v2\/tags?post=8315"}],"curies":[{"name":"wp","href":"https:\/\/api.w.org\/{rel}","templated":true}]}}