{"id":8225,"date":"2025-01-30T13:39:21","date_gmt":"2025-01-30T13:39:21","guid":{"rendered":"https:\/\/bobea.net\/?p=8225"},"modified":"2025-01-30T13:39:23","modified_gmt":"2025-01-30T13:39:23","slug":"mode-ethique-ces-marques-feminines-africaines-qui-allient-style-et-responsabilite-environnementale","status":"publish","type":"post","link":"https:\/\/bobea.net\/index.php\/2025\/01\/30\/mode-ethique-ces-marques-feminines-africaines-qui-allient-style-et-responsabilite-environnementale\/","title":{"rendered":"Mode \u00e9thique : Ces marques f\u00e9minines africaines qui allient style et responsabilit\u00e9 environnementale"},"content":{"rendered":"\n<p>En 2025, l\u2019Afrique s\u2019im\u00adpose comme un acteur majeur de la mode \u00e9thique et durable. Des cr\u00e9a\u00adtri\u00adces vision\u00adnaires \u00e0 tra\u00advers le con\u00adti\u00adnent red\u00e9finis\u00adsent les stan\u00addards de l\u2019in\u00addus\u00adtrie en alliant savoir-faire tra\u00addi\u00adtion\u00adnel, inno\u00adva\u00adtion \u00e9cologique et design con\u00adtem\u00adpo\u00adrain. Ces mar\u00adques f\u00e9minines africaines ne se con\u00adtentent pas de cr\u00e9er des v\u00eate\u00adments ; elles por\u00adtent un mes\u00adsage fort de respon\u00ads\u00adabil\u00adit\u00e9 envi\u00adron\u00adnemen\u00adtale et sociale.<\/p>\n\n\n\n<p>L\u2019es\u00adsor de la mode \u00e9thique en Afrique<\/p>\n\n\n\n<p>Le con\u00adti\u00adnent africain, longtemps con\u00adsid\u00ad\u00e9r\u00e9 comme un sim\u00adple four\u00adnisseur de mati\u00e8res pre\u00admi\u00e8res pour l\u2019in\u00addus\u00adtrie tex\u00adtile mon\u00addi\u00adale, se posi\u00adtionne d\u00e9sor\u00admais comme un leader de la mode \u00e9thique.<\/p>\n\n\n\n<p>Selon un rap\u00adport de l\u2019African Fash\u00adion Foun\u00adda\u00adtion, le march\u00e9 de la mode durable en Afrique a con\u00adnu une crois\u00adsance de 300% entre 2020 et 2025.Omoyemi Akerele, fon\u00adda\u00adtrice de Lagos Fash\u00adion Week, explique : \u201cLes cr\u00e9a\u00adtri\u00adces africaines ont com\u00adpris que la mode peut \u00eatre un puis\u00adsant vecteur de change\u00adment. Elles utilisent leur tal\u00adent pour pro\u00admou\u00advoir une approche plus respon\u00ads\u00adable et inclu\u00adsive de l\u2019in\u00addus\u00adtrie.\u201d<\/p>\n\n\n\n<p>Les mar\u00adques pio\u00adnni\u00e8res<\/p>\n\n\n\n<p>1. Afro\u00admin\u00adi\u00adma (Nige\u00adria)<\/p>\n\n\n\n<p>Fond\u00e9e par Ade\u00adbayo Oke-Law\u00adal, cette mar\u00adque utilise exclu\u00adsive\u00adment des tis\u00adsus recy\u00adcl\u00e9s et des tein\u00adtures naturelles. Son approche min\u00adi\u00admal\u00adiste met en valeur la beaut\u00e9 des tex\u00adtiles africains tout en min\u00adimisant l\u2019im\u00adpact envi\u00adron\u00adnemen\u00adtal.<\/p>\n\n\n\n<p>2. EcoW\u00adar\u00adrior (Kenya)<\/p>\n\n\n\n<p>Cr\u00e9\u00e9e par Wan\u00adjiru Murage, EcoW\u00adar\u00adrior se sp\u00e9\u00adcialise dans la cr\u00e9a\u00adtion de v\u00eate\u00adments \u00e0 par\u00adtir de d\u00e9chets plas\u00adtiques r\u00e9cup\u00e9r\u00e9s dans l\u2019oc\u00e9an Indi\u00aden. La mar\u00adque emploie des femmes issues de com\u00admu\u00adnaut\u00e9s c\u00f4ti\u00e8res d\u00e9fa\u00advoris\u00e9es.<\/p>\n\n\n\n<p>3. Suave (Ghana)<\/p>\n\n\n\n<p>Cette mar\u00adque, fond\u00e9e par Nana Boateng Osei, trans\u00adforme des sacs de jute usag\u00e9s en acces\u00adsoires de mode \u00e9l\u00e9\u00adgants. Suave col\u00adla\u00adbore avec des arti\u00adsans locaux pour pr\u00e9serv\u00ader les tech\u00adniques de tis\u00adsage tra\u00addi\u00adtion\u00adnelles.<\/p>\n\n\n\n<p>4. Yevu (C\u00f4te d\u2019Ivoire)<\/p>\n\n\n\n<p>Yevu, cr\u00e9\u00e9e par Anna Robert\u00adson, se dis\u00adtingue par son util\u00adi\u00adsa\u00adtion de tis\u00adsus wax pro\u00adduits de mani\u00e8re \u00e9thique. La mar\u00adque a mis en place un sys\u00adt\u00e8me de tra\u00e7a\u00adbil\u00adit\u00e9 com\u00adplet, per\u00adme\u00adt\u00adtant aux clients de con\u00adna\u00eetre l\u2019o\u00adrig\u00adine exacte de chaque pi\u00e8ce.<\/p>\n\n\n\n<p>Inno\u00adva\u00adtion et tra\u00addi\u00adtion<\/p>\n\n\n\n<p>Ces mar\u00adques se car\u00adac\u00adt\u00e9risent par leur capac\u00adit\u00e9 \u00e0 alli\u00ader inno\u00adva\u00adtion tech\u00adnologique et savoir-faire ances\u00adtral :<\/p>\n\n\n\n<p>Tein\u00adtures naturelles inno\u00advantes<\/p>\n\n\n\n<p>Plusieurs mar\u00adques, comme Afro\u00admin\u00adi\u00adma, ont d\u00e9velop\u00adp\u00e9 des tech\u00adniques de tein\u00adture util\u00adisant des pig\u00adments naturels extraits de plantes locales. Ces m\u00e9th\u00adodes per\u00adme\u00adt\u00adtent d\u2019obtenir des couleurs vibrantes tout en r\u00e9duisant l\u2019im\u00adpact envi\u00adron\u00adnemen\u00adtal.<\/p>\n\n\n\n<figure class=\"wp-block-image size-large\"><img loading=\"lazy\" decoding=\"async\" width=\"1024\" height=\"585\" src=\"https:\/\/bobea.net\/wp-content\/uploads\/2025\/01\/the-role-of-fashion-designers-in-sustainable-fashion-1-1024x585.jpeg\" alt class=\"wp-image-8227\" srcset=\"https:\/\/bobea.net\/wp-content\/uploads\/2025\/01\/the-role-of-fashion-designers-in-sustainable-fashion-1-1024x585.jpeg 1024w, https:\/\/bobea.net\/wp-content\/uploads\/2025\/01\/the-role-of-fashion-designers-in-sustainable-fashion-1-300x171.jpeg 300w, https:\/\/bobea.net\/wp-content\/uploads\/2025\/01\/the-role-of-fashion-designers-in-sustainable-fashion-1-768x439.jpeg 768w, https:\/\/bobea.net\/wp-content\/uploads\/2025\/01\/the-role-of-fashion-designers-in-sustainable-fashion-1-1536x878.jpeg 1536w, https:\/\/bobea.net\/wp-content\/uploads\/2025\/01\/the-role-of-fashion-designers-in-sustainable-fashion-1.jpeg 2016w\" sizes=\"(max-width: 1024px) 100vw, 1024px\"><\/figure>\n\n\n\n<p>Upcy\u00adcling cr\u00e9atif<\/p>\n\n\n\n<p>L\u2019up\u00adcy\u00adcling, ou sur\u00adcy\u00adclage, est au c\u0153ur de nom\u00adbreuses col\u00adlec\u00adtions. Des mat\u00e9ri\u00adaux inat\u00adten\u00addus comme des sacs de ciment ou des filets de p\u00eache sont trans\u00adfor\u00adm\u00e9s en pi\u00e8ces de mode uniques.<\/p>\n\n\n\n<p>Tis\u00adsage high-tech<\/p>\n\n\n\n<p>Des cr\u00e9a\u00adtri\u00adces comme Wan\u00adjiru Murage d\u2019E\u00adcoW\u00adar\u00adrior ont d\u00e9velop\u00adp\u00e9 des m\u00e9tiers \u00e0 tiss\u00ader semi-automa\u00adtis\u00e9s qui per\u00adme\u00adt\u00adtent de tra\u00advailler avec des mat\u00e9ri\u00adaux recy\u00adcl\u00e9s tout en pr\u00e9ser\u00advant les tech\u00adniques de tis\u00adsage tra\u00addi\u00adtion\u00adnelles.<\/p>\n\n\n\n<p>Engage\u00adment social et envi\u00adron\u00adnemen\u00adtal<\/p>\n\n\n\n<p>Au-del\u00e0 de la cr\u00e9a\u00adtion de v\u00eate\u00adments, ces mar\u00adques s\u2019en\u00adga\u00adgent pour un change\u00adment posi\u00adtif :<\/p>\n\n\n\n<p>Empow\u00ader\u00adment des femmes<\/p>\n\n\n\n<p>La plu\u00adpart de ces mar\u00adques emploient majori\u00adtaire\u00adment des femmes, sou\u00advent issues de com\u00admu\u00adnaut\u00e9s d\u00e9fa\u00advoris\u00e9es. Elles offrent des for\u00adma\u00adtions et des oppor\u00adtu\u00adnit\u00e9s d\u2019\u00e9vo\u00adlu\u00adtion pro\u00adfes\u00adsion\u00adnelle.<\/p>\n\n\n\n<p>Pr\u00e9ser\u00adva\u00adtion des savoir-faire<\/p>\n\n\n\n<p>En col\u00adlab\u00ado\u00adrant avec des arti\u00adsans locaux, ces mar\u00adques con\u00adtribuent \u00e0 la pr\u00e9ser\u00adva\u00adtion et \u00e0 la val\u00adori\u00adsa\u00adtion des tech\u00adniques arti\u00adsanales tra\u00addi\u00adtion\u00adnelles.<\/p>\n\n\n\n<p>\u00c9du\u00adca\u00adtion envi\u00adron\u00adnemen\u00adtale<\/p>\n\n\n\n<p>Plusieurs cr\u00e9a\u00adtri\u00adces, comme Nana Boateng Osei de Suave, organ\u00adisent des ate\u00adliers de sen\u00adsi\u00adbil\u00adi\u00adsa\u00adtion \u00e0 l\u2019\u00e9\u00adcolo\u00adgie dans les \u00e9coles et les com\u00admu\u00adnaut\u00e9s locales.<\/p>\n\n\n\n<p>D\u00e9fis et per\u00adspec\u00adtives<\/p>\n\n\n\n<p>Mal\u00adgr\u00e9 leur suc\u00adc\u00e8s crois\u00adsant, ces mar\u00adques \u00e9thiques africaines font face \u00e0 plusieurs d\u00e9fis :<\/p>\n\n\n\n<p>Acc\u00e8s aux finance\u00adments<\/p>\n\n\n\n<p>Le manque d\u2019ac\u00adc\u00e8s aux cap\u00adi\u00adtaux reste un frein majeur pour de nom\u00adbreuses cr\u00e9a\u00adtri\u00adces. Des ini\u00adtia\u00adtives comme le African Fash\u00adion Fund cherchent \u00e0 combler ce gap.<\/p>\n\n\n\n<p>Logis\u00adtique et dis\u00adtri\u00adb\u00adu\u00adtion<\/p>\n\n\n\n<p>L\u2019ex\u00adpor\u00adta\u00adtion des pro\u00adduits vers les march\u00e9s inter\u00adna\u00adtionaux reste com\u00adplexe et co\u00fb\u00adteuse. Des plate\u00adformes de e\u2011commerce sp\u00e9\u00adcial\u00adis\u00e9es comme Afrikrea ten\u00adtent de faciliter cette inter\u00adna\u00adtion\u00adal\u00adi\u00adsa\u00adtion.<\/p>\n\n\n\n<p>Con\u00adcur\u00adrence des grandes mar\u00adques<\/p>\n\n\n\n<p>Face \u00e0 l\u2019in\u00adt\u00e9r\u00eat crois\u00adsant pour la mode \u00e9thique, les grandes mar\u00adques inter\u00adna\u00adtionales investis\u00adsent le march\u00e9 africain. Les cr\u00e9a\u00adtri\u00adces locales doivent redou\u00adbler d\u2019in\u00adno\u00adva\u00adtion pour se d\u00e9mar\u00adquer.<\/p>\n","protected":false},"excerpt":{"rendered":"<p>En 2025, l\u2019Afrique s\u2019im\u00adpose comme un acteur majeur de la mode \u00e9thique et durable. Des cr\u00e9a\u00adtri\u00adces vision\u00adnaires \u00e0 tra\u00advers le con\u00adti\u00adnent red\u00e9finis\u00adsent les stan\u00addards de l\u2019in\u00addus\u00adtrie en alliant savoir-faire tra\u00addi\u00adtion\u00adnel,\u2026 <\/p>\n","protected":false},"author":1,"featured_media":8226,"comment_status":"open","ping_status":"open","sticky":false,"template":"","format":"standard","meta":{"wp_typography_post_enhancements_disabled":false,"footnotes":""},"categories":[50],"tags":[],"class_list":["post-8225","post","type-post","status-publish","format-standard","has-post-thumbnail","hentry","category-mode"],"yoast_head":"<!-- This site is optimized with the Yoast SEO plugin v24.7 - https:\/\/yoast.com\/wordpress\/plugins\/seo\/ -->\n<title>Mode \u00e9thique : Ces marques f\u00e9minines africaines qui allient style et responsabilit\u00e9 environnementale - Bobea<\/title>\n<meta name=\"robots\" content=\"index, follow, max-snippet:-1, max-image-preview:large, max-video-preview:-1\" \/>\n<link rel=\"canonical\" href=\"https:\/\/bobea.net\/index.php\/2025\/01\/30\/mode-ethique-ces-marques-feminines-africaines-qui-allient-style-et-responsabilite-environnementale\/\" \/>\n<meta property=\"og:locale\" content=\"fr_FR\" \/>\n<meta property=\"og:type\" content=\"article\" \/>\n<meta property=\"og:title\" content=\"Mode \u00e9thique : Ces marques f\u00e9minines africaines qui allient style et responsabilit\u00e9 environnementale - Bobea\" \/>\n<meta property=\"og:description\" content=\"En 2025, l\u2019Afrique s\u2019im\u00adpose comme un acteur majeur de la mode \u00e9thique et durable. Des cr\u00e9a\u00adtri\u00adces vision\u00adnaires \u00e0 tra\u00advers le con\u00adti\u00adnent red\u00e9finis\u00adsent les stan\u00addards de l\u2019in\u00addus\u00adtrie en alliant savoir-faire tra\u00addi\u00adtion\u00adnel,&hellip;\" \/>\n<meta property=\"og:url\" content=\"https:\/\/bobea.net\/index.php\/2025\/01\/30\/mode-ethique-ces-marques-feminines-africaines-qui-allient-style-et-responsabilite-environnementale\/\" \/>\n<meta property=\"og:site_name\" content=\"Bobea\" \/>\n<meta property=\"article:publisher\" content=\"https:\/\/web.facebook.com\/profile.php?id=61559252188416\" \/>\n<meta property=\"article:published_time\" content=\"2025-01-30T13:39:21+00:00\" \/>\n<meta property=\"article:modified_time\" content=\"2025-01-30T13:39:23+00:00\" \/>\n<meta property=\"og:image\" content=\"https:\/\/bobea.net\/wp-content\/uploads\/2025\/01\/spring-fashion-our-selection-of-local-designers-to-support-1024x585-1.jpeg\" \/>\n\t<meta property=\"og:image:width\" content=\"1024\" \/>\n\t<meta property=\"og:image:height\" content=\"585\" \/>\n\t<meta property=\"og:image:type\" content=\"image\/jpeg\" \/>\n<meta name=\"author\" content=\"bobea.info\" \/>\n<meta name=\"twitter:card\" content=\"summary_large_image\" \/>\n<meta name=\"twitter:label1\" content=\"\u00c9crit par\" \/>\n\t<meta name=\"twitter:data1\" content=\"bobea.info\" \/>\n\t<meta name=\"twitter:label2\" content=\"Dur\u00e9e de lecture estim\u00e9e\" \/>\n\t<meta name=\"twitter:data2\" content=\"4 minutes\" \/>\n<script type=\"application\/ld+json\" class=\"yoast-schema-graph\">{\"@context\":\"https:\/\/schema.org\",\"@graph\":[{\"@type\":\"Article\",\"@id\":\"https:\/\/bobea.net\/index.php\/2025\/01\/30\/mode-ethique-ces-marques-feminines-africaines-qui-allient-style-et-responsabilite-environnementale\/#article\",\"isPartOf\":{\"@id\":\"https:\/\/bobea.net\/index.php\/2025\/01\/30\/mode-ethique-ces-marques-feminines-africaines-qui-allient-style-et-responsabilite-environnementale\/\"},\"author\":{\"name\":\"bobea.info\",\"@id\":\"https:\/\/bobea.net\/#\/schema\/person\/e7f45ef187918d7c956bf619dce90ccf\"},\"headline\":\"Mode \u00e9thique : Ces marques f\u00e9minines africaines qui allient style et responsabilit\u00e9 environnementale\",\"datePublished\":\"2025-01-30T13:39:21+00:00\",\"dateModified\":\"2025-01-30T13:39:23+00:00\",\"mainEntityOfPage\":{\"@id\":\"https:\/\/bobea.net\/index.php\/2025\/01\/30\/mode-ethique-ces-marques-feminines-africaines-qui-allient-style-et-responsabilite-environnementale\/\"},\"wordCount\":696,\"commentCount\":0,\"publisher\":{\"@id\":\"https:\/\/bobea.net\/#organization\"},\"image\":{\"@id\":\"https:\/\/bobea.net\/index.php\/2025\/01\/30\/mode-ethique-ces-marques-feminines-africaines-qui-allient-style-et-responsabilite-environnementale\/#primaryimage\"},\"thumbnailUrl\":\"https:\/\/bobea.net\/wp-content\/uploads\/2025\/01\/spring-fashion-our-selection-of-local-designers-to-support-1024x585-1.jpeg\",\"articleSection\":[\"Mode\"],\"inLanguage\":\"fr-FR\",\"potentialAction\":[{\"@type\":\"CommentAction\",\"name\":\"Comment\",\"target\":[\"https:\/\/bobea.net\/index.php\/2025\/01\/30\/mode-ethique-ces-marques-feminines-africaines-qui-allient-style-et-responsabilite-environnementale\/#respond\"]}]},{\"@type\":\"WebPage\",\"@id\":\"https:\/\/bobea.net\/index.php\/2025\/01\/30\/mode-ethique-ces-marques-feminines-africaines-qui-allient-style-et-responsabilite-environnementale\/\",\"url\":\"https:\/\/bobea.net\/index.php\/2025\/01\/30\/mode-ethique-ces-marques-feminines-africaines-qui-allient-style-et-responsabilite-environnementale\/\",\"name\":\"Mode \u00e9thique : Ces marques f\u00e9minines africaines qui allient style et responsabilit\u00e9 environnementale - Bobea\",\"isPartOf\":{\"@id\":\"https:\/\/bobea.net\/#website\"},\"primaryImageOfPage\":{\"@id\":\"https:\/\/bobea.net\/index.php\/2025\/01\/30\/mode-ethique-ces-marques-feminines-africaines-qui-allient-style-et-responsabilite-environnementale\/#primaryimage\"},\"image\":{\"@id\":\"https:\/\/bobea.net\/index.php\/2025\/01\/30\/mode-ethique-ces-marques-feminines-africaines-qui-allient-style-et-responsabilite-environnementale\/#primaryimage\"},\"thumbnailUrl\":\"https:\/\/bobea.net\/wp-content\/uploads\/2025\/01\/spring-fashion-our-selection-of-local-designers-to-support-1024x585-1.jpeg\",\"datePublished\":\"2025-01-30T13:39:21+00:00\",\"dateModified\":\"2025-01-30T13:39:23+00:00\",\"breadcrumb\":{\"@id\":\"https:\/\/bobea.net\/index.php\/2025\/01\/30\/mode-ethique-ces-marques-feminines-africaines-qui-allient-style-et-responsabilite-environnementale\/#breadcrumb\"},\"inLanguage\":\"fr-FR\",\"potentialAction\":[{\"@type\":\"ReadAction\",\"target\":[\"https:\/\/bobea.net\/index.php\/2025\/01\/30\/mode-ethique-ces-marques-feminines-africaines-qui-allient-style-et-responsabilite-environnementale\/\"]}]},{\"@type\":\"ImageObject\",\"inLanguage\":\"fr-FR\",\"@id\":\"https:\/\/bobea.net\/index.php\/2025\/01\/30\/mode-ethique-ces-marques-feminines-africaines-qui-allient-style-et-responsabilite-environnementale\/#primaryimage\",\"url\":\"https:\/\/bobea.net\/wp-content\/uploads\/2025\/01\/spring-fashion-our-selection-of-local-designers-to-support-1024x585-1.jpeg\",\"contentUrl\":\"https:\/\/bobea.net\/wp-content\/uploads\/2025\/01\/spring-fashion-our-selection-of-local-designers-to-support-1024x585-1.jpeg\",\"width\":1024,\"height\":585,\"caption\":\"Mode \u00e9thique : Ces marques f\u00e9minines africaines qui allient style et responsabilit\u00e9 environnementale\"},{\"@type\":\"BreadcrumbList\",\"@id\":\"https:\/\/bobea.net\/index.php\/2025\/01\/30\/mode-ethique-ces-marques-feminines-africaines-qui-allient-style-et-responsabilite-environnementale\/#breadcrumb\",\"itemListElement\":[{\"@type\":\"ListItem\",\"position\":1,\"name\":\"Accueil\",\"item\":\"https:\/\/bobea.net\/\"},{\"@type\":\"ListItem\",\"position\":2,\"name\":\"Mode \u00e9thique : Ces marques f\u00e9minines africaines qui allient style et responsabilit\u00e9 environnementale\"}]},{\"@type\":\"WebSite\",\"@id\":\"https:\/\/bobea.net\/#website\",\"url\":\"https:\/\/bobea.net\/\",\"name\":\"Bobea\",\"description\":\"Le magazine de la nouvelle \u00c8ve\",\"publisher\":{\"@id\":\"https:\/\/bobea.net\/#organization\"},\"potentialAction\":[{\"@type\":\"SearchAction\",\"target\":{\"@type\":\"EntryPoint\",\"urlTemplate\":\"https:\/\/bobea.net\/?s={search_term_string}\"},\"query-input\":{\"@type\":\"PropertyValueSpecification\",\"valueRequired\":true,\"valueName\":\"search_term_string\"}}],\"inLanguage\":\"fr-FR\"},{\"@type\":\"Organization\",\"@id\":\"https:\/\/bobea.net\/#organization\",\"name\":\"Bobea\",\"url\":\"https:\/\/bobea.net\/\",\"logo\":{\"@type\":\"ImageObject\",\"inLanguage\":\"fr-FR\",\"@id\":\"https:\/\/bobea.net\/#\/schema\/logo\/image\/\",\"url\":\"https:\/\/bobea.net\/wp-content\/uploads\/2024\/06\/bobea.jpg\",\"contentUrl\":\"https:\/\/bobea.net\/wp-content\/uploads\/2024\/06\/bobea.jpg\",\"width\":1080,\"height\":1080,\"caption\":\"Bobea\"},\"image\":{\"@id\":\"https:\/\/bobea.net\/#\/schema\/logo\/image\/\"},\"sameAs\":[\"https:\/\/web.facebook.com\/profile.php?id=61559252188416\"]},{\"@type\":\"Person\",\"@id\":\"https:\/\/bobea.net\/#\/schema\/person\/e7f45ef187918d7c956bf619dce90ccf\",\"name\":\"bobea.info\",\"image\":{\"@type\":\"ImageObject\",\"inLanguage\":\"fr-FR\",\"@id\":\"https:\/\/bobea.net\/#\/schema\/person\/image\/\",\"url\":\"https:\/\/secure.gravatar.com\/avatar\/36147980349df887ae30808df3e29474?s=96&d=mm&r=g\",\"contentUrl\":\"https:\/\/secure.gravatar.com\/avatar\/36147980349df887ae30808df3e29474?s=96&d=mm&r=g\",\"caption\":\"bobea.info\"},\"sameAs\":[\"https:\/\/bobea.net\"],\"url\":\"https:\/\/bobea.net\/index.php\/author\/bobea-info\/\"}]}<\/script>\n<!-- \/ Yoast SEO plugin. -->","yoast_head_json":{"title":"Mode \u00e9thique : Ces marques f\u00e9minines africaines qui allient style et responsabilit\u00e9 environnementale - Bobea","robots":{"index":"index","follow":"follow","max-snippet":"max-snippet:-1","max-image-preview":"max-image-preview:large","max-video-preview":"max-video-preview:-1"},"canonical":"https:\/\/bobea.net\/index.php\/2025\/01\/30\/mode-ethique-ces-marques-feminines-africaines-qui-allient-style-et-responsabilite-environnementale\/","og_locale":"fr_FR","og_type":"article","og_title":"Mode \u00e9thique : Ces marques f\u00e9minines africaines qui allient style et responsabilit\u00e9 environnementale - Bobea","og_description":"En 2025, l\u2019Afrique s\u2019im\u00adpose comme un acteur majeur de la mode \u00e9thique et durable. Des cr\u00e9a\u00adtri\u00adces vision\u00adnaires \u00e0 tra\u00advers le con\u00adti\u00adnent red\u00e9finis\u00adsent les stan\u00addards de l\u2019in\u00addus\u00adtrie en alliant savoir-faire tra\u00addi\u00adtion\u00adnel,&hellip;","og_url":"https:\/\/bobea.net\/index.php\/2025\/01\/30\/mode-ethique-ces-marques-feminines-africaines-qui-allient-style-et-responsabilite-environnementale\/","og_site_name":"Bobea","article_publisher":"https:\/\/web.facebook.com\/profile.php?id=61559252188416","article_published_time":"2025-01-30T13:39:21+00:00","article_modified_time":"2025-01-30T13:39:23+00:00","og_image":[{"width":1024,"height":585,"url":"https:\/\/bobea.net\/wp-content\/uploads\/2025\/01\/spring-fashion-our-selection-of-local-designers-to-support-1024x585-1.jpeg","type":"image\/jpeg"}],"author":"bobea.info","twitter_card":"summary_large_image","twitter_misc":{"\u00c9crit par":"bobea.info","Dur\u00e9e de lecture estim\u00e9e":"4 minutes"},"schema":{"@context":"https:\/\/schema.org","@graph":[{"@type":"Article","@id":"https:\/\/bobea.net\/index.php\/2025\/01\/30\/mode-ethique-ces-marques-feminines-africaines-qui-allient-style-et-responsabilite-environnementale\/#article","isPartOf":{"@id":"https:\/\/bobea.net\/index.php\/2025\/01\/30\/mode-ethique-ces-marques-feminines-africaines-qui-allient-style-et-responsabilite-environnementale\/"},"author":{"name":"bobea.info","@id":"https:\/\/bobea.net\/#\/schema\/person\/e7f45ef187918d7c956bf619dce90ccf"},"headline":"Mode \u00e9thique : Ces marques f\u00e9minines africaines qui allient style et responsabilit\u00e9 environnementale","datePublished":"2025-01-30T13:39:21+00:00","dateModified":"2025-01-30T13:39:23+00:00","mainEntityOfPage":{"@id":"https:\/\/bobea.net\/index.php\/2025\/01\/30\/mode-ethique-ces-marques-feminines-africaines-qui-allient-style-et-responsabilite-environnementale\/"},"wordCount":696,"commentCount":0,"publisher":{"@id":"https:\/\/bobea.net\/#organization"},"image":{"@id":"https:\/\/bobea.net\/index.php\/2025\/01\/30\/mode-ethique-ces-marques-feminines-africaines-qui-allient-style-et-responsabilite-environnementale\/#primaryimage"},"thumbnailUrl":"https:\/\/bobea.net\/wp-content\/uploads\/2025\/01\/spring-fashion-our-selection-of-local-designers-to-support-1024x585-1.jpeg","articleSection":["Mode"],"inLanguage":"fr-FR","potentialAction":[{"@type":"CommentAction","name":"Comment","target":["https:\/\/bobea.net\/index.php\/2025\/01\/30\/mode-ethique-ces-marques-feminines-africaines-qui-allient-style-et-responsabilite-environnementale\/#respond"]}]},{"@type":"WebPage","@id":"https:\/\/bobea.net\/index.php\/2025\/01\/30\/mode-ethique-ces-marques-feminines-africaines-qui-allient-style-et-responsabilite-environnementale\/","url":"https:\/\/bobea.net\/index.php\/2025\/01\/30\/mode-ethique-ces-marques-feminines-africaines-qui-allient-style-et-responsabilite-environnementale\/","name":"Mode \u00e9thique : Ces marques f\u00e9minines africaines qui allient style et responsabilit\u00e9 environnementale - Bobea","isPartOf":{"@id":"https:\/\/bobea.net\/#website"},"primaryImageOfPage":{"@id":"https:\/\/bobea.net\/index.php\/2025\/01\/30\/mode-ethique-ces-marques-feminines-africaines-qui-allient-style-et-responsabilite-environnementale\/#primaryimage"},"image":{"@id":"https:\/\/bobea.net\/index.php\/2025\/01\/30\/mode-ethique-ces-marques-feminines-africaines-qui-allient-style-et-responsabilite-environnementale\/#primaryimage"},"thumbnailUrl":"https:\/\/bobea.net\/wp-content\/uploads\/2025\/01\/spring-fashion-our-selection-of-local-designers-to-support-1024x585-1.jpeg","datePublished":"2025-01-30T13:39:21+00:00","dateModified":"2025-01-30T13:39:23+00:00","breadcrumb":{"@id":"https:\/\/bobea.net\/index.php\/2025\/01\/30\/mode-ethique-ces-marques-feminines-africaines-qui-allient-style-et-responsabilite-environnementale\/#breadcrumb"},"inLanguage":"fr-FR","potentialAction":[{"@type":"ReadAction","target":["https:\/\/bobea.net\/index.php\/2025\/01\/30\/mode-ethique-ces-marques-feminines-africaines-qui-allient-style-et-responsabilite-environnementale\/"]}]},{"@type":"ImageObject","inLanguage":"fr-FR","@id":"https:\/\/bobea.net\/index.php\/2025\/01\/30\/mode-ethique-ces-marques-feminines-africaines-qui-allient-style-et-responsabilite-environnementale\/#primaryimage","url":"https:\/\/bobea.net\/wp-content\/uploads\/2025\/01\/spring-fashion-our-selection-of-local-designers-to-support-1024x585-1.jpeg","contentUrl":"https:\/\/bobea.net\/wp-content\/uploads\/2025\/01\/spring-fashion-our-selection-of-local-designers-to-support-1024x585-1.jpeg","width":1024,"height":585,"caption":"Mode \u00e9thique : Ces marques f\u00e9minines africaines qui allient style et responsabilit\u00e9 environnementale"},{"@type":"BreadcrumbList","@id":"https:\/\/bobea.net\/index.php\/2025\/01\/30\/mode-ethique-ces-marques-feminines-africaines-qui-allient-style-et-responsabilite-environnementale\/#breadcrumb","itemListElement":[{"@type":"ListItem","position":1,"name":"Accueil","item":"https:\/\/bobea.net\/"},{"@type":"ListItem","position":2,"name":"Mode \u00e9thique : Ces marques f\u00e9minines africaines qui allient style et responsabilit\u00e9 environnementale"}]},{"@type":"WebSite","@id":"https:\/\/bobea.net\/#website","url":"https:\/\/bobea.net\/","name":"Bobea","description":"Le magazine de la nouvelle \u00c8ve","publisher":{"@id":"https:\/\/bobea.net\/#organization"},"potentialAction":[{"@type":"SearchAction","target":{"@type":"EntryPoint","urlTemplate":"https:\/\/bobea.net\/?s={search_term_string}"},"query-input":{"@type":"PropertyValueSpecification","valueRequired":true,"valueName":"search_term_string"}}],"inLanguage":"fr-FR"},{"@type":"Organization","@id":"https:\/\/bobea.net\/#organization","name":"Bobea","url":"https:\/\/bobea.net\/","logo":{"@type":"ImageObject","inLanguage":"fr-FR","@id":"https:\/\/bobea.net\/#\/schema\/logo\/image\/","url":"https:\/\/bobea.net\/wp-content\/uploads\/2024\/06\/bobea.jpg","contentUrl":"https:\/\/bobea.net\/wp-content\/uploads\/2024\/06\/bobea.jpg","width":1080,"height":1080,"caption":"Bobea"},"image":{"@id":"https:\/\/bobea.net\/#\/schema\/logo\/image\/"},"sameAs":["https:\/\/web.facebook.com\/profile.php?id=61559252188416"]},{"@type":"Person","@id":"https:\/\/bobea.net\/#\/schema\/person\/e7f45ef187918d7c956bf619dce90ccf","name":"bobea.info","image":{"@type":"ImageObject","inLanguage":"fr-FR","@id":"https:\/\/bobea.net\/#\/schema\/person\/image\/","url":"https:\/\/secure.gravatar.com\/avatar\/36147980349df887ae30808df3e29474?s=96&d=mm&r=g","contentUrl":"https:\/\/secure.gravatar.com\/avatar\/36147980349df887ae30808df3e29474?s=96&d=mm&r=g","caption":"bobea.info"},"sameAs":["https:\/\/bobea.net"],"url":"https:\/\/bobea.net\/index.php\/author\/bobea-info\/"}]}},"_links":{"self":[{"href":"https:\/\/bobea.net\/index.php\/wp-json\/wp\/v2\/posts\/8225"}],"collection":[{"href":"https:\/\/bobea.net\/index.php\/wp-json\/wp\/v2\/posts"}],"about":[{"href":"https:\/\/bobea.net\/index.php\/wp-json\/wp\/v2\/types\/post"}],"author":[{"embeddable":true,"href":"https:\/\/bobea.net\/index.php\/wp-json\/wp\/v2\/users\/1"}],"replies":[{"embeddable":true,"href":"https:\/\/bobea.net\/index.php\/wp-json\/wp\/v2\/comments?post=8225"}],"version-history":[{"count":0,"href":"https:\/\/bobea.net\/index.php\/wp-json\/wp\/v2\/posts\/8225\/revisions"}],"wp:featuredmedia":[{"embeddable":true,"href":"https:\/\/bobea.net\/index.php\/wp-json\/wp\/v2\/media\/8226"}],"wp:attachment":[{"href":"https:\/\/bobea.net\/index.php\/wp-json\/wp\/v2\/media?parent=8225"}],"wp:term":[{"taxonomy":"category","embeddable":true,"href":"https:\/\/bobea.net\/index.php\/wp-json\/wp\/v2\/categories?post=8225"},{"taxonomy":"post_tag","embeddable":true,"href":"https:\/\/bobea.net\/index.php\/wp-json\/wp\/v2\/tags?post=8225"}],"curies":[{"name":"wp","href":"https:\/\/api.w.org\/{rel}","templated":true}]}}