{"id":8197,"date":"2025-01-29T16:24:19","date_gmt":"2025-01-29T16:24:19","guid":{"rendered":"https:\/\/bobea.net\/?p=8197"},"modified":"2025-01-29T16:24:20","modified_gmt":"2025-01-29T16:24:20","slug":"mode-ethique-ces-marques-feminines-qui-allient-style-et-responsabilite-environnementale","status":"publish","type":"post","link":"https:\/\/bobea.net\/index.php\/2025\/01\/29\/mode-ethique-ces-marques-feminines-qui-allient-style-et-responsabilite-environnementale\/","title":{"rendered":"Mode \u00e9thique : Ces marques f\u00e9minines qui allient style et responsabilit\u00e9 environnementale"},"content":{"rendered":"\n<p>En 2025, la mode \u00e9thique n\u2019est plus une sim\u00adple ten\u00addance, mais une n\u00e9ces\u00adsit\u00e9. Les mar\u00adques f\u00e9minines sont \u00e0 l\u2019a\u00advant-garde de cette r\u00e9vo\u00adlu\u00adtion, alliant style, inno\u00adva\u00adtion et respon\u00ads\u00adabil\u00adit\u00e9 envi\u00adron\u00adnemen\u00adtale. Cette \u00e9vo\u00adlu\u00adtion r\u00e9pond aux attentes crois\u00adsantes des con\u00adsom\u00adma\u00adtri\u00adces, de plus en plus con\u00adscientes de l\u2019im\u00adpact de leurs choix ves\u00adti\u00admen\u00adtaires sur la plan\u00e8te.<\/p>\n\n\n\n<p>Ten\u00addances cl\u00e9s de la mode \u00e9thique en 2025 :<\/p>\n\n\n\n<ol start=\"1\" class=\"wp-block-list\">\n<li>Mati\u00e8res \u00e9cologiques inno\u00advantes :<br>Les fibres naturelles r\u00e9in\u00adven\u00adt\u00e9es domi\u00adnent le march\u00e9. Le coton biologique, la laine \u00e9thique et la soie \u201ccru\u00adel\u00adty-free\u201d gag\u00adnent en pop\u00adu\u00adlar\u00adit\u00e9 gr\u00e2ce \u00e0 des pra\u00adtiques agri\u00adcoles durables .&nbsp;Des cer\u00adti\u00adfi\u00adca\u00adtions comme Oeko-Tex garan\u00adtis\u00adsent l\u2019ab\u00adsence de sub\u00adstances nocives pour la san\u00adt\u00e9 et l\u2019en\u00advi\u00adron\u00adnement.<\/li>\n\n\n\n<li>\u00c9conomie cir\u00adcu\u00adlaire :<br>Les mod\u00ad\u00e8les d\u2019\u00e9\u00adconomie cir\u00adcu\u00adlaire s\u2019im\u00adposent pour r\u00e9duire les d\u00e9chets et opti\u00admiser les ressources.&nbsp;Des mar\u00adques pio\u00adnni\u00e8res adoptent des pra\u00adtiques nova\u00adtri\u00adces comme la r\u00e9cup\u00e9ra\u00adtion de mat\u00e9ri\u00adaux usag\u00e9s pour cr\u00e9er de nou\u00adveaux pro\u00adduits.<\/li>\n\n\n\n<li>Trans\u00adparence et tra\u00e7a\u00adbil\u00adit\u00e9 :<br>Les con\u00adsom\u00adma\u00adtri\u00adces exi\u00adgent une trans\u00adparence totale sur la cha\u00eene d\u2019ap\u00adpro\u00advi\u00adsion\u00adnement. Les mar\u00adques \u00e9thiques utilisent des tech\u00adnolo\u00adgies comme la blockchain pour assur\u00ader une tra\u00e7a\u00adbil\u00adit\u00e9 com\u00adpl\u00e8te de leurs pro\u00adduits.<\/li>\n\n\n\n<li>Pro\u00adduc\u00adtion locale et \u00e0 petite \u00e9chelle :<br>Le \u201cmade local\u201d gagne en impor\u00adtance, r\u00e9duisant l\u2019empreinte car\u00adbone li\u00e9e au trans\u00adport et sou\u00adtenant les \u00e9conomies locales.<\/li>\n\n\n\n<li>Upcy\u00adcling et r\u00e9pa\u00adra\u00adtion :<br>Les ser\u00advices de r\u00e9pa\u00adra\u00adtion et de per\u00adson\u00adnal\u00adi\u00adsa\u00adtion devi\u00aden\u00adnent par\u00adtie int\u00e9\u00adgrante de l\u2019of\u00adfre des mar\u00adques \u00e9thiques, pro\u00adlongeant la dur\u00e9e de vie des v\u00eate\u00adments.<\/li>\n<\/ol>\n\n\n\n<figure class=\"wp-block-image size-large\"><img loading=\"lazy\" decoding=\"async\" width=\"1024\" height=\"585\" src=\"https:\/\/bobea.net\/wp-content\/uploads\/2025\/01\/the-businesswoman-and-sustainable-fashion-1024x585.jpeg\" alt class=\"wp-image-8199\" srcset=\"https:\/\/bobea.net\/wp-content\/uploads\/2025\/01\/the-businesswoman-and-sustainable-fashion-1024x585.jpeg 1024w, https:\/\/bobea.net\/wp-content\/uploads\/2025\/01\/the-businesswoman-and-sustainable-fashion-300x171.jpeg 300w, https:\/\/bobea.net\/wp-content\/uploads\/2025\/01\/the-businesswoman-and-sustainable-fashion-768x439.jpeg 768w, https:\/\/bobea.net\/wp-content\/uploads\/2025\/01\/the-businesswoman-and-sustainable-fashion-1536x878.jpeg 1536w, https:\/\/bobea.net\/wp-content\/uploads\/2025\/01\/the-businesswoman-and-sustainable-fashion.jpeg 2016w\" sizes=\"(max-width: 1024px) 100vw, 1024px\"><\/figure>\n\n\n\n<p>Mar\u00adques f\u00e9minines \u00e0 suiv\u00adre en 2025 :<\/p>\n\n\n\n<ol start=\"1\" class=\"wp-block-list\">\n<li>EcoChic Paris :<br>Cette mar\u00adque fran\u00e7aise utilise exclu\u00adsive\u00adment des tis\u00adsus recy\u00adcl\u00e9s et biod\u00e9grad\u00adables. Leur col\u00adlec\u00adtion phare \u201cM\u00e9ta\u00admor\u00adphose\u201d pro\u00adpose des v\u00eate\u00adments mod\u00adu\u00adla\u00adbles, s\u2019adap\u00adtant \u00e0 dif\u00adf\u00e9rentes occa\u00adsions et r\u00e9duisant ain\u00adsi le besoin de sur\u00adcon\u00adsom\u00adma\u00adtion.<\/li>\n\n\n\n<li>GreenGlam Milano :<br>Pio\u00adnnier dans l\u2019u\u00adtil\u00adi\u00adsa\u00adtion de cuir v\u00e9g\u00e9\u00adtal \u00e0 base de r\u00e9sidus de fruits, GreenGlam allie haute cou\u00adture ital\u00adi\u00adenne et inno\u00adva\u00adtion durable. Leur ligne d\u2019ac\u00adces\u00adsoires \u201cFrut\u00adta Moda\u201d a r\u00e9vo\u00adlu\u00adtion\u00adn\u00e9 le march\u00e9 des sacs de luxe \u00e9core\u00adspon\u00ads\u00adables.<\/li>\n\n\n\n<li>Nordic Eco Wear :<br>Cette mar\u00adque scan\u00addi\u00adnave se dis\u00adtingue par son approche min\u00adi\u00admal\u00adiste et son engage\u00adment pour la neu\u00adtral\u00adit\u00e9 car\u00adbone. Leurs v\u00eate\u00adments, fab\u00adriqu\u00e9s \u00e0 par\u00adtir de fibres recy\u00adcl\u00e9es, sont con\u00e7us pour dur\u00ader et \u00eatre facile\u00adment recy\u00adclables en fin de vie.<\/li>\n\n\n\n<li>Afro Eco Cou\u00adture :<br>Bas\u00e9e au Kenya, cette mar\u00adque c\u00e9l\u00e8bre l\u2019ar\u00adti\u00adsanat africain tout en pro\u00admou\u00advant des pra\u00adtiques durables. Leurs tis\u00adsus, teints naturelle\u00adment avec des pig\u00adments v\u00e9g\u00e9\u00adtaux, met\u00adtent en valeur les motifs tra\u00addi\u00adtion\u00adnels africains dans un style con\u00adtem\u00adpo\u00adrain.<\/li>\n\n\n\n<li>Tech-Style Tokyo :<br>Alliant mode et tech\u00adnolo\u00adgie, cette mar\u00adque japon\u00adaise int\u00e8\u00adgre des tis\u00adsus intel\u00adli\u00adgents capa\u00adbles de r\u00e9guler la tem\u00adp\u00e9ra\u00adture cor\u00adporelle, r\u00e9duisant ain\u00adsi le besoin de chauffage ou de cli\u00adma\u00adti\u00adsa\u00adtion.<\/li>\n<\/ol>\n\n\n\n<p>Impact sur l\u2019in\u00addus\u00adtrie :L\u2019es\u00adsor de ces mar\u00adques \u00e9thiques a un effet d\u2019en\u00adtra\u00eene\u00adment sur l\u2019ensem\u00adble de l\u2019in\u00addus\u00adtrie de la mode. Les grands groupes sont con\u00adtraints de revoir leurs pra\u00adtiques, pouss\u00e9s par la demande des con\u00adsom\u00adma\u00adteurs et les nou\u00advelles r\u00e9gle\u00admen\u00adta\u00adtions.<\/p>\n\n\n\n<figure class=\"wp-block-image size-large\"><img loading=\"lazy\" decoding=\"async\" width=\"1024\" height=\"683\" src=\"https:\/\/bobea.net\/wp-content\/uploads\/2025\/01\/8121-1024x683.webp\" alt class=\"wp-image-8200\" srcset=\"https:\/\/bobea.net\/wp-content\/uploads\/2025\/01\/8121-1024x683.webp 1024w, https:\/\/bobea.net\/wp-content\/uploads\/2025\/01\/8121-300x200.webp 300w, https:\/\/bobea.net\/wp-content\/uploads\/2025\/01\/8121-768x512.webp 768w, https:\/\/bobea.net\/wp-content\/uploads\/2025\/01\/8121.webp 1500w\" sizes=\"(max-width: 1024px) 100vw, 1024px\"><\/figure>\n\n\n\n<p>En 2025, la Com\u00admis\u00adsion europ\u00e9enne ren\u00adforce ses exi\u00adgences en mati\u00e8re de dura\u00adbil\u00adit\u00e9 dans le secteur tex\u00adtile. Les entre\u00adpris\u00ades doivent d\u00e9sor\u00admais respecter des normes strictes con\u00adcer\u00adnant l\u2019u\u00adtil\u00adi\u00adsa\u00adtion de mati\u00e8res pre\u00admi\u00e8res, la ges\u00adtion des d\u00e9chets et les con\u00addi\u00adtions de tra\u00advail tout au long de la cha\u00eene d\u2019ap\u00adpro\u00advi\u00adsion\u00adnement<a href=\"https:\/\/www.orseo.fr\/tendances-rse-2025\/\" target=\"_blank\" rel=\"noreferrer noopener\">3<\/a>.<br>D\u00e9fis et oppor\u00adtu\u00adnit\u00e9s : Mal\u00adgr\u00e9 ces avanc\u00e9es, des d\u00e9fis per\u00adsis\u00adtent. Le co\u00fbt plus \u00e9lev\u00e9 des mati\u00e8res pre\u00admi\u00e8res durables et des proces\u00adsus de pro\u00adduc\u00adtion \u00e9thiques reste un obsta\u00adcle pour cer\u00adtaines con\u00adsom\u00adma\u00adtri\u00adces. Cepen\u00addant, de nou\u00advelles solu\u00adtions \u00e9mer\u00adgent, comme les mod\u00ad\u00e8les de loca\u00adtion de v\u00eate\u00adments ou les plate\u00adformes de revente, ren\u00addant la mode \u00e9thique plus acces\u00adsi\u00adble.<\/p>\n\n\n\n<p>L\u2019in\u00adno\u00adva\u00adtion tech\u00adnologique joue un r\u00f4le cru\u00adcial dans cette trans\u00adfor\u00adma\u00adtion. Des start-ups d\u00e9velop\u00adpent de nou\u00advelles fibres \u00e0 par\u00adtir de d\u00e9chets agri\u00adcoles ou de micro-organ\u00adismes, promet\u00adtant des alter\u00adna\u00adtives encore plus durables aux mat\u00e9ri\u00adaux tra\u00addi\u00adtion\u00adnels.<\/p>\n\n\n\n<p>Con\u00adclu\u00adsion :En 2025, la mode \u00e9thique n\u2019est plus un sim\u00adple cr\u00e9neau, mais devient la norme. Les mar\u00adques f\u00e9minines qui r\u00e9us\u00adsis\u00adsent sont celles qui parvi\u00aden\u00adnent \u00e0 alli\u00ader style, inno\u00adva\u00adtion et respon\u00ads\u00adabil\u00adit\u00e9 envi\u00adron\u00adnemen\u00adtale. Cette \u00e9vo\u00adlu\u00adtion refl\u00e8te un change\u00adment pro\u00adfond dans les valeurs des con\u00adsom\u00adma\u00adtri\u00adces, qui con\u00adsid\u00ad\u00e8rent d\u00e9sor\u00admais leurs choix ves\u00adti\u00admen\u00adtaires comme une expres\u00adsion de leur engage\u00adment pour un avenir plus durable.<\/p>\n\n\n\n<p><\/p>\n","protected":false},"excerpt":{"rendered":"<p>En 2025, la mode \u00e9thique n\u2019est plus une sim\u00adple ten\u00addance, mais une n\u00e9ces\u00adsit\u00e9. Les mar\u00adques f\u00e9minines sont \u00e0 l\u2019a\u00advant-garde de cette r\u00e9vo\u00adlu\u00adtion, alliant style, inno\u00adva\u00adtion et respon\u00ads\u00adabil\u00adit\u00e9 envi\u00adron\u00adnemen\u00adtale. Cette \u00e9vo\u00adlu\u00adtion\u2026 <\/p>\n","protected":false},"author":1,"featured_media":8198,"comment_status":"open","ping_status":"open","sticky":false,"template":"","format":"standard","meta":{"wp_typography_post_enhancements_disabled":false,"footnotes":""},"categories":[50],"tags":[2577,9255,9256,9254,2576],"class_list":["post-8197","post","type-post","status-publish","format-standard","has-post-thumbnail","hentry","category-mode","tag-consommation-responsable","tag-economie-circulaire-mode","tag-innovation-textile-ecologique","tag-marques-feminines-durables","tag-mode-ethique"],"yoast_head":"<!-- This site is optimized with the Yoast SEO plugin v24.7 - https:\/\/yoast.com\/wordpress\/plugins\/seo\/ -->\n<title>Mode \u00e9thique : Ces marques f\u00e9minines qui allient style et responsabilit\u00e9 environnementale - Bobea<\/title>\n<meta name=\"robots\" content=\"index, follow, max-snippet:-1, max-image-preview:large, max-video-preview:-1\" \/>\n<link rel=\"canonical\" href=\"https:\/\/bobea.net\/index.php\/2025\/01\/29\/mode-ethique-ces-marques-feminines-qui-allient-style-et-responsabilite-environnementale\/\" \/>\n<meta property=\"og:locale\" content=\"fr_FR\" \/>\n<meta property=\"og:type\" content=\"article\" \/>\n<meta property=\"og:title\" content=\"Mode \u00e9thique : Ces marques f\u00e9minines qui allient style et responsabilit\u00e9 environnementale - Bobea\" \/>\n<meta property=\"og:description\" content=\"En 2025, la mode \u00e9thique n\u2019est plus une sim\u00adple ten\u00addance, mais une n\u00e9ces\u00adsit\u00e9. Les mar\u00adques f\u00e9minines sont \u00e0 l\u2019a\u00advant-garde de cette r\u00e9vo\u00adlu\u00adtion, alliant style, inno\u00adva\u00adtion et respon\u00ads\u00adabil\u00adit\u00e9 envi\u00adron\u00adnemen\u00adtale. Cette \u00e9vo\u00adlu\u00adtion&hellip;\" \/>\n<meta property=\"og:url\" content=\"https:\/\/bobea.net\/index.php\/2025\/01\/29\/mode-ethique-ces-marques-feminines-qui-allient-style-et-responsabilite-environnementale\/\" \/>\n<meta property=\"og:site_name\" content=\"Bobea\" \/>\n<meta property=\"article:publisher\" content=\"https:\/\/web.facebook.com\/profile.php?id=61559252188416\" \/>\n<meta property=\"article:published_time\" content=\"2025-01-29T16:24:19+00:00\" \/>\n<meta property=\"article:modified_time\" content=\"2025-01-29T16:24:20+00:00\" \/>\n<meta property=\"og:image\" content=\"https:\/\/bobea.net\/wp-content\/uploads\/2025\/01\/2ddzujznq2648qcxplyt3dl8mjfo.webp\" \/>\n\t<meta property=\"og:image:width\" content=\"1000\" \/>\n\t<meta property=\"og:image:height\" content=\"563\" \/>\n\t<meta property=\"og:image:type\" content=\"image\/webp\" \/>\n<meta name=\"author\" content=\"bobea.info\" \/>\n<meta name=\"twitter:card\" content=\"summary_large_image\" \/>\n<meta name=\"twitter:label1\" content=\"\u00c9crit par\" \/>\n\t<meta name=\"twitter:data1\" content=\"bobea.info\" \/>\n\t<meta name=\"twitter:label2\" content=\"Dur\u00e9e de lecture estim\u00e9e\" \/>\n\t<meta name=\"twitter:data2\" content=\"4 minutes\" \/>\n<script type=\"application\/ld+json\" class=\"yoast-schema-graph\">{\"@context\":\"https:\/\/schema.org\",\"@graph\":[{\"@type\":\"Article\",\"@id\":\"https:\/\/bobea.net\/index.php\/2025\/01\/29\/mode-ethique-ces-marques-feminines-qui-allient-style-et-responsabilite-environnementale\/#article\",\"isPartOf\":{\"@id\":\"https:\/\/bobea.net\/index.php\/2025\/01\/29\/mode-ethique-ces-marques-feminines-qui-allient-style-et-responsabilite-environnementale\/\"},\"author\":{\"name\":\"bobea.info\",\"@id\":\"https:\/\/bobea.net\/#\/schema\/person\/e7f45ef187918d7c956bf619dce90ccf\"},\"headline\":\"Mode \u00e9thique : Ces marques f\u00e9minines qui allient style et responsabilit\u00e9 environnementale\",\"datePublished\":\"2025-01-29T16:24:19+00:00\",\"dateModified\":\"2025-01-29T16:24:20+00:00\",\"mainEntityOfPage\":{\"@id\":\"https:\/\/bobea.net\/index.php\/2025\/01\/29\/mode-ethique-ces-marques-feminines-qui-allient-style-et-responsabilite-environnementale\/\"},\"wordCount\":719,\"commentCount\":0,\"publisher\":{\"@id\":\"https:\/\/bobea.net\/#organization\"},\"image\":{\"@id\":\"https:\/\/bobea.net\/index.php\/2025\/01\/29\/mode-ethique-ces-marques-feminines-qui-allient-style-et-responsabilite-environnementale\/#primaryimage\"},\"thumbnailUrl\":\"https:\/\/bobea.net\/wp-content\/uploads\/2025\/01\/2ddzujznq2648qcxplyt3dl8mjfo.webp\",\"keywords\":[\"consommation responsable\",\"\u00e9conomie circulaire mode\",\"innovation textile \u00e9cologique\",\"marques f\u00e9minines durables\",\"mode \u00e9thique\"],\"articleSection\":[\"Mode\"],\"inLanguage\":\"fr-FR\",\"potentialAction\":[{\"@type\":\"CommentAction\",\"name\":\"Comment\",\"target\":[\"https:\/\/bobea.net\/index.php\/2025\/01\/29\/mode-ethique-ces-marques-feminines-qui-allient-style-et-responsabilite-environnementale\/#respond\"]}]},{\"@type\":\"WebPage\",\"@id\":\"https:\/\/bobea.net\/index.php\/2025\/01\/29\/mode-ethique-ces-marques-feminines-qui-allient-style-et-responsabilite-environnementale\/\",\"url\":\"https:\/\/bobea.net\/index.php\/2025\/01\/29\/mode-ethique-ces-marques-feminines-qui-allient-style-et-responsabilite-environnementale\/\",\"name\":\"Mode \u00e9thique : Ces marques f\u00e9minines qui allient style et responsabilit\u00e9 environnementale - Bobea\",\"isPartOf\":{\"@id\":\"https:\/\/bobea.net\/#website\"},\"primaryImageOfPage\":{\"@id\":\"https:\/\/bobea.net\/index.php\/2025\/01\/29\/mode-ethique-ces-marques-feminines-qui-allient-style-et-responsabilite-environnementale\/#primaryimage\"},\"image\":{\"@id\":\"https:\/\/bobea.net\/index.php\/2025\/01\/29\/mode-ethique-ces-marques-feminines-qui-allient-style-et-responsabilite-environnementale\/#primaryimage\"},\"thumbnailUrl\":\"https:\/\/bobea.net\/wp-content\/uploads\/2025\/01\/2ddzujznq2648qcxplyt3dl8mjfo.webp\",\"datePublished\":\"2025-01-29T16:24:19+00:00\",\"dateModified\":\"2025-01-29T16:24:20+00:00\",\"breadcrumb\":{\"@id\":\"https:\/\/bobea.net\/index.php\/2025\/01\/29\/mode-ethique-ces-marques-feminines-qui-allient-style-et-responsabilite-environnementale\/#breadcrumb\"},\"inLanguage\":\"fr-FR\",\"potentialAction\":[{\"@type\":\"ReadAction\",\"target\":[\"https:\/\/bobea.net\/index.php\/2025\/01\/29\/mode-ethique-ces-marques-feminines-qui-allient-style-et-responsabilite-environnementale\/\"]}]},{\"@type\":\"ImageObject\",\"inLanguage\":\"fr-FR\",\"@id\":\"https:\/\/bobea.net\/index.php\/2025\/01\/29\/mode-ethique-ces-marques-feminines-qui-allient-style-et-responsabilite-environnementale\/#primaryimage\",\"url\":\"https:\/\/bobea.net\/wp-content\/uploads\/2025\/01\/2ddzujznq2648qcxplyt3dl8mjfo.webp\",\"contentUrl\":\"https:\/\/bobea.net\/wp-content\/uploads\/2025\/01\/2ddzujznq2648qcxplyt3dl8mjfo.webp\",\"width\":1000,\"height\":563,\"caption\":\"Mode \u00e9thique : Ces marques f\u00e9minines qui allient style et responsabilit\u00e9 environnementale\"},{\"@type\":\"BreadcrumbList\",\"@id\":\"https:\/\/bobea.net\/index.php\/2025\/01\/29\/mode-ethique-ces-marques-feminines-qui-allient-style-et-responsabilite-environnementale\/#breadcrumb\",\"itemListElement\":[{\"@type\":\"ListItem\",\"position\":1,\"name\":\"Accueil\",\"item\":\"https:\/\/bobea.net\/\"},{\"@type\":\"ListItem\",\"position\":2,\"name\":\"Mode \u00e9thique : Ces marques f\u00e9minines qui allient style et responsabilit\u00e9 environnementale\"}]},{\"@type\":\"WebSite\",\"@id\":\"https:\/\/bobea.net\/#website\",\"url\":\"https:\/\/bobea.net\/\",\"name\":\"Bobea\",\"description\":\"Le magazine de la nouvelle \u00c8ve\",\"publisher\":{\"@id\":\"https:\/\/bobea.net\/#organization\"},\"potentialAction\":[{\"@type\":\"SearchAction\",\"target\":{\"@type\":\"EntryPoint\",\"urlTemplate\":\"https:\/\/bobea.net\/?s={search_term_string}\"},\"query-input\":{\"@type\":\"PropertyValueSpecification\",\"valueRequired\":true,\"valueName\":\"search_term_string\"}}],\"inLanguage\":\"fr-FR\"},{\"@type\":\"Organization\",\"@id\":\"https:\/\/bobea.net\/#organization\",\"name\":\"Bobea\",\"url\":\"https:\/\/bobea.net\/\",\"logo\":{\"@type\":\"ImageObject\",\"inLanguage\":\"fr-FR\",\"@id\":\"https:\/\/bobea.net\/#\/schema\/logo\/image\/\",\"url\":\"https:\/\/bobea.net\/wp-content\/uploads\/2024\/06\/bobea.jpg\",\"contentUrl\":\"https:\/\/bobea.net\/wp-content\/uploads\/2024\/06\/bobea.jpg\",\"width\":1080,\"height\":1080,\"caption\":\"Bobea\"},\"image\":{\"@id\":\"https:\/\/bobea.net\/#\/schema\/logo\/image\/\"},\"sameAs\":[\"https:\/\/web.facebook.com\/profile.php?id=61559252188416\"]},{\"@type\":\"Person\",\"@id\":\"https:\/\/bobea.net\/#\/schema\/person\/e7f45ef187918d7c956bf619dce90ccf\",\"name\":\"bobea.info\",\"image\":{\"@type\":\"ImageObject\",\"inLanguage\":\"fr-FR\",\"@id\":\"https:\/\/bobea.net\/#\/schema\/person\/image\/\",\"url\":\"https:\/\/secure.gravatar.com\/avatar\/36147980349df887ae30808df3e29474?s=96&d=mm&r=g\",\"contentUrl\":\"https:\/\/secure.gravatar.com\/avatar\/36147980349df887ae30808df3e29474?s=96&d=mm&r=g\",\"caption\":\"bobea.info\"},\"sameAs\":[\"https:\/\/bobea.net\"],\"url\":\"https:\/\/bobea.net\/index.php\/author\/bobea-info\/\"}]}<\/script>\n<!-- \/ Yoast SEO plugin. -->","yoast_head_json":{"title":"Mode \u00e9thique : Ces marques f\u00e9minines qui allient style et responsabilit\u00e9 environnementale - Bobea","robots":{"index":"index","follow":"follow","max-snippet":"max-snippet:-1","max-image-preview":"max-image-preview:large","max-video-preview":"max-video-preview:-1"},"canonical":"https:\/\/bobea.net\/index.php\/2025\/01\/29\/mode-ethique-ces-marques-feminines-qui-allient-style-et-responsabilite-environnementale\/","og_locale":"fr_FR","og_type":"article","og_title":"Mode \u00e9thique : Ces marques f\u00e9minines qui allient style et responsabilit\u00e9 environnementale - Bobea","og_description":"En 2025, la mode \u00e9thique n\u2019est plus une sim\u00adple ten\u00addance, mais une n\u00e9ces\u00adsit\u00e9. Les mar\u00adques f\u00e9minines sont \u00e0 l\u2019a\u00advant-garde de cette r\u00e9vo\u00adlu\u00adtion, alliant style, inno\u00adva\u00adtion et respon\u00ads\u00adabil\u00adit\u00e9 envi\u00adron\u00adnemen\u00adtale. Cette \u00e9vo\u00adlu\u00adtion&hellip;","og_url":"https:\/\/bobea.net\/index.php\/2025\/01\/29\/mode-ethique-ces-marques-feminines-qui-allient-style-et-responsabilite-environnementale\/","og_site_name":"Bobea","article_publisher":"https:\/\/web.facebook.com\/profile.php?id=61559252188416","article_published_time":"2025-01-29T16:24:19+00:00","article_modified_time":"2025-01-29T16:24:20+00:00","og_image":[{"width":1000,"height":563,"url":"https:\/\/bobea.net\/wp-content\/uploads\/2025\/01\/2ddzujznq2648qcxplyt3dl8mjfo.webp","type":"image\/webp"}],"author":"bobea.info","twitter_card":"summary_large_image","twitter_misc":{"\u00c9crit par":"bobea.info","Dur\u00e9e de lecture estim\u00e9e":"4 minutes"},"schema":{"@context":"https:\/\/schema.org","@graph":[{"@type":"Article","@id":"https:\/\/bobea.net\/index.php\/2025\/01\/29\/mode-ethique-ces-marques-feminines-qui-allient-style-et-responsabilite-environnementale\/#article","isPartOf":{"@id":"https:\/\/bobea.net\/index.php\/2025\/01\/29\/mode-ethique-ces-marques-feminines-qui-allient-style-et-responsabilite-environnementale\/"},"author":{"name":"bobea.info","@id":"https:\/\/bobea.net\/#\/schema\/person\/e7f45ef187918d7c956bf619dce90ccf"},"headline":"Mode \u00e9thique : Ces marques f\u00e9minines qui allient style et responsabilit\u00e9 environnementale","datePublished":"2025-01-29T16:24:19+00:00","dateModified":"2025-01-29T16:24:20+00:00","mainEntityOfPage":{"@id":"https:\/\/bobea.net\/index.php\/2025\/01\/29\/mode-ethique-ces-marques-feminines-qui-allient-style-et-responsabilite-environnementale\/"},"wordCount":719,"commentCount":0,"publisher":{"@id":"https:\/\/bobea.net\/#organization"},"image":{"@id":"https:\/\/bobea.net\/index.php\/2025\/01\/29\/mode-ethique-ces-marques-feminines-qui-allient-style-et-responsabilite-environnementale\/#primaryimage"},"thumbnailUrl":"https:\/\/bobea.net\/wp-content\/uploads\/2025\/01\/2ddzujznq2648qcxplyt3dl8mjfo.webp","keywords":["consommation responsable","\u00e9conomie circulaire mode","innovation textile \u00e9cologique","marques f\u00e9minines durables","mode \u00e9thique"],"articleSection":["Mode"],"inLanguage":"fr-FR","potentialAction":[{"@type":"CommentAction","name":"Comment","target":["https:\/\/bobea.net\/index.php\/2025\/01\/29\/mode-ethique-ces-marques-feminines-qui-allient-style-et-responsabilite-environnementale\/#respond"]}]},{"@type":"WebPage","@id":"https:\/\/bobea.net\/index.php\/2025\/01\/29\/mode-ethique-ces-marques-feminines-qui-allient-style-et-responsabilite-environnementale\/","url":"https:\/\/bobea.net\/index.php\/2025\/01\/29\/mode-ethique-ces-marques-feminines-qui-allient-style-et-responsabilite-environnementale\/","name":"Mode \u00e9thique : Ces marques f\u00e9minines qui allient style et responsabilit\u00e9 environnementale - Bobea","isPartOf":{"@id":"https:\/\/bobea.net\/#website"},"primaryImageOfPage":{"@id":"https:\/\/bobea.net\/index.php\/2025\/01\/29\/mode-ethique-ces-marques-feminines-qui-allient-style-et-responsabilite-environnementale\/#primaryimage"},"image":{"@id":"https:\/\/bobea.net\/index.php\/2025\/01\/29\/mode-ethique-ces-marques-feminines-qui-allient-style-et-responsabilite-environnementale\/#primaryimage"},"thumbnailUrl":"https:\/\/bobea.net\/wp-content\/uploads\/2025\/01\/2ddzujznq2648qcxplyt3dl8mjfo.webp","datePublished":"2025-01-29T16:24:19+00:00","dateModified":"2025-01-29T16:24:20+00:00","breadcrumb":{"@id":"https:\/\/bobea.net\/index.php\/2025\/01\/29\/mode-ethique-ces-marques-feminines-qui-allient-style-et-responsabilite-environnementale\/#breadcrumb"},"inLanguage":"fr-FR","potentialAction":[{"@type":"ReadAction","target":["https:\/\/bobea.net\/index.php\/2025\/01\/29\/mode-ethique-ces-marques-feminines-qui-allient-style-et-responsabilite-environnementale\/"]}]},{"@type":"ImageObject","inLanguage":"fr-FR","@id":"https:\/\/bobea.net\/index.php\/2025\/01\/29\/mode-ethique-ces-marques-feminines-qui-allient-style-et-responsabilite-environnementale\/#primaryimage","url":"https:\/\/bobea.net\/wp-content\/uploads\/2025\/01\/2ddzujznq2648qcxplyt3dl8mjfo.webp","contentUrl":"https:\/\/bobea.net\/wp-content\/uploads\/2025\/01\/2ddzujznq2648qcxplyt3dl8mjfo.webp","width":1000,"height":563,"caption":"Mode \u00e9thique : Ces marques f\u00e9minines qui allient style et responsabilit\u00e9 environnementale"},{"@type":"BreadcrumbList","@id":"https:\/\/bobea.net\/index.php\/2025\/01\/29\/mode-ethique-ces-marques-feminines-qui-allient-style-et-responsabilite-environnementale\/#breadcrumb","itemListElement":[{"@type":"ListItem","position":1,"name":"Accueil","item":"https:\/\/bobea.net\/"},{"@type":"ListItem","position":2,"name":"Mode \u00e9thique : Ces marques f\u00e9minines qui allient style et responsabilit\u00e9 environnementale"}]},{"@type":"WebSite","@id":"https:\/\/bobea.net\/#website","url":"https:\/\/bobea.net\/","name":"Bobea","description":"Le magazine de la nouvelle \u00c8ve","publisher":{"@id":"https:\/\/bobea.net\/#organization"},"potentialAction":[{"@type":"SearchAction","target":{"@type":"EntryPoint","urlTemplate":"https:\/\/bobea.net\/?s={search_term_string}"},"query-input":{"@type":"PropertyValueSpecification","valueRequired":true,"valueName":"search_term_string"}}],"inLanguage":"fr-FR"},{"@type":"Organization","@id":"https:\/\/bobea.net\/#organization","name":"Bobea","url":"https:\/\/bobea.net\/","logo":{"@type":"ImageObject","inLanguage":"fr-FR","@id":"https:\/\/bobea.net\/#\/schema\/logo\/image\/","url":"https:\/\/bobea.net\/wp-content\/uploads\/2024\/06\/bobea.jpg","contentUrl":"https:\/\/bobea.net\/wp-content\/uploads\/2024\/06\/bobea.jpg","width":1080,"height":1080,"caption":"Bobea"},"image":{"@id":"https:\/\/bobea.net\/#\/schema\/logo\/image\/"},"sameAs":["https:\/\/web.facebook.com\/profile.php?id=61559252188416"]},{"@type":"Person","@id":"https:\/\/bobea.net\/#\/schema\/person\/e7f45ef187918d7c956bf619dce90ccf","name":"bobea.info","image":{"@type":"ImageObject","inLanguage":"fr-FR","@id":"https:\/\/bobea.net\/#\/schema\/person\/image\/","url":"https:\/\/secure.gravatar.com\/avatar\/36147980349df887ae30808df3e29474?s=96&d=mm&r=g","contentUrl":"https:\/\/secure.gravatar.com\/avatar\/36147980349df887ae30808df3e29474?s=96&d=mm&r=g","caption":"bobea.info"},"sameAs":["https:\/\/bobea.net"],"url":"https:\/\/bobea.net\/index.php\/author\/bobea-info\/"}]}},"_links":{"self":[{"href":"https:\/\/bobea.net\/index.php\/wp-json\/wp\/v2\/posts\/8197"}],"collection":[{"href":"https:\/\/bobea.net\/index.php\/wp-json\/wp\/v2\/posts"}],"about":[{"href":"https:\/\/bobea.net\/index.php\/wp-json\/wp\/v2\/types\/post"}],"author":[{"embeddable":true,"href":"https:\/\/bobea.net\/index.php\/wp-json\/wp\/v2\/users\/1"}],"replies":[{"embeddable":true,"href":"https:\/\/bobea.net\/index.php\/wp-json\/wp\/v2\/comments?post=8197"}],"version-history":[{"count":0,"href":"https:\/\/bobea.net\/index.php\/wp-json\/wp\/v2\/posts\/8197\/revisions"}],"wp:featuredmedia":[{"embeddable":true,"href":"https:\/\/bobea.net\/index.php\/wp-json\/wp\/v2\/media\/8198"}],"wp:attachment":[{"href":"https:\/\/bobea.net\/index.php\/wp-json\/wp\/v2\/media?parent=8197"}],"wp:term":[{"taxonomy":"category","embeddable":true,"href":"https:\/\/bobea.net\/index.php\/wp-json\/wp\/v2\/categories?post=8197"},{"taxonomy":"post_tag","embeddable":true,"href":"https:\/\/bobea.net\/index.php\/wp-json\/wp\/v2\/tags?post=8197"}],"curies":[{"name":"wp","href":"https:\/\/api.w.org\/{rel}","templated":true}]}}