{"id":7771,"date":"2025-01-23T15:34:33","date_gmt":"2025-01-23T15:34:33","guid":{"rendered":"https:\/\/bobea.net\/?p=7771"},"modified":"2025-01-23T15:34:34","modified_gmt":"2025-01-23T15:34:34","slug":"sarah-knafo-compare-le-discours-dinvestiture-de-trump-a-la-declaration-de-politique-generale-de-bayrou","status":"publish","type":"post","link":"https:\/\/bobea.net\/index.php\/2025\/01\/23\/sarah-knafo-compare-le-discours-dinvestiture-de-trump-a-la-declaration-de-politique-generale-de-bayrou\/","title":{"rendered":"Sarah Knafo compare le discours d\u2019investiture de Trump \u00e0 la d\u00e9claration de politique g\u00e9n\u00e9rale de Bayrou"},"content":{"rendered":"\n<p>Sarah Knafo, eurod\u00e9put\u00e9e Recon\u00adqu\u00eate, a fait une d\u00e9c\u00adla\u00adra\u00adtion remar\u00adqu\u00e9e depuis Wash\u00ading\u00adton con\u00adcer\u00adnant le dis\u00adcours d\u2019in\u00advesti\u00adture de Don\u00adald Trump. Pr\u00e9sente lors de la c\u00e9r\u00e9\u00admonie au Capi\u00adtole, Knafo a affir\u00adm\u00e9 que le dis\u00adcours de Trump por\u00adtait en lui son \u201cr\u00eave pour la France\u201d, le com\u00adpara\u00adnt favor\u00adable\u00adment \u00e0 la d\u00e9c\u00adla\u00adra\u00adtion de poli\u00adtique g\u00e9n\u00e9rale de Fran\u00e7ois Bay\u00adrou.<\/p>\n\n\n\n<p>Une com\u00adpara\u00adi\u00adson auda\u00adcieuse<\/p>\n\n\n\n<p>\u201cIl y a de quoi \u00eatre jaloux\u201d, a d\u00e9clar\u00e9 Knafo, soulig\u00adnant la force et la clart\u00e9 du mes\u00adsage de Trump par rap\u00adport \u00e0 ce qu\u2019elle per\u00e7oit comme le manque de vision dans la poli\u00adtique fran\u00e7aise actuelle. Cette com\u00adpara\u00adi\u00adson directe entre le style poli\u00adtique am\u00e9ri\u00adcain et fran\u00e7ais a sus\u00adcit\u00e9 de vives r\u00e9ac\u00adtions dans l\u2019Hexa\u00adgone.<\/p>\n\n\n\n<figure class=\"wp-block-image size-large\"><img loading=\"lazy\" decoding=\"async\" width=\"1024\" height=\"538\" src=\"https:\/\/bobea.net\/wp-content\/uploads\/2025\/01\/9bab7d91a133c4e3ecfbd2841d774902acff9106da63e80dda35ad3cfbc4d7bf-1024x538.webp\" alt class=\"wp-image-7773\" srcset=\"https:\/\/bobea.net\/wp-content\/uploads\/2025\/01\/9bab7d91a133c4e3ecfbd2841d774902acff9106da63e80dda35ad3cfbc4d7bf-1024x538.webp 1024w, https:\/\/bobea.net\/wp-content\/uploads\/2025\/01\/9bab7d91a133c4e3ecfbd2841d774902acff9106da63e80dda35ad3cfbc4d7bf-300x158.webp 300w, https:\/\/bobea.net\/wp-content\/uploads\/2025\/01\/9bab7d91a133c4e3ecfbd2841d774902acff9106da63e80dda35ad3cfbc4d7bf-768x403.webp 768w, https:\/\/bobea.net\/wp-content\/uploads\/2025\/01\/9bab7d91a133c4e3ecfbd2841d774902acff9106da63e80dda35ad3cfbc4d7bf.webp 1200w\" sizes=\"(max-width: 1024px) 100vw, 1024px\"><\/figure>\n\n\n\n<p>R\u00e9ac\u00adtions poli\u00adtiques<\/p>\n\n\n\n<p>Les com\u00admen\u00adtaires de Knafo ont provo\u00adqu\u00e9 un d\u00e9bat ani\u00adm\u00e9 au sein de la classe poli\u00adtique fran\u00e7aise. Ses par\u00adti\u00adsans y voient une cri\u00adtique jus\u00adti\u00adfi\u00e9e du gou\u00adverne\u00adment actuel, tan\u00addis que ses d\u00e9tracteurs d\u00e9non\u00adcent une admi\u00adra\u00adtion exces\u00adsive pour le style poli\u00adtique con\u00adtro\u00adver\u00ads\u00e9 de Trump.<\/p>\n\n\n\n<p>Impli\u00adca\u00adtions pour la poli\u00adtique fran\u00e7aise<\/p>\n\n\n\n<p>Cette d\u00e9c\u00adla\u00adra\u00adtion soul\u00e8ve des ques\u00adtions impor\u00adtantes sur l\u2019in\u00adflu\u00adence du style poli\u00adtique am\u00e9ri\u00adcain sur la sc\u00e8ne poli\u00adtique fran\u00e7aise. Elle met en lumi\u00e8re les aspi\u00adra\u00adtions de cer\u00adtains par\u00adtis d\u2019op\u00adpo\u00adsi\u00adtion \u00e0 adopter une rh\u00e9\u00adtorique plus directe et pop\u00aduliste, inspir\u00e9e du mod\u00ad\u00e8le trumpi\u00aden.<\/p>\n\n\n\n<p>Analyse des experts<\/p>\n\n\n\n<p>Des poli\u00adto\u00adlogues fran\u00e7ais soulig\u00adnent que cette com\u00adpara\u00adi\u00adson r\u00e9v\u00e8le une ten\u00addance crois\u00adsante \u00e0 la per\u00adson\u00adnal\u00adi\u00adsa\u00adtion du pou\u00advoir et \u00e0 la sim\u00adpli\u00adfi\u00adca\u00adtion du dis\u00adcours poli\u00adtique, poten\u00adtielle\u00adment au d\u00e9tri\u00adment d\u2019un d\u00e9bat nuanc\u00e9 sur des ques\u00adtions com\u00adplex\u00ades.<\/p>\n","protected":false},"excerpt":{"rendered":"<p>Sarah Knafo, eurod\u00e9put\u00e9e Recon\u00adqu\u00eate, a fait une d\u00e9c\u00adla\u00adra\u00adtion remar\u00adqu\u00e9e depuis Wash\u00ading\u00adton con\u00adcer\u00adnant le dis\u00adcours d\u2019in\u00advesti\u00adture de Don\u00adald Trump. Pr\u00e9sente lors de la c\u00e9r\u00e9\u00admonie au Capi\u00adtole, Knafo a affir\u00adm\u00e9 que le\u2026 <\/p>\n","protected":false},"author":1,"featured_media":7772,"comment_status":"open","ping_status":"open","sticky":false,"template":"","format":"standard","meta":{"wp_typography_post_enhancements_disabled":false,"footnotes":""},"categories":[73],"tags":[],"class_list":["post-7771","post","type-post","status-publish","format-standard","has-post-thumbnail","hentry","category-on-en-parle"],"yoast_head":"<!-- This site is optimized with the Yoast SEO plugin v24.7 - https:\/\/yoast.com\/wordpress\/plugins\/seo\/ -->\n<title>Sarah Knafo compare le discours d&#039;investiture de Trump \u00e0 la d\u00e9claration de politique g\u00e9n\u00e9rale de Bayrou - Bobea<\/title>\n<meta name=\"robots\" content=\"index, follow, max-snippet:-1, max-image-preview:large, max-video-preview:-1\" \/>\n<link rel=\"canonical\" href=\"https:\/\/bobea.net\/index.php\/2025\/01\/23\/sarah-knafo-compare-le-discours-dinvestiture-de-trump-a-la-declaration-de-politique-generale-de-bayrou\/\" \/>\n<meta property=\"og:locale\" content=\"fr_FR\" \/>\n<meta property=\"og:type\" content=\"article\" \/>\n<meta property=\"og:title\" content=\"Sarah Knafo compare le discours d&#039;investiture de Trump \u00e0 la d\u00e9claration de politique g\u00e9n\u00e9rale de Bayrou - Bobea\" \/>\n<meta property=\"og:description\" content=\"Sarah Knafo, eurod\u00e9put\u00e9e Recon\u00adqu\u00eate, a fait une d\u00e9c\u00adla\u00adra\u00adtion remar\u00adqu\u00e9e depuis Wash\u00ading\u00adton con\u00adcer\u00adnant le dis\u00adcours d\u2019in\u00advesti\u00adture de Don\u00adald Trump. Pr\u00e9sente lors de la c\u00e9r\u00e9\u00admonie au Capi\u00adtole, Knafo a affir\u00adm\u00e9 que le&hellip;\" \/>\n<meta property=\"og:url\" content=\"https:\/\/bobea.net\/index.php\/2025\/01\/23\/sarah-knafo-compare-le-discours-dinvestiture-de-trump-a-la-declaration-de-politique-generale-de-bayrou\/\" \/>\n<meta property=\"og:site_name\" content=\"Bobea\" \/>\n<meta property=\"article:publisher\" content=\"https:\/\/web.facebook.com\/profile.php?id=61559252188416\" \/>\n<meta property=\"article:published_time\" content=\"2025-01-23T15:34:33+00:00\" \/>\n<meta property=\"article:modified_time\" content=\"2025-01-23T15:34:34+00:00\" \/>\n<meta property=\"og:image\" content=\"https:\/\/bobea.net\/wp-content\/uploads\/2025\/01\/knafo.jpg\" \/>\n\t<meta property=\"og:image:width\" content=\"1024\" \/>\n\t<meta property=\"og:image:height\" content=\"683\" \/>\n\t<meta property=\"og:image:type\" content=\"image\/jpeg\" \/>\n<meta name=\"author\" content=\"bobea.info\" \/>\n<meta name=\"twitter:card\" content=\"summary_large_image\" \/>\n<meta name=\"twitter:label1\" content=\"\u00c9crit par\" \/>\n\t<meta name=\"twitter:data1\" content=\"bobea.info\" \/>\n\t<meta name=\"twitter:label2\" content=\"Dur\u00e9e de lecture estim\u00e9e\" \/>\n\t<meta name=\"twitter:data2\" content=\"2 minutes\" \/>\n<script type=\"application\/ld+json\" class=\"yoast-schema-graph\">{\"@context\":\"https:\/\/schema.org\",\"@graph\":[{\"@type\":\"Article\",\"@id\":\"https:\/\/bobea.net\/index.php\/2025\/01\/23\/sarah-knafo-compare-le-discours-dinvestiture-de-trump-a-la-declaration-de-politique-generale-de-bayrou\/#article\",\"isPartOf\":{\"@id\":\"https:\/\/bobea.net\/index.php\/2025\/01\/23\/sarah-knafo-compare-le-discours-dinvestiture-de-trump-a-la-declaration-de-politique-generale-de-bayrou\/\"},\"author\":{\"name\":\"bobea.info\",\"@id\":\"https:\/\/bobea.net\/#\/schema\/person\/e7f45ef187918d7c956bf619dce90ccf\"},\"headline\":\"Sarah Knafo compare le discours d\u2019investiture de Trump \u00e0 la d\u00e9claration de politique g\u00e9n\u00e9rale de Bayrou\",\"datePublished\":\"2025-01-23T15:34:33+00:00\",\"dateModified\":\"2025-01-23T15:34:34+00:00\",\"mainEntityOfPage\":{\"@id\":\"https:\/\/bobea.net\/index.php\/2025\/01\/23\/sarah-knafo-compare-le-discours-dinvestiture-de-trump-a-la-declaration-de-politique-generale-de-bayrou\/\"},\"wordCount\":292,\"commentCount\":0,\"publisher\":{\"@id\":\"https:\/\/bobea.net\/#organization\"},\"image\":{\"@id\":\"https:\/\/bobea.net\/index.php\/2025\/01\/23\/sarah-knafo-compare-le-discours-dinvestiture-de-trump-a-la-declaration-de-politique-generale-de-bayrou\/#primaryimage\"},\"thumbnailUrl\":\"https:\/\/bobea.net\/wp-content\/uploads\/2025\/01\/knafo.jpg\",\"articleSection\":[\"On en Parle\"],\"inLanguage\":\"fr-FR\",\"potentialAction\":[{\"@type\":\"CommentAction\",\"name\":\"Comment\",\"target\":[\"https:\/\/bobea.net\/index.php\/2025\/01\/23\/sarah-knafo-compare-le-discours-dinvestiture-de-trump-a-la-declaration-de-politique-generale-de-bayrou\/#respond\"]}]},{\"@type\":\"WebPage\",\"@id\":\"https:\/\/bobea.net\/index.php\/2025\/01\/23\/sarah-knafo-compare-le-discours-dinvestiture-de-trump-a-la-declaration-de-politique-generale-de-bayrou\/\",\"url\":\"https:\/\/bobea.net\/index.php\/2025\/01\/23\/sarah-knafo-compare-le-discours-dinvestiture-de-trump-a-la-declaration-de-politique-generale-de-bayrou\/\",\"name\":\"Sarah Knafo compare le discours d'investiture de Trump \u00e0 la d\u00e9claration de politique g\u00e9n\u00e9rale de Bayrou - Bobea\",\"isPartOf\":{\"@id\":\"https:\/\/bobea.net\/#website\"},\"primaryImageOfPage\":{\"@id\":\"https:\/\/bobea.net\/index.php\/2025\/01\/23\/sarah-knafo-compare-le-discours-dinvestiture-de-trump-a-la-declaration-de-politique-generale-de-bayrou\/#primaryimage\"},\"image\":{\"@id\":\"https:\/\/bobea.net\/index.php\/2025\/01\/23\/sarah-knafo-compare-le-discours-dinvestiture-de-trump-a-la-declaration-de-politique-generale-de-bayrou\/#primaryimage\"},\"thumbnailUrl\":\"https:\/\/bobea.net\/wp-content\/uploads\/2025\/01\/knafo.jpg\",\"datePublished\":\"2025-01-23T15:34:33+00:00\",\"dateModified\":\"2025-01-23T15:34:34+00:00\",\"breadcrumb\":{\"@id\":\"https:\/\/bobea.net\/index.php\/2025\/01\/23\/sarah-knafo-compare-le-discours-dinvestiture-de-trump-a-la-declaration-de-politique-generale-de-bayrou\/#breadcrumb\"},\"inLanguage\":\"fr-FR\",\"potentialAction\":[{\"@type\":\"ReadAction\",\"target\":[\"https:\/\/bobea.net\/index.php\/2025\/01\/23\/sarah-knafo-compare-le-discours-dinvestiture-de-trump-a-la-declaration-de-politique-generale-de-bayrou\/\"]}]},{\"@type\":\"ImageObject\",\"inLanguage\":\"fr-FR\",\"@id\":\"https:\/\/bobea.net\/index.php\/2025\/01\/23\/sarah-knafo-compare-le-discours-dinvestiture-de-trump-a-la-declaration-de-politique-generale-de-bayrou\/#primaryimage\",\"url\":\"https:\/\/bobea.net\/wp-content\/uploads\/2025\/01\/knafo.jpg\",\"contentUrl\":\"https:\/\/bobea.net\/wp-content\/uploads\/2025\/01\/knafo.jpg\",\"width\":1024,\"height\":683,\"caption\":\"Sarah Knafo compare le discours d'investiture de Trump \u00e0 la d\u00e9claration de politique g\u00e9n\u00e9rale de Bayrou\"},{\"@type\":\"BreadcrumbList\",\"@id\":\"https:\/\/bobea.net\/index.php\/2025\/01\/23\/sarah-knafo-compare-le-discours-dinvestiture-de-trump-a-la-declaration-de-politique-generale-de-bayrou\/#breadcrumb\",\"itemListElement\":[{\"@type\":\"ListItem\",\"position\":1,\"name\":\"Accueil\",\"item\":\"https:\/\/bobea.net\/\"},{\"@type\":\"ListItem\",\"position\":2,\"name\":\"Sarah Knafo compare le discours d&rsquo;investiture de Trump \u00e0 la d\u00e9claration de politique g\u00e9n\u00e9rale de Bayrou\"}]},{\"@type\":\"WebSite\",\"@id\":\"https:\/\/bobea.net\/#website\",\"url\":\"https:\/\/bobea.net\/\",\"name\":\"Bobea\",\"description\":\"Le magazine de la nouvelle \u00c8ve\",\"publisher\":{\"@id\":\"https:\/\/bobea.net\/#organization\"},\"potentialAction\":[{\"@type\":\"SearchAction\",\"target\":{\"@type\":\"EntryPoint\",\"urlTemplate\":\"https:\/\/bobea.net\/?s={search_term_string}\"},\"query-input\":{\"@type\":\"PropertyValueSpecification\",\"valueRequired\":true,\"valueName\":\"search_term_string\"}}],\"inLanguage\":\"fr-FR\"},{\"@type\":\"Organization\",\"@id\":\"https:\/\/bobea.net\/#organization\",\"name\":\"Bobea\",\"url\":\"https:\/\/bobea.net\/\",\"logo\":{\"@type\":\"ImageObject\",\"inLanguage\":\"fr-FR\",\"@id\":\"https:\/\/bobea.net\/#\/schema\/logo\/image\/\",\"url\":\"https:\/\/bobea.net\/wp-content\/uploads\/2024\/06\/bobea.jpg\",\"contentUrl\":\"https:\/\/bobea.net\/wp-content\/uploads\/2024\/06\/bobea.jpg\",\"width\":1080,\"height\":1080,\"caption\":\"Bobea\"},\"image\":{\"@id\":\"https:\/\/bobea.net\/#\/schema\/logo\/image\/\"},\"sameAs\":[\"https:\/\/web.facebook.com\/profile.php?id=61559252188416\"]},{\"@type\":\"Person\",\"@id\":\"https:\/\/bobea.net\/#\/schema\/person\/e7f45ef187918d7c956bf619dce90ccf\",\"name\":\"bobea.info\",\"image\":{\"@type\":\"ImageObject\",\"inLanguage\":\"fr-FR\",\"@id\":\"https:\/\/bobea.net\/#\/schema\/person\/image\/\",\"url\":\"https:\/\/secure.gravatar.com\/avatar\/36147980349df887ae30808df3e29474?s=96&d=mm&r=g\",\"contentUrl\":\"https:\/\/secure.gravatar.com\/avatar\/36147980349df887ae30808df3e29474?s=96&d=mm&r=g\",\"caption\":\"bobea.info\"},\"sameAs\":[\"https:\/\/bobea.net\"],\"url\":\"https:\/\/bobea.net\/index.php\/author\/bobea-info\/\"}]}<\/script>\n<!-- \/ Yoast SEO plugin. -->","yoast_head_json":{"title":"Sarah Knafo compare le discours d'investiture de Trump \u00e0 la d\u00e9claration de politique g\u00e9n\u00e9rale de Bayrou - Bobea","robots":{"index":"index","follow":"follow","max-snippet":"max-snippet:-1","max-image-preview":"max-image-preview:large","max-video-preview":"max-video-preview:-1"},"canonical":"https:\/\/bobea.net\/index.php\/2025\/01\/23\/sarah-knafo-compare-le-discours-dinvestiture-de-trump-a-la-declaration-de-politique-generale-de-bayrou\/","og_locale":"fr_FR","og_type":"article","og_title":"Sarah Knafo compare le discours d'investiture de Trump \u00e0 la d\u00e9claration de politique g\u00e9n\u00e9rale de Bayrou - Bobea","og_description":"Sarah Knafo, eurod\u00e9put\u00e9e Recon\u00adqu\u00eate, a fait une d\u00e9c\u00adla\u00adra\u00adtion remar\u00adqu\u00e9e depuis Wash\u00ading\u00adton con\u00adcer\u00adnant le dis\u00adcours d\u2019in\u00advesti\u00adture de Don\u00adald Trump. Pr\u00e9sente lors de la c\u00e9r\u00e9\u00admonie au Capi\u00adtole, Knafo a affir\u00adm\u00e9 que le&hellip;","og_url":"https:\/\/bobea.net\/index.php\/2025\/01\/23\/sarah-knafo-compare-le-discours-dinvestiture-de-trump-a-la-declaration-de-politique-generale-de-bayrou\/","og_site_name":"Bobea","article_publisher":"https:\/\/web.facebook.com\/profile.php?id=61559252188416","article_published_time":"2025-01-23T15:34:33+00:00","article_modified_time":"2025-01-23T15:34:34+00:00","og_image":[{"width":1024,"height":683,"url":"https:\/\/bobea.net\/wp-content\/uploads\/2025\/01\/knafo.jpg","type":"image\/jpeg"}],"author":"bobea.info","twitter_card":"summary_large_image","twitter_misc":{"\u00c9crit par":"bobea.info","Dur\u00e9e de lecture estim\u00e9e":"2 minutes"},"schema":{"@context":"https:\/\/schema.org","@graph":[{"@type":"Article","@id":"https:\/\/bobea.net\/index.php\/2025\/01\/23\/sarah-knafo-compare-le-discours-dinvestiture-de-trump-a-la-declaration-de-politique-generale-de-bayrou\/#article","isPartOf":{"@id":"https:\/\/bobea.net\/index.php\/2025\/01\/23\/sarah-knafo-compare-le-discours-dinvestiture-de-trump-a-la-declaration-de-politique-generale-de-bayrou\/"},"author":{"name":"bobea.info","@id":"https:\/\/bobea.net\/#\/schema\/person\/e7f45ef187918d7c956bf619dce90ccf"},"headline":"Sarah Knafo compare le discours d\u2019investiture de Trump \u00e0 la d\u00e9claration de politique g\u00e9n\u00e9rale de Bayrou","datePublished":"2025-01-23T15:34:33+00:00","dateModified":"2025-01-23T15:34:34+00:00","mainEntityOfPage":{"@id":"https:\/\/bobea.net\/index.php\/2025\/01\/23\/sarah-knafo-compare-le-discours-dinvestiture-de-trump-a-la-declaration-de-politique-generale-de-bayrou\/"},"wordCount":292,"commentCount":0,"publisher":{"@id":"https:\/\/bobea.net\/#organization"},"image":{"@id":"https:\/\/bobea.net\/index.php\/2025\/01\/23\/sarah-knafo-compare-le-discours-dinvestiture-de-trump-a-la-declaration-de-politique-generale-de-bayrou\/#primaryimage"},"thumbnailUrl":"https:\/\/bobea.net\/wp-content\/uploads\/2025\/01\/knafo.jpg","articleSection":["On en Parle"],"inLanguage":"fr-FR","potentialAction":[{"@type":"CommentAction","name":"Comment","target":["https:\/\/bobea.net\/index.php\/2025\/01\/23\/sarah-knafo-compare-le-discours-dinvestiture-de-trump-a-la-declaration-de-politique-generale-de-bayrou\/#respond"]}]},{"@type":"WebPage","@id":"https:\/\/bobea.net\/index.php\/2025\/01\/23\/sarah-knafo-compare-le-discours-dinvestiture-de-trump-a-la-declaration-de-politique-generale-de-bayrou\/","url":"https:\/\/bobea.net\/index.php\/2025\/01\/23\/sarah-knafo-compare-le-discours-dinvestiture-de-trump-a-la-declaration-de-politique-generale-de-bayrou\/","name":"Sarah Knafo compare le discours d'investiture de Trump \u00e0 la d\u00e9claration de politique g\u00e9n\u00e9rale de Bayrou - Bobea","isPartOf":{"@id":"https:\/\/bobea.net\/#website"},"primaryImageOfPage":{"@id":"https:\/\/bobea.net\/index.php\/2025\/01\/23\/sarah-knafo-compare-le-discours-dinvestiture-de-trump-a-la-declaration-de-politique-generale-de-bayrou\/#primaryimage"},"image":{"@id":"https:\/\/bobea.net\/index.php\/2025\/01\/23\/sarah-knafo-compare-le-discours-dinvestiture-de-trump-a-la-declaration-de-politique-generale-de-bayrou\/#primaryimage"},"thumbnailUrl":"https:\/\/bobea.net\/wp-content\/uploads\/2025\/01\/knafo.jpg","datePublished":"2025-01-23T15:34:33+00:00","dateModified":"2025-01-23T15:34:34+00:00","breadcrumb":{"@id":"https:\/\/bobea.net\/index.php\/2025\/01\/23\/sarah-knafo-compare-le-discours-dinvestiture-de-trump-a-la-declaration-de-politique-generale-de-bayrou\/#breadcrumb"},"inLanguage":"fr-FR","potentialAction":[{"@type":"ReadAction","target":["https:\/\/bobea.net\/index.php\/2025\/01\/23\/sarah-knafo-compare-le-discours-dinvestiture-de-trump-a-la-declaration-de-politique-generale-de-bayrou\/"]}]},{"@type":"ImageObject","inLanguage":"fr-FR","@id":"https:\/\/bobea.net\/index.php\/2025\/01\/23\/sarah-knafo-compare-le-discours-dinvestiture-de-trump-a-la-declaration-de-politique-generale-de-bayrou\/#primaryimage","url":"https:\/\/bobea.net\/wp-content\/uploads\/2025\/01\/knafo.jpg","contentUrl":"https:\/\/bobea.net\/wp-content\/uploads\/2025\/01\/knafo.jpg","width":1024,"height":683,"caption":"Sarah Knafo compare le discours d'investiture de Trump \u00e0 la d\u00e9claration de politique g\u00e9n\u00e9rale de Bayrou"},{"@type":"BreadcrumbList","@id":"https:\/\/bobea.net\/index.php\/2025\/01\/23\/sarah-knafo-compare-le-discours-dinvestiture-de-trump-a-la-declaration-de-politique-generale-de-bayrou\/#breadcrumb","itemListElement":[{"@type":"ListItem","position":1,"name":"Accueil","item":"https:\/\/bobea.net\/"},{"@type":"ListItem","position":2,"name":"Sarah Knafo compare le discours d&rsquo;investiture de Trump \u00e0 la d\u00e9claration de politique g\u00e9n\u00e9rale de Bayrou"}]},{"@type":"WebSite","@id":"https:\/\/bobea.net\/#website","url":"https:\/\/bobea.net\/","name":"Bobea","description":"Le magazine de la nouvelle \u00c8ve","publisher":{"@id":"https:\/\/bobea.net\/#organization"},"potentialAction":[{"@type":"SearchAction","target":{"@type":"EntryPoint","urlTemplate":"https:\/\/bobea.net\/?s={search_term_string}"},"query-input":{"@type":"PropertyValueSpecification","valueRequired":true,"valueName":"search_term_string"}}],"inLanguage":"fr-FR"},{"@type":"Organization","@id":"https:\/\/bobea.net\/#organization","name":"Bobea","url":"https:\/\/bobea.net\/","logo":{"@type":"ImageObject","inLanguage":"fr-FR","@id":"https:\/\/bobea.net\/#\/schema\/logo\/image\/","url":"https:\/\/bobea.net\/wp-content\/uploads\/2024\/06\/bobea.jpg","contentUrl":"https:\/\/bobea.net\/wp-content\/uploads\/2024\/06\/bobea.jpg","width":1080,"height":1080,"caption":"Bobea"},"image":{"@id":"https:\/\/bobea.net\/#\/schema\/logo\/image\/"},"sameAs":["https:\/\/web.facebook.com\/profile.php?id=61559252188416"]},{"@type":"Person","@id":"https:\/\/bobea.net\/#\/schema\/person\/e7f45ef187918d7c956bf619dce90ccf","name":"bobea.info","image":{"@type":"ImageObject","inLanguage":"fr-FR","@id":"https:\/\/bobea.net\/#\/schema\/person\/image\/","url":"https:\/\/secure.gravatar.com\/avatar\/36147980349df887ae30808df3e29474?s=96&d=mm&r=g","contentUrl":"https:\/\/secure.gravatar.com\/avatar\/36147980349df887ae30808df3e29474?s=96&d=mm&r=g","caption":"bobea.info"},"sameAs":["https:\/\/bobea.net"],"url":"https:\/\/bobea.net\/index.php\/author\/bobea-info\/"}]}},"_links":{"self":[{"href":"https:\/\/bobea.net\/index.php\/wp-json\/wp\/v2\/posts\/7771"}],"collection":[{"href":"https:\/\/bobea.net\/index.php\/wp-json\/wp\/v2\/posts"}],"about":[{"href":"https:\/\/bobea.net\/index.php\/wp-json\/wp\/v2\/types\/post"}],"author":[{"embeddable":true,"href":"https:\/\/bobea.net\/index.php\/wp-json\/wp\/v2\/users\/1"}],"replies":[{"embeddable":true,"href":"https:\/\/bobea.net\/index.php\/wp-json\/wp\/v2\/comments?post=7771"}],"version-history":[{"count":0,"href":"https:\/\/bobea.net\/index.php\/wp-json\/wp\/v2\/posts\/7771\/revisions"}],"wp:featuredmedia":[{"embeddable":true,"href":"https:\/\/bobea.net\/index.php\/wp-json\/wp\/v2\/media\/7772"}],"wp:attachment":[{"href":"https:\/\/bobea.net\/index.php\/wp-json\/wp\/v2\/media?parent=7771"}],"wp:term":[{"taxonomy":"category","embeddable":true,"href":"https:\/\/bobea.net\/index.php\/wp-json\/wp\/v2\/categories?post=7771"},{"taxonomy":"post_tag","embeddable":true,"href":"https:\/\/bobea.net\/index.php\/wp-json\/wp\/v2\/tags?post=7771"}],"curies":[{"name":"wp","href":"https:\/\/api.w.org\/{rel}","templated":true}]}}