{"id":7767,"date":"2025-01-23T15:20:33","date_gmt":"2025-01-23T15:20:33","guid":{"rendered":"https:\/\/bobea.net\/?p=7767"},"modified":"2025-01-23T15:20:34","modified_gmt":"2025-01-23T15:20:34","slug":"joe-biden-gracie-preventivement-des-membres-de-sa-famille","status":"publish","type":"post","link":"https:\/\/bobea.net\/index.php\/2025\/01\/23\/joe-biden-gracie-preventivement-des-membres-de-sa-famille\/","title":{"rendered":"Joe Biden gracie pr\u00e9ventivement des membres de sa famille"},"content":{"rendered":"\n<p>Dans un geste con\u00adtro\u00adver\u00ads\u00e9, le pr\u00e9si\u00addent sor\u00adtant Joe Biden a accord\u00e9 des gr\u00e2ces pr\u00e9ven\u00adtives \u00e0 cinq mem\u00adbres de sa famille et \u00e0 Leonard Pelti\u00ader, un mil\u00adi\u00adtant am\u00e9rin\u00addi\u00aden incar\u00adc\u00e9r\u00e9 depuis 1975.<\/p>\n\n\n\n<p>Gr\u00e2ces famil\u00adiales<\/p>\n\n\n\n<p>Biden a graci\u00e9 pr\u00e9ven\u00adtive\u00adment cinq mem\u00adbres de sa famille, dont l\u2019i\u00adden\u00adtit\u00e9 n\u2019a pas \u00e9t\u00e9 r\u00e9v\u00e9l\u00e9e. Cette d\u00e9ci\u00adsion soul\u00e8ve des ques\u00adtions sur l\u2019u\u00adtil\u00adi\u00adsa\u00adtion du pou\u00advoir pr\u00e9si\u00adden\u00adtiel de gr\u00e2ce et ses impli\u00adca\u00adtions \u00e9thiques.<\/p>\n\n\n\n<figure class=\"wp-block-image size-large\"><img loading=\"lazy\" decoding=\"async\" width=\"1024\" height=\"576\" src=\"https:\/\/bobea.net\/wp-content\/uploads\/2025\/01\/4670c07872d5314c6ad6ffa633d4a059-1737393181-1024x576.jpg\" alt class=\"wp-image-7769\" srcset=\"https:\/\/bobea.net\/wp-content\/uploads\/2025\/01\/4670c07872d5314c6ad6ffa633d4a059-1737393181-1024x576.jpg 1024w, https:\/\/bobea.net\/wp-content\/uploads\/2025\/01\/4670c07872d5314c6ad6ffa633d4a059-1737393181-300x169.jpg 300w, https:\/\/bobea.net\/wp-content\/uploads\/2025\/01\/4670c07872d5314c6ad6ffa633d4a059-1737393181-768x432.jpg 768w, https:\/\/bobea.net\/wp-content\/uploads\/2025\/01\/4670c07872d5314c6ad6ffa633d4a059-1737393181-1536x864.jpg 1536w, https:\/\/bobea.net\/wp-content\/uploads\/2025\/01\/4670c07872d5314c6ad6ffa633d4a059-1737393181.jpg 1920w\" sizes=\"(max-width: 1024px) 100vw, 1024px\"><\/figure>\n\n\n\n<p>Le cas Leonard Pelti\u00ader<\/p>\n\n\n\n<p>Leonard Pelti\u00ader, mil\u00adi\u00adtant am\u00e9rin\u00addi\u00aden con\u00addamn\u00e9 pour le meurtre de deux agents du FBI en 1975, a \u00e9gale\u00adment re\u00e7u une gr\u00e2ce. Ses d\u00e9fenseurs affir\u00adment que l\u2019af\u00adfaire \u00e9tait mon\u00adt\u00e9e de toutes pi\u00e8ces.<\/p>\n\n\n\n<p>R\u00e9ac\u00adtions et impli\u00adca\u00adtions<\/p>\n\n\n\n<p>Cette d\u00e9ci\u00adsion a sus\u00adcit\u00e9 des r\u00e9ac\u00adtions mit\u00adig\u00e9es, cer\u00adtains y voy\u00adant un abus de pou\u00advoir, d\u2019autres une cor\u00adrec\u00adtion d\u2019in\u00adjus\u00adtices his\u00adtoriques. Elle soul\u00e8ve des d\u00e9bats sur l\u2019\u00e9\u00adten\u00addue du pou\u00advoir pr\u00e9si\u00adden\u00adtiel et son util\u00adi\u00adsa\u00adtion \u00e0 des fins per\u00adson\u00adnelles ou poli\u00adtiques<\/p>\n","protected":false},"excerpt":{"rendered":"<p>Dans un geste con\u00adtro\u00adver\u00ads\u00e9, le pr\u00e9si\u00addent sor\u00adtant Joe Biden a accord\u00e9 des gr\u00e2ces pr\u00e9ven\u00adtives \u00e0 cinq mem\u00adbres de sa famille et \u00e0 Leonard Pelti\u00ader, un mil\u00adi\u00adtant am\u00e9rin\u00addi\u00aden incar\u00adc\u00e9r\u00e9 depuis 1975.\u2026 <\/p>\n","protected":false},"author":1,"featured_media":7768,"comment_status":"open","ping_status":"open","sticky":false,"template":"","format":"standard","meta":{"wp_typography_post_enhancements_disabled":false,"footnotes":""},"categories":[73],"tags":[],"class_list":["post-7767","post","type-post","status-publish","format-standard","has-post-thumbnail","hentry","category-on-en-parle"],"yoast_head":"<!-- This site is optimized with the Yoast SEO plugin v24.7 - https:\/\/yoast.com\/wordpress\/plugins\/seo\/ -->\n<title>Joe Biden gracie pr\u00e9ventivement des membres de sa famille - Bobea<\/title>\n<meta name=\"robots\" content=\"index, follow, max-snippet:-1, max-image-preview:large, max-video-preview:-1\" \/>\n<link rel=\"canonical\" href=\"https:\/\/bobea.net\/index.php\/2025\/01\/23\/joe-biden-gracie-preventivement-des-membres-de-sa-famille\/\" \/>\n<meta property=\"og:locale\" content=\"fr_FR\" \/>\n<meta property=\"og:type\" content=\"article\" \/>\n<meta property=\"og:title\" content=\"Joe Biden gracie pr\u00e9ventivement des membres de sa famille - Bobea\" \/>\n<meta property=\"og:description\" content=\"Dans un geste con\u00adtro\u00adver\u00ads\u00e9, le pr\u00e9si\u00addent sor\u00adtant Joe Biden a accord\u00e9 des gr\u00e2ces pr\u00e9ven\u00adtives \u00e0 cinq mem\u00adbres de sa famille et \u00e0 Leonard Pelti\u00ader, un mil\u00adi\u00adtant am\u00e9rin\u00addi\u00aden incar\u00adc\u00e9r\u00e9 depuis 1975.&hellip;\" \/>\n<meta property=\"og:url\" content=\"https:\/\/bobea.net\/index.php\/2025\/01\/23\/joe-biden-gracie-preventivement-des-membres-de-sa-famille\/\" \/>\n<meta property=\"og:site_name\" content=\"Bobea\" \/>\n<meta property=\"article:publisher\" content=\"https:\/\/web.facebook.com\/profile.php?id=61559252188416\" \/>\n<meta property=\"article:published_time\" content=\"2025-01-23T15:20:33+00:00\" \/>\n<meta property=\"article:modified_time\" content=\"2025-01-23T15:20:34+00:00\" \/>\n<meta property=\"og:image\" content=\"https:\/\/bobea.net\/wp-content\/uploads\/2025\/01\/063_2194365142-1.jpg\" \/>\n\t<meta property=\"og:image:width\" content=\"2000\" \/>\n\t<meta property=\"og:image:height\" content=\"1000\" \/>\n\t<meta property=\"og:image:type\" content=\"image\/jpeg\" \/>\n<meta name=\"author\" content=\"bobea.info\" \/>\n<meta name=\"twitter:card\" content=\"summary_large_image\" \/>\n<meta name=\"twitter:label1\" content=\"\u00c9crit par\" \/>\n\t<meta name=\"twitter:data1\" content=\"bobea.info\" \/>\n\t<meta name=\"twitter:label2\" content=\"Dur\u00e9e de lecture estim\u00e9e\" \/>\n\t<meta name=\"twitter:data2\" content=\"2 minutes\" \/>\n<script type=\"application\/ld+json\" class=\"yoast-schema-graph\">{\"@context\":\"https:\/\/schema.org\",\"@graph\":[{\"@type\":\"Article\",\"@id\":\"https:\/\/bobea.net\/index.php\/2025\/01\/23\/joe-biden-gracie-preventivement-des-membres-de-sa-famille\/#article\",\"isPartOf\":{\"@id\":\"https:\/\/bobea.net\/index.php\/2025\/01\/23\/joe-biden-gracie-preventivement-des-membres-de-sa-famille\/\"},\"author\":{\"name\":\"bobea.info\",\"@id\":\"https:\/\/bobea.net\/#\/schema\/person\/e7f45ef187918d7c956bf619dce90ccf\"},\"headline\":\"Joe Biden gracie pr\u00e9ventivement des membres de sa famille\",\"datePublished\":\"2025-01-23T15:20:33+00:00\",\"dateModified\":\"2025-01-23T15:20:34+00:00\",\"mainEntityOfPage\":{\"@id\":\"https:\/\/bobea.net\/index.php\/2025\/01\/23\/joe-biden-gracie-preventivement-des-membres-de-sa-famille\/\"},\"wordCount\":176,\"commentCount\":0,\"publisher\":{\"@id\":\"https:\/\/bobea.net\/#organization\"},\"image\":{\"@id\":\"https:\/\/bobea.net\/index.php\/2025\/01\/23\/joe-biden-gracie-preventivement-des-membres-de-sa-famille\/#primaryimage\"},\"thumbnailUrl\":\"https:\/\/bobea.net\/wp-content\/uploads\/2025\/01\/063_2194365142-1.jpg\",\"articleSection\":[\"On en Parle\"],\"inLanguage\":\"fr-FR\",\"potentialAction\":[{\"@type\":\"CommentAction\",\"name\":\"Comment\",\"target\":[\"https:\/\/bobea.net\/index.php\/2025\/01\/23\/joe-biden-gracie-preventivement-des-membres-de-sa-famille\/#respond\"]}]},{\"@type\":\"WebPage\",\"@id\":\"https:\/\/bobea.net\/index.php\/2025\/01\/23\/joe-biden-gracie-preventivement-des-membres-de-sa-famille\/\",\"url\":\"https:\/\/bobea.net\/index.php\/2025\/01\/23\/joe-biden-gracie-preventivement-des-membres-de-sa-famille\/\",\"name\":\"Joe Biden gracie pr\u00e9ventivement des membres de sa famille - Bobea\",\"isPartOf\":{\"@id\":\"https:\/\/bobea.net\/#website\"},\"primaryImageOfPage\":{\"@id\":\"https:\/\/bobea.net\/index.php\/2025\/01\/23\/joe-biden-gracie-preventivement-des-membres-de-sa-famille\/#primaryimage\"},\"image\":{\"@id\":\"https:\/\/bobea.net\/index.php\/2025\/01\/23\/joe-biden-gracie-preventivement-des-membres-de-sa-famille\/#primaryimage\"},\"thumbnailUrl\":\"https:\/\/bobea.net\/wp-content\/uploads\/2025\/01\/063_2194365142-1.jpg\",\"datePublished\":\"2025-01-23T15:20:33+00:00\",\"dateModified\":\"2025-01-23T15:20:34+00:00\",\"breadcrumb\":{\"@id\":\"https:\/\/bobea.net\/index.php\/2025\/01\/23\/joe-biden-gracie-preventivement-des-membres-de-sa-famille\/#breadcrumb\"},\"inLanguage\":\"fr-FR\",\"potentialAction\":[{\"@type\":\"ReadAction\",\"target\":[\"https:\/\/bobea.net\/index.php\/2025\/01\/23\/joe-biden-gracie-preventivement-des-membres-de-sa-famille\/\"]}]},{\"@type\":\"ImageObject\",\"inLanguage\":\"fr-FR\",\"@id\":\"https:\/\/bobea.net\/index.php\/2025\/01\/23\/joe-biden-gracie-preventivement-des-membres-de-sa-famille\/#primaryimage\",\"url\":\"https:\/\/bobea.net\/wp-content\/uploads\/2025\/01\/063_2194365142-1.jpg\",\"contentUrl\":\"https:\/\/bobea.net\/wp-content\/uploads\/2025\/01\/063_2194365142-1.jpg\",\"width\":2000,\"height\":1000,\"caption\":\"Joe Biden gracie pr\u00e9ventivement des membres de sa famille\"},{\"@type\":\"BreadcrumbList\",\"@id\":\"https:\/\/bobea.net\/index.php\/2025\/01\/23\/joe-biden-gracie-preventivement-des-membres-de-sa-famille\/#breadcrumb\",\"itemListElement\":[{\"@type\":\"ListItem\",\"position\":1,\"name\":\"Accueil\",\"item\":\"https:\/\/bobea.net\/\"},{\"@type\":\"ListItem\",\"position\":2,\"name\":\"Joe Biden gracie pr\u00e9ventivement des membres de sa famille\"}]},{\"@type\":\"WebSite\",\"@id\":\"https:\/\/bobea.net\/#website\",\"url\":\"https:\/\/bobea.net\/\",\"name\":\"Bobea\",\"description\":\"Le magazine de la nouvelle \u00c8ve\",\"publisher\":{\"@id\":\"https:\/\/bobea.net\/#organization\"},\"potentialAction\":[{\"@type\":\"SearchAction\",\"target\":{\"@type\":\"EntryPoint\",\"urlTemplate\":\"https:\/\/bobea.net\/?s={search_term_string}\"},\"query-input\":{\"@type\":\"PropertyValueSpecification\",\"valueRequired\":true,\"valueName\":\"search_term_string\"}}],\"inLanguage\":\"fr-FR\"},{\"@type\":\"Organization\",\"@id\":\"https:\/\/bobea.net\/#organization\",\"name\":\"Bobea\",\"url\":\"https:\/\/bobea.net\/\",\"logo\":{\"@type\":\"ImageObject\",\"inLanguage\":\"fr-FR\",\"@id\":\"https:\/\/bobea.net\/#\/schema\/logo\/image\/\",\"url\":\"https:\/\/bobea.net\/wp-content\/uploads\/2024\/06\/bobea.jpg\",\"contentUrl\":\"https:\/\/bobea.net\/wp-content\/uploads\/2024\/06\/bobea.jpg\",\"width\":1080,\"height\":1080,\"caption\":\"Bobea\"},\"image\":{\"@id\":\"https:\/\/bobea.net\/#\/schema\/logo\/image\/\"},\"sameAs\":[\"https:\/\/web.facebook.com\/profile.php?id=61559252188416\"]},{\"@type\":\"Person\",\"@id\":\"https:\/\/bobea.net\/#\/schema\/person\/e7f45ef187918d7c956bf619dce90ccf\",\"name\":\"bobea.info\",\"image\":{\"@type\":\"ImageObject\",\"inLanguage\":\"fr-FR\",\"@id\":\"https:\/\/bobea.net\/#\/schema\/person\/image\/\",\"url\":\"https:\/\/secure.gravatar.com\/avatar\/36147980349df887ae30808df3e29474?s=96&d=mm&r=g\",\"contentUrl\":\"https:\/\/secure.gravatar.com\/avatar\/36147980349df887ae30808df3e29474?s=96&d=mm&r=g\",\"caption\":\"bobea.info\"},\"sameAs\":[\"https:\/\/bobea.net\"],\"url\":\"https:\/\/bobea.net\/index.php\/author\/bobea-info\/\"}]}<\/script>\n<!-- \/ Yoast SEO plugin. -->","yoast_head_json":{"title":"Joe Biden gracie pr\u00e9ventivement des membres de sa famille - Bobea","robots":{"index":"index","follow":"follow","max-snippet":"max-snippet:-1","max-image-preview":"max-image-preview:large","max-video-preview":"max-video-preview:-1"},"canonical":"https:\/\/bobea.net\/index.php\/2025\/01\/23\/joe-biden-gracie-preventivement-des-membres-de-sa-famille\/","og_locale":"fr_FR","og_type":"article","og_title":"Joe Biden gracie pr\u00e9ventivement des membres de sa famille - Bobea","og_description":"Dans un geste con\u00adtro\u00adver\u00ads\u00e9, le pr\u00e9si\u00addent sor\u00adtant Joe Biden a accord\u00e9 des gr\u00e2ces pr\u00e9ven\u00adtives \u00e0 cinq mem\u00adbres de sa famille et \u00e0 Leonard Pelti\u00ader, un mil\u00adi\u00adtant am\u00e9rin\u00addi\u00aden incar\u00adc\u00e9r\u00e9 depuis 1975.&hellip;","og_url":"https:\/\/bobea.net\/index.php\/2025\/01\/23\/joe-biden-gracie-preventivement-des-membres-de-sa-famille\/","og_site_name":"Bobea","article_publisher":"https:\/\/web.facebook.com\/profile.php?id=61559252188416","article_published_time":"2025-01-23T15:20:33+00:00","article_modified_time":"2025-01-23T15:20:34+00:00","og_image":[{"width":2000,"height":1000,"url":"https:\/\/bobea.net\/wp-content\/uploads\/2025\/01\/063_2194365142-1.jpg","type":"image\/jpeg"}],"author":"bobea.info","twitter_card":"summary_large_image","twitter_misc":{"\u00c9crit par":"bobea.info","Dur\u00e9e de lecture estim\u00e9e":"2 minutes"},"schema":{"@context":"https:\/\/schema.org","@graph":[{"@type":"Article","@id":"https:\/\/bobea.net\/index.php\/2025\/01\/23\/joe-biden-gracie-preventivement-des-membres-de-sa-famille\/#article","isPartOf":{"@id":"https:\/\/bobea.net\/index.php\/2025\/01\/23\/joe-biden-gracie-preventivement-des-membres-de-sa-famille\/"},"author":{"name":"bobea.info","@id":"https:\/\/bobea.net\/#\/schema\/person\/e7f45ef187918d7c956bf619dce90ccf"},"headline":"Joe Biden gracie pr\u00e9ventivement des membres de sa famille","datePublished":"2025-01-23T15:20:33+00:00","dateModified":"2025-01-23T15:20:34+00:00","mainEntityOfPage":{"@id":"https:\/\/bobea.net\/index.php\/2025\/01\/23\/joe-biden-gracie-preventivement-des-membres-de-sa-famille\/"},"wordCount":176,"commentCount":0,"publisher":{"@id":"https:\/\/bobea.net\/#organization"},"image":{"@id":"https:\/\/bobea.net\/index.php\/2025\/01\/23\/joe-biden-gracie-preventivement-des-membres-de-sa-famille\/#primaryimage"},"thumbnailUrl":"https:\/\/bobea.net\/wp-content\/uploads\/2025\/01\/063_2194365142-1.jpg","articleSection":["On en Parle"],"inLanguage":"fr-FR","potentialAction":[{"@type":"CommentAction","name":"Comment","target":["https:\/\/bobea.net\/index.php\/2025\/01\/23\/joe-biden-gracie-preventivement-des-membres-de-sa-famille\/#respond"]}]},{"@type":"WebPage","@id":"https:\/\/bobea.net\/index.php\/2025\/01\/23\/joe-biden-gracie-preventivement-des-membres-de-sa-famille\/","url":"https:\/\/bobea.net\/index.php\/2025\/01\/23\/joe-biden-gracie-preventivement-des-membres-de-sa-famille\/","name":"Joe Biden gracie pr\u00e9ventivement des membres de sa famille - Bobea","isPartOf":{"@id":"https:\/\/bobea.net\/#website"},"primaryImageOfPage":{"@id":"https:\/\/bobea.net\/index.php\/2025\/01\/23\/joe-biden-gracie-preventivement-des-membres-de-sa-famille\/#primaryimage"},"image":{"@id":"https:\/\/bobea.net\/index.php\/2025\/01\/23\/joe-biden-gracie-preventivement-des-membres-de-sa-famille\/#primaryimage"},"thumbnailUrl":"https:\/\/bobea.net\/wp-content\/uploads\/2025\/01\/063_2194365142-1.jpg","datePublished":"2025-01-23T15:20:33+00:00","dateModified":"2025-01-23T15:20:34+00:00","breadcrumb":{"@id":"https:\/\/bobea.net\/index.php\/2025\/01\/23\/joe-biden-gracie-preventivement-des-membres-de-sa-famille\/#breadcrumb"},"inLanguage":"fr-FR","potentialAction":[{"@type":"ReadAction","target":["https:\/\/bobea.net\/index.php\/2025\/01\/23\/joe-biden-gracie-preventivement-des-membres-de-sa-famille\/"]}]},{"@type":"ImageObject","inLanguage":"fr-FR","@id":"https:\/\/bobea.net\/index.php\/2025\/01\/23\/joe-biden-gracie-preventivement-des-membres-de-sa-famille\/#primaryimage","url":"https:\/\/bobea.net\/wp-content\/uploads\/2025\/01\/063_2194365142-1.jpg","contentUrl":"https:\/\/bobea.net\/wp-content\/uploads\/2025\/01\/063_2194365142-1.jpg","width":2000,"height":1000,"caption":"Joe Biden gracie pr\u00e9ventivement des membres de sa famille"},{"@type":"BreadcrumbList","@id":"https:\/\/bobea.net\/index.php\/2025\/01\/23\/joe-biden-gracie-preventivement-des-membres-de-sa-famille\/#breadcrumb","itemListElement":[{"@type":"ListItem","position":1,"name":"Accueil","item":"https:\/\/bobea.net\/"},{"@type":"ListItem","position":2,"name":"Joe Biden gracie pr\u00e9ventivement des membres de sa famille"}]},{"@type":"WebSite","@id":"https:\/\/bobea.net\/#website","url":"https:\/\/bobea.net\/","name":"Bobea","description":"Le magazine de la nouvelle \u00c8ve","publisher":{"@id":"https:\/\/bobea.net\/#organization"},"potentialAction":[{"@type":"SearchAction","target":{"@type":"EntryPoint","urlTemplate":"https:\/\/bobea.net\/?s={search_term_string}"},"query-input":{"@type":"PropertyValueSpecification","valueRequired":true,"valueName":"search_term_string"}}],"inLanguage":"fr-FR"},{"@type":"Organization","@id":"https:\/\/bobea.net\/#organization","name":"Bobea","url":"https:\/\/bobea.net\/","logo":{"@type":"ImageObject","inLanguage":"fr-FR","@id":"https:\/\/bobea.net\/#\/schema\/logo\/image\/","url":"https:\/\/bobea.net\/wp-content\/uploads\/2024\/06\/bobea.jpg","contentUrl":"https:\/\/bobea.net\/wp-content\/uploads\/2024\/06\/bobea.jpg","width":1080,"height":1080,"caption":"Bobea"},"image":{"@id":"https:\/\/bobea.net\/#\/schema\/logo\/image\/"},"sameAs":["https:\/\/web.facebook.com\/profile.php?id=61559252188416"]},{"@type":"Person","@id":"https:\/\/bobea.net\/#\/schema\/person\/e7f45ef187918d7c956bf619dce90ccf","name":"bobea.info","image":{"@type":"ImageObject","inLanguage":"fr-FR","@id":"https:\/\/bobea.net\/#\/schema\/person\/image\/","url":"https:\/\/secure.gravatar.com\/avatar\/36147980349df887ae30808df3e29474?s=96&d=mm&r=g","contentUrl":"https:\/\/secure.gravatar.com\/avatar\/36147980349df887ae30808df3e29474?s=96&d=mm&r=g","caption":"bobea.info"},"sameAs":["https:\/\/bobea.net"],"url":"https:\/\/bobea.net\/index.php\/author\/bobea-info\/"}]}},"_links":{"self":[{"href":"https:\/\/bobea.net\/index.php\/wp-json\/wp\/v2\/posts\/7767"}],"collection":[{"href":"https:\/\/bobea.net\/index.php\/wp-json\/wp\/v2\/posts"}],"about":[{"href":"https:\/\/bobea.net\/index.php\/wp-json\/wp\/v2\/types\/post"}],"author":[{"embeddable":true,"href":"https:\/\/bobea.net\/index.php\/wp-json\/wp\/v2\/users\/1"}],"replies":[{"embeddable":true,"href":"https:\/\/bobea.net\/index.php\/wp-json\/wp\/v2\/comments?post=7767"}],"version-history":[{"count":0,"href":"https:\/\/bobea.net\/index.php\/wp-json\/wp\/v2\/posts\/7767\/revisions"}],"wp:featuredmedia":[{"embeddable":true,"href":"https:\/\/bobea.net\/index.php\/wp-json\/wp\/v2\/media\/7768"}],"wp:attachment":[{"href":"https:\/\/bobea.net\/index.php\/wp-json\/wp\/v2\/media?parent=7767"}],"wp:term":[{"taxonomy":"category","embeddable":true,"href":"https:\/\/bobea.net\/index.php\/wp-json\/wp\/v2\/categories?post=7767"},{"taxonomy":"post_tag","embeddable":true,"href":"https:\/\/bobea.net\/index.php\/wp-json\/wp\/v2\/tags?post=7767"}],"curies":[{"name":"wp","href":"https:\/\/api.w.org\/{rel}","templated":true}]}}