{"id":7612,"date":"2025-01-21T19:10:54","date_gmt":"2025-01-21T19:10:54","guid":{"rendered":"https:\/\/bobea.net\/?p=7612"},"modified":"2025-01-21T19:10:56","modified_gmt":"2025-01-21T19:10:56","slug":"milan-kundera-lheritage-dun-ecrivain-qui-a-marque-des-generations-de-femmes","status":"publish","type":"post","link":"https:\/\/bobea.net\/index.php\/2025\/01\/21\/milan-kundera-lheritage-dun-ecrivain-qui-a-marque-des-generations-de-femmes\/","title":{"rendered":"Milan Kundera : L\u2019h\u00e9ritage d\u2019un \u00e9crivain qui a marqu\u00e9 des g\u00e9n\u00e9rations de femmes"},"content":{"rendered":"\n<p>L\u2019\u00e9crivain tch\u00e8que Milan Kun\u00addera, d\u00e9c\u00e9d\u00e9 le 11 juil\u00adlet 2023 \u00e0 l\u2019\u00e2ge de 94 ans, laisse der\u00adri\u00e8re lui un h\u00e9ritage lit\u00adt\u00e9raire qui a pro\u00adfond\u00e9\u00adment mar\u00adqu\u00e9 des g\u00e9n\u00e9ra\u00adtions de lecteurs, et en par\u00adti\u00adc\u00aduli\u00ader de lec\u00adtri\u00adces. Le 19 jan\u00advi\u00ader 2025, ses cen\u00addres ont \u00e9t\u00e9 rap\u00ada\u00adtri\u00e9es dans sa ville natale de Brno, en R\u00e9publique tch\u00e8que, con\u00adfor\u00adm\u00e9\u00adment \u00e0 ses derni\u00e8res volon\u00adt\u00e9s.<\/p>\n\n\n\n<p>Un retour aux orig\u00adines<\/p>\n\n\n\n<p>Kun\u00addera, qui avait quit\u00adt\u00e9 la Tch\u00e9\u00adcoslo\u00advaquie en 1975 pour s\u2019in\u00adstaller en France, avait tou\u00adjours gard\u00e9 un lien fort avec sa terre natale. Son \u00e9pouse V\u00e9ra, d\u00e9c\u00e9d\u00e9e en sep\u00adtem\u00adbre 2024, avait con\u00adserv\u00e9 l\u2019urne con\u00adtenant ses cen\u00addres jusqu\u2019\u00e0 sa pro\u00adpre dis\u00adpari\u00adtion. Ce rap\u00ada\u00adtriement sym\u00adbol\u00adise le retour de l\u2019\u00e9crivain \u00e0 ses racines, bouclant ain\u00adsi le cer\u00adcle de sa vie et de son \u0153uvre.<\/p>\n\n\n\n<p>L\u2019im\u00adpact sur les lec\u00adtri\u00adces<\/p>\n\n\n\n<p>Les romans de Kun\u00addera, tels que \u201cL\u2019In\u00adsouten\u00adable L\u00e9g\u00e8ret\u00e9 de l\u2019\u00eatre\u201d et \u201cLa Plaisan\u00adterie\u201d, ont eu un impact par\u00adti\u00adc\u00aduli\u00ader sur les femmes lec\u00adtri\u00adces. Ses per\u00adson\u00adnages f\u00e9minins com\u00adplex\u00ades et nuanc\u00e9s ont offert des per\u00adspec\u00adtives uniques sur la con\u00addi\u00adtion f\u00e9mi\u00adnine, l\u2019amour et la sex\u00adu\u00adal\u00adit\u00e9 dans le con\u00adtexte de l\u2019Eu\u00adrope de l\u2019Est sous le r\u00e9gime com\u00admu\u00adniste.<\/p>\n\n\n\n<figure class=\"wp-block-image size-full\"><img loading=\"lazy\" decoding=\"async\" width=\"924\" height=\"616\" src=\"https:\/\/bobea.net\/wp-content\/uploads\/2025\/01\/d549a1bb486c3d0a9afaf41788f716a5.jpg\" alt class=\"wp-image-7614\" srcset=\"https:\/\/bobea.net\/wp-content\/uploads\/2025\/01\/d549a1bb486c3d0a9afaf41788f716a5.jpg 924w, https:\/\/bobea.net\/wp-content\/uploads\/2025\/01\/d549a1bb486c3d0a9afaf41788f716a5-300x200.jpg 300w, https:\/\/bobea.net\/wp-content\/uploads\/2025\/01\/d549a1bb486c3d0a9afaf41788f716a5-768x512.jpg 768w\" sizes=\"(max-width: 924px) 100vw, 924px\"><\/figure>\n\n\n\n<p>Un h\u00e9ritage lit\u00adt\u00e9raire con\u00adtro\u00adver\u00ads\u00e9 mais durable<\/p>\n\n\n\n<p>Bien que cer\u00adtains aspects de son \u0153uvre aient \u00e9t\u00e9 cri\u00adtiqu\u00e9s pour leur repr\u00e9sen\u00adta\u00adtion des femmes, Kun\u00addera a n\u00e9an\u00admoins con\u00adtribu\u00e9 \u00e0 ouvrir des dis\u00adcus\u00adsions impor\u00adtantes sur les rela\u00adtions hommes-femmes et les dynamiques de pou\u00advoir dans la soci\u00e9t\u00e9. Son style unique, m\u00ealant r\u00e9flex\u00adion philosophique et nar\u00adra\u00adtion romanesque, a inspir\u00e9 de nom\u00adbreuses \u00e9crivaines con\u00adtem\u00adpo\u00adraines.<\/p>\n\n\n\n<p>L\u2019in\u00adflu\u00adence de Kun\u00addera sur la lit\u00adt\u00e9ra\u00adture f\u00e9mi\u00adnine<\/p>\n\n\n\n<p>Plusieurs auteures renom\u00adm\u00e9es, telles que Nicole Krauss et Chi\u00adma\u00adman\u00adda Ngozi Adichie, ont cit\u00e9 Kun\u00addera comme une influ\u00adence majeure dans leur pro\u00adpre \u00e9cri\u00adt\u00adure. Son approche de th\u00e8mes uni\u00adversels comme l\u2019i\u00adden\u00adtit\u00e9, la m\u00e9moire et l\u2019ex\u00adil a trou\u00adv\u00e9 un \u00e9cho par\u00adti\u00adc\u00aduli\u00ader aupr\u00e8s des \u00e9crivaines trai\u00adtant de l\u2019ex\u00adp\u00e9ri\u00adence f\u00e9mi\u00adnine dans un monde globalis\u00e9.Le retour des cen\u00addres de Milan Kun\u00addera \u00e0 Brno mar\u00adque non seule\u00adment la fin d\u2019un chapitre dans l\u2019his\u00adtoire lit\u00adt\u00e9raire, mais aus\u00adsi l\u2019oc\u00adca\u00adsion de r\u00e9ex\u00adam\u00adin\u00ader son h\u00e9ritage, en par\u00adti\u00adc\u00aduli\u00ader son impact sur les lec\u00adtri\u00adces et les \u00e9crivaines du monde entier.<\/p>\n","protected":false},"excerpt":{"rendered":"<p>L\u2019\u00e9crivain tch\u00e8que Milan Kun\u00addera, d\u00e9c\u00e9d\u00e9 le 11 juil\u00adlet 2023 \u00e0 l\u2019\u00e2ge de 94 ans, laisse der\u00adri\u00e8re lui un h\u00e9ritage lit\u00adt\u00e9raire qui a pro\u00adfond\u00e9\u00adment mar\u00adqu\u00e9 des g\u00e9n\u00e9ra\u00adtions de lecteurs, et en\u2026 <\/p>\n","protected":false},"author":1,"featured_media":7613,"comment_status":"open","ping_status":"open","sticky":false,"template":"","format":"standard","meta":{"wp_typography_post_enhancements_disabled":false,"footnotes":""},"categories":[55,95,81],"tags":[],"class_list":["post-7612","post","type-post","status-publish","format-standard","has-post-thumbnail","hentry","category-culture","category-litterature","category-portraits"],"yoast_head":"<!-- This site is optimized with the Yoast SEO plugin v24.7 - https:\/\/yoast.com\/wordpress\/plugins\/seo\/ -->\n<title>Milan Kundera : L&#039;h\u00e9ritage d&#039;un \u00e9crivain qui a marqu\u00e9 des g\u00e9n\u00e9rations de femmes - Bobea<\/title>\n<meta name=\"robots\" content=\"index, follow, max-snippet:-1, max-image-preview:large, max-video-preview:-1\" \/>\n<link rel=\"canonical\" href=\"https:\/\/bobea.net\/index.php\/2025\/01\/21\/milan-kundera-lheritage-dun-ecrivain-qui-a-marque-des-generations-de-femmes\/\" \/>\n<meta property=\"og:locale\" content=\"fr_FR\" \/>\n<meta property=\"og:type\" content=\"article\" \/>\n<meta property=\"og:title\" content=\"Milan Kundera : L&#039;h\u00e9ritage d&#039;un \u00e9crivain qui a marqu\u00e9 des g\u00e9n\u00e9rations de femmes - Bobea\" \/>\n<meta property=\"og:description\" content=\"L\u2019\u00e9crivain tch\u00e8que Milan Kun\u00addera, d\u00e9c\u00e9d\u00e9 le 11 juil\u00adlet 2023 \u00e0 l\u2019\u00e2ge de 94 ans, laisse der\u00adri\u00e8re lui un h\u00e9ritage lit\u00adt\u00e9raire qui a pro\u00adfond\u00e9\u00adment mar\u00adqu\u00e9 des g\u00e9n\u00e9ra\u00adtions de lecteurs, et en&hellip;\" \/>\n<meta property=\"og:url\" content=\"https:\/\/bobea.net\/index.php\/2025\/01\/21\/milan-kundera-lheritage-dun-ecrivain-qui-a-marque-des-generations-de-femmes\/\" \/>\n<meta property=\"og:site_name\" content=\"Bobea\" \/>\n<meta property=\"article:publisher\" content=\"https:\/\/web.facebook.com\/profile.php?id=61559252188416\" \/>\n<meta property=\"article:published_time\" content=\"2025-01-21T19:10:54+00:00\" \/>\n<meta property=\"article:modified_time\" content=\"2025-01-21T19:10:56+00:00\" \/>\n<meta property=\"og:image\" content=\"https:\/\/bobea.net\/wp-content\/uploads\/2025\/01\/1628096-milan-kundera-2009.jpg\" \/>\n\t<meta property=\"og:image:width\" content=\"923\" \/>\n\t<meta property=\"og:image:height\" content=\"615\" \/>\n\t<meta property=\"og:image:type\" content=\"image\/jpeg\" \/>\n<meta name=\"author\" content=\"bobea.info\" \/>\n<meta name=\"twitter:card\" content=\"summary_large_image\" \/>\n<meta name=\"twitter:label1\" content=\"\u00c9crit par\" \/>\n\t<meta name=\"twitter:data1\" content=\"bobea.info\" \/>\n\t<meta name=\"twitter:label2\" content=\"Dur\u00e9e de lecture estim\u00e9e\" \/>\n\t<meta name=\"twitter:data2\" content=\"3 minutes\" \/>\n<script type=\"application\/ld+json\" class=\"yoast-schema-graph\">{\"@context\":\"https:\/\/schema.org\",\"@graph\":[{\"@type\":\"Article\",\"@id\":\"https:\/\/bobea.net\/index.php\/2025\/01\/21\/milan-kundera-lheritage-dun-ecrivain-qui-a-marque-des-generations-de-femmes\/#article\",\"isPartOf\":{\"@id\":\"https:\/\/bobea.net\/index.php\/2025\/01\/21\/milan-kundera-lheritage-dun-ecrivain-qui-a-marque-des-generations-de-femmes\/\"},\"author\":{\"name\":\"bobea.info\",\"@id\":\"https:\/\/bobea.net\/#\/schema\/person\/e7f45ef187918d7c956bf619dce90ccf\"},\"headline\":\"Milan Kundera : L\u2019h\u00e9ritage d\u2019un \u00e9crivain qui a marqu\u00e9 des g\u00e9n\u00e9rations de femmes\",\"datePublished\":\"2025-01-21T19:10:54+00:00\",\"dateModified\":\"2025-01-21T19:10:56+00:00\",\"mainEntityOfPage\":{\"@id\":\"https:\/\/bobea.net\/index.php\/2025\/01\/21\/milan-kundera-lheritage-dun-ecrivain-qui-a-marque-des-generations-de-femmes\/\"},\"wordCount\":396,\"commentCount\":0,\"publisher\":{\"@id\":\"https:\/\/bobea.net\/#organization\"},\"image\":{\"@id\":\"https:\/\/bobea.net\/index.php\/2025\/01\/21\/milan-kundera-lheritage-dun-ecrivain-qui-a-marque-des-generations-de-femmes\/#primaryimage\"},\"thumbnailUrl\":\"https:\/\/bobea.net\/wp-content\/uploads\/2025\/01\/1628096-milan-kundera-2009.jpg\",\"articleSection\":[\"Culture\",\"Litt\u00e9rature\",\"Portraits\"],\"inLanguage\":\"fr-FR\",\"potentialAction\":[{\"@type\":\"CommentAction\",\"name\":\"Comment\",\"target\":[\"https:\/\/bobea.net\/index.php\/2025\/01\/21\/milan-kundera-lheritage-dun-ecrivain-qui-a-marque-des-generations-de-femmes\/#respond\"]}]},{\"@type\":\"WebPage\",\"@id\":\"https:\/\/bobea.net\/index.php\/2025\/01\/21\/milan-kundera-lheritage-dun-ecrivain-qui-a-marque-des-generations-de-femmes\/\",\"url\":\"https:\/\/bobea.net\/index.php\/2025\/01\/21\/milan-kundera-lheritage-dun-ecrivain-qui-a-marque-des-generations-de-femmes\/\",\"name\":\"Milan Kundera : L'h\u00e9ritage d'un \u00e9crivain qui a marqu\u00e9 des g\u00e9n\u00e9rations de femmes - Bobea\",\"isPartOf\":{\"@id\":\"https:\/\/bobea.net\/#website\"},\"primaryImageOfPage\":{\"@id\":\"https:\/\/bobea.net\/index.php\/2025\/01\/21\/milan-kundera-lheritage-dun-ecrivain-qui-a-marque-des-generations-de-femmes\/#primaryimage\"},\"image\":{\"@id\":\"https:\/\/bobea.net\/index.php\/2025\/01\/21\/milan-kundera-lheritage-dun-ecrivain-qui-a-marque-des-generations-de-femmes\/#primaryimage\"},\"thumbnailUrl\":\"https:\/\/bobea.net\/wp-content\/uploads\/2025\/01\/1628096-milan-kundera-2009.jpg\",\"datePublished\":\"2025-01-21T19:10:54+00:00\",\"dateModified\":\"2025-01-21T19:10:56+00:00\",\"breadcrumb\":{\"@id\":\"https:\/\/bobea.net\/index.php\/2025\/01\/21\/milan-kundera-lheritage-dun-ecrivain-qui-a-marque-des-generations-de-femmes\/#breadcrumb\"},\"inLanguage\":\"fr-FR\",\"potentialAction\":[{\"@type\":\"ReadAction\",\"target\":[\"https:\/\/bobea.net\/index.php\/2025\/01\/21\/milan-kundera-lheritage-dun-ecrivain-qui-a-marque-des-generations-de-femmes\/\"]}]},{\"@type\":\"ImageObject\",\"inLanguage\":\"fr-FR\",\"@id\":\"https:\/\/bobea.net\/index.php\/2025\/01\/21\/milan-kundera-lheritage-dun-ecrivain-qui-a-marque-des-generations-de-femmes\/#primaryimage\",\"url\":\"https:\/\/bobea.net\/wp-content\/uploads\/2025\/01\/1628096-milan-kundera-2009.jpg\",\"contentUrl\":\"https:\/\/bobea.net\/wp-content\/uploads\/2025\/01\/1628096-milan-kundera-2009.jpg\",\"width\":923,\"height\":615,\"caption\":\"Milan Kundera : L'h\u00e9ritage d'un \u00e9crivain qui a marqu\u00e9 des g\u00e9n\u00e9rations de femmes\"},{\"@type\":\"BreadcrumbList\",\"@id\":\"https:\/\/bobea.net\/index.php\/2025\/01\/21\/milan-kundera-lheritage-dun-ecrivain-qui-a-marque-des-generations-de-femmes\/#breadcrumb\",\"itemListElement\":[{\"@type\":\"ListItem\",\"position\":1,\"name\":\"Accueil\",\"item\":\"https:\/\/bobea.net\/\"},{\"@type\":\"ListItem\",\"position\":2,\"name\":\"Milan Kundera : L&rsquo;h\u00e9ritage d&rsquo;un \u00e9crivain qui a marqu\u00e9 des g\u00e9n\u00e9rations de femmes\"}]},{\"@type\":\"WebSite\",\"@id\":\"https:\/\/bobea.net\/#website\",\"url\":\"https:\/\/bobea.net\/\",\"name\":\"Bobea\",\"description\":\"Le magazine de la nouvelle \u00c8ve\",\"publisher\":{\"@id\":\"https:\/\/bobea.net\/#organization\"},\"potentialAction\":[{\"@type\":\"SearchAction\",\"target\":{\"@type\":\"EntryPoint\",\"urlTemplate\":\"https:\/\/bobea.net\/?s={search_term_string}\"},\"query-input\":{\"@type\":\"PropertyValueSpecification\",\"valueRequired\":true,\"valueName\":\"search_term_string\"}}],\"inLanguage\":\"fr-FR\"},{\"@type\":\"Organization\",\"@id\":\"https:\/\/bobea.net\/#organization\",\"name\":\"Bobea\",\"url\":\"https:\/\/bobea.net\/\",\"logo\":{\"@type\":\"ImageObject\",\"inLanguage\":\"fr-FR\",\"@id\":\"https:\/\/bobea.net\/#\/schema\/logo\/image\/\",\"url\":\"https:\/\/bobea.net\/wp-content\/uploads\/2024\/06\/bobea.jpg\",\"contentUrl\":\"https:\/\/bobea.net\/wp-content\/uploads\/2024\/06\/bobea.jpg\",\"width\":1080,\"height\":1080,\"caption\":\"Bobea\"},\"image\":{\"@id\":\"https:\/\/bobea.net\/#\/schema\/logo\/image\/\"},\"sameAs\":[\"https:\/\/web.facebook.com\/profile.php?id=61559252188416\"]},{\"@type\":\"Person\",\"@id\":\"https:\/\/bobea.net\/#\/schema\/person\/e7f45ef187918d7c956bf619dce90ccf\",\"name\":\"bobea.info\",\"image\":{\"@type\":\"ImageObject\",\"inLanguage\":\"fr-FR\",\"@id\":\"https:\/\/bobea.net\/#\/schema\/person\/image\/\",\"url\":\"https:\/\/secure.gravatar.com\/avatar\/36147980349df887ae30808df3e29474?s=96&d=mm&r=g\",\"contentUrl\":\"https:\/\/secure.gravatar.com\/avatar\/36147980349df887ae30808df3e29474?s=96&d=mm&r=g\",\"caption\":\"bobea.info\"},\"sameAs\":[\"https:\/\/bobea.net\"],\"url\":\"https:\/\/bobea.net\/index.php\/author\/bobea-info\/\"}]}<\/script>\n<!-- \/ Yoast SEO plugin. -->","yoast_head_json":{"title":"Milan Kundera : L'h\u00e9ritage d'un \u00e9crivain qui a marqu\u00e9 des g\u00e9n\u00e9rations de femmes - Bobea","robots":{"index":"index","follow":"follow","max-snippet":"max-snippet:-1","max-image-preview":"max-image-preview:large","max-video-preview":"max-video-preview:-1"},"canonical":"https:\/\/bobea.net\/index.php\/2025\/01\/21\/milan-kundera-lheritage-dun-ecrivain-qui-a-marque-des-generations-de-femmes\/","og_locale":"fr_FR","og_type":"article","og_title":"Milan Kundera : L'h\u00e9ritage d'un \u00e9crivain qui a marqu\u00e9 des g\u00e9n\u00e9rations de femmes - Bobea","og_description":"L\u2019\u00e9crivain tch\u00e8que Milan Kun\u00addera, d\u00e9c\u00e9d\u00e9 le 11 juil\u00adlet 2023 \u00e0 l\u2019\u00e2ge de 94 ans, laisse der\u00adri\u00e8re lui un h\u00e9ritage lit\u00adt\u00e9raire qui a pro\u00adfond\u00e9\u00adment mar\u00adqu\u00e9 des g\u00e9n\u00e9ra\u00adtions de lecteurs, et en&hellip;","og_url":"https:\/\/bobea.net\/index.php\/2025\/01\/21\/milan-kundera-lheritage-dun-ecrivain-qui-a-marque-des-generations-de-femmes\/","og_site_name":"Bobea","article_publisher":"https:\/\/web.facebook.com\/profile.php?id=61559252188416","article_published_time":"2025-01-21T19:10:54+00:00","article_modified_time":"2025-01-21T19:10:56+00:00","og_image":[{"width":923,"height":615,"url":"https:\/\/bobea.net\/wp-content\/uploads\/2025\/01\/1628096-milan-kundera-2009.jpg","type":"image\/jpeg"}],"author":"bobea.info","twitter_card":"summary_large_image","twitter_misc":{"\u00c9crit par":"bobea.info","Dur\u00e9e de lecture estim\u00e9e":"3 minutes"},"schema":{"@context":"https:\/\/schema.org","@graph":[{"@type":"Article","@id":"https:\/\/bobea.net\/index.php\/2025\/01\/21\/milan-kundera-lheritage-dun-ecrivain-qui-a-marque-des-generations-de-femmes\/#article","isPartOf":{"@id":"https:\/\/bobea.net\/index.php\/2025\/01\/21\/milan-kundera-lheritage-dun-ecrivain-qui-a-marque-des-generations-de-femmes\/"},"author":{"name":"bobea.info","@id":"https:\/\/bobea.net\/#\/schema\/person\/e7f45ef187918d7c956bf619dce90ccf"},"headline":"Milan Kundera : L\u2019h\u00e9ritage d\u2019un \u00e9crivain qui a marqu\u00e9 des g\u00e9n\u00e9rations de femmes","datePublished":"2025-01-21T19:10:54+00:00","dateModified":"2025-01-21T19:10:56+00:00","mainEntityOfPage":{"@id":"https:\/\/bobea.net\/index.php\/2025\/01\/21\/milan-kundera-lheritage-dun-ecrivain-qui-a-marque-des-generations-de-femmes\/"},"wordCount":396,"commentCount":0,"publisher":{"@id":"https:\/\/bobea.net\/#organization"},"image":{"@id":"https:\/\/bobea.net\/index.php\/2025\/01\/21\/milan-kundera-lheritage-dun-ecrivain-qui-a-marque-des-generations-de-femmes\/#primaryimage"},"thumbnailUrl":"https:\/\/bobea.net\/wp-content\/uploads\/2025\/01\/1628096-milan-kundera-2009.jpg","articleSection":["Culture","Litt\u00e9rature","Portraits"],"inLanguage":"fr-FR","potentialAction":[{"@type":"CommentAction","name":"Comment","target":["https:\/\/bobea.net\/index.php\/2025\/01\/21\/milan-kundera-lheritage-dun-ecrivain-qui-a-marque-des-generations-de-femmes\/#respond"]}]},{"@type":"WebPage","@id":"https:\/\/bobea.net\/index.php\/2025\/01\/21\/milan-kundera-lheritage-dun-ecrivain-qui-a-marque-des-generations-de-femmes\/","url":"https:\/\/bobea.net\/index.php\/2025\/01\/21\/milan-kundera-lheritage-dun-ecrivain-qui-a-marque-des-generations-de-femmes\/","name":"Milan Kundera : L'h\u00e9ritage d'un \u00e9crivain qui a marqu\u00e9 des g\u00e9n\u00e9rations de femmes - Bobea","isPartOf":{"@id":"https:\/\/bobea.net\/#website"},"primaryImageOfPage":{"@id":"https:\/\/bobea.net\/index.php\/2025\/01\/21\/milan-kundera-lheritage-dun-ecrivain-qui-a-marque-des-generations-de-femmes\/#primaryimage"},"image":{"@id":"https:\/\/bobea.net\/index.php\/2025\/01\/21\/milan-kundera-lheritage-dun-ecrivain-qui-a-marque-des-generations-de-femmes\/#primaryimage"},"thumbnailUrl":"https:\/\/bobea.net\/wp-content\/uploads\/2025\/01\/1628096-milan-kundera-2009.jpg","datePublished":"2025-01-21T19:10:54+00:00","dateModified":"2025-01-21T19:10:56+00:00","breadcrumb":{"@id":"https:\/\/bobea.net\/index.php\/2025\/01\/21\/milan-kundera-lheritage-dun-ecrivain-qui-a-marque-des-generations-de-femmes\/#breadcrumb"},"inLanguage":"fr-FR","potentialAction":[{"@type":"ReadAction","target":["https:\/\/bobea.net\/index.php\/2025\/01\/21\/milan-kundera-lheritage-dun-ecrivain-qui-a-marque-des-generations-de-femmes\/"]}]},{"@type":"ImageObject","inLanguage":"fr-FR","@id":"https:\/\/bobea.net\/index.php\/2025\/01\/21\/milan-kundera-lheritage-dun-ecrivain-qui-a-marque-des-generations-de-femmes\/#primaryimage","url":"https:\/\/bobea.net\/wp-content\/uploads\/2025\/01\/1628096-milan-kundera-2009.jpg","contentUrl":"https:\/\/bobea.net\/wp-content\/uploads\/2025\/01\/1628096-milan-kundera-2009.jpg","width":923,"height":615,"caption":"Milan Kundera : L'h\u00e9ritage d'un \u00e9crivain qui a marqu\u00e9 des g\u00e9n\u00e9rations de femmes"},{"@type":"BreadcrumbList","@id":"https:\/\/bobea.net\/index.php\/2025\/01\/21\/milan-kundera-lheritage-dun-ecrivain-qui-a-marque-des-generations-de-femmes\/#breadcrumb","itemListElement":[{"@type":"ListItem","position":1,"name":"Accueil","item":"https:\/\/bobea.net\/"},{"@type":"ListItem","position":2,"name":"Milan Kundera : L&rsquo;h\u00e9ritage d&rsquo;un \u00e9crivain qui a marqu\u00e9 des g\u00e9n\u00e9rations de femmes"}]},{"@type":"WebSite","@id":"https:\/\/bobea.net\/#website","url":"https:\/\/bobea.net\/","name":"Bobea","description":"Le magazine de la nouvelle \u00c8ve","publisher":{"@id":"https:\/\/bobea.net\/#organization"},"potentialAction":[{"@type":"SearchAction","target":{"@type":"EntryPoint","urlTemplate":"https:\/\/bobea.net\/?s={search_term_string}"},"query-input":{"@type":"PropertyValueSpecification","valueRequired":true,"valueName":"search_term_string"}}],"inLanguage":"fr-FR"},{"@type":"Organization","@id":"https:\/\/bobea.net\/#organization","name":"Bobea","url":"https:\/\/bobea.net\/","logo":{"@type":"ImageObject","inLanguage":"fr-FR","@id":"https:\/\/bobea.net\/#\/schema\/logo\/image\/","url":"https:\/\/bobea.net\/wp-content\/uploads\/2024\/06\/bobea.jpg","contentUrl":"https:\/\/bobea.net\/wp-content\/uploads\/2024\/06\/bobea.jpg","width":1080,"height":1080,"caption":"Bobea"},"image":{"@id":"https:\/\/bobea.net\/#\/schema\/logo\/image\/"},"sameAs":["https:\/\/web.facebook.com\/profile.php?id=61559252188416"]},{"@type":"Person","@id":"https:\/\/bobea.net\/#\/schema\/person\/e7f45ef187918d7c956bf619dce90ccf","name":"bobea.info","image":{"@type":"ImageObject","inLanguage":"fr-FR","@id":"https:\/\/bobea.net\/#\/schema\/person\/image\/","url":"https:\/\/secure.gravatar.com\/avatar\/36147980349df887ae30808df3e29474?s=96&d=mm&r=g","contentUrl":"https:\/\/secure.gravatar.com\/avatar\/36147980349df887ae30808df3e29474?s=96&d=mm&r=g","caption":"bobea.info"},"sameAs":["https:\/\/bobea.net"],"url":"https:\/\/bobea.net\/index.php\/author\/bobea-info\/"}]}},"_links":{"self":[{"href":"https:\/\/bobea.net\/index.php\/wp-json\/wp\/v2\/posts\/7612"}],"collection":[{"href":"https:\/\/bobea.net\/index.php\/wp-json\/wp\/v2\/posts"}],"about":[{"href":"https:\/\/bobea.net\/index.php\/wp-json\/wp\/v2\/types\/post"}],"author":[{"embeddable":true,"href":"https:\/\/bobea.net\/index.php\/wp-json\/wp\/v2\/users\/1"}],"replies":[{"embeddable":true,"href":"https:\/\/bobea.net\/index.php\/wp-json\/wp\/v2\/comments?post=7612"}],"version-history":[{"count":0,"href":"https:\/\/bobea.net\/index.php\/wp-json\/wp\/v2\/posts\/7612\/revisions"}],"wp:featuredmedia":[{"embeddable":true,"href":"https:\/\/bobea.net\/index.php\/wp-json\/wp\/v2\/media\/7613"}],"wp:attachment":[{"href":"https:\/\/bobea.net\/index.php\/wp-json\/wp\/v2\/media?parent=7612"}],"wp:term":[{"taxonomy":"category","embeddable":true,"href":"https:\/\/bobea.net\/index.php\/wp-json\/wp\/v2\/categories?post=7612"},{"taxonomy":"post_tag","embeddable":true,"href":"https:\/\/bobea.net\/index.php\/wp-json\/wp\/v2\/tags?post=7612"}],"curies":[{"name":"wp","href":"https:\/\/api.w.org\/{rel}","templated":true}]}}