{"id":7473,"date":"2025-01-20T15:44:38","date_gmt":"2025-01-20T15:44:38","guid":{"rendered":"https:\/\/bobea.net\/?p=7473"},"modified":"2025-01-20T15:44:39","modified_gmt":"2025-01-20T15:44:39","slug":"lecole-sur-mesure-quand-la-mode-rencontre-leducation-a-la-triennale-de-milan","status":"publish","type":"post","link":"https:\/\/bobea.net\/index.php\/2025\/01\/20\/lecole-sur-mesure-quand-la-mode-rencontre-leducation-a-la-triennale-de-milan\/","title":{"rendered":"L\u2019\u00e9cole sur mesure : Quand la mode rencontre l\u2019\u00e9ducation \u00e0 la Triennale de Milan"},"content":{"rendered":"\n<p>La Tri\u00aden\u00adnale de Milan 2025 sur\u00adprend le monde de la mode et de l\u2019\u00e9\u00add\u00adu\u00adca\u00adtion avec son expo\u00adsi\u00adtion r\u00e9vo\u00adlu\u00adtion\u00adnaire \u201cL\u2019\u00e9\u00adcole sur mesure\u201d. Cette ini\u00adtia\u00adtive auda\u00adcieuse explore l\u2019in\u00adter\u00adsec\u00adtion entre la mode, le design et les m\u00e9th\u00adodes d\u2019ap\u00adpren\u00adtis\u00adsage inno\u00advantes, ouvrant la voie \u00e0 une nou\u00advelle \u00e8re dans l\u2019\u00e9\u00add\u00adu\u00adca\u00adtion per\u00adson\u00adnal\u00adis\u00e9e.<\/p>\n\n\n\n<p>Le con\u00adcept de \u201cl\u2019\u00e9\u00adcole sur mesure\u201d<\/p>\n\n\n\n<p>L\u2019ex\u00adpo\u00adsi\u00adtion pr\u00e9sente une vision futur\u00adiste de l\u2019\u00e9\u00add\u00adu\u00adca\u00adtion o\u00f9 chaque aspect de l\u2019en\u00advi\u00adron\u00adnement d\u2019ap\u00adpren\u00adtis\u00adsage est con\u00e7u pour s\u2019adapter aux besoins indi\u00advidu\u00adels des \u00e9l\u00e8ves :<\/p>\n\n\n\n<ul class=\"wp-block-list\">\n<li>Uni\u00adformes intel\u00adli\u00adgents qui s\u2019a\u00adjus\u00adtent \u00e0 la tem\u00adp\u00e9ra\u00adture cor\u00adporelle et au niveau de con\u00adcen\u00adtra\u00adtion<\/li>\n\n\n\n<li>Mobili\u00ader mod\u00adu\u00adlaire qui se trans\u00adforme selon les activ\u00adit\u00e9s d\u2019ap\u00adpren\u00adtis\u00adsage<\/li>\n\n\n\n<li>Espaces de classe flex\u00adi\u00adbles util\u00adisant la r\u00e9al\u00adit\u00e9 aug\u00admen\u00adt\u00e9e pour cr\u00e9er des envi\u00adron\u00adnements immer\u00adsifs<\/li>\n<\/ul>\n\n\n\n<p>La mode au ser\u00advice de l\u2019ap\u00adpren\u00adtis\u00adsage<\/p>\n\n\n\n<p>Des cr\u00e9a\u00adteurs de renom ont col\u00adlabor\u00e9 avec des experts en \u00e9du\u00adca\u00adtion pour con\u00adcevoir des v\u00eate\u00adments qui am\u00e9liorent l\u2019ex\u00adp\u00e9ri\u00adence d\u2019ap\u00adpren\u00adtis\u00adsage :<\/p>\n\n\n\n<ul class=\"wp-block-list\">\n<li>Tis\u00adsus incor\u00adpo\u00adrant des cap\u00adteurs pour suiv\u00adre le bien-\u00eatre et la per\u00adfor\u00admance des \u00e9l\u00e8ves<\/li>\n\n\n\n<li>V\u00eate\u00adments avec des \u00e9l\u00e9\u00adments inter\u00adac\u00adt\u00adifs pour l\u2019ap\u00adpren\u00adtis\u00adsage tac\u00adtile<\/li>\n\n\n\n<li>Acces\u00adsoires int\u00e9\u00adgrant des dis\u00adposi\u00adtifs de r\u00e9al\u00adit\u00e9 aug\u00admen\u00adt\u00e9e pour un acc\u00e8s instan\u00adta\u00adn\u00e9 \u00e0 l\u2019in\u00adfor\u00adma\u00adtion<\/li>\n<\/ul>\n\n\n\n<figure class=\"wp-block-image size-large\"><img loading=\"lazy\" decoding=\"async\" width=\"1024\" height=\"726\" src=\"https:\/\/bobea.net\/wp-content\/uploads\/2025\/01\/galerie-victor-emmanuel-ii-etudiante-mode-1024x726.jpg\" alt class=\"wp-image-7475\" srcset=\"https:\/\/bobea.net\/wp-content\/uploads\/2025\/01\/galerie-victor-emmanuel-ii-etudiante-mode-1024x726.jpg 1024w, https:\/\/bobea.net\/wp-content\/uploads\/2025\/01\/galerie-victor-emmanuel-ii-etudiante-mode-300x213.jpg 300w, https:\/\/bobea.net\/wp-content\/uploads\/2025\/01\/galerie-victor-emmanuel-ii-etudiante-mode-768x545.jpg 768w, https:\/\/bobea.net\/wp-content\/uploads\/2025\/01\/galerie-victor-emmanuel-ii-etudiante-mode.jpg 1200w\" sizes=\"(max-width: 1024px) 100vw, 1024px\"><\/figure>\n\n\n\n<p>Tech\u00adnolo\u00adgies inno\u00advantes dans la salle de classe<\/p>\n\n\n\n<p>L\u2019ex\u00adpo\u00adsi\u00adtion met en lumi\u00e8re les derni\u00e8res avanc\u00e9es tech\u00adnologiques appliqu\u00e9es \u00e0 l\u2019\u00e9\u00add\u00adu\u00adca\u00adtion :<\/p>\n\n\n\n<ul class=\"wp-block-list\">\n<li>Tableaux intel\u00adli\u00adgents r\u00e9agis\u00adsant aux gestes et \u00e0 la voix<\/li>\n\n\n\n<li>Sys\u00adt\u00e8mes de pro\u00adjec\u00adtion holo\u00adgraphique pour des le\u00e7ons immer\u00adsives<\/li>\n\n\n\n<li>Robots assis\u00adtants per\u00adson\u00adnal\u00adis\u00e9s pour chaque \u00e9l\u00e8ve<\/li>\n<\/ul>\n\n\n\n<p>Mots-cl\u00e9s : tech\u00adnolo\u00adgie \u00e9duca\u00adtive, holo\u00adgrammes p\u00e9d\u00ada\u00adgogiques, robots \u00e9du\u00adcat\u00adifs<\/p>\n\n\n\n<p>Le r\u00f4le du design dans l\u2019en\u00advi\u00adron\u00adnement d\u2019ap\u00adpren\u00adtis\u00adsage<\/p>\n\n\n\n<p>Des archi\u00adtectes et design\u00aders de renom\u00adm\u00e9e mon\u00addi\u00adale pr\u00e9sen\u00adtent leurs visions d\u2019e\u00adspaces \u00e9du\u00adcat\u00adifs opti\u00admaux :<\/p>\n\n\n\n<ul class=\"wp-block-list\">\n<li>Salles de classe mod\u00adu\u00adla\u00adbles s\u2019adap\u00adtant \u00e0 dif\u00adf\u00e9rents styles d\u2019ap\u00adpren\u00adtis\u00adsage<\/li>\n\n\n\n<li>Espaces ext\u00e9rieurs con\u00e7us pour stim\u00aduler la cr\u00e9a\u00adtiv\u00adit\u00e9 et le bien-\u00eatre<\/li>\n\n\n\n<li>Zones de relax\u00adation et de m\u00e9di\u00adta\u00adtion int\u00e9\u00adgr\u00e9es dans l\u2019ar\u00adchi\u00adtec\u00adture sco\u00adlaire<\/li>\n<\/ul>\n\n\n\n<p>L\u2019im\u00adpact sur le bien-\u00eatre des \u00e9l\u00e8ves<\/p>\n\n\n\n<p>L\u2019ex\u00adpo\u00adsi\u00adtion souligne l\u2019im\u00adpor\u00adtance du bien-\u00eatre dans l\u2019\u00e9\u00add\u00adu\u00adca\u00adtion :<\/p>\n\n\n\n<ul class=\"wp-block-list\">\n<li>Uni\u00adformes con\u00e7us pour am\u00e9lior\u00ader la pos\u00adture et r\u00e9duire le stress<\/li>\n\n\n\n<li>Envi\u00adron\u00adnements sonores per\u00adson\u00adnal\u00adis\u00e9s pour opti\u00admiser la con\u00adcen\u00adtra\u00adtion<\/li>\n\n\n\n<li>\u00c9clairage adap\u00adtatif favorisant les rythmes cir\u00adca\u00addi\u00adens naturels<\/li>\n<\/ul>\n\n\n\n<p>La dura\u00adbil\u00adit\u00e9 au c\u0153ur du pro\u00adjet<\/p>\n\n\n\n<p>L\u2019aspect \u00e9cologique est cen\u00adtral dans cette vision de l\u2019\u00e9\u00adcole du futur :<\/p>\n\n\n\n<ul class=\"wp-block-list\">\n<li>Mat\u00e9ri\u00adaux recy\u00adcl\u00e9s et biod\u00e9grad\u00adables dans la con\u00adcep\u00adtion des uni\u00adformes et du mobili\u00ader<\/li>\n\n\n\n<li>Sys\u00adt\u00e8mes \u00e9nerg\u00e9\u00adtiques autonomes pour les b\u00e2ti\u00adments sco\u00adlaires<\/li>\n\n\n\n<li>Jardins p\u00e9d\u00ada\u00adgogiques int\u00e9\u00adgr\u00e9s pour enseign\u00ader la dura\u00adbil\u00adit\u00e9<\/li>\n<\/ul>\n\n\n\n<p>L\u2019in\u00adclu\u00adsiv\u00adit\u00e9 et l\u2019ac\u00adces\u00adsi\u00adbil\u00adit\u00e9<\/p>\n\n\n\n<p>L\u2019ex\u00adpo\u00adsi\u00adtion met l\u2019ac\u00adcent sur la cr\u00e9a\u00adtion d\u2019en\u00advi\u00adron\u00adnements \u00e9du\u00adcat\u00adifs inclusifs :<\/p>\n\n\n\n<ul class=\"wp-block-list\">\n<li>Uni\u00adformes adap\u00adt\u00e9s aux dif\u00adf\u00e9rents besoins physiques et sen\u00adsoriels<\/li>\n\n\n\n<li>Tech\u00adnolo\u00adgies d\u2019as\u00adsis\u00adtance int\u00e9\u00adgr\u00e9es dans le design des salles de classe<\/li>\n\n\n\n<li>Espaces con\u00e7us pour favoris\u00ader l\u2019in\u00adter\u00adac\u00adtion sociale et l\u2019ap\u00adpren\u00adtis\u00adsage col\u00adlab\u00ado\u00adratif<\/li>\n<\/ul>\n\n\n\n<p>Cette expo\u00adsi\u00adtion nova\u00adtrice \u00e0 la Tri\u00aden\u00adnale de Milan 2025 ouvre de nou\u00advelles per\u00adspec\u00adtives sur l\u2019avenir de l\u2019\u00e9\u00add\u00adu\u00adca\u00adtion. En fusion\u00adnant mode, design et tech\u00adnolo\u00adgie, elle pro\u00adpose une vision holis\u00adtique de l\u2019ap\u00adpren\u00adtis\u00adsage o\u00f9 chaque aspect de l\u2019en\u00advi\u00adron\u00adnement sco\u00adlaire est pen\u00ads\u00e9 pour opti\u00admiser le poten\u00adtiel de chaque \u00e9l\u00e8ve. \u201cL\u2019\u00e9\u00adcole sur mesure\u201d n\u2019est pas seule\u00adment une expo\u00adsi\u00adtion, c\u2019est un appel \u00e0 repenser fon\u00adda\u00admen\u00adtale\u00adment notre approche de l\u2019\u00e9\u00add\u00adu\u00adca\u00adtion pour un avenir plus per\u00adson\u00adnal\u00adis\u00e9, durable et inclusif.<\/p>\n","protected":false},"excerpt":{"rendered":"<p>La Tri\u00aden\u00adnale de Milan 2025 sur\u00adprend le monde de la mode et de l\u2019\u00e9\u00add\u00adu\u00adca\u00adtion avec son expo\u00adsi\u00adtion r\u00e9vo\u00adlu\u00adtion\u00adnaire \u201cL\u2019\u00e9\u00adcole sur mesure\u201d. Cette ini\u00adtia\u00adtive auda\u00adcieuse explore l\u2019in\u00adter\u00adsec\u00adtion entre la mode, le\u2026 <\/p>\n","protected":false},"author":1,"featured_media":7474,"comment_status":"open","ping_status":"open","sticky":false,"template":"","format":"standard","meta":{"wp_typography_post_enhancements_disabled":false,"footnotes":""},"categories":[50],"tags":[9082,9074,9075,9077,9071,9084,9081,9080,9083,9069,9079,9078,9076,7031,9073,9070,9072],"class_list":["post-7473","post","type-post","status-publish","format-standard","has-post-thumbnail","hentry","category-mode","tag-accessibilite-scolaire","tag-accessoires-pedagogiques","tag-architecture-scolaire","tag-bien-etre-etudiant","tag-design-educatif","tag-design-universel","tag-ecole-durable","tag-education-eco-responsable","tag-education-inclusive","tag-education-personnalisee","tag-environnement-dapprentissage-sain","tag-ergonomie-scolaire","tag-espaces-dapprentissage-flexibles","tag-materiaux-ecologiques","tag-mode-educative","tag-uniformes-intelligents","tag-vetements-interactifs"],"yoast_head":"<!-- This site is optimized with the Yoast SEO plugin v24.7 - https:\/\/yoast.com\/wordpress\/plugins\/seo\/ -->\n<title>L&#039;\u00e9cole sur mesure : Quand la mode rencontre l&#039;\u00e9ducation \u00e0 la Triennale de Milan - Bobea<\/title>\n<meta name=\"robots\" content=\"index, follow, max-snippet:-1, max-image-preview:large, max-video-preview:-1\" \/>\n<link rel=\"canonical\" href=\"https:\/\/bobea.net\/index.php\/2025\/01\/20\/lecole-sur-mesure-quand-la-mode-rencontre-leducation-a-la-triennale-de-milan\/\" \/>\n<meta property=\"og:locale\" content=\"fr_FR\" \/>\n<meta property=\"og:type\" content=\"article\" \/>\n<meta property=\"og:title\" content=\"L&#039;\u00e9cole sur mesure : Quand la mode rencontre l&#039;\u00e9ducation \u00e0 la Triennale de Milan - Bobea\" \/>\n<meta property=\"og:description\" content=\"La Tri\u00aden\u00adnale de Milan 2025 sur\u00adprend le monde de la mode et de l\u2019\u00e9\u00add\u00adu\u00adca\u00adtion avec son expo\u00adsi\u00adtion r\u00e9vo\u00adlu\u00adtion\u00adnaire \u201cL\u2019\u00e9\u00adcole sur mesure\u201d. Cette ini\u00adtia\u00adtive auda\u00adcieuse explore l\u2019in\u00adter\u00adsec\u00adtion entre la mode, le&hellip;\" \/>\n<meta property=\"og:url\" content=\"https:\/\/bobea.net\/index.php\/2025\/01\/20\/lecole-sur-mesure-quand-la-mode-rencontre-leducation-a-la-triennale-de-milan\/\" \/>\n<meta property=\"og:site_name\" content=\"Bobea\" \/>\n<meta property=\"article:publisher\" content=\"https:\/\/web.facebook.com\/profile.php?id=61559252188416\" \/>\n<meta property=\"article:published_time\" content=\"2025-01-20T15:44:38+00:00\" \/>\n<meta property=\"article:modified_time\" content=\"2025-01-20T15:44:39+00:00\" \/>\n<meta property=\"og:image\" content=\"https:\/\/bobea.net\/wp-content\/uploads\/2025\/01\/img_4266.jpg\" \/>\n\t<meta property=\"og:image:width\" content=\"1000\" \/>\n\t<meta property=\"og:image:height\" content=\"667\" \/>\n\t<meta property=\"og:image:type\" content=\"image\/jpeg\" \/>\n<meta name=\"author\" content=\"bobea.info\" \/>\n<meta name=\"twitter:card\" content=\"summary_large_image\" \/>\n<meta name=\"twitter:label1\" content=\"\u00c9crit par\" \/>\n\t<meta name=\"twitter:data1\" content=\"bobea.info\" \/>\n\t<meta name=\"twitter:label2\" content=\"Dur\u00e9e de lecture estim\u00e9e\" \/>\n\t<meta name=\"twitter:data2\" content=\"3 minutes\" \/>\n<script type=\"application\/ld+json\" class=\"yoast-schema-graph\">{\"@context\":\"https:\/\/schema.org\",\"@graph\":[{\"@type\":\"Article\",\"@id\":\"https:\/\/bobea.net\/index.php\/2025\/01\/20\/lecole-sur-mesure-quand-la-mode-rencontre-leducation-a-la-triennale-de-milan\/#article\",\"isPartOf\":{\"@id\":\"https:\/\/bobea.net\/index.php\/2025\/01\/20\/lecole-sur-mesure-quand-la-mode-rencontre-leducation-a-la-triennale-de-milan\/\"},\"author\":{\"name\":\"bobea.info\",\"@id\":\"https:\/\/bobea.net\/#\/schema\/person\/e7f45ef187918d7c956bf619dce90ccf\"},\"headline\":\"L\u2019\u00e9cole sur mesure : Quand la mode rencontre l\u2019\u00e9ducation \u00e0 la Triennale de Milan\",\"datePublished\":\"2025-01-20T15:44:38+00:00\",\"dateModified\":\"2025-01-20T15:44:39+00:00\",\"mainEntityOfPage\":{\"@id\":\"https:\/\/bobea.net\/index.php\/2025\/01\/20\/lecole-sur-mesure-quand-la-mode-rencontre-leducation-a-la-triennale-de-milan\/\"},\"wordCount\":576,\"commentCount\":0,\"publisher\":{\"@id\":\"https:\/\/bobea.net\/#organization\"},\"image\":{\"@id\":\"https:\/\/bobea.net\/index.php\/2025\/01\/20\/lecole-sur-mesure-quand-la-mode-rencontre-leducation-a-la-triennale-de-milan\/#primaryimage\"},\"thumbnailUrl\":\"https:\/\/bobea.net\/wp-content\/uploads\/2025\/01\/img_4266.jpg\",\"keywords\":[\"accessibilit\u00e9 scolaire\",\"accessoires p\u00e9dagogiques\",\"architecture scolaire\",\"bien-\u00eatre \u00e9tudiant\",\"design \u00e9ducatif\",\"design universel\",\"\u00e9cole durable\",\"\u00e9ducation \u00e9co-responsable\",\"\u00e9ducation inclusive\",\"\u00e9ducation personnalis\u00e9e\",\"environnement d'apprentissage sain\",\"ergonomie scolaire\",\"espaces d'apprentissage flexibles\",\"mat\u00e9riaux \u00e9cologiques\",\"mode \u00e9ducative\",\"uniformes intelligents\",\"v\u00eatements interactifs\"],\"articleSection\":[\"Mode\"],\"inLanguage\":\"fr-FR\",\"potentialAction\":[{\"@type\":\"CommentAction\",\"name\":\"Comment\",\"target\":[\"https:\/\/bobea.net\/index.php\/2025\/01\/20\/lecole-sur-mesure-quand-la-mode-rencontre-leducation-a-la-triennale-de-milan\/#respond\"]}]},{\"@type\":\"WebPage\",\"@id\":\"https:\/\/bobea.net\/index.php\/2025\/01\/20\/lecole-sur-mesure-quand-la-mode-rencontre-leducation-a-la-triennale-de-milan\/\",\"url\":\"https:\/\/bobea.net\/index.php\/2025\/01\/20\/lecole-sur-mesure-quand-la-mode-rencontre-leducation-a-la-triennale-de-milan\/\",\"name\":\"L'\u00e9cole sur mesure : Quand la mode rencontre l'\u00e9ducation \u00e0 la Triennale de Milan - Bobea\",\"isPartOf\":{\"@id\":\"https:\/\/bobea.net\/#website\"},\"primaryImageOfPage\":{\"@id\":\"https:\/\/bobea.net\/index.php\/2025\/01\/20\/lecole-sur-mesure-quand-la-mode-rencontre-leducation-a-la-triennale-de-milan\/#primaryimage\"},\"image\":{\"@id\":\"https:\/\/bobea.net\/index.php\/2025\/01\/20\/lecole-sur-mesure-quand-la-mode-rencontre-leducation-a-la-triennale-de-milan\/#primaryimage\"},\"thumbnailUrl\":\"https:\/\/bobea.net\/wp-content\/uploads\/2025\/01\/img_4266.jpg\",\"datePublished\":\"2025-01-20T15:44:38+00:00\",\"dateModified\":\"2025-01-20T15:44:39+00:00\",\"breadcrumb\":{\"@id\":\"https:\/\/bobea.net\/index.php\/2025\/01\/20\/lecole-sur-mesure-quand-la-mode-rencontre-leducation-a-la-triennale-de-milan\/#breadcrumb\"},\"inLanguage\":\"fr-FR\",\"potentialAction\":[{\"@type\":\"ReadAction\",\"target\":[\"https:\/\/bobea.net\/index.php\/2025\/01\/20\/lecole-sur-mesure-quand-la-mode-rencontre-leducation-a-la-triennale-de-milan\/\"]}]},{\"@type\":\"ImageObject\",\"inLanguage\":\"fr-FR\",\"@id\":\"https:\/\/bobea.net\/index.php\/2025\/01\/20\/lecole-sur-mesure-quand-la-mode-rencontre-leducation-a-la-triennale-de-milan\/#primaryimage\",\"url\":\"https:\/\/bobea.net\/wp-content\/uploads\/2025\/01\/img_4266.jpg\",\"contentUrl\":\"https:\/\/bobea.net\/wp-content\/uploads\/2025\/01\/img_4266.jpg\",\"width\":1000,\"height\":667,\"caption\":\"L'\u00e9cole sur mesure : Quand la mode rencontre l'\u00e9ducation \u00e0 la Triennale de Milan\"},{\"@type\":\"BreadcrumbList\",\"@id\":\"https:\/\/bobea.net\/index.php\/2025\/01\/20\/lecole-sur-mesure-quand-la-mode-rencontre-leducation-a-la-triennale-de-milan\/#breadcrumb\",\"itemListElement\":[{\"@type\":\"ListItem\",\"position\":1,\"name\":\"Accueil\",\"item\":\"https:\/\/bobea.net\/\"},{\"@type\":\"ListItem\",\"position\":2,\"name\":\"L&rsquo;\u00e9cole sur mesure : Quand la mode rencontre l&rsquo;\u00e9ducation \u00e0 la Triennale de Milan\"}]},{\"@type\":\"WebSite\",\"@id\":\"https:\/\/bobea.net\/#website\",\"url\":\"https:\/\/bobea.net\/\",\"name\":\"Bobea\",\"description\":\"Le magazine de la nouvelle \u00c8ve\",\"publisher\":{\"@id\":\"https:\/\/bobea.net\/#organization\"},\"potentialAction\":[{\"@type\":\"SearchAction\",\"target\":{\"@type\":\"EntryPoint\",\"urlTemplate\":\"https:\/\/bobea.net\/?s={search_term_string}\"},\"query-input\":{\"@type\":\"PropertyValueSpecification\",\"valueRequired\":true,\"valueName\":\"search_term_string\"}}],\"inLanguage\":\"fr-FR\"},{\"@type\":\"Organization\",\"@id\":\"https:\/\/bobea.net\/#organization\",\"name\":\"Bobea\",\"url\":\"https:\/\/bobea.net\/\",\"logo\":{\"@type\":\"ImageObject\",\"inLanguage\":\"fr-FR\",\"@id\":\"https:\/\/bobea.net\/#\/schema\/logo\/image\/\",\"url\":\"https:\/\/bobea.net\/wp-content\/uploads\/2024\/06\/bobea.jpg\",\"contentUrl\":\"https:\/\/bobea.net\/wp-content\/uploads\/2024\/06\/bobea.jpg\",\"width\":1080,\"height\":1080,\"caption\":\"Bobea\"},\"image\":{\"@id\":\"https:\/\/bobea.net\/#\/schema\/logo\/image\/\"},\"sameAs\":[\"https:\/\/web.facebook.com\/profile.php?id=61559252188416\"]},{\"@type\":\"Person\",\"@id\":\"https:\/\/bobea.net\/#\/schema\/person\/e7f45ef187918d7c956bf619dce90ccf\",\"name\":\"bobea.info\",\"image\":{\"@type\":\"ImageObject\",\"inLanguage\":\"fr-FR\",\"@id\":\"https:\/\/bobea.net\/#\/schema\/person\/image\/\",\"url\":\"https:\/\/secure.gravatar.com\/avatar\/36147980349df887ae30808df3e29474?s=96&d=mm&r=g\",\"contentUrl\":\"https:\/\/secure.gravatar.com\/avatar\/36147980349df887ae30808df3e29474?s=96&d=mm&r=g\",\"caption\":\"bobea.info\"},\"sameAs\":[\"https:\/\/bobea.net\"],\"url\":\"https:\/\/bobea.net\/index.php\/author\/bobea-info\/\"}]}<\/script>\n<!-- \/ Yoast SEO plugin. -->","yoast_head_json":{"title":"L'\u00e9cole sur mesure : Quand la mode rencontre l'\u00e9ducation \u00e0 la Triennale de Milan - Bobea","robots":{"index":"index","follow":"follow","max-snippet":"max-snippet:-1","max-image-preview":"max-image-preview:large","max-video-preview":"max-video-preview:-1"},"canonical":"https:\/\/bobea.net\/index.php\/2025\/01\/20\/lecole-sur-mesure-quand-la-mode-rencontre-leducation-a-la-triennale-de-milan\/","og_locale":"fr_FR","og_type":"article","og_title":"L'\u00e9cole sur mesure : Quand la mode rencontre l'\u00e9ducation \u00e0 la Triennale de Milan - Bobea","og_description":"La Tri\u00aden\u00adnale de Milan 2025 sur\u00adprend le monde de la mode et de l\u2019\u00e9\u00add\u00adu\u00adca\u00adtion avec son expo\u00adsi\u00adtion r\u00e9vo\u00adlu\u00adtion\u00adnaire \u201cL\u2019\u00e9\u00adcole sur mesure\u201d. Cette ini\u00adtia\u00adtive auda\u00adcieuse explore l\u2019in\u00adter\u00adsec\u00adtion entre la mode, le&hellip;","og_url":"https:\/\/bobea.net\/index.php\/2025\/01\/20\/lecole-sur-mesure-quand-la-mode-rencontre-leducation-a-la-triennale-de-milan\/","og_site_name":"Bobea","article_publisher":"https:\/\/web.facebook.com\/profile.php?id=61559252188416","article_published_time":"2025-01-20T15:44:38+00:00","article_modified_time":"2025-01-20T15:44:39+00:00","og_image":[{"width":1000,"height":667,"url":"https:\/\/bobea.net\/wp-content\/uploads\/2025\/01\/img_4266.jpg","type":"image\/jpeg"}],"author":"bobea.info","twitter_card":"summary_large_image","twitter_misc":{"\u00c9crit par":"bobea.info","Dur\u00e9e de lecture estim\u00e9e":"3 minutes"},"schema":{"@context":"https:\/\/schema.org","@graph":[{"@type":"Article","@id":"https:\/\/bobea.net\/index.php\/2025\/01\/20\/lecole-sur-mesure-quand-la-mode-rencontre-leducation-a-la-triennale-de-milan\/#article","isPartOf":{"@id":"https:\/\/bobea.net\/index.php\/2025\/01\/20\/lecole-sur-mesure-quand-la-mode-rencontre-leducation-a-la-triennale-de-milan\/"},"author":{"name":"bobea.info","@id":"https:\/\/bobea.net\/#\/schema\/person\/e7f45ef187918d7c956bf619dce90ccf"},"headline":"L\u2019\u00e9cole sur mesure : Quand la mode rencontre l\u2019\u00e9ducation \u00e0 la Triennale de Milan","datePublished":"2025-01-20T15:44:38+00:00","dateModified":"2025-01-20T15:44:39+00:00","mainEntityOfPage":{"@id":"https:\/\/bobea.net\/index.php\/2025\/01\/20\/lecole-sur-mesure-quand-la-mode-rencontre-leducation-a-la-triennale-de-milan\/"},"wordCount":576,"commentCount":0,"publisher":{"@id":"https:\/\/bobea.net\/#organization"},"image":{"@id":"https:\/\/bobea.net\/index.php\/2025\/01\/20\/lecole-sur-mesure-quand-la-mode-rencontre-leducation-a-la-triennale-de-milan\/#primaryimage"},"thumbnailUrl":"https:\/\/bobea.net\/wp-content\/uploads\/2025\/01\/img_4266.jpg","keywords":["accessibilit\u00e9 scolaire","accessoires p\u00e9dagogiques","architecture scolaire","bien-\u00eatre \u00e9tudiant","design \u00e9ducatif","design universel","\u00e9cole durable","\u00e9ducation \u00e9co-responsable","\u00e9ducation inclusive","\u00e9ducation personnalis\u00e9e","environnement d'apprentissage sain","ergonomie scolaire","espaces d'apprentissage flexibles","mat\u00e9riaux \u00e9cologiques","mode \u00e9ducative","uniformes intelligents","v\u00eatements interactifs"],"articleSection":["Mode"],"inLanguage":"fr-FR","potentialAction":[{"@type":"CommentAction","name":"Comment","target":["https:\/\/bobea.net\/index.php\/2025\/01\/20\/lecole-sur-mesure-quand-la-mode-rencontre-leducation-a-la-triennale-de-milan\/#respond"]}]},{"@type":"WebPage","@id":"https:\/\/bobea.net\/index.php\/2025\/01\/20\/lecole-sur-mesure-quand-la-mode-rencontre-leducation-a-la-triennale-de-milan\/","url":"https:\/\/bobea.net\/index.php\/2025\/01\/20\/lecole-sur-mesure-quand-la-mode-rencontre-leducation-a-la-triennale-de-milan\/","name":"L'\u00e9cole sur mesure : Quand la mode rencontre l'\u00e9ducation \u00e0 la Triennale de Milan - Bobea","isPartOf":{"@id":"https:\/\/bobea.net\/#website"},"primaryImageOfPage":{"@id":"https:\/\/bobea.net\/index.php\/2025\/01\/20\/lecole-sur-mesure-quand-la-mode-rencontre-leducation-a-la-triennale-de-milan\/#primaryimage"},"image":{"@id":"https:\/\/bobea.net\/index.php\/2025\/01\/20\/lecole-sur-mesure-quand-la-mode-rencontre-leducation-a-la-triennale-de-milan\/#primaryimage"},"thumbnailUrl":"https:\/\/bobea.net\/wp-content\/uploads\/2025\/01\/img_4266.jpg","datePublished":"2025-01-20T15:44:38+00:00","dateModified":"2025-01-20T15:44:39+00:00","breadcrumb":{"@id":"https:\/\/bobea.net\/index.php\/2025\/01\/20\/lecole-sur-mesure-quand-la-mode-rencontre-leducation-a-la-triennale-de-milan\/#breadcrumb"},"inLanguage":"fr-FR","potentialAction":[{"@type":"ReadAction","target":["https:\/\/bobea.net\/index.php\/2025\/01\/20\/lecole-sur-mesure-quand-la-mode-rencontre-leducation-a-la-triennale-de-milan\/"]}]},{"@type":"ImageObject","inLanguage":"fr-FR","@id":"https:\/\/bobea.net\/index.php\/2025\/01\/20\/lecole-sur-mesure-quand-la-mode-rencontre-leducation-a-la-triennale-de-milan\/#primaryimage","url":"https:\/\/bobea.net\/wp-content\/uploads\/2025\/01\/img_4266.jpg","contentUrl":"https:\/\/bobea.net\/wp-content\/uploads\/2025\/01\/img_4266.jpg","width":1000,"height":667,"caption":"L'\u00e9cole sur mesure : Quand la mode rencontre l'\u00e9ducation \u00e0 la Triennale de Milan"},{"@type":"BreadcrumbList","@id":"https:\/\/bobea.net\/index.php\/2025\/01\/20\/lecole-sur-mesure-quand-la-mode-rencontre-leducation-a-la-triennale-de-milan\/#breadcrumb","itemListElement":[{"@type":"ListItem","position":1,"name":"Accueil","item":"https:\/\/bobea.net\/"},{"@type":"ListItem","position":2,"name":"L&rsquo;\u00e9cole sur mesure : Quand la mode rencontre l&rsquo;\u00e9ducation \u00e0 la Triennale de Milan"}]},{"@type":"WebSite","@id":"https:\/\/bobea.net\/#website","url":"https:\/\/bobea.net\/","name":"Bobea","description":"Le magazine de la nouvelle \u00c8ve","publisher":{"@id":"https:\/\/bobea.net\/#organization"},"potentialAction":[{"@type":"SearchAction","target":{"@type":"EntryPoint","urlTemplate":"https:\/\/bobea.net\/?s={search_term_string}"},"query-input":{"@type":"PropertyValueSpecification","valueRequired":true,"valueName":"search_term_string"}}],"inLanguage":"fr-FR"},{"@type":"Organization","@id":"https:\/\/bobea.net\/#organization","name":"Bobea","url":"https:\/\/bobea.net\/","logo":{"@type":"ImageObject","inLanguage":"fr-FR","@id":"https:\/\/bobea.net\/#\/schema\/logo\/image\/","url":"https:\/\/bobea.net\/wp-content\/uploads\/2024\/06\/bobea.jpg","contentUrl":"https:\/\/bobea.net\/wp-content\/uploads\/2024\/06\/bobea.jpg","width":1080,"height":1080,"caption":"Bobea"},"image":{"@id":"https:\/\/bobea.net\/#\/schema\/logo\/image\/"},"sameAs":["https:\/\/web.facebook.com\/profile.php?id=61559252188416"]},{"@type":"Person","@id":"https:\/\/bobea.net\/#\/schema\/person\/e7f45ef187918d7c956bf619dce90ccf","name":"bobea.info","image":{"@type":"ImageObject","inLanguage":"fr-FR","@id":"https:\/\/bobea.net\/#\/schema\/person\/image\/","url":"https:\/\/secure.gravatar.com\/avatar\/36147980349df887ae30808df3e29474?s=96&d=mm&r=g","contentUrl":"https:\/\/secure.gravatar.com\/avatar\/36147980349df887ae30808df3e29474?s=96&d=mm&r=g","caption":"bobea.info"},"sameAs":["https:\/\/bobea.net"],"url":"https:\/\/bobea.net\/index.php\/author\/bobea-info\/"}]}},"_links":{"self":[{"href":"https:\/\/bobea.net\/index.php\/wp-json\/wp\/v2\/posts\/7473"}],"collection":[{"href":"https:\/\/bobea.net\/index.php\/wp-json\/wp\/v2\/posts"}],"about":[{"href":"https:\/\/bobea.net\/index.php\/wp-json\/wp\/v2\/types\/post"}],"author":[{"embeddable":true,"href":"https:\/\/bobea.net\/index.php\/wp-json\/wp\/v2\/users\/1"}],"replies":[{"embeddable":true,"href":"https:\/\/bobea.net\/index.php\/wp-json\/wp\/v2\/comments?post=7473"}],"version-history":[{"count":0,"href":"https:\/\/bobea.net\/index.php\/wp-json\/wp\/v2\/posts\/7473\/revisions"}],"wp:featuredmedia":[{"embeddable":true,"href":"https:\/\/bobea.net\/index.php\/wp-json\/wp\/v2\/media\/7474"}],"wp:attachment":[{"href":"https:\/\/bobea.net\/index.php\/wp-json\/wp\/v2\/media?parent=7473"}],"wp:term":[{"taxonomy":"category","embeddable":true,"href":"https:\/\/bobea.net\/index.php\/wp-json\/wp\/v2\/categories?post=7473"},{"taxonomy":"post_tag","embeddable":true,"href":"https:\/\/bobea.net\/index.php\/wp-json\/wp\/v2\/tags?post=7473"}],"curies":[{"name":"wp","href":"https:\/\/api.w.org\/{rel}","templated":true}]}}