{"id":7450,"date":"2025-01-20T12:56:43","date_gmt":"2025-01-20T12:56:43","guid":{"rendered":"https:\/\/bobea.net\/?p=7450"},"modified":"2025-01-20T12:56:44","modified_gmt":"2025-01-20T12:56:44","slug":"paris-fashion-week-homme-automne-hiver-2025-2026-les-temps-forts-de-la-semaine-du-21-au-26-janvier","status":"publish","type":"post","link":"https:\/\/bobea.net\/index.php\/2025\/01\/20\/paris-fashion-week-homme-automne-hiver-2025-2026-les-temps-forts-de-la-semaine-du-21-au-26-janvier\/","title":{"rendered":"Paris Fashion Week Homme Automne\/Hiver 2025\u20132026 : Les temps forts de la semaine du 21 au 26 janvier"},"content":{"rendered":"\n<p>La Paris Fash\u00adion Week Homme Automne\/Hiver 2025\u20132026 s\u2019an\u00adnonce comme un \u00e9v\u00e9ne\u00adment phare dans le monde de la mode mas\u00adcu\u00adline, promet\u00adtant une semaine riche en inno\u00adva\u00adtions, en cr\u00e9a\u00adtiv\u00adit\u00e9 et en sur\u00adpris\u00ades. Du 21 au 26 jan\u00advi\u00ader, la cap\u00adi\u00adtale fran\u00e7aise devient l\u2019\u00e9pi\u00adcen\u00adtre de la mode mas\u00adcu\u00adline, atti\u00adrant les regards du monde entier.<\/p>\n\n\n\n<p>Les ten\u00addances majeures \u00e0 sur\u00adveiller<\/p>\n\n\n\n<ol start=\"1\" class=\"wp-block-list\">\n<li><strong>Mode durable et \u00e9thique<\/strong>&nbsp;: Les cr\u00e9a\u00adteurs met\u00adtent l\u2019ac\u00adcent sur des mat\u00e9ri\u00adaux \u00e9cologiques et des proces\u00adsus de pro\u00adduc\u00adtion respon\u00ads\u00adables.<\/li>\n\n\n\n<li><strong>Fusion des gen\u00adres<\/strong>&nbsp;: La fron\u00adti\u00e8re entre mode mas\u00adcu\u00adline et f\u00e9mi\u00adnine con\u00adtin\u00adue de s\u2019estom\u00adper, avec des col\u00adlec\u00adtions de plus en plus flu\u00adides.<\/li>\n\n\n\n<li><strong>Tech\u00adnolo\u00adgie wear\u00adable<\/strong>&nbsp;: L\u2019in\u00adt\u00e9\u00adgra\u00adtion de la tech\u00adnolo\u00adgie dans les v\u00eate\u00adments atteint de nou\u00adveaux som\u00admets, avec des tis\u00adsus intel\u00adli\u00adgents et des acces\u00adsoires con\u00adnec\u00adt\u00e9s.<\/li>\n\n\n\n<li><strong>R\u00e9tro-futur\u00adisme<\/strong>&nbsp;: Un m\u00e9lange auda\u00adcieux d\u2019\u00e9l\u00e9\u00adments r\u00e9tro et de designs futur\u00adistes cr\u00e9e une esth\u00e9\u00adtique unique.<\/li>\n<\/ol>\n\n\n\n<p>Les d\u00e9fil\u00e9s les plus atten\u00addus<\/p>\n\n\n\n<ul class=\"wp-block-list\">\n<li><strong>Louis Vuit\u00adton<\/strong>&nbsp;: Sous la direc\u00adtion artis\u00adtique de son nou\u00adveau directeur cr\u00e9atif, la mai\u00adson promet une col\u00adlec\u00adtion r\u00e9vo\u00adlu\u00adtion\u00adnaire.<\/li>\n\n\n\n<li><strong>Dior Homme<\/strong>&nbsp;: Kim Jones pr\u00e9sente une col\u00adlec\u00adtion inspir\u00e9e par l\u2019art con\u00adtem\u00adpo\u00adrain et l\u2019ar\u00adchi\u00adtec\u00adture futur\u00adiste.<\/li>\n\n\n\n<li><strong>Bal\u00admain<\/strong>&nbsp;: Olivi\u00ader Rouste\u00ading sur\u00adprend avec une ligne enti\u00e8re\u00adment fab\u00adriqu\u00e9e \u00e0 par\u00adtir de mat\u00e9ri\u00adaux recy\u00adcl\u00e9s.<\/li>\n\n\n\n<li><strong>Yohji Yamamo\u00adto<\/strong>&nbsp;: Le ma\u00eetre japon\u00adais c\u00e9l\u00e8bre ses 50 ans de car\u00adri\u00e8re avec une r\u00e9tro\u00adspec\u00adtive inno\u00advante.<\/li>\n<\/ul>\n\n\n\n<p>Inno\u00adva\u00adtions tech\u00adnologiques sur les podi\u00adums<\/p>\n\n\n\n<p>La tech\u00adnolo\u00adgie joue un r\u00f4le cen\u00adtral dans cette Fash\u00adion Week :<\/p>\n\n\n\n<ul class=\"wp-block-list\">\n<li>D\u00e9fil\u00e9s en r\u00e9al\u00adit\u00e9 aug\u00admen\u00adt\u00e9e per\u00adme\u00adt\u00adtant aux spec\u00adta\u00adteurs du monde entier de vivre l\u2019ex\u00adp\u00e9ri\u00adence en 3D.<\/li>\n\n\n\n<li>V\u00eate\u00adments \u00e0 LED int\u00e9\u00adgr\u00e9es changeant de couleur en temps r\u00e9el.<\/li>\n\n\n\n<li>Pr\u00e9sen\u00adta\u00adtion de la pre\u00admi\u00e8re col\u00adlec\u00adtion enti\u00e8re\u00adment con\u00e7ue par une IA, en col\u00adlab\u00ado\u00adra\u00adtion avec un design\u00ader humain.<\/li>\n<\/ul>\n\n\n\n<p>Focus sur la diver\u00adsit\u00e9 et l\u2019in\u00adclu\u00adsion<\/p>\n\n\n\n<p>Cette \u00e9di\u00adtion met l\u2019ac\u00adcent sur la repr\u00e9sen\u00adta\u00adtion :<\/p>\n\n\n\n<ul class=\"wp-block-list\">\n<li>Cast\u00ading diver\u00adsi\u00adfi\u00e9 met\u00adtant en vedette des man\u00adnequins de tous \u00e2ges, orig\u00adines et mor\u00adpholo\u00adgies.<\/li>\n\n\n\n<li>Col\u00adlab\u00ado\u00adra\u00adtion avec des design\u00aders issus de com\u00admu\u00adnaut\u00e9s sous-repr\u00e9sen\u00adt\u00e9es.<\/li>\n\n\n\n<li>D\u00e9fil\u00e9s adap\u00adt\u00e9s pour \u00eatre acces\u00adsi\u00adbles aux per\u00adson\u00adnes en sit\u00adu\u00ada\u00adtion de hand\u00adi\u00adcap.<br><\/li>\n<\/ul>\n\n\n\n<figure class=\"wp-block-gallery has-nested-images columns-default is-cropped wp-block-gallery-1 is-layout-flex wp-block-gallery-is-layout-flex\">\n<figure class=\"wp-block-image size-large\"><img loading=\"lazy\" decoding=\"async\" width=\"800\" height=\"457\" data-id=\"7453\" src=\"https:\/\/bobea.net\/wp-content\/uploads\/2025\/01\/DEFILE-MODE-HOMME.jpg\" alt class=\"wp-image-7453\" srcset=\"https:\/\/bobea.net\/wp-content\/uploads\/2025\/01\/DEFILE-MODE-HOMME.jpg 800w, https:\/\/bobea.net\/wp-content\/uploads\/2025\/01\/DEFILE-MODE-HOMME-300x171.jpg 300w, https:\/\/bobea.net\/wp-content\/uploads\/2025\/01\/DEFILE-MODE-HOMME-768x439.jpg 768w\" sizes=\"(max-width: 800px) 100vw, 800px\"><\/figure>\n<\/figure>\n\n\n\n<p>\u00c9v\u00e9ne\u00adments par\u00adal\u00adl\u00e8les et expo\u00adsi\u00adtions<\/p>\n\n\n\n<ul class=\"wp-block-list\">\n<li><strong>\u201cL\u2019avenir de la mode mas\u00adcu\u00adline\u201d<\/strong>&nbsp;: Une expo\u00adsi\u00adtion au Palais de Tokyo explo\u00adrant l\u2019\u00e9vo\u00adlu\u00adtion de la mode homme.<\/li>\n\n\n\n<li><strong>Ate\u00adliers de cr\u00e9a\u00adtion durable<\/strong>&nbsp;: Des work\u00adshops ouverts au pub\u00adlic pour appren\u00addre les tech\u00adniques de l\u2019up\u00adcy\u00adcling.<\/li>\n\n\n\n<li><strong>Fash\u00adion Tech Forum<\/strong>&nbsp;: Une con\u00adf\u00e9rence r\u00e9u\u00adnis\u00adsant les lead\u00aders de l\u2019in\u00addus\u00adtrie pour dis\u00adcuter de l\u2019avenir de la mode et de la tech\u00adnolo\u00adgie.<\/li>\n<\/ul>\n\n\n\n<p>L\u2019im\u00adpact du dig\u00adi\u00adtal et des r\u00e9seaux soci\u00adaux<\/p>\n\n\n\n<ul class=\"wp-block-list\">\n<li>Dif\u00adfu\u00adsion en direct des d\u00e9fil\u00e9s sur Tik\u00adTok et Insta\u00adgram, avec des fonc\u00adtion\u00adnal\u00adit\u00e9s d\u2019achat instan\u00adta\u00adn\u00e9.<\/li>\n\n\n\n<li>Influ\u00adenceurs et cr\u00e9a\u00adteurs de con\u00adtenu jouant un r\u00f4le cru\u00adcial dans la cou\u00adver\u00adture de l\u2019\u00e9v\u00e9ne\u00adment.<\/li>\n\n\n\n<li>Util\u00adi\u00adsa\u00adtion de NFTs pour des pi\u00e8ces de col\u00adlec\u00adtion exclu\u00adsives.<\/li>\n<\/ul>\n\n\n\n<p>Dura\u00adbil\u00adit\u00e9 et respon\u00ads\u00adabil\u00adit\u00e9 envi\u00adron\u00adnemen\u00adtale<\/p>\n\n\n\n<p>La Fash\u00adion Week 2025 met l\u2019ac\u00adcent sur la dura\u00adbil\u00adit\u00e9 :<\/p>\n\n\n\n<ul class=\"wp-block-list\">\n<li>Engage\u00adment z\u00e9ro d\u00e9chet pour tous les d\u00e9fil\u00e9s et \u00e9v\u00e9ne\u00adments.<\/li>\n\n\n\n<li>Util\u00adi\u00adsa\u00adtion de mat\u00e9ri\u00adaux inno\u00advants comme les tis\u00adsus \u00e0 base d\u2019algues ou de champignons.<\/li>\n\n\n\n<li>Pr\u00e9sen\u00adta\u00adtion de col\u00adlec\u00adtions cap\u00adsules enti\u00e8re\u00adment recy\u00adclables.<\/li>\n<\/ul>\n\n\n\n<p>L\u2019in\u00adflu\u00adence sur le march\u00e9 et les con\u00adsom\u00adma\u00adteurs<\/p>\n\n\n\n<p>Cette semaine de la mode mas\u00adcu\u00adline aura un impact sig\u00adni\u00adfi\u00adcatif sur les ten\u00addances \u00e0 venir :<\/p>\n\n\n\n<ul class=\"wp-block-list\">\n<li>Pr\u00e9vi\u00adsions de change\u00adments majeurs dans les habi\u00adtudes d\u2019achat des con\u00adsom\u00adma\u00adteurs mas\u00adculins.<\/li>\n\n\n\n<li>Influ\u00adence crois\u00adsante de la mode homme sur les col\u00adlec\u00adtions f\u00e9minines.<\/li>\n\n\n\n<li>\u00c9mer\u00adgence de nou\u00adveaux march\u00e9s et oppor\u00adtu\u00adnit\u00e9s pour les design\u00aders \u00e9mer\u00adgents.<\/li>\n<\/ul>\n\n\n\n<p>La Paris Fash\u00adion Week Homme Automne\/Hiver 2025\u20132026 s\u2019an\u00adnonce comme un \u00e9v\u00e9ne\u00adment trans\u00adfor\u00adma\u00adteur, refl\u00e9\u00adtant les change\u00adments pro\u00adfonds dans l\u2019in\u00addus\u00adtrie de la mode et la soci\u00e9t\u00e9 en g\u00e9n\u00e9ral. Elle promet non seule\u00adment de d\u00e9finir les ten\u00addances ves\u00adti\u00admen\u00adtaires pour la sai\u00adson \u00e0 venir, mais aus\u00adsi de pos\u00ader des ques\u00adtions impor\u00adtantes sur l\u2019avenir de la mode, la dura\u00adbil\u00adit\u00e9 et l\u2019i\u00adden\u00adtit\u00e9 mas\u00adcu\u00adline dans un monde en con\u00adstante \u00e9vo\u00adlu\u00adtion.<\/p>\n","protected":false},"excerpt":{"rendered":"<p>La Paris Fash\u00adion Week Homme Automne\/Hiver 2025\u20132026 s\u2019an\u00adnonce comme un \u00e9v\u00e9ne\u00adment phare dans le monde de la mode mas\u00adcu\u00adline, promet\u00adtant une semaine riche en inno\u00adva\u00adtions, en cr\u00e9a\u00adtiv\u00adit\u00e9 et en sur\u00adpris\u00ades.\u2026 <\/p>\n","protected":false},"author":1,"featured_media":7451,"comment_status":"open","ping_status":"open","sticky":false,"template":"","format":"standard","meta":{"wp_typography_post_enhancements_disabled":false,"footnotes":""},"categories":[50],"tags":[],"class_list":["post-7450","post","type-post","status-publish","format-standard","has-post-thumbnail","hentry","category-mode"],"yoast_head":"<!-- This site is optimized with the Yoast SEO plugin v24.7 - https:\/\/yoast.com\/wordpress\/plugins\/seo\/ -->\n<title>Paris Fashion Week Homme Automne\/Hiver 2025-2026 : Les temps forts de la semaine du 21 au 26 janvier - Bobea<\/title>\n<meta name=\"description\" content=\"La Paris Fashion Week Homme Automne\/Hiver 2025-2026 s&#039;annonce comme un \u00e9v\u00e9nement phare dans le monde de la mode masculine\" \/>\n<meta name=\"robots\" content=\"index, follow, max-snippet:-1, max-image-preview:large, max-video-preview:-1\" \/>\n<link rel=\"canonical\" href=\"https:\/\/bobea.net\/index.php\/2025\/01\/20\/paris-fashion-week-homme-automne-hiver-2025-2026-les-temps-forts-de-la-semaine-du-21-au-26-janvier\/\" \/>\n<meta property=\"og:locale\" content=\"fr_FR\" \/>\n<meta property=\"og:type\" content=\"article\" \/>\n<meta property=\"og:title\" content=\"Paris Fashion Week Homme Automne\/Hiver 2025-2026 : Les temps forts de la semaine du 21 au 26 janvier - Bobea\" \/>\n<meta property=\"og:description\" content=\"La Paris Fashion Week Homme Automne\/Hiver 2025-2026 s&#039;annonce comme un \u00e9v\u00e9nement phare dans le monde de la mode masculine\" \/>\n<meta property=\"og:url\" content=\"https:\/\/bobea.net\/index.php\/2025\/01\/20\/paris-fashion-week-homme-automne-hiver-2025-2026-les-temps-forts-de-la-semaine-du-21-au-26-janvier\/\" \/>\n<meta property=\"og:site_name\" content=\"Bobea\" \/>\n<meta property=\"article:publisher\" content=\"https:\/\/web.facebook.com\/profile.php?id=61559252188416\" \/>\n<meta property=\"article:published_time\" content=\"2025-01-20T12:56:43+00:00\" \/>\n<meta property=\"article:modified_time\" content=\"2025-01-20T12:56:44+00:00\" \/>\n<meta property=\"og:image\" content=\"https:\/\/bobea.net\/wp-content\/uploads\/2025\/01\/Defile-Hermes-Homme-SS24-1662710.jpg\" \/>\n\t<meta property=\"og:image:width\" content=\"2048\" \/>\n\t<meta property=\"og:image:height\" content=\"1152\" \/>\n\t<meta property=\"og:image:type\" content=\"image\/jpeg\" \/>\n<meta name=\"author\" content=\"bobea.info\" \/>\n<meta name=\"twitter:card\" content=\"summary_large_image\" \/>\n<meta name=\"twitter:label1\" content=\"\u00c9crit par\" \/>\n\t<meta name=\"twitter:data1\" content=\"bobea.info\" \/>\n\t<meta name=\"twitter:label2\" content=\"Dur\u00e9e de lecture estim\u00e9e\" \/>\n\t<meta name=\"twitter:data2\" content=\"4 minutes\" \/>\n<script type=\"application\/ld+json\" class=\"yoast-schema-graph\">{\"@context\":\"https:\/\/schema.org\",\"@graph\":[{\"@type\":\"Article\",\"@id\":\"https:\/\/bobea.net\/index.php\/2025\/01\/20\/paris-fashion-week-homme-automne-hiver-2025-2026-les-temps-forts-de-la-semaine-du-21-au-26-janvier\/#article\",\"isPartOf\":{\"@id\":\"https:\/\/bobea.net\/index.php\/2025\/01\/20\/paris-fashion-week-homme-automne-hiver-2025-2026-les-temps-forts-de-la-semaine-du-21-au-26-janvier\/\"},\"author\":{\"name\":\"bobea.info\",\"@id\":\"https:\/\/bobea.net\/#\/schema\/person\/e7f45ef187918d7c956bf619dce90ccf\"},\"headline\":\"Paris Fashion Week Homme Automne\/Hiver 2025\u20132026 : Les temps forts de la semaine du 21 au 26 janvier\",\"datePublished\":\"2025-01-20T12:56:43+00:00\",\"dateModified\":\"2025-01-20T12:56:44+00:00\",\"mainEntityOfPage\":{\"@id\":\"https:\/\/bobea.net\/index.php\/2025\/01\/20\/paris-fashion-week-homme-automne-hiver-2025-2026-les-temps-forts-de-la-semaine-du-21-au-26-janvier\/\"},\"wordCount\":671,\"commentCount\":0,\"publisher\":{\"@id\":\"https:\/\/bobea.net\/#organization\"},\"image\":{\"@id\":\"https:\/\/bobea.net\/index.php\/2025\/01\/20\/paris-fashion-week-homme-automne-hiver-2025-2026-les-temps-forts-de-la-semaine-du-21-au-26-janvier\/#primaryimage\"},\"thumbnailUrl\":\"https:\/\/bobea.net\/wp-content\/uploads\/2025\/01\/Defile-Hermes-Homme-SS24-1662710.jpg\",\"articleSection\":[\"Mode\"],\"inLanguage\":\"fr-FR\",\"potentialAction\":[{\"@type\":\"CommentAction\",\"name\":\"Comment\",\"target\":[\"https:\/\/bobea.net\/index.php\/2025\/01\/20\/paris-fashion-week-homme-automne-hiver-2025-2026-les-temps-forts-de-la-semaine-du-21-au-26-janvier\/#respond\"]}]},{\"@type\":\"WebPage\",\"@id\":\"https:\/\/bobea.net\/index.php\/2025\/01\/20\/paris-fashion-week-homme-automne-hiver-2025-2026-les-temps-forts-de-la-semaine-du-21-au-26-janvier\/\",\"url\":\"https:\/\/bobea.net\/index.php\/2025\/01\/20\/paris-fashion-week-homme-automne-hiver-2025-2026-les-temps-forts-de-la-semaine-du-21-au-26-janvier\/\",\"name\":\"Paris Fashion Week Homme Automne\/Hiver 2025-2026 : Les temps forts de la semaine du 21 au 26 janvier - Bobea\",\"isPartOf\":{\"@id\":\"https:\/\/bobea.net\/#website\"},\"primaryImageOfPage\":{\"@id\":\"https:\/\/bobea.net\/index.php\/2025\/01\/20\/paris-fashion-week-homme-automne-hiver-2025-2026-les-temps-forts-de-la-semaine-du-21-au-26-janvier\/#primaryimage\"},\"image\":{\"@id\":\"https:\/\/bobea.net\/index.php\/2025\/01\/20\/paris-fashion-week-homme-automne-hiver-2025-2026-les-temps-forts-de-la-semaine-du-21-au-26-janvier\/#primaryimage\"},\"thumbnailUrl\":\"https:\/\/bobea.net\/wp-content\/uploads\/2025\/01\/Defile-Hermes-Homme-SS24-1662710.jpg\",\"datePublished\":\"2025-01-20T12:56:43+00:00\",\"dateModified\":\"2025-01-20T12:56:44+00:00\",\"description\":\"La Paris Fashion Week Homme Automne\/Hiver 2025-2026 s'annonce comme un \u00e9v\u00e9nement phare dans le monde de la mode masculine\",\"breadcrumb\":{\"@id\":\"https:\/\/bobea.net\/index.php\/2025\/01\/20\/paris-fashion-week-homme-automne-hiver-2025-2026-les-temps-forts-de-la-semaine-du-21-au-26-janvier\/#breadcrumb\"},\"inLanguage\":\"fr-FR\",\"potentialAction\":[{\"@type\":\"ReadAction\",\"target\":[\"https:\/\/bobea.net\/index.php\/2025\/01\/20\/paris-fashion-week-homme-automne-hiver-2025-2026-les-temps-forts-de-la-semaine-du-21-au-26-janvier\/\"]}]},{\"@type\":\"ImageObject\",\"inLanguage\":\"fr-FR\",\"@id\":\"https:\/\/bobea.net\/index.php\/2025\/01\/20\/paris-fashion-week-homme-automne-hiver-2025-2026-les-temps-forts-de-la-semaine-du-21-au-26-janvier\/#primaryimage\",\"url\":\"https:\/\/bobea.net\/wp-content\/uploads\/2025\/01\/Defile-Hermes-Homme-SS24-1662710.jpg\",\"contentUrl\":\"https:\/\/bobea.net\/wp-content\/uploads\/2025\/01\/Defile-Hermes-Homme-SS24-1662710.jpg\",\"width\":2048,\"height\":1152,\"caption\":\"Paris Fashion Week Homme Automne\/Hiver 2025-2026 : Les temps forts de la semaine du 21 au 26 janvier\"},{\"@type\":\"BreadcrumbList\",\"@id\":\"https:\/\/bobea.net\/index.php\/2025\/01\/20\/paris-fashion-week-homme-automne-hiver-2025-2026-les-temps-forts-de-la-semaine-du-21-au-26-janvier\/#breadcrumb\",\"itemListElement\":[{\"@type\":\"ListItem\",\"position\":1,\"name\":\"Accueil\",\"item\":\"https:\/\/bobea.net\/\"},{\"@type\":\"ListItem\",\"position\":2,\"name\":\"Paris Fashion Week Homme Automne\/Hiver 2025-2026 : Les temps forts de la semaine du 21 au 26 janvier\"}]},{\"@type\":\"WebSite\",\"@id\":\"https:\/\/bobea.net\/#website\",\"url\":\"https:\/\/bobea.net\/\",\"name\":\"Bobea\",\"description\":\"Le magazine de la nouvelle \u00c8ve\",\"publisher\":{\"@id\":\"https:\/\/bobea.net\/#organization\"},\"potentialAction\":[{\"@type\":\"SearchAction\",\"target\":{\"@type\":\"EntryPoint\",\"urlTemplate\":\"https:\/\/bobea.net\/?s={search_term_string}\"},\"query-input\":{\"@type\":\"PropertyValueSpecification\",\"valueRequired\":true,\"valueName\":\"search_term_string\"}}],\"inLanguage\":\"fr-FR\"},{\"@type\":\"Organization\",\"@id\":\"https:\/\/bobea.net\/#organization\",\"name\":\"Bobea\",\"url\":\"https:\/\/bobea.net\/\",\"logo\":{\"@type\":\"ImageObject\",\"inLanguage\":\"fr-FR\",\"@id\":\"https:\/\/bobea.net\/#\/schema\/logo\/image\/\",\"url\":\"https:\/\/bobea.net\/wp-content\/uploads\/2024\/06\/bobea.jpg\",\"contentUrl\":\"https:\/\/bobea.net\/wp-content\/uploads\/2024\/06\/bobea.jpg\",\"width\":1080,\"height\":1080,\"caption\":\"Bobea\"},\"image\":{\"@id\":\"https:\/\/bobea.net\/#\/schema\/logo\/image\/\"},\"sameAs\":[\"https:\/\/web.facebook.com\/profile.php?id=61559252188416\"]},{\"@type\":\"Person\",\"@id\":\"https:\/\/bobea.net\/#\/schema\/person\/e7f45ef187918d7c956bf619dce90ccf\",\"name\":\"bobea.info\",\"image\":{\"@type\":\"ImageObject\",\"inLanguage\":\"fr-FR\",\"@id\":\"https:\/\/bobea.net\/#\/schema\/person\/image\/\",\"url\":\"https:\/\/secure.gravatar.com\/avatar\/36147980349df887ae30808df3e29474?s=96&d=mm&r=g\",\"contentUrl\":\"https:\/\/secure.gravatar.com\/avatar\/36147980349df887ae30808df3e29474?s=96&d=mm&r=g\",\"caption\":\"bobea.info\"},\"sameAs\":[\"https:\/\/bobea.net\"],\"url\":\"https:\/\/bobea.net\/index.php\/author\/bobea-info\/\"}]}<\/script>\n<!-- \/ Yoast SEO plugin. -->","yoast_head_json":{"title":"Paris Fashion Week Homme Automne\/Hiver 2025-2026 : Les temps forts de la semaine du 21 au 26 janvier - Bobea","description":"La Paris Fashion Week Homme Automne\/Hiver 2025-2026 s'annonce comme un \u00e9v\u00e9nement phare dans le monde de la mode masculine","robots":{"index":"index","follow":"follow","max-snippet":"max-snippet:-1","max-image-preview":"max-image-preview:large","max-video-preview":"max-video-preview:-1"},"canonical":"https:\/\/bobea.net\/index.php\/2025\/01\/20\/paris-fashion-week-homme-automne-hiver-2025-2026-les-temps-forts-de-la-semaine-du-21-au-26-janvier\/","og_locale":"fr_FR","og_type":"article","og_title":"Paris Fashion Week Homme Automne\/Hiver 2025-2026 : Les temps forts de la semaine du 21 au 26 janvier - Bobea","og_description":"La Paris Fashion Week Homme Automne\/Hiver 2025-2026 s'annonce comme un \u00e9v\u00e9nement phare dans le monde de la mode masculine","og_url":"https:\/\/bobea.net\/index.php\/2025\/01\/20\/paris-fashion-week-homme-automne-hiver-2025-2026-les-temps-forts-de-la-semaine-du-21-au-26-janvier\/","og_site_name":"Bobea","article_publisher":"https:\/\/web.facebook.com\/profile.php?id=61559252188416","article_published_time":"2025-01-20T12:56:43+00:00","article_modified_time":"2025-01-20T12:56:44+00:00","og_image":[{"width":2048,"height":1152,"url":"https:\/\/bobea.net\/wp-content\/uploads\/2025\/01\/Defile-Hermes-Homme-SS24-1662710.jpg","type":"image\/jpeg"}],"author":"bobea.info","twitter_card":"summary_large_image","twitter_misc":{"\u00c9crit par":"bobea.info","Dur\u00e9e de lecture estim\u00e9e":"4 minutes"},"schema":{"@context":"https:\/\/schema.org","@graph":[{"@type":"Article","@id":"https:\/\/bobea.net\/index.php\/2025\/01\/20\/paris-fashion-week-homme-automne-hiver-2025-2026-les-temps-forts-de-la-semaine-du-21-au-26-janvier\/#article","isPartOf":{"@id":"https:\/\/bobea.net\/index.php\/2025\/01\/20\/paris-fashion-week-homme-automne-hiver-2025-2026-les-temps-forts-de-la-semaine-du-21-au-26-janvier\/"},"author":{"name":"bobea.info","@id":"https:\/\/bobea.net\/#\/schema\/person\/e7f45ef187918d7c956bf619dce90ccf"},"headline":"Paris Fashion Week Homme Automne\/Hiver 2025\u20132026 : Les temps forts de la semaine du 21 au 26 janvier","datePublished":"2025-01-20T12:56:43+00:00","dateModified":"2025-01-20T12:56:44+00:00","mainEntityOfPage":{"@id":"https:\/\/bobea.net\/index.php\/2025\/01\/20\/paris-fashion-week-homme-automne-hiver-2025-2026-les-temps-forts-de-la-semaine-du-21-au-26-janvier\/"},"wordCount":671,"commentCount":0,"publisher":{"@id":"https:\/\/bobea.net\/#organization"},"image":{"@id":"https:\/\/bobea.net\/index.php\/2025\/01\/20\/paris-fashion-week-homme-automne-hiver-2025-2026-les-temps-forts-de-la-semaine-du-21-au-26-janvier\/#primaryimage"},"thumbnailUrl":"https:\/\/bobea.net\/wp-content\/uploads\/2025\/01\/Defile-Hermes-Homme-SS24-1662710.jpg","articleSection":["Mode"],"inLanguage":"fr-FR","potentialAction":[{"@type":"CommentAction","name":"Comment","target":["https:\/\/bobea.net\/index.php\/2025\/01\/20\/paris-fashion-week-homme-automne-hiver-2025-2026-les-temps-forts-de-la-semaine-du-21-au-26-janvier\/#respond"]}]},{"@type":"WebPage","@id":"https:\/\/bobea.net\/index.php\/2025\/01\/20\/paris-fashion-week-homme-automne-hiver-2025-2026-les-temps-forts-de-la-semaine-du-21-au-26-janvier\/","url":"https:\/\/bobea.net\/index.php\/2025\/01\/20\/paris-fashion-week-homme-automne-hiver-2025-2026-les-temps-forts-de-la-semaine-du-21-au-26-janvier\/","name":"Paris Fashion Week Homme Automne\/Hiver 2025-2026 : Les temps forts de la semaine du 21 au 26 janvier - Bobea","isPartOf":{"@id":"https:\/\/bobea.net\/#website"},"primaryImageOfPage":{"@id":"https:\/\/bobea.net\/index.php\/2025\/01\/20\/paris-fashion-week-homme-automne-hiver-2025-2026-les-temps-forts-de-la-semaine-du-21-au-26-janvier\/#primaryimage"},"image":{"@id":"https:\/\/bobea.net\/index.php\/2025\/01\/20\/paris-fashion-week-homme-automne-hiver-2025-2026-les-temps-forts-de-la-semaine-du-21-au-26-janvier\/#primaryimage"},"thumbnailUrl":"https:\/\/bobea.net\/wp-content\/uploads\/2025\/01\/Defile-Hermes-Homme-SS24-1662710.jpg","datePublished":"2025-01-20T12:56:43+00:00","dateModified":"2025-01-20T12:56:44+00:00","description":"La Paris Fashion Week Homme Automne\/Hiver 2025-2026 s'annonce comme un \u00e9v\u00e9nement phare dans le monde de la mode masculine","breadcrumb":{"@id":"https:\/\/bobea.net\/index.php\/2025\/01\/20\/paris-fashion-week-homme-automne-hiver-2025-2026-les-temps-forts-de-la-semaine-du-21-au-26-janvier\/#breadcrumb"},"inLanguage":"fr-FR","potentialAction":[{"@type":"ReadAction","target":["https:\/\/bobea.net\/index.php\/2025\/01\/20\/paris-fashion-week-homme-automne-hiver-2025-2026-les-temps-forts-de-la-semaine-du-21-au-26-janvier\/"]}]},{"@type":"ImageObject","inLanguage":"fr-FR","@id":"https:\/\/bobea.net\/index.php\/2025\/01\/20\/paris-fashion-week-homme-automne-hiver-2025-2026-les-temps-forts-de-la-semaine-du-21-au-26-janvier\/#primaryimage","url":"https:\/\/bobea.net\/wp-content\/uploads\/2025\/01\/Defile-Hermes-Homme-SS24-1662710.jpg","contentUrl":"https:\/\/bobea.net\/wp-content\/uploads\/2025\/01\/Defile-Hermes-Homme-SS24-1662710.jpg","width":2048,"height":1152,"caption":"Paris Fashion Week Homme Automne\/Hiver 2025-2026 : Les temps forts de la semaine du 21 au 26 janvier"},{"@type":"BreadcrumbList","@id":"https:\/\/bobea.net\/index.php\/2025\/01\/20\/paris-fashion-week-homme-automne-hiver-2025-2026-les-temps-forts-de-la-semaine-du-21-au-26-janvier\/#breadcrumb","itemListElement":[{"@type":"ListItem","position":1,"name":"Accueil","item":"https:\/\/bobea.net\/"},{"@type":"ListItem","position":2,"name":"Paris Fashion Week Homme Automne\/Hiver 2025-2026 : Les temps forts de la semaine du 21 au 26 janvier"}]},{"@type":"WebSite","@id":"https:\/\/bobea.net\/#website","url":"https:\/\/bobea.net\/","name":"Bobea","description":"Le magazine de la nouvelle \u00c8ve","publisher":{"@id":"https:\/\/bobea.net\/#organization"},"potentialAction":[{"@type":"SearchAction","target":{"@type":"EntryPoint","urlTemplate":"https:\/\/bobea.net\/?s={search_term_string}"},"query-input":{"@type":"PropertyValueSpecification","valueRequired":true,"valueName":"search_term_string"}}],"inLanguage":"fr-FR"},{"@type":"Organization","@id":"https:\/\/bobea.net\/#organization","name":"Bobea","url":"https:\/\/bobea.net\/","logo":{"@type":"ImageObject","inLanguage":"fr-FR","@id":"https:\/\/bobea.net\/#\/schema\/logo\/image\/","url":"https:\/\/bobea.net\/wp-content\/uploads\/2024\/06\/bobea.jpg","contentUrl":"https:\/\/bobea.net\/wp-content\/uploads\/2024\/06\/bobea.jpg","width":1080,"height":1080,"caption":"Bobea"},"image":{"@id":"https:\/\/bobea.net\/#\/schema\/logo\/image\/"},"sameAs":["https:\/\/web.facebook.com\/profile.php?id=61559252188416"]},{"@type":"Person","@id":"https:\/\/bobea.net\/#\/schema\/person\/e7f45ef187918d7c956bf619dce90ccf","name":"bobea.info","image":{"@type":"ImageObject","inLanguage":"fr-FR","@id":"https:\/\/bobea.net\/#\/schema\/person\/image\/","url":"https:\/\/secure.gravatar.com\/avatar\/36147980349df887ae30808df3e29474?s=96&d=mm&r=g","contentUrl":"https:\/\/secure.gravatar.com\/avatar\/36147980349df887ae30808df3e29474?s=96&d=mm&r=g","caption":"bobea.info"},"sameAs":["https:\/\/bobea.net"],"url":"https:\/\/bobea.net\/index.php\/author\/bobea-info\/"}]}},"_links":{"self":[{"href":"https:\/\/bobea.net\/index.php\/wp-json\/wp\/v2\/posts\/7450"}],"collection":[{"href":"https:\/\/bobea.net\/index.php\/wp-json\/wp\/v2\/posts"}],"about":[{"href":"https:\/\/bobea.net\/index.php\/wp-json\/wp\/v2\/types\/post"}],"author":[{"embeddable":true,"href":"https:\/\/bobea.net\/index.php\/wp-json\/wp\/v2\/users\/1"}],"replies":[{"embeddable":true,"href":"https:\/\/bobea.net\/index.php\/wp-json\/wp\/v2\/comments?post=7450"}],"version-history":[{"count":0,"href":"https:\/\/bobea.net\/index.php\/wp-json\/wp\/v2\/posts\/7450\/revisions"}],"wp:featuredmedia":[{"embeddable":true,"href":"https:\/\/bobea.net\/index.php\/wp-json\/wp\/v2\/media\/7451"}],"wp:attachment":[{"href":"https:\/\/bobea.net\/index.php\/wp-json\/wp\/v2\/media?parent=7450"}],"wp:term":[{"taxonomy":"category","embeddable":true,"href":"https:\/\/bobea.net\/index.php\/wp-json\/wp\/v2\/categories?post=7450"},{"taxonomy":"post_tag","embeddable":true,"href":"https:\/\/bobea.net\/index.php\/wp-json\/wp\/v2\/tags?post=7450"}],"curies":[{"name":"wp","href":"https:\/\/api.w.org\/{rel}","templated":true}]}}