{"id":7446,"date":"2025-01-20T12:42:26","date_gmt":"2025-01-20T12:42:26","guid":{"rendered":"https:\/\/bobea.net\/?p=7446"},"modified":"2025-01-20T12:42:28","modified_gmt":"2025-01-20T12:42:28","slug":"journee-internationale-des-droits-des-femmes-2025-pour-toutes-les-femmes-et-les-filles-droits-egalite-et-autonomisation","status":"publish","type":"post","link":"https:\/\/bobea.net\/index.php\/2025\/01\/20\/journee-internationale-des-droits-des-femmes-2025-pour-toutes-les-femmes-et-les-filles-droits-egalite-et-autonomisation\/","title":{"rendered":"Journ\u00e9e internationale des droits des femmes 2025 : \u201cPour TOUTES les femmes et les filles : droits, \u00e9galit\u00e9 et autonomisation\u201d"},"content":{"rendered":"\n<p>La Journ\u00e9e inter\u00adna\u00adtionale des droits des femmes 2025 s\u2019an\u00adnonce comme un \u00e9v\u00e9ne\u00adment majeur sous le th\u00e8me \u201cPour TOUTES les femmes et les filles : droits, \u00e9gal\u00adit\u00e9 et autonomi\u00adsa\u00adtion\u201d. Cette ann\u00e9e mar\u00adque un tour\u00adnant d\u00e9cisif dans la lutte pour l\u2019\u00e9\u00adgal\u00adit\u00e9 des sex\u00ades, avec des ini\u00adtia\u00adtives mon\u00addi\u00adales sans pr\u00e9c\u00e9\u00addent et une mobil\u00adi\u00adsa\u00adtion mas\u00adsive sur les r\u00e9seaux soci\u00adaux.<\/p>\n\n\n\n<p>Un appel mon\u00addi\u00adal \u00e0 l\u2019ac\u00adtion<\/p>\n\n\n\n<p>L\u2019ONU Femmes, en col\u00adlab\u00ado\u00adra\u00adtion avec des gou\u00adverne\u00adments et des organ\u00adi\u00adsa\u00adtions de la soci\u00e9t\u00e9 civile, lance une cam\u00adpagne glob\u00adale visant \u00e0 acc\u00e9l\u00e9r\u00ader les pro\u00adgr\u00e8s vers l\u2019\u00e9\u00adgal\u00adit\u00e9 des sex\u00ades. Cette cam\u00adpagne met l\u2019ac\u00adcent sur cinq domaines cl\u00e9s :<\/p>\n\n\n\n<ol start=\"1\" class=\"wp-block-list\">\n<li>L\u2019\u00e9\u00add\u00adu\u00adca\u00adtion pour toutes<\/li>\n\n\n\n<li>L\u2019au\u00adtonomi\u00adsa\u00adtion \u00e9conomique<\/li>\n\n\n\n<li>La par\u00adtic\u00adi\u00adpa\u00adtion poli\u00adtique<\/li>\n\n\n\n<li>La lutte con\u00adtre les vio\u00adlences bas\u00e9es sur le genre<\/li>\n\n\n\n<li>L\u2019ac\u00adc\u00e8s aux soins de san\u00adt\u00e9<\/li>\n<\/ol>\n\n\n\n<p>Inno\u00adva\u00adtions tech\u00adnologiques pour l\u2019\u00e9\u00adgal\u00adit\u00e9<\/p>\n\n\n\n<p>En 2025, la tech\u00adnolo\u00adgie joue un r\u00f4le cru\u00adcial dans la pro\u00admo\u00adtion des droits des femmes. Une nou\u00advelle appli\u00adca\u00adtion mobile, \u201cEmpow\u00ader\u00adHer\u201d, est lanc\u00e9e mon\u00addi\u00adale\u00adment. Cette app utilise l\u2019in\u00adtel\u00adli\u00adgence arti\u00adfi\u00adcielle pour :<\/p>\n\n\n\n<ul class=\"wp-block-list\">\n<li>Fournir des ressources \u00e9duca\u00adtives per\u00adson\u00adnal\u00adis\u00e9es<\/li>\n\n\n\n<li>Con\u00adnecter les femmes \u00e0 des oppor\u00adtu\u00adnit\u00e9s d\u2019emploi<\/li>\n\n\n\n<li>Offrir un sou\u00adtien psy\u00adchologique via des chat\u00adbots<\/li>\n\n\n\n<li>Car\u00adtogra\u00adphi\u00ader les zones \u00e0 risque pour la s\u00e9cu\u00adrit\u00e9 des femmes<\/li>\n<\/ul>\n\n\n\n<p>Mobil\u00adi\u00adsa\u00adtion sur les r\u00e9seaux soci\u00adaux<\/p>\n\n\n\n<p>Le hash\u00adtag #TogetherWeRise2025 devient viral, avec des mil\u00adlions de partages en quelques heures. Les c\u00e9l\u00e9brit\u00e9s et influ\u00adenceuses utilisent leurs plate\u00adformes pour ampli\u00adfi\u00ader les voix des femmes du monde entier, partageant des his\u00adtoires inspi\u00adrantes et appelant \u00e0 l\u2019ac\u00adtion.<\/p>\n\n\n\n<figure class=\"wp-block-gallery has-nested-images columns-default is-cropped wp-block-gallery-1 is-layout-flex wp-block-gallery-is-layout-flex\">\n<figure class=\"wp-block-image size-large\"><img loading=\"lazy\" decoding=\"async\" width=\"1000\" height=\"667\" data-id=\"7448\" src=\"https:\/\/bobea.net\/wp-content\/uploads\/2025\/01\/journee-de-la-femme-entreprise-marseille-13.jpeg\" alt class=\"wp-image-7448\" srcset=\"https:\/\/bobea.net\/wp-content\/uploads\/2025\/01\/journee-de-la-femme-entreprise-marseille-13.jpeg 1000w, https:\/\/bobea.net\/wp-content\/uploads\/2025\/01\/journee-de-la-femme-entreprise-marseille-13-300x200.jpeg 300w, https:\/\/bobea.net\/wp-content\/uploads\/2025\/01\/journee-de-la-femme-entreprise-marseille-13-768x512.jpeg 768w\" sizes=\"(max-width: 1000px) 100vw, 1000px\"><\/figure>\n<\/figure>\n\n\n\n<p>\u00c9v\u00e9ne\u00adments mon\u00addi\u00adaux mar\u00adquants<\/p>\n\n\n\n<ul class=\"wp-block-list\">\n<li>Un som\u00admet virtuel de 24 heures r\u00e9u\u00adnit des lead\u00aders mon\u00addi\u00adaux, avec des inter\u00adven\u00adtions de femmes influ\u00adentes comme Malala Yousafzai et Kamala Har\u00adris.<\/li>\n\n\n\n<li>Des con\u00adcerts simul\u00adtan\u00e9s dans 50 villes du monde, retrans\u00admis en direct, c\u00e9l\u00e8brent les r\u00e9al\u00adi\u00adsa\u00adtions des femmes dans la musique et les arts.<\/li>\n\n\n\n<li>Une expo\u00adsi\u00adtion pho\u00adtographique inter\u00adna\u00adtionale, \u201cFemmes sans fron\u00adti\u00e8res\u201d, est lanc\u00e9e simul\u00adtan\u00e9\u00adment dans 100 mus\u00e9es \u00e0 tra\u00advers le monde.<\/li>\n<\/ul>\n\n\n\n<p>Ini\u00adtia\u00adtives cor\u00adpo\u00adra\u00adtives<\/p>\n\n\n\n<p>Les grandes entre\u00adpris\u00ades s\u2019en\u00adga\u00adgent davan\u00adtage :<\/p>\n\n\n\n<ul class=\"wp-block-list\">\n<li>Google annonce un fonds de 1 mil\u00adliard de dol\u00adlars pour soutenir les start-ups fond\u00e9es par des femmes.<\/li>\n\n\n\n<li>L\u2019Or\u00e9al lance une cam\u00adpagne mon\u00addi\u00adale de men\u00adtorat pour les jeunes sci\u00aden\u00adtifiques f\u00e9minines.<\/li>\n\n\n\n<li>Nike d\u00e9voile une col\u00adlec\u00adtion sp\u00e9\u00adciale dont les b\u00e9n\u00e9\u00adfices seront rever\u00ads\u00e9s \u00e0 des organ\u00adi\u00adsa\u00adtions pro\u00admou\u00advant le sport f\u00e9minin dans les pays en d\u00e9veloppe\u00adment.<\/li>\n<\/ul>\n\n\n\n<p>D\u00e9fis per\u00adsis\u00adtants et per\u00adspec\u00adtives d\u2019avenir<\/p>\n\n\n\n<p>Mal\u00adgr\u00e9 ces avanc\u00e9es, des d\u00e9fis majeurs sub\u00adsis\u00adtent :<\/p>\n\n\n\n<ul class=\"wp-block-list\">\n<li>L\u2019\u00e9\u00adcart salar\u00adi\u00adal entre les sex\u00ades reste une pr\u00e9oc\u00adcu\u00adpa\u00adtion mon\u00addi\u00adale.<\/li>\n\n\n\n<li>La sous-repr\u00e9sen\u00adta\u00adtion des femmes dans les postes de direc\u00adtion et en poli\u00adtique per\u00adsiste dans de nom\u00adbreux pays.<\/li>\n\n\n\n<li>Les vio\u00adlences bas\u00e9es sur le genre con\u00adtin\u00adu\u00adent d\u2019\u00eatre un prob\u00adl\u00e8me glob\u00adal.<\/li>\n<\/ul>\n\n\n\n<p>La Journ\u00e9e inter\u00adna\u00adtionale des droits des femmes 2025 est l\u2019oc\u00adca\u00adsion de c\u00e9l\u00e9br\u00ader les pro\u00adgr\u00e8s r\u00e9al\u00adis\u00e9s, mais aus\u00adsi de renou\u00advel\u00ader l\u2019en\u00adgage\u00adment mon\u00addi\u00adal pour un avenir v\u00e9ri\u00adta\u00adble\u00adment \u00e9gal\u00adi\u00adtaire.<\/p>\n\n\n\n<p>Elle rap\u00adpelle que le chemin vers l\u2019\u00e9\u00adgal\u00adit\u00e9 des sex\u00ades est un effort con\u00adtinu qui n\u00e9ces\u00adsite l\u2019im\u00adpli\u00adca\u00adtion de tous, hommes et femmes, pour cr\u00e9er un monde plus juste et \u00e9quitable.<\/p>\n","protected":false},"excerpt":{"rendered":"<p>La Journ\u00e9e inter\u00adna\u00adtionale des droits des femmes 2025 s\u2019an\u00adnonce comme un \u00e9v\u00e9ne\u00adment majeur sous le th\u00e8me \u201cPour TOUTES les femmes et les filles : droits, \u00e9gal\u00adit\u00e9 et autonomi\u00adsa\u00adtion\u201d. Cette ann\u00e9e\u2026 <\/p>\n","protected":false},"author":1,"featured_media":7447,"comment_status":"open","ping_status":"open","sticky":false,"template":"","format":"standard","meta":{"wp_typography_post_enhancements_disabled":false,"footnotes":""},"categories":[53],"tags":[],"class_list":["post-7446","post","type-post","status-publish","format-standard","has-post-thumbnail","hentry","category-viva"],"yoast_head":"<!-- This site is optimized with the Yoast SEO plugin v24.7 - https:\/\/yoast.com\/wordpress\/plugins\/seo\/ -->\n<title>Journ\u00e9e internationale des droits des femmes 2025 : &quot;Pour TOUTES les femmes et les filles : droits, \u00e9galit\u00e9 et autonomisation&quot; - Bobea<\/title>\n<meta name=\"robots\" content=\"index, follow, max-snippet:-1, max-image-preview:large, max-video-preview:-1\" \/>\n<link rel=\"canonical\" href=\"https:\/\/bobea.net\/index.php\/2025\/01\/20\/journee-internationale-des-droits-des-femmes-2025-pour-toutes-les-femmes-et-les-filles-droits-egalite-et-autonomisation\/\" \/>\n<meta property=\"og:locale\" content=\"fr_FR\" \/>\n<meta property=\"og:type\" content=\"article\" \/>\n<meta property=\"og:title\" content=\"Journ\u00e9e internationale des droits des femmes 2025 : &quot;Pour TOUTES les femmes et les filles : droits, \u00e9galit\u00e9 et autonomisation&quot; - Bobea\" \/>\n<meta property=\"og:description\" content=\"La Journ\u00e9e inter\u00adna\u00adtionale des droits des femmes 2025 s\u2019an\u00adnonce comme un \u00e9v\u00e9ne\u00adment majeur sous le th\u00e8me \u201cPour TOUTES les femmes et les filles : droits, \u00e9gal\u00adit\u00e9 et autonomi\u00adsa\u00adtion\u201d. Cette ann\u00e9e&hellip;\" \/>\n<meta property=\"og:url\" content=\"https:\/\/bobea.net\/index.php\/2025\/01\/20\/journee-internationale-des-droits-des-femmes-2025-pour-toutes-les-femmes-et-les-filles-droits-egalite-et-autonomisation\/\" \/>\n<meta property=\"og:site_name\" content=\"Bobea\" \/>\n<meta property=\"article:publisher\" content=\"https:\/\/web.facebook.com\/profile.php?id=61559252188416\" \/>\n<meta property=\"article:published_time\" content=\"2025-01-20T12:42:26+00:00\" \/>\n<meta property=\"article:modified_time\" content=\"2025-01-20T12:42:28+00:00\" \/>\n<meta property=\"og:image\" content=\"https:\/\/bobea.net\/wp-content\/uploads\/2025\/01\/70705794-49285953-750x400-1.jpg\" \/>\n\t<meta property=\"og:image:width\" content=\"750\" \/>\n\t<meta property=\"og:image:height\" content=\"400\" \/>\n\t<meta property=\"og:image:type\" content=\"image\/jpeg\" \/>\n<meta name=\"author\" content=\"bobea.info\" \/>\n<meta name=\"twitter:card\" content=\"summary_large_image\" \/>\n<meta name=\"twitter:label1\" content=\"\u00c9crit par\" \/>\n\t<meta name=\"twitter:data1\" content=\"bobea.info\" \/>\n\t<meta name=\"twitter:label2\" content=\"Dur\u00e9e de lecture estim\u00e9e\" \/>\n\t<meta name=\"twitter:data2\" content=\"3 minutes\" \/>\n<script type=\"application\/ld+json\" class=\"yoast-schema-graph\">{\"@context\":\"https:\/\/schema.org\",\"@graph\":[{\"@type\":\"Article\",\"@id\":\"https:\/\/bobea.net\/index.php\/2025\/01\/20\/journee-internationale-des-droits-des-femmes-2025-pour-toutes-les-femmes-et-les-filles-droits-egalite-et-autonomisation\/#article\",\"isPartOf\":{\"@id\":\"https:\/\/bobea.net\/index.php\/2025\/01\/20\/journee-internationale-des-droits-des-femmes-2025-pour-toutes-les-femmes-et-les-filles-droits-egalite-et-autonomisation\/\"},\"author\":{\"name\":\"bobea.info\",\"@id\":\"https:\/\/bobea.net\/#\/schema\/person\/e7f45ef187918d7c956bf619dce90ccf\"},\"headline\":\"Journ\u00e9e internationale des droits des femmes 2025 : \u201cPour TOUTES les femmes et les filles : droits, \u00e9galit\u00e9 et autonomisation\u201d\",\"datePublished\":\"2025-01-20T12:42:26+00:00\",\"dateModified\":\"2025-01-20T12:42:28+00:00\",\"mainEntityOfPage\":{\"@id\":\"https:\/\/bobea.net\/index.php\/2025\/01\/20\/journee-internationale-des-droits-des-femmes-2025-pour-toutes-les-femmes-et-les-filles-droits-egalite-et-autonomisation\/\"},\"wordCount\":532,\"commentCount\":0,\"publisher\":{\"@id\":\"https:\/\/bobea.net\/#organization\"},\"image\":{\"@id\":\"https:\/\/bobea.net\/index.php\/2025\/01\/20\/journee-internationale-des-droits-des-femmes-2025-pour-toutes-les-femmes-et-les-filles-droits-egalite-et-autonomisation\/#primaryimage\"},\"thumbnailUrl\":\"https:\/\/bobea.net\/wp-content\/uploads\/2025\/01\/70705794-49285953-750x400-1.jpg\",\"articleSection\":[\"Viva\"],\"inLanguage\":\"fr-FR\",\"potentialAction\":[{\"@type\":\"CommentAction\",\"name\":\"Comment\",\"target\":[\"https:\/\/bobea.net\/index.php\/2025\/01\/20\/journee-internationale-des-droits-des-femmes-2025-pour-toutes-les-femmes-et-les-filles-droits-egalite-et-autonomisation\/#respond\"]}]},{\"@type\":\"WebPage\",\"@id\":\"https:\/\/bobea.net\/index.php\/2025\/01\/20\/journee-internationale-des-droits-des-femmes-2025-pour-toutes-les-femmes-et-les-filles-droits-egalite-et-autonomisation\/\",\"url\":\"https:\/\/bobea.net\/index.php\/2025\/01\/20\/journee-internationale-des-droits-des-femmes-2025-pour-toutes-les-femmes-et-les-filles-droits-egalite-et-autonomisation\/\",\"name\":\"Journ\u00e9e internationale des droits des femmes 2025 : \\\"Pour TOUTES les femmes et les filles : droits, \u00e9galit\u00e9 et autonomisation\\\" - Bobea\",\"isPartOf\":{\"@id\":\"https:\/\/bobea.net\/#website\"},\"primaryImageOfPage\":{\"@id\":\"https:\/\/bobea.net\/index.php\/2025\/01\/20\/journee-internationale-des-droits-des-femmes-2025-pour-toutes-les-femmes-et-les-filles-droits-egalite-et-autonomisation\/#primaryimage\"},\"image\":{\"@id\":\"https:\/\/bobea.net\/index.php\/2025\/01\/20\/journee-internationale-des-droits-des-femmes-2025-pour-toutes-les-femmes-et-les-filles-droits-egalite-et-autonomisation\/#primaryimage\"},\"thumbnailUrl\":\"https:\/\/bobea.net\/wp-content\/uploads\/2025\/01\/70705794-49285953-750x400-1.jpg\",\"datePublished\":\"2025-01-20T12:42:26+00:00\",\"dateModified\":\"2025-01-20T12:42:28+00:00\",\"breadcrumb\":{\"@id\":\"https:\/\/bobea.net\/index.php\/2025\/01\/20\/journee-internationale-des-droits-des-femmes-2025-pour-toutes-les-femmes-et-les-filles-droits-egalite-et-autonomisation\/#breadcrumb\"},\"inLanguage\":\"fr-FR\",\"potentialAction\":[{\"@type\":\"ReadAction\",\"target\":[\"https:\/\/bobea.net\/index.php\/2025\/01\/20\/journee-internationale-des-droits-des-femmes-2025-pour-toutes-les-femmes-et-les-filles-droits-egalite-et-autonomisation\/\"]}]},{\"@type\":\"ImageObject\",\"inLanguage\":\"fr-FR\",\"@id\":\"https:\/\/bobea.net\/index.php\/2025\/01\/20\/journee-internationale-des-droits-des-femmes-2025-pour-toutes-les-femmes-et-les-filles-droits-egalite-et-autonomisation\/#primaryimage\",\"url\":\"https:\/\/bobea.net\/wp-content\/uploads\/2025\/01\/70705794-49285953-750x400-1.jpg\",\"contentUrl\":\"https:\/\/bobea.net\/wp-content\/uploads\/2025\/01\/70705794-49285953-750x400-1.jpg\",\"width\":750,\"height\":400,\"caption\":\"Journ\u00e9e internationale des droits des femmes 2025 : \\\"Pour TOUTES les femmes et les filles : droits, \u00e9galit\u00e9 et autonomisation\\\"\"},{\"@type\":\"BreadcrumbList\",\"@id\":\"https:\/\/bobea.net\/index.php\/2025\/01\/20\/journee-internationale-des-droits-des-femmes-2025-pour-toutes-les-femmes-et-les-filles-droits-egalite-et-autonomisation\/#breadcrumb\",\"itemListElement\":[{\"@type\":\"ListItem\",\"position\":1,\"name\":\"Accueil\",\"item\":\"https:\/\/bobea.net\/\"},{\"@type\":\"ListItem\",\"position\":2,\"name\":\"Journ\u00e9e internationale des droits des femmes 2025 : \u00ab\u00a0Pour TOUTES les femmes et les filles : droits, \u00e9galit\u00e9 et autonomisation\u00a0\u00bb\"}]},{\"@type\":\"WebSite\",\"@id\":\"https:\/\/bobea.net\/#website\",\"url\":\"https:\/\/bobea.net\/\",\"name\":\"Bobea\",\"description\":\"Le magazine de la nouvelle \u00c8ve\",\"publisher\":{\"@id\":\"https:\/\/bobea.net\/#organization\"},\"potentialAction\":[{\"@type\":\"SearchAction\",\"target\":{\"@type\":\"EntryPoint\",\"urlTemplate\":\"https:\/\/bobea.net\/?s={search_term_string}\"},\"query-input\":{\"@type\":\"PropertyValueSpecification\",\"valueRequired\":true,\"valueName\":\"search_term_string\"}}],\"inLanguage\":\"fr-FR\"},{\"@type\":\"Organization\",\"@id\":\"https:\/\/bobea.net\/#organization\",\"name\":\"Bobea\",\"url\":\"https:\/\/bobea.net\/\",\"logo\":{\"@type\":\"ImageObject\",\"inLanguage\":\"fr-FR\",\"@id\":\"https:\/\/bobea.net\/#\/schema\/logo\/image\/\",\"url\":\"https:\/\/bobea.net\/wp-content\/uploads\/2024\/06\/bobea.jpg\",\"contentUrl\":\"https:\/\/bobea.net\/wp-content\/uploads\/2024\/06\/bobea.jpg\",\"width\":1080,\"height\":1080,\"caption\":\"Bobea\"},\"image\":{\"@id\":\"https:\/\/bobea.net\/#\/schema\/logo\/image\/\"},\"sameAs\":[\"https:\/\/web.facebook.com\/profile.php?id=61559252188416\"]},{\"@type\":\"Person\",\"@id\":\"https:\/\/bobea.net\/#\/schema\/person\/e7f45ef187918d7c956bf619dce90ccf\",\"name\":\"bobea.info\",\"image\":{\"@type\":\"ImageObject\",\"inLanguage\":\"fr-FR\",\"@id\":\"https:\/\/bobea.net\/#\/schema\/person\/image\/\",\"url\":\"https:\/\/secure.gravatar.com\/avatar\/36147980349df887ae30808df3e29474?s=96&d=mm&r=g\",\"contentUrl\":\"https:\/\/secure.gravatar.com\/avatar\/36147980349df887ae30808df3e29474?s=96&d=mm&r=g\",\"caption\":\"bobea.info\"},\"sameAs\":[\"https:\/\/bobea.net\"],\"url\":\"https:\/\/bobea.net\/index.php\/author\/bobea-info\/\"}]}<\/script>\n<!-- \/ Yoast SEO plugin. -->","yoast_head_json":{"title":"Journ\u00e9e internationale des droits des femmes 2025 : \"Pour TOUTES les femmes et les filles : droits, \u00e9galit\u00e9 et autonomisation\" - Bobea","robots":{"index":"index","follow":"follow","max-snippet":"max-snippet:-1","max-image-preview":"max-image-preview:large","max-video-preview":"max-video-preview:-1"},"canonical":"https:\/\/bobea.net\/index.php\/2025\/01\/20\/journee-internationale-des-droits-des-femmes-2025-pour-toutes-les-femmes-et-les-filles-droits-egalite-et-autonomisation\/","og_locale":"fr_FR","og_type":"article","og_title":"Journ\u00e9e internationale des droits des femmes 2025 : \"Pour TOUTES les femmes et les filles : droits, \u00e9galit\u00e9 et autonomisation\" - Bobea","og_description":"La Journ\u00e9e inter\u00adna\u00adtionale des droits des femmes 2025 s\u2019an\u00adnonce comme un \u00e9v\u00e9ne\u00adment majeur sous le th\u00e8me \u201cPour TOUTES les femmes et les filles : droits, \u00e9gal\u00adit\u00e9 et autonomi\u00adsa\u00adtion\u201d. Cette ann\u00e9e&hellip;","og_url":"https:\/\/bobea.net\/index.php\/2025\/01\/20\/journee-internationale-des-droits-des-femmes-2025-pour-toutes-les-femmes-et-les-filles-droits-egalite-et-autonomisation\/","og_site_name":"Bobea","article_publisher":"https:\/\/web.facebook.com\/profile.php?id=61559252188416","article_published_time":"2025-01-20T12:42:26+00:00","article_modified_time":"2025-01-20T12:42:28+00:00","og_image":[{"width":750,"height":400,"url":"https:\/\/bobea.net\/wp-content\/uploads\/2025\/01\/70705794-49285953-750x400-1.jpg","type":"image\/jpeg"}],"author":"bobea.info","twitter_card":"summary_large_image","twitter_misc":{"\u00c9crit par":"bobea.info","Dur\u00e9e de lecture estim\u00e9e":"3 minutes"},"schema":{"@context":"https:\/\/schema.org","@graph":[{"@type":"Article","@id":"https:\/\/bobea.net\/index.php\/2025\/01\/20\/journee-internationale-des-droits-des-femmes-2025-pour-toutes-les-femmes-et-les-filles-droits-egalite-et-autonomisation\/#article","isPartOf":{"@id":"https:\/\/bobea.net\/index.php\/2025\/01\/20\/journee-internationale-des-droits-des-femmes-2025-pour-toutes-les-femmes-et-les-filles-droits-egalite-et-autonomisation\/"},"author":{"name":"bobea.info","@id":"https:\/\/bobea.net\/#\/schema\/person\/e7f45ef187918d7c956bf619dce90ccf"},"headline":"Journ\u00e9e internationale des droits des femmes 2025 : \u201cPour TOUTES les femmes et les filles : droits, \u00e9galit\u00e9 et autonomisation\u201d","datePublished":"2025-01-20T12:42:26+00:00","dateModified":"2025-01-20T12:42:28+00:00","mainEntityOfPage":{"@id":"https:\/\/bobea.net\/index.php\/2025\/01\/20\/journee-internationale-des-droits-des-femmes-2025-pour-toutes-les-femmes-et-les-filles-droits-egalite-et-autonomisation\/"},"wordCount":532,"commentCount":0,"publisher":{"@id":"https:\/\/bobea.net\/#organization"},"image":{"@id":"https:\/\/bobea.net\/index.php\/2025\/01\/20\/journee-internationale-des-droits-des-femmes-2025-pour-toutes-les-femmes-et-les-filles-droits-egalite-et-autonomisation\/#primaryimage"},"thumbnailUrl":"https:\/\/bobea.net\/wp-content\/uploads\/2025\/01\/70705794-49285953-750x400-1.jpg","articleSection":["Viva"],"inLanguage":"fr-FR","potentialAction":[{"@type":"CommentAction","name":"Comment","target":["https:\/\/bobea.net\/index.php\/2025\/01\/20\/journee-internationale-des-droits-des-femmes-2025-pour-toutes-les-femmes-et-les-filles-droits-egalite-et-autonomisation\/#respond"]}]},{"@type":"WebPage","@id":"https:\/\/bobea.net\/index.php\/2025\/01\/20\/journee-internationale-des-droits-des-femmes-2025-pour-toutes-les-femmes-et-les-filles-droits-egalite-et-autonomisation\/","url":"https:\/\/bobea.net\/index.php\/2025\/01\/20\/journee-internationale-des-droits-des-femmes-2025-pour-toutes-les-femmes-et-les-filles-droits-egalite-et-autonomisation\/","name":"Journ\u00e9e internationale des droits des femmes 2025 : \"Pour TOUTES les femmes et les filles : droits, \u00e9galit\u00e9 et autonomisation\" - Bobea","isPartOf":{"@id":"https:\/\/bobea.net\/#website"},"primaryImageOfPage":{"@id":"https:\/\/bobea.net\/index.php\/2025\/01\/20\/journee-internationale-des-droits-des-femmes-2025-pour-toutes-les-femmes-et-les-filles-droits-egalite-et-autonomisation\/#primaryimage"},"image":{"@id":"https:\/\/bobea.net\/index.php\/2025\/01\/20\/journee-internationale-des-droits-des-femmes-2025-pour-toutes-les-femmes-et-les-filles-droits-egalite-et-autonomisation\/#primaryimage"},"thumbnailUrl":"https:\/\/bobea.net\/wp-content\/uploads\/2025\/01\/70705794-49285953-750x400-1.jpg","datePublished":"2025-01-20T12:42:26+00:00","dateModified":"2025-01-20T12:42:28+00:00","breadcrumb":{"@id":"https:\/\/bobea.net\/index.php\/2025\/01\/20\/journee-internationale-des-droits-des-femmes-2025-pour-toutes-les-femmes-et-les-filles-droits-egalite-et-autonomisation\/#breadcrumb"},"inLanguage":"fr-FR","potentialAction":[{"@type":"ReadAction","target":["https:\/\/bobea.net\/index.php\/2025\/01\/20\/journee-internationale-des-droits-des-femmes-2025-pour-toutes-les-femmes-et-les-filles-droits-egalite-et-autonomisation\/"]}]},{"@type":"ImageObject","inLanguage":"fr-FR","@id":"https:\/\/bobea.net\/index.php\/2025\/01\/20\/journee-internationale-des-droits-des-femmes-2025-pour-toutes-les-femmes-et-les-filles-droits-egalite-et-autonomisation\/#primaryimage","url":"https:\/\/bobea.net\/wp-content\/uploads\/2025\/01\/70705794-49285953-750x400-1.jpg","contentUrl":"https:\/\/bobea.net\/wp-content\/uploads\/2025\/01\/70705794-49285953-750x400-1.jpg","width":750,"height":400,"caption":"Journ\u00e9e internationale des droits des femmes 2025 : \"Pour TOUTES les femmes et les filles : droits, \u00e9galit\u00e9 et autonomisation\""},{"@type":"BreadcrumbList","@id":"https:\/\/bobea.net\/index.php\/2025\/01\/20\/journee-internationale-des-droits-des-femmes-2025-pour-toutes-les-femmes-et-les-filles-droits-egalite-et-autonomisation\/#breadcrumb","itemListElement":[{"@type":"ListItem","position":1,"name":"Accueil","item":"https:\/\/bobea.net\/"},{"@type":"ListItem","position":2,"name":"Journ\u00e9e internationale des droits des femmes 2025 : \u00ab\u00a0Pour TOUTES les femmes et les filles : droits, \u00e9galit\u00e9 et autonomisation\u00a0\u00bb"}]},{"@type":"WebSite","@id":"https:\/\/bobea.net\/#website","url":"https:\/\/bobea.net\/","name":"Bobea","description":"Le magazine de la nouvelle \u00c8ve","publisher":{"@id":"https:\/\/bobea.net\/#organization"},"potentialAction":[{"@type":"SearchAction","target":{"@type":"EntryPoint","urlTemplate":"https:\/\/bobea.net\/?s={search_term_string}"},"query-input":{"@type":"PropertyValueSpecification","valueRequired":true,"valueName":"search_term_string"}}],"inLanguage":"fr-FR"},{"@type":"Organization","@id":"https:\/\/bobea.net\/#organization","name":"Bobea","url":"https:\/\/bobea.net\/","logo":{"@type":"ImageObject","inLanguage":"fr-FR","@id":"https:\/\/bobea.net\/#\/schema\/logo\/image\/","url":"https:\/\/bobea.net\/wp-content\/uploads\/2024\/06\/bobea.jpg","contentUrl":"https:\/\/bobea.net\/wp-content\/uploads\/2024\/06\/bobea.jpg","width":1080,"height":1080,"caption":"Bobea"},"image":{"@id":"https:\/\/bobea.net\/#\/schema\/logo\/image\/"},"sameAs":["https:\/\/web.facebook.com\/profile.php?id=61559252188416"]},{"@type":"Person","@id":"https:\/\/bobea.net\/#\/schema\/person\/e7f45ef187918d7c956bf619dce90ccf","name":"bobea.info","image":{"@type":"ImageObject","inLanguage":"fr-FR","@id":"https:\/\/bobea.net\/#\/schema\/person\/image\/","url":"https:\/\/secure.gravatar.com\/avatar\/36147980349df887ae30808df3e29474?s=96&d=mm&r=g","contentUrl":"https:\/\/secure.gravatar.com\/avatar\/36147980349df887ae30808df3e29474?s=96&d=mm&r=g","caption":"bobea.info"},"sameAs":["https:\/\/bobea.net"],"url":"https:\/\/bobea.net\/index.php\/author\/bobea-info\/"}]}},"_links":{"self":[{"href":"https:\/\/bobea.net\/index.php\/wp-json\/wp\/v2\/posts\/7446"}],"collection":[{"href":"https:\/\/bobea.net\/index.php\/wp-json\/wp\/v2\/posts"}],"about":[{"href":"https:\/\/bobea.net\/index.php\/wp-json\/wp\/v2\/types\/post"}],"author":[{"embeddable":true,"href":"https:\/\/bobea.net\/index.php\/wp-json\/wp\/v2\/users\/1"}],"replies":[{"embeddable":true,"href":"https:\/\/bobea.net\/index.php\/wp-json\/wp\/v2\/comments?post=7446"}],"version-history":[{"count":0,"href":"https:\/\/bobea.net\/index.php\/wp-json\/wp\/v2\/posts\/7446\/revisions"}],"wp:featuredmedia":[{"embeddable":true,"href":"https:\/\/bobea.net\/index.php\/wp-json\/wp\/v2\/media\/7447"}],"wp:attachment":[{"href":"https:\/\/bobea.net\/index.php\/wp-json\/wp\/v2\/media?parent=7446"}],"wp:term":[{"taxonomy":"category","embeddable":true,"href":"https:\/\/bobea.net\/index.php\/wp-json\/wp\/v2\/categories?post=7446"},{"taxonomy":"post_tag","embeddable":true,"href":"https:\/\/bobea.net\/index.php\/wp-json\/wp\/v2\/tags?post=7446"}],"curies":[{"name":"wp","href":"https:\/\/api.w.org\/{rel}","templated":true}]}}