{"id":7441,"date":"2025-01-18T14:34:02","date_gmt":"2025-01-18T14:34:02","guid":{"rendered":"https:\/\/bobea.net\/?p=7441"},"modified":"2025-01-19T02:42:17","modified_gmt":"2025-01-19T02:42:17","slug":"les-tendances-mode-printemps-ete-2025-entre-durabilite-et-innovation-technologique","status":"publish","type":"post","link":"https:\/\/bobea.net\/index.php\/2025\/01\/18\/les-tendances-mode-printemps-ete-2025-entre-durabilite-et-innovation-technologique\/","title":{"rendered":"Les tendances mode printemps-\u00e9t\u00e9 2025 : Entre durabilit\u00e9 et innovation technologique"},"content":{"rendered":"\n<p>La sai\u00adson print\u00ademps-\u00e9t\u00e9 2025 mar\u00adque un tour\u00adnant d\u00e9cisif dans l\u2019in\u00addus\u00adtrie de la mode, avec une fusion remar\u00adquable entre dura\u00adbil\u00adit\u00e9 envi\u00adron\u00adnemen\u00adtale et inno\u00adva\u00adtions tech\u00adnologiques. Les cr\u00e9a\u00adteurs et les mar\u00adques r\u00e9pon\u00addent aux attentes crois\u00adsantes des con\u00adsom\u00adma\u00adtri\u00adces en mati\u00e8re de respon\u00ads\u00adabil\u00adit\u00e9 \u00e9cologique tout en int\u00e9\u00adgrant des avanc\u00e9es tech\u00adnologiques fasci\u00adnantes.<\/p>\n\n\n\n<p>Ten\u00addances \u00e9co-respon\u00ads\u00adables<\/p>\n\n\n\n<ol start=\"1\" class=\"wp-block-list\">\n<li><strong>Upcy\u00adcling de luxe<\/strong>&nbsp;: Les grandes maisons de cou\u00adture adoptent l\u2019up\u00adcy\u00adcling, trans\u00adfor\u00admant des mat\u00e9ri\u00adaux recy\u00adcl\u00e9s en pi\u00e8ces de haute cou\u00adture.<\/li>\n\n\n\n<li><strong>Tis\u00adsus biosour\u00adc\u00e9s<\/strong>&nbsp;: Pop\u00adu\u00adlar\u00adit\u00e9 crois\u00adsante des tis\u00adsus \u00e0 base d\u2019algues, de champignons ou de d\u00e9chets agri\u00adcoles.<\/li>\n\n\n\n<li><strong>Mode cir\u00adcu\u00adlaire<\/strong>&nbsp;: D\u00e9veloppe\u00adment de pro\u00adgrammes de loca\u00adtion et de revente int\u00e9\u00adgr\u00e9s par les mar\u00adques elles-m\u00eames.<\/li>\n<\/ol>\n\n\n\n<p>Inno\u00adva\u00adtions tech\u00adnologiques<\/p>\n\n\n\n<ol start=\"1\" class=\"wp-block-list\">\n<li><strong>V\u00eate\u00adments con\u00adnec\u00adt\u00e9s<\/strong>&nbsp;: Int\u00e9\u00adgra\u00adtion de cap\u00adteurs pour suiv\u00adre la san\u00adt\u00e9 et le bien-\u00eatre, avec un focus sur les besoins sp\u00e9\u00adci\u00adfiques des femmes.<\/li>\n\n\n\n<li><strong>Tex\u00adtiles ther\u00admor\u00e9gu\u00adla\u00adteurs<\/strong>&nbsp;: Des tis\u00adsus intel\u00adli\u00adgents qui s\u2019adaptent \u00e0 la tem\u00adp\u00e9ra\u00adture cor\u00adporelle et envi\u00adron\u00adnemen\u00adtale.<\/li>\n\n\n\n<li><strong>Impres\u00adsion 3D per\u00adson\u00adnal\u00adis\u00e9e<\/strong>&nbsp;: Cr\u00e9a\u00adtion de v\u00eate\u00adments et acces\u00adsoires sur mesure directe\u00adment en mag\u00ada\u00adsin.<\/li>\n<\/ol>\n\n\n\n<p>Esth\u00e9\u00adtique et sil\u00adhou\u00adettes<\/p>\n\n\n\n<figure class=\"wp-block-image size-large\"><img loading=\"lazy\" decoding=\"async\" width=\"1024\" height=\"683\" src=\"https:\/\/bobea.net\/wp-content\/uploads\/2025\/01\/tendances-fashion-week-printemps-ete-2025-scaled-1-1024x683.jpg\" alt class=\"wp-image-7443\" srcset=\"https:\/\/bobea.net\/wp-content\/uploads\/2025\/01\/tendances-fashion-week-printemps-ete-2025-scaled-1-1024x683.jpg 1024w, https:\/\/bobea.net\/wp-content\/uploads\/2025\/01\/tendances-fashion-week-printemps-ete-2025-scaled-1-300x200.jpg 300w, https:\/\/bobea.net\/wp-content\/uploads\/2025\/01\/tendances-fashion-week-printemps-ete-2025-scaled-1-768x512.jpg 768w, https:\/\/bobea.net\/wp-content\/uploads\/2025\/01\/tendances-fashion-week-printemps-ete-2025-scaled-1-1536x1024.jpg 1536w, https:\/\/bobea.net\/wp-content\/uploads\/2025\/01\/tendances-fashion-week-printemps-ete-2025-scaled-1-2048x1366.jpg 2048w\" sizes=\"(max-width: 1024px) 100vw, 1024px\"><\/figure>\n\n\n\n<ul class=\"wp-block-list\">\n<li><strong>Min\u00adi\u00admal\u00adisme fonc\u00adtion\u00adnel<\/strong>&nbsp;: Des lignes \u00e9pur\u00e9es avec une emphase sur la poly\u00adva\u00adlence et la dura\u00adbil\u00adit\u00e9.<\/li>\n\n\n\n<li><strong>N\u00e9o-roman\u00adtisme tech\u00adnologique<\/strong>&nbsp;: Fusion de styles vic\u00adto\u00adriens et futur\u00adistes, avec des tis\u00adsus high-tech aux fini\u00adtions d\u00e9li\u00adcates.<\/li>\n\n\n\n<li><strong>Col\u00adorama con\u00adscient<\/strong>&nbsp;: Palette de couleurs inspir\u00e9e de la nature, avec des tein\u00adtures v\u00e9g\u00e9\u00adtales et des pig\u00adments \u00e9cologiques.<\/li>\n<\/ul>\n\n\n\n<p>L\u2019im\u00adpact du m\u00e9tavers sur la mode<\/p>\n\n\n\n<p>Le m\u00e9tavers influ\u00adence \u00e9gale\u00adment les ten\u00addances physiques :<\/p>\n\n\n\n<ul class=\"wp-block-list\">\n<li><strong>Mode phy\u00adgi\u00adtale<\/strong>&nbsp;: Des col\u00adlec\u00adtions qui exis\u00adtent \u00e0 la fois dans le monde r\u00e9el et virtuel.<\/li>\n\n\n\n<li><strong>NFT wear\u00adables<\/strong>&nbsp;: Acces\u00adsoires num\u00e9riques exclusifs qui peu\u00advent \u00eatre \u201cport\u00e9s\u201d dans les mon\u00addes virtuels.<\/li>\n<\/ul>\n\n\n\n<p>D\u00e9fis et oppor\u00adtu\u00adnit\u00e9s<\/p>\n\n\n\n<ol start=\"1\" class=\"wp-block-list\">\n<li><strong>Tra\u00e7a\u00adbil\u00adit\u00e9<\/strong>&nbsp;: Util\u00adi\u00adsa\u00adtion de la blockchain pour garan\u00adtir la trans\u00adparence de la cha\u00eene d\u2019ap\u00adpro\u00advi\u00adsion\u00adnement.<\/li>\n\n\n\n<li><strong>Per\u00adson\u00adnal\u00adi\u00adsa\u00adtion de masse<\/strong>&nbsp;: \u00c9quili\u00adbre entre pro\u00adduc\u00adtion \u00e0 grande \u00e9chelle et per\u00adson\u00adnal\u00adi\u00adsa\u00adtion indi\u00advidu\u00adelle.<\/li>\n\n\n\n<li><strong>\u00c9du\u00adca\u00adtion des con\u00adsom\u00adma\u00adteurs<\/strong>&nbsp;: N\u00e9ces\u00adsit\u00e9 d\u2019in\u00adformer sur les nou\u00advelles tech\u00adnolo\u00adgies et pra\u00adtiques durables.<\/li>\n<\/ol>\n\n\n\n<p>Con\u00adclu\u00adsion<\/p>\n\n\n\n<p>La mode print\u00ademps-\u00e9t\u00e9 2025 refl\u00e8te un change\u00adment de par\u00ada\u00addigme, o\u00f9 l\u2019in\u00adno\u00adva\u00adtion tech\u00adnologique sert la cause de la dura\u00adbil\u00adit\u00e9. Les con\u00adsom\u00adma\u00adtri\u00adces sont invit\u00e9es \u00e0 embrass\u00ader une mode plus respon\u00ads\u00adable et plus intel\u00adli\u00adgente, qui allie style, fonc\u00adtion\u00adnal\u00adit\u00e9 et con\u00adscience envi\u00adron\u00adnemen\u00adtale.<\/p>\n","protected":false},"excerpt":{"rendered":"<p>La sai\u00adson print\u00ad\u00ademps-\u00e9t\u00e9 2025 mar\u00adque un tour\u00adnant d\u00e9cisif dans l\u2019in\u00addus\u00adtrie de la mode, avec une fusion remar\u00adquable entre dura\u00adbil\u00adit\u00e9 envi\u00adron\u00adnemen\u00adtale et inno\u00adva\u00adtions tech\u00adnologiques. Les cr\u00e9a\u00adteurs et les mar\u00adques r\u00e9pon\u00addent aux\u2026 <\/p>\n","protected":false},"author":1,"featured_media":7442,"comment_status":"open","ping_status":"open","sticky":false,"template":"","format":"standard","meta":{"wp_typography_post_enhancements_disabled":false,"footnotes":""},"categories":[50],"tags":[],"class_list":["post-7441","post","type-post","status-publish","format-standard","has-post-thumbnail","hentry","category-mode"],"yoast_head":"<!-- This site is optimized with the Yoast SEO plugin v24.7 - https:\/\/yoast.com\/wordpress\/plugins\/seo\/ -->\n<title>Les tendances mode printemps-\u00e9t\u00e9 2025 : Entre durabilit\u00e9 et innovation technologique - Bobea<\/title>\n<meta name=\"robots\" content=\"index, follow, max-snippet:-1, max-image-preview:large, max-video-preview:-1\" \/>\n<link rel=\"canonical\" href=\"https:\/\/bobea.net\/index.php\/2025\/01\/18\/les-tendances-mode-printemps-ete-2025-entre-durabilite-et-innovation-technologique\/\" \/>\n<meta property=\"og:locale\" content=\"fr_FR\" \/>\n<meta property=\"og:type\" content=\"article\" \/>\n<meta property=\"og:title\" content=\"Les tendances mode printemps-\u00e9t\u00e9 2025 : Entre durabilit\u00e9 et innovation technologique - Bobea\" \/>\n<meta property=\"og:description\" content=\"La sai\u00adson print\u00ademps-\u00e9t\u00e9 2025 mar\u00adque un tour\u00adnant d\u00e9cisif dans l\u2019in\u00addus\u00adtrie de la mode, avec une fusion remar\u00adquable entre dura\u00adbil\u00adit\u00e9 envi\u00adron\u00adnemen\u00adtale et inno\u00adva\u00adtions tech\u00adnologiques. Les cr\u00e9a\u00adteurs et les mar\u00adques r\u00e9pon\u00addent aux&hellip;\" \/>\n<meta property=\"og:url\" content=\"https:\/\/bobea.net\/index.php\/2025\/01\/18\/les-tendances-mode-printemps-ete-2025-entre-durabilite-et-innovation-technologique\/\" \/>\n<meta property=\"og:site_name\" content=\"Bobea\" \/>\n<meta property=\"article:publisher\" content=\"https:\/\/web.facebook.com\/profile.php?id=61559252188416\" \/>\n<meta property=\"article:published_time\" content=\"2025-01-18T14:34:02+00:00\" \/>\n<meta property=\"article:modified_time\" content=\"2025-01-19T02:42:17+00:00\" \/>\n<meta property=\"og:image\" content=\"https:\/\/bobea.net\/wp-content\/uploads\/2025\/01\/Les-13-tendances-printemps-ete-2025-dictees-par-la-Fashion-Week-TextileAddict.jpg\" \/>\n\t<meta property=\"og:image:width\" content=\"1111\" \/>\n\t<meta property=\"og:image:height\" content=\"583\" \/>\n\t<meta property=\"og:image:type\" content=\"image\/jpeg\" \/>\n<meta name=\"author\" content=\"bobea.info\" \/>\n<meta name=\"twitter:card\" content=\"summary_large_image\" \/>\n<meta name=\"twitter:label1\" content=\"\u00c9crit par\" \/>\n\t<meta name=\"twitter:data1\" content=\"bobea.info\" \/>\n\t<meta name=\"twitter:label2\" content=\"Dur\u00e9e de lecture estim\u00e9e\" \/>\n\t<meta name=\"twitter:data2\" content=\"3 minutes\" \/>\n<script type=\"application\/ld+json\" class=\"yoast-schema-graph\">{\"@context\":\"https:\/\/schema.org\",\"@graph\":[{\"@type\":\"Article\",\"@id\":\"https:\/\/bobea.net\/index.php\/2025\/01\/18\/les-tendances-mode-printemps-ete-2025-entre-durabilite-et-innovation-technologique\/#article\",\"isPartOf\":{\"@id\":\"https:\/\/bobea.net\/index.php\/2025\/01\/18\/les-tendances-mode-printemps-ete-2025-entre-durabilite-et-innovation-technologique\/\"},\"author\":{\"name\":\"bobea.info\",\"@id\":\"https:\/\/bobea.net\/#\/schema\/person\/e7f45ef187918d7c956bf619dce90ccf\"},\"headline\":\"Les tendances mode printemps-\u00e9t\u00e9 2025 : Entre durabilit\u00e9 et innovation technologique\",\"datePublished\":\"2025-01-18T14:34:02+00:00\",\"dateModified\":\"2025-01-19T02:42:17+00:00\",\"mainEntityOfPage\":{\"@id\":\"https:\/\/bobea.net\/index.php\/2025\/01\/18\/les-tendances-mode-printemps-ete-2025-entre-durabilite-et-innovation-technologique\/\"},\"wordCount\":372,\"commentCount\":0,\"publisher\":{\"@id\":\"https:\/\/bobea.net\/#organization\"},\"image\":{\"@id\":\"https:\/\/bobea.net\/index.php\/2025\/01\/18\/les-tendances-mode-printemps-ete-2025-entre-durabilite-et-innovation-technologique\/#primaryimage\"},\"thumbnailUrl\":\"https:\/\/bobea.net\/wp-content\/uploads\/2025\/01\/Les-13-tendances-printemps-ete-2025-dictees-par-la-Fashion-Week-TextileAddict.jpg\",\"articleSection\":[\"Mode\"],\"inLanguage\":\"fr-FR\",\"potentialAction\":[{\"@type\":\"CommentAction\",\"name\":\"Comment\",\"target\":[\"https:\/\/bobea.net\/index.php\/2025\/01\/18\/les-tendances-mode-printemps-ete-2025-entre-durabilite-et-innovation-technologique\/#respond\"]}]},{\"@type\":\"WebPage\",\"@id\":\"https:\/\/bobea.net\/index.php\/2025\/01\/18\/les-tendances-mode-printemps-ete-2025-entre-durabilite-et-innovation-technologique\/\",\"url\":\"https:\/\/bobea.net\/index.php\/2025\/01\/18\/les-tendances-mode-printemps-ete-2025-entre-durabilite-et-innovation-technologique\/\",\"name\":\"Les tendances mode printemps-\u00e9t\u00e9 2025 : Entre durabilit\u00e9 et innovation technologique - Bobea\",\"isPartOf\":{\"@id\":\"https:\/\/bobea.net\/#website\"},\"primaryImageOfPage\":{\"@id\":\"https:\/\/bobea.net\/index.php\/2025\/01\/18\/les-tendances-mode-printemps-ete-2025-entre-durabilite-et-innovation-technologique\/#primaryimage\"},\"image\":{\"@id\":\"https:\/\/bobea.net\/index.php\/2025\/01\/18\/les-tendances-mode-printemps-ete-2025-entre-durabilite-et-innovation-technologique\/#primaryimage\"},\"thumbnailUrl\":\"https:\/\/bobea.net\/wp-content\/uploads\/2025\/01\/Les-13-tendances-printemps-ete-2025-dictees-par-la-Fashion-Week-TextileAddict.jpg\",\"datePublished\":\"2025-01-18T14:34:02+00:00\",\"dateModified\":\"2025-01-19T02:42:17+00:00\",\"breadcrumb\":{\"@id\":\"https:\/\/bobea.net\/index.php\/2025\/01\/18\/les-tendances-mode-printemps-ete-2025-entre-durabilite-et-innovation-technologique\/#breadcrumb\"},\"inLanguage\":\"fr-FR\",\"potentialAction\":[{\"@type\":\"ReadAction\",\"target\":[\"https:\/\/bobea.net\/index.php\/2025\/01\/18\/les-tendances-mode-printemps-ete-2025-entre-durabilite-et-innovation-technologique\/\"]}]},{\"@type\":\"ImageObject\",\"inLanguage\":\"fr-FR\",\"@id\":\"https:\/\/bobea.net\/index.php\/2025\/01\/18\/les-tendances-mode-printemps-ete-2025-entre-durabilite-et-innovation-technologique\/#primaryimage\",\"url\":\"https:\/\/bobea.net\/wp-content\/uploads\/2025\/01\/Les-13-tendances-printemps-ete-2025-dictees-par-la-Fashion-Week-TextileAddict.jpg\",\"contentUrl\":\"https:\/\/bobea.net\/wp-content\/uploads\/2025\/01\/Les-13-tendances-printemps-ete-2025-dictees-par-la-Fashion-Week-TextileAddict.jpg\",\"width\":1111,\"height\":583,\"caption\":\"Les tendances mode printemps-\u00e9t\u00e9 2025 : Entre durabilit\u00e9 et innovation technologique\"},{\"@type\":\"BreadcrumbList\",\"@id\":\"https:\/\/bobea.net\/index.php\/2025\/01\/18\/les-tendances-mode-printemps-ete-2025-entre-durabilite-et-innovation-technologique\/#breadcrumb\",\"itemListElement\":[{\"@type\":\"ListItem\",\"position\":1,\"name\":\"Accueil\",\"item\":\"https:\/\/bobea.net\/\"},{\"@type\":\"ListItem\",\"position\":2,\"name\":\"Les tendances mode printemps-\u00e9t\u00e9 2025 : Entre durabilit\u00e9 et innovation technologique\"}]},{\"@type\":\"WebSite\",\"@id\":\"https:\/\/bobea.net\/#website\",\"url\":\"https:\/\/bobea.net\/\",\"name\":\"Bobea\",\"description\":\"Le magazine de la nouvelle \u00c8ve\",\"publisher\":{\"@id\":\"https:\/\/bobea.net\/#organization\"},\"potentialAction\":[{\"@type\":\"SearchAction\",\"target\":{\"@type\":\"EntryPoint\",\"urlTemplate\":\"https:\/\/bobea.net\/?s={search_term_string}\"},\"query-input\":{\"@type\":\"PropertyValueSpecification\",\"valueRequired\":true,\"valueName\":\"search_term_string\"}}],\"inLanguage\":\"fr-FR\"},{\"@type\":\"Organization\",\"@id\":\"https:\/\/bobea.net\/#organization\",\"name\":\"Bobea\",\"url\":\"https:\/\/bobea.net\/\",\"logo\":{\"@type\":\"ImageObject\",\"inLanguage\":\"fr-FR\",\"@id\":\"https:\/\/bobea.net\/#\/schema\/logo\/image\/\",\"url\":\"https:\/\/bobea.net\/wp-content\/uploads\/2024\/06\/bobea.jpg\",\"contentUrl\":\"https:\/\/bobea.net\/wp-content\/uploads\/2024\/06\/bobea.jpg\",\"width\":1080,\"height\":1080,\"caption\":\"Bobea\"},\"image\":{\"@id\":\"https:\/\/bobea.net\/#\/schema\/logo\/image\/\"},\"sameAs\":[\"https:\/\/web.facebook.com\/profile.php?id=61559252188416\"]},{\"@type\":\"Person\",\"@id\":\"https:\/\/bobea.net\/#\/schema\/person\/e7f45ef187918d7c956bf619dce90ccf\",\"name\":\"bobea.info\",\"image\":{\"@type\":\"ImageObject\",\"inLanguage\":\"fr-FR\",\"@id\":\"https:\/\/bobea.net\/#\/schema\/person\/image\/\",\"url\":\"https:\/\/secure.gravatar.com\/avatar\/36147980349df887ae30808df3e29474?s=96&d=mm&r=g\",\"contentUrl\":\"https:\/\/secure.gravatar.com\/avatar\/36147980349df887ae30808df3e29474?s=96&d=mm&r=g\",\"caption\":\"bobea.info\"},\"sameAs\":[\"https:\/\/bobea.net\"],\"url\":\"https:\/\/bobea.net\/index.php\/author\/bobea-info\/\"}]}<\/script>\n<!-- \/ Yoast SEO plugin. -->","yoast_head_json":{"title":"Les tendances mode printemps-\u00e9t\u00e9 2025 : Entre durabilit\u00e9 et innovation technologique - Bobea","robots":{"index":"index","follow":"follow","max-snippet":"max-snippet:-1","max-image-preview":"max-image-preview:large","max-video-preview":"max-video-preview:-1"},"canonical":"https:\/\/bobea.net\/index.php\/2025\/01\/18\/les-tendances-mode-printemps-ete-2025-entre-durabilite-et-innovation-technologique\/","og_locale":"fr_FR","og_type":"article","og_title":"Les tendances mode printemps-\u00e9t\u00e9 2025 : Entre durabilit\u00e9 et innovation technologique - Bobea","og_description":"La sai\u00adson print\u00ademps-\u00e9t\u00e9 2025 mar\u00adque un tour\u00adnant d\u00e9cisif dans l\u2019in\u00addus\u00adtrie de la mode, avec une fusion remar\u00adquable entre dura\u00adbil\u00adit\u00e9 envi\u00adron\u00adnemen\u00adtale et inno\u00adva\u00adtions tech\u00adnologiques. Les cr\u00e9a\u00adteurs et les mar\u00adques r\u00e9pon\u00addent aux&hellip;","og_url":"https:\/\/bobea.net\/index.php\/2025\/01\/18\/les-tendances-mode-printemps-ete-2025-entre-durabilite-et-innovation-technologique\/","og_site_name":"Bobea","article_publisher":"https:\/\/web.facebook.com\/profile.php?id=61559252188416","article_published_time":"2025-01-18T14:34:02+00:00","article_modified_time":"2025-01-19T02:42:17+00:00","og_image":[{"width":1111,"height":583,"url":"https:\/\/bobea.net\/wp-content\/uploads\/2025\/01\/Les-13-tendances-printemps-ete-2025-dictees-par-la-Fashion-Week-TextileAddict.jpg","type":"image\/jpeg"}],"author":"bobea.info","twitter_card":"summary_large_image","twitter_misc":{"\u00c9crit par":"bobea.info","Dur\u00e9e de lecture estim\u00e9e":"3 minutes"},"schema":{"@context":"https:\/\/schema.org","@graph":[{"@type":"Article","@id":"https:\/\/bobea.net\/index.php\/2025\/01\/18\/les-tendances-mode-printemps-ete-2025-entre-durabilite-et-innovation-technologique\/#article","isPartOf":{"@id":"https:\/\/bobea.net\/index.php\/2025\/01\/18\/les-tendances-mode-printemps-ete-2025-entre-durabilite-et-innovation-technologique\/"},"author":{"name":"bobea.info","@id":"https:\/\/bobea.net\/#\/schema\/person\/e7f45ef187918d7c956bf619dce90ccf"},"headline":"Les tendances mode printemps-\u00e9t\u00e9 2025 : Entre durabilit\u00e9 et innovation technologique","datePublished":"2025-01-18T14:34:02+00:00","dateModified":"2025-01-19T02:42:17+00:00","mainEntityOfPage":{"@id":"https:\/\/bobea.net\/index.php\/2025\/01\/18\/les-tendances-mode-printemps-ete-2025-entre-durabilite-et-innovation-technologique\/"},"wordCount":372,"commentCount":0,"publisher":{"@id":"https:\/\/bobea.net\/#organization"},"image":{"@id":"https:\/\/bobea.net\/index.php\/2025\/01\/18\/les-tendances-mode-printemps-ete-2025-entre-durabilite-et-innovation-technologique\/#primaryimage"},"thumbnailUrl":"https:\/\/bobea.net\/wp-content\/uploads\/2025\/01\/Les-13-tendances-printemps-ete-2025-dictees-par-la-Fashion-Week-TextileAddict.jpg","articleSection":["Mode"],"inLanguage":"fr-FR","potentialAction":[{"@type":"CommentAction","name":"Comment","target":["https:\/\/bobea.net\/index.php\/2025\/01\/18\/les-tendances-mode-printemps-ete-2025-entre-durabilite-et-innovation-technologique\/#respond"]}]},{"@type":"WebPage","@id":"https:\/\/bobea.net\/index.php\/2025\/01\/18\/les-tendances-mode-printemps-ete-2025-entre-durabilite-et-innovation-technologique\/","url":"https:\/\/bobea.net\/index.php\/2025\/01\/18\/les-tendances-mode-printemps-ete-2025-entre-durabilite-et-innovation-technologique\/","name":"Les tendances mode printemps-\u00e9t\u00e9 2025 : Entre durabilit\u00e9 et innovation technologique - Bobea","isPartOf":{"@id":"https:\/\/bobea.net\/#website"},"primaryImageOfPage":{"@id":"https:\/\/bobea.net\/index.php\/2025\/01\/18\/les-tendances-mode-printemps-ete-2025-entre-durabilite-et-innovation-technologique\/#primaryimage"},"image":{"@id":"https:\/\/bobea.net\/index.php\/2025\/01\/18\/les-tendances-mode-printemps-ete-2025-entre-durabilite-et-innovation-technologique\/#primaryimage"},"thumbnailUrl":"https:\/\/bobea.net\/wp-content\/uploads\/2025\/01\/Les-13-tendances-printemps-ete-2025-dictees-par-la-Fashion-Week-TextileAddict.jpg","datePublished":"2025-01-18T14:34:02+00:00","dateModified":"2025-01-19T02:42:17+00:00","breadcrumb":{"@id":"https:\/\/bobea.net\/index.php\/2025\/01\/18\/les-tendances-mode-printemps-ete-2025-entre-durabilite-et-innovation-technologique\/#breadcrumb"},"inLanguage":"fr-FR","potentialAction":[{"@type":"ReadAction","target":["https:\/\/bobea.net\/index.php\/2025\/01\/18\/les-tendances-mode-printemps-ete-2025-entre-durabilite-et-innovation-technologique\/"]}]},{"@type":"ImageObject","inLanguage":"fr-FR","@id":"https:\/\/bobea.net\/index.php\/2025\/01\/18\/les-tendances-mode-printemps-ete-2025-entre-durabilite-et-innovation-technologique\/#primaryimage","url":"https:\/\/bobea.net\/wp-content\/uploads\/2025\/01\/Les-13-tendances-printemps-ete-2025-dictees-par-la-Fashion-Week-TextileAddict.jpg","contentUrl":"https:\/\/bobea.net\/wp-content\/uploads\/2025\/01\/Les-13-tendances-printemps-ete-2025-dictees-par-la-Fashion-Week-TextileAddict.jpg","width":1111,"height":583,"caption":"Les tendances mode printemps-\u00e9t\u00e9 2025 : Entre durabilit\u00e9 et innovation technologique"},{"@type":"BreadcrumbList","@id":"https:\/\/bobea.net\/index.php\/2025\/01\/18\/les-tendances-mode-printemps-ete-2025-entre-durabilite-et-innovation-technologique\/#breadcrumb","itemListElement":[{"@type":"ListItem","position":1,"name":"Accueil","item":"https:\/\/bobea.net\/"},{"@type":"ListItem","position":2,"name":"Les tendances mode printemps-\u00e9t\u00e9 2025 : Entre durabilit\u00e9 et innovation technologique"}]},{"@type":"WebSite","@id":"https:\/\/bobea.net\/#website","url":"https:\/\/bobea.net\/","name":"Bobea","description":"Le magazine de la nouvelle \u00c8ve","publisher":{"@id":"https:\/\/bobea.net\/#organization"},"potentialAction":[{"@type":"SearchAction","target":{"@type":"EntryPoint","urlTemplate":"https:\/\/bobea.net\/?s={search_term_string}"},"query-input":{"@type":"PropertyValueSpecification","valueRequired":true,"valueName":"search_term_string"}}],"inLanguage":"fr-FR"},{"@type":"Organization","@id":"https:\/\/bobea.net\/#organization","name":"Bobea","url":"https:\/\/bobea.net\/","logo":{"@type":"ImageObject","inLanguage":"fr-FR","@id":"https:\/\/bobea.net\/#\/schema\/logo\/image\/","url":"https:\/\/bobea.net\/wp-content\/uploads\/2024\/06\/bobea.jpg","contentUrl":"https:\/\/bobea.net\/wp-content\/uploads\/2024\/06\/bobea.jpg","width":1080,"height":1080,"caption":"Bobea"},"image":{"@id":"https:\/\/bobea.net\/#\/schema\/logo\/image\/"},"sameAs":["https:\/\/web.facebook.com\/profile.php?id=61559252188416"]},{"@type":"Person","@id":"https:\/\/bobea.net\/#\/schema\/person\/e7f45ef187918d7c956bf619dce90ccf","name":"bobea.info","image":{"@type":"ImageObject","inLanguage":"fr-FR","@id":"https:\/\/bobea.net\/#\/schema\/person\/image\/","url":"https:\/\/secure.gravatar.com\/avatar\/36147980349df887ae30808df3e29474?s=96&d=mm&r=g","contentUrl":"https:\/\/secure.gravatar.com\/avatar\/36147980349df887ae30808df3e29474?s=96&d=mm&r=g","caption":"bobea.info"},"sameAs":["https:\/\/bobea.net"],"url":"https:\/\/bobea.net\/index.php\/author\/bobea-info\/"}]}},"_links":{"self":[{"href":"https:\/\/bobea.net\/index.php\/wp-json\/wp\/v2\/posts\/7441"}],"collection":[{"href":"https:\/\/bobea.net\/index.php\/wp-json\/wp\/v2\/posts"}],"about":[{"href":"https:\/\/bobea.net\/index.php\/wp-json\/wp\/v2\/types\/post"}],"author":[{"embeddable":true,"href":"https:\/\/bobea.net\/index.php\/wp-json\/wp\/v2\/users\/1"}],"replies":[{"embeddable":true,"href":"https:\/\/bobea.net\/index.php\/wp-json\/wp\/v2\/comments?post=7441"}],"version-history":[{"count":0,"href":"https:\/\/bobea.net\/index.php\/wp-json\/wp\/v2\/posts\/7441\/revisions"}],"wp:featuredmedia":[{"embeddable":true,"href":"https:\/\/bobea.net\/index.php\/wp-json\/wp\/v2\/media\/7442"}],"wp:attachment":[{"href":"https:\/\/bobea.net\/index.php\/wp-json\/wp\/v2\/media?parent=7441"}],"wp:term":[{"taxonomy":"category","embeddable":true,"href":"https:\/\/bobea.net\/index.php\/wp-json\/wp\/v2\/categories?post=7441"},{"taxonomy":"post_tag","embeddable":true,"href":"https:\/\/bobea.net\/index.php\/wp-json\/wp\/v2\/tags?post=7441"}],"curies":[{"name":"wp","href":"https:\/\/api.w.org\/{rel}","templated":true}]}}