{"id":7399,"date":"2025-01-17T15:05:57","date_gmt":"2025-01-17T15:05:57","guid":{"rendered":"https:\/\/bobea.net\/?p=7399"},"modified":"2025-01-17T15:05:58","modified_gmt":"2025-01-17T15:05:58","slug":"lea-dubois-larchitecte-francaise-qui-concoit-les-villes-durables-de-demain","status":"publish","type":"post","link":"https:\/\/bobea.net\/index.php\/2025\/01\/17\/lea-dubois-larchitecte-francaise-qui-concoit-les-villes-durables-de-demain\/","title":{"rendered":"L\u00e9a Dubois : L\u2019architecte fran\u00e7aise qui con\u00e7oit les villes durables de demain"},"content":{"rendered":"\n<p>Intro\u00adduc\u00adtion<\/p>\n\n\n\n<p>L\u00e9a Dubois, archi\u00adtecte fran\u00e7aise de 34 ans, est recon\u00adnue pour son engage\u00adment envers la dura\u00adbil\u00adit\u00e9 et l\u2019in\u00adno\u00adva\u00adtion dans l\u2019ar\u00adchi\u00adtec\u00adture urbaine. Son cab\u00adi\u00adnet, EcoArch, se sp\u00e9\u00adcialise dans la con\u00adcep\u00adtion de b\u00e2ti\u00adments \u00e9cologiques et d\u2019e\u00adspaces urbains durables qui r\u00e9pon\u00addent aux d\u00e9fis envi\u00adron\u00adnemen\u00adtaux con\u00adtem\u00adpo\u00adrains.<\/p>\n\n\n\n<p>Un par\u00adcours inspi\u00adrant<\/p>\n\n\n\n<p>Dipl\u00f4m\u00e9e de l\u2019\u00c9\u00adcole nationale sup\u00e9rieure d\u2019ar\u00adchi\u00adtec\u00adture de Paris-Belleville, L\u00e9a a d\u00e9but\u00e9 sa car\u00adri\u00e8re en tra\u00advail\u00adlant sur des pro\u00adjets d\u2019in\u00adfra\u00adstruc\u00adtures vertes avant de fonder son pro\u00adpre cab\u00adi\u00adnet en 2020.<\/p>\n\n\n\n<p>Pro\u00adjets embl\u00e9\u00adma\u00adtiques<\/p>\n\n\n\n<ol start=\"1\" class=\"wp-block-list\">\n<li><strong>\u00c9co-quarti\u00ader \u201cGreen City\u201d<\/strong>&nbsp;: Ce pro\u00adjet nova\u00adteur int\u00e8\u00adgre des espaces verts, des sys\u00adt\u00e8mes d\u2019\u00e9n\u00adergie renou\u00adve\u00adlable et des infra\u00adstruc\u00adtures pour encour\u00adager la mobil\u00adit\u00e9 douce.<\/li>\n\n\n\n<li><strong>B\u00e2ti\u00adment \u201cSolaris\u201d<\/strong>&nbsp;: Un immeu\u00adble r\u00e9si\u00adden\u00adtiel con\u00e7u pour max\u00adimiser l\u2019ef\u00adfi\u00adcac\u00adit\u00e9 \u00e9nerg\u00e9\u00adtique gr\u00e2ce \u00e0 des pan\u00adneaux solaires int\u00e9\u00adgr\u00e9s et une iso\u00adla\u00adtion ther\u00admique avanc\u00e9e.<\/li>\n<\/ol>\n\n\n\n<p>L\u2019im\u00adpact sur la soci\u00e9t\u00e9<\/p>\n\n\n\n<p>L\u00e9a Dubois s\u2019ef\u00adforce non seule\u00adment d\u2019am\u00e9lior\u00ader l\u2019esth\u00e9\u00adtique urbaine mais aus\u00adsi d\u2019ap\u00adporter des solu\u00adtions con\u00adcr\u00e8tes aux prob\u00adl\u00e8mes envi\u00adron\u00adnemen\u00adtaux :<\/p>\n\n\n\n<ul class=\"wp-block-list\">\n<li>R\u00e9duc\u00adtion des \u00e9mis\u00adsions car\u00adbone gr\u00e2ce \u00e0 des mat\u00e9ri\u00adaux \u00e9cologiques.<\/li>\n\n\n\n<li>Cr\u00e9a\u00adtion d\u2019e\u00adspaces com\u00admu\u00adnau\u00adtaires favorisant l\u2019in\u00adter\u00adac\u00adtion sociale.<\/li>\n<\/ul>\n\n\n\n<p>T\u00e9moignages inspi\u00adrants<\/p>\n\n\n\n<p>\u201cTra\u00advailler avec L\u00e9a a \u00e9t\u00e9 une r\u00e9v\u00e9la\u00adtion. Elle nous mon\u00adtre qu\u2019il est pos\u00adsi\u00adble d\u2019al\u00adli\u00ader beaut\u00e9 et dura\u00adbil\u00adit\u00e9\u201d, d\u00e9clare un client sat\u00adis\u00adfait.<\/p>\n\n\n\n<figure class=\"wp-block-image size-large\"><img loading=\"lazy\" decoding=\"async\" width=\"1024\" height=\"683\" src=\"https:\/\/bobea.net\/wp-content\/uploads\/2025\/01\/Toulouse_CEAT\u00a9DAdunevillealautre-01-1024x683.jpg\" alt class=\"wp-image-7401\" srcset=\"https:\/\/bobea.net\/wp-content\/uploads\/2025\/01\/Toulouse_CEAT\u00a9DAdunevillealautre-01-1024x683.jpg 1024w, https:\/\/bobea.net\/wp-content\/uploads\/2025\/01\/Toulouse_CEAT\u00a9DAdunevillealautre-01-300x200.jpg 300w, https:\/\/bobea.net\/wp-content\/uploads\/2025\/01\/Toulouse_CEAT\u00a9DAdunevillealautre-01-768x512.jpg 768w, https:\/\/bobea.net\/wp-content\/uploads\/2025\/01\/Toulouse_CEAT\u00a9DAdunevillealautre-01-1536x1024.jpg 1536w, https:\/\/bobea.net\/wp-content\/uploads\/2025\/01\/Toulouse_CEAT\u00a9DAdunevillealautre-01-2048x1366.jpg 2048w\" sizes=\"(max-width: 1024px) 100vw, 1024px\"><\/figure>\n\n\n\n<p>Les d\u00e9fis ren\u00adcon\u00adtr\u00e9s<\/p>\n\n\n\n<p>Mal\u00adgr\u00e9 ses suc\u00adc\u00e8s, L\u00e9a fait face \u00e0 plusieurs d\u00e9fis :<\/p>\n\n\n\n<ol start=\"1\" class=\"wp-block-list\">\n<li><strong>R\u00e9gle\u00admen\u00adta\u00adtions strictes<\/strong>&nbsp;: Les normes envi\u00adron\u00adnemen\u00adtales peu\u00advent par\u00adfois frein\u00ader l\u2019in\u00adno\u00adva\u00adtion.<\/li>\n\n\n\n<li><strong>Bud\u00adget lim\u00adit\u00e9<\/strong>&nbsp;: De nom\u00adbreux pro\u00adjets \u00e9cologiques sont sou\u00advent per\u00e7us comme co\u00fb\u00adteux par les investis\u00adseurs.<\/li>\n\n\n\n<li><strong>Sen\u00adsi\u00adbil\u00adi\u00adsa\u00adtion du pub\u00adlic<\/strong>&nbsp;: Con\u00adva\u00adin\u00adcre les com\u00admu\u00adnaut\u00e9s locales des avan\u00adtages des pro\u00adjets durables peut \u00eatre un d\u00e9fi.<\/li>\n<\/ol>\n\n\n\n<p>Con\u00adclu\u00adsion<\/p>\n\n\n\n<p>L\u00e9a Dubois repr\u00e9sente une nou\u00advelle g\u00e9n\u00e9ra\u00adtion d\u2019ar\u00adchi\u00adtectes engag\u00e9s dans la lutte pour un avenir durable. Son tra\u00advail inspire non seule\u00adment ses pairs mais aus\u00adsi les g\u00e9n\u00e9ra\u00adtions futures \u00e0 repenser nos villes pour qu\u2019elles soient plus respectueuses de l\u2019en\u00advi\u00adron\u00adnement.<\/p>\n","protected":false},"excerpt":{"rendered":"<p>Intro\u00adduc\u00adtion L\u00e9a Dubois, archi\u00adtecte fran\u00e7aise de 34 ans, est recon\u00adnue pour son engage\u00adment envers la dura\u00adbil\u00adit\u00e9 et l\u2019in\u00adno\u00adva\u00adtion dans l\u2019ar\u00adchi\u00adtec\u00adture urbaine. Son cab\u00adi\u00adnet, EcoArch, se sp\u00e9\u00adcialise dans la con\u00adcep\u00adtion de\u2026 <\/p>\n","protected":false},"author":1,"featured_media":7400,"comment_status":"open","ping_status":"open","sticky":false,"template":"","format":"standard","meta":{"wp_typography_post_enhancements_disabled":false,"footnotes":""},"categories":[73],"tags":[],"class_list":["post-7399","post","type-post","status-publish","format-standard","has-post-thumbnail","hentry","category-on-en-parle"],"yoast_head":"<!-- This site is optimized with the Yoast SEO plugin v24.7 - https:\/\/yoast.com\/wordpress\/plugins\/seo\/ -->\n<title>L\u00e9a Dubois : L&#039;architecte fran\u00e7aise qui con\u00e7oit les villes durables de demain - Bobea<\/title>\n<meta name=\"robots\" content=\"index, follow, max-snippet:-1, max-image-preview:large, max-video-preview:-1\" \/>\n<link rel=\"canonical\" href=\"https:\/\/bobea.net\/index.php\/2025\/01\/17\/lea-dubois-larchitecte-francaise-qui-concoit-les-villes-durables-de-demain\/\" \/>\n<meta property=\"og:locale\" content=\"fr_FR\" \/>\n<meta property=\"og:type\" content=\"article\" \/>\n<meta property=\"og:title\" content=\"L\u00e9a Dubois : L&#039;architecte fran\u00e7aise qui con\u00e7oit les villes durables de demain - Bobea\" \/>\n<meta property=\"og:description\" content=\"Intro\u00adduc\u00adtion L\u00e9a Dubois, archi\u00adtecte fran\u00e7aise de 34 ans, est recon\u00adnue pour son engage\u00adment envers la dura\u00adbil\u00adit\u00e9 et l\u2019in\u00adno\u00adva\u00adtion dans l\u2019ar\u00adchi\u00adtec\u00adture urbaine. Son cab\u00adi\u00adnet, EcoArch, se sp\u00e9\u00adcialise dans la con\u00adcep\u00adtion de&hellip;\" \/>\n<meta property=\"og:url\" content=\"https:\/\/bobea.net\/index.php\/2025\/01\/17\/lea-dubois-larchitecte-francaise-qui-concoit-les-villes-durables-de-demain\/\" \/>\n<meta property=\"og:site_name\" content=\"Bobea\" \/>\n<meta property=\"article:publisher\" content=\"https:\/\/web.facebook.com\/profile.php?id=61559252188416\" \/>\n<meta property=\"article:published_time\" content=\"2025-01-17T15:05:57+00:00\" \/>\n<meta property=\"article:modified_time\" content=\"2025-01-17T15:05:58+00:00\" \/>\n<meta property=\"og:image\" content=\"https:\/\/bobea.net\/wp-content\/uploads\/2025\/01\/01-amenagement-du-territoire.jpg\" \/>\n\t<meta property=\"og:image:width\" content=\"1024\" \/>\n\t<meta property=\"og:image:height\" content=\"576\" \/>\n\t<meta property=\"og:image:type\" content=\"image\/jpeg\" \/>\n<meta name=\"author\" content=\"bobea.info\" \/>\n<meta name=\"twitter:card\" content=\"summary_large_image\" \/>\n<meta name=\"twitter:label1\" content=\"\u00c9crit par\" \/>\n\t<meta name=\"twitter:data1\" content=\"bobea.info\" \/>\n\t<meta name=\"twitter:label2\" content=\"Dur\u00e9e de lecture estim\u00e9e\" \/>\n\t<meta name=\"twitter:data2\" content=\"2 minutes\" \/>\n<script type=\"application\/ld+json\" class=\"yoast-schema-graph\">{\"@context\":\"https:\/\/schema.org\",\"@graph\":[{\"@type\":\"Article\",\"@id\":\"https:\/\/bobea.net\/index.php\/2025\/01\/17\/lea-dubois-larchitecte-francaise-qui-concoit-les-villes-durables-de-demain\/#article\",\"isPartOf\":{\"@id\":\"https:\/\/bobea.net\/index.php\/2025\/01\/17\/lea-dubois-larchitecte-francaise-qui-concoit-les-villes-durables-de-demain\/\"},\"author\":{\"name\":\"bobea.info\",\"@id\":\"https:\/\/bobea.net\/#\/schema\/person\/e7f45ef187918d7c956bf619dce90ccf\"},\"headline\":\"L\u00e9a Dubois : L\u2019architecte fran\u00e7aise qui con\u00e7oit les villes durables de demain\",\"datePublished\":\"2025-01-17T15:05:57+00:00\",\"dateModified\":\"2025-01-17T15:05:58+00:00\",\"mainEntityOfPage\":{\"@id\":\"https:\/\/bobea.net\/index.php\/2025\/01\/17\/lea-dubois-larchitecte-francaise-qui-concoit-les-villes-durables-de-demain\/\"},\"wordCount\":352,\"commentCount\":0,\"publisher\":{\"@id\":\"https:\/\/bobea.net\/#organization\"},\"image\":{\"@id\":\"https:\/\/bobea.net\/index.php\/2025\/01\/17\/lea-dubois-larchitecte-francaise-qui-concoit-les-villes-durables-de-demain\/#primaryimage\"},\"thumbnailUrl\":\"https:\/\/bobea.net\/wp-content\/uploads\/2025\/01\/01-amenagement-du-territoire.jpg\",\"articleSection\":[\"On en Parle\"],\"inLanguage\":\"fr-FR\",\"potentialAction\":[{\"@type\":\"CommentAction\",\"name\":\"Comment\",\"target\":[\"https:\/\/bobea.net\/index.php\/2025\/01\/17\/lea-dubois-larchitecte-francaise-qui-concoit-les-villes-durables-de-demain\/#respond\"]}]},{\"@type\":\"WebPage\",\"@id\":\"https:\/\/bobea.net\/index.php\/2025\/01\/17\/lea-dubois-larchitecte-francaise-qui-concoit-les-villes-durables-de-demain\/\",\"url\":\"https:\/\/bobea.net\/index.php\/2025\/01\/17\/lea-dubois-larchitecte-francaise-qui-concoit-les-villes-durables-de-demain\/\",\"name\":\"L\u00e9a Dubois : L'architecte fran\u00e7aise qui con\u00e7oit les villes durables de demain - Bobea\",\"isPartOf\":{\"@id\":\"https:\/\/bobea.net\/#website\"},\"primaryImageOfPage\":{\"@id\":\"https:\/\/bobea.net\/index.php\/2025\/01\/17\/lea-dubois-larchitecte-francaise-qui-concoit-les-villes-durables-de-demain\/#primaryimage\"},\"image\":{\"@id\":\"https:\/\/bobea.net\/index.php\/2025\/01\/17\/lea-dubois-larchitecte-francaise-qui-concoit-les-villes-durables-de-demain\/#primaryimage\"},\"thumbnailUrl\":\"https:\/\/bobea.net\/wp-content\/uploads\/2025\/01\/01-amenagement-du-territoire.jpg\",\"datePublished\":\"2025-01-17T15:05:57+00:00\",\"dateModified\":\"2025-01-17T15:05:58+00:00\",\"breadcrumb\":{\"@id\":\"https:\/\/bobea.net\/index.php\/2025\/01\/17\/lea-dubois-larchitecte-francaise-qui-concoit-les-villes-durables-de-demain\/#breadcrumb\"},\"inLanguage\":\"fr-FR\",\"potentialAction\":[{\"@type\":\"ReadAction\",\"target\":[\"https:\/\/bobea.net\/index.php\/2025\/01\/17\/lea-dubois-larchitecte-francaise-qui-concoit-les-villes-durables-de-demain\/\"]}]},{\"@type\":\"ImageObject\",\"inLanguage\":\"fr-FR\",\"@id\":\"https:\/\/bobea.net\/index.php\/2025\/01\/17\/lea-dubois-larchitecte-francaise-qui-concoit-les-villes-durables-de-demain\/#primaryimage\",\"url\":\"https:\/\/bobea.net\/wp-content\/uploads\/2025\/01\/01-amenagement-du-territoire.jpg\",\"contentUrl\":\"https:\/\/bobea.net\/wp-content\/uploads\/2025\/01\/01-amenagement-du-territoire.jpg\",\"width\":1024,\"height\":576,\"caption\":\"L\u00e9a Dubois : L'architecte fran\u00e7aise qui con\u00e7oit les villes durables de demain\"},{\"@type\":\"BreadcrumbList\",\"@id\":\"https:\/\/bobea.net\/index.php\/2025\/01\/17\/lea-dubois-larchitecte-francaise-qui-concoit-les-villes-durables-de-demain\/#breadcrumb\",\"itemListElement\":[{\"@type\":\"ListItem\",\"position\":1,\"name\":\"Accueil\",\"item\":\"https:\/\/bobea.net\/\"},{\"@type\":\"ListItem\",\"position\":2,\"name\":\"L\u00e9a Dubois : L&rsquo;architecte fran\u00e7aise qui con\u00e7oit les villes durables de demain\"}]},{\"@type\":\"WebSite\",\"@id\":\"https:\/\/bobea.net\/#website\",\"url\":\"https:\/\/bobea.net\/\",\"name\":\"Bobea\",\"description\":\"Le magazine de la nouvelle \u00c8ve\",\"publisher\":{\"@id\":\"https:\/\/bobea.net\/#organization\"},\"potentialAction\":[{\"@type\":\"SearchAction\",\"target\":{\"@type\":\"EntryPoint\",\"urlTemplate\":\"https:\/\/bobea.net\/?s={search_term_string}\"},\"query-input\":{\"@type\":\"PropertyValueSpecification\",\"valueRequired\":true,\"valueName\":\"search_term_string\"}}],\"inLanguage\":\"fr-FR\"},{\"@type\":\"Organization\",\"@id\":\"https:\/\/bobea.net\/#organization\",\"name\":\"Bobea\",\"url\":\"https:\/\/bobea.net\/\",\"logo\":{\"@type\":\"ImageObject\",\"inLanguage\":\"fr-FR\",\"@id\":\"https:\/\/bobea.net\/#\/schema\/logo\/image\/\",\"url\":\"https:\/\/bobea.net\/wp-content\/uploads\/2024\/06\/bobea.jpg\",\"contentUrl\":\"https:\/\/bobea.net\/wp-content\/uploads\/2024\/06\/bobea.jpg\",\"width\":1080,\"height\":1080,\"caption\":\"Bobea\"},\"image\":{\"@id\":\"https:\/\/bobea.net\/#\/schema\/logo\/image\/\"},\"sameAs\":[\"https:\/\/web.facebook.com\/profile.php?id=61559252188416\"]},{\"@type\":\"Person\",\"@id\":\"https:\/\/bobea.net\/#\/schema\/person\/e7f45ef187918d7c956bf619dce90ccf\",\"name\":\"bobea.info\",\"image\":{\"@type\":\"ImageObject\",\"inLanguage\":\"fr-FR\",\"@id\":\"https:\/\/bobea.net\/#\/schema\/person\/image\/\",\"url\":\"https:\/\/secure.gravatar.com\/avatar\/36147980349df887ae30808df3e29474?s=96&d=mm&r=g\",\"contentUrl\":\"https:\/\/secure.gravatar.com\/avatar\/36147980349df887ae30808df3e29474?s=96&d=mm&r=g\",\"caption\":\"bobea.info\"},\"sameAs\":[\"https:\/\/bobea.net\"],\"url\":\"https:\/\/bobea.net\/index.php\/author\/bobea-info\/\"}]}<\/script>\n<!-- \/ Yoast SEO plugin. -->","yoast_head_json":{"title":"L\u00e9a Dubois : L'architecte fran\u00e7aise qui con\u00e7oit les villes durables de demain - Bobea","robots":{"index":"index","follow":"follow","max-snippet":"max-snippet:-1","max-image-preview":"max-image-preview:large","max-video-preview":"max-video-preview:-1"},"canonical":"https:\/\/bobea.net\/index.php\/2025\/01\/17\/lea-dubois-larchitecte-francaise-qui-concoit-les-villes-durables-de-demain\/","og_locale":"fr_FR","og_type":"article","og_title":"L\u00e9a Dubois : L'architecte fran\u00e7aise qui con\u00e7oit les villes durables de demain - Bobea","og_description":"Intro\u00adduc\u00adtion L\u00e9a Dubois, archi\u00adtecte fran\u00e7aise de 34 ans, est recon\u00adnue pour son engage\u00adment envers la dura\u00adbil\u00adit\u00e9 et l\u2019in\u00adno\u00adva\u00adtion dans l\u2019ar\u00adchi\u00adtec\u00adture urbaine. Son cab\u00adi\u00adnet, EcoArch, se sp\u00e9\u00adcialise dans la con\u00adcep\u00adtion de&hellip;","og_url":"https:\/\/bobea.net\/index.php\/2025\/01\/17\/lea-dubois-larchitecte-francaise-qui-concoit-les-villes-durables-de-demain\/","og_site_name":"Bobea","article_publisher":"https:\/\/web.facebook.com\/profile.php?id=61559252188416","article_published_time":"2025-01-17T15:05:57+00:00","article_modified_time":"2025-01-17T15:05:58+00:00","og_image":[{"width":1024,"height":576,"url":"https:\/\/bobea.net\/wp-content\/uploads\/2025\/01\/01-amenagement-du-territoire.jpg","type":"image\/jpeg"}],"author":"bobea.info","twitter_card":"summary_large_image","twitter_misc":{"\u00c9crit par":"bobea.info","Dur\u00e9e de lecture estim\u00e9e":"2 minutes"},"schema":{"@context":"https:\/\/schema.org","@graph":[{"@type":"Article","@id":"https:\/\/bobea.net\/index.php\/2025\/01\/17\/lea-dubois-larchitecte-francaise-qui-concoit-les-villes-durables-de-demain\/#article","isPartOf":{"@id":"https:\/\/bobea.net\/index.php\/2025\/01\/17\/lea-dubois-larchitecte-francaise-qui-concoit-les-villes-durables-de-demain\/"},"author":{"name":"bobea.info","@id":"https:\/\/bobea.net\/#\/schema\/person\/e7f45ef187918d7c956bf619dce90ccf"},"headline":"L\u00e9a Dubois : L\u2019architecte fran\u00e7aise qui con\u00e7oit les villes durables de demain","datePublished":"2025-01-17T15:05:57+00:00","dateModified":"2025-01-17T15:05:58+00:00","mainEntityOfPage":{"@id":"https:\/\/bobea.net\/index.php\/2025\/01\/17\/lea-dubois-larchitecte-francaise-qui-concoit-les-villes-durables-de-demain\/"},"wordCount":352,"commentCount":0,"publisher":{"@id":"https:\/\/bobea.net\/#organization"},"image":{"@id":"https:\/\/bobea.net\/index.php\/2025\/01\/17\/lea-dubois-larchitecte-francaise-qui-concoit-les-villes-durables-de-demain\/#primaryimage"},"thumbnailUrl":"https:\/\/bobea.net\/wp-content\/uploads\/2025\/01\/01-amenagement-du-territoire.jpg","articleSection":["On en Parle"],"inLanguage":"fr-FR","potentialAction":[{"@type":"CommentAction","name":"Comment","target":["https:\/\/bobea.net\/index.php\/2025\/01\/17\/lea-dubois-larchitecte-francaise-qui-concoit-les-villes-durables-de-demain\/#respond"]}]},{"@type":"WebPage","@id":"https:\/\/bobea.net\/index.php\/2025\/01\/17\/lea-dubois-larchitecte-francaise-qui-concoit-les-villes-durables-de-demain\/","url":"https:\/\/bobea.net\/index.php\/2025\/01\/17\/lea-dubois-larchitecte-francaise-qui-concoit-les-villes-durables-de-demain\/","name":"L\u00e9a Dubois : L'architecte fran\u00e7aise qui con\u00e7oit les villes durables de demain - Bobea","isPartOf":{"@id":"https:\/\/bobea.net\/#website"},"primaryImageOfPage":{"@id":"https:\/\/bobea.net\/index.php\/2025\/01\/17\/lea-dubois-larchitecte-francaise-qui-concoit-les-villes-durables-de-demain\/#primaryimage"},"image":{"@id":"https:\/\/bobea.net\/index.php\/2025\/01\/17\/lea-dubois-larchitecte-francaise-qui-concoit-les-villes-durables-de-demain\/#primaryimage"},"thumbnailUrl":"https:\/\/bobea.net\/wp-content\/uploads\/2025\/01\/01-amenagement-du-territoire.jpg","datePublished":"2025-01-17T15:05:57+00:00","dateModified":"2025-01-17T15:05:58+00:00","breadcrumb":{"@id":"https:\/\/bobea.net\/index.php\/2025\/01\/17\/lea-dubois-larchitecte-francaise-qui-concoit-les-villes-durables-de-demain\/#breadcrumb"},"inLanguage":"fr-FR","potentialAction":[{"@type":"ReadAction","target":["https:\/\/bobea.net\/index.php\/2025\/01\/17\/lea-dubois-larchitecte-francaise-qui-concoit-les-villes-durables-de-demain\/"]}]},{"@type":"ImageObject","inLanguage":"fr-FR","@id":"https:\/\/bobea.net\/index.php\/2025\/01\/17\/lea-dubois-larchitecte-francaise-qui-concoit-les-villes-durables-de-demain\/#primaryimage","url":"https:\/\/bobea.net\/wp-content\/uploads\/2025\/01\/01-amenagement-du-territoire.jpg","contentUrl":"https:\/\/bobea.net\/wp-content\/uploads\/2025\/01\/01-amenagement-du-territoire.jpg","width":1024,"height":576,"caption":"L\u00e9a Dubois : L'architecte fran\u00e7aise qui con\u00e7oit les villes durables de demain"},{"@type":"BreadcrumbList","@id":"https:\/\/bobea.net\/index.php\/2025\/01\/17\/lea-dubois-larchitecte-francaise-qui-concoit-les-villes-durables-de-demain\/#breadcrumb","itemListElement":[{"@type":"ListItem","position":1,"name":"Accueil","item":"https:\/\/bobea.net\/"},{"@type":"ListItem","position":2,"name":"L\u00e9a Dubois : L&rsquo;architecte fran\u00e7aise qui con\u00e7oit les villes durables de demain"}]},{"@type":"WebSite","@id":"https:\/\/bobea.net\/#website","url":"https:\/\/bobea.net\/","name":"Bobea","description":"Le magazine de la nouvelle \u00c8ve","publisher":{"@id":"https:\/\/bobea.net\/#organization"},"potentialAction":[{"@type":"SearchAction","target":{"@type":"EntryPoint","urlTemplate":"https:\/\/bobea.net\/?s={search_term_string}"},"query-input":{"@type":"PropertyValueSpecification","valueRequired":true,"valueName":"search_term_string"}}],"inLanguage":"fr-FR"},{"@type":"Organization","@id":"https:\/\/bobea.net\/#organization","name":"Bobea","url":"https:\/\/bobea.net\/","logo":{"@type":"ImageObject","inLanguage":"fr-FR","@id":"https:\/\/bobea.net\/#\/schema\/logo\/image\/","url":"https:\/\/bobea.net\/wp-content\/uploads\/2024\/06\/bobea.jpg","contentUrl":"https:\/\/bobea.net\/wp-content\/uploads\/2024\/06\/bobea.jpg","width":1080,"height":1080,"caption":"Bobea"},"image":{"@id":"https:\/\/bobea.net\/#\/schema\/logo\/image\/"},"sameAs":["https:\/\/web.facebook.com\/profile.php?id=61559252188416"]},{"@type":"Person","@id":"https:\/\/bobea.net\/#\/schema\/person\/e7f45ef187918d7c956bf619dce90ccf","name":"bobea.info","image":{"@type":"ImageObject","inLanguage":"fr-FR","@id":"https:\/\/bobea.net\/#\/schema\/person\/image\/","url":"https:\/\/secure.gravatar.com\/avatar\/36147980349df887ae30808df3e29474?s=96&d=mm&r=g","contentUrl":"https:\/\/secure.gravatar.com\/avatar\/36147980349df887ae30808df3e29474?s=96&d=mm&r=g","caption":"bobea.info"},"sameAs":["https:\/\/bobea.net"],"url":"https:\/\/bobea.net\/index.php\/author\/bobea-info\/"}]}},"_links":{"self":[{"href":"https:\/\/bobea.net\/index.php\/wp-json\/wp\/v2\/posts\/7399"}],"collection":[{"href":"https:\/\/bobea.net\/index.php\/wp-json\/wp\/v2\/posts"}],"about":[{"href":"https:\/\/bobea.net\/index.php\/wp-json\/wp\/v2\/types\/post"}],"author":[{"embeddable":true,"href":"https:\/\/bobea.net\/index.php\/wp-json\/wp\/v2\/users\/1"}],"replies":[{"embeddable":true,"href":"https:\/\/bobea.net\/index.php\/wp-json\/wp\/v2\/comments?post=7399"}],"version-history":[{"count":0,"href":"https:\/\/bobea.net\/index.php\/wp-json\/wp\/v2\/posts\/7399\/revisions"}],"wp:featuredmedia":[{"embeddable":true,"href":"https:\/\/bobea.net\/index.php\/wp-json\/wp\/v2\/media\/7400"}],"wp:attachment":[{"href":"https:\/\/bobea.net\/index.php\/wp-json\/wp\/v2\/media?parent=7399"}],"wp:term":[{"taxonomy":"category","embeddable":true,"href":"https:\/\/bobea.net\/index.php\/wp-json\/wp\/v2\/categories?post=7399"},{"taxonomy":"post_tag","embeddable":true,"href":"https:\/\/bobea.net\/index.php\/wp-json\/wp\/v2\/tags?post=7399"}],"curies":[{"name":"wp","href":"https:\/\/api.w.org\/{rel}","templated":true}]}}