{"id":7380,"date":"2025-01-17T14:17:50","date_gmt":"2025-01-17T14:17:50","guid":{"rendered":"https:\/\/bobea.net\/?p=7380"},"modified":"2025-01-17T14:17:51","modified_gmt":"2025-01-17T14:17:51","slug":"beaute-inclusive-comment-les-marques-sadaptent-aux-diversites-de-peau-et-de-cheveux","status":"publish","type":"post","link":"https:\/\/bobea.net\/index.php\/2025\/01\/17\/beaute-inclusive-comment-les-marques-sadaptent-aux-diversites-de-peau-et-de-cheveux\/","title":{"rendered":"Beaut\u00e9 inclusive : Comment les marques s\u2019adaptent aux diversit\u00e9s de peau et de cheveux"},"content":{"rendered":"\n<p>Intro\u00adduc\u00adtion \u00e0 la beaut\u00e9 inclu\u00adsive<\/p>\n\n\n\n<p>La beaut\u00e9 inclu\u00adsive est dev\u00adenue un imp\u00e9ratif pour l\u2019in\u00addus\u00adtrie cos\u00adm\u00e9\u00adtique en 2025. Les mar\u00adques pren\u00adnent con\u00adscience de la n\u00e9ces\u00adsit\u00e9 de repr\u00e9sen\u00adter toutes les car\u00adna\u00adtions, types de cheveux et \u00e2ges. Cette \u00e9vo\u00adlu\u00adtion r\u00e9pond \u00e0 une demande crois\u00adsante des con\u00adsom\u00adma\u00adteurs pour des pro\u00adduits qui refl\u00e8\u00adtent la diver\u00adsit\u00e9 du monde.<\/p>\n\n\n\n<p>Les mar\u00adques pio\u00adnni\u00e8res<\/p>\n\n\n\n<p>Des mar\u00adques comme&nbsp;<strong>Fen\u00adty Beau\u00adty<\/strong>, fond\u00e9e par Rihan\u00adna, ont ouvert la voie en pro\u00adposant une gamme de fonds de teint adap\u00adt\u00e9s \u00e0 toutes les peaux. Avec 50 teintes disponibles, Fen\u00adty a d\u00e9mon\u00adtr\u00e9 que l\u2019in\u00adclu\u00adsiv\u00adit\u00e9 peut \u00eatre rentable tout en r\u00e9pon\u00addant \u00e0 un besoin r\u00e9el sur le march\u00e9.<\/p>\n\n\n\n<p>Autres mar\u00adques engag\u00e9es<\/p>\n\n\n\n<ol start=\"1\" class=\"wp-block-list\">\n<li><strong>Rare Beau\u00adty<\/strong>&nbsp;: La mar\u00adque de Sele\u00adna Gomez pro\u00adpose \u00e9gale\u00adment une large gamme de teintes, met\u00adtant l\u2019ac\u00adcent sur la san\u00adt\u00e9 men\u00adtale et l\u2019ac\u00adcep\u00adta\u00adtion de soi.<\/li>\n\n\n\n<li><strong>ILIA Beau\u00adty<\/strong>&nbsp;: Con\u00adnue pour ses for\u00admu\u00adla\u00adtions clean, ILIA offre des pro\u00adduits adap\u00adt\u00e9s \u00e0 tous les types de peau, y com\u00adpris les peaux sen\u00adsi\u00adbles.<\/li>\n<\/ol>\n\n\n\n<p>Une approche holis\u00adtique<\/p>\n\n\n\n<p>La beaut\u00e9 inclu\u00adsive ne se lim\u00adite pas aux teintes de fond de teint. Elle englobe \u00e9gale\u00adment :<\/p>\n\n\n\n<ul class=\"wp-block-list\">\n<li><strong>Pro\u00adduits capil\u00adlaires<\/strong>&nbsp;: Des mar\u00adques comme SheaMois\u00adture et Can\u00adtu pro\u00adposent des gammes sp\u00e9\u00adci\u00adfique\u00adment con\u00e7ues pour les cheveux cr\u00e9\u00adpus et fris\u00e9s.<\/li>\n\n\n\n<li><strong>Soins de la peau<\/strong>&nbsp;: Des entre\u00adpris\u00ades comme The Ordi\u00adnary et Paula\u2019s Choice offrent des solu\u00adtions adap\u00adt\u00e9es aux dif\u00adf\u00e9rents types de peau, y com\u00adpris les peaux noires et asi\u00ada\u00adtiques.<\/li>\n<\/ul>\n\n\n\n<figure class=\"wp-block-image size-large\"><img loading=\"lazy\" decoding=\"async\" width=\"1024\" height=\"683\" src=\"https:\/\/bobea.net\/wp-content\/uploads\/2025\/01\/30325501-1024x683.webp\" alt class=\"wp-image-7382\" srcset=\"https:\/\/bobea.net\/wp-content\/uploads\/2025\/01\/30325501-1024x683.webp 1024w, https:\/\/bobea.net\/wp-content\/uploads\/2025\/01\/30325501-300x200.webp 300w, https:\/\/bobea.net\/wp-content\/uploads\/2025\/01\/30325501-768x512.webp 768w, https:\/\/bobea.net\/wp-content\/uploads\/2025\/01\/30325501.webp 1500w\" sizes=\"(max-width: 1024px) 100vw, 1024px\"><\/figure>\n\n\n\n<p>L\u2019im\u00adpor\u00adtance d\u2019une repr\u00e9sen\u00adta\u00adtion authen\u00adtique<\/p>\n\n\n\n<p>Les cam\u00adpagnes pub\u00adlic\u00adi\u00adtaires jouent un r\u00f4le cru\u00adcial dans la per\u00adcep\u00adtion de la beaut\u00e9. Les mar\u00adques qui met\u00adtent en avant des mod\u00ad\u00e8les diver\u00adsi\u00adfi\u00e9s dans leurs cam\u00adpagnes con\u00adtribuent \u00e0 bris\u00ader les st\u00e9r\u00e9o\u00adtypes tra\u00addi\u00adtion\u00adnels. Par exem\u00adple,&nbsp;<strong>Dove<\/strong>&nbsp;a \u00e9t\u00e9 salu\u00e9e pour sa cam\u00adpagne \u201cReal Beau\u00adty\u201d, qui c\u00e9l\u00e8bre la diver\u00adsit\u00e9 cor\u00adporelle.<\/p>\n\n\n\n<p>T\u00e9moignages inspi\u00adrants<\/p>\n\n\n\n<p>Des femmes comme Fatou Dial\u00adlo, mil\u00adi\u00adtante pour la beaut\u00e9 inclu\u00adsive, affir\u00adment que cette \u00e9vo\u00adlu\u00adtion est essen\u00adtielle : \u201cIl est temps que toutes les femmes se sen\u00adtent repr\u00e9sen\u00adt\u00e9es dans les pro\u00adduits qu\u2019elles utilisent.\u201d<\/p>\n\n\n\n<p>Con\u00adclu\u00adsion<\/p>\n\n\n\n<p>La beaut\u00e9 inclu\u00adsive est bien plus qu\u2019une ten\u00addance ; c\u2019est un mou\u00adve\u00adment qui trans\u00adforme l\u2019in\u00addus\u00adtrie cos\u00adm\u00e9\u00adtique en offrant des solu\u00adtions adap\u00adt\u00e9es \u00e0 toutes. En c\u00e9l\u00e9brant la diver\u00adsit\u00e9, les mar\u00adques non seule\u00adment r\u00e9pon\u00addent aux attentes des con\u00adsom\u00adma\u00adteurs mod\u00adernes mais con\u00adtribuent \u00e9gale\u00adment \u00e0 red\u00e9finir les stan\u00addards de beaut\u00e9.<\/p>\n","protected":false},"excerpt":{"rendered":"<p>Intro\u00adduc\u00adtion \u00e0 la beaut\u00e9 inclu\u00adsive La beaut\u00e9 inclu\u00adsive est dev\u00adenue un imp\u00e9ratif pour l\u2019in\u00addus\u00adtrie cos\u00adm\u00e9\u00adtique en 2025. Les mar\u00adques pren\u00adnent con\u00adscience de la n\u00e9ces\u00adsit\u00e9 de repr\u00e9sen\u00adter toutes les car\u00adna\u00adtions, types\u2026 <\/p>\n","protected":false},"author":1,"featured_media":7381,"comment_status":"open","ping_status":"open","sticky":false,"template":"","format":"standard","meta":{"wp_typography_post_enhancements_disabled":false,"footnotes":""},"categories":[51],"tags":[],"class_list":["post-7380","post","type-post","status-publish","format-standard","has-post-thumbnail","hentry","category-beaute"],"yoast_head":"<!-- This site is optimized with the Yoast SEO plugin v24.7 - https:\/\/yoast.com\/wordpress\/plugins\/seo\/ -->\n<title>Beaut\u00e9 inclusive : Comment les marques s&#039;adaptent aux diversit\u00e9s de peau et de cheveux - Bobea<\/title>\n<meta name=\"robots\" content=\"index, follow, max-snippet:-1, max-image-preview:large, max-video-preview:-1\" \/>\n<link rel=\"canonical\" href=\"https:\/\/bobea.net\/index.php\/2025\/01\/17\/beaute-inclusive-comment-les-marques-sadaptent-aux-diversites-de-peau-et-de-cheveux\/\" \/>\n<meta property=\"og:locale\" content=\"fr_FR\" \/>\n<meta property=\"og:type\" content=\"article\" \/>\n<meta property=\"og:title\" content=\"Beaut\u00e9 inclusive : Comment les marques s&#039;adaptent aux diversit\u00e9s de peau et de cheveux - Bobea\" \/>\n<meta property=\"og:description\" content=\"Intro\u00adduc\u00adtion \u00e0 la beaut\u00e9 inclu\u00adsive La beaut\u00e9 inclu\u00adsive est dev\u00adenue un imp\u00e9ratif pour l\u2019in\u00addus\u00adtrie cos\u00adm\u00e9\u00adtique en 2025. Les mar\u00adques pren\u00adnent con\u00adscience de la n\u00e9ces\u00adsit\u00e9 de repr\u00e9sen\u00adter toutes les car\u00adna\u00adtions, types&hellip;\" \/>\n<meta property=\"og:url\" content=\"https:\/\/bobea.net\/index.php\/2025\/01\/17\/beaute-inclusive-comment-les-marques-sadaptent-aux-diversites-de-peau-et-de-cheveux\/\" \/>\n<meta property=\"og:site_name\" content=\"Bobea\" \/>\n<meta property=\"article:publisher\" content=\"https:\/\/web.facebook.com\/profile.php?id=61559252188416\" \/>\n<meta property=\"article:published_time\" content=\"2025-01-17T14:17:50+00:00\" \/>\n<meta property=\"article:modified_time\" content=\"2025-01-17T14:17:51+00:00\" \/>\n<meta property=\"og:image\" content=\"https:\/\/bobea.net\/wp-content\/uploads\/2025\/01\/Three-women-holding-up-beauty-products.webp\" \/>\n\t<meta property=\"og:image:width\" content=\"1024\" \/>\n\t<meta property=\"og:image:height\" content=\"512\" \/>\n\t<meta property=\"og:image:type\" content=\"image\/webp\" \/>\n<meta name=\"author\" content=\"bobea.info\" \/>\n<meta name=\"twitter:card\" content=\"summary_large_image\" \/>\n<meta name=\"twitter:label1\" content=\"\u00c9crit par\" \/>\n\t<meta name=\"twitter:data1\" content=\"bobea.info\" \/>\n\t<meta name=\"twitter:label2\" content=\"Dur\u00e9e de lecture estim\u00e9e\" \/>\n\t<meta name=\"twitter:data2\" content=\"3 minutes\" \/>\n<script type=\"application\/ld+json\" class=\"yoast-schema-graph\">{\"@context\":\"https:\/\/schema.org\",\"@graph\":[{\"@type\":\"Article\",\"@id\":\"https:\/\/bobea.net\/index.php\/2025\/01\/17\/beaute-inclusive-comment-les-marques-sadaptent-aux-diversites-de-peau-et-de-cheveux\/#article\",\"isPartOf\":{\"@id\":\"https:\/\/bobea.net\/index.php\/2025\/01\/17\/beaute-inclusive-comment-les-marques-sadaptent-aux-diversites-de-peau-et-de-cheveux\/\"},\"author\":{\"name\":\"bobea.info\",\"@id\":\"https:\/\/bobea.net\/#\/schema\/person\/e7f45ef187918d7c956bf619dce90ccf\"},\"headline\":\"Beaut\u00e9 inclusive : Comment les marques s\u2019adaptent aux diversit\u00e9s de peau et de cheveux\",\"datePublished\":\"2025-01-17T14:17:50+00:00\",\"dateModified\":\"2025-01-17T14:17:51+00:00\",\"mainEntityOfPage\":{\"@id\":\"https:\/\/bobea.net\/index.php\/2025\/01\/17\/beaute-inclusive-comment-les-marques-sadaptent-aux-diversites-de-peau-et-de-cheveux\/\"},\"wordCount\":405,\"commentCount\":0,\"publisher\":{\"@id\":\"https:\/\/bobea.net\/#organization\"},\"image\":{\"@id\":\"https:\/\/bobea.net\/index.php\/2025\/01\/17\/beaute-inclusive-comment-les-marques-sadaptent-aux-diversites-de-peau-et-de-cheveux\/#primaryimage\"},\"thumbnailUrl\":\"https:\/\/bobea.net\/wp-content\/uploads\/2025\/01\/Three-women-holding-up-beauty-products.webp\",\"articleSection\":[\"Beaut\u00e9\"],\"inLanguage\":\"fr-FR\",\"potentialAction\":[{\"@type\":\"CommentAction\",\"name\":\"Comment\",\"target\":[\"https:\/\/bobea.net\/index.php\/2025\/01\/17\/beaute-inclusive-comment-les-marques-sadaptent-aux-diversites-de-peau-et-de-cheveux\/#respond\"]}]},{\"@type\":\"WebPage\",\"@id\":\"https:\/\/bobea.net\/index.php\/2025\/01\/17\/beaute-inclusive-comment-les-marques-sadaptent-aux-diversites-de-peau-et-de-cheveux\/\",\"url\":\"https:\/\/bobea.net\/index.php\/2025\/01\/17\/beaute-inclusive-comment-les-marques-sadaptent-aux-diversites-de-peau-et-de-cheveux\/\",\"name\":\"Beaut\u00e9 inclusive : Comment les marques s'adaptent aux diversit\u00e9s de peau et de cheveux - Bobea\",\"isPartOf\":{\"@id\":\"https:\/\/bobea.net\/#website\"},\"primaryImageOfPage\":{\"@id\":\"https:\/\/bobea.net\/index.php\/2025\/01\/17\/beaute-inclusive-comment-les-marques-sadaptent-aux-diversites-de-peau-et-de-cheveux\/#primaryimage\"},\"image\":{\"@id\":\"https:\/\/bobea.net\/index.php\/2025\/01\/17\/beaute-inclusive-comment-les-marques-sadaptent-aux-diversites-de-peau-et-de-cheveux\/#primaryimage\"},\"thumbnailUrl\":\"https:\/\/bobea.net\/wp-content\/uploads\/2025\/01\/Three-women-holding-up-beauty-products.webp\",\"datePublished\":\"2025-01-17T14:17:50+00:00\",\"dateModified\":\"2025-01-17T14:17:51+00:00\",\"breadcrumb\":{\"@id\":\"https:\/\/bobea.net\/index.php\/2025\/01\/17\/beaute-inclusive-comment-les-marques-sadaptent-aux-diversites-de-peau-et-de-cheveux\/#breadcrumb\"},\"inLanguage\":\"fr-FR\",\"potentialAction\":[{\"@type\":\"ReadAction\",\"target\":[\"https:\/\/bobea.net\/index.php\/2025\/01\/17\/beaute-inclusive-comment-les-marques-sadaptent-aux-diversites-de-peau-et-de-cheveux\/\"]}]},{\"@type\":\"ImageObject\",\"inLanguage\":\"fr-FR\",\"@id\":\"https:\/\/bobea.net\/index.php\/2025\/01\/17\/beaute-inclusive-comment-les-marques-sadaptent-aux-diversites-de-peau-et-de-cheveux\/#primaryimage\",\"url\":\"https:\/\/bobea.net\/wp-content\/uploads\/2025\/01\/Three-women-holding-up-beauty-products.webp\",\"contentUrl\":\"https:\/\/bobea.net\/wp-content\/uploads\/2025\/01\/Three-women-holding-up-beauty-products.webp\",\"width\":1024,\"height\":512},{\"@type\":\"BreadcrumbList\",\"@id\":\"https:\/\/bobea.net\/index.php\/2025\/01\/17\/beaute-inclusive-comment-les-marques-sadaptent-aux-diversites-de-peau-et-de-cheveux\/#breadcrumb\",\"itemListElement\":[{\"@type\":\"ListItem\",\"position\":1,\"name\":\"Accueil\",\"item\":\"https:\/\/bobea.net\/\"},{\"@type\":\"ListItem\",\"position\":2,\"name\":\"Beaut\u00e9 inclusive : Comment les marques s&rsquo;adaptent aux diversit\u00e9s de peau et de cheveux\"}]},{\"@type\":\"WebSite\",\"@id\":\"https:\/\/bobea.net\/#website\",\"url\":\"https:\/\/bobea.net\/\",\"name\":\"Bobea\",\"description\":\"Le magazine de la nouvelle \u00c8ve\",\"publisher\":{\"@id\":\"https:\/\/bobea.net\/#organization\"},\"potentialAction\":[{\"@type\":\"SearchAction\",\"target\":{\"@type\":\"EntryPoint\",\"urlTemplate\":\"https:\/\/bobea.net\/?s={search_term_string}\"},\"query-input\":{\"@type\":\"PropertyValueSpecification\",\"valueRequired\":true,\"valueName\":\"search_term_string\"}}],\"inLanguage\":\"fr-FR\"},{\"@type\":\"Organization\",\"@id\":\"https:\/\/bobea.net\/#organization\",\"name\":\"Bobea\",\"url\":\"https:\/\/bobea.net\/\",\"logo\":{\"@type\":\"ImageObject\",\"inLanguage\":\"fr-FR\",\"@id\":\"https:\/\/bobea.net\/#\/schema\/logo\/image\/\",\"url\":\"https:\/\/bobea.net\/wp-content\/uploads\/2024\/06\/bobea.jpg\",\"contentUrl\":\"https:\/\/bobea.net\/wp-content\/uploads\/2024\/06\/bobea.jpg\",\"width\":1080,\"height\":1080,\"caption\":\"Bobea\"},\"image\":{\"@id\":\"https:\/\/bobea.net\/#\/schema\/logo\/image\/\"},\"sameAs\":[\"https:\/\/web.facebook.com\/profile.php?id=61559252188416\"]},{\"@type\":\"Person\",\"@id\":\"https:\/\/bobea.net\/#\/schema\/person\/e7f45ef187918d7c956bf619dce90ccf\",\"name\":\"bobea.info\",\"image\":{\"@type\":\"ImageObject\",\"inLanguage\":\"fr-FR\",\"@id\":\"https:\/\/bobea.net\/#\/schema\/person\/image\/\",\"url\":\"https:\/\/secure.gravatar.com\/avatar\/36147980349df887ae30808df3e29474?s=96&d=mm&r=g\",\"contentUrl\":\"https:\/\/secure.gravatar.com\/avatar\/36147980349df887ae30808df3e29474?s=96&d=mm&r=g\",\"caption\":\"bobea.info\"},\"sameAs\":[\"https:\/\/bobea.net\"],\"url\":\"https:\/\/bobea.net\/index.php\/author\/bobea-info\/\"}]}<\/script>\n<!-- \/ Yoast SEO plugin. -->","yoast_head_json":{"title":"Beaut\u00e9 inclusive : Comment les marques s'adaptent aux diversit\u00e9s de peau et de cheveux - Bobea","robots":{"index":"index","follow":"follow","max-snippet":"max-snippet:-1","max-image-preview":"max-image-preview:large","max-video-preview":"max-video-preview:-1"},"canonical":"https:\/\/bobea.net\/index.php\/2025\/01\/17\/beaute-inclusive-comment-les-marques-sadaptent-aux-diversites-de-peau-et-de-cheveux\/","og_locale":"fr_FR","og_type":"article","og_title":"Beaut\u00e9 inclusive : Comment les marques s'adaptent aux diversit\u00e9s de peau et de cheveux - Bobea","og_description":"Intro\u00adduc\u00adtion \u00e0 la beaut\u00e9 inclu\u00adsive La beaut\u00e9 inclu\u00adsive est dev\u00adenue un imp\u00e9ratif pour l\u2019in\u00addus\u00adtrie cos\u00adm\u00e9\u00adtique en 2025. Les mar\u00adques pren\u00adnent con\u00adscience de la n\u00e9ces\u00adsit\u00e9 de repr\u00e9sen\u00adter toutes les car\u00adna\u00adtions, types&hellip;","og_url":"https:\/\/bobea.net\/index.php\/2025\/01\/17\/beaute-inclusive-comment-les-marques-sadaptent-aux-diversites-de-peau-et-de-cheveux\/","og_site_name":"Bobea","article_publisher":"https:\/\/web.facebook.com\/profile.php?id=61559252188416","article_published_time":"2025-01-17T14:17:50+00:00","article_modified_time":"2025-01-17T14:17:51+00:00","og_image":[{"width":1024,"height":512,"url":"https:\/\/bobea.net\/wp-content\/uploads\/2025\/01\/Three-women-holding-up-beauty-products.webp","type":"image\/webp"}],"author":"bobea.info","twitter_card":"summary_large_image","twitter_misc":{"\u00c9crit par":"bobea.info","Dur\u00e9e de lecture estim\u00e9e":"3 minutes"},"schema":{"@context":"https:\/\/schema.org","@graph":[{"@type":"Article","@id":"https:\/\/bobea.net\/index.php\/2025\/01\/17\/beaute-inclusive-comment-les-marques-sadaptent-aux-diversites-de-peau-et-de-cheveux\/#article","isPartOf":{"@id":"https:\/\/bobea.net\/index.php\/2025\/01\/17\/beaute-inclusive-comment-les-marques-sadaptent-aux-diversites-de-peau-et-de-cheveux\/"},"author":{"name":"bobea.info","@id":"https:\/\/bobea.net\/#\/schema\/person\/e7f45ef187918d7c956bf619dce90ccf"},"headline":"Beaut\u00e9 inclusive : Comment les marques s\u2019adaptent aux diversit\u00e9s de peau et de cheveux","datePublished":"2025-01-17T14:17:50+00:00","dateModified":"2025-01-17T14:17:51+00:00","mainEntityOfPage":{"@id":"https:\/\/bobea.net\/index.php\/2025\/01\/17\/beaute-inclusive-comment-les-marques-sadaptent-aux-diversites-de-peau-et-de-cheveux\/"},"wordCount":405,"commentCount":0,"publisher":{"@id":"https:\/\/bobea.net\/#organization"},"image":{"@id":"https:\/\/bobea.net\/index.php\/2025\/01\/17\/beaute-inclusive-comment-les-marques-sadaptent-aux-diversites-de-peau-et-de-cheveux\/#primaryimage"},"thumbnailUrl":"https:\/\/bobea.net\/wp-content\/uploads\/2025\/01\/Three-women-holding-up-beauty-products.webp","articleSection":["Beaut\u00e9"],"inLanguage":"fr-FR","potentialAction":[{"@type":"CommentAction","name":"Comment","target":["https:\/\/bobea.net\/index.php\/2025\/01\/17\/beaute-inclusive-comment-les-marques-sadaptent-aux-diversites-de-peau-et-de-cheveux\/#respond"]}]},{"@type":"WebPage","@id":"https:\/\/bobea.net\/index.php\/2025\/01\/17\/beaute-inclusive-comment-les-marques-sadaptent-aux-diversites-de-peau-et-de-cheveux\/","url":"https:\/\/bobea.net\/index.php\/2025\/01\/17\/beaute-inclusive-comment-les-marques-sadaptent-aux-diversites-de-peau-et-de-cheveux\/","name":"Beaut\u00e9 inclusive : Comment les marques s'adaptent aux diversit\u00e9s de peau et de cheveux - Bobea","isPartOf":{"@id":"https:\/\/bobea.net\/#website"},"primaryImageOfPage":{"@id":"https:\/\/bobea.net\/index.php\/2025\/01\/17\/beaute-inclusive-comment-les-marques-sadaptent-aux-diversites-de-peau-et-de-cheveux\/#primaryimage"},"image":{"@id":"https:\/\/bobea.net\/index.php\/2025\/01\/17\/beaute-inclusive-comment-les-marques-sadaptent-aux-diversites-de-peau-et-de-cheveux\/#primaryimage"},"thumbnailUrl":"https:\/\/bobea.net\/wp-content\/uploads\/2025\/01\/Three-women-holding-up-beauty-products.webp","datePublished":"2025-01-17T14:17:50+00:00","dateModified":"2025-01-17T14:17:51+00:00","breadcrumb":{"@id":"https:\/\/bobea.net\/index.php\/2025\/01\/17\/beaute-inclusive-comment-les-marques-sadaptent-aux-diversites-de-peau-et-de-cheveux\/#breadcrumb"},"inLanguage":"fr-FR","potentialAction":[{"@type":"ReadAction","target":["https:\/\/bobea.net\/index.php\/2025\/01\/17\/beaute-inclusive-comment-les-marques-sadaptent-aux-diversites-de-peau-et-de-cheveux\/"]}]},{"@type":"ImageObject","inLanguage":"fr-FR","@id":"https:\/\/bobea.net\/index.php\/2025\/01\/17\/beaute-inclusive-comment-les-marques-sadaptent-aux-diversites-de-peau-et-de-cheveux\/#primaryimage","url":"https:\/\/bobea.net\/wp-content\/uploads\/2025\/01\/Three-women-holding-up-beauty-products.webp","contentUrl":"https:\/\/bobea.net\/wp-content\/uploads\/2025\/01\/Three-women-holding-up-beauty-products.webp","width":1024,"height":512},{"@type":"BreadcrumbList","@id":"https:\/\/bobea.net\/index.php\/2025\/01\/17\/beaute-inclusive-comment-les-marques-sadaptent-aux-diversites-de-peau-et-de-cheveux\/#breadcrumb","itemListElement":[{"@type":"ListItem","position":1,"name":"Accueil","item":"https:\/\/bobea.net\/"},{"@type":"ListItem","position":2,"name":"Beaut\u00e9 inclusive : Comment les marques s&rsquo;adaptent aux diversit\u00e9s de peau et de cheveux"}]},{"@type":"WebSite","@id":"https:\/\/bobea.net\/#website","url":"https:\/\/bobea.net\/","name":"Bobea","description":"Le magazine de la nouvelle \u00c8ve","publisher":{"@id":"https:\/\/bobea.net\/#organization"},"potentialAction":[{"@type":"SearchAction","target":{"@type":"EntryPoint","urlTemplate":"https:\/\/bobea.net\/?s={search_term_string}"},"query-input":{"@type":"PropertyValueSpecification","valueRequired":true,"valueName":"search_term_string"}}],"inLanguage":"fr-FR"},{"@type":"Organization","@id":"https:\/\/bobea.net\/#organization","name":"Bobea","url":"https:\/\/bobea.net\/","logo":{"@type":"ImageObject","inLanguage":"fr-FR","@id":"https:\/\/bobea.net\/#\/schema\/logo\/image\/","url":"https:\/\/bobea.net\/wp-content\/uploads\/2024\/06\/bobea.jpg","contentUrl":"https:\/\/bobea.net\/wp-content\/uploads\/2024\/06\/bobea.jpg","width":1080,"height":1080,"caption":"Bobea"},"image":{"@id":"https:\/\/bobea.net\/#\/schema\/logo\/image\/"},"sameAs":["https:\/\/web.facebook.com\/profile.php?id=61559252188416"]},{"@type":"Person","@id":"https:\/\/bobea.net\/#\/schema\/person\/e7f45ef187918d7c956bf619dce90ccf","name":"bobea.info","image":{"@type":"ImageObject","inLanguage":"fr-FR","@id":"https:\/\/bobea.net\/#\/schema\/person\/image\/","url":"https:\/\/secure.gravatar.com\/avatar\/36147980349df887ae30808df3e29474?s=96&d=mm&r=g","contentUrl":"https:\/\/secure.gravatar.com\/avatar\/36147980349df887ae30808df3e29474?s=96&d=mm&r=g","caption":"bobea.info"},"sameAs":["https:\/\/bobea.net"],"url":"https:\/\/bobea.net\/index.php\/author\/bobea-info\/"}]}},"_links":{"self":[{"href":"https:\/\/bobea.net\/index.php\/wp-json\/wp\/v2\/posts\/7380"}],"collection":[{"href":"https:\/\/bobea.net\/index.php\/wp-json\/wp\/v2\/posts"}],"about":[{"href":"https:\/\/bobea.net\/index.php\/wp-json\/wp\/v2\/types\/post"}],"author":[{"embeddable":true,"href":"https:\/\/bobea.net\/index.php\/wp-json\/wp\/v2\/users\/1"}],"replies":[{"embeddable":true,"href":"https:\/\/bobea.net\/index.php\/wp-json\/wp\/v2\/comments?post=7380"}],"version-history":[{"count":0,"href":"https:\/\/bobea.net\/index.php\/wp-json\/wp\/v2\/posts\/7380\/revisions"}],"wp:featuredmedia":[{"embeddable":true,"href":"https:\/\/bobea.net\/index.php\/wp-json\/wp\/v2\/media\/7381"}],"wp:attachment":[{"href":"https:\/\/bobea.net\/index.php\/wp-json\/wp\/v2\/media?parent=7380"}],"wp:term":[{"taxonomy":"category","embeddable":true,"href":"https:\/\/bobea.net\/index.php\/wp-json\/wp\/v2\/categories?post=7380"},{"taxonomy":"post_tag","embeddable":true,"href":"https:\/\/bobea.net\/index.php\/wp-json\/wp\/v2\/tags?post=7380"}],"curies":[{"name":"wp","href":"https:\/\/api.w.org\/{rel}","templated":true}]}}