{"id":7366,"date":"2025-01-17T14:02:09","date_gmt":"2025-01-17T14:02:09","guid":{"rendered":"https:\/\/bobea.net\/?p=7366"},"modified":"2025-01-17T14:02:11","modified_gmt":"2025-01-17T14:02:11","slug":"sante-mentale-des-femmes-en-2025-loms-tire-la-sonnette-dalarme-et-appelle-a-laction-mondiale","status":"publish","type":"post","link":"https:\/\/bobea.net\/index.php\/2025\/01\/17\/sante-mentale-des-femmes-en-2025-loms-tire-la-sonnette-dalarme-et-appelle-a-laction-mondiale\/","title":{"rendered":"Sant\u00e9 mentale des femmes en 2025 : L\u2019OMS tire la sonnette d\u2019alarme et appelle \u00e0 l\u2019action mondiale"},"content":{"rendered":"\n<p>Un nou\u00adveau rap\u00adport de l\u2019Or\u00adgan\u00adi\u00adsa\u00adtion Mon\u00addi\u00adale de la San\u00adt\u00e9 (OMS) met en lumi\u00e8re une crise crois\u00adsante de san\u00adt\u00e9 men\u00adtale chez les femmes \u00e0 l\u2019\u00e9chelle mon\u00addi\u00adale. Les chiffres alar\u00admants appel\u00adlent \u00e0 une action imm\u00e9\u00addi\u00adate et coor\u00addon\u00adn\u00e9e pour adress\u00ader ce prob\u00adl\u00e8me de san\u00adt\u00e9 publique majeur.<\/p>\n\n\n\n<p>Sta\u00adtis\u00adtiques cl\u00e9s du rap\u00adport de l\u2019OMS<\/p>\n\n\n\n<ul class=\"wp-block-list\">\n<li>1 femme sur 4 souf\u00adfre de trou\u00adbles anx\u00adieux ou d\u00e9pres\u00adsifs, une aug\u00admen\u00adta\u00adtion de 20% depuis 2020.<\/li>\n\n\n\n<li>Les taux de burn-out chez les femmes actives ont dou\u00adbl\u00e9 en 5 ans, atteignant 35% en 2025.<\/li>\n\n\n\n<li>Seule\u00adment 1 femme sur 3 ayant besoin de soins en san\u00adt\u00e9 men\u00adtale y a effec\u00adtive\u00adment acc\u00e8s.<\/li>\n<\/ul>\n\n\n\n<p>Fac\u00adteurs con\u00adtribuant \u00e0 la crise<\/p>\n\n\n\n<ol start=\"1\" class=\"wp-block-list\">\n<li>Pres\u00adsion soci\u00e9\u00adtale accrue et attentes irr\u00e9al\u00adistes.<\/li>\n\n\n\n<li>In\u00e9\u00adgal\u00adit\u00e9s per\u00adsis\u00adtantes dans la r\u00e9par\u00adti\u00adtion des t\u00e2ch\u00ades domes\u00adtiques et famil\u00adiales.<\/li>\n\n\n\n<li>Impact dis\u00adpro\u00adpor\u00adtion\u00adn\u00e9 de la pand\u00e9mie de COVID-19 sur l\u2019emploi et le bien-\u00eatre des femmes.<\/li>\n<\/ol>\n\n\n\n<p>Appel \u00e0 l\u2019ac\u00adtion de l\u2019OMS<\/p>\n\n\n\n<figure class=\"wp-block-image size-large\"><img loading=\"lazy\" decoding=\"async\" width=\"1024\" height=\"398\" src=\"https:\/\/bobea.net\/wp-content\/uploads\/2025\/01\/UN-News-year-review-1-Copy-1024x398.jpg\" alt class=\"wp-image-7368\" srcset=\"https:\/\/bobea.net\/wp-content\/uploads\/2025\/01\/UN-News-year-review-1-Copy-1024x398.jpg 1024w, https:\/\/bobea.net\/wp-content\/uploads\/2025\/01\/UN-News-year-review-1-Copy-300x117.jpg 300w, https:\/\/bobea.net\/wp-content\/uploads\/2025\/01\/UN-News-year-review-1-Copy-768x298.jpg 768w, https:\/\/bobea.net\/wp-content\/uploads\/2025\/01\/UN-News-year-review-1-Copy.jpg 1300w\" sizes=\"(max-width: 1024px) 100vw, 1024px\"><\/figure>\n\n\n\n<p>L\u2019OMS pro\u00adpose un plan d\u2019ac\u00adtion glob\u00adal com\u00adprenant :<\/p>\n\n\n\n<ul class=\"wp-block-list\">\n<li>Aug\u00admen\u00adta\u00adtion de 50% des investisse\u00adments dans les ser\u00advices de san\u00adt\u00e9 men\u00adtale sp\u00e9\u00adci\u00adfiques aux femmes d\u2019i\u00adci 2027.<\/li>\n\n\n\n<li>For\u00adma\u00adtion de 100 000 pro\u00adfes\u00adsion\u00adnels de san\u00adt\u00e9 sup\u00adpl\u00e9\u00admen\u00adtaires sp\u00e9\u00adcial\u00adis\u00e9s en san\u00adt\u00e9 men\u00adtale f\u00e9mi\u00adnine.<\/li>\n\n\n\n<li>Cam\u00adpagnes de sen\u00adsi\u00adbil\u00adi\u00adsa\u00adtion mon\u00addi\u00adales pour r\u00e9duire la stig\u00adma\u00adti\u00adsa\u00adtion autour de la san\u00adt\u00e9 men\u00adtale des femmes.<\/li>\n<\/ul>\n\n\n\n<p>Ini\u00adtia\u00adtives inno\u00advantes<\/p>\n\n\n\n<p>Des approches nova\u00adtri\u00adces \u00e9mer\u00adgent pour adress\u00ader cette crise :<\/p>\n\n\n\n<ul class=\"wp-block-list\">\n<li>Appli\u00adca\u00adtions de th\u00e9rapie en r\u00e9al\u00adit\u00e9 virtuelle adap\u00adt\u00e9es aux besoins sp\u00e9\u00adci\u00adfiques des femmes.<\/li>\n\n\n\n<li>Pro\u00adgrammes de sou\u00adtien par les pairs util\u00adisant l\u2019in\u00adtel\u00adli\u00adgence arti\u00adfi\u00adcielle pour met\u00adtre en rela\u00adtion les femmes ayant des exp\u00e9ri\u00adences sim\u00adi\u00adlaires.<\/li>\n<\/ul>\n\n\n\n<p>La san\u00adt\u00e9 men\u00adtale des femmes est enfin recon\u00adnue comme une pri\u00ador\u00adit\u00e9 mon\u00addi\u00adale. L\u2019ac\u00adtion con\u00adcert\u00e9e des gou\u00adverne\u00adments, des organ\u00adi\u00adsa\u00adtions de san\u00adt\u00e9 et de la soci\u00e9t\u00e9 civile sera cru\u00adciale pour invers\u00ader cette ten\u00addance alar\u00admante et assur\u00ader le bien-\u00eatre men\u00adtal des femmes dans le monde entier.<\/p>\n","protected":false},"excerpt":{"rendered":"<p>Un nou\u00adveau rap\u00adport de l\u2019Or\u00adgan\u00adi\u00adsa\u00adtion Mon\u00addi\u00adale de la San\u00adt\u00e9 (OMS) met en lumi\u00e8re une crise crois\u00adsante de san\u00adt\u00e9 men\u00adtale chez les femmes \u00e0 l\u2019\u00e9chelle mon\u00addi\u00adale. Les chiffres alar\u00admants appel\u00adlent \u00e0\u2026 <\/p>\n","protected":false},"author":1,"featured_media":7367,"comment_status":"open","ping_status":"open","sticky":false,"template":"","format":"standard","meta":{"wp_typography_post_enhancements_disabled":false,"footnotes":""},"categories":[58],"tags":[],"class_list":["post-7366","post","type-post","status-publish","format-standard","has-post-thumbnail","hentry","category-sante"],"yoast_head":"<!-- This site is optimized with the Yoast SEO plugin v24.7 - https:\/\/yoast.com\/wordpress\/plugins\/seo\/ -->\n<title>Sant\u00e9 mentale des femmes en 2025 : L&#039;OMS tire la sonnette d&#039;alarme et appelle \u00e0 l&#039;action mondiale - Bobea<\/title>\n<meta name=\"robots\" content=\"index, follow, max-snippet:-1, max-image-preview:large, max-video-preview:-1\" \/>\n<link rel=\"canonical\" href=\"https:\/\/bobea.net\/index.php\/2025\/01\/17\/sante-mentale-des-femmes-en-2025-loms-tire-la-sonnette-dalarme-et-appelle-a-laction-mondiale\/\" \/>\n<meta property=\"og:locale\" content=\"fr_FR\" \/>\n<meta property=\"og:type\" content=\"article\" \/>\n<meta property=\"og:title\" content=\"Sant\u00e9 mentale des femmes en 2025 : L&#039;OMS tire la sonnette d&#039;alarme et appelle \u00e0 l&#039;action mondiale - Bobea\" \/>\n<meta property=\"og:description\" content=\"Un nou\u00adveau rap\u00adport de l\u2019Or\u00adgan\u00adi\u00adsa\u00adtion Mon\u00addi\u00adale de la San\u00adt\u00e9 (OMS) met en lumi\u00e8re une crise crois\u00adsante de san\u00adt\u00e9 men\u00adtale chez les femmes \u00e0 l\u2019\u00e9chelle mon\u00addi\u00adale. Les chiffres alar\u00admants appel\u00adlent \u00e0&hellip;\" \/>\n<meta property=\"og:url\" content=\"https:\/\/bobea.net\/index.php\/2025\/01\/17\/sante-mentale-des-femmes-en-2025-loms-tire-la-sonnette-dalarme-et-appelle-a-laction-mondiale\/\" \/>\n<meta property=\"og:site_name\" content=\"Bobea\" \/>\n<meta property=\"article:publisher\" content=\"https:\/\/web.facebook.com\/profile.php?id=61559252188416\" \/>\n<meta property=\"article:published_time\" content=\"2025-01-17T14:02:09+00:00\" \/>\n<meta property=\"article:modified_time\" content=\"2025-01-17T14:02:11+00:00\" \/>\n<meta property=\"og:image\" content=\"https:\/\/bobea.net\/wp-content\/uploads\/2025\/01\/UN0823431-e1696926370540.jpg\" \/>\n\t<meta property=\"og:image:width\" content=\"1536\" \/>\n\t<meta property=\"og:image:height\" content=\"1024\" \/>\n\t<meta property=\"og:image:type\" content=\"image\/jpeg\" \/>\n<meta name=\"author\" content=\"bobea.info\" \/>\n<meta name=\"twitter:card\" content=\"summary_large_image\" \/>\n<meta name=\"twitter:label1\" content=\"\u00c9crit par\" \/>\n\t<meta name=\"twitter:data1\" content=\"bobea.info\" \/>\n\t<meta name=\"twitter:label2\" content=\"Dur\u00e9e de lecture estim\u00e9e\" \/>\n\t<meta name=\"twitter:data2\" content=\"2 minutes\" \/>\n<script type=\"application\/ld+json\" class=\"yoast-schema-graph\">{\"@context\":\"https:\/\/schema.org\",\"@graph\":[{\"@type\":\"Article\",\"@id\":\"https:\/\/bobea.net\/index.php\/2025\/01\/17\/sante-mentale-des-femmes-en-2025-loms-tire-la-sonnette-dalarme-et-appelle-a-laction-mondiale\/#article\",\"isPartOf\":{\"@id\":\"https:\/\/bobea.net\/index.php\/2025\/01\/17\/sante-mentale-des-femmes-en-2025-loms-tire-la-sonnette-dalarme-et-appelle-a-laction-mondiale\/\"},\"author\":{\"name\":\"bobea.info\",\"@id\":\"https:\/\/bobea.net\/#\/schema\/person\/e7f45ef187918d7c956bf619dce90ccf\"},\"headline\":\"Sant\u00e9 mentale des femmes en 2025 : L\u2019OMS tire la sonnette d\u2019alarme et appelle \u00e0 l\u2019action mondiale\",\"datePublished\":\"2025-01-17T14:02:09+00:00\",\"dateModified\":\"2025-01-17T14:02:11+00:00\",\"mainEntityOfPage\":{\"@id\":\"https:\/\/bobea.net\/index.php\/2025\/01\/17\/sante-mentale-des-femmes-en-2025-loms-tire-la-sonnette-dalarme-et-appelle-a-laction-mondiale\/\"},\"wordCount\":313,\"commentCount\":0,\"publisher\":{\"@id\":\"https:\/\/bobea.net\/#organization\"},\"image\":{\"@id\":\"https:\/\/bobea.net\/index.php\/2025\/01\/17\/sante-mentale-des-femmes-en-2025-loms-tire-la-sonnette-dalarme-et-appelle-a-laction-mondiale\/#primaryimage\"},\"thumbnailUrl\":\"https:\/\/bobea.net\/wp-content\/uploads\/2025\/01\/UN0823431-e1696926370540.jpg\",\"articleSection\":[\"Sant\u00e9\"],\"inLanguage\":\"fr-FR\",\"potentialAction\":[{\"@type\":\"CommentAction\",\"name\":\"Comment\",\"target\":[\"https:\/\/bobea.net\/index.php\/2025\/01\/17\/sante-mentale-des-femmes-en-2025-loms-tire-la-sonnette-dalarme-et-appelle-a-laction-mondiale\/#respond\"]}]},{\"@type\":\"WebPage\",\"@id\":\"https:\/\/bobea.net\/index.php\/2025\/01\/17\/sante-mentale-des-femmes-en-2025-loms-tire-la-sonnette-dalarme-et-appelle-a-laction-mondiale\/\",\"url\":\"https:\/\/bobea.net\/index.php\/2025\/01\/17\/sante-mentale-des-femmes-en-2025-loms-tire-la-sonnette-dalarme-et-appelle-a-laction-mondiale\/\",\"name\":\"Sant\u00e9 mentale des femmes en 2025 : L'OMS tire la sonnette d'alarme et appelle \u00e0 l'action mondiale - Bobea\",\"isPartOf\":{\"@id\":\"https:\/\/bobea.net\/#website\"},\"primaryImageOfPage\":{\"@id\":\"https:\/\/bobea.net\/index.php\/2025\/01\/17\/sante-mentale-des-femmes-en-2025-loms-tire-la-sonnette-dalarme-et-appelle-a-laction-mondiale\/#primaryimage\"},\"image\":{\"@id\":\"https:\/\/bobea.net\/index.php\/2025\/01\/17\/sante-mentale-des-femmes-en-2025-loms-tire-la-sonnette-dalarme-et-appelle-a-laction-mondiale\/#primaryimage\"},\"thumbnailUrl\":\"https:\/\/bobea.net\/wp-content\/uploads\/2025\/01\/UN0823431-e1696926370540.jpg\",\"datePublished\":\"2025-01-17T14:02:09+00:00\",\"dateModified\":\"2025-01-17T14:02:11+00:00\",\"breadcrumb\":{\"@id\":\"https:\/\/bobea.net\/index.php\/2025\/01\/17\/sante-mentale-des-femmes-en-2025-loms-tire-la-sonnette-dalarme-et-appelle-a-laction-mondiale\/#breadcrumb\"},\"inLanguage\":\"fr-FR\",\"potentialAction\":[{\"@type\":\"ReadAction\",\"target\":[\"https:\/\/bobea.net\/index.php\/2025\/01\/17\/sante-mentale-des-femmes-en-2025-loms-tire-la-sonnette-dalarme-et-appelle-a-laction-mondiale\/\"]}]},{\"@type\":\"ImageObject\",\"inLanguage\":\"fr-FR\",\"@id\":\"https:\/\/bobea.net\/index.php\/2025\/01\/17\/sante-mentale-des-femmes-en-2025-loms-tire-la-sonnette-dalarme-et-appelle-a-laction-mondiale\/#primaryimage\",\"url\":\"https:\/\/bobea.net\/wp-content\/uploads\/2025\/01\/UN0823431-e1696926370540.jpg\",\"contentUrl\":\"https:\/\/bobea.net\/wp-content\/uploads\/2025\/01\/UN0823431-e1696926370540.jpg\",\"width\":1536,\"height\":1024,\"caption\":\"Sant\u00e9 mentale des femmes en 2025 : L'OMS tire la sonnette d'alarme et appelle \u00e0 l'action mondiale\"},{\"@type\":\"BreadcrumbList\",\"@id\":\"https:\/\/bobea.net\/index.php\/2025\/01\/17\/sante-mentale-des-femmes-en-2025-loms-tire-la-sonnette-dalarme-et-appelle-a-laction-mondiale\/#breadcrumb\",\"itemListElement\":[{\"@type\":\"ListItem\",\"position\":1,\"name\":\"Accueil\",\"item\":\"https:\/\/bobea.net\/\"},{\"@type\":\"ListItem\",\"position\":2,\"name\":\"Sant\u00e9 mentale des femmes en 2025 : L&rsquo;OMS tire la sonnette d&rsquo;alarme et appelle \u00e0 l&rsquo;action mondiale\"}]},{\"@type\":\"WebSite\",\"@id\":\"https:\/\/bobea.net\/#website\",\"url\":\"https:\/\/bobea.net\/\",\"name\":\"Bobea\",\"description\":\"Le magazine de la nouvelle \u00c8ve\",\"publisher\":{\"@id\":\"https:\/\/bobea.net\/#organization\"},\"potentialAction\":[{\"@type\":\"SearchAction\",\"target\":{\"@type\":\"EntryPoint\",\"urlTemplate\":\"https:\/\/bobea.net\/?s={search_term_string}\"},\"query-input\":{\"@type\":\"PropertyValueSpecification\",\"valueRequired\":true,\"valueName\":\"search_term_string\"}}],\"inLanguage\":\"fr-FR\"},{\"@type\":\"Organization\",\"@id\":\"https:\/\/bobea.net\/#organization\",\"name\":\"Bobea\",\"url\":\"https:\/\/bobea.net\/\",\"logo\":{\"@type\":\"ImageObject\",\"inLanguage\":\"fr-FR\",\"@id\":\"https:\/\/bobea.net\/#\/schema\/logo\/image\/\",\"url\":\"https:\/\/bobea.net\/wp-content\/uploads\/2024\/06\/bobea.jpg\",\"contentUrl\":\"https:\/\/bobea.net\/wp-content\/uploads\/2024\/06\/bobea.jpg\",\"width\":1080,\"height\":1080,\"caption\":\"Bobea\"},\"image\":{\"@id\":\"https:\/\/bobea.net\/#\/schema\/logo\/image\/\"},\"sameAs\":[\"https:\/\/web.facebook.com\/profile.php?id=61559252188416\"]},{\"@type\":\"Person\",\"@id\":\"https:\/\/bobea.net\/#\/schema\/person\/e7f45ef187918d7c956bf619dce90ccf\",\"name\":\"bobea.info\",\"image\":{\"@type\":\"ImageObject\",\"inLanguage\":\"fr-FR\",\"@id\":\"https:\/\/bobea.net\/#\/schema\/person\/image\/\",\"url\":\"https:\/\/secure.gravatar.com\/avatar\/36147980349df887ae30808df3e29474?s=96&d=mm&r=g\",\"contentUrl\":\"https:\/\/secure.gravatar.com\/avatar\/36147980349df887ae30808df3e29474?s=96&d=mm&r=g\",\"caption\":\"bobea.info\"},\"sameAs\":[\"https:\/\/bobea.net\"],\"url\":\"https:\/\/bobea.net\/index.php\/author\/bobea-info\/\"}]}<\/script>\n<!-- \/ Yoast SEO plugin. -->","yoast_head_json":{"title":"Sant\u00e9 mentale des femmes en 2025 : L'OMS tire la sonnette d'alarme et appelle \u00e0 l'action mondiale - Bobea","robots":{"index":"index","follow":"follow","max-snippet":"max-snippet:-1","max-image-preview":"max-image-preview:large","max-video-preview":"max-video-preview:-1"},"canonical":"https:\/\/bobea.net\/index.php\/2025\/01\/17\/sante-mentale-des-femmes-en-2025-loms-tire-la-sonnette-dalarme-et-appelle-a-laction-mondiale\/","og_locale":"fr_FR","og_type":"article","og_title":"Sant\u00e9 mentale des femmes en 2025 : L'OMS tire la sonnette d'alarme et appelle \u00e0 l'action mondiale - Bobea","og_description":"Un nou\u00adveau rap\u00adport de l\u2019Or\u00adgan\u00adi\u00adsa\u00adtion Mon\u00addi\u00adale de la San\u00adt\u00e9 (OMS) met en lumi\u00e8re une crise crois\u00adsante de san\u00adt\u00e9 men\u00adtale chez les femmes \u00e0 l\u2019\u00e9chelle mon\u00addi\u00adale. Les chiffres alar\u00admants appel\u00adlent \u00e0&hellip;","og_url":"https:\/\/bobea.net\/index.php\/2025\/01\/17\/sante-mentale-des-femmes-en-2025-loms-tire-la-sonnette-dalarme-et-appelle-a-laction-mondiale\/","og_site_name":"Bobea","article_publisher":"https:\/\/web.facebook.com\/profile.php?id=61559252188416","article_published_time":"2025-01-17T14:02:09+00:00","article_modified_time":"2025-01-17T14:02:11+00:00","og_image":[{"width":1536,"height":1024,"url":"https:\/\/bobea.net\/wp-content\/uploads\/2025\/01\/UN0823431-e1696926370540.jpg","type":"image\/jpeg"}],"author":"bobea.info","twitter_card":"summary_large_image","twitter_misc":{"\u00c9crit par":"bobea.info","Dur\u00e9e de lecture estim\u00e9e":"2 minutes"},"schema":{"@context":"https:\/\/schema.org","@graph":[{"@type":"Article","@id":"https:\/\/bobea.net\/index.php\/2025\/01\/17\/sante-mentale-des-femmes-en-2025-loms-tire-la-sonnette-dalarme-et-appelle-a-laction-mondiale\/#article","isPartOf":{"@id":"https:\/\/bobea.net\/index.php\/2025\/01\/17\/sante-mentale-des-femmes-en-2025-loms-tire-la-sonnette-dalarme-et-appelle-a-laction-mondiale\/"},"author":{"name":"bobea.info","@id":"https:\/\/bobea.net\/#\/schema\/person\/e7f45ef187918d7c956bf619dce90ccf"},"headline":"Sant\u00e9 mentale des femmes en 2025 : L\u2019OMS tire la sonnette d\u2019alarme et appelle \u00e0 l\u2019action mondiale","datePublished":"2025-01-17T14:02:09+00:00","dateModified":"2025-01-17T14:02:11+00:00","mainEntityOfPage":{"@id":"https:\/\/bobea.net\/index.php\/2025\/01\/17\/sante-mentale-des-femmes-en-2025-loms-tire-la-sonnette-dalarme-et-appelle-a-laction-mondiale\/"},"wordCount":313,"commentCount":0,"publisher":{"@id":"https:\/\/bobea.net\/#organization"},"image":{"@id":"https:\/\/bobea.net\/index.php\/2025\/01\/17\/sante-mentale-des-femmes-en-2025-loms-tire-la-sonnette-dalarme-et-appelle-a-laction-mondiale\/#primaryimage"},"thumbnailUrl":"https:\/\/bobea.net\/wp-content\/uploads\/2025\/01\/UN0823431-e1696926370540.jpg","articleSection":["Sant\u00e9"],"inLanguage":"fr-FR","potentialAction":[{"@type":"CommentAction","name":"Comment","target":["https:\/\/bobea.net\/index.php\/2025\/01\/17\/sante-mentale-des-femmes-en-2025-loms-tire-la-sonnette-dalarme-et-appelle-a-laction-mondiale\/#respond"]}]},{"@type":"WebPage","@id":"https:\/\/bobea.net\/index.php\/2025\/01\/17\/sante-mentale-des-femmes-en-2025-loms-tire-la-sonnette-dalarme-et-appelle-a-laction-mondiale\/","url":"https:\/\/bobea.net\/index.php\/2025\/01\/17\/sante-mentale-des-femmes-en-2025-loms-tire-la-sonnette-dalarme-et-appelle-a-laction-mondiale\/","name":"Sant\u00e9 mentale des femmes en 2025 : L'OMS tire la sonnette d'alarme et appelle \u00e0 l'action mondiale - Bobea","isPartOf":{"@id":"https:\/\/bobea.net\/#website"},"primaryImageOfPage":{"@id":"https:\/\/bobea.net\/index.php\/2025\/01\/17\/sante-mentale-des-femmes-en-2025-loms-tire-la-sonnette-dalarme-et-appelle-a-laction-mondiale\/#primaryimage"},"image":{"@id":"https:\/\/bobea.net\/index.php\/2025\/01\/17\/sante-mentale-des-femmes-en-2025-loms-tire-la-sonnette-dalarme-et-appelle-a-laction-mondiale\/#primaryimage"},"thumbnailUrl":"https:\/\/bobea.net\/wp-content\/uploads\/2025\/01\/UN0823431-e1696926370540.jpg","datePublished":"2025-01-17T14:02:09+00:00","dateModified":"2025-01-17T14:02:11+00:00","breadcrumb":{"@id":"https:\/\/bobea.net\/index.php\/2025\/01\/17\/sante-mentale-des-femmes-en-2025-loms-tire-la-sonnette-dalarme-et-appelle-a-laction-mondiale\/#breadcrumb"},"inLanguage":"fr-FR","potentialAction":[{"@type":"ReadAction","target":["https:\/\/bobea.net\/index.php\/2025\/01\/17\/sante-mentale-des-femmes-en-2025-loms-tire-la-sonnette-dalarme-et-appelle-a-laction-mondiale\/"]}]},{"@type":"ImageObject","inLanguage":"fr-FR","@id":"https:\/\/bobea.net\/index.php\/2025\/01\/17\/sante-mentale-des-femmes-en-2025-loms-tire-la-sonnette-dalarme-et-appelle-a-laction-mondiale\/#primaryimage","url":"https:\/\/bobea.net\/wp-content\/uploads\/2025\/01\/UN0823431-e1696926370540.jpg","contentUrl":"https:\/\/bobea.net\/wp-content\/uploads\/2025\/01\/UN0823431-e1696926370540.jpg","width":1536,"height":1024,"caption":"Sant\u00e9 mentale des femmes en 2025 : L'OMS tire la sonnette d'alarme et appelle \u00e0 l'action mondiale"},{"@type":"BreadcrumbList","@id":"https:\/\/bobea.net\/index.php\/2025\/01\/17\/sante-mentale-des-femmes-en-2025-loms-tire-la-sonnette-dalarme-et-appelle-a-laction-mondiale\/#breadcrumb","itemListElement":[{"@type":"ListItem","position":1,"name":"Accueil","item":"https:\/\/bobea.net\/"},{"@type":"ListItem","position":2,"name":"Sant\u00e9 mentale des femmes en 2025 : L&rsquo;OMS tire la sonnette d&rsquo;alarme et appelle \u00e0 l&rsquo;action mondiale"}]},{"@type":"WebSite","@id":"https:\/\/bobea.net\/#website","url":"https:\/\/bobea.net\/","name":"Bobea","description":"Le magazine de la nouvelle \u00c8ve","publisher":{"@id":"https:\/\/bobea.net\/#organization"},"potentialAction":[{"@type":"SearchAction","target":{"@type":"EntryPoint","urlTemplate":"https:\/\/bobea.net\/?s={search_term_string}"},"query-input":{"@type":"PropertyValueSpecification","valueRequired":true,"valueName":"search_term_string"}}],"inLanguage":"fr-FR"},{"@type":"Organization","@id":"https:\/\/bobea.net\/#organization","name":"Bobea","url":"https:\/\/bobea.net\/","logo":{"@type":"ImageObject","inLanguage":"fr-FR","@id":"https:\/\/bobea.net\/#\/schema\/logo\/image\/","url":"https:\/\/bobea.net\/wp-content\/uploads\/2024\/06\/bobea.jpg","contentUrl":"https:\/\/bobea.net\/wp-content\/uploads\/2024\/06\/bobea.jpg","width":1080,"height":1080,"caption":"Bobea"},"image":{"@id":"https:\/\/bobea.net\/#\/schema\/logo\/image\/"},"sameAs":["https:\/\/web.facebook.com\/profile.php?id=61559252188416"]},{"@type":"Person","@id":"https:\/\/bobea.net\/#\/schema\/person\/e7f45ef187918d7c956bf619dce90ccf","name":"bobea.info","image":{"@type":"ImageObject","inLanguage":"fr-FR","@id":"https:\/\/bobea.net\/#\/schema\/person\/image\/","url":"https:\/\/secure.gravatar.com\/avatar\/36147980349df887ae30808df3e29474?s=96&d=mm&r=g","contentUrl":"https:\/\/secure.gravatar.com\/avatar\/36147980349df887ae30808df3e29474?s=96&d=mm&r=g","caption":"bobea.info"},"sameAs":["https:\/\/bobea.net"],"url":"https:\/\/bobea.net\/index.php\/author\/bobea-info\/"}]}},"_links":{"self":[{"href":"https:\/\/bobea.net\/index.php\/wp-json\/wp\/v2\/posts\/7366"}],"collection":[{"href":"https:\/\/bobea.net\/index.php\/wp-json\/wp\/v2\/posts"}],"about":[{"href":"https:\/\/bobea.net\/index.php\/wp-json\/wp\/v2\/types\/post"}],"author":[{"embeddable":true,"href":"https:\/\/bobea.net\/index.php\/wp-json\/wp\/v2\/users\/1"}],"replies":[{"embeddable":true,"href":"https:\/\/bobea.net\/index.php\/wp-json\/wp\/v2\/comments?post=7366"}],"version-history":[{"count":0,"href":"https:\/\/bobea.net\/index.php\/wp-json\/wp\/v2\/posts\/7366\/revisions"}],"wp:featuredmedia":[{"embeddable":true,"href":"https:\/\/bobea.net\/index.php\/wp-json\/wp\/v2\/media\/7367"}],"wp:attachment":[{"href":"https:\/\/bobea.net\/index.php\/wp-json\/wp\/v2\/media?parent=7366"}],"wp:term":[{"taxonomy":"category","embeddable":true,"href":"https:\/\/bobea.net\/index.php\/wp-json\/wp\/v2\/categories?post=7366"},{"taxonomy":"post_tag","embeddable":true,"href":"https:\/\/bobea.net\/index.php\/wp-json\/wp\/v2\/tags?post=7366"}],"curies":[{"name":"wp","href":"https:\/\/api.w.org\/{rel}","templated":true}]}}