{"id":7360,"date":"2025-01-17T13:55:05","date_gmt":"2025-01-17T13:55:05","guid":{"rendered":"https:\/\/bobea.net\/?p=7360"},"modified":"2025-01-17T13:55:08","modified_gmt":"2025-01-17T13:55:08","slug":"sommet-de-davos-2025-les-femmes-leaders-redefinissent-lagenda-climatique-mondial","status":"publish","type":"post","link":"https:\/\/bobea.net\/index.php\/2025\/01\/17\/sommet-de-davos-2025-les-femmes-leaders-redefinissent-lagenda-climatique-mondial\/","title":{"rendered":"Sommet de Davos 2025 : Les femmes leaders red\u00e9finissent l\u2019agenda climatique mondial"},"content":{"rendered":"\n<p>Le Forum \u00e9conomique mon\u00addi\u00adal de Davos 2025 mar\u00adque un tour\u00adnant his\u00adtorique avec une par\u00adtic\u00adi\u00adpa\u00adtion f\u00e9mi\u00adnine record dans les dis\u00adcus\u00adsions sur le cli\u00admat. Pour la pre\u00admi\u00e8re fois, plus de 50% des inter\u00advenants sur les pan\u00adels cli\u00adma\u00adtiques sont des femmes, appor\u00adtant de nou\u00advelles per\u00adspec\u00adtives et solu\u00adtions inno\u00advantes.<\/p>\n\n\n\n<p>Un lead\u00ader\u00adship f\u00e9minin sans pr\u00e9c\u00e9\u00addent<\/p>\n\n\n\n<ul class=\"wp-block-list\">\n<li>Chris\u00adtiana Figueres, anci\u00adenne secr\u00e9\u00adtaire ex\u00e9c\u00adu\u00adtive de la CCNUCC, ouvre le som\u00admet avec un dis\u00adcours per\u00adcu\u00adtant sur l\u2019ur\u00adgence cli\u00adma\u00adtique.<\/li>\n\n\n\n<li>Gre\u00adta Thun\u00adberg, d\u00e9sor\u00admais con\u00adseil\u00adl\u00e8re sp\u00e9\u00adciale de l\u2019ONU pour le cli\u00admat, pr\u00e9sente un plan d\u2019ac\u00adtion rad\u00adi\u00adcal pour attein\u00addre la neu\u00adtral\u00adit\u00e9 car\u00adbone d\u2019i\u00adci 2040.<\/li>\n<\/ul>\n\n\n\n<p>Ini\u00adtia\u00adtives cl\u00e9s pro\u00adpos\u00e9es par les femmes lead\u00aders<\/p>\n\n\n\n<ol start=\"1\" class=\"wp-block-list\">\n<li><strong>Fonds d\u2019adap\u00adta\u00adtion cli\u00adma\u00adtique pour les femmes<\/strong>&nbsp;: Un nou\u00adveau fonds de 10 mil\u00adliards de dol\u00adlars pour soutenir les pro\u00adjets d\u2019adap\u00adta\u00adtion cli\u00adma\u00adtique dirig\u00e9s par des femmes dans les pays en d\u00e9veloppe\u00adment.<\/li>\n\n\n\n<li><strong>Pro\u00adgramme \u201cTech for Cli\u00admate\u201d<\/strong>&nbsp;: Une ini\u00adtia\u00adtive visant \u00e0 for\u00admer 1 mil\u00adlion de femmes aux tech\u00adnolo\u00adgies vertes d\u2019i\u00adci 2030.<\/li>\n\n\n\n<li><strong>Pacte des entre\u00adpris\u00ades pour l\u2019\u00e9\u00adgal\u00adit\u00e9 cli\u00adma\u00adtique<\/strong>&nbsp;: Un engage\u00adment des grandes entre\u00adpris\u00ades \u00e0 attein\u00addre la par\u00adit\u00e9 hommes-femmes dans leurs \u00e9quipes de direc\u00adtion cli\u00adma\u00adtique d\u2019i\u00adci 2027.<\/li>\n<\/ol>\n\n\n\n<p>Impact et r\u00e9ac\u00adtions<\/p>\n\n\n\n<p>Les m\u00e9dias salu\u00adent cette \u201cr\u00e9vo\u00adlu\u00adtion verte au f\u00e9minin\u201d, soulig\u00adnant l\u2019im\u00adpor\u00adtance d\u2019une approche diver\u00adsi\u00adfi\u00e9e dans la lutte con\u00adtre le change\u00adment cli\u00adma\u00adtique. Les r\u00e9seaux soci\u00adaux s\u2019en\u00adflam\u00adment avec le hash\u00adtag #Wom\u00aden\u00adLead\u00adCli\u00admate, g\u00e9n\u00e9rant plus de 5 mil\u00adlions de tweets en 24 heures.<\/p>\n\n\n\n<p>Ce som\u00admet de Davos 2025 pour\u00adrait bien mar\u00adquer un tour\u00adnant d\u00e9cisif dans la gou\u00adver\u00adnance cli\u00adma\u00adtique mon\u00addi\u00adale, avec les femmes lead\u00aders en pre\u00admi\u00e8re ligne pour fa\u00e7on\u00adner un avenir plus durable et \u00e9quitable.<\/p>\n","protected":false},"excerpt":{"rendered":"<p>Le Forum \u00e9conomique mon\u00addi\u00adal de Davos 2025 mar\u00adque un tour\u00adnant his\u00adtorique avec une par\u00adtic\u00adi\u00adpa\u00adtion f\u00e9mi\u00adnine record dans les dis\u00adcus\u00adsions sur le cli\u00admat. Pour la pre\u00admi\u00e8re fois, plus de 50% des\u2026 <\/p>\n","protected":false},"author":1,"featured_media":7361,"comment_status":"open","ping_status":"open","sticky":false,"template":"","format":"standard","meta":{"wp_typography_post_enhancements_disabled":false,"footnotes":""},"categories":[71],"tags":[],"class_list":["post-7360","post","type-post","status-publish","format-standard","has-post-thumbnail","hentry","category-leaders"],"yoast_head":"<!-- This site is optimized with the Yoast SEO plugin v24.7 - https:\/\/yoast.com\/wordpress\/plugins\/seo\/ -->\n<title>Sommet de Davos 2025 : Les femmes leaders red\u00e9finissent l&#039;agenda climatique mondial - Bobea<\/title>\n<meta name=\"robots\" content=\"index, follow, max-snippet:-1, max-image-preview:large, max-video-preview:-1\" \/>\n<link rel=\"canonical\" href=\"https:\/\/bobea.net\/index.php\/2025\/01\/17\/sommet-de-davos-2025-les-femmes-leaders-redefinissent-lagenda-climatique-mondial\/\" \/>\n<meta property=\"og:locale\" content=\"fr_FR\" \/>\n<meta property=\"og:type\" content=\"article\" \/>\n<meta property=\"og:title\" content=\"Sommet de Davos 2025 : Les femmes leaders red\u00e9finissent l&#039;agenda climatique mondial - Bobea\" \/>\n<meta property=\"og:description\" content=\"Le Forum \u00e9conomique mon\u00addi\u00adal de Davos 2025 mar\u00adque un tour\u00adnant his\u00adtorique avec une par\u00adtic\u00adi\u00adpa\u00adtion f\u00e9mi\u00adnine record dans les dis\u00adcus\u00adsions sur le cli\u00admat. Pour la pre\u00admi\u00e8re fois, plus de 50% des&hellip;\" \/>\n<meta property=\"og:url\" content=\"https:\/\/bobea.net\/index.php\/2025\/01\/17\/sommet-de-davos-2025-les-femmes-leaders-redefinissent-lagenda-climatique-mondial\/\" \/>\n<meta property=\"og:site_name\" content=\"Bobea\" \/>\n<meta property=\"article:publisher\" content=\"https:\/\/web.facebook.com\/profile.php?id=61559252188416\" \/>\n<meta property=\"article:published_time\" content=\"2025-01-17T13:55:05+00:00\" \/>\n<meta property=\"article:modified_time\" content=\"2025-01-17T13:55:08+00:00\" \/>\n<meta property=\"og:image\" content=\"https:\/\/bobea.net\/wp-content\/uploads\/2025\/01\/Forum-economique-mondial.jpg\" \/>\n\t<meta property=\"og:image:width\" content=\"1200\" \/>\n\t<meta property=\"og:image:height\" content=\"600\" \/>\n\t<meta property=\"og:image:type\" content=\"image\/jpeg\" \/>\n<meta name=\"author\" content=\"bobea.info\" \/>\n<meta name=\"twitter:card\" content=\"summary_large_image\" \/>\n<meta name=\"twitter:label1\" content=\"\u00c9crit par\" \/>\n\t<meta name=\"twitter:data1\" content=\"bobea.info\" \/>\n\t<meta name=\"twitter:label2\" content=\"Dur\u00e9e de lecture estim\u00e9e\" \/>\n\t<meta name=\"twitter:data2\" content=\"2 minutes\" \/>\n<script type=\"application\/ld+json\" class=\"yoast-schema-graph\">{\"@context\":\"https:\/\/schema.org\",\"@graph\":[{\"@type\":\"Article\",\"@id\":\"https:\/\/bobea.net\/index.php\/2025\/01\/17\/sommet-de-davos-2025-les-femmes-leaders-redefinissent-lagenda-climatique-mondial\/#article\",\"isPartOf\":{\"@id\":\"https:\/\/bobea.net\/index.php\/2025\/01\/17\/sommet-de-davos-2025-les-femmes-leaders-redefinissent-lagenda-climatique-mondial\/\"},\"author\":{\"name\":\"bobea.info\",\"@id\":\"https:\/\/bobea.net\/#\/schema\/person\/e7f45ef187918d7c956bf619dce90ccf\"},\"headline\":\"Sommet de Davos 2025 : Les femmes leaders red\u00e9finissent l\u2019agenda climatique mondial\",\"datePublished\":\"2025-01-17T13:55:05+00:00\",\"dateModified\":\"2025-01-17T13:55:08+00:00\",\"mainEntityOfPage\":{\"@id\":\"https:\/\/bobea.net\/index.php\/2025\/01\/17\/sommet-de-davos-2025-les-femmes-leaders-redefinissent-lagenda-climatique-mondial\/\"},\"wordCount\":278,\"commentCount\":0,\"publisher\":{\"@id\":\"https:\/\/bobea.net\/#organization\"},\"image\":{\"@id\":\"https:\/\/bobea.net\/index.php\/2025\/01\/17\/sommet-de-davos-2025-les-femmes-leaders-redefinissent-lagenda-climatique-mondial\/#primaryimage\"},\"thumbnailUrl\":\"https:\/\/bobea.net\/wp-content\/uploads\/2025\/01\/Forum-economique-mondial.jpg\",\"articleSection\":[\"Leaders\"],\"inLanguage\":\"fr-FR\",\"potentialAction\":[{\"@type\":\"CommentAction\",\"name\":\"Comment\",\"target\":[\"https:\/\/bobea.net\/index.php\/2025\/01\/17\/sommet-de-davos-2025-les-femmes-leaders-redefinissent-lagenda-climatique-mondial\/#respond\"]}]},{\"@type\":\"WebPage\",\"@id\":\"https:\/\/bobea.net\/index.php\/2025\/01\/17\/sommet-de-davos-2025-les-femmes-leaders-redefinissent-lagenda-climatique-mondial\/\",\"url\":\"https:\/\/bobea.net\/index.php\/2025\/01\/17\/sommet-de-davos-2025-les-femmes-leaders-redefinissent-lagenda-climatique-mondial\/\",\"name\":\"Sommet de Davos 2025 : Les femmes leaders red\u00e9finissent l'agenda climatique mondial - Bobea\",\"isPartOf\":{\"@id\":\"https:\/\/bobea.net\/#website\"},\"primaryImageOfPage\":{\"@id\":\"https:\/\/bobea.net\/index.php\/2025\/01\/17\/sommet-de-davos-2025-les-femmes-leaders-redefinissent-lagenda-climatique-mondial\/#primaryimage\"},\"image\":{\"@id\":\"https:\/\/bobea.net\/index.php\/2025\/01\/17\/sommet-de-davos-2025-les-femmes-leaders-redefinissent-lagenda-climatique-mondial\/#primaryimage\"},\"thumbnailUrl\":\"https:\/\/bobea.net\/wp-content\/uploads\/2025\/01\/Forum-economique-mondial.jpg\",\"datePublished\":\"2025-01-17T13:55:05+00:00\",\"dateModified\":\"2025-01-17T13:55:08+00:00\",\"breadcrumb\":{\"@id\":\"https:\/\/bobea.net\/index.php\/2025\/01\/17\/sommet-de-davos-2025-les-femmes-leaders-redefinissent-lagenda-climatique-mondial\/#breadcrumb\"},\"inLanguage\":\"fr-FR\",\"potentialAction\":[{\"@type\":\"ReadAction\",\"target\":[\"https:\/\/bobea.net\/index.php\/2025\/01\/17\/sommet-de-davos-2025-les-femmes-leaders-redefinissent-lagenda-climatique-mondial\/\"]}]},{\"@type\":\"ImageObject\",\"inLanguage\":\"fr-FR\",\"@id\":\"https:\/\/bobea.net\/index.php\/2025\/01\/17\/sommet-de-davos-2025-les-femmes-leaders-redefinissent-lagenda-climatique-mondial\/#primaryimage\",\"url\":\"https:\/\/bobea.net\/wp-content\/uploads\/2025\/01\/Forum-economique-mondial.jpg\",\"contentUrl\":\"https:\/\/bobea.net\/wp-content\/uploads\/2025\/01\/Forum-economique-mondial.jpg\",\"width\":1200,\"height\":600},{\"@type\":\"BreadcrumbList\",\"@id\":\"https:\/\/bobea.net\/index.php\/2025\/01\/17\/sommet-de-davos-2025-les-femmes-leaders-redefinissent-lagenda-climatique-mondial\/#breadcrumb\",\"itemListElement\":[{\"@type\":\"ListItem\",\"position\":1,\"name\":\"Accueil\",\"item\":\"https:\/\/bobea.net\/\"},{\"@type\":\"ListItem\",\"position\":2,\"name\":\"Sommet de Davos 2025 : Les femmes leaders red\u00e9finissent l&rsquo;agenda climatique mondial\"}]},{\"@type\":\"WebSite\",\"@id\":\"https:\/\/bobea.net\/#website\",\"url\":\"https:\/\/bobea.net\/\",\"name\":\"Bobea\",\"description\":\"Le magazine de la nouvelle \u00c8ve\",\"publisher\":{\"@id\":\"https:\/\/bobea.net\/#organization\"},\"potentialAction\":[{\"@type\":\"SearchAction\",\"target\":{\"@type\":\"EntryPoint\",\"urlTemplate\":\"https:\/\/bobea.net\/?s={search_term_string}\"},\"query-input\":{\"@type\":\"PropertyValueSpecification\",\"valueRequired\":true,\"valueName\":\"search_term_string\"}}],\"inLanguage\":\"fr-FR\"},{\"@type\":\"Organization\",\"@id\":\"https:\/\/bobea.net\/#organization\",\"name\":\"Bobea\",\"url\":\"https:\/\/bobea.net\/\",\"logo\":{\"@type\":\"ImageObject\",\"inLanguage\":\"fr-FR\",\"@id\":\"https:\/\/bobea.net\/#\/schema\/logo\/image\/\",\"url\":\"https:\/\/bobea.net\/wp-content\/uploads\/2024\/06\/bobea.jpg\",\"contentUrl\":\"https:\/\/bobea.net\/wp-content\/uploads\/2024\/06\/bobea.jpg\",\"width\":1080,\"height\":1080,\"caption\":\"Bobea\"},\"image\":{\"@id\":\"https:\/\/bobea.net\/#\/schema\/logo\/image\/\"},\"sameAs\":[\"https:\/\/web.facebook.com\/profile.php?id=61559252188416\"]},{\"@type\":\"Person\",\"@id\":\"https:\/\/bobea.net\/#\/schema\/person\/e7f45ef187918d7c956bf619dce90ccf\",\"name\":\"bobea.info\",\"image\":{\"@type\":\"ImageObject\",\"inLanguage\":\"fr-FR\",\"@id\":\"https:\/\/bobea.net\/#\/schema\/person\/image\/\",\"url\":\"https:\/\/secure.gravatar.com\/avatar\/36147980349df887ae30808df3e29474?s=96&d=mm&r=g\",\"contentUrl\":\"https:\/\/secure.gravatar.com\/avatar\/36147980349df887ae30808df3e29474?s=96&d=mm&r=g\",\"caption\":\"bobea.info\"},\"sameAs\":[\"https:\/\/bobea.net\"],\"url\":\"https:\/\/bobea.net\/index.php\/author\/bobea-info\/\"}]}<\/script>\n<!-- \/ Yoast SEO plugin. -->","yoast_head_json":{"title":"Sommet de Davos 2025 : Les femmes leaders red\u00e9finissent l'agenda climatique mondial - Bobea","robots":{"index":"index","follow":"follow","max-snippet":"max-snippet:-1","max-image-preview":"max-image-preview:large","max-video-preview":"max-video-preview:-1"},"canonical":"https:\/\/bobea.net\/index.php\/2025\/01\/17\/sommet-de-davos-2025-les-femmes-leaders-redefinissent-lagenda-climatique-mondial\/","og_locale":"fr_FR","og_type":"article","og_title":"Sommet de Davos 2025 : Les femmes leaders red\u00e9finissent l'agenda climatique mondial - Bobea","og_description":"Le Forum \u00e9conomique mon\u00addi\u00adal de Davos 2025 mar\u00adque un tour\u00adnant his\u00adtorique avec une par\u00adtic\u00adi\u00adpa\u00adtion f\u00e9mi\u00adnine record dans les dis\u00adcus\u00adsions sur le cli\u00admat. Pour la pre\u00admi\u00e8re fois, plus de 50% des&hellip;","og_url":"https:\/\/bobea.net\/index.php\/2025\/01\/17\/sommet-de-davos-2025-les-femmes-leaders-redefinissent-lagenda-climatique-mondial\/","og_site_name":"Bobea","article_publisher":"https:\/\/web.facebook.com\/profile.php?id=61559252188416","article_published_time":"2025-01-17T13:55:05+00:00","article_modified_time":"2025-01-17T13:55:08+00:00","og_image":[{"width":1200,"height":600,"url":"https:\/\/bobea.net\/wp-content\/uploads\/2025\/01\/Forum-economique-mondial.jpg","type":"image\/jpeg"}],"author":"bobea.info","twitter_card":"summary_large_image","twitter_misc":{"\u00c9crit par":"bobea.info","Dur\u00e9e de lecture estim\u00e9e":"2 minutes"},"schema":{"@context":"https:\/\/schema.org","@graph":[{"@type":"Article","@id":"https:\/\/bobea.net\/index.php\/2025\/01\/17\/sommet-de-davos-2025-les-femmes-leaders-redefinissent-lagenda-climatique-mondial\/#article","isPartOf":{"@id":"https:\/\/bobea.net\/index.php\/2025\/01\/17\/sommet-de-davos-2025-les-femmes-leaders-redefinissent-lagenda-climatique-mondial\/"},"author":{"name":"bobea.info","@id":"https:\/\/bobea.net\/#\/schema\/person\/e7f45ef187918d7c956bf619dce90ccf"},"headline":"Sommet de Davos 2025 : Les femmes leaders red\u00e9finissent l\u2019agenda climatique mondial","datePublished":"2025-01-17T13:55:05+00:00","dateModified":"2025-01-17T13:55:08+00:00","mainEntityOfPage":{"@id":"https:\/\/bobea.net\/index.php\/2025\/01\/17\/sommet-de-davos-2025-les-femmes-leaders-redefinissent-lagenda-climatique-mondial\/"},"wordCount":278,"commentCount":0,"publisher":{"@id":"https:\/\/bobea.net\/#organization"},"image":{"@id":"https:\/\/bobea.net\/index.php\/2025\/01\/17\/sommet-de-davos-2025-les-femmes-leaders-redefinissent-lagenda-climatique-mondial\/#primaryimage"},"thumbnailUrl":"https:\/\/bobea.net\/wp-content\/uploads\/2025\/01\/Forum-economique-mondial.jpg","articleSection":["Leaders"],"inLanguage":"fr-FR","potentialAction":[{"@type":"CommentAction","name":"Comment","target":["https:\/\/bobea.net\/index.php\/2025\/01\/17\/sommet-de-davos-2025-les-femmes-leaders-redefinissent-lagenda-climatique-mondial\/#respond"]}]},{"@type":"WebPage","@id":"https:\/\/bobea.net\/index.php\/2025\/01\/17\/sommet-de-davos-2025-les-femmes-leaders-redefinissent-lagenda-climatique-mondial\/","url":"https:\/\/bobea.net\/index.php\/2025\/01\/17\/sommet-de-davos-2025-les-femmes-leaders-redefinissent-lagenda-climatique-mondial\/","name":"Sommet de Davos 2025 : Les femmes leaders red\u00e9finissent l'agenda climatique mondial - Bobea","isPartOf":{"@id":"https:\/\/bobea.net\/#website"},"primaryImageOfPage":{"@id":"https:\/\/bobea.net\/index.php\/2025\/01\/17\/sommet-de-davos-2025-les-femmes-leaders-redefinissent-lagenda-climatique-mondial\/#primaryimage"},"image":{"@id":"https:\/\/bobea.net\/index.php\/2025\/01\/17\/sommet-de-davos-2025-les-femmes-leaders-redefinissent-lagenda-climatique-mondial\/#primaryimage"},"thumbnailUrl":"https:\/\/bobea.net\/wp-content\/uploads\/2025\/01\/Forum-economique-mondial.jpg","datePublished":"2025-01-17T13:55:05+00:00","dateModified":"2025-01-17T13:55:08+00:00","breadcrumb":{"@id":"https:\/\/bobea.net\/index.php\/2025\/01\/17\/sommet-de-davos-2025-les-femmes-leaders-redefinissent-lagenda-climatique-mondial\/#breadcrumb"},"inLanguage":"fr-FR","potentialAction":[{"@type":"ReadAction","target":["https:\/\/bobea.net\/index.php\/2025\/01\/17\/sommet-de-davos-2025-les-femmes-leaders-redefinissent-lagenda-climatique-mondial\/"]}]},{"@type":"ImageObject","inLanguage":"fr-FR","@id":"https:\/\/bobea.net\/index.php\/2025\/01\/17\/sommet-de-davos-2025-les-femmes-leaders-redefinissent-lagenda-climatique-mondial\/#primaryimage","url":"https:\/\/bobea.net\/wp-content\/uploads\/2025\/01\/Forum-economique-mondial.jpg","contentUrl":"https:\/\/bobea.net\/wp-content\/uploads\/2025\/01\/Forum-economique-mondial.jpg","width":1200,"height":600},{"@type":"BreadcrumbList","@id":"https:\/\/bobea.net\/index.php\/2025\/01\/17\/sommet-de-davos-2025-les-femmes-leaders-redefinissent-lagenda-climatique-mondial\/#breadcrumb","itemListElement":[{"@type":"ListItem","position":1,"name":"Accueil","item":"https:\/\/bobea.net\/"},{"@type":"ListItem","position":2,"name":"Sommet de Davos 2025 : Les femmes leaders red\u00e9finissent l&rsquo;agenda climatique mondial"}]},{"@type":"WebSite","@id":"https:\/\/bobea.net\/#website","url":"https:\/\/bobea.net\/","name":"Bobea","description":"Le magazine de la nouvelle \u00c8ve","publisher":{"@id":"https:\/\/bobea.net\/#organization"},"potentialAction":[{"@type":"SearchAction","target":{"@type":"EntryPoint","urlTemplate":"https:\/\/bobea.net\/?s={search_term_string}"},"query-input":{"@type":"PropertyValueSpecification","valueRequired":true,"valueName":"search_term_string"}}],"inLanguage":"fr-FR"},{"@type":"Organization","@id":"https:\/\/bobea.net\/#organization","name":"Bobea","url":"https:\/\/bobea.net\/","logo":{"@type":"ImageObject","inLanguage":"fr-FR","@id":"https:\/\/bobea.net\/#\/schema\/logo\/image\/","url":"https:\/\/bobea.net\/wp-content\/uploads\/2024\/06\/bobea.jpg","contentUrl":"https:\/\/bobea.net\/wp-content\/uploads\/2024\/06\/bobea.jpg","width":1080,"height":1080,"caption":"Bobea"},"image":{"@id":"https:\/\/bobea.net\/#\/schema\/logo\/image\/"},"sameAs":["https:\/\/web.facebook.com\/profile.php?id=61559252188416"]},{"@type":"Person","@id":"https:\/\/bobea.net\/#\/schema\/person\/e7f45ef187918d7c956bf619dce90ccf","name":"bobea.info","image":{"@type":"ImageObject","inLanguage":"fr-FR","@id":"https:\/\/bobea.net\/#\/schema\/person\/image\/","url":"https:\/\/secure.gravatar.com\/avatar\/36147980349df887ae30808df3e29474?s=96&d=mm&r=g","contentUrl":"https:\/\/secure.gravatar.com\/avatar\/36147980349df887ae30808df3e29474?s=96&d=mm&r=g","caption":"bobea.info"},"sameAs":["https:\/\/bobea.net"],"url":"https:\/\/bobea.net\/index.php\/author\/bobea-info\/"}]}},"_links":{"self":[{"href":"https:\/\/bobea.net\/index.php\/wp-json\/wp\/v2\/posts\/7360"}],"collection":[{"href":"https:\/\/bobea.net\/index.php\/wp-json\/wp\/v2\/posts"}],"about":[{"href":"https:\/\/bobea.net\/index.php\/wp-json\/wp\/v2\/types\/post"}],"author":[{"embeddable":true,"href":"https:\/\/bobea.net\/index.php\/wp-json\/wp\/v2\/users\/1"}],"replies":[{"embeddable":true,"href":"https:\/\/bobea.net\/index.php\/wp-json\/wp\/v2\/comments?post=7360"}],"version-history":[{"count":0,"href":"https:\/\/bobea.net\/index.php\/wp-json\/wp\/v2\/posts\/7360\/revisions"}],"wp:featuredmedia":[{"embeddable":true,"href":"https:\/\/bobea.net\/index.php\/wp-json\/wp\/v2\/media\/7361"}],"wp:attachment":[{"href":"https:\/\/bobea.net\/index.php\/wp-json\/wp\/v2\/media?parent=7360"}],"wp:term":[{"taxonomy":"category","embeddable":true,"href":"https:\/\/bobea.net\/index.php\/wp-json\/wp\/v2\/categories?post=7360"},{"taxonomy":"post_tag","embeddable":true,"href":"https:\/\/bobea.net\/index.php\/wp-json\/wp\/v2\/tags?post=7360"}],"curies":[{"name":"wp","href":"https:\/\/api.w.org\/{rel}","templated":true}]}}