{"id":7338,"date":"2025-01-16T12:25:31","date_gmt":"2025-01-16T12:25:31","guid":{"rendered":"https:\/\/bobea.net\/?p=7338"},"modified":"2025-01-16T12:25:33","modified_gmt":"2025-01-16T12:25:33","slug":"festival-de-cannes-2025-la-realite-virtuelle-fait-son-entree-officielle","status":"publish","type":"post","link":"https:\/\/bobea.net\/index.php\/2025\/01\/16\/festival-de-cannes-2025-la-realite-virtuelle-fait-son-entree-officielle\/","title":{"rendered":"Festival de Cannes 2025 : La r\u00e9alit\u00e9 virtuelle fait son entr\u00e9e officielle"},"content":{"rendered":"\n<p>Intro\u00adduc\u00adtion \u00e0 la r\u00e9al\u00adit\u00e9 virtuelle au cin\u00e9\u00adma<\/p>\n\n\n\n<p>Le Fes\u00adti\u00adval de Cannes 2025 mar\u00adque un tour\u00adnant his\u00adtorique avec l\u2019in\u00adtro\u00adduc\u00adtion offi\u00adcielle de la r\u00e9al\u00adit\u00e9 virtuelle (RV) dans sa pro\u00adgram\u00adma\u00adtion. Cette ann\u00e9e, le fes\u00adti\u00adval met en avant plusieurs exp\u00e9ri\u00adences immer\u00adsives qui red\u00e9finis\u00adsent notre rap\u00adport au cin\u00e9\u00adma et \u00e0 la nar\u00adra\u00adtion.<\/p>\n\n\n\n<p>La r\u00e9al\u00adit\u00e9 virtuelle comme nou\u00adv\u00adel art nar\u00adratif<\/p>\n\n\n\n<p>La RV per\u00admet aux spec\u00adta\u00adteurs d\u2019en\u00adtr\u00ader dans un univers cin\u00e9\u00admatographique inter\u00adac\u00adt\u00adif o\u00f9 ils peu\u00advent explor\u00ader libre\u00adment l\u2019en\u00advi\u00adron\u00adnement et inter\u00ada\u00adgir avec les per\u00adson\u00adnages. Ce for\u00admat offre une nou\u00advelle dimen\u00adsion \u00e0 la nar\u00adra\u00adtion, per\u00adme\u00adt\u00adtant aux r\u00e9al\u00adisa\u00adteurs de racon\u00adter des his\u00adtoires sous un angle in\u00e9dit.<\/p>\n\n\n\n<p>Exem\u00adples mar\u00adquants pr\u00e9sen\u00adt\u00e9s au fes\u00adti\u00adval<\/p>\n\n\n\n<ol start=\"1\" class=\"wp-block-list\">\n<li><strong>\u201cThe Lost City\u201d<\/strong>&nbsp;: Une exp\u00e9ri\u00adence immer\u00adsive qui plonge le spec\u00adta\u00adteur dans une jun\u00adgle mys\u00adt\u00e9rieuse o\u00f9 il doit r\u00e9soudre des \u00e9nigmes pour avancer dans l\u2019his\u00adtoire.<\/li>\n\n\n\n<li><strong>\u201cEchoes of the Past\u201d<\/strong>&nbsp;: Un pro\u00adjet qui per\u00admet aux util\u00adisa\u00adteurs de revivre des moments his\u00adtoriques en inter\u00adagis\u00adsant avec des per\u00adson\u00adnages c\u00e9l\u00e8bres gr\u00e2ce \u00e0 la RV.<\/li>\n<\/ol>\n\n\n\n<p>L\u2019im\u00adpact sur l\u2019in\u00addus\u00adtrie cin\u00e9\u00admatographique<\/p>\n\n\n\n<figure class=\"wp-block-image size-full\"><img loading=\"lazy\" decoding=\"async\" width=\"1000\" height=\"666\" src=\"https:\/\/bobea.net\/wp-content\/uploads\/2025\/01\/cinema-vr-cannes.jpg\" alt class=\"wp-image-7340\" srcset=\"https:\/\/bobea.net\/wp-content\/uploads\/2025\/01\/cinema-vr-cannes.jpg 1000w, https:\/\/bobea.net\/wp-content\/uploads\/2025\/01\/cinema-vr-cannes-300x200.jpg 300w, https:\/\/bobea.net\/wp-content\/uploads\/2025\/01\/cinema-vr-cannes-768x511.jpg 768w\" sizes=\"(max-width: 1000px) 100vw, 1000px\"><\/figure>\n\n\n\n<p>L\u2019in\u00adtro\u00adduc\u00adtion de la RV au Fes\u00adti\u00adval de Cannes ouvre la voie \u00e0 une nou\u00advelle forme d\u2019art cin\u00e9\u00admatographique qui pour\u00adrait trans\u00adformer l\u2019in\u00addus\u00adtrie :<\/p>\n\n\n\n<ol start=\"1\" class=\"wp-block-list\">\n<li><strong>Nou\u00adveaux mod\u00ad\u00e8les \u00e9conomiques<\/strong>&nbsp;: La RV offre aux pro\u00adduc\u00adteurs la pos\u00adsi\u00adbil\u00adit\u00e9 de cr\u00e9er des exp\u00e9ri\u00adences payantes dis\u00adtinctes des films tra\u00addi\u00adtion\u00adnels.<\/li>\n\n\n\n<li><strong>Engage\u00adment du pub\u00adlic<\/strong>&nbsp;: Les exp\u00e9ri\u00adences immer\u00adsives cap\u00adtivent davan\u00adtage le pub\u00adlic, aug\u00admen\u00adtant ain\u00adsi leur engage\u00adment \u00e9mo\u00adtion\u00adnel envers l\u2019his\u00adtoire.<\/li>\n\n\n\n<li><strong>Oppor\u00adtu\u00adnit\u00e9s pour les cr\u00e9a\u00adteurs ind\u00e9pen\u00addants<\/strong>&nbsp;: La RV per\u00admet aux jeunes r\u00e9al\u00adisa\u00adteurs de se faire con\u00adna\u00eetre sans pass\u00ader par les cir\u00adcuits tra\u00addi\u00adtion\u00adnels.<\/li>\n<\/ol>\n\n\n\n<p>Les d\u00e9fis ren\u00adcon\u00adtr\u00e9s par la RV<\/p>\n\n\n\n<p>Mal\u00adgr\u00e9 son poten\u00adtiel, la r\u00e9al\u00adit\u00e9 virtuelle fait face \u00e0 plusieurs d\u00e9fis :<\/p>\n\n\n\n<ol start=\"1\" class=\"wp-block-list\">\n<li><strong>Co\u00fbts \u00e9lev\u00e9s de pro\u00adduc\u00adtion<\/strong>&nbsp;: Cr\u00e9er du con\u00adtenu VR de qual\u00adit\u00e9 n\u00e9ces\u00adsite des investisse\u00adments impor\u00adtants.<\/li>\n\n\n\n<li><strong>Acces\u00adsi\u00adbil\u00adit\u00e9 lim\u00adit\u00e9e<\/strong>&nbsp;: Tous les spec\u00adta\u00adteurs n\u2019ont pas acc\u00e8s aux \u00e9quipements n\u00e9ces\u00adsaires pour vivre ces exp\u00e9ri\u00adences immer\u00adsives.<\/li>\n\n\n\n<li><strong>Normes nar\u00adra\u00adtives encore floues<\/strong>&nbsp;: La nar\u00adra\u00adtion en RV est encore en d\u00e9veloppe\u00adment, et il n\u2019ex\u00adiste pas encore de r\u00e8gles \u00e9tablies sur la mani\u00e8re de racon\u00adter effi\u00adcace\u00adment une his\u00adtoire dans ce for\u00admat.<\/li>\n<\/ol>\n\n\n\n<p>Con\u00adclu\u00adsion<\/p>\n\n\n\n<p>Le Fes\u00adti\u00adval de Cannes 2025 ouvre une nou\u00advelle page dans l\u2019his\u00adtoire du cin\u00e9\u00adma avec l\u2019in\u00adt\u00e9\u00adgra\u00adtion offi\u00adcielle de la r\u00e9al\u00adit\u00e9 virtuelle. En offrant aux spec\u00adta\u00adteurs une exp\u00e9ri\u00adence immer\u00adsive unique, cette inno\u00adva\u00adtion pour\u00adrait red\u00e9finir notre com\u00adpr\u00e9hen\u00adsion du cin\u00e9\u00adma et enrichir notre cul\u00adture cin\u00e9\u00admatographique col\u00adlec\u00adtive.<\/p>\n\n\n\n<p><\/p>\n","protected":false},"excerpt":{"rendered":"<p>Intro\u00adduc\u00adtion \u00e0 la r\u00e9al\u00adit\u00e9 virtuelle au cin\u00e9\u00adma Le Fes\u00adti\u00adval de Cannes 2025 mar\u00adque un tour\u00adnant his\u00adtorique avec l\u2019in\u00adtro\u00adduc\u00adtion offi\u00adcielle de la r\u00e9al\u00adit\u00e9 virtuelle (RV) dans sa pro\u00adgram\u00adma\u00adtion. Cette ann\u00e9e, le\u2026 <\/p>\n","protected":false},"author":1,"featured_media":7339,"comment_status":"open","ping_status":"open","sticky":false,"template":"","format":"standard","meta":{"wp_typography_post_enhancements_disabled":false,"footnotes":""},"categories":[79],"tags":[],"class_list":["post-7338","post","type-post","status-publish","format-standard","has-post-thumbnail","hentry","category-a-la-une"],"yoast_head":"<!-- This site is optimized with the Yoast SEO plugin v24.7 - https:\/\/yoast.com\/wordpress\/plugins\/seo\/ -->\n<title>Festival de Cannes 2025 : La r\u00e9alit\u00e9 virtuelle fait son entr\u00e9e officielle - Bobea<\/title>\n<meta name=\"robots\" content=\"index, follow, max-snippet:-1, max-image-preview:large, max-video-preview:-1\" \/>\n<link rel=\"canonical\" href=\"https:\/\/bobea.net\/index.php\/2025\/01\/16\/festival-de-cannes-2025-la-realite-virtuelle-fait-son-entree-officielle\/\" \/>\n<meta property=\"og:locale\" content=\"fr_FR\" \/>\n<meta property=\"og:type\" content=\"article\" \/>\n<meta property=\"og:title\" content=\"Festival de Cannes 2025 : La r\u00e9alit\u00e9 virtuelle fait son entr\u00e9e officielle - Bobea\" \/>\n<meta property=\"og:description\" content=\"Intro\u00adduc\u00adtion \u00e0 la r\u00e9al\u00adit\u00e9 virtuelle au cin\u00e9\u00adma Le Fes\u00adti\u00adval de Cannes 2025 mar\u00adque un tour\u00adnant his\u00adtorique avec l\u2019in\u00adtro\u00adduc\u00adtion offi\u00adcielle de la r\u00e9al\u00adit\u00e9 virtuelle (RV) dans sa pro\u00adgram\u00adma\u00adtion. Cette ann\u00e9e, le&hellip;\" \/>\n<meta property=\"og:url\" content=\"https:\/\/bobea.net\/index.php\/2025\/01\/16\/festival-de-cannes-2025-la-realite-virtuelle-fait-son-entree-officielle\/\" \/>\n<meta property=\"og:site_name\" content=\"Bobea\" \/>\n<meta property=\"article:publisher\" content=\"https:\/\/web.facebook.com\/profile.php?id=61559252188416\" \/>\n<meta property=\"article:published_time\" content=\"2025-01-16T12:25:31+00:00\" \/>\n<meta property=\"article:modified_time\" content=\"2025-01-16T12:25:33+00:00\" \/>\n<meta property=\"og:image\" content=\"https:\/\/bobea.net\/wp-content\/uploads\/2025\/01\/80_850x566_66666666667_1251485546_2024144143-1716554481-shutterstock-2307755509.jpeg\" \/>\n\t<meta property=\"og:image:width\" content=\"849\" \/>\n\t<meta property=\"og:image:height\" content=\"566\" \/>\n\t<meta property=\"og:image:type\" content=\"image\/jpeg\" \/>\n<meta name=\"author\" content=\"bobea.info\" \/>\n<meta name=\"twitter:card\" content=\"summary_large_image\" \/>\n<meta name=\"twitter:label1\" content=\"\u00c9crit par\" \/>\n\t<meta name=\"twitter:data1\" content=\"bobea.info\" \/>\n\t<meta name=\"twitter:label2\" content=\"Dur\u00e9e de lecture estim\u00e9e\" \/>\n\t<meta name=\"twitter:data2\" content=\"3 minutes\" \/>\n<script type=\"application\/ld+json\" class=\"yoast-schema-graph\">{\"@context\":\"https:\/\/schema.org\",\"@graph\":[{\"@type\":\"Article\",\"@id\":\"https:\/\/bobea.net\/index.php\/2025\/01\/16\/festival-de-cannes-2025-la-realite-virtuelle-fait-son-entree-officielle\/#article\",\"isPartOf\":{\"@id\":\"https:\/\/bobea.net\/index.php\/2025\/01\/16\/festival-de-cannes-2025-la-realite-virtuelle-fait-son-entree-officielle\/\"},\"author\":{\"name\":\"bobea.info\",\"@id\":\"https:\/\/bobea.net\/#\/schema\/person\/e7f45ef187918d7c956bf619dce90ccf\"},\"headline\":\"Festival de Cannes 2025 : La r\u00e9alit\u00e9 virtuelle fait son entr\u00e9e officielle\",\"datePublished\":\"2025-01-16T12:25:31+00:00\",\"dateModified\":\"2025-01-16T12:25:33+00:00\",\"mainEntityOfPage\":{\"@id\":\"https:\/\/bobea.net\/index.php\/2025\/01\/16\/festival-de-cannes-2025-la-realite-virtuelle-fait-son-entree-officielle\/\"},\"wordCount\":424,\"commentCount\":0,\"publisher\":{\"@id\":\"https:\/\/bobea.net\/#organization\"},\"image\":{\"@id\":\"https:\/\/bobea.net\/index.php\/2025\/01\/16\/festival-de-cannes-2025-la-realite-virtuelle-fait-son-entree-officielle\/#primaryimage\"},\"thumbnailUrl\":\"https:\/\/bobea.net\/wp-content\/uploads\/2025\/01\/80_850x566_66666666667_1251485546_2024144143-1716554481-shutterstock-2307755509.jpeg\",\"articleSection\":[\"A la Une\"],\"inLanguage\":\"fr-FR\",\"potentialAction\":[{\"@type\":\"CommentAction\",\"name\":\"Comment\",\"target\":[\"https:\/\/bobea.net\/index.php\/2025\/01\/16\/festival-de-cannes-2025-la-realite-virtuelle-fait-son-entree-officielle\/#respond\"]}]},{\"@type\":\"WebPage\",\"@id\":\"https:\/\/bobea.net\/index.php\/2025\/01\/16\/festival-de-cannes-2025-la-realite-virtuelle-fait-son-entree-officielle\/\",\"url\":\"https:\/\/bobea.net\/index.php\/2025\/01\/16\/festival-de-cannes-2025-la-realite-virtuelle-fait-son-entree-officielle\/\",\"name\":\"Festival de Cannes 2025 : La r\u00e9alit\u00e9 virtuelle fait son entr\u00e9e officielle - Bobea\",\"isPartOf\":{\"@id\":\"https:\/\/bobea.net\/#website\"},\"primaryImageOfPage\":{\"@id\":\"https:\/\/bobea.net\/index.php\/2025\/01\/16\/festival-de-cannes-2025-la-realite-virtuelle-fait-son-entree-officielle\/#primaryimage\"},\"image\":{\"@id\":\"https:\/\/bobea.net\/index.php\/2025\/01\/16\/festival-de-cannes-2025-la-realite-virtuelle-fait-son-entree-officielle\/#primaryimage\"},\"thumbnailUrl\":\"https:\/\/bobea.net\/wp-content\/uploads\/2025\/01\/80_850x566_66666666667_1251485546_2024144143-1716554481-shutterstock-2307755509.jpeg\",\"datePublished\":\"2025-01-16T12:25:31+00:00\",\"dateModified\":\"2025-01-16T12:25:33+00:00\",\"breadcrumb\":{\"@id\":\"https:\/\/bobea.net\/index.php\/2025\/01\/16\/festival-de-cannes-2025-la-realite-virtuelle-fait-son-entree-officielle\/#breadcrumb\"},\"inLanguage\":\"fr-FR\",\"potentialAction\":[{\"@type\":\"ReadAction\",\"target\":[\"https:\/\/bobea.net\/index.php\/2025\/01\/16\/festival-de-cannes-2025-la-realite-virtuelle-fait-son-entree-officielle\/\"]}]},{\"@type\":\"ImageObject\",\"inLanguage\":\"fr-FR\",\"@id\":\"https:\/\/bobea.net\/index.php\/2025\/01\/16\/festival-de-cannes-2025-la-realite-virtuelle-fait-son-entree-officielle\/#primaryimage\",\"url\":\"https:\/\/bobea.net\/wp-content\/uploads\/2025\/01\/80_850x566_66666666667_1251485546_2024144143-1716554481-shutterstock-2307755509.jpeg\",\"contentUrl\":\"https:\/\/bobea.net\/wp-content\/uploads\/2025\/01\/80_850x566_66666666667_1251485546_2024144143-1716554481-shutterstock-2307755509.jpeg\",\"width\":849,\"height\":566,\"caption\":\"Festival de Cannes 2025 : La r\u00e9alit\u00e9 virtuelle fait son entr\u00e9e officielle\"},{\"@type\":\"BreadcrumbList\",\"@id\":\"https:\/\/bobea.net\/index.php\/2025\/01\/16\/festival-de-cannes-2025-la-realite-virtuelle-fait-son-entree-officielle\/#breadcrumb\",\"itemListElement\":[{\"@type\":\"ListItem\",\"position\":1,\"name\":\"Accueil\",\"item\":\"https:\/\/bobea.net\/\"},{\"@type\":\"ListItem\",\"position\":2,\"name\":\"Festival de Cannes 2025 : La r\u00e9alit\u00e9 virtuelle fait son entr\u00e9e officielle\"}]},{\"@type\":\"WebSite\",\"@id\":\"https:\/\/bobea.net\/#website\",\"url\":\"https:\/\/bobea.net\/\",\"name\":\"Bobea\",\"description\":\"Le magazine de la nouvelle \u00c8ve\",\"publisher\":{\"@id\":\"https:\/\/bobea.net\/#organization\"},\"potentialAction\":[{\"@type\":\"SearchAction\",\"target\":{\"@type\":\"EntryPoint\",\"urlTemplate\":\"https:\/\/bobea.net\/?s={search_term_string}\"},\"query-input\":{\"@type\":\"PropertyValueSpecification\",\"valueRequired\":true,\"valueName\":\"search_term_string\"}}],\"inLanguage\":\"fr-FR\"},{\"@type\":\"Organization\",\"@id\":\"https:\/\/bobea.net\/#organization\",\"name\":\"Bobea\",\"url\":\"https:\/\/bobea.net\/\",\"logo\":{\"@type\":\"ImageObject\",\"inLanguage\":\"fr-FR\",\"@id\":\"https:\/\/bobea.net\/#\/schema\/logo\/image\/\",\"url\":\"https:\/\/bobea.net\/wp-content\/uploads\/2024\/06\/bobea.jpg\",\"contentUrl\":\"https:\/\/bobea.net\/wp-content\/uploads\/2024\/06\/bobea.jpg\",\"width\":1080,\"height\":1080,\"caption\":\"Bobea\"},\"image\":{\"@id\":\"https:\/\/bobea.net\/#\/schema\/logo\/image\/\"},\"sameAs\":[\"https:\/\/web.facebook.com\/profile.php?id=61559252188416\"]},{\"@type\":\"Person\",\"@id\":\"https:\/\/bobea.net\/#\/schema\/person\/e7f45ef187918d7c956bf619dce90ccf\",\"name\":\"bobea.info\",\"image\":{\"@type\":\"ImageObject\",\"inLanguage\":\"fr-FR\",\"@id\":\"https:\/\/bobea.net\/#\/schema\/person\/image\/\",\"url\":\"https:\/\/secure.gravatar.com\/avatar\/36147980349df887ae30808df3e29474?s=96&d=mm&r=g\",\"contentUrl\":\"https:\/\/secure.gravatar.com\/avatar\/36147980349df887ae30808df3e29474?s=96&d=mm&r=g\",\"caption\":\"bobea.info\"},\"sameAs\":[\"https:\/\/bobea.net\"],\"url\":\"https:\/\/bobea.net\/index.php\/author\/bobea-info\/\"}]}<\/script>\n<!-- \/ Yoast SEO plugin. -->","yoast_head_json":{"title":"Festival de Cannes 2025 : La r\u00e9alit\u00e9 virtuelle fait son entr\u00e9e officielle - Bobea","robots":{"index":"index","follow":"follow","max-snippet":"max-snippet:-1","max-image-preview":"max-image-preview:large","max-video-preview":"max-video-preview:-1"},"canonical":"https:\/\/bobea.net\/index.php\/2025\/01\/16\/festival-de-cannes-2025-la-realite-virtuelle-fait-son-entree-officielle\/","og_locale":"fr_FR","og_type":"article","og_title":"Festival de Cannes 2025 : La r\u00e9alit\u00e9 virtuelle fait son entr\u00e9e officielle - Bobea","og_description":"Intro\u00adduc\u00adtion \u00e0 la r\u00e9al\u00adit\u00e9 virtuelle au cin\u00e9\u00adma Le Fes\u00adti\u00adval de Cannes 2025 mar\u00adque un tour\u00adnant his\u00adtorique avec l\u2019in\u00adtro\u00adduc\u00adtion offi\u00adcielle de la r\u00e9al\u00adit\u00e9 virtuelle (RV) dans sa pro\u00adgram\u00adma\u00adtion. Cette ann\u00e9e, le&hellip;","og_url":"https:\/\/bobea.net\/index.php\/2025\/01\/16\/festival-de-cannes-2025-la-realite-virtuelle-fait-son-entree-officielle\/","og_site_name":"Bobea","article_publisher":"https:\/\/web.facebook.com\/profile.php?id=61559252188416","article_published_time":"2025-01-16T12:25:31+00:00","article_modified_time":"2025-01-16T12:25:33+00:00","og_image":[{"width":849,"height":566,"url":"https:\/\/bobea.net\/wp-content\/uploads\/2025\/01\/80_850x566_66666666667_1251485546_2024144143-1716554481-shutterstock-2307755509.jpeg","type":"image\/jpeg"}],"author":"bobea.info","twitter_card":"summary_large_image","twitter_misc":{"\u00c9crit par":"bobea.info","Dur\u00e9e de lecture estim\u00e9e":"3 minutes"},"schema":{"@context":"https:\/\/schema.org","@graph":[{"@type":"Article","@id":"https:\/\/bobea.net\/index.php\/2025\/01\/16\/festival-de-cannes-2025-la-realite-virtuelle-fait-son-entree-officielle\/#article","isPartOf":{"@id":"https:\/\/bobea.net\/index.php\/2025\/01\/16\/festival-de-cannes-2025-la-realite-virtuelle-fait-son-entree-officielle\/"},"author":{"name":"bobea.info","@id":"https:\/\/bobea.net\/#\/schema\/person\/e7f45ef187918d7c956bf619dce90ccf"},"headline":"Festival de Cannes 2025 : La r\u00e9alit\u00e9 virtuelle fait son entr\u00e9e officielle","datePublished":"2025-01-16T12:25:31+00:00","dateModified":"2025-01-16T12:25:33+00:00","mainEntityOfPage":{"@id":"https:\/\/bobea.net\/index.php\/2025\/01\/16\/festival-de-cannes-2025-la-realite-virtuelle-fait-son-entree-officielle\/"},"wordCount":424,"commentCount":0,"publisher":{"@id":"https:\/\/bobea.net\/#organization"},"image":{"@id":"https:\/\/bobea.net\/index.php\/2025\/01\/16\/festival-de-cannes-2025-la-realite-virtuelle-fait-son-entree-officielle\/#primaryimage"},"thumbnailUrl":"https:\/\/bobea.net\/wp-content\/uploads\/2025\/01\/80_850x566_66666666667_1251485546_2024144143-1716554481-shutterstock-2307755509.jpeg","articleSection":["A la Une"],"inLanguage":"fr-FR","potentialAction":[{"@type":"CommentAction","name":"Comment","target":["https:\/\/bobea.net\/index.php\/2025\/01\/16\/festival-de-cannes-2025-la-realite-virtuelle-fait-son-entree-officielle\/#respond"]}]},{"@type":"WebPage","@id":"https:\/\/bobea.net\/index.php\/2025\/01\/16\/festival-de-cannes-2025-la-realite-virtuelle-fait-son-entree-officielle\/","url":"https:\/\/bobea.net\/index.php\/2025\/01\/16\/festival-de-cannes-2025-la-realite-virtuelle-fait-son-entree-officielle\/","name":"Festival de Cannes 2025 : La r\u00e9alit\u00e9 virtuelle fait son entr\u00e9e officielle - Bobea","isPartOf":{"@id":"https:\/\/bobea.net\/#website"},"primaryImageOfPage":{"@id":"https:\/\/bobea.net\/index.php\/2025\/01\/16\/festival-de-cannes-2025-la-realite-virtuelle-fait-son-entree-officielle\/#primaryimage"},"image":{"@id":"https:\/\/bobea.net\/index.php\/2025\/01\/16\/festival-de-cannes-2025-la-realite-virtuelle-fait-son-entree-officielle\/#primaryimage"},"thumbnailUrl":"https:\/\/bobea.net\/wp-content\/uploads\/2025\/01\/80_850x566_66666666667_1251485546_2024144143-1716554481-shutterstock-2307755509.jpeg","datePublished":"2025-01-16T12:25:31+00:00","dateModified":"2025-01-16T12:25:33+00:00","breadcrumb":{"@id":"https:\/\/bobea.net\/index.php\/2025\/01\/16\/festival-de-cannes-2025-la-realite-virtuelle-fait-son-entree-officielle\/#breadcrumb"},"inLanguage":"fr-FR","potentialAction":[{"@type":"ReadAction","target":["https:\/\/bobea.net\/index.php\/2025\/01\/16\/festival-de-cannes-2025-la-realite-virtuelle-fait-son-entree-officielle\/"]}]},{"@type":"ImageObject","inLanguage":"fr-FR","@id":"https:\/\/bobea.net\/index.php\/2025\/01\/16\/festival-de-cannes-2025-la-realite-virtuelle-fait-son-entree-officielle\/#primaryimage","url":"https:\/\/bobea.net\/wp-content\/uploads\/2025\/01\/80_850x566_66666666667_1251485546_2024144143-1716554481-shutterstock-2307755509.jpeg","contentUrl":"https:\/\/bobea.net\/wp-content\/uploads\/2025\/01\/80_850x566_66666666667_1251485546_2024144143-1716554481-shutterstock-2307755509.jpeg","width":849,"height":566,"caption":"Festival de Cannes 2025 : La r\u00e9alit\u00e9 virtuelle fait son entr\u00e9e officielle"},{"@type":"BreadcrumbList","@id":"https:\/\/bobea.net\/index.php\/2025\/01\/16\/festival-de-cannes-2025-la-realite-virtuelle-fait-son-entree-officielle\/#breadcrumb","itemListElement":[{"@type":"ListItem","position":1,"name":"Accueil","item":"https:\/\/bobea.net\/"},{"@type":"ListItem","position":2,"name":"Festival de Cannes 2025 : La r\u00e9alit\u00e9 virtuelle fait son entr\u00e9e officielle"}]},{"@type":"WebSite","@id":"https:\/\/bobea.net\/#website","url":"https:\/\/bobea.net\/","name":"Bobea","description":"Le magazine de la nouvelle \u00c8ve","publisher":{"@id":"https:\/\/bobea.net\/#organization"},"potentialAction":[{"@type":"SearchAction","target":{"@type":"EntryPoint","urlTemplate":"https:\/\/bobea.net\/?s={search_term_string}"},"query-input":{"@type":"PropertyValueSpecification","valueRequired":true,"valueName":"search_term_string"}}],"inLanguage":"fr-FR"},{"@type":"Organization","@id":"https:\/\/bobea.net\/#organization","name":"Bobea","url":"https:\/\/bobea.net\/","logo":{"@type":"ImageObject","inLanguage":"fr-FR","@id":"https:\/\/bobea.net\/#\/schema\/logo\/image\/","url":"https:\/\/bobea.net\/wp-content\/uploads\/2024\/06\/bobea.jpg","contentUrl":"https:\/\/bobea.net\/wp-content\/uploads\/2024\/06\/bobea.jpg","width":1080,"height":1080,"caption":"Bobea"},"image":{"@id":"https:\/\/bobea.net\/#\/schema\/logo\/image\/"},"sameAs":["https:\/\/web.facebook.com\/profile.php?id=61559252188416"]},{"@type":"Person","@id":"https:\/\/bobea.net\/#\/schema\/person\/e7f45ef187918d7c956bf619dce90ccf","name":"bobea.info","image":{"@type":"ImageObject","inLanguage":"fr-FR","@id":"https:\/\/bobea.net\/#\/schema\/person\/image\/","url":"https:\/\/secure.gravatar.com\/avatar\/36147980349df887ae30808df3e29474?s=96&d=mm&r=g","contentUrl":"https:\/\/secure.gravatar.com\/avatar\/36147980349df887ae30808df3e29474?s=96&d=mm&r=g","caption":"bobea.info"},"sameAs":["https:\/\/bobea.net"],"url":"https:\/\/bobea.net\/index.php\/author\/bobea-info\/"}]}},"_links":{"self":[{"href":"https:\/\/bobea.net\/index.php\/wp-json\/wp\/v2\/posts\/7338"}],"collection":[{"href":"https:\/\/bobea.net\/index.php\/wp-json\/wp\/v2\/posts"}],"about":[{"href":"https:\/\/bobea.net\/index.php\/wp-json\/wp\/v2\/types\/post"}],"author":[{"embeddable":true,"href":"https:\/\/bobea.net\/index.php\/wp-json\/wp\/v2\/users\/1"}],"replies":[{"embeddable":true,"href":"https:\/\/bobea.net\/index.php\/wp-json\/wp\/v2\/comments?post=7338"}],"version-history":[{"count":0,"href":"https:\/\/bobea.net\/index.php\/wp-json\/wp\/v2\/posts\/7338\/revisions"}],"wp:featuredmedia":[{"embeddable":true,"href":"https:\/\/bobea.net\/index.php\/wp-json\/wp\/v2\/media\/7339"}],"wp:attachment":[{"href":"https:\/\/bobea.net\/index.php\/wp-json\/wp\/v2\/media?parent=7338"}],"wp:term":[{"taxonomy":"category","embeddable":true,"href":"https:\/\/bobea.net\/index.php\/wp-json\/wp\/v2\/categories?post=7338"},{"taxonomy":"post_tag","embeddable":true,"href":"https:\/\/bobea.net\/index.php\/wp-json\/wp\/v2\/tags?post=7338"}],"curies":[{"name":"wp","href":"https:\/\/api.w.org\/{rel}","templated":true}]}}