{"id":7323,"date":"2025-01-16T12:05:34","date_gmt":"2025-01-16T12:05:34","guid":{"rendered":"https:\/\/bobea.net\/?p=7323"},"modified":"2025-01-16T12:05:36","modified_gmt":"2025-01-16T12:05:36","slug":"lena-muller-larchitecte-allemande-pionniere-des-villes-flottantes","status":"publish","type":"post","link":"https:\/\/bobea.net\/index.php\/2025\/01\/16\/lena-muller-larchitecte-allemande-pionniere-des-villes-flottantes\/","title":{"rendered":"Lena M\u00fcller : L\u2019architecte allemande pionni\u00e8re des villes flottantes"},"content":{"rendered":"\n<p>Intro\u00adduc\u00adtion \u00e0 Lena M\u00fcller<\/p>\n\n\n\n<p>Lena M\u00fcller, archi\u00adtecte alle\u00admande de 42 ans, est recon\u00adnue comme l\u2019une des pio\u00adnni\u00e8res dans la con\u00adcep\u00adtion de villes flot\u00adtantes durables. Son pro\u00adjet phare, \u201cOcean City\u201d, vise \u00e0 cr\u00e9er des habi\u00adtats marins inno\u00advants qui r\u00e9pon\u00addent aux d\u00e9fis du change\u00adment cli\u00adma\u00adtique tout en offrant un cadre de vie agr\u00e9able.<\/p>\n\n\n\n<p>Un par\u00adcours vision\u00adnaire<\/p>\n\n\n\n<p>Dipl\u00f4m\u00e9e de l\u2019U\u00adni\u00adver\u00adsit\u00e9 tech\u00adnique de Munich, Lena a tou\u00adjours \u00e9t\u00e9 pas\u00adsion\u00adn\u00e9e par l\u2019ar\u00adchi\u00adtec\u00adture durable et l\u2019ur\u00adban\u00adisme inno\u00advant. En 2018, elle a fond\u00e9 son pro\u00adpre cab\u00adi\u00adnet d\u2019ar\u00adchi\u00adtec\u00adture, AquaArch, sp\u00e9\u00adcial\u00adis\u00e9 dans les con\u00adstruc\u00adtions flot\u00adtantes.<\/p>\n\n\n\n<p>Les objec\u00adtifs d\u2019O\u00adcean City<\/p>\n\n\n\n<p>Le pro\u00adjet \u201cOcean City\u201d repose sur plusieurs principes fon\u00adda\u00admen\u00adtaux :<\/p>\n\n\n\n<ol start=\"1\" class=\"wp-block-list\">\n<li><strong>Dura\u00adbil\u00adit\u00e9<\/strong>&nbsp;: Util\u00adi\u00adsa\u00adtion de mat\u00e9ri\u00adaux recy\u00adcl\u00e9s et \u00e9cologiques pour min\u00adimiser l\u2019empreinte car\u00adbone.<\/li>\n\n\n\n<li><strong>Adapt\u00adabil\u00adit\u00e9<\/strong>&nbsp;: Con\u00adcep\u00adtion flex\u00adi\u00adble per\u00adme\u00adt\u00adtant aux struc\u00adtures de s\u2019adapter aux vari\u00ada\u00adtions du niveau de la mer.<\/li>\n\n\n\n<li><strong>Com\u00admu\u00adnaut\u00e9<\/strong>&nbsp;: Cr\u00e9a\u00adtion d\u2019e\u00adspaces publics favorisant l\u2019in\u00adter\u00adac\u00adtion sociale et le bien-\u00eatre des habi\u00adtants.<\/li>\n<\/ol>\n\n\n\n<p>L\u2019im\u00adpact du pro\u00adjet sur l\u2019ur\u00adban\u00adisme<\/p>\n\n\n\n<p>Lena M\u00fcller a pr\u00e9sen\u00adt\u00e9 son pro\u00adjet lors de la Con\u00adf\u00e9rence mon\u00addi\u00adale sur le cli\u00admat (COP26) en 2021, sus\u00adci\u00adtant un vif int\u00e9r\u00eat inter\u00adna\u00adtion\u00adal. Depuis lors, plusieurs gou\u00adverne\u00adments ont man\u00adi\u00adfest\u00e9 leur volon\u00adt\u00e9 d\u2019ex\u00adplor\u00ader des solu\u00adtions sim\u00adi\u00adlaires pour faire face \u00e0 la mon\u00adt\u00e9e du niveau des mers.<\/p>\n\n\n\n<figure class=\"wp-block-image size-large\"><img loading=\"lazy\" decoding=\"async\" width=\"1024\" height=\"1024\" src=\"https:\/\/bobea.net\/wp-content\/uploads\/2025\/01\/fondation-jan-michalski-tonatiuh-ambrosetti-web-6-carre-800x-q80-1024x1024.jpg\" alt class=\"wp-image-7325\" srcset=\"https:\/\/bobea.net\/wp-content\/uploads\/2025\/01\/fondation-jan-michalski-tonatiuh-ambrosetti-web-6-carre-800x-q80-1024x1024.jpg 1024w, https:\/\/bobea.net\/wp-content\/uploads\/2025\/01\/fondation-jan-michalski-tonatiuh-ambrosetti-web-6-carre-800x-q80-300x300.jpg 300w, https:\/\/bobea.net\/wp-content\/uploads\/2025\/01\/fondation-jan-michalski-tonatiuh-ambrosetti-web-6-carre-800x-q80-150x150.jpg 150w, https:\/\/bobea.net\/wp-content\/uploads\/2025\/01\/fondation-jan-michalski-tonatiuh-ambrosetti-web-6-carre-800x-q80-768x768.jpg 768w, https:\/\/bobea.net\/wp-content\/uploads\/2025\/01\/fondation-jan-michalski-tonatiuh-ambrosetti-web-6-carre-800x-q80.jpg 1420w\" sizes=\"(max-width: 1024px) 100vw, 1024px\"><\/figure>\n\n\n\n<p>T\u00e9moignages inspi\u00adrants<\/p>\n\n\n\n<p>\u201cLes id\u00e9es nova\u00adtri\u00adces de Lena ouvrent la voie \u00e0 un avenir o\u00f9 l\u2019ar\u00adchi\u00adtec\u00adture peut coex\u00adis\u00adter har\u00admonieuse\u00adment avec notre envi\u00adron\u00adnement marin\u201d, affirme un repr\u00e9sen\u00adtant du gou\u00adverne\u00adment n\u00e9er\u00adlandais.<\/p>\n\n\n\n<p>Les d\u00e9fis ren\u00adcon\u00adtr\u00e9s<\/p>\n\n\n\n<p>Mal\u00adgr\u00e9 ses suc\u00adc\u00e8s, Lena fait face \u00e0 plusieurs d\u00e9fis :<\/p>\n\n\n\n<ol start=\"1\" class=\"wp-block-list\">\n<li><strong>Finance\u00adment<\/strong>&nbsp;: Les pro\u00adjets ambitieux n\u00e9ces\u00adsi\u00adtent des investisse\u00adments impor\u00adtants et peu\u00advent \u00eatre dif\u00adfi\u00adciles \u00e0 financer.<\/li>\n\n\n\n<li><strong>R\u00e9gle\u00admen\u00adta\u00adtions strictes<\/strong>&nbsp;: Les lois sur la con\u00adstruc\u00adtion mar\u00aditime vari\u00adent con\u00adsid\u00ad\u00e9rable\u00adment d\u2019un pays \u00e0 l\u2019autre.<\/li>\n\n\n\n<li><strong>Accep\u00adta\u00adtion sociale<\/strong>&nbsp;: Con\u00adva\u00adin\u00adcre les com\u00admu\u00adnaut\u00e9s locales des avan\u00adtages des villes flot\u00adtantes peut s\u2019av\u00e9r\u00ader com\u00adplexe.<\/li>\n<\/ol>\n\n\n\n<p>Con\u00adclu\u00adsion<\/p>\n\n\n\n<p>Lena M\u00fcller incar\u00adne une nou\u00advelle g\u00e9n\u00e9ra\u00adtion d\u2019ar\u00adchi\u00adtectes qui allient inno\u00adva\u00adtion et dura\u00adbil\u00adit\u00e9. Son tra\u00advail sur les villes flot\u00adtantes repr\u00e9sente une r\u00e9ponse cr\u00e9a\u00adtive aux d\u00e9fis envi\u00adron\u00adnemen\u00adtaux con\u00adtem\u00adpo\u00adrains et inspire une r\u00e9flex\u00adion pro\u00adfonde sur notre avenir urbain.<\/p>\n","protected":false},"excerpt":{"rendered":"<p>Intro\u00adduc\u00adtion \u00e0 Lena M\u00fcller Lena M\u00fcller, archi\u00adtecte alle\u00admande de 42 ans, est recon\u00adnue comme l\u2019une des pio\u00adnni\u00e8res dans la con\u00adcep\u00adtion de villes flot\u00adtantes durables. Son pro\u00adjet phare, \u201cOcean City\u201d, vise\u2026 <\/p>\n","protected":false},"author":1,"featured_media":7324,"comment_status":"open","ping_status":"open","sticky":false,"template":"","format":"standard","meta":{"wp_typography_post_enhancements_disabled":false,"footnotes":""},"categories":[71],"tags":[],"class_list":["post-7323","post","type-post","status-publish","format-standard","has-post-thumbnail","hentry","category-leaders"],"yoast_head":"<!-- This site is optimized with the Yoast SEO plugin v24.7 - https:\/\/yoast.com\/wordpress\/plugins\/seo\/ -->\n<title>Lena M\u00fcller : L&#039;architecte allemande pionni\u00e8re des villes flottantes - Bobea<\/title>\n<meta name=\"robots\" content=\"index, follow, max-snippet:-1, max-image-preview:large, max-video-preview:-1\" \/>\n<link rel=\"canonical\" href=\"https:\/\/bobea.net\/index.php\/2025\/01\/16\/lena-muller-larchitecte-allemande-pionniere-des-villes-flottantes\/\" \/>\n<meta property=\"og:locale\" content=\"fr_FR\" \/>\n<meta property=\"og:type\" content=\"article\" \/>\n<meta property=\"og:title\" content=\"Lena M\u00fcller : L&#039;architecte allemande pionni\u00e8re des villes flottantes - Bobea\" \/>\n<meta property=\"og:description\" content=\"Intro\u00adduc\u00adtion \u00e0 Lena M\u00fcller Lena M\u00fcller, archi\u00adtecte alle\u00admande de 42 ans, est recon\u00adnue comme l\u2019une des pio\u00adnni\u00e8res dans la con\u00adcep\u00adtion de villes flot\u00adtantes durables. Son pro\u00adjet phare, \u201cOcean City\u201d, vise&hellip;\" \/>\n<meta property=\"og:url\" content=\"https:\/\/bobea.net\/index.php\/2025\/01\/16\/lena-muller-larchitecte-allemande-pionniere-des-villes-flottantes\/\" \/>\n<meta property=\"og:site_name\" content=\"Bobea\" \/>\n<meta property=\"article:publisher\" content=\"https:\/\/web.facebook.com\/profile.php?id=61559252188416\" \/>\n<meta property=\"article:published_time\" content=\"2025-01-16T12:05:34+00:00\" \/>\n<meta property=\"article:modified_time\" content=\"2025-01-16T12:05:36+00:00\" \/>\n<meta property=\"og:image\" content=\"https:\/\/bobea.net\/wp-content\/uploads\/2025\/01\/floating-cities-01.jpg\" \/>\n\t<meta property=\"og:image:width\" content=\"1900\" \/>\n\t<meta property=\"og:image:height\" content=\"1078\" \/>\n\t<meta property=\"og:image:type\" content=\"image\/jpeg\" \/>\n<meta name=\"author\" content=\"bobea.info\" \/>\n<meta name=\"twitter:card\" content=\"summary_large_image\" \/>\n<meta name=\"twitter:label1\" content=\"\u00c9crit par\" \/>\n\t<meta name=\"twitter:data1\" content=\"bobea.info\" \/>\n\t<meta name=\"twitter:label2\" content=\"Dur\u00e9e de lecture estim\u00e9e\" \/>\n\t<meta name=\"twitter:data2\" content=\"2 minutes\" \/>\n<script type=\"application\/ld+json\" class=\"yoast-schema-graph\">{\"@context\":\"https:\/\/schema.org\",\"@graph\":[{\"@type\":\"Article\",\"@id\":\"https:\/\/bobea.net\/index.php\/2025\/01\/16\/lena-muller-larchitecte-allemande-pionniere-des-villes-flottantes\/#article\",\"isPartOf\":{\"@id\":\"https:\/\/bobea.net\/index.php\/2025\/01\/16\/lena-muller-larchitecte-allemande-pionniere-des-villes-flottantes\/\"},\"author\":{\"name\":\"bobea.info\",\"@id\":\"https:\/\/bobea.net\/#\/schema\/person\/e7f45ef187918d7c956bf619dce90ccf\"},\"headline\":\"Lena M\u00fcller : L\u2019architecte allemande pionni\u00e8re des villes flottantes\",\"datePublished\":\"2025-01-16T12:05:34+00:00\",\"dateModified\":\"2025-01-16T12:05:36+00:00\",\"mainEntityOfPage\":{\"@id\":\"https:\/\/bobea.net\/index.php\/2025\/01\/16\/lena-muller-larchitecte-allemande-pionniere-des-villes-flottantes\/\"},\"wordCount\":365,\"commentCount\":0,\"publisher\":{\"@id\":\"https:\/\/bobea.net\/#organization\"},\"image\":{\"@id\":\"https:\/\/bobea.net\/index.php\/2025\/01\/16\/lena-muller-larchitecte-allemande-pionniere-des-villes-flottantes\/#primaryimage\"},\"thumbnailUrl\":\"https:\/\/bobea.net\/wp-content\/uploads\/2025\/01\/floating-cities-01.jpg\",\"articleSection\":[\"Leaders\"],\"inLanguage\":\"fr-FR\",\"potentialAction\":[{\"@type\":\"CommentAction\",\"name\":\"Comment\",\"target\":[\"https:\/\/bobea.net\/index.php\/2025\/01\/16\/lena-muller-larchitecte-allemande-pionniere-des-villes-flottantes\/#respond\"]}]},{\"@type\":\"WebPage\",\"@id\":\"https:\/\/bobea.net\/index.php\/2025\/01\/16\/lena-muller-larchitecte-allemande-pionniere-des-villes-flottantes\/\",\"url\":\"https:\/\/bobea.net\/index.php\/2025\/01\/16\/lena-muller-larchitecte-allemande-pionniere-des-villes-flottantes\/\",\"name\":\"Lena M\u00fcller : L'architecte allemande pionni\u00e8re des villes flottantes - Bobea\",\"isPartOf\":{\"@id\":\"https:\/\/bobea.net\/#website\"},\"primaryImageOfPage\":{\"@id\":\"https:\/\/bobea.net\/index.php\/2025\/01\/16\/lena-muller-larchitecte-allemande-pionniere-des-villes-flottantes\/#primaryimage\"},\"image\":{\"@id\":\"https:\/\/bobea.net\/index.php\/2025\/01\/16\/lena-muller-larchitecte-allemande-pionniere-des-villes-flottantes\/#primaryimage\"},\"thumbnailUrl\":\"https:\/\/bobea.net\/wp-content\/uploads\/2025\/01\/floating-cities-01.jpg\",\"datePublished\":\"2025-01-16T12:05:34+00:00\",\"dateModified\":\"2025-01-16T12:05:36+00:00\",\"breadcrumb\":{\"@id\":\"https:\/\/bobea.net\/index.php\/2025\/01\/16\/lena-muller-larchitecte-allemande-pionniere-des-villes-flottantes\/#breadcrumb\"},\"inLanguage\":\"fr-FR\",\"potentialAction\":[{\"@type\":\"ReadAction\",\"target\":[\"https:\/\/bobea.net\/index.php\/2025\/01\/16\/lena-muller-larchitecte-allemande-pionniere-des-villes-flottantes\/\"]}]},{\"@type\":\"ImageObject\",\"inLanguage\":\"fr-FR\",\"@id\":\"https:\/\/bobea.net\/index.php\/2025\/01\/16\/lena-muller-larchitecte-allemande-pionniere-des-villes-flottantes\/#primaryimage\",\"url\":\"https:\/\/bobea.net\/wp-content\/uploads\/2025\/01\/floating-cities-01.jpg\",\"contentUrl\":\"https:\/\/bobea.net\/wp-content\/uploads\/2025\/01\/floating-cities-01.jpg\",\"width\":1900,\"height\":1078},{\"@type\":\"BreadcrumbList\",\"@id\":\"https:\/\/bobea.net\/index.php\/2025\/01\/16\/lena-muller-larchitecte-allemande-pionniere-des-villes-flottantes\/#breadcrumb\",\"itemListElement\":[{\"@type\":\"ListItem\",\"position\":1,\"name\":\"Accueil\",\"item\":\"https:\/\/bobea.net\/\"},{\"@type\":\"ListItem\",\"position\":2,\"name\":\"Lena M\u00fcller : L&rsquo;architecte allemande pionni\u00e8re des villes flottantes\"}]},{\"@type\":\"WebSite\",\"@id\":\"https:\/\/bobea.net\/#website\",\"url\":\"https:\/\/bobea.net\/\",\"name\":\"Bobea\",\"description\":\"Le magazine de la nouvelle \u00c8ve\",\"publisher\":{\"@id\":\"https:\/\/bobea.net\/#organization\"},\"potentialAction\":[{\"@type\":\"SearchAction\",\"target\":{\"@type\":\"EntryPoint\",\"urlTemplate\":\"https:\/\/bobea.net\/?s={search_term_string}\"},\"query-input\":{\"@type\":\"PropertyValueSpecification\",\"valueRequired\":true,\"valueName\":\"search_term_string\"}}],\"inLanguage\":\"fr-FR\"},{\"@type\":\"Organization\",\"@id\":\"https:\/\/bobea.net\/#organization\",\"name\":\"Bobea\",\"url\":\"https:\/\/bobea.net\/\",\"logo\":{\"@type\":\"ImageObject\",\"inLanguage\":\"fr-FR\",\"@id\":\"https:\/\/bobea.net\/#\/schema\/logo\/image\/\",\"url\":\"https:\/\/bobea.net\/wp-content\/uploads\/2024\/06\/bobea.jpg\",\"contentUrl\":\"https:\/\/bobea.net\/wp-content\/uploads\/2024\/06\/bobea.jpg\",\"width\":1080,\"height\":1080,\"caption\":\"Bobea\"},\"image\":{\"@id\":\"https:\/\/bobea.net\/#\/schema\/logo\/image\/\"},\"sameAs\":[\"https:\/\/web.facebook.com\/profile.php?id=61559252188416\"]},{\"@type\":\"Person\",\"@id\":\"https:\/\/bobea.net\/#\/schema\/person\/e7f45ef187918d7c956bf619dce90ccf\",\"name\":\"bobea.info\",\"image\":{\"@type\":\"ImageObject\",\"inLanguage\":\"fr-FR\",\"@id\":\"https:\/\/bobea.net\/#\/schema\/person\/image\/\",\"url\":\"https:\/\/secure.gravatar.com\/avatar\/36147980349df887ae30808df3e29474?s=96&d=mm&r=g\",\"contentUrl\":\"https:\/\/secure.gravatar.com\/avatar\/36147980349df887ae30808df3e29474?s=96&d=mm&r=g\",\"caption\":\"bobea.info\"},\"sameAs\":[\"https:\/\/bobea.net\"],\"url\":\"https:\/\/bobea.net\/index.php\/author\/bobea-info\/\"}]}<\/script>\n<!-- \/ Yoast SEO plugin. -->","yoast_head_json":{"title":"Lena M\u00fcller : L'architecte allemande pionni\u00e8re des villes flottantes - Bobea","robots":{"index":"index","follow":"follow","max-snippet":"max-snippet:-1","max-image-preview":"max-image-preview:large","max-video-preview":"max-video-preview:-1"},"canonical":"https:\/\/bobea.net\/index.php\/2025\/01\/16\/lena-muller-larchitecte-allemande-pionniere-des-villes-flottantes\/","og_locale":"fr_FR","og_type":"article","og_title":"Lena M\u00fcller : L'architecte allemande pionni\u00e8re des villes flottantes - Bobea","og_description":"Intro\u00adduc\u00adtion \u00e0 Lena M\u00fcller Lena M\u00fcller, archi\u00adtecte alle\u00admande de 42 ans, est recon\u00adnue comme l\u2019une des pio\u00adnni\u00e8res dans la con\u00adcep\u00adtion de villes flot\u00adtantes durables. Son pro\u00adjet phare, \u201cOcean City\u201d, vise&hellip;","og_url":"https:\/\/bobea.net\/index.php\/2025\/01\/16\/lena-muller-larchitecte-allemande-pionniere-des-villes-flottantes\/","og_site_name":"Bobea","article_publisher":"https:\/\/web.facebook.com\/profile.php?id=61559252188416","article_published_time":"2025-01-16T12:05:34+00:00","article_modified_time":"2025-01-16T12:05:36+00:00","og_image":[{"width":1900,"height":1078,"url":"https:\/\/bobea.net\/wp-content\/uploads\/2025\/01\/floating-cities-01.jpg","type":"image\/jpeg"}],"author":"bobea.info","twitter_card":"summary_large_image","twitter_misc":{"\u00c9crit par":"bobea.info","Dur\u00e9e de lecture estim\u00e9e":"2 minutes"},"schema":{"@context":"https:\/\/schema.org","@graph":[{"@type":"Article","@id":"https:\/\/bobea.net\/index.php\/2025\/01\/16\/lena-muller-larchitecte-allemande-pionniere-des-villes-flottantes\/#article","isPartOf":{"@id":"https:\/\/bobea.net\/index.php\/2025\/01\/16\/lena-muller-larchitecte-allemande-pionniere-des-villes-flottantes\/"},"author":{"name":"bobea.info","@id":"https:\/\/bobea.net\/#\/schema\/person\/e7f45ef187918d7c956bf619dce90ccf"},"headline":"Lena M\u00fcller : L\u2019architecte allemande pionni\u00e8re des villes flottantes","datePublished":"2025-01-16T12:05:34+00:00","dateModified":"2025-01-16T12:05:36+00:00","mainEntityOfPage":{"@id":"https:\/\/bobea.net\/index.php\/2025\/01\/16\/lena-muller-larchitecte-allemande-pionniere-des-villes-flottantes\/"},"wordCount":365,"commentCount":0,"publisher":{"@id":"https:\/\/bobea.net\/#organization"},"image":{"@id":"https:\/\/bobea.net\/index.php\/2025\/01\/16\/lena-muller-larchitecte-allemande-pionniere-des-villes-flottantes\/#primaryimage"},"thumbnailUrl":"https:\/\/bobea.net\/wp-content\/uploads\/2025\/01\/floating-cities-01.jpg","articleSection":["Leaders"],"inLanguage":"fr-FR","potentialAction":[{"@type":"CommentAction","name":"Comment","target":["https:\/\/bobea.net\/index.php\/2025\/01\/16\/lena-muller-larchitecte-allemande-pionniere-des-villes-flottantes\/#respond"]}]},{"@type":"WebPage","@id":"https:\/\/bobea.net\/index.php\/2025\/01\/16\/lena-muller-larchitecte-allemande-pionniere-des-villes-flottantes\/","url":"https:\/\/bobea.net\/index.php\/2025\/01\/16\/lena-muller-larchitecte-allemande-pionniere-des-villes-flottantes\/","name":"Lena M\u00fcller : L'architecte allemande pionni\u00e8re des villes flottantes - Bobea","isPartOf":{"@id":"https:\/\/bobea.net\/#website"},"primaryImageOfPage":{"@id":"https:\/\/bobea.net\/index.php\/2025\/01\/16\/lena-muller-larchitecte-allemande-pionniere-des-villes-flottantes\/#primaryimage"},"image":{"@id":"https:\/\/bobea.net\/index.php\/2025\/01\/16\/lena-muller-larchitecte-allemande-pionniere-des-villes-flottantes\/#primaryimage"},"thumbnailUrl":"https:\/\/bobea.net\/wp-content\/uploads\/2025\/01\/floating-cities-01.jpg","datePublished":"2025-01-16T12:05:34+00:00","dateModified":"2025-01-16T12:05:36+00:00","breadcrumb":{"@id":"https:\/\/bobea.net\/index.php\/2025\/01\/16\/lena-muller-larchitecte-allemande-pionniere-des-villes-flottantes\/#breadcrumb"},"inLanguage":"fr-FR","potentialAction":[{"@type":"ReadAction","target":["https:\/\/bobea.net\/index.php\/2025\/01\/16\/lena-muller-larchitecte-allemande-pionniere-des-villes-flottantes\/"]}]},{"@type":"ImageObject","inLanguage":"fr-FR","@id":"https:\/\/bobea.net\/index.php\/2025\/01\/16\/lena-muller-larchitecte-allemande-pionniere-des-villes-flottantes\/#primaryimage","url":"https:\/\/bobea.net\/wp-content\/uploads\/2025\/01\/floating-cities-01.jpg","contentUrl":"https:\/\/bobea.net\/wp-content\/uploads\/2025\/01\/floating-cities-01.jpg","width":1900,"height":1078},{"@type":"BreadcrumbList","@id":"https:\/\/bobea.net\/index.php\/2025\/01\/16\/lena-muller-larchitecte-allemande-pionniere-des-villes-flottantes\/#breadcrumb","itemListElement":[{"@type":"ListItem","position":1,"name":"Accueil","item":"https:\/\/bobea.net\/"},{"@type":"ListItem","position":2,"name":"Lena M\u00fcller : L&rsquo;architecte allemande pionni\u00e8re des villes flottantes"}]},{"@type":"WebSite","@id":"https:\/\/bobea.net\/#website","url":"https:\/\/bobea.net\/","name":"Bobea","description":"Le magazine de la nouvelle \u00c8ve","publisher":{"@id":"https:\/\/bobea.net\/#organization"},"potentialAction":[{"@type":"SearchAction","target":{"@type":"EntryPoint","urlTemplate":"https:\/\/bobea.net\/?s={search_term_string}"},"query-input":{"@type":"PropertyValueSpecification","valueRequired":true,"valueName":"search_term_string"}}],"inLanguage":"fr-FR"},{"@type":"Organization","@id":"https:\/\/bobea.net\/#organization","name":"Bobea","url":"https:\/\/bobea.net\/","logo":{"@type":"ImageObject","inLanguage":"fr-FR","@id":"https:\/\/bobea.net\/#\/schema\/logo\/image\/","url":"https:\/\/bobea.net\/wp-content\/uploads\/2024\/06\/bobea.jpg","contentUrl":"https:\/\/bobea.net\/wp-content\/uploads\/2024\/06\/bobea.jpg","width":1080,"height":1080,"caption":"Bobea"},"image":{"@id":"https:\/\/bobea.net\/#\/schema\/logo\/image\/"},"sameAs":["https:\/\/web.facebook.com\/profile.php?id=61559252188416"]},{"@type":"Person","@id":"https:\/\/bobea.net\/#\/schema\/person\/e7f45ef187918d7c956bf619dce90ccf","name":"bobea.info","image":{"@type":"ImageObject","inLanguage":"fr-FR","@id":"https:\/\/bobea.net\/#\/schema\/person\/image\/","url":"https:\/\/secure.gravatar.com\/avatar\/36147980349df887ae30808df3e29474?s=96&d=mm&r=g","contentUrl":"https:\/\/secure.gravatar.com\/avatar\/36147980349df887ae30808df3e29474?s=96&d=mm&r=g","caption":"bobea.info"},"sameAs":["https:\/\/bobea.net"],"url":"https:\/\/bobea.net\/index.php\/author\/bobea-info\/"}]}},"_links":{"self":[{"href":"https:\/\/bobea.net\/index.php\/wp-json\/wp\/v2\/posts\/7323"}],"collection":[{"href":"https:\/\/bobea.net\/index.php\/wp-json\/wp\/v2\/posts"}],"about":[{"href":"https:\/\/bobea.net\/index.php\/wp-json\/wp\/v2\/types\/post"}],"author":[{"embeddable":true,"href":"https:\/\/bobea.net\/index.php\/wp-json\/wp\/v2\/users\/1"}],"replies":[{"embeddable":true,"href":"https:\/\/bobea.net\/index.php\/wp-json\/wp\/v2\/comments?post=7323"}],"version-history":[{"count":0,"href":"https:\/\/bobea.net\/index.php\/wp-json\/wp\/v2\/posts\/7323\/revisions"}],"wp:featuredmedia":[{"embeddable":true,"href":"https:\/\/bobea.net\/index.php\/wp-json\/wp\/v2\/media\/7324"}],"wp:attachment":[{"href":"https:\/\/bobea.net\/index.php\/wp-json\/wp\/v2\/media?parent=7323"}],"wp:term":[{"taxonomy":"category","embeddable":true,"href":"https:\/\/bobea.net\/index.php\/wp-json\/wp\/v2\/categories?post=7323"},{"taxonomy":"post_tag","embeddable":true,"href":"https:\/\/bobea.net\/index.php\/wp-json\/wp\/v2\/tags?post=7323"}],"curies":[{"name":"wp","href":"https:\/\/api.w.org\/{rel}","templated":true}]}}