{"id":7320,"date":"2025-01-16T12:00:57","date_gmt":"2025-01-16T12:00:57","guid":{"rendered":"https:\/\/bobea.net\/?p=7320"},"modified":"2025-01-16T12:00:58","modified_gmt":"2025-01-16T12:00:58","slug":"maria-santos-la-reine-bresilienne-de-la-finance-verte","status":"publish","type":"post","link":"https:\/\/bobea.net\/index.php\/2025\/01\/16\/maria-santos-la-reine-bresilienne-de-la-finance-verte\/","title":{"rendered":"Maria Santos : La reine br\u00e9silienne de la finance verte"},"content":{"rendered":"\n<p>Intro\u00adduc\u00adtion \u00e0 Maria San\u00adtos<\/p>\n\n\n\n<p>Maria San\u00adtos, une \u00e9con\u00ado\u00admiste de 37 ans orig\u00adi\u00adnaire de S\u00e3o Paulo, est en train de r\u00e9vo\u00adlu\u00adtion\u00adner le secteur de la finance durable au Br\u00e9sil. En tant que fon\u00adda\u00adtrice et PDG de Green\u00adFi\u00adnance, elle a con\u00adsacr\u00e9 sa car\u00adri\u00e8re \u00e0 pro\u00admou\u00advoir des investisse\u00adments \u00e9thiques qui sou\u00adti\u00aden\u00adnent le d\u00e9veloppe\u00adment durable et la pro\u00adtec\u00adtion de l\u2019en\u00advi\u00adron\u00adnement.<\/p>\n\n\n\n<p>Un par\u00adcours inspi\u00adrant<\/p>\n\n\n\n<p>Dipl\u00f4m\u00e9e de l\u2019U\u00adni\u00adver\u00adsit\u00e9 de S\u00e3o Paulo, Maria a com\u00admenc\u00e9 sa car\u00adri\u00e8re dans une grande banque d\u2019in\u00advestisse\u00adment. Cepen\u00addant, elle a rapi\u00adde\u00adment r\u00e9al\u00adis\u00e9 que les pra\u00adtiques finan\u00adci\u00e8res tra\u00addi\u00adtion\u00adnelles con\u00adtribuaient sou\u00advent \u00e0 la d\u00e9gra\u00adda\u00adtion envi\u00adron\u00adnemen\u00adtale. En 2021, elle a d\u00e9cid\u00e9 de cr\u00e9er Green\u00adFi\u00adnance pour offrir une alter\u00adna\u00adtive \u00e9thique aux investis\u00adseurs.<\/p>\n\n\n\n<p>Les objec\u00adtifs de Green\u00adFi\u00adnance<\/p>\n\n\n\n<p>Green\u00adFi\u00adnance se con\u00adcen\u00adtre sur plusieurs axes :<\/p>\n\n\n\n<ol start=\"1\" class=\"wp-block-list\">\n<li><strong>Investisse\u00adments durables<\/strong>&nbsp;: Pro\u00adpos\u00ader des fonds d\u2019in\u00advestisse\u00adment qui sou\u00adti\u00aden\u00adnent des pro\u00adjets d\u2019\u00e9n\u00adergie renou\u00adve\u00adlable et d\u2019a\u00adgri\u00adcul\u00adture durable.<\/li>\n\n\n\n<li><strong>\u00c9du\u00adca\u00adtion finan\u00adci\u00e8re<\/strong>&nbsp;: Sen\u00adsi\u00adbilis\u00ader les investis\u00adseurs aux enjeux envi\u00adron\u00adnemen\u00adtaux et soci\u00adaux li\u00e9s \u00e0 leurs choix financiers.<\/li>\n\n\n\n<li><strong>Parte\u00adnar\u00adi\u00adats strat\u00e9giques<\/strong>&nbsp;: Col\u00adla\u00adbor\u00ader avec des ONG et des gou\u00adverne\u00adments pour d\u00e9velop\u00adper des pro\u00adjets ayant un impact posi\u00adtif sur les com\u00admu\u00adnaut\u00e9s locales.<\/li>\n<\/ol>\n\n\n\n<p>L\u2019im\u00adpact de Maria sur le secteur financier<\/p>\n\n\n\n<p>Sous sa direc\u00adtion, Green\u00adFi\u00adnance a con\u00adnu une crois\u00adsance expo\u00adnen\u00adtielle, atti\u00adrant plus de 500 mil\u00adlions de dol\u00adlars d\u2019in\u00advestisse\u00adments en seule\u00adment trois ans. Maria a \u00e9gale\u00adment \u00e9t\u00e9 recon\u00adnue comme l\u2019une des \u201c100 femmes les plus influ\u00adentes\u201d par le mag\u00ada\u00adzine Forbes en 2024.<\/p>\n\n\n\n<p>T\u00e9moignages d\u2019im\u00adpact<\/p>\n\n\n\n<p>\u201cMaria est une pio\u00adnni\u00e8re dans la finance verte. Son tra\u00advail inspire non seule\u00adment les investis\u00adseurs, mais aus\u00adsi toute une g\u00e9n\u00e9ra\u00adtion de jeunes femmes \u00e0 s\u2019en\u00adgager dans ce domaine\u201d, d\u00e9clare Ana Clara, une jeune investis\u00adseuse.<\/p>\n\n\n\n<p>Les d\u00e9fis \u00e0 relever<\/p>\n\n\n\n<p>Mal\u00adgr\u00e9 son suc\u00adc\u00e8s, Maria fait face \u00e0 plusieurs d\u00e9fis :<\/p>\n\n\n\n<ol start=\"1\" class=\"wp-block-list\">\n<li><strong>Con\u00adcur\u00adrence crois\u00adsante<\/strong>&nbsp;: Le secteur de la finance durable attire de plus en plus d\u2019ac\u00adteurs, ren\u00addant la dif\u00adf\u00e9ren\u00adci\u00ada\u00adtion essen\u00adtielle.<\/li>\n\n\n\n<li><strong>Sen\u00adsi\u00adbil\u00adi\u00adsa\u00adtion lim\u00adit\u00e9e<\/strong>&nbsp;: De nom\u00adbreux investis\u00adseurs tra\u00addi\u00adtion\u00adnels restent scep\u00adtiques quant aux b\u00e9n\u00e9\u00adfices des investisse\u00adments durables.<\/li>\n\n\n\n<li><strong>R\u00e9gle\u00admen\u00adta\u00adtions fluc\u00adtu\u00adantes<\/strong>&nbsp;: Les change\u00adments dans les poli\u00adtiques gou\u00adverne\u00admen\u00adtales peu\u00advent affecter la via\u00adbil\u00adit\u00e9 des pro\u00adjets durables.<\/li>\n<\/ol>\n\n\n\n<p>Con\u00adclu\u00adsion<\/p>\n\n\n\n<p>Maria San\u00adtos incar\u00adne un nou\u00adveau mod\u00ad\u00e8le de lead\u00ader\u00adship f\u00e9minin dans le secteur financier. Son engage\u00adment envers la finance verte et son impact posi\u00adtif sur l\u2019en\u00advi\u00adron\u00adnement font d\u2019elle une fig\u00adure inspi\u00adrante pour toutes celles qui souhait\u00adent alli\u00ader car\u00adri\u00e8re et respon\u00ads\u00adabil\u00adit\u00e9 sociale.<\/p>\n","protected":false},"excerpt":{"rendered":"<p>Intro\u00adduc\u00adtion \u00e0 Maria San\u00adtos Maria San\u00adtos, une \u00e9con\u00ado\u00admiste de 37 ans orig\u00adi\u00adnaire de S\u00e3o Paulo, est en train de r\u00e9vo\u00adlu\u00adtion\u00adner le secteur de la finance durable au Br\u00e9sil. En tant\u2026 <\/p>\n","protected":false},"author":1,"featured_media":7321,"comment_status":"open","ping_status":"open","sticky":false,"template":"","format":"standard","meta":{"wp_typography_post_enhancements_disabled":false,"footnotes":""},"categories":[71],"tags":[],"class_list":["post-7320","post","type-post","status-publish","format-standard","has-post-thumbnail","hentry","category-leaders"],"yoast_head":"<!-- This site is optimized with the Yoast SEO plugin v24.7 - https:\/\/yoast.com\/wordpress\/plugins\/seo\/ -->\n<title>Maria Santos : La reine br\u00e9silienne de la finance verte - Bobea<\/title>\n<meta name=\"robots\" content=\"index, follow, max-snippet:-1, max-image-preview:large, max-video-preview:-1\" \/>\n<link rel=\"canonical\" href=\"https:\/\/bobea.net\/index.php\/2025\/01\/16\/maria-santos-la-reine-bresilienne-de-la-finance-verte\/\" \/>\n<meta property=\"og:locale\" content=\"fr_FR\" \/>\n<meta property=\"og:type\" content=\"article\" \/>\n<meta property=\"og:title\" content=\"Maria Santos : La reine br\u00e9silienne de la finance verte - Bobea\" \/>\n<meta property=\"og:description\" content=\"Intro\u00adduc\u00adtion \u00e0 Maria San\u00adtos Maria San\u00adtos, une \u00e9con\u00ado\u00admiste de 37 ans orig\u00adi\u00adnaire de S\u00e3o Paulo, est en train de r\u00e9vo\u00adlu\u00adtion\u00adner le secteur de la finance durable au Br\u00e9sil. En tant&hellip;\" \/>\n<meta property=\"og:url\" content=\"https:\/\/bobea.net\/index.php\/2025\/01\/16\/maria-santos-la-reine-bresilienne-de-la-finance-verte\/\" \/>\n<meta property=\"og:site_name\" content=\"Bobea\" \/>\n<meta property=\"article:publisher\" content=\"https:\/\/web.facebook.com\/profile.php?id=61559252188416\" \/>\n<meta property=\"article:published_time\" content=\"2025-01-16T12:00:57+00:00\" \/>\n<meta property=\"article:modified_time\" content=\"2025-01-16T12:00:58+00:00\" \/>\n<meta property=\"og:image\" content=\"https:\/\/bobea.net\/wp-content\/uploads\/2025\/01\/Maria-Santos-Sainz.jpg\" \/>\n\t<meta property=\"og:image:width\" content=\"340\" \/>\n\t<meta property=\"og:image:height\" content=\"227\" \/>\n\t<meta property=\"og:image:type\" content=\"image\/jpeg\" \/>\n<meta name=\"author\" content=\"bobea.info\" \/>\n<meta name=\"twitter:card\" content=\"summary_large_image\" \/>\n<meta name=\"twitter:label1\" content=\"\u00c9crit par\" \/>\n\t<meta name=\"twitter:data1\" content=\"bobea.info\" \/>\n\t<meta name=\"twitter:label2\" content=\"Dur\u00e9e de lecture estim\u00e9e\" \/>\n\t<meta name=\"twitter:data2\" content=\"2 minutes\" \/>\n<script type=\"application\/ld+json\" class=\"yoast-schema-graph\">{\"@context\":\"https:\/\/schema.org\",\"@graph\":[{\"@type\":\"Article\",\"@id\":\"https:\/\/bobea.net\/index.php\/2025\/01\/16\/maria-santos-la-reine-bresilienne-de-la-finance-verte\/#article\",\"isPartOf\":{\"@id\":\"https:\/\/bobea.net\/index.php\/2025\/01\/16\/maria-santos-la-reine-bresilienne-de-la-finance-verte\/\"},\"author\":{\"name\":\"bobea.info\",\"@id\":\"https:\/\/bobea.net\/#\/schema\/person\/e7f45ef187918d7c956bf619dce90ccf\"},\"headline\":\"Maria Santos : La reine br\u00e9silienne de la finance verte\",\"datePublished\":\"2025-01-16T12:00:57+00:00\",\"dateModified\":\"2025-01-16T12:00:58+00:00\",\"mainEntityOfPage\":{\"@id\":\"https:\/\/bobea.net\/index.php\/2025\/01\/16\/maria-santos-la-reine-bresilienne-de-la-finance-verte\/\"},\"wordCount\":398,\"commentCount\":0,\"publisher\":{\"@id\":\"https:\/\/bobea.net\/#organization\"},\"image\":{\"@id\":\"https:\/\/bobea.net\/index.php\/2025\/01\/16\/maria-santos-la-reine-bresilienne-de-la-finance-verte\/#primaryimage\"},\"thumbnailUrl\":\"https:\/\/bobea.net\/wp-content\/uploads\/2025\/01\/Maria-Santos-Sainz.jpg\",\"articleSection\":[\"Leaders\"],\"inLanguage\":\"fr-FR\",\"potentialAction\":[{\"@type\":\"CommentAction\",\"name\":\"Comment\",\"target\":[\"https:\/\/bobea.net\/index.php\/2025\/01\/16\/maria-santos-la-reine-bresilienne-de-la-finance-verte\/#respond\"]}]},{\"@type\":\"WebPage\",\"@id\":\"https:\/\/bobea.net\/index.php\/2025\/01\/16\/maria-santos-la-reine-bresilienne-de-la-finance-verte\/\",\"url\":\"https:\/\/bobea.net\/index.php\/2025\/01\/16\/maria-santos-la-reine-bresilienne-de-la-finance-verte\/\",\"name\":\"Maria Santos : La reine br\u00e9silienne de la finance verte - Bobea\",\"isPartOf\":{\"@id\":\"https:\/\/bobea.net\/#website\"},\"primaryImageOfPage\":{\"@id\":\"https:\/\/bobea.net\/index.php\/2025\/01\/16\/maria-santos-la-reine-bresilienne-de-la-finance-verte\/#primaryimage\"},\"image\":{\"@id\":\"https:\/\/bobea.net\/index.php\/2025\/01\/16\/maria-santos-la-reine-bresilienne-de-la-finance-verte\/#primaryimage\"},\"thumbnailUrl\":\"https:\/\/bobea.net\/wp-content\/uploads\/2025\/01\/Maria-Santos-Sainz.jpg\",\"datePublished\":\"2025-01-16T12:00:57+00:00\",\"dateModified\":\"2025-01-16T12:00:58+00:00\",\"breadcrumb\":{\"@id\":\"https:\/\/bobea.net\/index.php\/2025\/01\/16\/maria-santos-la-reine-bresilienne-de-la-finance-verte\/#breadcrumb\"},\"inLanguage\":\"fr-FR\",\"potentialAction\":[{\"@type\":\"ReadAction\",\"target\":[\"https:\/\/bobea.net\/index.php\/2025\/01\/16\/maria-santos-la-reine-bresilienne-de-la-finance-verte\/\"]}]},{\"@type\":\"ImageObject\",\"inLanguage\":\"fr-FR\",\"@id\":\"https:\/\/bobea.net\/index.php\/2025\/01\/16\/maria-santos-la-reine-bresilienne-de-la-finance-verte\/#primaryimage\",\"url\":\"https:\/\/bobea.net\/wp-content\/uploads\/2025\/01\/Maria-Santos-Sainz.jpg\",\"contentUrl\":\"https:\/\/bobea.net\/wp-content\/uploads\/2025\/01\/Maria-Santos-Sainz.jpg\",\"width\":340,\"height\":227},{\"@type\":\"BreadcrumbList\",\"@id\":\"https:\/\/bobea.net\/index.php\/2025\/01\/16\/maria-santos-la-reine-bresilienne-de-la-finance-verte\/#breadcrumb\",\"itemListElement\":[{\"@type\":\"ListItem\",\"position\":1,\"name\":\"Accueil\",\"item\":\"https:\/\/bobea.net\/\"},{\"@type\":\"ListItem\",\"position\":2,\"name\":\"Maria Santos : La reine br\u00e9silienne de la finance verte\"}]},{\"@type\":\"WebSite\",\"@id\":\"https:\/\/bobea.net\/#website\",\"url\":\"https:\/\/bobea.net\/\",\"name\":\"Bobea\",\"description\":\"Le magazine de la nouvelle \u00c8ve\",\"publisher\":{\"@id\":\"https:\/\/bobea.net\/#organization\"},\"potentialAction\":[{\"@type\":\"SearchAction\",\"target\":{\"@type\":\"EntryPoint\",\"urlTemplate\":\"https:\/\/bobea.net\/?s={search_term_string}\"},\"query-input\":{\"@type\":\"PropertyValueSpecification\",\"valueRequired\":true,\"valueName\":\"search_term_string\"}}],\"inLanguage\":\"fr-FR\"},{\"@type\":\"Organization\",\"@id\":\"https:\/\/bobea.net\/#organization\",\"name\":\"Bobea\",\"url\":\"https:\/\/bobea.net\/\",\"logo\":{\"@type\":\"ImageObject\",\"inLanguage\":\"fr-FR\",\"@id\":\"https:\/\/bobea.net\/#\/schema\/logo\/image\/\",\"url\":\"https:\/\/bobea.net\/wp-content\/uploads\/2024\/06\/bobea.jpg\",\"contentUrl\":\"https:\/\/bobea.net\/wp-content\/uploads\/2024\/06\/bobea.jpg\",\"width\":1080,\"height\":1080,\"caption\":\"Bobea\"},\"image\":{\"@id\":\"https:\/\/bobea.net\/#\/schema\/logo\/image\/\"},\"sameAs\":[\"https:\/\/web.facebook.com\/profile.php?id=61559252188416\"]},{\"@type\":\"Person\",\"@id\":\"https:\/\/bobea.net\/#\/schema\/person\/e7f45ef187918d7c956bf619dce90ccf\",\"name\":\"bobea.info\",\"image\":{\"@type\":\"ImageObject\",\"inLanguage\":\"fr-FR\",\"@id\":\"https:\/\/bobea.net\/#\/schema\/person\/image\/\",\"url\":\"https:\/\/secure.gravatar.com\/avatar\/36147980349df887ae30808df3e29474?s=96&d=mm&r=g\",\"contentUrl\":\"https:\/\/secure.gravatar.com\/avatar\/36147980349df887ae30808df3e29474?s=96&d=mm&r=g\",\"caption\":\"bobea.info\"},\"sameAs\":[\"https:\/\/bobea.net\"],\"url\":\"https:\/\/bobea.net\/index.php\/author\/bobea-info\/\"}]}<\/script>\n<!-- \/ Yoast SEO plugin. -->","yoast_head_json":{"title":"Maria Santos : La reine br\u00e9silienne de la finance verte - Bobea","robots":{"index":"index","follow":"follow","max-snippet":"max-snippet:-1","max-image-preview":"max-image-preview:large","max-video-preview":"max-video-preview:-1"},"canonical":"https:\/\/bobea.net\/index.php\/2025\/01\/16\/maria-santos-la-reine-bresilienne-de-la-finance-verte\/","og_locale":"fr_FR","og_type":"article","og_title":"Maria Santos : La reine br\u00e9silienne de la finance verte - Bobea","og_description":"Intro\u00adduc\u00adtion \u00e0 Maria San\u00adtos Maria San\u00adtos, une \u00e9con\u00ado\u00admiste de 37 ans orig\u00adi\u00adnaire de S\u00e3o Paulo, est en train de r\u00e9vo\u00adlu\u00adtion\u00adner le secteur de la finance durable au Br\u00e9sil. En tant&hellip;","og_url":"https:\/\/bobea.net\/index.php\/2025\/01\/16\/maria-santos-la-reine-bresilienne-de-la-finance-verte\/","og_site_name":"Bobea","article_publisher":"https:\/\/web.facebook.com\/profile.php?id=61559252188416","article_published_time":"2025-01-16T12:00:57+00:00","article_modified_time":"2025-01-16T12:00:58+00:00","og_image":[{"width":340,"height":227,"url":"https:\/\/bobea.net\/wp-content\/uploads\/2025\/01\/Maria-Santos-Sainz.jpg","type":"image\/jpeg"}],"author":"bobea.info","twitter_card":"summary_large_image","twitter_misc":{"\u00c9crit par":"bobea.info","Dur\u00e9e de lecture estim\u00e9e":"2 minutes"},"schema":{"@context":"https:\/\/schema.org","@graph":[{"@type":"Article","@id":"https:\/\/bobea.net\/index.php\/2025\/01\/16\/maria-santos-la-reine-bresilienne-de-la-finance-verte\/#article","isPartOf":{"@id":"https:\/\/bobea.net\/index.php\/2025\/01\/16\/maria-santos-la-reine-bresilienne-de-la-finance-verte\/"},"author":{"name":"bobea.info","@id":"https:\/\/bobea.net\/#\/schema\/person\/e7f45ef187918d7c956bf619dce90ccf"},"headline":"Maria Santos : La reine br\u00e9silienne de la finance verte","datePublished":"2025-01-16T12:00:57+00:00","dateModified":"2025-01-16T12:00:58+00:00","mainEntityOfPage":{"@id":"https:\/\/bobea.net\/index.php\/2025\/01\/16\/maria-santos-la-reine-bresilienne-de-la-finance-verte\/"},"wordCount":398,"commentCount":0,"publisher":{"@id":"https:\/\/bobea.net\/#organization"},"image":{"@id":"https:\/\/bobea.net\/index.php\/2025\/01\/16\/maria-santos-la-reine-bresilienne-de-la-finance-verte\/#primaryimage"},"thumbnailUrl":"https:\/\/bobea.net\/wp-content\/uploads\/2025\/01\/Maria-Santos-Sainz.jpg","articleSection":["Leaders"],"inLanguage":"fr-FR","potentialAction":[{"@type":"CommentAction","name":"Comment","target":["https:\/\/bobea.net\/index.php\/2025\/01\/16\/maria-santos-la-reine-bresilienne-de-la-finance-verte\/#respond"]}]},{"@type":"WebPage","@id":"https:\/\/bobea.net\/index.php\/2025\/01\/16\/maria-santos-la-reine-bresilienne-de-la-finance-verte\/","url":"https:\/\/bobea.net\/index.php\/2025\/01\/16\/maria-santos-la-reine-bresilienne-de-la-finance-verte\/","name":"Maria Santos : La reine br\u00e9silienne de la finance verte - Bobea","isPartOf":{"@id":"https:\/\/bobea.net\/#website"},"primaryImageOfPage":{"@id":"https:\/\/bobea.net\/index.php\/2025\/01\/16\/maria-santos-la-reine-bresilienne-de-la-finance-verte\/#primaryimage"},"image":{"@id":"https:\/\/bobea.net\/index.php\/2025\/01\/16\/maria-santos-la-reine-bresilienne-de-la-finance-verte\/#primaryimage"},"thumbnailUrl":"https:\/\/bobea.net\/wp-content\/uploads\/2025\/01\/Maria-Santos-Sainz.jpg","datePublished":"2025-01-16T12:00:57+00:00","dateModified":"2025-01-16T12:00:58+00:00","breadcrumb":{"@id":"https:\/\/bobea.net\/index.php\/2025\/01\/16\/maria-santos-la-reine-bresilienne-de-la-finance-verte\/#breadcrumb"},"inLanguage":"fr-FR","potentialAction":[{"@type":"ReadAction","target":["https:\/\/bobea.net\/index.php\/2025\/01\/16\/maria-santos-la-reine-bresilienne-de-la-finance-verte\/"]}]},{"@type":"ImageObject","inLanguage":"fr-FR","@id":"https:\/\/bobea.net\/index.php\/2025\/01\/16\/maria-santos-la-reine-bresilienne-de-la-finance-verte\/#primaryimage","url":"https:\/\/bobea.net\/wp-content\/uploads\/2025\/01\/Maria-Santos-Sainz.jpg","contentUrl":"https:\/\/bobea.net\/wp-content\/uploads\/2025\/01\/Maria-Santos-Sainz.jpg","width":340,"height":227},{"@type":"BreadcrumbList","@id":"https:\/\/bobea.net\/index.php\/2025\/01\/16\/maria-santos-la-reine-bresilienne-de-la-finance-verte\/#breadcrumb","itemListElement":[{"@type":"ListItem","position":1,"name":"Accueil","item":"https:\/\/bobea.net\/"},{"@type":"ListItem","position":2,"name":"Maria Santos : La reine br\u00e9silienne de la finance verte"}]},{"@type":"WebSite","@id":"https:\/\/bobea.net\/#website","url":"https:\/\/bobea.net\/","name":"Bobea","description":"Le magazine de la nouvelle \u00c8ve","publisher":{"@id":"https:\/\/bobea.net\/#organization"},"potentialAction":[{"@type":"SearchAction","target":{"@type":"EntryPoint","urlTemplate":"https:\/\/bobea.net\/?s={search_term_string}"},"query-input":{"@type":"PropertyValueSpecification","valueRequired":true,"valueName":"search_term_string"}}],"inLanguage":"fr-FR"},{"@type":"Organization","@id":"https:\/\/bobea.net\/#organization","name":"Bobea","url":"https:\/\/bobea.net\/","logo":{"@type":"ImageObject","inLanguage":"fr-FR","@id":"https:\/\/bobea.net\/#\/schema\/logo\/image\/","url":"https:\/\/bobea.net\/wp-content\/uploads\/2024\/06\/bobea.jpg","contentUrl":"https:\/\/bobea.net\/wp-content\/uploads\/2024\/06\/bobea.jpg","width":1080,"height":1080,"caption":"Bobea"},"image":{"@id":"https:\/\/bobea.net\/#\/schema\/logo\/image\/"},"sameAs":["https:\/\/web.facebook.com\/profile.php?id=61559252188416"]},{"@type":"Person","@id":"https:\/\/bobea.net\/#\/schema\/person\/e7f45ef187918d7c956bf619dce90ccf","name":"bobea.info","image":{"@type":"ImageObject","inLanguage":"fr-FR","@id":"https:\/\/bobea.net\/#\/schema\/person\/image\/","url":"https:\/\/secure.gravatar.com\/avatar\/36147980349df887ae30808df3e29474?s=96&d=mm&r=g","contentUrl":"https:\/\/secure.gravatar.com\/avatar\/36147980349df887ae30808df3e29474?s=96&d=mm&r=g","caption":"bobea.info"},"sameAs":["https:\/\/bobea.net"],"url":"https:\/\/bobea.net\/index.php\/author\/bobea-info\/"}]}},"_links":{"self":[{"href":"https:\/\/bobea.net\/index.php\/wp-json\/wp\/v2\/posts\/7320"}],"collection":[{"href":"https:\/\/bobea.net\/index.php\/wp-json\/wp\/v2\/posts"}],"about":[{"href":"https:\/\/bobea.net\/index.php\/wp-json\/wp\/v2\/types\/post"}],"author":[{"embeddable":true,"href":"https:\/\/bobea.net\/index.php\/wp-json\/wp\/v2\/users\/1"}],"replies":[{"embeddable":true,"href":"https:\/\/bobea.net\/index.php\/wp-json\/wp\/v2\/comments?post=7320"}],"version-history":[{"count":0,"href":"https:\/\/bobea.net\/index.php\/wp-json\/wp\/v2\/posts\/7320\/revisions"}],"wp:featuredmedia":[{"embeddable":true,"href":"https:\/\/bobea.net\/index.php\/wp-json\/wp\/v2\/media\/7321"}],"wp:attachment":[{"href":"https:\/\/bobea.net\/index.php\/wp-json\/wp\/v2\/media?parent=7320"}],"wp:term":[{"taxonomy":"category","embeddable":true,"href":"https:\/\/bobea.net\/index.php\/wp-json\/wp\/v2\/categories?post=7320"},{"taxonomy":"post_tag","embeddable":true,"href":"https:\/\/bobea.net\/index.php\/wp-json\/wp\/v2\/tags?post=7320"}],"curies":[{"name":"wp","href":"https:\/\/api.w.org\/{rel}","templated":true}]}}