{"id":7307,"date":"2025-01-16T11:51:01","date_gmt":"2025-01-16T11:51:01","guid":{"rendered":"https:\/\/bobea.net\/?p=7307"},"modified":"2025-01-16T11:51:02","modified_gmt":"2025-01-16T11:51:02","slug":"bien-etre-mental-la-meditation-quantique-nouvelle-tendance-holistique","status":"publish","type":"post","link":"https:\/\/bobea.net\/index.php\/2025\/01\/16\/bien-etre-mental-la-meditation-quantique-nouvelle-tendance-holistique\/","title":{"rendered":"Bien-\u00eatre mental : La m\u00e9ditation quantique, nouvelle tendance holistique"},"content":{"rendered":"\n<p>Intro\u00adduc\u00adtion au con\u00adcept de m\u00e9di\u00adta\u00adtion quan\u00adtique<\/p>\n\n\n\n<p>La m\u00e9di\u00adta\u00adtion quan\u00adtique \u00e9merge comme une ten\u00addance incon\u00adtourn\u00adable dans le domaine du bien-\u00eatre men\u00adtal en 2025. Alliant principes sci\u00aden\u00adtifiques issus de la physique quan\u00adtique aux pra\u00adtiques tra\u00addi\u00adtion\u00adnelles m\u00e9di\u00adta\u00adtives, elle promet non seule\u00adment relax\u00adation mais aus\u00adsi trans\u00adfor\u00adma\u00adtion per\u00adson\u00adnelle pro\u00adfonde.<\/p>\n\n\n\n<p>Qu\u2019est-ce que la m\u00e9di\u00adta\u00adtion quan\u00adtique ?<\/p>\n\n\n\n<p>La m\u00e9di\u00adta\u00adtion quan\u00adtique repose sur l\u2019id\u00e9e que notre con\u00adscience peut influ\u00adencer notre r\u00e9al\u00adit\u00e9 physique gr\u00e2ce aux principes quan\u00adtiques tels que l\u2019in\u00adter\u00adcon\u00adnex\u00adion et la super\u00adpo\u00adsi\u00adtion. Cette pra\u00adtique vise donc non seule\u00adment \u00e0 apais\u00ader l\u2019e\u00adsprit mais aus\u00adsi \u00e0 cr\u00e9er un change\u00adment posi\u00adtif tan\u00adgi\u00adble dans notre vie quo\u00adti\u00addi\u00adenne.<\/p>\n\n\n\n<p>Tech\u00adniques util\u00adis\u00e9es<\/p>\n\n\n\n<ol start=\"1\" class=\"wp-block-list\">\n<li><strong>Visu\u00adal\u00adi\u00adsa\u00adtions cr\u00e9a\u00adtives<\/strong>&nbsp;: Utilis\u00ader son imag\u00adi\u00adna\u00adtion pour visu\u00adalis\u00ader ses objec\u00adtifs per\u00adson\u00adnels ou pro\u00adfes\u00adsion\u00adnels.<\/li>\n\n\n\n<li><strong>Res\u00adpi\u00adra\u00adtion con\u00adsciente<\/strong>&nbsp;: Tech\u00adniques res\u00adpi\u00adra\u00adtoires visant \u00e0 ancr\u00ader le pra\u00adti\u00adquant dans le moment pr\u00e9sent.<\/li>\n\n\n\n<li><strong>M\u00e9di\u00adta\u00adtion guid\u00e9e par IA<\/strong>&nbsp;: Appli\u00adca\u00adtions util\u00adisant l\u2019in\u00adtel\u00adli\u00adgence arti\u00adfi\u00adcielle pour per\u00adson\u00adnalis\u00ader les s\u00e9ances selon les besoins indi\u00advidu\u00adels.<\/li>\n<\/ol>\n\n\n\n<p>Les b\u00e9n\u00e9\u00adfices prou\u00adv\u00e9s<\/p>\n\n\n\n<figure class=\"wp-block-image size-full\"><img loading=\"lazy\" decoding=\"async\" width=\"1021\" height=\"1024\" src=\"https:\/\/bobea.net\/wp-content\/uploads\/2025\/01\/meditation_femme-1021x1024-1.jpg\" alt class=\"wp-image-7309\" srcset=\"https:\/\/bobea.net\/wp-content\/uploads\/2025\/01\/meditation_femme-1021x1024-1.jpg 1021w, https:\/\/bobea.net\/wp-content\/uploads\/2025\/01\/meditation_femme-1021x1024-1-300x300.jpg 300w, https:\/\/bobea.net\/wp-content\/uploads\/2025\/01\/meditation_femme-1021x1024-1-150x150.jpg 150w, https:\/\/bobea.net\/wp-content\/uploads\/2025\/01\/meditation_femme-1021x1024-1-768x770.jpg 768w\" sizes=\"(max-width: 1021px) 100vw, 1021px\"><\/figure>\n\n\n\n<p>Des \u00e9tudes r\u00e9centes mon\u00adtrent que la m\u00e9di\u00adta\u00adtion quan\u00adtique peut offrir plusieurs b\u00e9n\u00e9\u00adfices :<\/p>\n\n\n\n<ol start=\"1\" class=\"wp-block-list\">\n<li>R\u00e9duc\u00adtion sig\u00adni\u00adfica\u00adtive du stress (jusqu\u2019\u00e0 60% selon cer\u00adtaines \u00e9tudes).<\/li>\n\n\n\n<li>Am\u00e9lio\u00adra\u00adtion du bien-\u00eatre \u00e9mo\u00adtion\u00adnel (aug\u00admen\u00adta\u00adtion du score sur les \u00e9chelles d\u2019anx\u00adi\u00e9t\u00e9).<\/li>\n\n\n\n<li>Ren\u00adforce\u00adment du sys\u00adt\u00e8me immu\u00adni\u00adtaire gr\u00e2ce \u00e0 une meilleure ges\u00adtion du stress chronique.<\/li>\n<\/ol>\n\n\n\n<p>T\u00e9moignages inspi\u00adrants<\/p>\n\n\n\n<p>Des pra\u00adti\u00adquantes comme Sophie Mar\u00adtin parta\u00adgent leur exp\u00e9ri\u00adence pos\u00adi\u00adtive avec cette m\u00e9th\u00adode : \u201cLa m\u00e9di\u00adta\u00adtion quan\u00adtique m\u2019a aid\u00e9e non seule\u00adment \u00e0 g\u00e9r\u00ader mon stress mais aus\u00adsi \u00e0 attein\u00addre mes objec\u00adtifs pro\u00adfes\u00adsion\u00adnels.\u201d<\/p>\n\n\n\n<p>Int\u00e9\u00adgra\u00adtion dans le quo\u00adti\u00addi\u00aden<\/p>\n\n\n\n<p>Pour int\u00e9\u00adgr\u00ader effi\u00adcace\u00adment cette pra\u00adtique dans sa rou\u00adtine quo\u00adti\u00addi\u00adenne :<\/p>\n\n\n\n<ol start=\"1\" class=\"wp-block-list\">\n<li>D\u00e9finir un espace calme d\u00e9di\u00e9 \u00e0 la m\u00e9di\u00adta\u00adtion.<\/li>\n\n\n\n<li>Utilis\u00ader des appli\u00adca\u00adtions guid\u00e9es pour d\u00e9buter facile\u00adment.<\/li>\n\n\n\n<li>Pra\u00adti\u00adquer r\u00e9guli\u00e8re\u00adment (id\u00e9ale\u00adment tous les jours) pen\u00addant au moins 10 min\u00adutes.<\/li>\n<\/ol>\n\n\n\n<p>Con\u00adclu\u00adsion<\/p>\n\n\n\n<p>La m\u00e9di\u00adta\u00adtion quan\u00adtique repr\u00e9sente une approche inno\u00advante vers le bien-\u00eatre men\u00adtal qui com\u00adbine sci\u00adence mod\u00aderne et sagesse anci\u00adenne. En offrant un cadre prop\u00adice au d\u00e9veloppe\u00adment per\u00adson\u00adnel tout en favorisant relax\u00adation et s\u00e9r\u00e9nit\u00e9 int\u00e9rieure, elle s\u2019im\u00adpose comme un out\u00adil pr\u00e9\u00adcieux pour toutes celles qui cherchent un \u00e9quili\u00adbre \u00e9mo\u00adtion\u00adnel durable dans un monde sou\u00advent chao\u00adtique.<\/p>\n","protected":false},"excerpt":{"rendered":"<p>Intro\u00adduc\u00adtion au con\u00adcept de m\u00e9di\u00adta\u00adtion quan\u00adtique La m\u00e9di\u00adta\u00adtion quan\u00adtique \u00e9merge comme une ten\u00addance incon\u00adtourn\u00adable dans le domaine du bien-\u00eatre men\u00adtal en 2025. Alliant principes sci\u00aden\u00adtifiques issus de la physique quan\u00adtique\u2026 <\/p>\n","protected":false},"author":1,"featured_media":7308,"comment_status":"open","ping_status":"open","sticky":false,"template":"","format":"standard","meta":{"wp_typography_post_enhancements_disabled":false,"footnotes":""},"categories":[58],"tags":[],"class_list":["post-7307","post","type-post","status-publish","format-standard","has-post-thumbnail","hentry","category-sante"],"yoast_head":"<!-- This site is optimized with the Yoast SEO plugin v24.7 - https:\/\/yoast.com\/wordpress\/plugins\/seo\/ -->\n<title>Bien-\u00eatre mental : La m\u00e9ditation quantique, nouvelle tendance holistique - Bobea<\/title>\n<meta name=\"robots\" content=\"index, follow, max-snippet:-1, max-image-preview:large, max-video-preview:-1\" \/>\n<link rel=\"canonical\" href=\"https:\/\/bobea.net\/index.php\/2025\/01\/16\/bien-etre-mental-la-meditation-quantique-nouvelle-tendance-holistique\/\" \/>\n<meta property=\"og:locale\" content=\"fr_FR\" \/>\n<meta property=\"og:type\" content=\"article\" \/>\n<meta property=\"og:title\" content=\"Bien-\u00eatre mental : La m\u00e9ditation quantique, nouvelle tendance holistique - Bobea\" \/>\n<meta property=\"og:description\" content=\"Intro\u00adduc\u00adtion au con\u00adcept de m\u00e9di\u00adta\u00adtion quan\u00adtique La m\u00e9di\u00adta\u00adtion quan\u00adtique \u00e9merge comme une ten\u00addance incon\u00adtourn\u00adable dans le domaine du bien-\u00eatre men\u00adtal en 2025. Alliant principes sci\u00aden\u00adtifiques issus de la physique quan\u00adtique&hellip;\" \/>\n<meta property=\"og:url\" content=\"https:\/\/bobea.net\/index.php\/2025\/01\/16\/bien-etre-mental-la-meditation-quantique-nouvelle-tendance-holistique\/\" \/>\n<meta property=\"og:site_name\" content=\"Bobea\" \/>\n<meta property=\"article:publisher\" content=\"https:\/\/web.facebook.com\/profile.php?id=61559252188416\" \/>\n<meta property=\"article:published_time\" content=\"2025-01-16T11:51:01+00:00\" \/>\n<meta property=\"article:modified_time\" content=\"2025-01-16T11:51:02+00:00\" \/>\n<meta property=\"og:image\" content=\"https:\/\/bobea.net\/wp-content\/uploads\/2025\/01\/femme-meditation-1280x640-1.jpg\" \/>\n\t<meta property=\"og:image:width\" content=\"1280\" \/>\n\t<meta property=\"og:image:height\" content=\"640\" \/>\n\t<meta property=\"og:image:type\" content=\"image\/jpeg\" \/>\n<meta name=\"author\" content=\"bobea.info\" \/>\n<meta name=\"twitter:card\" content=\"summary_large_image\" \/>\n<meta name=\"twitter:label1\" content=\"\u00c9crit par\" \/>\n\t<meta name=\"twitter:data1\" content=\"bobea.info\" \/>\n\t<meta name=\"twitter:label2\" content=\"Dur\u00e9e de lecture estim\u00e9e\" \/>\n\t<meta name=\"twitter:data2\" content=\"2 minutes\" \/>\n<script type=\"application\/ld+json\" class=\"yoast-schema-graph\">{\"@context\":\"https:\/\/schema.org\",\"@graph\":[{\"@type\":\"Article\",\"@id\":\"https:\/\/bobea.net\/index.php\/2025\/01\/16\/bien-etre-mental-la-meditation-quantique-nouvelle-tendance-holistique\/#article\",\"isPartOf\":{\"@id\":\"https:\/\/bobea.net\/index.php\/2025\/01\/16\/bien-etre-mental-la-meditation-quantique-nouvelle-tendance-holistique\/\"},\"author\":{\"name\":\"bobea.info\",\"@id\":\"https:\/\/bobea.net\/#\/schema\/person\/e7f45ef187918d7c956bf619dce90ccf\"},\"headline\":\"Bien-\u00eatre mental : La m\u00e9ditation quantique, nouvelle tendance holistique\",\"datePublished\":\"2025-01-16T11:51:01+00:00\",\"dateModified\":\"2025-01-16T11:51:02+00:00\",\"mainEntityOfPage\":{\"@id\":\"https:\/\/bobea.net\/index.php\/2025\/01\/16\/bien-etre-mental-la-meditation-quantique-nouvelle-tendance-holistique\/\"},\"wordCount\":370,\"commentCount\":0,\"publisher\":{\"@id\":\"https:\/\/bobea.net\/#organization\"},\"image\":{\"@id\":\"https:\/\/bobea.net\/index.php\/2025\/01\/16\/bien-etre-mental-la-meditation-quantique-nouvelle-tendance-holistique\/#primaryimage\"},\"thumbnailUrl\":\"https:\/\/bobea.net\/wp-content\/uploads\/2025\/01\/femme-meditation-1280x640-1.jpg\",\"articleSection\":[\"Sant\u00e9\"],\"inLanguage\":\"fr-FR\",\"potentialAction\":[{\"@type\":\"CommentAction\",\"name\":\"Comment\",\"target\":[\"https:\/\/bobea.net\/index.php\/2025\/01\/16\/bien-etre-mental-la-meditation-quantique-nouvelle-tendance-holistique\/#respond\"]}]},{\"@type\":\"WebPage\",\"@id\":\"https:\/\/bobea.net\/index.php\/2025\/01\/16\/bien-etre-mental-la-meditation-quantique-nouvelle-tendance-holistique\/\",\"url\":\"https:\/\/bobea.net\/index.php\/2025\/01\/16\/bien-etre-mental-la-meditation-quantique-nouvelle-tendance-holistique\/\",\"name\":\"Bien-\u00eatre mental : La m\u00e9ditation quantique, nouvelle tendance holistique - Bobea\",\"isPartOf\":{\"@id\":\"https:\/\/bobea.net\/#website\"},\"primaryImageOfPage\":{\"@id\":\"https:\/\/bobea.net\/index.php\/2025\/01\/16\/bien-etre-mental-la-meditation-quantique-nouvelle-tendance-holistique\/#primaryimage\"},\"image\":{\"@id\":\"https:\/\/bobea.net\/index.php\/2025\/01\/16\/bien-etre-mental-la-meditation-quantique-nouvelle-tendance-holistique\/#primaryimage\"},\"thumbnailUrl\":\"https:\/\/bobea.net\/wp-content\/uploads\/2025\/01\/femme-meditation-1280x640-1.jpg\",\"datePublished\":\"2025-01-16T11:51:01+00:00\",\"dateModified\":\"2025-01-16T11:51:02+00:00\",\"breadcrumb\":{\"@id\":\"https:\/\/bobea.net\/index.php\/2025\/01\/16\/bien-etre-mental-la-meditation-quantique-nouvelle-tendance-holistique\/#breadcrumb\"},\"inLanguage\":\"fr-FR\",\"potentialAction\":[{\"@type\":\"ReadAction\",\"target\":[\"https:\/\/bobea.net\/index.php\/2025\/01\/16\/bien-etre-mental-la-meditation-quantique-nouvelle-tendance-holistique\/\"]}]},{\"@type\":\"ImageObject\",\"inLanguage\":\"fr-FR\",\"@id\":\"https:\/\/bobea.net\/index.php\/2025\/01\/16\/bien-etre-mental-la-meditation-quantique-nouvelle-tendance-holistique\/#primaryimage\",\"url\":\"https:\/\/bobea.net\/wp-content\/uploads\/2025\/01\/femme-meditation-1280x640-1.jpg\",\"contentUrl\":\"https:\/\/bobea.net\/wp-content\/uploads\/2025\/01\/femme-meditation-1280x640-1.jpg\",\"width\":1280,\"height\":640},{\"@type\":\"BreadcrumbList\",\"@id\":\"https:\/\/bobea.net\/index.php\/2025\/01\/16\/bien-etre-mental-la-meditation-quantique-nouvelle-tendance-holistique\/#breadcrumb\",\"itemListElement\":[{\"@type\":\"ListItem\",\"position\":1,\"name\":\"Accueil\",\"item\":\"https:\/\/bobea.net\/\"},{\"@type\":\"ListItem\",\"position\":2,\"name\":\"Bien-\u00eatre mental : La m\u00e9ditation quantique, nouvelle tendance holistique\"}]},{\"@type\":\"WebSite\",\"@id\":\"https:\/\/bobea.net\/#website\",\"url\":\"https:\/\/bobea.net\/\",\"name\":\"Bobea\",\"description\":\"Le magazine de la nouvelle \u00c8ve\",\"publisher\":{\"@id\":\"https:\/\/bobea.net\/#organization\"},\"potentialAction\":[{\"@type\":\"SearchAction\",\"target\":{\"@type\":\"EntryPoint\",\"urlTemplate\":\"https:\/\/bobea.net\/?s={search_term_string}\"},\"query-input\":{\"@type\":\"PropertyValueSpecification\",\"valueRequired\":true,\"valueName\":\"search_term_string\"}}],\"inLanguage\":\"fr-FR\"},{\"@type\":\"Organization\",\"@id\":\"https:\/\/bobea.net\/#organization\",\"name\":\"Bobea\",\"url\":\"https:\/\/bobea.net\/\",\"logo\":{\"@type\":\"ImageObject\",\"inLanguage\":\"fr-FR\",\"@id\":\"https:\/\/bobea.net\/#\/schema\/logo\/image\/\",\"url\":\"https:\/\/bobea.net\/wp-content\/uploads\/2024\/06\/bobea.jpg\",\"contentUrl\":\"https:\/\/bobea.net\/wp-content\/uploads\/2024\/06\/bobea.jpg\",\"width\":1080,\"height\":1080,\"caption\":\"Bobea\"},\"image\":{\"@id\":\"https:\/\/bobea.net\/#\/schema\/logo\/image\/\"},\"sameAs\":[\"https:\/\/web.facebook.com\/profile.php?id=61559252188416\"]},{\"@type\":\"Person\",\"@id\":\"https:\/\/bobea.net\/#\/schema\/person\/e7f45ef187918d7c956bf619dce90ccf\",\"name\":\"bobea.info\",\"image\":{\"@type\":\"ImageObject\",\"inLanguage\":\"fr-FR\",\"@id\":\"https:\/\/bobea.net\/#\/schema\/person\/image\/\",\"url\":\"https:\/\/secure.gravatar.com\/avatar\/36147980349df887ae30808df3e29474?s=96&d=mm&r=g\",\"contentUrl\":\"https:\/\/secure.gravatar.com\/avatar\/36147980349df887ae30808df3e29474?s=96&d=mm&r=g\",\"caption\":\"bobea.info\"},\"sameAs\":[\"https:\/\/bobea.net\"],\"url\":\"https:\/\/bobea.net\/index.php\/author\/bobea-info\/\"}]}<\/script>\n<!-- \/ Yoast SEO plugin. -->","yoast_head_json":{"title":"Bien-\u00eatre mental : La m\u00e9ditation quantique, nouvelle tendance holistique - Bobea","robots":{"index":"index","follow":"follow","max-snippet":"max-snippet:-1","max-image-preview":"max-image-preview:large","max-video-preview":"max-video-preview:-1"},"canonical":"https:\/\/bobea.net\/index.php\/2025\/01\/16\/bien-etre-mental-la-meditation-quantique-nouvelle-tendance-holistique\/","og_locale":"fr_FR","og_type":"article","og_title":"Bien-\u00eatre mental : La m\u00e9ditation quantique, nouvelle tendance holistique - Bobea","og_description":"Intro\u00adduc\u00adtion au con\u00adcept de m\u00e9di\u00adta\u00adtion quan\u00adtique La m\u00e9di\u00adta\u00adtion quan\u00adtique \u00e9merge comme une ten\u00addance incon\u00adtourn\u00adable dans le domaine du bien-\u00eatre men\u00adtal en 2025. Alliant principes sci\u00aden\u00adtifiques issus de la physique quan\u00adtique&hellip;","og_url":"https:\/\/bobea.net\/index.php\/2025\/01\/16\/bien-etre-mental-la-meditation-quantique-nouvelle-tendance-holistique\/","og_site_name":"Bobea","article_publisher":"https:\/\/web.facebook.com\/profile.php?id=61559252188416","article_published_time":"2025-01-16T11:51:01+00:00","article_modified_time":"2025-01-16T11:51:02+00:00","og_image":[{"width":1280,"height":640,"url":"https:\/\/bobea.net\/wp-content\/uploads\/2025\/01\/femme-meditation-1280x640-1.jpg","type":"image\/jpeg"}],"author":"bobea.info","twitter_card":"summary_large_image","twitter_misc":{"\u00c9crit par":"bobea.info","Dur\u00e9e de lecture estim\u00e9e":"2 minutes"},"schema":{"@context":"https:\/\/schema.org","@graph":[{"@type":"Article","@id":"https:\/\/bobea.net\/index.php\/2025\/01\/16\/bien-etre-mental-la-meditation-quantique-nouvelle-tendance-holistique\/#article","isPartOf":{"@id":"https:\/\/bobea.net\/index.php\/2025\/01\/16\/bien-etre-mental-la-meditation-quantique-nouvelle-tendance-holistique\/"},"author":{"name":"bobea.info","@id":"https:\/\/bobea.net\/#\/schema\/person\/e7f45ef187918d7c956bf619dce90ccf"},"headline":"Bien-\u00eatre mental : La m\u00e9ditation quantique, nouvelle tendance holistique","datePublished":"2025-01-16T11:51:01+00:00","dateModified":"2025-01-16T11:51:02+00:00","mainEntityOfPage":{"@id":"https:\/\/bobea.net\/index.php\/2025\/01\/16\/bien-etre-mental-la-meditation-quantique-nouvelle-tendance-holistique\/"},"wordCount":370,"commentCount":0,"publisher":{"@id":"https:\/\/bobea.net\/#organization"},"image":{"@id":"https:\/\/bobea.net\/index.php\/2025\/01\/16\/bien-etre-mental-la-meditation-quantique-nouvelle-tendance-holistique\/#primaryimage"},"thumbnailUrl":"https:\/\/bobea.net\/wp-content\/uploads\/2025\/01\/femme-meditation-1280x640-1.jpg","articleSection":["Sant\u00e9"],"inLanguage":"fr-FR","potentialAction":[{"@type":"CommentAction","name":"Comment","target":["https:\/\/bobea.net\/index.php\/2025\/01\/16\/bien-etre-mental-la-meditation-quantique-nouvelle-tendance-holistique\/#respond"]}]},{"@type":"WebPage","@id":"https:\/\/bobea.net\/index.php\/2025\/01\/16\/bien-etre-mental-la-meditation-quantique-nouvelle-tendance-holistique\/","url":"https:\/\/bobea.net\/index.php\/2025\/01\/16\/bien-etre-mental-la-meditation-quantique-nouvelle-tendance-holistique\/","name":"Bien-\u00eatre mental : La m\u00e9ditation quantique, nouvelle tendance holistique - Bobea","isPartOf":{"@id":"https:\/\/bobea.net\/#website"},"primaryImageOfPage":{"@id":"https:\/\/bobea.net\/index.php\/2025\/01\/16\/bien-etre-mental-la-meditation-quantique-nouvelle-tendance-holistique\/#primaryimage"},"image":{"@id":"https:\/\/bobea.net\/index.php\/2025\/01\/16\/bien-etre-mental-la-meditation-quantique-nouvelle-tendance-holistique\/#primaryimage"},"thumbnailUrl":"https:\/\/bobea.net\/wp-content\/uploads\/2025\/01\/femme-meditation-1280x640-1.jpg","datePublished":"2025-01-16T11:51:01+00:00","dateModified":"2025-01-16T11:51:02+00:00","breadcrumb":{"@id":"https:\/\/bobea.net\/index.php\/2025\/01\/16\/bien-etre-mental-la-meditation-quantique-nouvelle-tendance-holistique\/#breadcrumb"},"inLanguage":"fr-FR","potentialAction":[{"@type":"ReadAction","target":["https:\/\/bobea.net\/index.php\/2025\/01\/16\/bien-etre-mental-la-meditation-quantique-nouvelle-tendance-holistique\/"]}]},{"@type":"ImageObject","inLanguage":"fr-FR","@id":"https:\/\/bobea.net\/index.php\/2025\/01\/16\/bien-etre-mental-la-meditation-quantique-nouvelle-tendance-holistique\/#primaryimage","url":"https:\/\/bobea.net\/wp-content\/uploads\/2025\/01\/femme-meditation-1280x640-1.jpg","contentUrl":"https:\/\/bobea.net\/wp-content\/uploads\/2025\/01\/femme-meditation-1280x640-1.jpg","width":1280,"height":640},{"@type":"BreadcrumbList","@id":"https:\/\/bobea.net\/index.php\/2025\/01\/16\/bien-etre-mental-la-meditation-quantique-nouvelle-tendance-holistique\/#breadcrumb","itemListElement":[{"@type":"ListItem","position":1,"name":"Accueil","item":"https:\/\/bobea.net\/"},{"@type":"ListItem","position":2,"name":"Bien-\u00eatre mental : La m\u00e9ditation quantique, nouvelle tendance holistique"}]},{"@type":"WebSite","@id":"https:\/\/bobea.net\/#website","url":"https:\/\/bobea.net\/","name":"Bobea","description":"Le magazine de la nouvelle \u00c8ve","publisher":{"@id":"https:\/\/bobea.net\/#organization"},"potentialAction":[{"@type":"SearchAction","target":{"@type":"EntryPoint","urlTemplate":"https:\/\/bobea.net\/?s={search_term_string}"},"query-input":{"@type":"PropertyValueSpecification","valueRequired":true,"valueName":"search_term_string"}}],"inLanguage":"fr-FR"},{"@type":"Organization","@id":"https:\/\/bobea.net\/#organization","name":"Bobea","url":"https:\/\/bobea.net\/","logo":{"@type":"ImageObject","inLanguage":"fr-FR","@id":"https:\/\/bobea.net\/#\/schema\/logo\/image\/","url":"https:\/\/bobea.net\/wp-content\/uploads\/2024\/06\/bobea.jpg","contentUrl":"https:\/\/bobea.net\/wp-content\/uploads\/2024\/06\/bobea.jpg","width":1080,"height":1080,"caption":"Bobea"},"image":{"@id":"https:\/\/bobea.net\/#\/schema\/logo\/image\/"},"sameAs":["https:\/\/web.facebook.com\/profile.php?id=61559252188416"]},{"@type":"Person","@id":"https:\/\/bobea.net\/#\/schema\/person\/e7f45ef187918d7c956bf619dce90ccf","name":"bobea.info","image":{"@type":"ImageObject","inLanguage":"fr-FR","@id":"https:\/\/bobea.net\/#\/schema\/person\/image\/","url":"https:\/\/secure.gravatar.com\/avatar\/36147980349df887ae30808df3e29474?s=96&d=mm&r=g","contentUrl":"https:\/\/secure.gravatar.com\/avatar\/36147980349df887ae30808df3e29474?s=96&d=mm&r=g","caption":"bobea.info"},"sameAs":["https:\/\/bobea.net"],"url":"https:\/\/bobea.net\/index.php\/author\/bobea-info\/"}]}},"_links":{"self":[{"href":"https:\/\/bobea.net\/index.php\/wp-json\/wp\/v2\/posts\/7307"}],"collection":[{"href":"https:\/\/bobea.net\/index.php\/wp-json\/wp\/v2\/posts"}],"about":[{"href":"https:\/\/bobea.net\/index.php\/wp-json\/wp\/v2\/types\/post"}],"author":[{"embeddable":true,"href":"https:\/\/bobea.net\/index.php\/wp-json\/wp\/v2\/users\/1"}],"replies":[{"embeddable":true,"href":"https:\/\/bobea.net\/index.php\/wp-json\/wp\/v2\/comments?post=7307"}],"version-history":[{"count":0,"href":"https:\/\/bobea.net\/index.php\/wp-json\/wp\/v2\/posts\/7307\/revisions"}],"wp:featuredmedia":[{"embeddable":true,"href":"https:\/\/bobea.net\/index.php\/wp-json\/wp\/v2\/media\/7308"}],"wp:attachment":[{"href":"https:\/\/bobea.net\/index.php\/wp-json\/wp\/v2\/media?parent=7307"}],"wp:term":[{"taxonomy":"category","embeddable":true,"href":"https:\/\/bobea.net\/index.php\/wp-json\/wp\/v2\/categories?post=7307"},{"taxonomy":"post_tag","embeddable":true,"href":"https:\/\/bobea.net\/index.php\/wp-json\/wp\/v2\/tags?post=7307"}],"curies":[{"name":"wp","href":"https:\/\/api.w.org\/{rel}","templated":true}]}}