{"id":7287,"date":"2025-01-16T11:37:30","date_gmt":"2025-01-16T11:37:30","guid":{"rendered":"https:\/\/bobea.net\/?p=7287"},"modified":"2025-01-16T11:37:31","modified_gmt":"2025-01-16T11:37:31","slug":"cop30-les-femmes-en-premiere-ligne-des-negociations-climatiques","status":"publish","type":"post","link":"https:\/\/bobea.net\/index.php\/2025\/01\/16\/cop30-les-femmes-en-premiere-ligne-des-negociations-climatiques\/","title":{"rendered":"COP30 : Les femmes en premi\u00e8re ligne des n\u00e9gociations climatiques"},"content":{"rendered":"\n<p>La COP30, qui s\u2019ou\u00advre aujour\u00add\u2019hui \u00e0 Nairo\u00adbi, mar\u00adque un tour\u00adnant his\u00adtorique avec une repr\u00e9sen\u00adta\u00adtion f\u00e9mi\u00adnine sans pr\u00e9c\u00e9\u00addent. Pour la pre\u00admi\u00e8re fois, les femmes con\u00adstituent la majorit\u00e9 des chefs de d\u00e9l\u00e9\u00adga\u00adtion, refl\u00e9\u00adtant une recon\u00adnais\u00adsance crois\u00adsante du r\u00f4le cru\u00adcial des femmes dans la lutte con\u00adtre le change\u00adment cli\u00adma\u00adtique.<\/p>\n\n\n\n<p>Une repr\u00e9sen\u00adta\u00adtion f\u00e9mi\u00adnine record<\/p>\n\n\n\n<ul class=\"wp-block-list\">\n<li>55% des chefs de d\u00e9l\u00e9\u00adga\u00adtion sont des femmes<\/li>\n\n\n\n<li>60% des n\u00e9go\u00adci\u00ada\u00adteurs prin\u00adci\u00adpaux sont des femmes<\/li>\n\n\n\n<li>3 des 5 pr\u00e9si\u00addents de groupes de tra\u00advail cl\u00e9s sont des femmes<\/li>\n<\/ul>\n\n\n\n<p>L\u2019im\u00adpact des femmes sur les n\u00e9go\u00adci\u00ada\u00adtions<\/p>\n\n\n\n<p>Les n\u00e9go\u00adci\u00adatri\u00adces appor\u00adtent de nou\u00advelles per\u00adspec\u00adtives :<\/p>\n\n\n\n<ol start=\"1\" class=\"wp-block-list\">\n<li>Focus sur les solu\u00adtions bas\u00e9es sur la nature<\/li>\n\n\n\n<li>Pri\u00ador\u00adit\u00e9 \u00e0 l\u2019adap\u00adta\u00adtion cli\u00adma\u00adtique dans les pays en d\u00e9veloppe\u00adment<\/li>\n\n\n\n<li>Int\u00e9\u00adgra\u00adtion des ques\u00adtions de genre dans toutes les poli\u00adtiques cli\u00adma\u00adtiques<\/li>\n<\/ol>\n\n\n\n<p>Des voix influ\u00adentes<\/p>\n\n\n\n<p>Par\u00admi les fig\u00adures de proue :<\/p>\n\n\n\n<ul class=\"wp-block-list\">\n<li>Dr. Ami\u00adna Mohammed (Nige\u00adria) : Pr\u00e9si\u00addente de la COP30<\/li>\n\n\n\n<li>Chris\u00adtiana Figueres (Cos\u00adta Rica) : Cheffe de la d\u00e9l\u00e9\u00adga\u00adtion lati\u00adno-am\u00e9ri\u00adcaine<\/li>\n\n\n\n<li>Suni\u00adta Narain (Inde) : Porte-parole du groupe des pays en d\u00e9veloppe\u00adment<\/li>\n<\/ul>\n\n\n\n<p>Les enjeux cl\u00e9s<\/p>\n\n\n\n<figure class=\"wp-block-image size-large\"><img loading=\"lazy\" decoding=\"async\" width=\"1024\" height=\"683\" src=\"https:\/\/bobea.net\/wp-content\/uploads\/2025\/01\/image0010826742f-c217-4a9d-9a0f-95908f2165b7-1024x683.jpg\" alt class=\"wp-image-7289\" srcset=\"https:\/\/bobea.net\/wp-content\/uploads\/2025\/01\/image0010826742f-c217-4a9d-9a0f-95908f2165b7-1024x683.jpg 1024w, https:\/\/bobea.net\/wp-content\/uploads\/2025\/01\/image0010826742f-c217-4a9d-9a0f-95908f2165b7-300x200.jpg 300w, https:\/\/bobea.net\/wp-content\/uploads\/2025\/01\/image0010826742f-c217-4a9d-9a0f-95908f2165b7-768x512.jpg 768w, https:\/\/bobea.net\/wp-content\/uploads\/2025\/01\/image0010826742f-c217-4a9d-9a0f-95908f2165b7-1536x1025.jpg 1536w, https:\/\/bobea.net\/wp-content\/uploads\/2025\/01\/image0010826742f-c217-4a9d-9a0f-95908f2165b7.jpg 2048w\" sizes=\"(max-width: 1024px) 100vw, 1024px\"><\/figure>\n\n\n\n<p>Les n\u00e9go\u00adci\u00adatri\u00adces met\u00adtent l\u2019ac\u00adcent sur :<\/p>\n\n\n\n<ul class=\"wp-block-list\">\n<li>Le finance\u00adment cli\u00adma\u00adtique pour les com\u00admu\u00adnaut\u00e9s vul\u00adn\u00e9rables<\/li>\n\n\n\n<li>La tran\u00adsi\u00adtion juste vers une \u00e9conomie verte<\/li>\n\n\n\n<li>La pro\u00adtec\u00adtion des droits des peu\u00adples autochtones<\/li>\n<\/ul>\n\n\n\n<p>La forte pr\u00e9sence f\u00e9mi\u00adnine \u00e0 la COP30 promet des n\u00e9go\u00adci\u00ada\u00adtions plus inclu\u00adsives et des solu\u00adtions plus holis\u00adtiques face \u00e0 la crise cli\u00adma\u00adtique. Les jours \u00e0 venir mon\u00adtreront com\u00adment cette nou\u00advelle dynamique influ\u00adencera les accords fin\u00adaux.<\/p>\n","protected":false},"excerpt":{"rendered":"<p>La COP30, qui s\u2019ou\u00advre aujour\u00add\u2019hui \u00e0 Nairo\u00adbi, mar\u00adque un tour\u00adnant his\u00adtorique avec une repr\u00e9sen\u00adta\u00adtion f\u00e9mi\u00adnine sans pr\u00e9c\u00e9\u00addent. Pour la pre\u00admi\u00e8re fois, les femmes con\u00adstituent la majorit\u00e9 des chefs de d\u00e9l\u00e9\u00adga\u00adtion,\u2026 <\/p>\n","protected":false},"author":1,"featured_media":7288,"comment_status":"open","ping_status":"open","sticky":false,"template":"","format":"standard","meta":{"wp_typography_post_enhancements_disabled":false,"footnotes":""},"categories":[71],"tags":[],"class_list":["post-7287","post","type-post","status-publish","format-standard","has-post-thumbnail","hentry","category-leaders"],"yoast_head":"<!-- This site is optimized with the Yoast SEO plugin v24.7 - https:\/\/yoast.com\/wordpress\/plugins\/seo\/ -->\n<title>COP30 : Les femmes en premi\u00e8re ligne des n\u00e9gociations climatiques - Bobea<\/title>\n<meta name=\"robots\" content=\"index, follow, max-snippet:-1, max-image-preview:large, max-video-preview:-1\" \/>\n<link rel=\"canonical\" href=\"https:\/\/bobea.net\/index.php\/2025\/01\/16\/cop30-les-femmes-en-premiere-ligne-des-negociations-climatiques\/\" \/>\n<meta property=\"og:locale\" content=\"fr_FR\" \/>\n<meta property=\"og:type\" content=\"article\" \/>\n<meta property=\"og:title\" content=\"COP30 : Les femmes en premi\u00e8re ligne des n\u00e9gociations climatiques - Bobea\" \/>\n<meta property=\"og:description\" content=\"La COP30, qui s\u2019ou\u00advre aujour\u00add\u2019hui \u00e0 Nairo\u00adbi, mar\u00adque un tour\u00adnant his\u00adtorique avec une repr\u00e9sen\u00adta\u00adtion f\u00e9mi\u00adnine sans pr\u00e9c\u00e9\u00addent. Pour la pre\u00admi\u00e8re fois, les femmes con\u00adstituent la majorit\u00e9 des chefs de d\u00e9l\u00e9\u00adga\u00adtion,&hellip;\" \/>\n<meta property=\"og:url\" content=\"https:\/\/bobea.net\/index.php\/2025\/01\/16\/cop30-les-femmes-en-premiere-ligne-des-negociations-climatiques\/\" \/>\n<meta property=\"og:site_name\" content=\"Bobea\" \/>\n<meta property=\"article:publisher\" content=\"https:\/\/web.facebook.com\/profile.php?id=61559252188416\" \/>\n<meta property=\"article:published_time\" content=\"2025-01-16T11:37:30+00:00\" \/>\n<meta property=\"article:modified_time\" content=\"2025-01-16T11:37:31+00:00\" \/>\n<meta property=\"og:image\" content=\"https:\/\/bobea.net\/wp-content\/uploads\/2025\/01\/image1170x530cropped-3.jpg\" \/>\n\t<meta property=\"og:image:width\" content=\"1170\" \/>\n\t<meta property=\"og:image:height\" content=\"530\" \/>\n\t<meta property=\"og:image:type\" content=\"image\/jpeg\" \/>\n<meta name=\"author\" content=\"bobea.info\" \/>\n<meta name=\"twitter:card\" content=\"summary_large_image\" \/>\n<meta name=\"twitter:label1\" content=\"\u00c9crit par\" \/>\n\t<meta name=\"twitter:data1\" content=\"bobea.info\" \/>\n\t<meta name=\"twitter:label2\" content=\"Dur\u00e9e de lecture estim\u00e9e\" \/>\n\t<meta name=\"twitter:data2\" content=\"2 minutes\" \/>\n<script type=\"application\/ld+json\" class=\"yoast-schema-graph\">{\"@context\":\"https:\/\/schema.org\",\"@graph\":[{\"@type\":\"Article\",\"@id\":\"https:\/\/bobea.net\/index.php\/2025\/01\/16\/cop30-les-femmes-en-premiere-ligne-des-negociations-climatiques\/#article\",\"isPartOf\":{\"@id\":\"https:\/\/bobea.net\/index.php\/2025\/01\/16\/cop30-les-femmes-en-premiere-ligne-des-negociations-climatiques\/\"},\"author\":{\"name\":\"bobea.info\",\"@id\":\"https:\/\/bobea.net\/#\/schema\/person\/e7f45ef187918d7c956bf619dce90ccf\"},\"headline\":\"COP30 : Les femmes en premi\u00e8re ligne des n\u00e9gociations climatiques\",\"datePublished\":\"2025-01-16T11:37:30+00:00\",\"dateModified\":\"2025-01-16T11:37:31+00:00\",\"mainEntityOfPage\":{\"@id\":\"https:\/\/bobea.net\/index.php\/2025\/01\/16\/cop30-les-femmes-en-premiere-ligne-des-negociations-climatiques\/\"},\"wordCount\":255,\"commentCount\":0,\"publisher\":{\"@id\":\"https:\/\/bobea.net\/#organization\"},\"image\":{\"@id\":\"https:\/\/bobea.net\/index.php\/2025\/01\/16\/cop30-les-femmes-en-premiere-ligne-des-negociations-climatiques\/#primaryimage\"},\"thumbnailUrl\":\"https:\/\/bobea.net\/wp-content\/uploads\/2025\/01\/image1170x530cropped-3.jpg\",\"articleSection\":[\"Leaders\"],\"inLanguage\":\"fr-FR\",\"potentialAction\":[{\"@type\":\"CommentAction\",\"name\":\"Comment\",\"target\":[\"https:\/\/bobea.net\/index.php\/2025\/01\/16\/cop30-les-femmes-en-premiere-ligne-des-negociations-climatiques\/#respond\"]}]},{\"@type\":\"WebPage\",\"@id\":\"https:\/\/bobea.net\/index.php\/2025\/01\/16\/cop30-les-femmes-en-premiere-ligne-des-negociations-climatiques\/\",\"url\":\"https:\/\/bobea.net\/index.php\/2025\/01\/16\/cop30-les-femmes-en-premiere-ligne-des-negociations-climatiques\/\",\"name\":\"COP30 : Les femmes en premi\u00e8re ligne des n\u00e9gociations climatiques - Bobea\",\"isPartOf\":{\"@id\":\"https:\/\/bobea.net\/#website\"},\"primaryImageOfPage\":{\"@id\":\"https:\/\/bobea.net\/index.php\/2025\/01\/16\/cop30-les-femmes-en-premiere-ligne-des-negociations-climatiques\/#primaryimage\"},\"image\":{\"@id\":\"https:\/\/bobea.net\/index.php\/2025\/01\/16\/cop30-les-femmes-en-premiere-ligne-des-negociations-climatiques\/#primaryimage\"},\"thumbnailUrl\":\"https:\/\/bobea.net\/wp-content\/uploads\/2025\/01\/image1170x530cropped-3.jpg\",\"datePublished\":\"2025-01-16T11:37:30+00:00\",\"dateModified\":\"2025-01-16T11:37:31+00:00\",\"breadcrumb\":{\"@id\":\"https:\/\/bobea.net\/index.php\/2025\/01\/16\/cop30-les-femmes-en-premiere-ligne-des-negociations-climatiques\/#breadcrumb\"},\"inLanguage\":\"fr-FR\",\"potentialAction\":[{\"@type\":\"ReadAction\",\"target\":[\"https:\/\/bobea.net\/index.php\/2025\/01\/16\/cop30-les-femmes-en-premiere-ligne-des-negociations-climatiques\/\"]}]},{\"@type\":\"ImageObject\",\"inLanguage\":\"fr-FR\",\"@id\":\"https:\/\/bobea.net\/index.php\/2025\/01\/16\/cop30-les-femmes-en-premiere-ligne-des-negociations-climatiques\/#primaryimage\",\"url\":\"https:\/\/bobea.net\/wp-content\/uploads\/2025\/01\/image1170x530cropped-3.jpg\",\"contentUrl\":\"https:\/\/bobea.net\/wp-content\/uploads\/2025\/01\/image1170x530cropped-3.jpg\",\"width\":1170,\"height\":530},{\"@type\":\"BreadcrumbList\",\"@id\":\"https:\/\/bobea.net\/index.php\/2025\/01\/16\/cop30-les-femmes-en-premiere-ligne-des-negociations-climatiques\/#breadcrumb\",\"itemListElement\":[{\"@type\":\"ListItem\",\"position\":1,\"name\":\"Accueil\",\"item\":\"https:\/\/bobea.net\/\"},{\"@type\":\"ListItem\",\"position\":2,\"name\":\"COP30 : Les femmes en premi\u00e8re ligne des n\u00e9gociations climatiques\"}]},{\"@type\":\"WebSite\",\"@id\":\"https:\/\/bobea.net\/#website\",\"url\":\"https:\/\/bobea.net\/\",\"name\":\"Bobea\",\"description\":\"Le magazine de la nouvelle \u00c8ve\",\"publisher\":{\"@id\":\"https:\/\/bobea.net\/#organization\"},\"potentialAction\":[{\"@type\":\"SearchAction\",\"target\":{\"@type\":\"EntryPoint\",\"urlTemplate\":\"https:\/\/bobea.net\/?s={search_term_string}\"},\"query-input\":{\"@type\":\"PropertyValueSpecification\",\"valueRequired\":true,\"valueName\":\"search_term_string\"}}],\"inLanguage\":\"fr-FR\"},{\"@type\":\"Organization\",\"@id\":\"https:\/\/bobea.net\/#organization\",\"name\":\"Bobea\",\"url\":\"https:\/\/bobea.net\/\",\"logo\":{\"@type\":\"ImageObject\",\"inLanguage\":\"fr-FR\",\"@id\":\"https:\/\/bobea.net\/#\/schema\/logo\/image\/\",\"url\":\"https:\/\/bobea.net\/wp-content\/uploads\/2024\/06\/bobea.jpg\",\"contentUrl\":\"https:\/\/bobea.net\/wp-content\/uploads\/2024\/06\/bobea.jpg\",\"width\":1080,\"height\":1080,\"caption\":\"Bobea\"},\"image\":{\"@id\":\"https:\/\/bobea.net\/#\/schema\/logo\/image\/\"},\"sameAs\":[\"https:\/\/web.facebook.com\/profile.php?id=61559252188416\"]},{\"@type\":\"Person\",\"@id\":\"https:\/\/bobea.net\/#\/schema\/person\/e7f45ef187918d7c956bf619dce90ccf\",\"name\":\"bobea.info\",\"image\":{\"@type\":\"ImageObject\",\"inLanguage\":\"fr-FR\",\"@id\":\"https:\/\/bobea.net\/#\/schema\/person\/image\/\",\"url\":\"https:\/\/secure.gravatar.com\/avatar\/36147980349df887ae30808df3e29474?s=96&d=mm&r=g\",\"contentUrl\":\"https:\/\/secure.gravatar.com\/avatar\/36147980349df887ae30808df3e29474?s=96&d=mm&r=g\",\"caption\":\"bobea.info\"},\"sameAs\":[\"https:\/\/bobea.net\"],\"url\":\"https:\/\/bobea.net\/index.php\/author\/bobea-info\/\"}]}<\/script>\n<!-- \/ Yoast SEO plugin. -->","yoast_head_json":{"title":"COP30 : Les femmes en premi\u00e8re ligne des n\u00e9gociations climatiques - Bobea","robots":{"index":"index","follow":"follow","max-snippet":"max-snippet:-1","max-image-preview":"max-image-preview:large","max-video-preview":"max-video-preview:-1"},"canonical":"https:\/\/bobea.net\/index.php\/2025\/01\/16\/cop30-les-femmes-en-premiere-ligne-des-negociations-climatiques\/","og_locale":"fr_FR","og_type":"article","og_title":"COP30 : Les femmes en premi\u00e8re ligne des n\u00e9gociations climatiques - Bobea","og_description":"La COP30, qui s\u2019ou\u00advre aujour\u00add\u2019hui \u00e0 Nairo\u00adbi, mar\u00adque un tour\u00adnant his\u00adtorique avec une repr\u00e9sen\u00adta\u00adtion f\u00e9mi\u00adnine sans pr\u00e9c\u00e9\u00addent. Pour la pre\u00admi\u00e8re fois, les femmes con\u00adstituent la majorit\u00e9 des chefs de d\u00e9l\u00e9\u00adga\u00adtion,&hellip;","og_url":"https:\/\/bobea.net\/index.php\/2025\/01\/16\/cop30-les-femmes-en-premiere-ligne-des-negociations-climatiques\/","og_site_name":"Bobea","article_publisher":"https:\/\/web.facebook.com\/profile.php?id=61559252188416","article_published_time":"2025-01-16T11:37:30+00:00","article_modified_time":"2025-01-16T11:37:31+00:00","og_image":[{"width":1170,"height":530,"url":"https:\/\/bobea.net\/wp-content\/uploads\/2025\/01\/image1170x530cropped-3.jpg","type":"image\/jpeg"}],"author":"bobea.info","twitter_card":"summary_large_image","twitter_misc":{"\u00c9crit par":"bobea.info","Dur\u00e9e de lecture estim\u00e9e":"2 minutes"},"schema":{"@context":"https:\/\/schema.org","@graph":[{"@type":"Article","@id":"https:\/\/bobea.net\/index.php\/2025\/01\/16\/cop30-les-femmes-en-premiere-ligne-des-negociations-climatiques\/#article","isPartOf":{"@id":"https:\/\/bobea.net\/index.php\/2025\/01\/16\/cop30-les-femmes-en-premiere-ligne-des-negociations-climatiques\/"},"author":{"name":"bobea.info","@id":"https:\/\/bobea.net\/#\/schema\/person\/e7f45ef187918d7c956bf619dce90ccf"},"headline":"COP30 : Les femmes en premi\u00e8re ligne des n\u00e9gociations climatiques","datePublished":"2025-01-16T11:37:30+00:00","dateModified":"2025-01-16T11:37:31+00:00","mainEntityOfPage":{"@id":"https:\/\/bobea.net\/index.php\/2025\/01\/16\/cop30-les-femmes-en-premiere-ligne-des-negociations-climatiques\/"},"wordCount":255,"commentCount":0,"publisher":{"@id":"https:\/\/bobea.net\/#organization"},"image":{"@id":"https:\/\/bobea.net\/index.php\/2025\/01\/16\/cop30-les-femmes-en-premiere-ligne-des-negociations-climatiques\/#primaryimage"},"thumbnailUrl":"https:\/\/bobea.net\/wp-content\/uploads\/2025\/01\/image1170x530cropped-3.jpg","articleSection":["Leaders"],"inLanguage":"fr-FR","potentialAction":[{"@type":"CommentAction","name":"Comment","target":["https:\/\/bobea.net\/index.php\/2025\/01\/16\/cop30-les-femmes-en-premiere-ligne-des-negociations-climatiques\/#respond"]}]},{"@type":"WebPage","@id":"https:\/\/bobea.net\/index.php\/2025\/01\/16\/cop30-les-femmes-en-premiere-ligne-des-negociations-climatiques\/","url":"https:\/\/bobea.net\/index.php\/2025\/01\/16\/cop30-les-femmes-en-premiere-ligne-des-negociations-climatiques\/","name":"COP30 : Les femmes en premi\u00e8re ligne des n\u00e9gociations climatiques - Bobea","isPartOf":{"@id":"https:\/\/bobea.net\/#website"},"primaryImageOfPage":{"@id":"https:\/\/bobea.net\/index.php\/2025\/01\/16\/cop30-les-femmes-en-premiere-ligne-des-negociations-climatiques\/#primaryimage"},"image":{"@id":"https:\/\/bobea.net\/index.php\/2025\/01\/16\/cop30-les-femmes-en-premiere-ligne-des-negociations-climatiques\/#primaryimage"},"thumbnailUrl":"https:\/\/bobea.net\/wp-content\/uploads\/2025\/01\/image1170x530cropped-3.jpg","datePublished":"2025-01-16T11:37:30+00:00","dateModified":"2025-01-16T11:37:31+00:00","breadcrumb":{"@id":"https:\/\/bobea.net\/index.php\/2025\/01\/16\/cop30-les-femmes-en-premiere-ligne-des-negociations-climatiques\/#breadcrumb"},"inLanguage":"fr-FR","potentialAction":[{"@type":"ReadAction","target":["https:\/\/bobea.net\/index.php\/2025\/01\/16\/cop30-les-femmes-en-premiere-ligne-des-negociations-climatiques\/"]}]},{"@type":"ImageObject","inLanguage":"fr-FR","@id":"https:\/\/bobea.net\/index.php\/2025\/01\/16\/cop30-les-femmes-en-premiere-ligne-des-negociations-climatiques\/#primaryimage","url":"https:\/\/bobea.net\/wp-content\/uploads\/2025\/01\/image1170x530cropped-3.jpg","contentUrl":"https:\/\/bobea.net\/wp-content\/uploads\/2025\/01\/image1170x530cropped-3.jpg","width":1170,"height":530},{"@type":"BreadcrumbList","@id":"https:\/\/bobea.net\/index.php\/2025\/01\/16\/cop30-les-femmes-en-premiere-ligne-des-negociations-climatiques\/#breadcrumb","itemListElement":[{"@type":"ListItem","position":1,"name":"Accueil","item":"https:\/\/bobea.net\/"},{"@type":"ListItem","position":2,"name":"COP30 : Les femmes en premi\u00e8re ligne des n\u00e9gociations climatiques"}]},{"@type":"WebSite","@id":"https:\/\/bobea.net\/#website","url":"https:\/\/bobea.net\/","name":"Bobea","description":"Le magazine de la nouvelle \u00c8ve","publisher":{"@id":"https:\/\/bobea.net\/#organization"},"potentialAction":[{"@type":"SearchAction","target":{"@type":"EntryPoint","urlTemplate":"https:\/\/bobea.net\/?s={search_term_string}"},"query-input":{"@type":"PropertyValueSpecification","valueRequired":true,"valueName":"search_term_string"}}],"inLanguage":"fr-FR"},{"@type":"Organization","@id":"https:\/\/bobea.net\/#organization","name":"Bobea","url":"https:\/\/bobea.net\/","logo":{"@type":"ImageObject","inLanguage":"fr-FR","@id":"https:\/\/bobea.net\/#\/schema\/logo\/image\/","url":"https:\/\/bobea.net\/wp-content\/uploads\/2024\/06\/bobea.jpg","contentUrl":"https:\/\/bobea.net\/wp-content\/uploads\/2024\/06\/bobea.jpg","width":1080,"height":1080,"caption":"Bobea"},"image":{"@id":"https:\/\/bobea.net\/#\/schema\/logo\/image\/"},"sameAs":["https:\/\/web.facebook.com\/profile.php?id=61559252188416"]},{"@type":"Person","@id":"https:\/\/bobea.net\/#\/schema\/person\/e7f45ef187918d7c956bf619dce90ccf","name":"bobea.info","image":{"@type":"ImageObject","inLanguage":"fr-FR","@id":"https:\/\/bobea.net\/#\/schema\/person\/image\/","url":"https:\/\/secure.gravatar.com\/avatar\/36147980349df887ae30808df3e29474?s=96&d=mm&r=g","contentUrl":"https:\/\/secure.gravatar.com\/avatar\/36147980349df887ae30808df3e29474?s=96&d=mm&r=g","caption":"bobea.info"},"sameAs":["https:\/\/bobea.net"],"url":"https:\/\/bobea.net\/index.php\/author\/bobea-info\/"}]}},"_links":{"self":[{"href":"https:\/\/bobea.net\/index.php\/wp-json\/wp\/v2\/posts\/7287"}],"collection":[{"href":"https:\/\/bobea.net\/index.php\/wp-json\/wp\/v2\/posts"}],"about":[{"href":"https:\/\/bobea.net\/index.php\/wp-json\/wp\/v2\/types\/post"}],"author":[{"embeddable":true,"href":"https:\/\/bobea.net\/index.php\/wp-json\/wp\/v2\/users\/1"}],"replies":[{"embeddable":true,"href":"https:\/\/bobea.net\/index.php\/wp-json\/wp\/v2\/comments?post=7287"}],"version-history":[{"count":0,"href":"https:\/\/bobea.net\/index.php\/wp-json\/wp\/v2\/posts\/7287\/revisions"}],"wp:featuredmedia":[{"embeddable":true,"href":"https:\/\/bobea.net\/index.php\/wp-json\/wp\/v2\/media\/7288"}],"wp:attachment":[{"href":"https:\/\/bobea.net\/index.php\/wp-json\/wp\/v2\/media?parent=7287"}],"wp:term":[{"taxonomy":"category","embeddable":true,"href":"https:\/\/bobea.net\/index.php\/wp-json\/wp\/v2\/categories?post=7287"},{"taxonomy":"post_tag","embeddable":true,"href":"https:\/\/bobea.net\/index.php\/wp-json\/wp\/v2\/tags?post=7287"}],"curies":[{"name":"wp","href":"https:\/\/api.w.org\/{rel}","templated":true}]}}