{"id":7279,"date":"2025-01-16T11:29:25","date_gmt":"2025-01-16T11:29:25","guid":{"rendered":"https:\/\/bobea.net\/?p=7279"},"modified":"2025-01-16T11:29:26","modified_gmt":"2025-01-16T11:29:26","slug":"journee-internationale-des-droits-des-femmes-2025-pour-toutes-les-femmes-et-les-filles","status":"publish","type":"post","link":"https:\/\/bobea.net\/index.php\/2025\/01\/16\/journee-internationale-des-droits-des-femmes-2025-pour-toutes-les-femmes-et-les-filles\/","title":{"rendered":"Journ\u00e9e internationale des droits des femmes 2025 : \u201cPour TOUTES les femmes et les filles\u201d"},"content":{"rendered":"\n<p>La Journ\u00e9e inter\u00adna\u00adtionale des droits des femmes 2025 met l\u2019ac\u00adcent sur l\u2019in\u00adclu\u00adsiv\u00adit\u00e9 avec son th\u00e8me \u201cPour TOUTES les femmes et les filles\u201d. Cette ann\u00e9e, l\u2019ONU Femmes appelle \u00e0 une action glob\u00adale pour garan\u00adtir que les droits et les oppor\u00adtu\u00adnit\u00e9s soient acces\u00adsi\u00adbles \u00e0 toutes, ind\u00e9pen\u00addam\u00adment de leur orig\u00adine, de leur statut ou de leurs capac\u00adit\u00e9s.<\/p>\n\n\n\n<p>Un appel \u00e0 l\u2019ac\u00adtion inclu\u00adsive<\/p>\n\n\n\n<p>Le slo\u00adgan \u201cPour TOUTES les femmes et les filles\u201d souligne l\u2019im\u00adpor\u00adtance de ne laiss\u00ader per\u00adson\u00adne de c\u00f4t\u00e9 dans la lutte pour l\u2019\u00e9\u00adgal\u00adit\u00e9 des sex\u00ades. L\u2019ac\u00adcent est mis sur les groupes sou\u00advent mar\u00adgin\u00adal\u00adis\u00e9s, tels que les femmes hand\u00adi\u00adcap\u00e9es, les femmes rurales, les femmes LGBTQ+ et les femmes issues de minorit\u00e9s eth\u00adniques.<\/p>\n\n\n\n<p>Des ini\u00adtia\u00adtives mon\u00addi\u00adales pour l\u2019in\u00adclu\u00adsion<\/p>\n\n\n\n<p>L\u2019ONU a lanc\u00e9 une s\u00e9rie d\u2019ini\u00adtia\u00adtives visant \u00e0 pro\u00admou\u00advoir l\u2019in\u00adclu\u00adsion :<\/p>\n\n\n\n<ol start=\"1\" class=\"wp-block-list\">\n<li>Un fonds mon\u00addi\u00adal de 1 mil\u00adliard de dol\u00adlars pour soutenir les organ\u00adi\u00adsa\u00adtions de base tra\u00advail\u00adlant avec les femmes mar\u00adgin\u00adal\u00adis\u00e9es.<\/li>\n\n\n\n<li>Une cam\u00adpagne de sen\u00adsi\u00adbil\u00adi\u00adsa\u00adtion sur les r\u00e9seaux soci\u00adaux, #ToutesIn\u00adcluses\u00adToutes\u00c9\u00adgales, qui a d\u00e9j\u00e0 atteint plus de 500 mil\u00adlions de per\u00adson\u00adnes.<\/li>\n\n\n\n<li>Un som\u00admet virtuel de 24 heures r\u00e9u\u00adnis\u00adsant des lead\u00aders f\u00e9minins du monde entier pour dis\u00adcuter des strat\u00e9\u00adgies d\u2019in\u00adclu\u00adsion.<\/li>\n<\/ol>\n\n\n\n<figure class=\"wp-block-gallery has-nested-images columns-default is-cropped wp-block-gallery-1 is-layout-flex wp-block-gallery-is-layout-flex\">\n<figure class=\"wp-block-image size-large\"><img loading=\"lazy\" decoding=\"async\" width=\"1024\" height=\"725\" data-id=\"7281\" src=\"https:\/\/bobea.net\/wp-content\/uploads\/2025\/01\/50165573072_a0df1b9598_k-1-1024x725.jpg\" alt class=\"wp-image-7281\" srcset=\"https:\/\/bobea.net\/wp-content\/uploads\/2025\/01\/50165573072_a0df1b9598_k-1-1024x725.jpg 1024w, https:\/\/bobea.net\/wp-content\/uploads\/2025\/01\/50165573072_a0df1b9598_k-1-300x212.jpg 300w, https:\/\/bobea.net\/wp-content\/uploads\/2025\/01\/50165573072_a0df1b9598_k-1-768x544.jpg 768w, https:\/\/bobea.net\/wp-content\/uploads\/2025\/01\/50165573072_a0df1b9598_k-1-1536x1087.jpg 1536w, https:\/\/bobea.net\/wp-content\/uploads\/2025\/01\/50165573072_a0df1b9598_k-1.jpg 2047w\" sizes=\"(max-width: 1024px) 100vw, 1024px\"><\/figure>\n<\/figure>\n\n\n\n<p>L\u2019im\u00adpact de la tech\u00adnolo\u00adgie sur l\u2019in\u00adclu\u00adsion<\/p>\n\n\n\n<p>La tech\u00adnolo\u00adgie joue un r\u00f4le cru\u00adcial dans la pro\u00admo\u00adtion de l\u2019in\u00adclu\u00adsion. Des appli\u00adca\u00adtions d\u2019ac\u00adces\u00adsi\u00adbil\u00adit\u00e9 pour les femmes hand\u00adi\u00adcap\u00e9es aux plate\u00adformes d\u2019\u00e9\u00add\u00adu\u00adca\u00adtion en ligne pour les filles des zones rurales, l\u2019in\u00adno\u00adva\u00adtion tech\u00adnologique ouvre de nou\u00advelles voies vers l\u2019\u00e9\u00adgal\u00adit\u00e9.<\/p>\n\n\n\n<p>Les d\u00e9fis per\u00adsis\u00adtants<\/p>\n\n\n\n<p>Mal\u00adgr\u00e9 les pro\u00adgr\u00e8s, des d\u00e9fis impor\u00adtants sub\u00adsis\u00adtent :<\/p>\n\n\n\n<ul class=\"wp-block-list\">\n<li>L\u2019\u00e9\u00adcart salar\u00adi\u00adal entre les sex\u00ades reste sig\u00adni\u00adfi\u00adcatif, avec une moyenne mon\u00addi\u00adale de 20%.<\/li>\n\n\n\n<li>La vio\u00adlence bas\u00e9e sur le genre touche encore 1 femme sur 3 dans le monde.<\/li>\n\n\n\n<li>La repr\u00e9sen\u00adta\u00adtion poli\u00adtique des femmes n\u2019at\u00adteint que 25% au niveau mon\u00addi\u00adal.<\/li>\n<\/ul>\n\n\n\n<p>La Journ\u00e9e inter\u00adna\u00adtionale des droits des femmes 2025 est un rap\u00adpel puis\u00adsant que la lutte pour l\u2019\u00e9\u00adgal\u00adit\u00e9 doit inclure toutes les femmes et les filles, sans excep\u00adtion. C\u2019est un appel \u00e0 l\u2019ac\u00adtion pour les gou\u00adverne\u00adments, les entre\u00adpris\u00ades et les indi\u00advidus \u00e0 tra\u00advailler ensem\u00adble pour un avenir v\u00e9ri\u00adta\u00adble\u00adment inclusif et \u00e9gal\u00adi\u00adtaire.<\/p>\n","protected":false},"excerpt":{"rendered":"<p>La Journ\u00e9e inter\u00adna\u00adtionale des droits des femmes 2025 met l\u2019ac\u00adcent sur l\u2019in\u00adclu\u00adsiv\u00adit\u00e9 avec son th\u00e8me \u201cPour TOUTES les femmes et les filles\u201d. Cette ann\u00e9e, l\u2019ONU Femmes appelle \u00e0 une action\u2026 <\/p>\n","protected":false},"author":1,"featured_media":7280,"comment_status":"open","ping_status":"open","sticky":false,"template":"","format":"standard","meta":{"wp_typography_post_enhancements_disabled":false,"footnotes":""},"categories":[74,73],"tags":[],"class_list":["post-7279","post","type-post","status-publish","format-standard","has-post-thumbnail","hentry","category-gloria","category-on-en-parle"],"yoast_head":"<!-- This site is optimized with the Yoast SEO plugin v24.7 - https:\/\/yoast.com\/wordpress\/plugins\/seo\/ -->\n<title>Journ\u00e9e internationale des droits des femmes 2025 : &quot;Pour TOUTES les femmes et les filles&quot; - Bobea<\/title>\n<meta name=\"robots\" content=\"index, follow, max-snippet:-1, max-image-preview:large, max-video-preview:-1\" \/>\n<link rel=\"canonical\" href=\"https:\/\/bobea.net\/index.php\/2025\/01\/16\/journee-internationale-des-droits-des-femmes-2025-pour-toutes-les-femmes-et-les-filles\/\" \/>\n<meta property=\"og:locale\" content=\"fr_FR\" \/>\n<meta property=\"og:type\" content=\"article\" \/>\n<meta property=\"og:title\" content=\"Journ\u00e9e internationale des droits des femmes 2025 : &quot;Pour TOUTES les femmes et les filles&quot; - Bobea\" \/>\n<meta property=\"og:description\" content=\"La Journ\u00e9e inter\u00adna\u00adtionale des droits des femmes 2025 met l\u2019ac\u00adcent sur l\u2019in\u00adclu\u00adsiv\u00adit\u00e9 avec son th\u00e8me \u201cPour TOUTES les femmes et les filles\u201d. Cette ann\u00e9e, l\u2019ONU Femmes appelle \u00e0 une action&hellip;\" \/>\n<meta property=\"og:url\" content=\"https:\/\/bobea.net\/index.php\/2025\/01\/16\/journee-internationale-des-droits-des-femmes-2025-pour-toutes-les-femmes-et-les-filles\/\" \/>\n<meta property=\"og:site_name\" content=\"Bobea\" \/>\n<meta property=\"article:publisher\" content=\"https:\/\/web.facebook.com\/profile.php?id=61559252188416\" \/>\n<meta property=\"article:published_time\" content=\"2025-01-16T11:29:25+00:00\" \/>\n<meta property=\"article:modified_time\" content=\"2025-01-16T11:29:26+00:00\" \/>\n<meta property=\"og:image\" content=\"https:\/\/bobea.net\/wp-content\/uploads\/2025\/01\/50165573072_a0df1b9598_k.jpg\" \/>\n\t<meta property=\"og:image:width\" content=\"2047\" \/>\n\t<meta property=\"og:image:height\" content=\"1449\" \/>\n\t<meta property=\"og:image:type\" content=\"image\/jpeg\" \/>\n<meta name=\"author\" content=\"bobea.info\" \/>\n<meta name=\"twitter:card\" content=\"summary_large_image\" \/>\n<meta name=\"twitter:label1\" content=\"\u00c9crit par\" \/>\n\t<meta name=\"twitter:data1\" content=\"bobea.info\" \/>\n\t<meta name=\"twitter:label2\" content=\"Dur\u00e9e de lecture estim\u00e9e\" \/>\n\t<meta name=\"twitter:data2\" content=\"3 minutes\" \/>\n<script type=\"application\/ld+json\" class=\"yoast-schema-graph\">{\"@context\":\"https:\/\/schema.org\",\"@graph\":[{\"@type\":\"Article\",\"@id\":\"https:\/\/bobea.net\/index.php\/2025\/01\/16\/journee-internationale-des-droits-des-femmes-2025-pour-toutes-les-femmes-et-les-filles\/#article\",\"isPartOf\":{\"@id\":\"https:\/\/bobea.net\/index.php\/2025\/01\/16\/journee-internationale-des-droits-des-femmes-2025-pour-toutes-les-femmes-et-les-filles\/\"},\"author\":{\"name\":\"bobea.info\",\"@id\":\"https:\/\/bobea.net\/#\/schema\/person\/e7f45ef187918d7c956bf619dce90ccf\"},\"headline\":\"Journ\u00e9e internationale des droits des femmes 2025 : \u201cPour TOUTES les femmes et les filles\u201d\",\"datePublished\":\"2025-01-16T11:29:25+00:00\",\"dateModified\":\"2025-01-16T11:29:26+00:00\",\"mainEntityOfPage\":{\"@id\":\"https:\/\/bobea.net\/index.php\/2025\/01\/16\/journee-internationale-des-droits-des-femmes-2025-pour-toutes-les-femmes-et-les-filles\/\"},\"wordCount\":372,\"commentCount\":0,\"publisher\":{\"@id\":\"https:\/\/bobea.net\/#organization\"},\"image\":{\"@id\":\"https:\/\/bobea.net\/index.php\/2025\/01\/16\/journee-internationale-des-droits-des-femmes-2025-pour-toutes-les-femmes-et-les-filles\/#primaryimage\"},\"thumbnailUrl\":\"https:\/\/bobea.net\/wp-content\/uploads\/2025\/01\/50165573072_a0df1b9598_k.jpg\",\"articleSection\":[\"Gloria\",\"On en Parle\"],\"inLanguage\":\"fr-FR\",\"potentialAction\":[{\"@type\":\"CommentAction\",\"name\":\"Comment\",\"target\":[\"https:\/\/bobea.net\/index.php\/2025\/01\/16\/journee-internationale-des-droits-des-femmes-2025-pour-toutes-les-femmes-et-les-filles\/#respond\"]}]},{\"@type\":\"WebPage\",\"@id\":\"https:\/\/bobea.net\/index.php\/2025\/01\/16\/journee-internationale-des-droits-des-femmes-2025-pour-toutes-les-femmes-et-les-filles\/\",\"url\":\"https:\/\/bobea.net\/index.php\/2025\/01\/16\/journee-internationale-des-droits-des-femmes-2025-pour-toutes-les-femmes-et-les-filles\/\",\"name\":\"Journ\u00e9e internationale des droits des femmes 2025 : \\\"Pour TOUTES les femmes et les filles\\\" - Bobea\",\"isPartOf\":{\"@id\":\"https:\/\/bobea.net\/#website\"},\"primaryImageOfPage\":{\"@id\":\"https:\/\/bobea.net\/index.php\/2025\/01\/16\/journee-internationale-des-droits-des-femmes-2025-pour-toutes-les-femmes-et-les-filles\/#primaryimage\"},\"image\":{\"@id\":\"https:\/\/bobea.net\/index.php\/2025\/01\/16\/journee-internationale-des-droits-des-femmes-2025-pour-toutes-les-femmes-et-les-filles\/#primaryimage\"},\"thumbnailUrl\":\"https:\/\/bobea.net\/wp-content\/uploads\/2025\/01\/50165573072_a0df1b9598_k.jpg\",\"datePublished\":\"2025-01-16T11:29:25+00:00\",\"dateModified\":\"2025-01-16T11:29:26+00:00\",\"breadcrumb\":{\"@id\":\"https:\/\/bobea.net\/index.php\/2025\/01\/16\/journee-internationale-des-droits-des-femmes-2025-pour-toutes-les-femmes-et-les-filles\/#breadcrumb\"},\"inLanguage\":\"fr-FR\",\"potentialAction\":[{\"@type\":\"ReadAction\",\"target\":[\"https:\/\/bobea.net\/index.php\/2025\/01\/16\/journee-internationale-des-droits-des-femmes-2025-pour-toutes-les-femmes-et-les-filles\/\"]}]},{\"@type\":\"ImageObject\",\"inLanguage\":\"fr-FR\",\"@id\":\"https:\/\/bobea.net\/index.php\/2025\/01\/16\/journee-internationale-des-droits-des-femmes-2025-pour-toutes-les-femmes-et-les-filles\/#primaryimage\",\"url\":\"https:\/\/bobea.net\/wp-content\/uploads\/2025\/01\/50165573072_a0df1b9598_k.jpg\",\"contentUrl\":\"https:\/\/bobea.net\/wp-content\/uploads\/2025\/01\/50165573072_a0df1b9598_k.jpg\",\"width\":2047,\"height\":1449,\"caption\":\"Journ\u00e9e internationale des droits des femmes 2025 : \\\"Pour TOUTES les femmes et les filles\\\"\"},{\"@type\":\"BreadcrumbList\",\"@id\":\"https:\/\/bobea.net\/index.php\/2025\/01\/16\/journee-internationale-des-droits-des-femmes-2025-pour-toutes-les-femmes-et-les-filles\/#breadcrumb\",\"itemListElement\":[{\"@type\":\"ListItem\",\"position\":1,\"name\":\"Accueil\",\"item\":\"https:\/\/bobea.net\/\"},{\"@type\":\"ListItem\",\"position\":2,\"name\":\"Journ\u00e9e internationale des droits des femmes 2025 : \u00ab\u00a0Pour TOUTES les femmes et les filles\u00a0\u00bb\"}]},{\"@type\":\"WebSite\",\"@id\":\"https:\/\/bobea.net\/#website\",\"url\":\"https:\/\/bobea.net\/\",\"name\":\"Bobea\",\"description\":\"Le magazine de la nouvelle \u00c8ve\",\"publisher\":{\"@id\":\"https:\/\/bobea.net\/#organization\"},\"potentialAction\":[{\"@type\":\"SearchAction\",\"target\":{\"@type\":\"EntryPoint\",\"urlTemplate\":\"https:\/\/bobea.net\/?s={search_term_string}\"},\"query-input\":{\"@type\":\"PropertyValueSpecification\",\"valueRequired\":true,\"valueName\":\"search_term_string\"}}],\"inLanguage\":\"fr-FR\"},{\"@type\":\"Organization\",\"@id\":\"https:\/\/bobea.net\/#organization\",\"name\":\"Bobea\",\"url\":\"https:\/\/bobea.net\/\",\"logo\":{\"@type\":\"ImageObject\",\"inLanguage\":\"fr-FR\",\"@id\":\"https:\/\/bobea.net\/#\/schema\/logo\/image\/\",\"url\":\"https:\/\/bobea.net\/wp-content\/uploads\/2024\/06\/bobea.jpg\",\"contentUrl\":\"https:\/\/bobea.net\/wp-content\/uploads\/2024\/06\/bobea.jpg\",\"width\":1080,\"height\":1080,\"caption\":\"Bobea\"},\"image\":{\"@id\":\"https:\/\/bobea.net\/#\/schema\/logo\/image\/\"},\"sameAs\":[\"https:\/\/web.facebook.com\/profile.php?id=61559252188416\"]},{\"@type\":\"Person\",\"@id\":\"https:\/\/bobea.net\/#\/schema\/person\/e7f45ef187918d7c956bf619dce90ccf\",\"name\":\"bobea.info\",\"image\":{\"@type\":\"ImageObject\",\"inLanguage\":\"fr-FR\",\"@id\":\"https:\/\/bobea.net\/#\/schema\/person\/image\/\",\"url\":\"https:\/\/secure.gravatar.com\/avatar\/36147980349df887ae30808df3e29474?s=96&d=mm&r=g\",\"contentUrl\":\"https:\/\/secure.gravatar.com\/avatar\/36147980349df887ae30808df3e29474?s=96&d=mm&r=g\",\"caption\":\"bobea.info\"},\"sameAs\":[\"https:\/\/bobea.net\"],\"url\":\"https:\/\/bobea.net\/index.php\/author\/bobea-info\/\"}]}<\/script>\n<!-- \/ Yoast SEO plugin. -->","yoast_head_json":{"title":"Journ\u00e9e internationale des droits des femmes 2025 : \"Pour TOUTES les femmes et les filles\" - Bobea","robots":{"index":"index","follow":"follow","max-snippet":"max-snippet:-1","max-image-preview":"max-image-preview:large","max-video-preview":"max-video-preview:-1"},"canonical":"https:\/\/bobea.net\/index.php\/2025\/01\/16\/journee-internationale-des-droits-des-femmes-2025-pour-toutes-les-femmes-et-les-filles\/","og_locale":"fr_FR","og_type":"article","og_title":"Journ\u00e9e internationale des droits des femmes 2025 : \"Pour TOUTES les femmes et les filles\" - Bobea","og_description":"La Journ\u00e9e inter\u00adna\u00adtionale des droits des femmes 2025 met l\u2019ac\u00adcent sur l\u2019in\u00adclu\u00adsiv\u00adit\u00e9 avec son th\u00e8me \u201cPour TOUTES les femmes et les filles\u201d. Cette ann\u00e9e, l\u2019ONU Femmes appelle \u00e0 une action&hellip;","og_url":"https:\/\/bobea.net\/index.php\/2025\/01\/16\/journee-internationale-des-droits-des-femmes-2025-pour-toutes-les-femmes-et-les-filles\/","og_site_name":"Bobea","article_publisher":"https:\/\/web.facebook.com\/profile.php?id=61559252188416","article_published_time":"2025-01-16T11:29:25+00:00","article_modified_time":"2025-01-16T11:29:26+00:00","og_image":[{"width":2047,"height":1449,"url":"https:\/\/bobea.net\/wp-content\/uploads\/2025\/01\/50165573072_a0df1b9598_k.jpg","type":"image\/jpeg"}],"author":"bobea.info","twitter_card":"summary_large_image","twitter_misc":{"\u00c9crit par":"bobea.info","Dur\u00e9e de lecture estim\u00e9e":"3 minutes"},"schema":{"@context":"https:\/\/schema.org","@graph":[{"@type":"Article","@id":"https:\/\/bobea.net\/index.php\/2025\/01\/16\/journee-internationale-des-droits-des-femmes-2025-pour-toutes-les-femmes-et-les-filles\/#article","isPartOf":{"@id":"https:\/\/bobea.net\/index.php\/2025\/01\/16\/journee-internationale-des-droits-des-femmes-2025-pour-toutes-les-femmes-et-les-filles\/"},"author":{"name":"bobea.info","@id":"https:\/\/bobea.net\/#\/schema\/person\/e7f45ef187918d7c956bf619dce90ccf"},"headline":"Journ\u00e9e internationale des droits des femmes 2025 : \u201cPour TOUTES les femmes et les filles\u201d","datePublished":"2025-01-16T11:29:25+00:00","dateModified":"2025-01-16T11:29:26+00:00","mainEntityOfPage":{"@id":"https:\/\/bobea.net\/index.php\/2025\/01\/16\/journee-internationale-des-droits-des-femmes-2025-pour-toutes-les-femmes-et-les-filles\/"},"wordCount":372,"commentCount":0,"publisher":{"@id":"https:\/\/bobea.net\/#organization"},"image":{"@id":"https:\/\/bobea.net\/index.php\/2025\/01\/16\/journee-internationale-des-droits-des-femmes-2025-pour-toutes-les-femmes-et-les-filles\/#primaryimage"},"thumbnailUrl":"https:\/\/bobea.net\/wp-content\/uploads\/2025\/01\/50165573072_a0df1b9598_k.jpg","articleSection":["Gloria","On en Parle"],"inLanguage":"fr-FR","potentialAction":[{"@type":"CommentAction","name":"Comment","target":["https:\/\/bobea.net\/index.php\/2025\/01\/16\/journee-internationale-des-droits-des-femmes-2025-pour-toutes-les-femmes-et-les-filles\/#respond"]}]},{"@type":"WebPage","@id":"https:\/\/bobea.net\/index.php\/2025\/01\/16\/journee-internationale-des-droits-des-femmes-2025-pour-toutes-les-femmes-et-les-filles\/","url":"https:\/\/bobea.net\/index.php\/2025\/01\/16\/journee-internationale-des-droits-des-femmes-2025-pour-toutes-les-femmes-et-les-filles\/","name":"Journ\u00e9e internationale des droits des femmes 2025 : \"Pour TOUTES les femmes et les filles\" - Bobea","isPartOf":{"@id":"https:\/\/bobea.net\/#website"},"primaryImageOfPage":{"@id":"https:\/\/bobea.net\/index.php\/2025\/01\/16\/journee-internationale-des-droits-des-femmes-2025-pour-toutes-les-femmes-et-les-filles\/#primaryimage"},"image":{"@id":"https:\/\/bobea.net\/index.php\/2025\/01\/16\/journee-internationale-des-droits-des-femmes-2025-pour-toutes-les-femmes-et-les-filles\/#primaryimage"},"thumbnailUrl":"https:\/\/bobea.net\/wp-content\/uploads\/2025\/01\/50165573072_a0df1b9598_k.jpg","datePublished":"2025-01-16T11:29:25+00:00","dateModified":"2025-01-16T11:29:26+00:00","breadcrumb":{"@id":"https:\/\/bobea.net\/index.php\/2025\/01\/16\/journee-internationale-des-droits-des-femmes-2025-pour-toutes-les-femmes-et-les-filles\/#breadcrumb"},"inLanguage":"fr-FR","potentialAction":[{"@type":"ReadAction","target":["https:\/\/bobea.net\/index.php\/2025\/01\/16\/journee-internationale-des-droits-des-femmes-2025-pour-toutes-les-femmes-et-les-filles\/"]}]},{"@type":"ImageObject","inLanguage":"fr-FR","@id":"https:\/\/bobea.net\/index.php\/2025\/01\/16\/journee-internationale-des-droits-des-femmes-2025-pour-toutes-les-femmes-et-les-filles\/#primaryimage","url":"https:\/\/bobea.net\/wp-content\/uploads\/2025\/01\/50165573072_a0df1b9598_k.jpg","contentUrl":"https:\/\/bobea.net\/wp-content\/uploads\/2025\/01\/50165573072_a0df1b9598_k.jpg","width":2047,"height":1449,"caption":"Journ\u00e9e internationale des droits des femmes 2025 : \"Pour TOUTES les femmes et les filles\""},{"@type":"BreadcrumbList","@id":"https:\/\/bobea.net\/index.php\/2025\/01\/16\/journee-internationale-des-droits-des-femmes-2025-pour-toutes-les-femmes-et-les-filles\/#breadcrumb","itemListElement":[{"@type":"ListItem","position":1,"name":"Accueil","item":"https:\/\/bobea.net\/"},{"@type":"ListItem","position":2,"name":"Journ\u00e9e internationale des droits des femmes 2025 : \u00ab\u00a0Pour TOUTES les femmes et les filles\u00a0\u00bb"}]},{"@type":"WebSite","@id":"https:\/\/bobea.net\/#website","url":"https:\/\/bobea.net\/","name":"Bobea","description":"Le magazine de la nouvelle \u00c8ve","publisher":{"@id":"https:\/\/bobea.net\/#organization"},"potentialAction":[{"@type":"SearchAction","target":{"@type":"EntryPoint","urlTemplate":"https:\/\/bobea.net\/?s={search_term_string}"},"query-input":{"@type":"PropertyValueSpecification","valueRequired":true,"valueName":"search_term_string"}}],"inLanguage":"fr-FR"},{"@type":"Organization","@id":"https:\/\/bobea.net\/#organization","name":"Bobea","url":"https:\/\/bobea.net\/","logo":{"@type":"ImageObject","inLanguage":"fr-FR","@id":"https:\/\/bobea.net\/#\/schema\/logo\/image\/","url":"https:\/\/bobea.net\/wp-content\/uploads\/2024\/06\/bobea.jpg","contentUrl":"https:\/\/bobea.net\/wp-content\/uploads\/2024\/06\/bobea.jpg","width":1080,"height":1080,"caption":"Bobea"},"image":{"@id":"https:\/\/bobea.net\/#\/schema\/logo\/image\/"},"sameAs":["https:\/\/web.facebook.com\/profile.php?id=61559252188416"]},{"@type":"Person","@id":"https:\/\/bobea.net\/#\/schema\/person\/e7f45ef187918d7c956bf619dce90ccf","name":"bobea.info","image":{"@type":"ImageObject","inLanguage":"fr-FR","@id":"https:\/\/bobea.net\/#\/schema\/person\/image\/","url":"https:\/\/secure.gravatar.com\/avatar\/36147980349df887ae30808df3e29474?s=96&d=mm&r=g","contentUrl":"https:\/\/secure.gravatar.com\/avatar\/36147980349df887ae30808df3e29474?s=96&d=mm&r=g","caption":"bobea.info"},"sameAs":["https:\/\/bobea.net"],"url":"https:\/\/bobea.net\/index.php\/author\/bobea-info\/"}]}},"_links":{"self":[{"href":"https:\/\/bobea.net\/index.php\/wp-json\/wp\/v2\/posts\/7279"}],"collection":[{"href":"https:\/\/bobea.net\/index.php\/wp-json\/wp\/v2\/posts"}],"about":[{"href":"https:\/\/bobea.net\/index.php\/wp-json\/wp\/v2\/types\/post"}],"author":[{"embeddable":true,"href":"https:\/\/bobea.net\/index.php\/wp-json\/wp\/v2\/users\/1"}],"replies":[{"embeddable":true,"href":"https:\/\/bobea.net\/index.php\/wp-json\/wp\/v2\/comments?post=7279"}],"version-history":[{"count":0,"href":"https:\/\/bobea.net\/index.php\/wp-json\/wp\/v2\/posts\/7279\/revisions"}],"wp:featuredmedia":[{"embeddable":true,"href":"https:\/\/bobea.net\/index.php\/wp-json\/wp\/v2\/media\/7280"}],"wp:attachment":[{"href":"https:\/\/bobea.net\/index.php\/wp-json\/wp\/v2\/media?parent=7279"}],"wp:term":[{"taxonomy":"category","embeddable":true,"href":"https:\/\/bobea.net\/index.php\/wp-json\/wp\/v2\/categories?post=7279"},{"taxonomy":"post_tag","embeddable":true,"href":"https:\/\/bobea.net\/index.php\/wp-json\/wp\/v2\/tags?post=7279"}],"curies":[{"name":"wp","href":"https:\/\/api.w.org\/{rel}","templated":true}]}}