{"id":7256,"date":"2025-01-14T11:25:45","date_gmt":"2025-01-14T11:25:45","guid":{"rendered":"https:\/\/bobea.net\/?p=7256"},"modified":"2025-01-14T11:25:46","modified_gmt":"2025-01-14T11:25:46","slug":"sommet-de-davos-2025-les-femmes-leaders-redessinent-la-gouvernance-mondiale","status":"publish","type":"post","link":"https:\/\/bobea.net\/index.php\/2025\/01\/14\/sommet-de-davos-2025-les-femmes-leaders-redessinent-la-gouvernance-mondiale\/","title":{"rendered":"Sommet de Davos 2025 : Les femmes leaders redessinent la gouvernance mondiale"},"content":{"rendered":"\n<p>Le Forum \u00e9conomique mon\u00addi\u00adal de Davos 2025 s\u2019est ouvert ce matin sous le signe d\u2019une par\u00adtic\u00adi\u00adpa\u00adtion f\u00e9mi\u00adnine record. Cette 55\u00e8me \u00e9di\u00adtion, plac\u00e9e sous le th\u00e8me \u201c\u00c9quit\u00e9 et dura\u00adbil\u00adit\u00e9 : les nou\u00adveaux piliers de la gou\u00adver\u00adnance mon\u00addi\u00adale\u201d, mar\u00adque un tour\u00adnant his\u00adtorique avec une repr\u00e9sen\u00adta\u00adtion f\u00e9mi\u00adnine atteignant les 45% des par\u00adtic\u00adi\u00adpants.<\/p>\n\n\n\n<p>La pr\u00e9si\u00addente du Forum, Ngozi Okon\u00adjo-Iweala, a ouvert les d\u00e9bats en soulig\u00adnant l\u2019im\u00adpor\u00adtance cru\u00adciale de la diver\u00adsit\u00e9 dans la prise de d\u00e9ci\u00adsion mon\u00addi\u00adale : \u201cNotre monde fait face \u00e0 des d\u00e9fis sans pr\u00e9c\u00e9\u00addent. La crise cli\u00adma\u00adtique, les in\u00e9\u00adgal\u00adit\u00e9s crois\u00adsantes et les ten\u00adsions g\u00e9opoli\u00adtiques exi\u00adgent des solu\u00adtions nova\u00adtri\u00adces. Les femmes lead\u00aders appor\u00adtent des per\u00adspec\u00adtives uniques et essen\u00adtielles \u00e0 ces con\u00adver\u00adsa\u00adtions. \u201cPar\u00admi les inter\u00adven\u00adtions mar\u00adquantes, celle de Kamala Har\u00adris, d\u00e9sor\u00admais Secr\u00e9\u00adtaire G\u00e9n\u00e9rale de l\u2019ONU, a par\u00adti\u00adc\u00aduli\u00e8re\u00adment retenu l\u2019at\u00adten\u00adtion. Elle a pr\u00e9sen\u00adt\u00e9 un plan ambitieux pour r\u00e9former les insti\u00adtu\u00adtions inter\u00adna\u00adtionales, met\u00adtant l\u2019ac\u00adcent sur la repr\u00e9sen\u00adta\u00adtion \u00e9quitable des femmes \u00e0 tous les niveaux de d\u00e9ci\u00adsion. La Pre\u00admi\u00e8re min\u00adistre n\u00e9o-z\u00e9landaise, Jacin\u00adda Ardern, a quant \u00e0 elle partag\u00e9 le suc\u00adc\u00e8s de son pays dans la mise en \u0153uvre d\u2019une \u00e9conomie du bien-\u00eatre, soulig\u00adnant com\u00adment cette approche a per\u00admis de r\u00e9duire les in\u00e9\u00adgal\u00adit\u00e9s de genre tout en stim\u00adu\u00adlant la crois\u00adsance \u00e9conomique.<\/p>\n\n\n\n<figure class=\"wp-block-gallery has-nested-images columns-default is-cropped wp-block-gallery-1 is-layout-flex wp-block-gallery-is-layout-flex\">\n<figure class=\"wp-block-image size-large\"><img loading=\"lazy\" decoding=\"async\" width=\"850\" height=\"566\" data-id=\"7259\" src=\"https:\/\/bobea.net\/wp-content\/uploads\/2025\/01\/arton5812.jpg\" alt class=\"wp-image-7259\" srcset=\"https:\/\/bobea.net\/wp-content\/uploads\/2025\/01\/arton5812.jpg 850w, https:\/\/bobea.net\/wp-content\/uploads\/2025\/01\/arton5812-300x200.jpg 300w, https:\/\/bobea.net\/wp-content\/uploads\/2025\/01\/arton5812-768x511.jpg 768w\" sizes=\"(max-width: 850px) 100vw, 850px\"><figcaption class=\"wp-element-caption\">Open\u00adning of the World Eco\u00adnom\u00adic Forum 2017.\n\nU.S. Embassy Bern\/ Eric Bri\u00addiers<\/figcaption><\/figure>\n<\/figure>\n\n\n\n<p>Le pan\u00adel sur \u201cL\u2019avenir du tra\u00advail dans un monde post-pand\u00e9mique\u201d a mis en lumi\u00e8re les d\u00e9fis sp\u00e9\u00adci\u00adfiques aux\u00adquels les femmes sont con\u00adfron\u00adt\u00e9es. Mary Bar\u00adra, PDG de Gen\u00ader\u00adal Motors, a pr\u00e9sen\u00adt\u00e9 les ini\u00adtia\u00adtives de son entre\u00adprise pour pro\u00admou\u00advoir l\u2019\u00e9quit\u00e9 salar\u00adi\u00adale et la flex\u00adi\u00adbil\u00adit\u00e9 du tra\u00advail, des mod\u00ad\u00e8les qui sus\u00adci\u00adtent un vif int\u00e9r\u00eat par\u00admi les lead\u00aders pr\u00e9sents.La ses\u00adsion sur la finance durable a vu Kristali\u00adna Georgie\u00adva, direc\u00adtrice du FMI, pr\u00e9sen\u00adter un nou\u00adveau cadre pour int\u00e9\u00adgr\u00ader les crit\u00e8res ESG (Envi\u00adron\u00adnemen\u00adtaux, Soci\u00adaux et de Gou\u00adver\u00adnance) dans les poli\u00adtiques mon\u00e9\u00adtaires inter\u00adna\u00adtionales. Elle a insist\u00e9 sur le r\u00f4le cru\u00adcial des femmes dans la tran\u00adsi\u00adtion vers une \u00e9conomie verte : \u201cLes \u00e9tudes mon\u00adtrent que les entre\u00adpris\u00ades avec une forte repr\u00e9sen\u00adta\u00adtion f\u00e9mi\u00adnine dans leurs con\u00adseils d\u2019ad\u00admin\u00adis\u00adtra\u00adtion sont plus sus\u00adcep\u00adti\u00adbles d\u2019adopter des pra\u00adtiques durables.\u201cL\u2019entrepreneuriat f\u00e9minin a \u00e9gale\u00adment \u00e9t\u00e9 mis \u00e0 l\u2019hon\u00adneur avec un pitch con\u00adtest met\u00adtant en vedette des start-ups dirig\u00e9es par des femmes dans les domaines de la tech\u00adnolo\u00adgie verte et de l\u2019in\u00adclu\u00adsion finan\u00adci\u00e8re. La gag\u00adnante, une entre\u00adprise kenyane sp\u00e9\u00adcial\u00adis\u00e9e dans les solu\u00adtions de micro-irri\u00adga\u00adtion ali\u00admen\u00adt\u00e9es par l\u2019\u00e9n\u00adergie solaire, a re\u00e7u un finance\u00adment de 5 mil\u00adlions de dol\u00adlars pour d\u00e9velop\u00adper son activit\u00e9.Le som\u00admet a \u00e9gale\u00adment \u00e9t\u00e9 l\u2019oc\u00adca\u00adsion de lancer plusieurs ini\u00adtia\u00adtives majeures :<\/p>\n\n\n\n<ol class=\"wp-block-list\">\n<li>Un fonds mon\u00addi\u00adal de 10 mil\u00adliards de dol\u00adlars pour soutenir l\u2019\u00e9\u00add\u00adu\u00adca\u00adtion des filles dans les pays en d\u00e9veloppe\u00adment.<\/li>\n\n\n\n<li>Un pro\u00adgramme de men\u00adtorat inter\u00adna\u00adtion\u00adal visant \u00e0 for\u00admer la prochaine g\u00e9n\u00e9ra\u00adtion de femmes lead\u00aders.<\/li>\n\n\n\n<li>Une alliance d\u2019en\u00adtre\u00adpris\u00ades s\u2019en\u00adgageant \u00e0 attein\u00addre la par\u00adit\u00e9 dans leurs con\u00adseils d\u2019ad\u00admin\u00adis\u00adtra\u00adtion d\u2019i\u00adci 2030.<\/li>\n<\/ol>\n\n\n\n<p>Alors que le som\u00admet se pour\u00adsuit, il est clair que la pr\u00e9sence accrue des femmes lead\u00aders \u00e0 Davos 2025 n\u2019est pas seule\u00adment sym\u00adbol\u00adique. Elle refl\u00e8te un change\u00adment pro\u00adfond dans la fa\u00e7on dont les d\u00e9fis mon\u00addi\u00adaux sont abor\u00add\u00e9s, avec une emphase sur la col\u00adlab\u00ado\u00adra\u00adtion, l\u2019empathie et la dura\u00adbil\u00adit\u00e9 \u00e0 long terme.<\/p>\n\n\n\n<p>La journ\u00e9e s\u2019est con\u00adclue par un appel \u00e0 l\u2019ac\u00adtion de la mil\u00adi\u00adtante cli\u00adma\u00adtique Gre\u00adta Thun\u00adberg, d\u00e9sor\u00admais con\u00adseil\u00adl\u00e8re sp\u00e9\u00adciale aupr\u00e8s de l\u2019ONU pour le cli\u00admat. Elle a exhort\u00e9 les lead\u00aders pr\u00e9sents \u00e0 pass\u00ader des paroles aux actes : \u201cNous avons les solu\u00adtions, nous avons le tal\u00adent. Ce qu\u2019il nous faut main\u00adtenant, c\u2019est le courage d\u2019a\u00adgir de mani\u00e8re d\u00e9ci\u00adsive pour notre avenir commun.\u201cAlors que Davos 2025 con\u00adtin\u00adue, le monde observe avec int\u00e9r\u00eat com\u00adment cette nou\u00advelle g\u00e9n\u00e9ra\u00adtion de femmes lead\u00aders va fa\u00e7on\u00adner les poli\u00adtiques et les pra\u00adtiques qui d\u00e9finiront notre avenir col\u00adlec\u00adtif.<\/p>\n","protected":false},"excerpt":{"rendered":"<p>Le Forum \u00e9conomique mon\u00addi\u00adal de Davos 2025 s\u2019est ouvert ce matin sous le signe d\u2019une par\u00adtic\u00adi\u00adpa\u00adtion f\u00e9mi\u00adnine record. Cette 55\u00e8me \u00e9di\u00adtion, plac\u00e9e sous le th\u00e8me \u201c\u00c9quit\u00e9 et dura\u00adbil\u00adit\u00e9 : les\u2026 <\/p>\n","protected":false},"author":1,"featured_media":7257,"comment_status":"open","ping_status":"open","sticky":false,"template":"","format":"standard","meta":{"wp_typography_post_enhancements_disabled":false,"footnotes":""},"categories":[73],"tags":[],"class_list":["post-7256","post","type-post","status-publish","format-standard","has-post-thumbnail","hentry","category-on-en-parle"],"yoast_head":"<!-- This site is optimized with the Yoast SEO plugin v24.7 - https:\/\/yoast.com\/wordpress\/plugins\/seo\/ -->\n<title>Sommet de Davos 2025 : Les femmes leaders redessinent la gouvernance mondiale - Bobea<\/title>\n<meta name=\"description\" content=\"Le Forum \u00e9conomique mondial de Davos 2025 s&#039;est ouvert ce matin sous le signe d&#039;une participation f\u00e9minine record.\" \/>\n<meta name=\"robots\" content=\"index, follow, max-snippet:-1, max-image-preview:large, max-video-preview:-1\" \/>\n<link rel=\"canonical\" href=\"https:\/\/bobea.net\/index.php\/2025\/01\/14\/sommet-de-davos-2025-les-femmes-leaders-redessinent-la-gouvernance-mondiale\/\" \/>\n<meta property=\"og:locale\" content=\"fr_FR\" \/>\n<meta property=\"og:type\" content=\"article\" \/>\n<meta property=\"og:title\" content=\"Sommet de Davos 2025 : Les femmes leaders redessinent la gouvernance mondiale - Bobea\" \/>\n<meta property=\"og:description\" content=\"Le Forum \u00e9conomique mondial de Davos 2025 s&#039;est ouvert ce matin sous le signe d&#039;une participation f\u00e9minine record.\" \/>\n<meta property=\"og:url\" content=\"https:\/\/bobea.net\/index.php\/2025\/01\/14\/sommet-de-davos-2025-les-femmes-leaders-redessinent-la-gouvernance-mondiale\/\" \/>\n<meta property=\"og:site_name\" content=\"Bobea\" \/>\n<meta property=\"article:publisher\" content=\"https:\/\/web.facebook.com\/profile.php?id=61559252188416\" \/>\n<meta property=\"article:published_time\" content=\"2025-01-14T11:25:45+00:00\" \/>\n<meta property=\"article:modified_time\" content=\"2025-01-14T11:25:46+00:00\" \/>\n<meta property=\"og:image\" content=\"https:\/\/bobea.net\/wp-content\/uploads\/2025\/01\/forum-de-davos-les-7-chiffres-fous-de-ce-grand-rendez-vous-economique-mondial-1490445.jpg\" \/>\n\t<meta property=\"og:image:width\" content=\"1200\" \/>\n\t<meta property=\"og:image:height\" content=\"630\" \/>\n\t<meta property=\"og:image:type\" content=\"image\/jpeg\" \/>\n<meta name=\"author\" content=\"bobea.info\" \/>\n<meta name=\"twitter:card\" content=\"summary_large_image\" \/>\n<meta name=\"twitter:label1\" content=\"\u00c9crit par\" \/>\n\t<meta name=\"twitter:data1\" content=\"bobea.info\" \/>\n\t<meta name=\"twitter:label2\" content=\"Dur\u00e9e de lecture estim\u00e9e\" \/>\n\t<meta name=\"twitter:data2\" content=\"4 minutes\" \/>\n<script type=\"application\/ld+json\" class=\"yoast-schema-graph\">{\"@context\":\"https:\/\/schema.org\",\"@graph\":[{\"@type\":\"Article\",\"@id\":\"https:\/\/bobea.net\/index.php\/2025\/01\/14\/sommet-de-davos-2025-les-femmes-leaders-redessinent-la-gouvernance-mondiale\/#article\",\"isPartOf\":{\"@id\":\"https:\/\/bobea.net\/index.php\/2025\/01\/14\/sommet-de-davos-2025-les-femmes-leaders-redessinent-la-gouvernance-mondiale\/\"},\"author\":{\"name\":\"bobea.info\",\"@id\":\"https:\/\/bobea.net\/#\/schema\/person\/e7f45ef187918d7c956bf619dce90ccf\"},\"headline\":\"Sommet de Davos 2025 : Les femmes leaders redessinent la gouvernance mondiale\",\"datePublished\":\"2025-01-14T11:25:45+00:00\",\"dateModified\":\"2025-01-14T11:25:46+00:00\",\"mainEntityOfPage\":{\"@id\":\"https:\/\/bobea.net\/index.php\/2025\/01\/14\/sommet-de-davos-2025-les-femmes-leaders-redessinent-la-gouvernance-mondiale\/\"},\"wordCount\":683,\"commentCount\":0,\"publisher\":{\"@id\":\"https:\/\/bobea.net\/#organization\"},\"image\":{\"@id\":\"https:\/\/bobea.net\/index.php\/2025\/01\/14\/sommet-de-davos-2025-les-femmes-leaders-redessinent-la-gouvernance-mondiale\/#primaryimage\"},\"thumbnailUrl\":\"https:\/\/bobea.net\/wp-content\/uploads\/2025\/01\/forum-de-davos-les-7-chiffres-fous-de-ce-grand-rendez-vous-economique-mondial-1490445.jpg\",\"articleSection\":[\"On en Parle\"],\"inLanguage\":\"fr-FR\",\"potentialAction\":[{\"@type\":\"CommentAction\",\"name\":\"Comment\",\"target\":[\"https:\/\/bobea.net\/index.php\/2025\/01\/14\/sommet-de-davos-2025-les-femmes-leaders-redessinent-la-gouvernance-mondiale\/#respond\"]}]},{\"@type\":\"WebPage\",\"@id\":\"https:\/\/bobea.net\/index.php\/2025\/01\/14\/sommet-de-davos-2025-les-femmes-leaders-redessinent-la-gouvernance-mondiale\/\",\"url\":\"https:\/\/bobea.net\/index.php\/2025\/01\/14\/sommet-de-davos-2025-les-femmes-leaders-redessinent-la-gouvernance-mondiale\/\",\"name\":\"Sommet de Davos 2025 : Les femmes leaders redessinent la gouvernance mondiale - Bobea\",\"isPartOf\":{\"@id\":\"https:\/\/bobea.net\/#website\"},\"primaryImageOfPage\":{\"@id\":\"https:\/\/bobea.net\/index.php\/2025\/01\/14\/sommet-de-davos-2025-les-femmes-leaders-redessinent-la-gouvernance-mondiale\/#primaryimage\"},\"image\":{\"@id\":\"https:\/\/bobea.net\/index.php\/2025\/01\/14\/sommet-de-davos-2025-les-femmes-leaders-redessinent-la-gouvernance-mondiale\/#primaryimage\"},\"thumbnailUrl\":\"https:\/\/bobea.net\/wp-content\/uploads\/2025\/01\/forum-de-davos-les-7-chiffres-fous-de-ce-grand-rendez-vous-economique-mondial-1490445.jpg\",\"datePublished\":\"2025-01-14T11:25:45+00:00\",\"dateModified\":\"2025-01-14T11:25:46+00:00\",\"description\":\"Le Forum \u00e9conomique mondial de Davos 2025 s'est ouvert ce matin sous le signe d'une participation f\u00e9minine record.\",\"breadcrumb\":{\"@id\":\"https:\/\/bobea.net\/index.php\/2025\/01\/14\/sommet-de-davos-2025-les-femmes-leaders-redessinent-la-gouvernance-mondiale\/#breadcrumb\"},\"inLanguage\":\"fr-FR\",\"potentialAction\":[{\"@type\":\"ReadAction\",\"target\":[\"https:\/\/bobea.net\/index.php\/2025\/01\/14\/sommet-de-davos-2025-les-femmes-leaders-redessinent-la-gouvernance-mondiale\/\"]}]},{\"@type\":\"ImageObject\",\"inLanguage\":\"fr-FR\",\"@id\":\"https:\/\/bobea.net\/index.php\/2025\/01\/14\/sommet-de-davos-2025-les-femmes-leaders-redessinent-la-gouvernance-mondiale\/#primaryimage\",\"url\":\"https:\/\/bobea.net\/wp-content\/uploads\/2025\/01\/forum-de-davos-les-7-chiffres-fous-de-ce-grand-rendez-vous-economique-mondial-1490445.jpg\",\"contentUrl\":\"https:\/\/bobea.net\/wp-content\/uploads\/2025\/01\/forum-de-davos-les-7-chiffres-fous-de-ce-grand-rendez-vous-economique-mondial-1490445.jpg\",\"width\":1200,\"height\":630,\"caption\":\"Sommet de Davos 2025 : Les femmes leaders redessinent la gouvernance mondiale\"},{\"@type\":\"BreadcrumbList\",\"@id\":\"https:\/\/bobea.net\/index.php\/2025\/01\/14\/sommet-de-davos-2025-les-femmes-leaders-redessinent-la-gouvernance-mondiale\/#breadcrumb\",\"itemListElement\":[{\"@type\":\"ListItem\",\"position\":1,\"name\":\"Accueil\",\"item\":\"https:\/\/bobea.net\/\"},{\"@type\":\"ListItem\",\"position\":2,\"name\":\"Sommet de Davos 2025 : Les femmes leaders redessinent la gouvernance mondiale\"}]},{\"@type\":\"WebSite\",\"@id\":\"https:\/\/bobea.net\/#website\",\"url\":\"https:\/\/bobea.net\/\",\"name\":\"Bobea\",\"description\":\"Le magazine de la nouvelle \u00c8ve\",\"publisher\":{\"@id\":\"https:\/\/bobea.net\/#organization\"},\"potentialAction\":[{\"@type\":\"SearchAction\",\"target\":{\"@type\":\"EntryPoint\",\"urlTemplate\":\"https:\/\/bobea.net\/?s={search_term_string}\"},\"query-input\":{\"@type\":\"PropertyValueSpecification\",\"valueRequired\":true,\"valueName\":\"search_term_string\"}}],\"inLanguage\":\"fr-FR\"},{\"@type\":\"Organization\",\"@id\":\"https:\/\/bobea.net\/#organization\",\"name\":\"Bobea\",\"url\":\"https:\/\/bobea.net\/\",\"logo\":{\"@type\":\"ImageObject\",\"inLanguage\":\"fr-FR\",\"@id\":\"https:\/\/bobea.net\/#\/schema\/logo\/image\/\",\"url\":\"https:\/\/bobea.net\/wp-content\/uploads\/2024\/06\/bobea.jpg\",\"contentUrl\":\"https:\/\/bobea.net\/wp-content\/uploads\/2024\/06\/bobea.jpg\",\"width\":1080,\"height\":1080,\"caption\":\"Bobea\"},\"image\":{\"@id\":\"https:\/\/bobea.net\/#\/schema\/logo\/image\/\"},\"sameAs\":[\"https:\/\/web.facebook.com\/profile.php?id=61559252188416\"]},{\"@type\":\"Person\",\"@id\":\"https:\/\/bobea.net\/#\/schema\/person\/e7f45ef187918d7c956bf619dce90ccf\",\"name\":\"bobea.info\",\"image\":{\"@type\":\"ImageObject\",\"inLanguage\":\"fr-FR\",\"@id\":\"https:\/\/bobea.net\/#\/schema\/person\/image\/\",\"url\":\"https:\/\/secure.gravatar.com\/avatar\/36147980349df887ae30808df3e29474?s=96&d=mm&r=g\",\"contentUrl\":\"https:\/\/secure.gravatar.com\/avatar\/36147980349df887ae30808df3e29474?s=96&d=mm&r=g\",\"caption\":\"bobea.info\"},\"sameAs\":[\"https:\/\/bobea.net\"],\"url\":\"https:\/\/bobea.net\/index.php\/author\/bobea-info\/\"}]}<\/script>\n<!-- \/ Yoast SEO plugin. -->","yoast_head_json":{"title":"Sommet de Davos 2025 : Les femmes leaders redessinent la gouvernance mondiale - Bobea","description":"Le Forum \u00e9conomique mondial de Davos 2025 s'est ouvert ce matin sous le signe d'une participation f\u00e9minine record.","robots":{"index":"index","follow":"follow","max-snippet":"max-snippet:-1","max-image-preview":"max-image-preview:large","max-video-preview":"max-video-preview:-1"},"canonical":"https:\/\/bobea.net\/index.php\/2025\/01\/14\/sommet-de-davos-2025-les-femmes-leaders-redessinent-la-gouvernance-mondiale\/","og_locale":"fr_FR","og_type":"article","og_title":"Sommet de Davos 2025 : Les femmes leaders redessinent la gouvernance mondiale - Bobea","og_description":"Le Forum \u00e9conomique mondial de Davos 2025 s'est ouvert ce matin sous le signe d'une participation f\u00e9minine record.","og_url":"https:\/\/bobea.net\/index.php\/2025\/01\/14\/sommet-de-davos-2025-les-femmes-leaders-redessinent-la-gouvernance-mondiale\/","og_site_name":"Bobea","article_publisher":"https:\/\/web.facebook.com\/profile.php?id=61559252188416","article_published_time":"2025-01-14T11:25:45+00:00","article_modified_time":"2025-01-14T11:25:46+00:00","og_image":[{"width":1200,"height":630,"url":"https:\/\/bobea.net\/wp-content\/uploads\/2025\/01\/forum-de-davos-les-7-chiffres-fous-de-ce-grand-rendez-vous-economique-mondial-1490445.jpg","type":"image\/jpeg"}],"author":"bobea.info","twitter_card":"summary_large_image","twitter_misc":{"\u00c9crit par":"bobea.info","Dur\u00e9e de lecture estim\u00e9e":"4 minutes"},"schema":{"@context":"https:\/\/schema.org","@graph":[{"@type":"Article","@id":"https:\/\/bobea.net\/index.php\/2025\/01\/14\/sommet-de-davos-2025-les-femmes-leaders-redessinent-la-gouvernance-mondiale\/#article","isPartOf":{"@id":"https:\/\/bobea.net\/index.php\/2025\/01\/14\/sommet-de-davos-2025-les-femmes-leaders-redessinent-la-gouvernance-mondiale\/"},"author":{"name":"bobea.info","@id":"https:\/\/bobea.net\/#\/schema\/person\/e7f45ef187918d7c956bf619dce90ccf"},"headline":"Sommet de Davos 2025 : Les femmes leaders redessinent la gouvernance mondiale","datePublished":"2025-01-14T11:25:45+00:00","dateModified":"2025-01-14T11:25:46+00:00","mainEntityOfPage":{"@id":"https:\/\/bobea.net\/index.php\/2025\/01\/14\/sommet-de-davos-2025-les-femmes-leaders-redessinent-la-gouvernance-mondiale\/"},"wordCount":683,"commentCount":0,"publisher":{"@id":"https:\/\/bobea.net\/#organization"},"image":{"@id":"https:\/\/bobea.net\/index.php\/2025\/01\/14\/sommet-de-davos-2025-les-femmes-leaders-redessinent-la-gouvernance-mondiale\/#primaryimage"},"thumbnailUrl":"https:\/\/bobea.net\/wp-content\/uploads\/2025\/01\/forum-de-davos-les-7-chiffres-fous-de-ce-grand-rendez-vous-economique-mondial-1490445.jpg","articleSection":["On en Parle"],"inLanguage":"fr-FR","potentialAction":[{"@type":"CommentAction","name":"Comment","target":["https:\/\/bobea.net\/index.php\/2025\/01\/14\/sommet-de-davos-2025-les-femmes-leaders-redessinent-la-gouvernance-mondiale\/#respond"]}]},{"@type":"WebPage","@id":"https:\/\/bobea.net\/index.php\/2025\/01\/14\/sommet-de-davos-2025-les-femmes-leaders-redessinent-la-gouvernance-mondiale\/","url":"https:\/\/bobea.net\/index.php\/2025\/01\/14\/sommet-de-davos-2025-les-femmes-leaders-redessinent-la-gouvernance-mondiale\/","name":"Sommet de Davos 2025 : Les femmes leaders redessinent la gouvernance mondiale - Bobea","isPartOf":{"@id":"https:\/\/bobea.net\/#website"},"primaryImageOfPage":{"@id":"https:\/\/bobea.net\/index.php\/2025\/01\/14\/sommet-de-davos-2025-les-femmes-leaders-redessinent-la-gouvernance-mondiale\/#primaryimage"},"image":{"@id":"https:\/\/bobea.net\/index.php\/2025\/01\/14\/sommet-de-davos-2025-les-femmes-leaders-redessinent-la-gouvernance-mondiale\/#primaryimage"},"thumbnailUrl":"https:\/\/bobea.net\/wp-content\/uploads\/2025\/01\/forum-de-davos-les-7-chiffres-fous-de-ce-grand-rendez-vous-economique-mondial-1490445.jpg","datePublished":"2025-01-14T11:25:45+00:00","dateModified":"2025-01-14T11:25:46+00:00","description":"Le Forum \u00e9conomique mondial de Davos 2025 s'est ouvert ce matin sous le signe d'une participation f\u00e9minine record.","breadcrumb":{"@id":"https:\/\/bobea.net\/index.php\/2025\/01\/14\/sommet-de-davos-2025-les-femmes-leaders-redessinent-la-gouvernance-mondiale\/#breadcrumb"},"inLanguage":"fr-FR","potentialAction":[{"@type":"ReadAction","target":["https:\/\/bobea.net\/index.php\/2025\/01\/14\/sommet-de-davos-2025-les-femmes-leaders-redessinent-la-gouvernance-mondiale\/"]}]},{"@type":"ImageObject","inLanguage":"fr-FR","@id":"https:\/\/bobea.net\/index.php\/2025\/01\/14\/sommet-de-davos-2025-les-femmes-leaders-redessinent-la-gouvernance-mondiale\/#primaryimage","url":"https:\/\/bobea.net\/wp-content\/uploads\/2025\/01\/forum-de-davos-les-7-chiffres-fous-de-ce-grand-rendez-vous-economique-mondial-1490445.jpg","contentUrl":"https:\/\/bobea.net\/wp-content\/uploads\/2025\/01\/forum-de-davos-les-7-chiffres-fous-de-ce-grand-rendez-vous-economique-mondial-1490445.jpg","width":1200,"height":630,"caption":"Sommet de Davos 2025 : Les femmes leaders redessinent la gouvernance mondiale"},{"@type":"BreadcrumbList","@id":"https:\/\/bobea.net\/index.php\/2025\/01\/14\/sommet-de-davos-2025-les-femmes-leaders-redessinent-la-gouvernance-mondiale\/#breadcrumb","itemListElement":[{"@type":"ListItem","position":1,"name":"Accueil","item":"https:\/\/bobea.net\/"},{"@type":"ListItem","position":2,"name":"Sommet de Davos 2025 : Les femmes leaders redessinent la gouvernance mondiale"}]},{"@type":"WebSite","@id":"https:\/\/bobea.net\/#website","url":"https:\/\/bobea.net\/","name":"Bobea","description":"Le magazine de la nouvelle \u00c8ve","publisher":{"@id":"https:\/\/bobea.net\/#organization"},"potentialAction":[{"@type":"SearchAction","target":{"@type":"EntryPoint","urlTemplate":"https:\/\/bobea.net\/?s={search_term_string}"},"query-input":{"@type":"PropertyValueSpecification","valueRequired":true,"valueName":"search_term_string"}}],"inLanguage":"fr-FR"},{"@type":"Organization","@id":"https:\/\/bobea.net\/#organization","name":"Bobea","url":"https:\/\/bobea.net\/","logo":{"@type":"ImageObject","inLanguage":"fr-FR","@id":"https:\/\/bobea.net\/#\/schema\/logo\/image\/","url":"https:\/\/bobea.net\/wp-content\/uploads\/2024\/06\/bobea.jpg","contentUrl":"https:\/\/bobea.net\/wp-content\/uploads\/2024\/06\/bobea.jpg","width":1080,"height":1080,"caption":"Bobea"},"image":{"@id":"https:\/\/bobea.net\/#\/schema\/logo\/image\/"},"sameAs":["https:\/\/web.facebook.com\/profile.php?id=61559252188416"]},{"@type":"Person","@id":"https:\/\/bobea.net\/#\/schema\/person\/e7f45ef187918d7c956bf619dce90ccf","name":"bobea.info","image":{"@type":"ImageObject","inLanguage":"fr-FR","@id":"https:\/\/bobea.net\/#\/schema\/person\/image\/","url":"https:\/\/secure.gravatar.com\/avatar\/36147980349df887ae30808df3e29474?s=96&d=mm&r=g","contentUrl":"https:\/\/secure.gravatar.com\/avatar\/36147980349df887ae30808df3e29474?s=96&d=mm&r=g","caption":"bobea.info"},"sameAs":["https:\/\/bobea.net"],"url":"https:\/\/bobea.net\/index.php\/author\/bobea-info\/"}]}},"_links":{"self":[{"href":"https:\/\/bobea.net\/index.php\/wp-json\/wp\/v2\/posts\/7256"}],"collection":[{"href":"https:\/\/bobea.net\/index.php\/wp-json\/wp\/v2\/posts"}],"about":[{"href":"https:\/\/bobea.net\/index.php\/wp-json\/wp\/v2\/types\/post"}],"author":[{"embeddable":true,"href":"https:\/\/bobea.net\/index.php\/wp-json\/wp\/v2\/users\/1"}],"replies":[{"embeddable":true,"href":"https:\/\/bobea.net\/index.php\/wp-json\/wp\/v2\/comments?post=7256"}],"version-history":[{"count":0,"href":"https:\/\/bobea.net\/index.php\/wp-json\/wp\/v2\/posts\/7256\/revisions"}],"wp:featuredmedia":[{"embeddable":true,"href":"https:\/\/bobea.net\/index.php\/wp-json\/wp\/v2\/media\/7257"}],"wp:attachment":[{"href":"https:\/\/bobea.net\/index.php\/wp-json\/wp\/v2\/media?parent=7256"}],"wp:term":[{"taxonomy":"category","embeddable":true,"href":"https:\/\/bobea.net\/index.php\/wp-json\/wp\/v2\/categories?post=7256"},{"taxonomy":"post_tag","embeddable":true,"href":"https:\/\/bobea.net\/index.php\/wp-json\/wp\/v2\/tags?post=7256"}],"curies":[{"name":"wp","href":"https:\/\/api.w.org\/{rel}","templated":true}]}}