{"id":7228,"date":"2025-01-13T21:03:47","date_gmt":"2025-01-13T21:03:47","guid":{"rendered":"https:\/\/bobea.net\/?p=7228"},"modified":"2025-01-13T21:03:49","modified_gmt":"2025-01-13T21:03:49","slug":"johanna-ghiglia-la-journaliste-qui-reinvente-le-jt-matinal","status":"publish","type":"post","link":"https:\/\/bobea.net\/index.php\/2025\/01\/13\/johanna-ghiglia-la-journaliste-qui-reinvente-le-jt-matinal\/","title":{"rendered":"Johanna Ghiglia : La journaliste qui r\u00e9invente le JT matinal"},"content":{"rendered":"\n<p>Johan\u00adna Ghiglia s\u2019est impos\u00e9e comme la nou\u00advelle fig\u00adure incon\u00adtourn\u00adable du jour\u00adnal\u00adisme t\u00e9l\u00e9vis\u00e9 en France. Depuis sa prise de fonc\u00adtion \u00e0 la t\u00eate du jour\u00adnal t\u00e9l\u00e9vis\u00e9 mati\u00adnal de TF1 en sep\u00adtem\u00adbre 2024, elle a insuf\u00adfl\u00e9 un vent de fra\u00eecheur et d\u2019in\u00adno\u00adva\u00adtion qui a pro\u00adfond\u00e9\u00adment trans\u00adfor\u00adm\u00e9 le paysage m\u00e9di\u00ada\u00adtique fran\u00e7ais.<\/p>\n\n\n\n<p>\u00c2g\u00e9e de 38 ans, cette jour\u00adnal\u00adiste dynamique a su apporter une approche inno\u00advante \u00e0 un for\u00admat sou\u00advent con\u00adsid\u00ad\u00e9r\u00e9 comme fig\u00e9. Son style direct, son sens aigu de l\u2019analyse et sa capac\u00adit\u00e9 \u00e0 vul\u00adgaris\u00ader des sujets com\u00adplex\u00ades ont rapi\u00adde\u00adment s\u00e9duit les t\u00e9l\u00e9spec\u00adta\u00adteurs. En seule\u00adment qua\u00adtre mois, l\u2019au\u00addi\u00adence du JT mati\u00adnal a bon\u00addi de 27%, atti\u00adrant notam\u00adment un pub\u00adlic plus jeune, tra\u00addi\u00adtion\u00adnelle\u00adment moins enclin \u00e0 regarder les jour\u00adnaux t\u00e9l\u00e9vis\u00e9s.<\/p>\n\n\n\n<p>L\u2019une des inno\u00adva\u00adtions majeures intro\u00adduites par Johan\u00adna Ghiglia est l\u2019in\u00adt\u00e9\u00adgra\u00adtion sys\u00adt\u00e9\u00adma\u00adtique de fact-check\u00ading en direct. Gr\u00e2ce \u00e0 une \u00e9quipe d\u00e9di\u00e9e tra\u00advail\u00adlant en couliss\u00ades, elle est capa\u00adble de v\u00e9ri\u00adfi\u00ader instan\u00adta\u00adn\u00e9\u00adment les d\u00e9c\u00adla\u00adra\u00adtions des invit\u00e9s poli\u00adtiques et d\u2019ap\u00adporter des cor\u00adrec\u00adtions ou des pr\u00e9\u00adci\u00adsions en temps r\u00e9el. Cette approche a con\u00adsid\u00ad\u00e9rable\u00adment ren\u00adfor\u00adc\u00e9 la cr\u00e9di\u00adbil\u00adit\u00e9 du jour\u00adnal et a \u00e9t\u00e9 salu\u00e9e par de nom\u00adbreux obser\u00adva\u00adteurs comme une avanc\u00e9e sig\u00adni\u00adfica\u00adtive dans la lutte con\u00adtre la d\u00e9s\u00adin\u00adfor\u00adma\u00adtion.<\/p>\n\n\n\n<p>Ghiglia a \u00e9gale\u00adment r\u00e9vo\u00adlu\u00adtion\u00adn\u00e9 le traite\u00adment de l\u2019ac\u00adtu\u00adal\u00adit\u00e9 inter\u00adna\u00adtionale en met\u00adtant l\u2019ac\u00adcent sur des reportages immer\u00adsifs et des analy\u00adses appro\u00adfondies. Elle a notam\u00adment lanc\u00e9 une s\u00e9rie de reportages inti\u00adt\u00adul\u00e9e \u201cDans la peau de\u201d, o\u00f9 des jour\u00adnal\u00adistes passent une semaine dans la vie quo\u00adti\u00addi\u00adenne de citoyens ordi\u00adnaires dans dif\u00adf\u00e9rents pays, offrant ain\u00adsi une per\u00adspec\u00adtive unique sur les enjeux soci\u00adaux et \u00e9conomiques \u00e0 tra\u00advers le monde.<\/p>\n\n\n\n<figure class=\"wp-block-image size-large\"><img loading=\"lazy\" decoding=\"async\" width=\"1024\" height=\"512\" src=\"https:\/\/bobea.net\/wp-content\/uploads\/2025\/01\/telematin-france-2-qui-est-johanna-ghiglia-qui-presente-les-journaux-a-la-place-de-karine-baste-regis-1024x512.jpg\" alt class=\"wp-image-7230\" srcset=\"https:\/\/bobea.net\/wp-content\/uploads\/2025\/01\/telematin-france-2-qui-est-johanna-ghiglia-qui-presente-les-journaux-a-la-place-de-karine-baste-regis-1024x512.jpg 1024w, https:\/\/bobea.net\/wp-content\/uploads\/2025\/01\/telematin-france-2-qui-est-johanna-ghiglia-qui-presente-les-journaux-a-la-place-de-karine-baste-regis-300x150.jpg 300w, https:\/\/bobea.net\/wp-content\/uploads\/2025\/01\/telematin-france-2-qui-est-johanna-ghiglia-qui-presente-les-journaux-a-la-place-de-karine-baste-regis-768x384.jpg 768w, https:\/\/bobea.net\/wp-content\/uploads\/2025\/01\/telematin-france-2-qui-est-johanna-ghiglia-qui-presente-les-journaux-a-la-place-de-karine-baste-regis.jpg 1200w\" sizes=\"(max-width: 1024px) 100vw, 1024px\"><\/figure>\n\n\n\n<p>Son engage\u00adment en faveur de la par\u00adit\u00e9 et de la diver\u00adsit\u00e9 se refl\u00e8te dans la com\u00adpo\u00adsi\u00adtion de son \u00e9quipe, avec une repr\u00e9sen\u00adta\u00adtion \u00e9quili\u00adbr\u00e9e des gen\u00adres et des orig\u00adines eth\u00adniques par\u00admi les jour\u00adnal\u00adistes et les experts invit\u00e9s. Cette approche inclu\u00adsive a non seule\u00adment enrichi la qual\u00adit\u00e9 des d\u00e9bats, mais a \u00e9gale\u00adment per\u00admis d\u2019abor\u00adder des sujets sou\u00advent n\u00e9g\u00adlig\u00e9s dans les m\u00e9dias main\u00adstream.<\/p>\n\n\n\n<p>L\u2019im\u00adpact de Johan\u00adna Ghiglia s\u2019\u00e9\u00adtend au-del\u00e0 du sim\u00adple cadre du jour\u00adnal t\u00e9l\u00e9vis\u00e9. Elle a lanc\u00e9 une s\u00e9rie de pod\u00adcasts heb\u00addo\u00admadaires qui appro\u00adfondis\u00adsent les sujets abor\u00add\u00e9s dans le JT, per\u00adme\u00adt\u00adtant ain\u00adsi aux audi\u00adteurs d\u2019ex\u00adplor\u00ader plus en d\u00e9tail les enjeux com\u00adplex\u00ades de l\u2019ac\u00adtu\u00adal\u00adit\u00e9. Ces pod\u00adcasts, qui comptent d\u00e9j\u00e0 plus de 500 000 abon\u00adn\u00e9s, sont devenus une r\u00e9f\u00e9rence pour de nom\u00adbreux \u00e9tu\u00addi\u00adants et pro\u00adfes\u00adsion\u00adnels en qu\u00eate d\u2019une com\u00adpr\u00e9hen\u00adsion appro\u00adfondie de l\u2019ac\u00adtu\u00adal\u00adit\u00e9.<\/p>\n\n\n\n<p>Son approche nova\u00adtrice du jour\u00adnal\u00adisme a \u00e9t\u00e9 recon\u00adnue par ses pairs. En d\u00e9cem\u00adbre 2024, elle a re\u00e7u le pres\u00adtigieux prix Albert Lon\u00addres, salu\u00adant son \u00ab courage jour\u00adnal\u00adis\u00adtique et son engage\u00adment en faveur d\u2019une infor\u00adma\u00adtion de qual\u00adit\u00e9 et acces\u00adsi\u00adble \u00e0 tous \u00bb.<\/p>\n\n\n\n<p>Johan\u00adna Ghiglia incar\u00adne une nou\u00advelle g\u00e9n\u00e9ra\u00adtion de jour\u00adnal\u00adistes qui r\u00e9in\u00adven\u00adtent leur m\u00e9ti\u00ader \u00e0 l\u2019\u00e8re du num\u00e9rique et des fake news. Son suc\u00adc\u00e8s d\u00e9mon\u00adtre qu\u2019il existe tou\u00adjours un app\u00e9tit du pub\u00adlic pour une infor\u00adma\u00adtion de qual\u00adit\u00e9, \u00e0 con\u00addi\u00adtion qu\u2019elle soit pr\u00e9sen\u00adt\u00e9e de mani\u00e8re engageante et adap\u00adt\u00e9e aux nou\u00adveaux modes de con\u00adsom\u00adma\u00adtion de l\u2019in\u00adfor\u00adma\u00adtion. Elle ouvre ain\u00adsi la voie \u00e0 une renais\u00adsance du jour\u00adnal\u00adisme t\u00e9l\u00e9vis\u00e9, prou\u00advant que ce m\u00e9dia a encore un r\u00f4le cru\u00adcial \u00e0 jouer dans notre soci\u00e9t\u00e9 de l\u2019in\u00adfor\u00adma\u00adtion.<\/p>\n\n\n\n<p><\/p>\n","protected":false},"excerpt":{"rendered":"<p>Johan\u00adna Ghiglia s\u2019est impos\u00e9e comme la nou\u00advelle fig\u00adure incon\u00adtourn\u00adable du jour\u00adnal\u00adisme t\u00e9l\u00e9vis\u00e9 en France. Depuis sa prise de fonc\u00adtion \u00e0 la t\u00eate du jour\u00adnal t\u00e9l\u00e9vis\u00e9 mati\u00adnal de TF1 en sep\u00adtem\u00adbre\u2026 <\/p>\n","protected":false},"author":1,"featured_media":7229,"comment_status":"open","ping_status":"open","sticky":false,"template":"","format":"standard","meta":{"wp_typography_post_enhancements_disabled":false,"footnotes":""},"categories":[74],"tags":[],"class_list":["post-7228","post","type-post","status-publish","format-standard","has-post-thumbnail","hentry","category-gloria"],"yoast_head":"<!-- This site is optimized with the Yoast SEO plugin v24.7 - https:\/\/yoast.com\/wordpress\/plugins\/seo\/ -->\n<title>Johanna Ghiglia : La journaliste qui r\u00e9invente le JT matinal - Bobea<\/title>\n<meta name=\"robots\" content=\"index, follow, max-snippet:-1, max-image-preview:large, max-video-preview:-1\" \/>\n<link rel=\"canonical\" href=\"https:\/\/bobea.net\/index.php\/2025\/01\/13\/johanna-ghiglia-la-journaliste-qui-reinvente-le-jt-matinal\/\" \/>\n<meta property=\"og:locale\" content=\"fr_FR\" \/>\n<meta property=\"og:type\" content=\"article\" \/>\n<meta property=\"og:title\" content=\"Johanna Ghiglia : La journaliste qui r\u00e9invente le JT matinal - Bobea\" \/>\n<meta property=\"og:description\" content=\"Johan\u00adna Ghiglia s\u2019est impos\u00e9e comme la nou\u00advelle fig\u00adure incon\u00adtourn\u00adable du jour\u00adnal\u00adisme t\u00e9l\u00e9vis\u00e9 en France. Depuis sa prise de fonc\u00adtion \u00e0 la t\u00eate du jour\u00adnal t\u00e9l\u00e9vis\u00e9 mati\u00adnal de TF1 en sep\u00adtem\u00adbre&hellip;\" \/>\n<meta property=\"og:url\" content=\"https:\/\/bobea.net\/index.php\/2025\/01\/13\/johanna-ghiglia-la-journaliste-qui-reinvente-le-jt-matinal\/\" \/>\n<meta property=\"og:site_name\" content=\"Bobea\" \/>\n<meta property=\"article:publisher\" content=\"https:\/\/web.facebook.com\/profile.php?id=61559252188416\" \/>\n<meta property=\"article:published_time\" content=\"2025-01-13T21:03:47+00:00\" \/>\n<meta property=\"article:modified_time\" content=\"2025-01-13T21:03:49+00:00\" \/>\n<meta property=\"og:image\" content=\"https:\/\/bobea.net\/wp-content\/uploads\/2025\/01\/johanna-ghiglia-telematin-plus-jeune-je-voulais-devenir-comedienne-aujourd-hui-j-en-ris.jpg\" \/>\n\t<meta property=\"og:image:width\" content=\"1200\" \/>\n\t<meta property=\"og:image:height\" content=\"600\" \/>\n\t<meta property=\"og:image:type\" content=\"image\/jpeg\" \/>\n<meta name=\"author\" content=\"bobea.info\" \/>\n<meta name=\"twitter:card\" content=\"summary_large_image\" \/>\n<meta name=\"twitter:label1\" content=\"\u00c9crit par\" \/>\n\t<meta name=\"twitter:data1\" content=\"bobea.info\" \/>\n\t<meta name=\"twitter:label2\" content=\"Dur\u00e9e de lecture estim\u00e9e\" \/>\n\t<meta name=\"twitter:data2\" content=\"3 minutes\" \/>\n<script type=\"application\/ld+json\" class=\"yoast-schema-graph\">{\"@context\":\"https:\/\/schema.org\",\"@graph\":[{\"@type\":\"Article\",\"@id\":\"https:\/\/bobea.net\/index.php\/2025\/01\/13\/johanna-ghiglia-la-journaliste-qui-reinvente-le-jt-matinal\/#article\",\"isPartOf\":{\"@id\":\"https:\/\/bobea.net\/index.php\/2025\/01\/13\/johanna-ghiglia-la-journaliste-qui-reinvente-le-jt-matinal\/\"},\"author\":{\"name\":\"bobea.info\",\"@id\":\"https:\/\/bobea.net\/#\/schema\/person\/e7f45ef187918d7c956bf619dce90ccf\"},\"headline\":\"Johanna Ghiglia : La journaliste qui r\u00e9invente le JT matinal\",\"datePublished\":\"2025-01-13T21:03:47+00:00\",\"dateModified\":\"2025-01-13T21:03:49+00:00\",\"mainEntityOfPage\":{\"@id\":\"https:\/\/bobea.net\/index.php\/2025\/01\/13\/johanna-ghiglia-la-journaliste-qui-reinvente-le-jt-matinal\/\"},\"wordCount\":587,\"commentCount\":0,\"publisher\":{\"@id\":\"https:\/\/bobea.net\/#organization\"},\"image\":{\"@id\":\"https:\/\/bobea.net\/index.php\/2025\/01\/13\/johanna-ghiglia-la-journaliste-qui-reinvente-le-jt-matinal\/#primaryimage\"},\"thumbnailUrl\":\"https:\/\/bobea.net\/wp-content\/uploads\/2025\/01\/johanna-ghiglia-telematin-plus-jeune-je-voulais-devenir-comedienne-aujourd-hui-j-en-ris.jpg\",\"articleSection\":[\"Gloria\"],\"inLanguage\":\"fr-FR\",\"potentialAction\":[{\"@type\":\"CommentAction\",\"name\":\"Comment\",\"target\":[\"https:\/\/bobea.net\/index.php\/2025\/01\/13\/johanna-ghiglia-la-journaliste-qui-reinvente-le-jt-matinal\/#respond\"]}]},{\"@type\":\"WebPage\",\"@id\":\"https:\/\/bobea.net\/index.php\/2025\/01\/13\/johanna-ghiglia-la-journaliste-qui-reinvente-le-jt-matinal\/\",\"url\":\"https:\/\/bobea.net\/index.php\/2025\/01\/13\/johanna-ghiglia-la-journaliste-qui-reinvente-le-jt-matinal\/\",\"name\":\"Johanna Ghiglia : La journaliste qui r\u00e9invente le JT matinal - Bobea\",\"isPartOf\":{\"@id\":\"https:\/\/bobea.net\/#website\"},\"primaryImageOfPage\":{\"@id\":\"https:\/\/bobea.net\/index.php\/2025\/01\/13\/johanna-ghiglia-la-journaliste-qui-reinvente-le-jt-matinal\/#primaryimage\"},\"image\":{\"@id\":\"https:\/\/bobea.net\/index.php\/2025\/01\/13\/johanna-ghiglia-la-journaliste-qui-reinvente-le-jt-matinal\/#primaryimage\"},\"thumbnailUrl\":\"https:\/\/bobea.net\/wp-content\/uploads\/2025\/01\/johanna-ghiglia-telematin-plus-jeune-je-voulais-devenir-comedienne-aujourd-hui-j-en-ris.jpg\",\"datePublished\":\"2025-01-13T21:03:47+00:00\",\"dateModified\":\"2025-01-13T21:03:49+00:00\",\"breadcrumb\":{\"@id\":\"https:\/\/bobea.net\/index.php\/2025\/01\/13\/johanna-ghiglia-la-journaliste-qui-reinvente-le-jt-matinal\/#breadcrumb\"},\"inLanguage\":\"fr-FR\",\"potentialAction\":[{\"@type\":\"ReadAction\",\"target\":[\"https:\/\/bobea.net\/index.php\/2025\/01\/13\/johanna-ghiglia-la-journaliste-qui-reinvente-le-jt-matinal\/\"]}]},{\"@type\":\"ImageObject\",\"inLanguage\":\"fr-FR\",\"@id\":\"https:\/\/bobea.net\/index.php\/2025\/01\/13\/johanna-ghiglia-la-journaliste-qui-reinvente-le-jt-matinal\/#primaryimage\",\"url\":\"https:\/\/bobea.net\/wp-content\/uploads\/2025\/01\/johanna-ghiglia-telematin-plus-jeune-je-voulais-devenir-comedienne-aujourd-hui-j-en-ris.jpg\",\"contentUrl\":\"https:\/\/bobea.net\/wp-content\/uploads\/2025\/01\/johanna-ghiglia-telematin-plus-jeune-je-voulais-devenir-comedienne-aujourd-hui-j-en-ris.jpg\",\"width\":1200,\"height\":600,\"caption\":\"Johanna Ghiglia : La journaliste qui r\u00e9invente le JT matinal\"},{\"@type\":\"BreadcrumbList\",\"@id\":\"https:\/\/bobea.net\/index.php\/2025\/01\/13\/johanna-ghiglia-la-journaliste-qui-reinvente-le-jt-matinal\/#breadcrumb\",\"itemListElement\":[{\"@type\":\"ListItem\",\"position\":1,\"name\":\"Accueil\",\"item\":\"https:\/\/bobea.net\/\"},{\"@type\":\"ListItem\",\"position\":2,\"name\":\"Johanna Ghiglia : La journaliste qui r\u00e9invente le JT matinal\"}]},{\"@type\":\"WebSite\",\"@id\":\"https:\/\/bobea.net\/#website\",\"url\":\"https:\/\/bobea.net\/\",\"name\":\"Bobea\",\"description\":\"Le magazine de la nouvelle \u00c8ve\",\"publisher\":{\"@id\":\"https:\/\/bobea.net\/#organization\"},\"potentialAction\":[{\"@type\":\"SearchAction\",\"target\":{\"@type\":\"EntryPoint\",\"urlTemplate\":\"https:\/\/bobea.net\/?s={search_term_string}\"},\"query-input\":{\"@type\":\"PropertyValueSpecification\",\"valueRequired\":true,\"valueName\":\"search_term_string\"}}],\"inLanguage\":\"fr-FR\"},{\"@type\":\"Organization\",\"@id\":\"https:\/\/bobea.net\/#organization\",\"name\":\"Bobea\",\"url\":\"https:\/\/bobea.net\/\",\"logo\":{\"@type\":\"ImageObject\",\"inLanguage\":\"fr-FR\",\"@id\":\"https:\/\/bobea.net\/#\/schema\/logo\/image\/\",\"url\":\"https:\/\/bobea.net\/wp-content\/uploads\/2024\/06\/bobea.jpg\",\"contentUrl\":\"https:\/\/bobea.net\/wp-content\/uploads\/2024\/06\/bobea.jpg\",\"width\":1080,\"height\":1080,\"caption\":\"Bobea\"},\"image\":{\"@id\":\"https:\/\/bobea.net\/#\/schema\/logo\/image\/\"},\"sameAs\":[\"https:\/\/web.facebook.com\/profile.php?id=61559252188416\"]},{\"@type\":\"Person\",\"@id\":\"https:\/\/bobea.net\/#\/schema\/person\/e7f45ef187918d7c956bf619dce90ccf\",\"name\":\"bobea.info\",\"image\":{\"@type\":\"ImageObject\",\"inLanguage\":\"fr-FR\",\"@id\":\"https:\/\/bobea.net\/#\/schema\/person\/image\/\",\"url\":\"https:\/\/secure.gravatar.com\/avatar\/36147980349df887ae30808df3e29474?s=96&d=mm&r=g\",\"contentUrl\":\"https:\/\/secure.gravatar.com\/avatar\/36147980349df887ae30808df3e29474?s=96&d=mm&r=g\",\"caption\":\"bobea.info\"},\"sameAs\":[\"https:\/\/bobea.net\"],\"url\":\"https:\/\/bobea.net\/index.php\/author\/bobea-info\/\"}]}<\/script>\n<!-- \/ Yoast SEO plugin. -->","yoast_head_json":{"title":"Johanna Ghiglia : La journaliste qui r\u00e9invente le JT matinal - Bobea","robots":{"index":"index","follow":"follow","max-snippet":"max-snippet:-1","max-image-preview":"max-image-preview:large","max-video-preview":"max-video-preview:-1"},"canonical":"https:\/\/bobea.net\/index.php\/2025\/01\/13\/johanna-ghiglia-la-journaliste-qui-reinvente-le-jt-matinal\/","og_locale":"fr_FR","og_type":"article","og_title":"Johanna Ghiglia : La journaliste qui r\u00e9invente le JT matinal - Bobea","og_description":"Johan\u00adna Ghiglia s\u2019est impos\u00e9e comme la nou\u00advelle fig\u00adure incon\u00adtourn\u00adable du jour\u00adnal\u00adisme t\u00e9l\u00e9vis\u00e9 en France. Depuis sa prise de fonc\u00adtion \u00e0 la t\u00eate du jour\u00adnal t\u00e9l\u00e9vis\u00e9 mati\u00adnal de TF1 en sep\u00adtem\u00adbre&hellip;","og_url":"https:\/\/bobea.net\/index.php\/2025\/01\/13\/johanna-ghiglia-la-journaliste-qui-reinvente-le-jt-matinal\/","og_site_name":"Bobea","article_publisher":"https:\/\/web.facebook.com\/profile.php?id=61559252188416","article_published_time":"2025-01-13T21:03:47+00:00","article_modified_time":"2025-01-13T21:03:49+00:00","og_image":[{"width":1200,"height":600,"url":"https:\/\/bobea.net\/wp-content\/uploads\/2025\/01\/johanna-ghiglia-telematin-plus-jeune-je-voulais-devenir-comedienne-aujourd-hui-j-en-ris.jpg","type":"image\/jpeg"}],"author":"bobea.info","twitter_card":"summary_large_image","twitter_misc":{"\u00c9crit par":"bobea.info","Dur\u00e9e de lecture estim\u00e9e":"3 minutes"},"schema":{"@context":"https:\/\/schema.org","@graph":[{"@type":"Article","@id":"https:\/\/bobea.net\/index.php\/2025\/01\/13\/johanna-ghiglia-la-journaliste-qui-reinvente-le-jt-matinal\/#article","isPartOf":{"@id":"https:\/\/bobea.net\/index.php\/2025\/01\/13\/johanna-ghiglia-la-journaliste-qui-reinvente-le-jt-matinal\/"},"author":{"name":"bobea.info","@id":"https:\/\/bobea.net\/#\/schema\/person\/e7f45ef187918d7c956bf619dce90ccf"},"headline":"Johanna Ghiglia : La journaliste qui r\u00e9invente le JT matinal","datePublished":"2025-01-13T21:03:47+00:00","dateModified":"2025-01-13T21:03:49+00:00","mainEntityOfPage":{"@id":"https:\/\/bobea.net\/index.php\/2025\/01\/13\/johanna-ghiglia-la-journaliste-qui-reinvente-le-jt-matinal\/"},"wordCount":587,"commentCount":0,"publisher":{"@id":"https:\/\/bobea.net\/#organization"},"image":{"@id":"https:\/\/bobea.net\/index.php\/2025\/01\/13\/johanna-ghiglia-la-journaliste-qui-reinvente-le-jt-matinal\/#primaryimage"},"thumbnailUrl":"https:\/\/bobea.net\/wp-content\/uploads\/2025\/01\/johanna-ghiglia-telematin-plus-jeune-je-voulais-devenir-comedienne-aujourd-hui-j-en-ris.jpg","articleSection":["Gloria"],"inLanguage":"fr-FR","potentialAction":[{"@type":"CommentAction","name":"Comment","target":["https:\/\/bobea.net\/index.php\/2025\/01\/13\/johanna-ghiglia-la-journaliste-qui-reinvente-le-jt-matinal\/#respond"]}]},{"@type":"WebPage","@id":"https:\/\/bobea.net\/index.php\/2025\/01\/13\/johanna-ghiglia-la-journaliste-qui-reinvente-le-jt-matinal\/","url":"https:\/\/bobea.net\/index.php\/2025\/01\/13\/johanna-ghiglia-la-journaliste-qui-reinvente-le-jt-matinal\/","name":"Johanna Ghiglia : La journaliste qui r\u00e9invente le JT matinal - Bobea","isPartOf":{"@id":"https:\/\/bobea.net\/#website"},"primaryImageOfPage":{"@id":"https:\/\/bobea.net\/index.php\/2025\/01\/13\/johanna-ghiglia-la-journaliste-qui-reinvente-le-jt-matinal\/#primaryimage"},"image":{"@id":"https:\/\/bobea.net\/index.php\/2025\/01\/13\/johanna-ghiglia-la-journaliste-qui-reinvente-le-jt-matinal\/#primaryimage"},"thumbnailUrl":"https:\/\/bobea.net\/wp-content\/uploads\/2025\/01\/johanna-ghiglia-telematin-plus-jeune-je-voulais-devenir-comedienne-aujourd-hui-j-en-ris.jpg","datePublished":"2025-01-13T21:03:47+00:00","dateModified":"2025-01-13T21:03:49+00:00","breadcrumb":{"@id":"https:\/\/bobea.net\/index.php\/2025\/01\/13\/johanna-ghiglia-la-journaliste-qui-reinvente-le-jt-matinal\/#breadcrumb"},"inLanguage":"fr-FR","potentialAction":[{"@type":"ReadAction","target":["https:\/\/bobea.net\/index.php\/2025\/01\/13\/johanna-ghiglia-la-journaliste-qui-reinvente-le-jt-matinal\/"]}]},{"@type":"ImageObject","inLanguage":"fr-FR","@id":"https:\/\/bobea.net\/index.php\/2025\/01\/13\/johanna-ghiglia-la-journaliste-qui-reinvente-le-jt-matinal\/#primaryimage","url":"https:\/\/bobea.net\/wp-content\/uploads\/2025\/01\/johanna-ghiglia-telematin-plus-jeune-je-voulais-devenir-comedienne-aujourd-hui-j-en-ris.jpg","contentUrl":"https:\/\/bobea.net\/wp-content\/uploads\/2025\/01\/johanna-ghiglia-telematin-plus-jeune-je-voulais-devenir-comedienne-aujourd-hui-j-en-ris.jpg","width":1200,"height":600,"caption":"Johanna Ghiglia : La journaliste qui r\u00e9invente le JT matinal"},{"@type":"BreadcrumbList","@id":"https:\/\/bobea.net\/index.php\/2025\/01\/13\/johanna-ghiglia-la-journaliste-qui-reinvente-le-jt-matinal\/#breadcrumb","itemListElement":[{"@type":"ListItem","position":1,"name":"Accueil","item":"https:\/\/bobea.net\/"},{"@type":"ListItem","position":2,"name":"Johanna Ghiglia : La journaliste qui r\u00e9invente le JT matinal"}]},{"@type":"WebSite","@id":"https:\/\/bobea.net\/#website","url":"https:\/\/bobea.net\/","name":"Bobea","description":"Le magazine de la nouvelle \u00c8ve","publisher":{"@id":"https:\/\/bobea.net\/#organization"},"potentialAction":[{"@type":"SearchAction","target":{"@type":"EntryPoint","urlTemplate":"https:\/\/bobea.net\/?s={search_term_string}"},"query-input":{"@type":"PropertyValueSpecification","valueRequired":true,"valueName":"search_term_string"}}],"inLanguage":"fr-FR"},{"@type":"Organization","@id":"https:\/\/bobea.net\/#organization","name":"Bobea","url":"https:\/\/bobea.net\/","logo":{"@type":"ImageObject","inLanguage":"fr-FR","@id":"https:\/\/bobea.net\/#\/schema\/logo\/image\/","url":"https:\/\/bobea.net\/wp-content\/uploads\/2024\/06\/bobea.jpg","contentUrl":"https:\/\/bobea.net\/wp-content\/uploads\/2024\/06\/bobea.jpg","width":1080,"height":1080,"caption":"Bobea"},"image":{"@id":"https:\/\/bobea.net\/#\/schema\/logo\/image\/"},"sameAs":["https:\/\/web.facebook.com\/profile.php?id=61559252188416"]},{"@type":"Person","@id":"https:\/\/bobea.net\/#\/schema\/person\/e7f45ef187918d7c956bf619dce90ccf","name":"bobea.info","image":{"@type":"ImageObject","inLanguage":"fr-FR","@id":"https:\/\/bobea.net\/#\/schema\/person\/image\/","url":"https:\/\/secure.gravatar.com\/avatar\/36147980349df887ae30808df3e29474?s=96&d=mm&r=g","contentUrl":"https:\/\/secure.gravatar.com\/avatar\/36147980349df887ae30808df3e29474?s=96&d=mm&r=g","caption":"bobea.info"},"sameAs":["https:\/\/bobea.net"],"url":"https:\/\/bobea.net\/index.php\/author\/bobea-info\/"}]}},"_links":{"self":[{"href":"https:\/\/bobea.net\/index.php\/wp-json\/wp\/v2\/posts\/7228"}],"collection":[{"href":"https:\/\/bobea.net\/index.php\/wp-json\/wp\/v2\/posts"}],"about":[{"href":"https:\/\/bobea.net\/index.php\/wp-json\/wp\/v2\/types\/post"}],"author":[{"embeddable":true,"href":"https:\/\/bobea.net\/index.php\/wp-json\/wp\/v2\/users\/1"}],"replies":[{"embeddable":true,"href":"https:\/\/bobea.net\/index.php\/wp-json\/wp\/v2\/comments?post=7228"}],"version-history":[{"count":0,"href":"https:\/\/bobea.net\/index.php\/wp-json\/wp\/v2\/posts\/7228\/revisions"}],"wp:featuredmedia":[{"embeddable":true,"href":"https:\/\/bobea.net\/index.php\/wp-json\/wp\/v2\/media\/7229"}],"wp:attachment":[{"href":"https:\/\/bobea.net\/index.php\/wp-json\/wp\/v2\/media?parent=7228"}],"wp:term":[{"taxonomy":"category","embeddable":true,"href":"https:\/\/bobea.net\/index.php\/wp-json\/wp\/v2\/categories?post=7228"},{"taxonomy":"post_tag","embeddable":true,"href":"https:\/\/bobea.net\/index.php\/wp-json\/wp\/v2\/tags?post=7228"}],"curies":[{"name":"wp","href":"https:\/\/api.w.org\/{rel}","templated":true}]}}