{"id":7175,"date":"2025-01-13T14:53:30","date_gmt":"2025-01-13T14:53:30","guid":{"rendered":"https:\/\/bobea.net\/?p=7175"},"modified":"2025-01-13T14:53:32","modified_gmt":"2025-01-13T14:53:32","slug":"ouverture-des-candidatures-pour-le-prix-europeen-des-femmes-innovatrices-2025","status":"publish","type":"post","link":"https:\/\/bobea.net\/index.php\/2025\/01\/13\/ouverture-des-candidatures-pour-le-prix-europeen-des-femmes-innovatrices-2025\/","title":{"rendered":"Ouverture des candidatures pour le Prix europ\u00e9en des femmes innovatrices 2025"},"content":{"rendered":"\n<p>La Com\u00admis\u00adsion europ\u00e9enne annonce l\u2019ou\u00adver\u00adture des can\u00addi\u00adda\u00adtures pour le pres\u00adtigieux Prix europ\u00e9en des femmes inno\u00adva\u00adtri\u00adces 2025. Cette 15\u00e8me \u00e9di\u00adtion promet d\u2019\u00eatre la plus com\u00adp\u00e9ti\u00adtive \u00e0 ce jour, avec une dota\u00adtion totale de 1 mil\u00adlion d\u2019eu\u00adros r\u00e9par\u00adtie entre les lau\u00adr\u00e9ates.<\/p>\n\n\n\n<p>Crit\u00e8res d\u2019\u00e9li\u00adgi\u00adbil\u00adit\u00e9 :<\/p>\n\n\n\n<ul class=\"wp-block-list\">\n<li>\u00catre une femme r\u00e9si\u00addant dans l\u2019UE ou un pays asso\u00adci\u00e9<\/li>\n<\/ul>\n\n\n\n<ul class=\"wp-block-list\">\n<li>Avoir fond\u00e9 ou cofond\u00e9 une entre\u00adprise inno\u00advante<\/li>\n<\/ul>\n\n\n\n<ul class=\"wp-block-list\">\n<li>L\u2019en\u00adtre\u00adprise doit avoir r\u00e9al\u00adis\u00e9 un chiffre d\u2019af\u00adfaires d\u2019au moins 250 000 \u20ac en 2024<\/li>\n<\/ul>\n\n\n\n<p>Nou\u00adveaut\u00e9s 2025 :<\/p>\n\n\n\n<ol start=\"1\" class=\"wp-block-list\">\n<li>Cat\u00e9\u00adgorie \u201cInno\u00adva\u00adtion sociale\u201d : R\u00e9com\u00adpenser les pro\u00adjets \u00e0 fort impact soci\u00e9\u00adtal<\/li>\n<\/ol>\n\n\n\n<ol start=\"2\" class=\"wp-block-list\">\n<li>Pro\u00adgramme de men\u00adtorat : Les final\u00adistes b\u00e9n\u00e9\u00adficieront d\u2019un accom\u00adpa\u00adg\u00adne\u00adment per\u00adson\u00adnal\u00adis\u00e9<\/li>\n<\/ol>\n\n\n\n<ol start=\"3\" class=\"wp-block-list\">\n<li>Vis\u00adi\u00adbil\u00adit\u00e9 accrue : Parte\u00adnar\u00adi\u00adat avec des m\u00e9dias majeurs pour pro\u00admou\u00advoir les lau\u00adr\u00e9ats<\/li>\n<\/ol>\n\n\n\n<p>Mariya Gabriel, com\u00admis\u00adsaire europ\u00e9enne \u00e0 l\u2019In\u00adno\u00adva\u00adtion, d\u00e9clare : \u201cCe prix est plus qu\u2019une r\u00e9com\u00adpense, c\u2019est un trem\u00adplin pour les femmes inno\u00adva\u00adtri\u00adces qui fa\u00e7on\u00adnent notre avenir.\u201cLes pr\u00e9c\u00e9\u00addentes lau\u00adr\u00e9ates ont con\u00adnu des suc\u00adc\u00e8s remar\u00adquables :<\/p>\n\n\n\n<figure class=\"wp-block-image size-large\"><img loading=\"lazy\" decoding=\"async\" width=\"1024\" height=\"576\" src=\"https:\/\/bobea.net\/wp-content\/uploads\/2025\/01\/1200x675_cmsv2_9888c3f9-e5a4-53d7-ac1f-7a291e3a5b04-7606866-1024x576.webp\" alt class=\"wp-image-7177\" srcset=\"https:\/\/bobea.net\/wp-content\/uploads\/2025\/01\/1200x675_cmsv2_9888c3f9-e5a4-53d7-ac1f-7a291e3a5b04-7606866-1024x576.webp 1024w, https:\/\/bobea.net\/wp-content\/uploads\/2025\/01\/1200x675_cmsv2_9888c3f9-e5a4-53d7-ac1f-7a291e3a5b04-7606866-300x169.webp 300w, https:\/\/bobea.net\/wp-content\/uploads\/2025\/01\/1200x675_cmsv2_9888c3f9-e5a4-53d7-ac1f-7a291e3a5b04-7606866-768x432.webp 768w, https:\/\/bobea.net\/wp-content\/uploads\/2025\/01\/1200x675_cmsv2_9888c3f9-e5a4-53d7-ac1f-7a291e3a5b04-7606866.webp 1200w\" sizes=\"(max-width: 1024px) 100vw, 1024px\"><\/figure>\n\n\n\n<ul class=\"wp-block-list\">\n<li>80% ont lev\u00e9 des fonds sig\u00adni\u00adfi\u00adcat\u00adifs dans l\u2019an\u00adn\u00e9e suiv\u00adante le prix<\/li>\n<\/ul>\n\n\n\n<ul class=\"wp-block-list\">\n<li>60% ont \u00e9ten\u00addu leurs activ\u00adit\u00e9s \u00e0 l\u2019in\u00adter\u00adna\u00adtion\u00adal<\/li>\n<\/ul>\n\n\n\n<ul class=\"wp-block-list\">\n<li>40% ont \u00e9t\u00e9 nom\u00adm\u00e9s dans des con\u00adseils d\u2019ad\u00admin\u00adis\u00adtra\u00adtion influ\u00adents<\/li>\n<\/ul>\n\n\n\n<p>Le jury, com\u00adpos\u00e9 d\u2019ex\u00adperts recon\u00adnus dans divers domaines de l\u2019in\u00adno\u00adva\u00adtion, \u00e9val\u00aduea les can\u00addi\u00addats sur des crit\u00e8res tels que l\u2019o\u00adrig\u00adi\u00adnal\u00adit\u00e9 de l\u2019in\u00adno\u00adva\u00adtion, son poten\u00adtiel d\u2019im\u00adpact et la vision strat\u00e9gique de l\u2019en\u00adtre\u00adpre\u00adneur.<\/p>\n\n\n\n<p>BOBEA encour\u00adage vive\u00adment ses lec\u00adtri\u00adces inno\u00adva\u00adtri\u00adces \u00e0 pos\u00adtuler avant la date lim\u00adite du 15 mars 2025. Pour plus d\u2019in\u00adfor\u00adma\u00adtions et pour soumet\u00adtre une can\u00addi\u00adda\u00adture, ren\u00addez-vous sur le site offi\u00adciel :&nbsp;<a href=\"http:\/\/www.eu-women-innovators-prize.com\/\">www.eu-women-innovators-prize.com<\/a>&nbsp;.<\/p>\n","protected":false},"excerpt":{"rendered":"<p>La Com\u00admis\u00adsion europ\u00e9enne annonce l\u2019ou\u00adver\u00adture des can\u00addi\u00adda\u00adtures pour le pres\u00adtigieux Prix europ\u00e9en des femmes inno\u00adva\u00adtri\u00adces 2025. Cette 15\u00e8me \u00e9di\u00adtion promet d\u2019\u00eatre la plus com\u00adp\u00e9ti\u00adtive \u00e0 ce jour, avec une dota\u00adtion\u2026 <\/p>\n","protected":false},"author":1,"featured_media":7176,"comment_status":"open","ping_status":"open","sticky":false,"template":"","format":"standard","meta":{"wp_typography_post_enhancements_disabled":false,"footnotes":""},"categories":[79],"tags":[],"class_list":["post-7175","post","type-post","status-publish","format-standard","has-post-thumbnail","hentry","category-a-la-une"],"yoast_head":"<!-- This site is optimized with the Yoast SEO plugin v24.7 - https:\/\/yoast.com\/wordpress\/plugins\/seo\/ -->\n<title>Ouverture des candidatures pour le Prix europ\u00e9en des femmes innovatrices 2025 - Bobea<\/title>\n<meta name=\"description\" content=\"La Commission europ\u00e9enne annonce l&#039;ouverture des candidatures pour le prestigieux Prix europ\u00e9en des femmes innovatrices 2025.\" \/>\n<meta name=\"robots\" content=\"index, follow, max-snippet:-1, max-image-preview:large, max-video-preview:-1\" \/>\n<link rel=\"canonical\" href=\"https:\/\/bobea.net\/index.php\/2025\/01\/13\/ouverture-des-candidatures-pour-le-prix-europeen-des-femmes-innovatrices-2025\/\" \/>\n<meta property=\"og:locale\" content=\"fr_FR\" \/>\n<meta property=\"og:type\" content=\"article\" \/>\n<meta property=\"og:title\" content=\"Ouverture des candidatures pour le Prix europ\u00e9en des femmes innovatrices 2025 - Bobea\" \/>\n<meta property=\"og:description\" content=\"La Commission europ\u00e9enne annonce l&#039;ouverture des candidatures pour le prestigieux Prix europ\u00e9en des femmes innovatrices 2025.\" \/>\n<meta property=\"og:url\" content=\"https:\/\/bobea.net\/index.php\/2025\/01\/13\/ouverture-des-candidatures-pour-le-prix-europeen-des-femmes-innovatrices-2025\/\" \/>\n<meta property=\"og:site_name\" content=\"Bobea\" \/>\n<meta property=\"article:publisher\" content=\"https:\/\/web.facebook.com\/profile.php?id=61559252188416\" \/>\n<meta property=\"article:published_time\" content=\"2025-01-13T14:53:30+00:00\" \/>\n<meta property=\"article:modified_time\" content=\"2025-01-13T14:53:32+00:00\" \/>\n<meta property=\"og:image\" content=\"https:\/\/bobea.net\/wp-content\/uploads\/2025\/01\/AdobeStock_744459464-scaled-1.jpg\" \/>\n\t<meta property=\"og:image:width\" content=\"2560\" \/>\n\t<meta property=\"og:image:height\" content=\"1707\" \/>\n\t<meta property=\"og:image:type\" content=\"image\/jpeg\" \/>\n<meta name=\"author\" content=\"bobea.info\" \/>\n<meta name=\"twitter:card\" content=\"summary_large_image\" \/>\n<meta name=\"twitter:label1\" content=\"\u00c9crit par\" \/>\n\t<meta name=\"twitter:data1\" content=\"bobea.info\" \/>\n\t<meta name=\"twitter:label2\" content=\"Dur\u00e9e de lecture estim\u00e9e\" \/>\n\t<meta name=\"twitter:data2\" content=\"2 minutes\" \/>\n<script type=\"application\/ld+json\" class=\"yoast-schema-graph\">{\"@context\":\"https:\/\/schema.org\",\"@graph\":[{\"@type\":\"Article\",\"@id\":\"https:\/\/bobea.net\/index.php\/2025\/01\/13\/ouverture-des-candidatures-pour-le-prix-europeen-des-femmes-innovatrices-2025\/#article\",\"isPartOf\":{\"@id\":\"https:\/\/bobea.net\/index.php\/2025\/01\/13\/ouverture-des-candidatures-pour-le-prix-europeen-des-femmes-innovatrices-2025\/\"},\"author\":{\"name\":\"bobea.info\",\"@id\":\"https:\/\/bobea.net\/#\/schema\/person\/e7f45ef187918d7c956bf619dce90ccf\"},\"headline\":\"Ouverture des candidatures pour le Prix europ\u00e9en des femmes innovatrices 2025\",\"datePublished\":\"2025-01-13T14:53:30+00:00\",\"dateModified\":\"2025-01-13T14:53:32+00:00\",\"mainEntityOfPage\":{\"@id\":\"https:\/\/bobea.net\/index.php\/2025\/01\/13\/ouverture-des-candidatures-pour-le-prix-europeen-des-femmes-innovatrices-2025\/\"},\"wordCount\":272,\"commentCount\":0,\"publisher\":{\"@id\":\"https:\/\/bobea.net\/#organization\"},\"image\":{\"@id\":\"https:\/\/bobea.net\/index.php\/2025\/01\/13\/ouverture-des-candidatures-pour-le-prix-europeen-des-femmes-innovatrices-2025\/#primaryimage\"},\"thumbnailUrl\":\"https:\/\/bobea.net\/wp-content\/uploads\/2025\/01\/AdobeStock_744459464-scaled-1.jpg\",\"articleSection\":[\"A la Une\"],\"inLanguage\":\"fr-FR\",\"potentialAction\":[{\"@type\":\"CommentAction\",\"name\":\"Comment\",\"target\":[\"https:\/\/bobea.net\/index.php\/2025\/01\/13\/ouverture-des-candidatures-pour-le-prix-europeen-des-femmes-innovatrices-2025\/#respond\"]}]},{\"@type\":\"WebPage\",\"@id\":\"https:\/\/bobea.net\/index.php\/2025\/01\/13\/ouverture-des-candidatures-pour-le-prix-europeen-des-femmes-innovatrices-2025\/\",\"url\":\"https:\/\/bobea.net\/index.php\/2025\/01\/13\/ouverture-des-candidatures-pour-le-prix-europeen-des-femmes-innovatrices-2025\/\",\"name\":\"Ouverture des candidatures pour le Prix europ\u00e9en des femmes innovatrices 2025 - Bobea\",\"isPartOf\":{\"@id\":\"https:\/\/bobea.net\/#website\"},\"primaryImageOfPage\":{\"@id\":\"https:\/\/bobea.net\/index.php\/2025\/01\/13\/ouverture-des-candidatures-pour-le-prix-europeen-des-femmes-innovatrices-2025\/#primaryimage\"},\"image\":{\"@id\":\"https:\/\/bobea.net\/index.php\/2025\/01\/13\/ouverture-des-candidatures-pour-le-prix-europeen-des-femmes-innovatrices-2025\/#primaryimage\"},\"thumbnailUrl\":\"https:\/\/bobea.net\/wp-content\/uploads\/2025\/01\/AdobeStock_744459464-scaled-1.jpg\",\"datePublished\":\"2025-01-13T14:53:30+00:00\",\"dateModified\":\"2025-01-13T14:53:32+00:00\",\"description\":\"La Commission europ\u00e9enne annonce l'ouverture des candidatures pour le prestigieux Prix europ\u00e9en des femmes innovatrices 2025.\",\"breadcrumb\":{\"@id\":\"https:\/\/bobea.net\/index.php\/2025\/01\/13\/ouverture-des-candidatures-pour-le-prix-europeen-des-femmes-innovatrices-2025\/#breadcrumb\"},\"inLanguage\":\"fr-FR\",\"potentialAction\":[{\"@type\":\"ReadAction\",\"target\":[\"https:\/\/bobea.net\/index.php\/2025\/01\/13\/ouverture-des-candidatures-pour-le-prix-europeen-des-femmes-innovatrices-2025\/\"]}]},{\"@type\":\"ImageObject\",\"inLanguage\":\"fr-FR\",\"@id\":\"https:\/\/bobea.net\/index.php\/2025\/01\/13\/ouverture-des-candidatures-pour-le-prix-europeen-des-femmes-innovatrices-2025\/#primaryimage\",\"url\":\"https:\/\/bobea.net\/wp-content\/uploads\/2025\/01\/AdobeStock_744459464-scaled-1.jpg\",\"contentUrl\":\"https:\/\/bobea.net\/wp-content\/uploads\/2025\/01\/AdobeStock_744459464-scaled-1.jpg\",\"width\":2560,\"height\":1707,\"caption\":\"Ouverture des candidatures pour le Prix europ\u00e9en des femmes innovatrices 2025\"},{\"@type\":\"BreadcrumbList\",\"@id\":\"https:\/\/bobea.net\/index.php\/2025\/01\/13\/ouverture-des-candidatures-pour-le-prix-europeen-des-femmes-innovatrices-2025\/#breadcrumb\",\"itemListElement\":[{\"@type\":\"ListItem\",\"position\":1,\"name\":\"Accueil\",\"item\":\"https:\/\/bobea.net\/\"},{\"@type\":\"ListItem\",\"position\":2,\"name\":\"Ouverture des candidatures pour le Prix europ\u00e9en des femmes innovatrices 2025\"}]},{\"@type\":\"WebSite\",\"@id\":\"https:\/\/bobea.net\/#website\",\"url\":\"https:\/\/bobea.net\/\",\"name\":\"Bobea\",\"description\":\"Le magazine de la nouvelle \u00c8ve\",\"publisher\":{\"@id\":\"https:\/\/bobea.net\/#organization\"},\"potentialAction\":[{\"@type\":\"SearchAction\",\"target\":{\"@type\":\"EntryPoint\",\"urlTemplate\":\"https:\/\/bobea.net\/?s={search_term_string}\"},\"query-input\":{\"@type\":\"PropertyValueSpecification\",\"valueRequired\":true,\"valueName\":\"search_term_string\"}}],\"inLanguage\":\"fr-FR\"},{\"@type\":\"Organization\",\"@id\":\"https:\/\/bobea.net\/#organization\",\"name\":\"Bobea\",\"url\":\"https:\/\/bobea.net\/\",\"logo\":{\"@type\":\"ImageObject\",\"inLanguage\":\"fr-FR\",\"@id\":\"https:\/\/bobea.net\/#\/schema\/logo\/image\/\",\"url\":\"https:\/\/bobea.net\/wp-content\/uploads\/2024\/06\/bobea.jpg\",\"contentUrl\":\"https:\/\/bobea.net\/wp-content\/uploads\/2024\/06\/bobea.jpg\",\"width\":1080,\"height\":1080,\"caption\":\"Bobea\"},\"image\":{\"@id\":\"https:\/\/bobea.net\/#\/schema\/logo\/image\/\"},\"sameAs\":[\"https:\/\/web.facebook.com\/profile.php?id=61559252188416\"]},{\"@type\":\"Person\",\"@id\":\"https:\/\/bobea.net\/#\/schema\/person\/e7f45ef187918d7c956bf619dce90ccf\",\"name\":\"bobea.info\",\"image\":{\"@type\":\"ImageObject\",\"inLanguage\":\"fr-FR\",\"@id\":\"https:\/\/bobea.net\/#\/schema\/person\/image\/\",\"url\":\"https:\/\/secure.gravatar.com\/avatar\/36147980349df887ae30808df3e29474?s=96&d=mm&r=g\",\"contentUrl\":\"https:\/\/secure.gravatar.com\/avatar\/36147980349df887ae30808df3e29474?s=96&d=mm&r=g\",\"caption\":\"bobea.info\"},\"sameAs\":[\"https:\/\/bobea.net\"],\"url\":\"https:\/\/bobea.net\/index.php\/author\/bobea-info\/\"}]}<\/script>\n<!-- \/ Yoast SEO plugin. -->","yoast_head_json":{"title":"Ouverture des candidatures pour le Prix europ\u00e9en des femmes innovatrices 2025 - Bobea","description":"La Commission europ\u00e9enne annonce l'ouverture des candidatures pour le prestigieux Prix europ\u00e9en des femmes innovatrices 2025.","robots":{"index":"index","follow":"follow","max-snippet":"max-snippet:-1","max-image-preview":"max-image-preview:large","max-video-preview":"max-video-preview:-1"},"canonical":"https:\/\/bobea.net\/index.php\/2025\/01\/13\/ouverture-des-candidatures-pour-le-prix-europeen-des-femmes-innovatrices-2025\/","og_locale":"fr_FR","og_type":"article","og_title":"Ouverture des candidatures pour le Prix europ\u00e9en des femmes innovatrices 2025 - Bobea","og_description":"La Commission europ\u00e9enne annonce l'ouverture des candidatures pour le prestigieux Prix europ\u00e9en des femmes innovatrices 2025.","og_url":"https:\/\/bobea.net\/index.php\/2025\/01\/13\/ouverture-des-candidatures-pour-le-prix-europeen-des-femmes-innovatrices-2025\/","og_site_name":"Bobea","article_publisher":"https:\/\/web.facebook.com\/profile.php?id=61559252188416","article_published_time":"2025-01-13T14:53:30+00:00","article_modified_time":"2025-01-13T14:53:32+00:00","og_image":[{"width":2560,"height":1707,"url":"https:\/\/bobea.net\/wp-content\/uploads\/2025\/01\/AdobeStock_744459464-scaled-1.jpg","type":"image\/jpeg"}],"author":"bobea.info","twitter_card":"summary_large_image","twitter_misc":{"\u00c9crit par":"bobea.info","Dur\u00e9e de lecture estim\u00e9e":"2 minutes"},"schema":{"@context":"https:\/\/schema.org","@graph":[{"@type":"Article","@id":"https:\/\/bobea.net\/index.php\/2025\/01\/13\/ouverture-des-candidatures-pour-le-prix-europeen-des-femmes-innovatrices-2025\/#article","isPartOf":{"@id":"https:\/\/bobea.net\/index.php\/2025\/01\/13\/ouverture-des-candidatures-pour-le-prix-europeen-des-femmes-innovatrices-2025\/"},"author":{"name":"bobea.info","@id":"https:\/\/bobea.net\/#\/schema\/person\/e7f45ef187918d7c956bf619dce90ccf"},"headline":"Ouverture des candidatures pour le Prix europ\u00e9en des femmes innovatrices 2025","datePublished":"2025-01-13T14:53:30+00:00","dateModified":"2025-01-13T14:53:32+00:00","mainEntityOfPage":{"@id":"https:\/\/bobea.net\/index.php\/2025\/01\/13\/ouverture-des-candidatures-pour-le-prix-europeen-des-femmes-innovatrices-2025\/"},"wordCount":272,"commentCount":0,"publisher":{"@id":"https:\/\/bobea.net\/#organization"},"image":{"@id":"https:\/\/bobea.net\/index.php\/2025\/01\/13\/ouverture-des-candidatures-pour-le-prix-europeen-des-femmes-innovatrices-2025\/#primaryimage"},"thumbnailUrl":"https:\/\/bobea.net\/wp-content\/uploads\/2025\/01\/AdobeStock_744459464-scaled-1.jpg","articleSection":["A la Une"],"inLanguage":"fr-FR","potentialAction":[{"@type":"CommentAction","name":"Comment","target":["https:\/\/bobea.net\/index.php\/2025\/01\/13\/ouverture-des-candidatures-pour-le-prix-europeen-des-femmes-innovatrices-2025\/#respond"]}]},{"@type":"WebPage","@id":"https:\/\/bobea.net\/index.php\/2025\/01\/13\/ouverture-des-candidatures-pour-le-prix-europeen-des-femmes-innovatrices-2025\/","url":"https:\/\/bobea.net\/index.php\/2025\/01\/13\/ouverture-des-candidatures-pour-le-prix-europeen-des-femmes-innovatrices-2025\/","name":"Ouverture des candidatures pour le Prix europ\u00e9en des femmes innovatrices 2025 - Bobea","isPartOf":{"@id":"https:\/\/bobea.net\/#website"},"primaryImageOfPage":{"@id":"https:\/\/bobea.net\/index.php\/2025\/01\/13\/ouverture-des-candidatures-pour-le-prix-europeen-des-femmes-innovatrices-2025\/#primaryimage"},"image":{"@id":"https:\/\/bobea.net\/index.php\/2025\/01\/13\/ouverture-des-candidatures-pour-le-prix-europeen-des-femmes-innovatrices-2025\/#primaryimage"},"thumbnailUrl":"https:\/\/bobea.net\/wp-content\/uploads\/2025\/01\/AdobeStock_744459464-scaled-1.jpg","datePublished":"2025-01-13T14:53:30+00:00","dateModified":"2025-01-13T14:53:32+00:00","description":"La Commission europ\u00e9enne annonce l'ouverture des candidatures pour le prestigieux Prix europ\u00e9en des femmes innovatrices 2025.","breadcrumb":{"@id":"https:\/\/bobea.net\/index.php\/2025\/01\/13\/ouverture-des-candidatures-pour-le-prix-europeen-des-femmes-innovatrices-2025\/#breadcrumb"},"inLanguage":"fr-FR","potentialAction":[{"@type":"ReadAction","target":["https:\/\/bobea.net\/index.php\/2025\/01\/13\/ouverture-des-candidatures-pour-le-prix-europeen-des-femmes-innovatrices-2025\/"]}]},{"@type":"ImageObject","inLanguage":"fr-FR","@id":"https:\/\/bobea.net\/index.php\/2025\/01\/13\/ouverture-des-candidatures-pour-le-prix-europeen-des-femmes-innovatrices-2025\/#primaryimage","url":"https:\/\/bobea.net\/wp-content\/uploads\/2025\/01\/AdobeStock_744459464-scaled-1.jpg","contentUrl":"https:\/\/bobea.net\/wp-content\/uploads\/2025\/01\/AdobeStock_744459464-scaled-1.jpg","width":2560,"height":1707,"caption":"Ouverture des candidatures pour le Prix europ\u00e9en des femmes innovatrices 2025"},{"@type":"BreadcrumbList","@id":"https:\/\/bobea.net\/index.php\/2025\/01\/13\/ouverture-des-candidatures-pour-le-prix-europeen-des-femmes-innovatrices-2025\/#breadcrumb","itemListElement":[{"@type":"ListItem","position":1,"name":"Accueil","item":"https:\/\/bobea.net\/"},{"@type":"ListItem","position":2,"name":"Ouverture des candidatures pour le Prix europ\u00e9en des femmes innovatrices 2025"}]},{"@type":"WebSite","@id":"https:\/\/bobea.net\/#website","url":"https:\/\/bobea.net\/","name":"Bobea","description":"Le magazine de la nouvelle \u00c8ve","publisher":{"@id":"https:\/\/bobea.net\/#organization"},"potentialAction":[{"@type":"SearchAction","target":{"@type":"EntryPoint","urlTemplate":"https:\/\/bobea.net\/?s={search_term_string}"},"query-input":{"@type":"PropertyValueSpecification","valueRequired":true,"valueName":"search_term_string"}}],"inLanguage":"fr-FR"},{"@type":"Organization","@id":"https:\/\/bobea.net\/#organization","name":"Bobea","url":"https:\/\/bobea.net\/","logo":{"@type":"ImageObject","inLanguage":"fr-FR","@id":"https:\/\/bobea.net\/#\/schema\/logo\/image\/","url":"https:\/\/bobea.net\/wp-content\/uploads\/2024\/06\/bobea.jpg","contentUrl":"https:\/\/bobea.net\/wp-content\/uploads\/2024\/06\/bobea.jpg","width":1080,"height":1080,"caption":"Bobea"},"image":{"@id":"https:\/\/bobea.net\/#\/schema\/logo\/image\/"},"sameAs":["https:\/\/web.facebook.com\/profile.php?id=61559252188416"]},{"@type":"Person","@id":"https:\/\/bobea.net\/#\/schema\/person\/e7f45ef187918d7c956bf619dce90ccf","name":"bobea.info","image":{"@type":"ImageObject","inLanguage":"fr-FR","@id":"https:\/\/bobea.net\/#\/schema\/person\/image\/","url":"https:\/\/secure.gravatar.com\/avatar\/36147980349df887ae30808df3e29474?s=96&d=mm&r=g","contentUrl":"https:\/\/secure.gravatar.com\/avatar\/36147980349df887ae30808df3e29474?s=96&d=mm&r=g","caption":"bobea.info"},"sameAs":["https:\/\/bobea.net"],"url":"https:\/\/bobea.net\/index.php\/author\/bobea-info\/"}]}},"_links":{"self":[{"href":"https:\/\/bobea.net\/index.php\/wp-json\/wp\/v2\/posts\/7175"}],"collection":[{"href":"https:\/\/bobea.net\/index.php\/wp-json\/wp\/v2\/posts"}],"about":[{"href":"https:\/\/bobea.net\/index.php\/wp-json\/wp\/v2\/types\/post"}],"author":[{"embeddable":true,"href":"https:\/\/bobea.net\/index.php\/wp-json\/wp\/v2\/users\/1"}],"replies":[{"embeddable":true,"href":"https:\/\/bobea.net\/index.php\/wp-json\/wp\/v2\/comments?post=7175"}],"version-history":[{"count":0,"href":"https:\/\/bobea.net\/index.php\/wp-json\/wp\/v2\/posts\/7175\/revisions"}],"wp:featuredmedia":[{"embeddable":true,"href":"https:\/\/bobea.net\/index.php\/wp-json\/wp\/v2\/media\/7176"}],"wp:attachment":[{"href":"https:\/\/bobea.net\/index.php\/wp-json\/wp\/v2\/media?parent=7175"}],"wp:term":[{"taxonomy":"category","embeddable":true,"href":"https:\/\/bobea.net\/index.php\/wp-json\/wp\/v2\/categories?post=7175"},{"taxonomy":"post_tag","embeddable":true,"href":"https:\/\/bobea.net\/index.php\/wp-json\/wp\/v2\/tags?post=7175"}],"curies":[{"name":"wp","href":"https:\/\/api.w.org\/{rel}","templated":true}]}}