{"id":7172,"date":"2025-01-13T12:42:23","date_gmt":"2025-01-13T12:42:23","guid":{"rendered":"https:\/\/bobea.net\/?p=7172"},"modified":"2025-01-13T12:42:24","modified_gmt":"2025-01-13T12:42:24","slug":"lancement-du-programme-tech-pour-toutes-un-pas-vers-legalite-dans-le-numerique","status":"publish","type":"post","link":"https:\/\/bobea.net\/index.php\/2025\/01\/13\/lancement-du-programme-tech-pour-toutes-un-pas-vers-legalite-dans-le-numerique\/","title":{"rendered":"Lancement du programme \u201cTech pour toutes\u201d : Un pas vers l\u2019\u00e9galit\u00e9 dans le num\u00e9rique"},"content":{"rendered":"\n<p>Le 13 jan\u00advi\u00ader 2025 mar\u00adque le lance\u00adment offi\u00adciel du pro\u00adgramme \u201cTech pour toutes\u201d, une ini\u00adtia\u00adtive ambitieuse visant \u00e0 r\u00e9duire l\u2019\u00e9\u00adcart entre les gen\u00adres dans le secteur tech\u00adnologique. Port\u00e9 par un con\u00adsor\u00adtium d\u2019en\u00adtre\u00adpris\u00ades tech, d\u2019u\u00adni\u00adver\u00adsit\u00e9s et d\u2019as\u00adso\u00adci\u00ada\u00adtions, ce pro\u00adgramme promet d\u2019an\u00adcien et d\u2019ac\u00adcom\u00adpa\u00adg\u00adn\u00ader 100 000 femmes vers des car\u00adri\u00e8res dans le num\u00e9rique d\u2019i\u00adci 2030.Chiffres cl\u00e9s :<\/p>\n\n\n\n<ul class=\"wp-block-list\">\n<li>Investisse\u00adment ini\u00adtial : 500 mil\u00adlions d\u2019eu\u00adros<\/li>\n<\/ul>\n\n\n\n<ul class=\"wp-block-list\">\n<li>Objec\u00adtif : 30% de femmes dans les m\u00e9tiers tech d\u2019i\u00adci 2030 (con\u00adtre 17% actuelle\u00adment)<\/li>\n<\/ul>\n\n\n\n<ul class=\"wp-block-list\">\n<li>1000 entre\u00adpris\u00ades parte\u00adnaires engag\u00e9es \u00e0 recruter les dipl\u00f4m\u00e9s du pro\u00adgramme<\/li>\n<\/ul>\n\n\n\n<p>Le pro\u00adgramme se d\u00e9cline en plusieurs volets :<\/p>\n\n\n\n<ol start=\"1\" class=\"wp-block-list\">\n<li>For\u00adma\u00adtion inten\u00adsive : Boot\u00adcamps de 6 mois en d\u00e9veloppe\u00adment, data sci\u00adence et cyber\u00ads\u00e9cu\u00adrit\u00e9<\/li>\n<\/ol>\n\n\n\n<ol start=\"2\" class=\"wp-block-list\">\n<li>Men\u00adtorat : Chaque par\u00adtic\u00adi\u00adpante est jumel\u00e9e avec une pro\u00adfes\u00adsion\u00adnelle exp\u00e9ri\u00admen\u00adt\u00e9e<\/li>\n\n\n\n<li>Stages r\u00e9mun\u00e9r\u00e9s : Garan\u00adtis pour toutes les dipl\u00f4m\u00e9es du pro\u00adgramme<\/li>\n<\/ol>\n\n\n\n<ol start=\"4\" class=\"wp-block-list\">\n<li>Accom\u00adpa\u00adg\u00adne\u00adment \u00e0 l\u2019en\u00adtre\u00adpre\u00adneuri\u00adat : Incu\u00adba\u00adteur d\u00e9di\u00e9 aux pro\u00adjets tech f\u00e9minins<\/li>\n<\/ol>\n\n\n\n<p>Marie Durand, direc\u00adtrice du pro\u00adgramme, d\u00e9clare : \u201cNous ne visons pas seule\u00adment \u00e0 anci\u00adenne des femmes, mais \u00e0 trans\u00adformer l\u2019\u00e9\u00adcosys\u00adt\u00e8me tech\u00adnologique pour le ren\u00addre plus inclusif et diver\u00adsi\u00adfi\u00e9.\u201d<\/p>\n\n\n\n<p>L\u2019ini\u00adtia\u00adtive a re\u00e7u le sou\u00adtien de fig\u00adures embl\u00e9\u00adma\u00adtiques comme Sheryl Sand\u00adberg et Maris\u00adsa May\u00ader, qui inter\u00advien\u00addront lors de mas\u00adter\u00adclass\u00ades exclu\u00adsives.<\/p>\n\n\n\n<p>BOBEA suiv\u00adra de pr\u00e8s l\u2019\u00e9vo\u00adlu\u00adtion de ce pro\u00adgramme et invite ses lec\u00adtri\u00adces int\u00e9ress\u00e9es \u00e0 pos\u00adtuler via le site web d\u00e9di\u00e9 :&nbsp;<a href=\"http:\/\/www.techpourtoutes.com\/\">www.techpourtoutes.com<\/a>&nbsp;.<\/p>\n","protected":false},"excerpt":{"rendered":"<p>Le 13 jan\u00advi\u00ader 2025 mar\u00adque le lance\u00adment offi\u00adciel du pro\u00adgramme \u201cTech pour toutes\u201d, une ini\u00adtia\u00adtive ambitieuse visant \u00e0 r\u00e9duire l\u2019\u00e9\u00adcart entre les gen\u00adres dans le secteur tech\u00adnologique. Port\u00e9 par un\u2026 <\/p>\n","protected":false},"author":1,"featured_media":7173,"comment_status":"open","ping_status":"open","sticky":false,"template":"","format":"standard","meta":{"wp_typography_post_enhancements_disabled":false,"footnotes":""},"categories":[73],"tags":[9030],"class_list":["post-7172","post","type-post","status-publish","format-standard","has-post-thumbnail","hentry","category-on-en-parle","tag-tech-pour-toutes"],"yoast_head":"<!-- This site is optimized with the Yoast SEO plugin v24.7 - https:\/\/yoast.com\/wordpress\/plugins\/seo\/ -->\n<title>Lancement du programme &quot;Tech pour toutes&quot; : Un pas vers l&#039;\u00e9galit\u00e9 dans le num\u00e9rique - Bobea<\/title>\n<meta name=\"description\" content=\"Le 13 janvier 2025 marque le lancement officiel du programme &quot;Tech pour toutes&quot;, une initiative ambitieuse visant \u00e0 r\u00e9duire l&#039;\u00e9cart\" \/>\n<meta name=\"robots\" content=\"index, follow, max-snippet:-1, max-image-preview:large, max-video-preview:-1\" \/>\n<link rel=\"canonical\" href=\"https:\/\/bobea.net\/index.php\/2025\/01\/13\/lancement-du-programme-tech-pour-toutes-un-pas-vers-legalite-dans-le-numerique\/\" \/>\n<meta property=\"og:locale\" content=\"fr_FR\" \/>\n<meta property=\"og:type\" content=\"article\" \/>\n<meta property=\"og:title\" content=\"Lancement du programme &quot;Tech pour toutes&quot; : Un pas vers l&#039;\u00e9galit\u00e9 dans le num\u00e9rique - Bobea\" \/>\n<meta property=\"og:description\" content=\"Le 13 janvier 2025 marque le lancement officiel du programme &quot;Tech pour toutes&quot;, une initiative ambitieuse visant \u00e0 r\u00e9duire l&#039;\u00e9cart\" \/>\n<meta property=\"og:url\" content=\"https:\/\/bobea.net\/index.php\/2025\/01\/13\/lancement-du-programme-tech-pour-toutes-un-pas-vers-legalite-dans-le-numerique\/\" \/>\n<meta property=\"og:site_name\" content=\"Bobea\" \/>\n<meta property=\"article:publisher\" content=\"https:\/\/web.facebook.com\/profile.php?id=61559252188416\" \/>\n<meta property=\"article:published_time\" content=\"2025-01-13T12:42:23+00:00\" \/>\n<meta property=\"article:modified_time\" content=\"2025-01-13T12:42:24+00:00\" \/>\n<meta property=\"og:image\" content=\"https:\/\/bobea.net\/wp-content\/uploads\/2025\/01\/tech-pour-toutes-programme-premiere-ministre-1536x861-1.jpeg\" \/>\n\t<meta property=\"og:image:width\" content=\"1536\" \/>\n\t<meta property=\"og:image:height\" content=\"861\" \/>\n\t<meta property=\"og:image:type\" content=\"image\/jpeg\" \/>\n<meta name=\"author\" content=\"bobea.info\" \/>\n<meta name=\"twitter:card\" content=\"summary_large_image\" \/>\n<meta name=\"twitter:label1\" content=\"\u00c9crit par\" \/>\n\t<meta name=\"twitter:data1\" content=\"bobea.info\" \/>\n\t<meta name=\"twitter:label2\" content=\"Dur\u00e9e de lecture estim\u00e9e\" \/>\n\t<meta name=\"twitter:data2\" content=\"2 minutes\" \/>\n<script type=\"application\/ld+json\" class=\"yoast-schema-graph\">{\"@context\":\"https:\/\/schema.org\",\"@graph\":[{\"@type\":\"Article\",\"@id\":\"https:\/\/bobea.net\/index.php\/2025\/01\/13\/lancement-du-programme-tech-pour-toutes-un-pas-vers-legalite-dans-le-numerique\/#article\",\"isPartOf\":{\"@id\":\"https:\/\/bobea.net\/index.php\/2025\/01\/13\/lancement-du-programme-tech-pour-toutes-un-pas-vers-legalite-dans-le-numerique\/\"},\"author\":{\"name\":\"bobea.info\",\"@id\":\"https:\/\/bobea.net\/#\/schema\/person\/e7f45ef187918d7c956bf619dce90ccf\"},\"headline\":\"Lancement du programme \u201cTech pour toutes\u201d : Un pas vers l\u2019\u00e9galit\u00e9 dans le num\u00e9rique\",\"datePublished\":\"2025-01-13T12:42:23+00:00\",\"dateModified\":\"2025-01-13T12:42:24+00:00\",\"mainEntityOfPage\":{\"@id\":\"https:\/\/bobea.net\/index.php\/2025\/01\/13\/lancement-du-programme-tech-pour-toutes-un-pas-vers-legalite-dans-le-numerique\/\"},\"wordCount\":242,\"commentCount\":0,\"publisher\":{\"@id\":\"https:\/\/bobea.net\/#organization\"},\"image\":{\"@id\":\"https:\/\/bobea.net\/index.php\/2025\/01\/13\/lancement-du-programme-tech-pour-toutes-un-pas-vers-legalite-dans-le-numerique\/#primaryimage\"},\"thumbnailUrl\":\"https:\/\/bobea.net\/wp-content\/uploads\/2025\/01\/tech-pour-toutes-programme-premiere-ministre-1536x861-1.jpeg\",\"keywords\":[\"Tech pour toutes\"],\"articleSection\":[\"On en Parle\"],\"inLanguage\":\"fr-FR\",\"potentialAction\":[{\"@type\":\"CommentAction\",\"name\":\"Comment\",\"target\":[\"https:\/\/bobea.net\/index.php\/2025\/01\/13\/lancement-du-programme-tech-pour-toutes-un-pas-vers-legalite-dans-le-numerique\/#respond\"]}]},{\"@type\":\"WebPage\",\"@id\":\"https:\/\/bobea.net\/index.php\/2025\/01\/13\/lancement-du-programme-tech-pour-toutes-un-pas-vers-legalite-dans-le-numerique\/\",\"url\":\"https:\/\/bobea.net\/index.php\/2025\/01\/13\/lancement-du-programme-tech-pour-toutes-un-pas-vers-legalite-dans-le-numerique\/\",\"name\":\"Lancement du programme \\\"Tech pour toutes\\\" : Un pas vers l'\u00e9galit\u00e9 dans le num\u00e9rique - Bobea\",\"isPartOf\":{\"@id\":\"https:\/\/bobea.net\/#website\"},\"primaryImageOfPage\":{\"@id\":\"https:\/\/bobea.net\/index.php\/2025\/01\/13\/lancement-du-programme-tech-pour-toutes-un-pas-vers-legalite-dans-le-numerique\/#primaryimage\"},\"image\":{\"@id\":\"https:\/\/bobea.net\/index.php\/2025\/01\/13\/lancement-du-programme-tech-pour-toutes-un-pas-vers-legalite-dans-le-numerique\/#primaryimage\"},\"thumbnailUrl\":\"https:\/\/bobea.net\/wp-content\/uploads\/2025\/01\/tech-pour-toutes-programme-premiere-ministre-1536x861-1.jpeg\",\"datePublished\":\"2025-01-13T12:42:23+00:00\",\"dateModified\":\"2025-01-13T12:42:24+00:00\",\"description\":\"Le 13 janvier 2025 marque le lancement officiel du programme \\\"Tech pour toutes\\\", une initiative ambitieuse visant \u00e0 r\u00e9duire l'\u00e9cart\",\"breadcrumb\":{\"@id\":\"https:\/\/bobea.net\/index.php\/2025\/01\/13\/lancement-du-programme-tech-pour-toutes-un-pas-vers-legalite-dans-le-numerique\/#breadcrumb\"},\"inLanguage\":\"fr-FR\",\"potentialAction\":[{\"@type\":\"ReadAction\",\"target\":[\"https:\/\/bobea.net\/index.php\/2025\/01\/13\/lancement-du-programme-tech-pour-toutes-un-pas-vers-legalite-dans-le-numerique\/\"]}]},{\"@type\":\"ImageObject\",\"inLanguage\":\"fr-FR\",\"@id\":\"https:\/\/bobea.net\/index.php\/2025\/01\/13\/lancement-du-programme-tech-pour-toutes-un-pas-vers-legalite-dans-le-numerique\/#primaryimage\",\"url\":\"https:\/\/bobea.net\/wp-content\/uploads\/2025\/01\/tech-pour-toutes-programme-premiere-ministre-1536x861-1.jpeg\",\"contentUrl\":\"https:\/\/bobea.net\/wp-content\/uploads\/2025\/01\/tech-pour-toutes-programme-premiere-ministre-1536x861-1.jpeg\",\"width\":1536,\"height\":861,\"caption\":\"Lancement du programme \\\"Tech pour toutes\\\" : Un pas vers l'\u00e9galit\u00e9 dans le num\u00e9rique\"},{\"@type\":\"BreadcrumbList\",\"@id\":\"https:\/\/bobea.net\/index.php\/2025\/01\/13\/lancement-du-programme-tech-pour-toutes-un-pas-vers-legalite-dans-le-numerique\/#breadcrumb\",\"itemListElement\":[{\"@type\":\"ListItem\",\"position\":1,\"name\":\"Accueil\",\"item\":\"https:\/\/bobea.net\/\"},{\"@type\":\"ListItem\",\"position\":2,\"name\":\"Lancement du programme \u00ab\u00a0Tech pour toutes\u00a0\u00bb : Un pas vers l&rsquo;\u00e9galit\u00e9 dans le num\u00e9rique\"}]},{\"@type\":\"WebSite\",\"@id\":\"https:\/\/bobea.net\/#website\",\"url\":\"https:\/\/bobea.net\/\",\"name\":\"Bobea\",\"description\":\"Le magazine de la nouvelle \u00c8ve\",\"publisher\":{\"@id\":\"https:\/\/bobea.net\/#organization\"},\"potentialAction\":[{\"@type\":\"SearchAction\",\"target\":{\"@type\":\"EntryPoint\",\"urlTemplate\":\"https:\/\/bobea.net\/?s={search_term_string}\"},\"query-input\":{\"@type\":\"PropertyValueSpecification\",\"valueRequired\":true,\"valueName\":\"search_term_string\"}}],\"inLanguage\":\"fr-FR\"},{\"@type\":\"Organization\",\"@id\":\"https:\/\/bobea.net\/#organization\",\"name\":\"Bobea\",\"url\":\"https:\/\/bobea.net\/\",\"logo\":{\"@type\":\"ImageObject\",\"inLanguage\":\"fr-FR\",\"@id\":\"https:\/\/bobea.net\/#\/schema\/logo\/image\/\",\"url\":\"https:\/\/bobea.net\/wp-content\/uploads\/2024\/06\/bobea.jpg\",\"contentUrl\":\"https:\/\/bobea.net\/wp-content\/uploads\/2024\/06\/bobea.jpg\",\"width\":1080,\"height\":1080,\"caption\":\"Bobea\"},\"image\":{\"@id\":\"https:\/\/bobea.net\/#\/schema\/logo\/image\/\"},\"sameAs\":[\"https:\/\/web.facebook.com\/profile.php?id=61559252188416\"]},{\"@type\":\"Person\",\"@id\":\"https:\/\/bobea.net\/#\/schema\/person\/e7f45ef187918d7c956bf619dce90ccf\",\"name\":\"bobea.info\",\"image\":{\"@type\":\"ImageObject\",\"inLanguage\":\"fr-FR\",\"@id\":\"https:\/\/bobea.net\/#\/schema\/person\/image\/\",\"url\":\"https:\/\/secure.gravatar.com\/avatar\/36147980349df887ae30808df3e29474?s=96&d=mm&r=g\",\"contentUrl\":\"https:\/\/secure.gravatar.com\/avatar\/36147980349df887ae30808df3e29474?s=96&d=mm&r=g\",\"caption\":\"bobea.info\"},\"sameAs\":[\"https:\/\/bobea.net\"],\"url\":\"https:\/\/bobea.net\/index.php\/author\/bobea-info\/\"}]}<\/script>\n<!-- \/ Yoast SEO plugin. -->","yoast_head_json":{"title":"Lancement du programme \"Tech pour toutes\" : Un pas vers l'\u00e9galit\u00e9 dans le num\u00e9rique - Bobea","description":"Le 13 janvier 2025 marque le lancement officiel du programme \"Tech pour toutes\", une initiative ambitieuse visant \u00e0 r\u00e9duire l'\u00e9cart","robots":{"index":"index","follow":"follow","max-snippet":"max-snippet:-1","max-image-preview":"max-image-preview:large","max-video-preview":"max-video-preview:-1"},"canonical":"https:\/\/bobea.net\/index.php\/2025\/01\/13\/lancement-du-programme-tech-pour-toutes-un-pas-vers-legalite-dans-le-numerique\/","og_locale":"fr_FR","og_type":"article","og_title":"Lancement du programme \"Tech pour toutes\" : Un pas vers l'\u00e9galit\u00e9 dans le num\u00e9rique - Bobea","og_description":"Le 13 janvier 2025 marque le lancement officiel du programme \"Tech pour toutes\", une initiative ambitieuse visant \u00e0 r\u00e9duire l'\u00e9cart","og_url":"https:\/\/bobea.net\/index.php\/2025\/01\/13\/lancement-du-programme-tech-pour-toutes-un-pas-vers-legalite-dans-le-numerique\/","og_site_name":"Bobea","article_publisher":"https:\/\/web.facebook.com\/profile.php?id=61559252188416","article_published_time":"2025-01-13T12:42:23+00:00","article_modified_time":"2025-01-13T12:42:24+00:00","og_image":[{"width":1536,"height":861,"url":"https:\/\/bobea.net\/wp-content\/uploads\/2025\/01\/tech-pour-toutes-programme-premiere-ministre-1536x861-1.jpeg","type":"image\/jpeg"}],"author":"bobea.info","twitter_card":"summary_large_image","twitter_misc":{"\u00c9crit par":"bobea.info","Dur\u00e9e de lecture estim\u00e9e":"2 minutes"},"schema":{"@context":"https:\/\/schema.org","@graph":[{"@type":"Article","@id":"https:\/\/bobea.net\/index.php\/2025\/01\/13\/lancement-du-programme-tech-pour-toutes-un-pas-vers-legalite-dans-le-numerique\/#article","isPartOf":{"@id":"https:\/\/bobea.net\/index.php\/2025\/01\/13\/lancement-du-programme-tech-pour-toutes-un-pas-vers-legalite-dans-le-numerique\/"},"author":{"name":"bobea.info","@id":"https:\/\/bobea.net\/#\/schema\/person\/e7f45ef187918d7c956bf619dce90ccf"},"headline":"Lancement du programme \u201cTech pour toutes\u201d : Un pas vers l\u2019\u00e9galit\u00e9 dans le num\u00e9rique","datePublished":"2025-01-13T12:42:23+00:00","dateModified":"2025-01-13T12:42:24+00:00","mainEntityOfPage":{"@id":"https:\/\/bobea.net\/index.php\/2025\/01\/13\/lancement-du-programme-tech-pour-toutes-un-pas-vers-legalite-dans-le-numerique\/"},"wordCount":242,"commentCount":0,"publisher":{"@id":"https:\/\/bobea.net\/#organization"},"image":{"@id":"https:\/\/bobea.net\/index.php\/2025\/01\/13\/lancement-du-programme-tech-pour-toutes-un-pas-vers-legalite-dans-le-numerique\/#primaryimage"},"thumbnailUrl":"https:\/\/bobea.net\/wp-content\/uploads\/2025\/01\/tech-pour-toutes-programme-premiere-ministre-1536x861-1.jpeg","keywords":["Tech pour toutes"],"articleSection":["On en Parle"],"inLanguage":"fr-FR","potentialAction":[{"@type":"CommentAction","name":"Comment","target":["https:\/\/bobea.net\/index.php\/2025\/01\/13\/lancement-du-programme-tech-pour-toutes-un-pas-vers-legalite-dans-le-numerique\/#respond"]}]},{"@type":"WebPage","@id":"https:\/\/bobea.net\/index.php\/2025\/01\/13\/lancement-du-programme-tech-pour-toutes-un-pas-vers-legalite-dans-le-numerique\/","url":"https:\/\/bobea.net\/index.php\/2025\/01\/13\/lancement-du-programme-tech-pour-toutes-un-pas-vers-legalite-dans-le-numerique\/","name":"Lancement du programme \"Tech pour toutes\" : Un pas vers l'\u00e9galit\u00e9 dans le num\u00e9rique - Bobea","isPartOf":{"@id":"https:\/\/bobea.net\/#website"},"primaryImageOfPage":{"@id":"https:\/\/bobea.net\/index.php\/2025\/01\/13\/lancement-du-programme-tech-pour-toutes-un-pas-vers-legalite-dans-le-numerique\/#primaryimage"},"image":{"@id":"https:\/\/bobea.net\/index.php\/2025\/01\/13\/lancement-du-programme-tech-pour-toutes-un-pas-vers-legalite-dans-le-numerique\/#primaryimage"},"thumbnailUrl":"https:\/\/bobea.net\/wp-content\/uploads\/2025\/01\/tech-pour-toutes-programme-premiere-ministre-1536x861-1.jpeg","datePublished":"2025-01-13T12:42:23+00:00","dateModified":"2025-01-13T12:42:24+00:00","description":"Le 13 janvier 2025 marque le lancement officiel du programme \"Tech pour toutes\", une initiative ambitieuse visant \u00e0 r\u00e9duire l'\u00e9cart","breadcrumb":{"@id":"https:\/\/bobea.net\/index.php\/2025\/01\/13\/lancement-du-programme-tech-pour-toutes-un-pas-vers-legalite-dans-le-numerique\/#breadcrumb"},"inLanguage":"fr-FR","potentialAction":[{"@type":"ReadAction","target":["https:\/\/bobea.net\/index.php\/2025\/01\/13\/lancement-du-programme-tech-pour-toutes-un-pas-vers-legalite-dans-le-numerique\/"]}]},{"@type":"ImageObject","inLanguage":"fr-FR","@id":"https:\/\/bobea.net\/index.php\/2025\/01\/13\/lancement-du-programme-tech-pour-toutes-un-pas-vers-legalite-dans-le-numerique\/#primaryimage","url":"https:\/\/bobea.net\/wp-content\/uploads\/2025\/01\/tech-pour-toutes-programme-premiere-ministre-1536x861-1.jpeg","contentUrl":"https:\/\/bobea.net\/wp-content\/uploads\/2025\/01\/tech-pour-toutes-programme-premiere-ministre-1536x861-1.jpeg","width":1536,"height":861,"caption":"Lancement du programme \"Tech pour toutes\" : Un pas vers l'\u00e9galit\u00e9 dans le num\u00e9rique"},{"@type":"BreadcrumbList","@id":"https:\/\/bobea.net\/index.php\/2025\/01\/13\/lancement-du-programme-tech-pour-toutes-un-pas-vers-legalite-dans-le-numerique\/#breadcrumb","itemListElement":[{"@type":"ListItem","position":1,"name":"Accueil","item":"https:\/\/bobea.net\/"},{"@type":"ListItem","position":2,"name":"Lancement du programme \u00ab\u00a0Tech pour toutes\u00a0\u00bb : Un pas vers l&rsquo;\u00e9galit\u00e9 dans le num\u00e9rique"}]},{"@type":"WebSite","@id":"https:\/\/bobea.net\/#website","url":"https:\/\/bobea.net\/","name":"Bobea","description":"Le magazine de la nouvelle \u00c8ve","publisher":{"@id":"https:\/\/bobea.net\/#organization"},"potentialAction":[{"@type":"SearchAction","target":{"@type":"EntryPoint","urlTemplate":"https:\/\/bobea.net\/?s={search_term_string}"},"query-input":{"@type":"PropertyValueSpecification","valueRequired":true,"valueName":"search_term_string"}}],"inLanguage":"fr-FR"},{"@type":"Organization","@id":"https:\/\/bobea.net\/#organization","name":"Bobea","url":"https:\/\/bobea.net\/","logo":{"@type":"ImageObject","inLanguage":"fr-FR","@id":"https:\/\/bobea.net\/#\/schema\/logo\/image\/","url":"https:\/\/bobea.net\/wp-content\/uploads\/2024\/06\/bobea.jpg","contentUrl":"https:\/\/bobea.net\/wp-content\/uploads\/2024\/06\/bobea.jpg","width":1080,"height":1080,"caption":"Bobea"},"image":{"@id":"https:\/\/bobea.net\/#\/schema\/logo\/image\/"},"sameAs":["https:\/\/web.facebook.com\/profile.php?id=61559252188416"]},{"@type":"Person","@id":"https:\/\/bobea.net\/#\/schema\/person\/e7f45ef187918d7c956bf619dce90ccf","name":"bobea.info","image":{"@type":"ImageObject","inLanguage":"fr-FR","@id":"https:\/\/bobea.net\/#\/schema\/person\/image\/","url":"https:\/\/secure.gravatar.com\/avatar\/36147980349df887ae30808df3e29474?s=96&d=mm&r=g","contentUrl":"https:\/\/secure.gravatar.com\/avatar\/36147980349df887ae30808df3e29474?s=96&d=mm&r=g","caption":"bobea.info"},"sameAs":["https:\/\/bobea.net"],"url":"https:\/\/bobea.net\/index.php\/author\/bobea-info\/"}]}},"_links":{"self":[{"href":"https:\/\/bobea.net\/index.php\/wp-json\/wp\/v2\/posts\/7172"}],"collection":[{"href":"https:\/\/bobea.net\/index.php\/wp-json\/wp\/v2\/posts"}],"about":[{"href":"https:\/\/bobea.net\/index.php\/wp-json\/wp\/v2\/types\/post"}],"author":[{"embeddable":true,"href":"https:\/\/bobea.net\/index.php\/wp-json\/wp\/v2\/users\/1"}],"replies":[{"embeddable":true,"href":"https:\/\/bobea.net\/index.php\/wp-json\/wp\/v2\/comments?post=7172"}],"version-history":[{"count":0,"href":"https:\/\/bobea.net\/index.php\/wp-json\/wp\/v2\/posts\/7172\/revisions"}],"wp:featuredmedia":[{"embeddable":true,"href":"https:\/\/bobea.net\/index.php\/wp-json\/wp\/v2\/media\/7173"}],"wp:attachment":[{"href":"https:\/\/bobea.net\/index.php\/wp-json\/wp\/v2\/media?parent=7172"}],"wp:term":[{"taxonomy":"category","embeddable":true,"href":"https:\/\/bobea.net\/index.php\/wp-json\/wp\/v2\/categories?post=7172"},{"taxonomy":"post_tag","embeddable":true,"href":"https:\/\/bobea.net\/index.php\/wp-json\/wp\/v2\/tags?post=7172"}],"curies":[{"name":"wp","href":"https:\/\/api.w.org\/{rel}","templated":true}]}}