{"id":7148,"date":"2025-01-11T14:53:01","date_gmt":"2025-01-11T14:53:01","guid":{"rendered":"https:\/\/bobea.net\/?p=7148"},"modified":"2025-01-11T14:53:02","modified_gmt":"2025-01-11T14:53:02","slug":"revolution-dans-la-mode-durable-le-textile-intelligent-eco-responsable-conquiert-les-podiums","status":"publish","type":"post","link":"https:\/\/bobea.net\/index.php\/2025\/01\/11\/revolution-dans-la-mode-durable-le-textile-intelligent-eco-responsable-conquiert-les-podiums\/","title":{"rendered":"R\u00e9volution dans la mode durable : Le textile intelligent \u00e9co-responsable conquiert les podiums"},"content":{"rendered":"\n<p>Une nou\u00advelle \u00e8re pour la mode \u00e9thique<\/p>\n\n\n\n<p>La Fash\u00adion Week de Paris 2025 a \u00e9t\u00e9 le th\u00e9\u00e2tre d\u2019une v\u00e9ri\u00adta\u00adble r\u00e9vo\u00adlu\u00adtion : l\u2019av\u00e8ne\u00adment du tex\u00adtile intel\u00adli\u00adgent \u00e9co-respon\u00ads\u00adable. Cette inno\u00adva\u00adtion, fruit de la col\u00adlab\u00ado\u00adra\u00adtion entre des cr\u00e9a\u00adtri\u00adces de mode vision\u00adnaires et des ing\u00e9nieures tex\u00adtiles, promet de trans\u00adformer rad\u00adi\u00adcale\u00adment l\u2019in\u00addus\u00adtrie de la mode.<\/p>\n\n\n\n<p>Qu\u2019est-ce que le tex\u00adtile intel\u00adli\u00adgent \u00e9co-respon\u00ads\u00adable ?<\/p>\n\n\n\n<figure class=\"wp-block-image size-full\"><img loading=\"lazy\" decoding=\"async\" width=\"1000\" height=\"571\" src=\"https:\/\/bobea.net\/wp-content\/uploads\/2025\/01\/la-revolution-de-la-mode-eco-responsable.jpeg\" alt class=\"wp-image-7150\" srcset=\"https:\/\/bobea.net\/wp-content\/uploads\/2025\/01\/la-revolution-de-la-mode-eco-responsable.jpeg 1000w, https:\/\/bobea.net\/wp-content\/uploads\/2025\/01\/la-revolution-de-la-mode-eco-responsable-300x171.jpeg 300w, https:\/\/bobea.net\/wp-content\/uploads\/2025\/01\/la-revolution-de-la-mode-eco-responsable-768x439.jpeg 768w\" sizes=\"(max-width: 1000px) 100vw, 1000px\"><\/figure>\n\n\n\n<p>Ce nou\u00adveau type de tis\u00adsu com\u00adbine plusieurs car\u00adac\u00adt\u00e9ris\u00adtiques r\u00e9vo\u00adlu\u00adtion\u00adnaires :<\/p>\n\n\n\n<ul class=\"wp-block-list\">\n<li>Mat\u00e9ri\u00adaux 100% biod\u00e9grad\u00adables ou recy\u00adclables<\/li>\n\n\n\n<li>Capac\u00adit\u00e9s d\u2019au\u00adto-net\u00adtoy\u00adage r\u00e9duisant la con\u00adsom\u00adma\u00adtion d\u2019eau<\/li>\n\n\n\n<li>Ther\u00admor\u00e9gu\u00adla\u00adtion intel\u00adli\u00adgente s\u2019adap\u00adtant \u00e0 la tem\u00adp\u00e9ra\u00adture cor\u00adporelle<\/li>\n\n\n\n<li>Pro\u00adpri\u00e9t\u00e9s antimi\u00adcro\u00adbi\u00adennes naturelles<\/li>\n\n\n\n<li>Capac\u00adit\u00e9 \u00e0 absorber la pol\u00adlu\u00adtion de l\u2019air envi\u00adron\u00adnant<\/li>\n<\/ul>\n\n\n\n<p>Les pio\u00adnni\u00e8res de cette r\u00e9vo\u00adlu\u00adtion<\/p>\n\n\n\n<p>Plusieurs cr\u00e9a\u00adtri\u00adces se sont dis\u00adtin\u00adgu\u00e9es lors de la Fash\u00adion Week :<\/p>\n\n\n\n<ul class=\"wp-block-list\">\n<li>Stel\u00adla McCart\u00adney avec sa col\u00adlec\u00adtion \u201cSym\u00adbio\u00adsis\u201d, util\u00adisant des algues trans\u00adfor\u00adm\u00e9es en fibres tex\u00adtiles<\/li>\n\n\n\n<li>Marine Serre et ses v\u00eate\u00adments \u201cBreathe\u201d, qui puri\u00adfient l\u2019air autour du por\u00adteur<\/li>\n\n\n\n<li>Iris van Her\u00adpen et ses robes imprim\u00e9es en 3D \u00e0 par\u00adtir de plas\u00adtique recy\u00adcl\u00e9 des oc\u00e9ans<\/li>\n<\/ul>\n\n\n\n<p>Impact envi\u00adron\u00adnemen\u00adtal<\/p>\n\n\n\n<p>Selon les experts pr\u00e9sents, l\u2019adop\u00adtion mas\u00adsive de ces tex\u00adtiles pour\u00adrait r\u00e9duire l\u2019empreinte car\u00adbone de l\u2019in\u00addus\u00adtrie de la mode de 40% d\u2019i\u00adci 2030. De plus, la dura\u00adbil\u00adit\u00e9 accrue des v\u00eate\u00adments pour\u00adrait dimin\u00aduer sig\u00adni\u00adfica\u00adtive\u00adment la fast fash\u00adion.<\/p>\n\n\n\n<p>Acces\u00adsi\u00adbil\u00adit\u00e9 et d\u00e9moc\u00adra\u00adti\u00adsa\u00adtion<\/p>\n\n\n\n<p>L\u2019un des d\u00e9fis majeurs reste le co\u00fbt de pro\u00adduc\u00adtion de ces tex\u00adtiles inno\u00advants. Cepen\u00addant, plusieurs mar\u00adques grand pub\u00adlic ont annon\u00adc\u00e9 des parte\u00adnar\u00adi\u00adats pour int\u00e9\u00adgr\u00ader pro\u00adgres\u00adsive\u00adment ces tech\u00adnolo\u00adgies dans leurs col\u00adlec\u00adtions, promet\u00adtant une d\u00e9moc\u00adra\u00adti\u00adsa\u00adtion rapi\u00adde de la mode durable.<\/p>\n\n\n\n<p>R\u00e9ac\u00adtion des con\u00adsom\u00adma\u00adtri\u00adces<\/p>\n\n\n\n<p>Une enqu\u00eate men\u00e9e aupr\u00e8s des par\u00adtic\u00adi\u00adpantes \u00e0 la Fash\u00adion Week r\u00e9v\u00e8le un ent\u00adhou\u00adsi\u00adasme mar\u00adqu\u00e9 :<\/p>\n\n\n\n<ul class=\"wp-block-list\">\n<li>85% se dis\u00adent pr\u00eates \u00e0 inve\u00adstir dans des v\u00eate\u00adments intel\u00adli\u00adgents \u00e9co-respon\u00ads\u00adables<\/li>\n\n\n\n<li>70% con\u00adsid\u00ad\u00e8rent l\u2019im\u00adpact envi\u00adron\u00adnemen\u00adtal comme un crit\u00e8re d\u2019achat majeur<\/li>\n<\/ul>\n\n\n\n<p>D\u00e9fis et per\u00adspec\u00adtives<\/p>\n\n\n\n<p>Mal\u00adgr\u00e9 l\u2019en\u00adgoue\u00adment, des d\u00e9fis per\u00adsis\u00adtent :<\/p>\n\n\n\n<ul class=\"wp-block-list\">\n<li>N\u00e9ces\u00adsit\u00e9 d\u2019adapter les cha\u00eenes de pro\u00adduc\u00adtion<\/li>\n\n\n\n<li>For\u00adma\u00adtion des pro\u00adfes\u00adsion\u00adnels aux nou\u00advelles tech\u00adnolo\u00adgies tex\u00adtiles<\/li>\n\n\n\n<li>Sen\u00adsi\u00adbil\u00adi\u00adsa\u00adtion du grand pub\u00adlic aux avan\u00adtages de ces inno\u00adva\u00adtions<\/li>\n<\/ul>\n\n\n\n<p>La note BOBEA<\/p>\n\n\n\n<p>BOBEA salue cette r\u00e9vo\u00adlu\u00adtion de la mode durable, qui allie cr\u00e9a\u00adtiv\u00adit\u00e9, tech\u00adnolo\u00adgie et respon\u00ads\u00adabil\u00adit\u00e9 envi\u00adron\u00adnemen\u00adtale. C\u2019est un par\u00adfait exem\u00adple de la fa\u00e7on dont les femmes, en tant que cr\u00e9a\u00adtri\u00adces et con\u00adsom\u00adma\u00adtri\u00adces, peu\u00advent \u00eatre \u00e0 l\u2019a\u00advant-garde de change\u00adments posi\u00adtifs dans une indus\u00adtrie majeure.<\/p>\n","protected":false},"excerpt":{"rendered":"<p>Une nou\u00advelle \u00e8re pour la mode \u00e9thique La Fash\u00adion Week de Paris 2025 a \u00e9t\u00e9 le th\u00e9\u00e2tre d\u2019une v\u00e9ri\u00adta\u00adble r\u00e9vo\u00adlu\u00adtion : l\u2019av\u00e8ne\u00adment du tex\u00adtile intel\u00adli\u00adgent \u00e9co-respon\u00ads\u00adable. Cette inno\u00adva\u00adtion, fruit de\u2026 <\/p>\n","protected":false},"author":1,"featured_media":7149,"comment_status":"open","ping_status":"open","sticky":false,"template":"","format":"standard","meta":{"wp_typography_post_enhancements_disabled":false,"footnotes":""},"categories":[50],"tags":[],"class_list":["post-7148","post","type-post","status-publish","format-standard","has-post-thumbnail","hentry","category-mode"],"yoast_head":"<!-- This site is optimized with the Yoast SEO plugin v24.7 - https:\/\/yoast.com\/wordpress\/plugins\/seo\/ -->\n<title>R\u00e9volution dans la mode durable : Le textile intelligent \u00e9co-responsable conquiert les podiums - Bobea<\/title>\n<meta name=\"description\" content=\"La Fashion Week de Paris 2025 a \u00e9t\u00e9 le th\u00e9\u00e2tre d&#039;une v\u00e9ritable r\u00e9volution : l&#039;av\u00e8nement du textile intelligent \u00e9co-responsable.\" \/>\n<meta name=\"robots\" content=\"index, follow, max-snippet:-1, max-image-preview:large, max-video-preview:-1\" \/>\n<link rel=\"canonical\" href=\"https:\/\/bobea.net\/index.php\/2025\/01\/11\/revolution-dans-la-mode-durable-le-textile-intelligent-eco-responsable-conquiert-les-podiums\/\" \/>\n<meta property=\"og:locale\" content=\"fr_FR\" \/>\n<meta property=\"og:type\" content=\"article\" \/>\n<meta property=\"og:title\" content=\"R\u00e9volution dans la mode durable : Le textile intelligent \u00e9co-responsable conquiert les podiums - Bobea\" \/>\n<meta property=\"og:description\" content=\"La Fashion Week de Paris 2025 a \u00e9t\u00e9 le th\u00e9\u00e2tre d&#039;une v\u00e9ritable r\u00e9volution : l&#039;av\u00e8nement du textile intelligent \u00e9co-responsable.\" \/>\n<meta property=\"og:url\" content=\"https:\/\/bobea.net\/index.php\/2025\/01\/11\/revolution-dans-la-mode-durable-le-textile-intelligent-eco-responsable-conquiert-les-podiums\/\" \/>\n<meta property=\"og:site_name\" content=\"Bobea\" \/>\n<meta property=\"article:publisher\" content=\"https:\/\/web.facebook.com\/profile.php?id=61559252188416\" \/>\n<meta property=\"article:published_time\" content=\"2025-01-11T14:53:01+00:00\" \/>\n<meta property=\"article:modified_time\" content=\"2025-01-11T14:53:02+00:00\" \/>\n<meta property=\"og:image\" content=\"https:\/\/bobea.net\/wp-content\/uploads\/2025\/01\/la-revolution-des-tissus-ecoresponsables-dans-lindustrie-de-la-mode.jpg\" \/>\n\t<meta property=\"og:image:width\" content=\"1344\" \/>\n\t<meta property=\"og:image:height\" content=\"896\" \/>\n\t<meta property=\"og:image:type\" content=\"image\/jpeg\" \/>\n<meta name=\"author\" content=\"bobea.info\" \/>\n<meta name=\"twitter:card\" content=\"summary_large_image\" \/>\n<meta name=\"twitter:label1\" content=\"\u00c9crit par\" \/>\n\t<meta name=\"twitter:data1\" content=\"bobea.info\" \/>\n\t<meta name=\"twitter:label2\" content=\"Dur\u00e9e de lecture estim\u00e9e\" \/>\n\t<meta name=\"twitter:data2\" content=\"3 minutes\" \/>\n<script type=\"application\/ld+json\" class=\"yoast-schema-graph\">{\"@context\":\"https:\/\/schema.org\",\"@graph\":[{\"@type\":\"Article\",\"@id\":\"https:\/\/bobea.net\/index.php\/2025\/01\/11\/revolution-dans-la-mode-durable-le-textile-intelligent-eco-responsable-conquiert-les-podiums\/#article\",\"isPartOf\":{\"@id\":\"https:\/\/bobea.net\/index.php\/2025\/01\/11\/revolution-dans-la-mode-durable-le-textile-intelligent-eco-responsable-conquiert-les-podiums\/\"},\"author\":{\"name\":\"bobea.info\",\"@id\":\"https:\/\/bobea.net\/#\/schema\/person\/e7f45ef187918d7c956bf619dce90ccf\"},\"headline\":\"R\u00e9volution dans la mode durable : Le textile intelligent \u00e9co-responsable conquiert les podiums\",\"datePublished\":\"2025-01-11T14:53:01+00:00\",\"dateModified\":\"2025-01-11T14:53:02+00:00\",\"mainEntityOfPage\":{\"@id\":\"https:\/\/bobea.net\/index.php\/2025\/01\/11\/revolution-dans-la-mode-durable-le-textile-intelligent-eco-responsable-conquiert-les-podiums\/\"},\"wordCount\":410,\"commentCount\":0,\"publisher\":{\"@id\":\"https:\/\/bobea.net\/#organization\"},\"image\":{\"@id\":\"https:\/\/bobea.net\/index.php\/2025\/01\/11\/revolution-dans-la-mode-durable-le-textile-intelligent-eco-responsable-conquiert-les-podiums\/#primaryimage\"},\"thumbnailUrl\":\"https:\/\/bobea.net\/wp-content\/uploads\/2025\/01\/la-revolution-des-tissus-ecoresponsables-dans-lindustrie-de-la-mode.jpg\",\"articleSection\":[\"Mode\"],\"inLanguage\":\"fr-FR\",\"potentialAction\":[{\"@type\":\"CommentAction\",\"name\":\"Comment\",\"target\":[\"https:\/\/bobea.net\/index.php\/2025\/01\/11\/revolution-dans-la-mode-durable-le-textile-intelligent-eco-responsable-conquiert-les-podiums\/#respond\"]}]},{\"@type\":\"WebPage\",\"@id\":\"https:\/\/bobea.net\/index.php\/2025\/01\/11\/revolution-dans-la-mode-durable-le-textile-intelligent-eco-responsable-conquiert-les-podiums\/\",\"url\":\"https:\/\/bobea.net\/index.php\/2025\/01\/11\/revolution-dans-la-mode-durable-le-textile-intelligent-eco-responsable-conquiert-les-podiums\/\",\"name\":\"R\u00e9volution dans la mode durable : Le textile intelligent \u00e9co-responsable conquiert les podiums - Bobea\",\"isPartOf\":{\"@id\":\"https:\/\/bobea.net\/#website\"},\"primaryImageOfPage\":{\"@id\":\"https:\/\/bobea.net\/index.php\/2025\/01\/11\/revolution-dans-la-mode-durable-le-textile-intelligent-eco-responsable-conquiert-les-podiums\/#primaryimage\"},\"image\":{\"@id\":\"https:\/\/bobea.net\/index.php\/2025\/01\/11\/revolution-dans-la-mode-durable-le-textile-intelligent-eco-responsable-conquiert-les-podiums\/#primaryimage\"},\"thumbnailUrl\":\"https:\/\/bobea.net\/wp-content\/uploads\/2025\/01\/la-revolution-des-tissus-ecoresponsables-dans-lindustrie-de-la-mode.jpg\",\"datePublished\":\"2025-01-11T14:53:01+00:00\",\"dateModified\":\"2025-01-11T14:53:02+00:00\",\"description\":\"La Fashion Week de Paris 2025 a \u00e9t\u00e9 le th\u00e9\u00e2tre d'une v\u00e9ritable r\u00e9volution : l'av\u00e8nement du textile intelligent \u00e9co-responsable.\",\"breadcrumb\":{\"@id\":\"https:\/\/bobea.net\/index.php\/2025\/01\/11\/revolution-dans-la-mode-durable-le-textile-intelligent-eco-responsable-conquiert-les-podiums\/#breadcrumb\"},\"inLanguage\":\"fr-FR\",\"potentialAction\":[{\"@type\":\"ReadAction\",\"target\":[\"https:\/\/bobea.net\/index.php\/2025\/01\/11\/revolution-dans-la-mode-durable-le-textile-intelligent-eco-responsable-conquiert-les-podiums\/\"]}]},{\"@type\":\"ImageObject\",\"inLanguage\":\"fr-FR\",\"@id\":\"https:\/\/bobea.net\/index.php\/2025\/01\/11\/revolution-dans-la-mode-durable-le-textile-intelligent-eco-responsable-conquiert-les-podiums\/#primaryimage\",\"url\":\"https:\/\/bobea.net\/wp-content\/uploads\/2025\/01\/la-revolution-des-tissus-ecoresponsables-dans-lindustrie-de-la-mode.jpg\",\"contentUrl\":\"https:\/\/bobea.net\/wp-content\/uploads\/2025\/01\/la-revolution-des-tissus-ecoresponsables-dans-lindustrie-de-la-mode.jpg\",\"width\":1344,\"height\":896,\"caption\":\"R\u00e9volution dans la mode durable : Le textile intelligent \u00e9co-responsable conquiert les podiums\"},{\"@type\":\"BreadcrumbList\",\"@id\":\"https:\/\/bobea.net\/index.php\/2025\/01\/11\/revolution-dans-la-mode-durable-le-textile-intelligent-eco-responsable-conquiert-les-podiums\/#breadcrumb\",\"itemListElement\":[{\"@type\":\"ListItem\",\"position\":1,\"name\":\"Accueil\",\"item\":\"https:\/\/bobea.net\/\"},{\"@type\":\"ListItem\",\"position\":2,\"name\":\"R\u00e9volution dans la mode durable : Le textile intelligent \u00e9co-responsable conquiert les podiums\"}]},{\"@type\":\"WebSite\",\"@id\":\"https:\/\/bobea.net\/#website\",\"url\":\"https:\/\/bobea.net\/\",\"name\":\"Bobea\",\"description\":\"Le magazine de la nouvelle \u00c8ve\",\"publisher\":{\"@id\":\"https:\/\/bobea.net\/#organization\"},\"potentialAction\":[{\"@type\":\"SearchAction\",\"target\":{\"@type\":\"EntryPoint\",\"urlTemplate\":\"https:\/\/bobea.net\/?s={search_term_string}\"},\"query-input\":{\"@type\":\"PropertyValueSpecification\",\"valueRequired\":true,\"valueName\":\"search_term_string\"}}],\"inLanguage\":\"fr-FR\"},{\"@type\":\"Organization\",\"@id\":\"https:\/\/bobea.net\/#organization\",\"name\":\"Bobea\",\"url\":\"https:\/\/bobea.net\/\",\"logo\":{\"@type\":\"ImageObject\",\"inLanguage\":\"fr-FR\",\"@id\":\"https:\/\/bobea.net\/#\/schema\/logo\/image\/\",\"url\":\"https:\/\/bobea.net\/wp-content\/uploads\/2024\/06\/bobea.jpg\",\"contentUrl\":\"https:\/\/bobea.net\/wp-content\/uploads\/2024\/06\/bobea.jpg\",\"width\":1080,\"height\":1080,\"caption\":\"Bobea\"},\"image\":{\"@id\":\"https:\/\/bobea.net\/#\/schema\/logo\/image\/\"},\"sameAs\":[\"https:\/\/web.facebook.com\/profile.php?id=61559252188416\"]},{\"@type\":\"Person\",\"@id\":\"https:\/\/bobea.net\/#\/schema\/person\/e7f45ef187918d7c956bf619dce90ccf\",\"name\":\"bobea.info\",\"image\":{\"@type\":\"ImageObject\",\"inLanguage\":\"fr-FR\",\"@id\":\"https:\/\/bobea.net\/#\/schema\/person\/image\/\",\"url\":\"https:\/\/secure.gravatar.com\/avatar\/36147980349df887ae30808df3e29474?s=96&d=mm&r=g\",\"contentUrl\":\"https:\/\/secure.gravatar.com\/avatar\/36147980349df887ae30808df3e29474?s=96&d=mm&r=g\",\"caption\":\"bobea.info\"},\"sameAs\":[\"https:\/\/bobea.net\"],\"url\":\"https:\/\/bobea.net\/index.php\/author\/bobea-info\/\"}]}<\/script>\n<!-- \/ Yoast SEO plugin. -->","yoast_head_json":{"title":"R\u00e9volution dans la mode durable : Le textile intelligent \u00e9co-responsable conquiert les podiums - Bobea","description":"La Fashion Week de Paris 2025 a \u00e9t\u00e9 le th\u00e9\u00e2tre d'une v\u00e9ritable r\u00e9volution : l'av\u00e8nement du textile intelligent \u00e9co-responsable.","robots":{"index":"index","follow":"follow","max-snippet":"max-snippet:-1","max-image-preview":"max-image-preview:large","max-video-preview":"max-video-preview:-1"},"canonical":"https:\/\/bobea.net\/index.php\/2025\/01\/11\/revolution-dans-la-mode-durable-le-textile-intelligent-eco-responsable-conquiert-les-podiums\/","og_locale":"fr_FR","og_type":"article","og_title":"R\u00e9volution dans la mode durable : Le textile intelligent \u00e9co-responsable conquiert les podiums - Bobea","og_description":"La Fashion Week de Paris 2025 a \u00e9t\u00e9 le th\u00e9\u00e2tre d'une v\u00e9ritable r\u00e9volution : l'av\u00e8nement du textile intelligent \u00e9co-responsable.","og_url":"https:\/\/bobea.net\/index.php\/2025\/01\/11\/revolution-dans-la-mode-durable-le-textile-intelligent-eco-responsable-conquiert-les-podiums\/","og_site_name":"Bobea","article_publisher":"https:\/\/web.facebook.com\/profile.php?id=61559252188416","article_published_time":"2025-01-11T14:53:01+00:00","article_modified_time":"2025-01-11T14:53:02+00:00","og_image":[{"width":1344,"height":896,"url":"https:\/\/bobea.net\/wp-content\/uploads\/2025\/01\/la-revolution-des-tissus-ecoresponsables-dans-lindustrie-de-la-mode.jpg","type":"image\/jpeg"}],"author":"bobea.info","twitter_card":"summary_large_image","twitter_misc":{"\u00c9crit par":"bobea.info","Dur\u00e9e de lecture estim\u00e9e":"3 minutes"},"schema":{"@context":"https:\/\/schema.org","@graph":[{"@type":"Article","@id":"https:\/\/bobea.net\/index.php\/2025\/01\/11\/revolution-dans-la-mode-durable-le-textile-intelligent-eco-responsable-conquiert-les-podiums\/#article","isPartOf":{"@id":"https:\/\/bobea.net\/index.php\/2025\/01\/11\/revolution-dans-la-mode-durable-le-textile-intelligent-eco-responsable-conquiert-les-podiums\/"},"author":{"name":"bobea.info","@id":"https:\/\/bobea.net\/#\/schema\/person\/e7f45ef187918d7c956bf619dce90ccf"},"headline":"R\u00e9volution dans la mode durable : Le textile intelligent \u00e9co-responsable conquiert les podiums","datePublished":"2025-01-11T14:53:01+00:00","dateModified":"2025-01-11T14:53:02+00:00","mainEntityOfPage":{"@id":"https:\/\/bobea.net\/index.php\/2025\/01\/11\/revolution-dans-la-mode-durable-le-textile-intelligent-eco-responsable-conquiert-les-podiums\/"},"wordCount":410,"commentCount":0,"publisher":{"@id":"https:\/\/bobea.net\/#organization"},"image":{"@id":"https:\/\/bobea.net\/index.php\/2025\/01\/11\/revolution-dans-la-mode-durable-le-textile-intelligent-eco-responsable-conquiert-les-podiums\/#primaryimage"},"thumbnailUrl":"https:\/\/bobea.net\/wp-content\/uploads\/2025\/01\/la-revolution-des-tissus-ecoresponsables-dans-lindustrie-de-la-mode.jpg","articleSection":["Mode"],"inLanguage":"fr-FR","potentialAction":[{"@type":"CommentAction","name":"Comment","target":["https:\/\/bobea.net\/index.php\/2025\/01\/11\/revolution-dans-la-mode-durable-le-textile-intelligent-eco-responsable-conquiert-les-podiums\/#respond"]}]},{"@type":"WebPage","@id":"https:\/\/bobea.net\/index.php\/2025\/01\/11\/revolution-dans-la-mode-durable-le-textile-intelligent-eco-responsable-conquiert-les-podiums\/","url":"https:\/\/bobea.net\/index.php\/2025\/01\/11\/revolution-dans-la-mode-durable-le-textile-intelligent-eco-responsable-conquiert-les-podiums\/","name":"R\u00e9volution dans la mode durable : Le textile intelligent \u00e9co-responsable conquiert les podiums - Bobea","isPartOf":{"@id":"https:\/\/bobea.net\/#website"},"primaryImageOfPage":{"@id":"https:\/\/bobea.net\/index.php\/2025\/01\/11\/revolution-dans-la-mode-durable-le-textile-intelligent-eco-responsable-conquiert-les-podiums\/#primaryimage"},"image":{"@id":"https:\/\/bobea.net\/index.php\/2025\/01\/11\/revolution-dans-la-mode-durable-le-textile-intelligent-eco-responsable-conquiert-les-podiums\/#primaryimage"},"thumbnailUrl":"https:\/\/bobea.net\/wp-content\/uploads\/2025\/01\/la-revolution-des-tissus-ecoresponsables-dans-lindustrie-de-la-mode.jpg","datePublished":"2025-01-11T14:53:01+00:00","dateModified":"2025-01-11T14:53:02+00:00","description":"La Fashion Week de Paris 2025 a \u00e9t\u00e9 le th\u00e9\u00e2tre d'une v\u00e9ritable r\u00e9volution : l'av\u00e8nement du textile intelligent \u00e9co-responsable.","breadcrumb":{"@id":"https:\/\/bobea.net\/index.php\/2025\/01\/11\/revolution-dans-la-mode-durable-le-textile-intelligent-eco-responsable-conquiert-les-podiums\/#breadcrumb"},"inLanguage":"fr-FR","potentialAction":[{"@type":"ReadAction","target":["https:\/\/bobea.net\/index.php\/2025\/01\/11\/revolution-dans-la-mode-durable-le-textile-intelligent-eco-responsable-conquiert-les-podiums\/"]}]},{"@type":"ImageObject","inLanguage":"fr-FR","@id":"https:\/\/bobea.net\/index.php\/2025\/01\/11\/revolution-dans-la-mode-durable-le-textile-intelligent-eco-responsable-conquiert-les-podiums\/#primaryimage","url":"https:\/\/bobea.net\/wp-content\/uploads\/2025\/01\/la-revolution-des-tissus-ecoresponsables-dans-lindustrie-de-la-mode.jpg","contentUrl":"https:\/\/bobea.net\/wp-content\/uploads\/2025\/01\/la-revolution-des-tissus-ecoresponsables-dans-lindustrie-de-la-mode.jpg","width":1344,"height":896,"caption":"R\u00e9volution dans la mode durable : Le textile intelligent \u00e9co-responsable conquiert les podiums"},{"@type":"BreadcrumbList","@id":"https:\/\/bobea.net\/index.php\/2025\/01\/11\/revolution-dans-la-mode-durable-le-textile-intelligent-eco-responsable-conquiert-les-podiums\/#breadcrumb","itemListElement":[{"@type":"ListItem","position":1,"name":"Accueil","item":"https:\/\/bobea.net\/"},{"@type":"ListItem","position":2,"name":"R\u00e9volution dans la mode durable : Le textile intelligent \u00e9co-responsable conquiert les podiums"}]},{"@type":"WebSite","@id":"https:\/\/bobea.net\/#website","url":"https:\/\/bobea.net\/","name":"Bobea","description":"Le magazine de la nouvelle \u00c8ve","publisher":{"@id":"https:\/\/bobea.net\/#organization"},"potentialAction":[{"@type":"SearchAction","target":{"@type":"EntryPoint","urlTemplate":"https:\/\/bobea.net\/?s={search_term_string}"},"query-input":{"@type":"PropertyValueSpecification","valueRequired":true,"valueName":"search_term_string"}}],"inLanguage":"fr-FR"},{"@type":"Organization","@id":"https:\/\/bobea.net\/#organization","name":"Bobea","url":"https:\/\/bobea.net\/","logo":{"@type":"ImageObject","inLanguage":"fr-FR","@id":"https:\/\/bobea.net\/#\/schema\/logo\/image\/","url":"https:\/\/bobea.net\/wp-content\/uploads\/2024\/06\/bobea.jpg","contentUrl":"https:\/\/bobea.net\/wp-content\/uploads\/2024\/06\/bobea.jpg","width":1080,"height":1080,"caption":"Bobea"},"image":{"@id":"https:\/\/bobea.net\/#\/schema\/logo\/image\/"},"sameAs":["https:\/\/web.facebook.com\/profile.php?id=61559252188416"]},{"@type":"Person","@id":"https:\/\/bobea.net\/#\/schema\/person\/e7f45ef187918d7c956bf619dce90ccf","name":"bobea.info","image":{"@type":"ImageObject","inLanguage":"fr-FR","@id":"https:\/\/bobea.net\/#\/schema\/person\/image\/","url":"https:\/\/secure.gravatar.com\/avatar\/36147980349df887ae30808df3e29474?s=96&d=mm&r=g","contentUrl":"https:\/\/secure.gravatar.com\/avatar\/36147980349df887ae30808df3e29474?s=96&d=mm&r=g","caption":"bobea.info"},"sameAs":["https:\/\/bobea.net"],"url":"https:\/\/bobea.net\/index.php\/author\/bobea-info\/"}]}},"_links":{"self":[{"href":"https:\/\/bobea.net\/index.php\/wp-json\/wp\/v2\/posts\/7148"}],"collection":[{"href":"https:\/\/bobea.net\/index.php\/wp-json\/wp\/v2\/posts"}],"about":[{"href":"https:\/\/bobea.net\/index.php\/wp-json\/wp\/v2\/types\/post"}],"author":[{"embeddable":true,"href":"https:\/\/bobea.net\/index.php\/wp-json\/wp\/v2\/users\/1"}],"replies":[{"embeddable":true,"href":"https:\/\/bobea.net\/index.php\/wp-json\/wp\/v2\/comments?post=7148"}],"version-history":[{"count":0,"href":"https:\/\/bobea.net\/index.php\/wp-json\/wp\/v2\/posts\/7148\/revisions"}],"wp:featuredmedia":[{"embeddable":true,"href":"https:\/\/bobea.net\/index.php\/wp-json\/wp\/v2\/media\/7149"}],"wp:attachment":[{"href":"https:\/\/bobea.net\/index.php\/wp-json\/wp\/v2\/media?parent=7148"}],"wp:term":[{"taxonomy":"category","embeddable":true,"href":"https:\/\/bobea.net\/index.php\/wp-json\/wp\/v2\/categories?post=7148"},{"taxonomy":"post_tag","embeddable":true,"href":"https:\/\/bobea.net\/index.php\/wp-json\/wp\/v2\/tags?post=7148"}],"curies":[{"name":"wp","href":"https:\/\/api.w.org\/{rel}","templated":true}]}}