{"id":7136,"date":"2025-01-11T14:30:41","date_gmt":"2025-01-11T14:30:41","guid":{"rendered":"https:\/\/bobea.net\/?p=7136"},"modified":"2025-01-11T14:30:43","modified_gmt":"2025-01-11T14:30:43","slug":"portrait-de-dr-amina-zafar-la-pionniere-des-energies-renouvelables","status":"publish","type":"post","link":"https:\/\/bobea.net\/index.php\/2025\/01\/11\/portrait-de-dr-amina-zafar-la-pionniere-des-energies-renouvelables\/","title":{"rendered":"Portrait de Dr. Amina Zafar : La pionni\u00e8re des \u00e9nergies renouvelables"},"content":{"rendered":"\n<p>Une car\u00adri\u00e8re excep\u00adtion\u00adnelle<\/p>\n\n\n\n<p>Dr. Ami\u00adna Zafar, 42 ans, physi\u00adci\u00adenne d\u2019o\u00adrig\u00adine pak\u00adistanaise, est dev\u00adenue une fig\u00adure incon\u00adtourn\u00adable dans le domaine des \u00e9ner\u00adgies renou\u00adve\u00adlables gr\u00e2ce \u00e0 ses inno\u00adva\u00adtions r\u00e9vo\u00adlu\u00adtion\u00adnaires en mati\u00e8re de pan\u00adneaux solaires.<\/p>\n\n\n\n<p>Une inno\u00adva\u00adtion majeure<\/p>\n\n\n\n<p>Sa derni\u00e8re inven\u00adtion, un pan\u00adneau solaire ultra-effi\u00adcace util\u00adisant des mat\u00e9ri\u00adaux recy\u00adcl\u00e9s, promet de r\u00e9duire de moiti\u00e9 le co\u00fbt de l\u2019\u00e9n\u00adergie solaire d\u2019i\u00adci 2030.<\/p>\n\n\n\n<p>Impact glob\u00adal<\/p>\n\n\n\n<p>Son tra\u00advail a d\u00e9j\u00e0 per\u00admis l\u2019\u00e9lec\u00adtri\u00adfi\u00adca\u00adtion de cen\u00adtaines de vil\u00adlages dans les pays en d\u00e9veloppe\u00adment, am\u00e9lio\u00adrant la vie de mil\u00adlions de per\u00adson\u00adnes.<\/p>\n\n\n\n<p>La note BOBEA<\/p>\n\n\n\n<p>BOBEA c\u00e9l\u00e8bre le par\u00adcours inspi\u00adrant d\u2019Am\u00adi\u00adna Zafar, qui incar\u00adne l\u2019al\u00adliance par\u00adfaite entre excel\u00adlence sci\u00aden\u00adtifique et engage\u00adment social, des valeurs ch\u00e8res au mag\u00ada\u00adzine.<\/p>\n","protected":false},"excerpt":{"rendered":"<p>Une car\u00adri\u00e8re excep\u00adtion\u00adnelle Dr. Ami\u00adna Zafar, 42 ans, physi\u00adci\u00adenne d\u2019o\u00adrig\u00adine pak\u00adistanaise, est dev\u00adenue une fig\u00adure incon\u00adtourn\u00adable dans le domaine des \u00e9ner\u00adgies renou\u00adve\u00adlables gr\u00e2ce \u00e0 ses inno\u00adva\u00adtions r\u00e9vo\u00adlu\u00adtion\u00adnaires en mati\u00e8re de\u2026 <\/p>\n","protected":false},"author":1,"featured_media":7138,"comment_status":"open","ping_status":"open","sticky":false,"template":"","format":"standard","meta":{"wp_typography_post_enhancements_disabled":false,"footnotes":""},"categories":[73],"tags":[],"class_list":["post-7136","post","type-post","status-publish","format-standard","has-post-thumbnail","hentry","category-on-en-parle"],"yoast_head":"<!-- This site is optimized with the Yoast SEO plugin v24.7 - https:\/\/yoast.com\/wordpress\/plugins\/seo\/ -->\n<title>Portrait de Dr. Amina Zafar : La pionni\u00e8re des \u00e9nergies renouvelables - Bobea<\/title>\n<meta name=\"robots\" content=\"index, follow, max-snippet:-1, max-image-preview:large, max-video-preview:-1\" \/>\n<link rel=\"canonical\" href=\"https:\/\/bobea.net\/index.php\/2025\/01\/11\/portrait-de-dr-amina-zafar-la-pionniere-des-energies-renouvelables\/\" \/>\n<meta property=\"og:locale\" content=\"fr_FR\" \/>\n<meta property=\"og:type\" content=\"article\" \/>\n<meta property=\"og:title\" content=\"Portrait de Dr. Amina Zafar : La pionni\u00e8re des \u00e9nergies renouvelables - Bobea\" \/>\n<meta property=\"og:description\" content=\"Une car\u00adri\u00e8re excep\u00adtion\u00adnelle Dr. Ami\u00adna Zafar, 42 ans, physi\u00adci\u00adenne d\u2019o\u00adrig\u00adine pak\u00adistanaise, est dev\u00adenue une fig\u00adure incon\u00adtourn\u00adable dans le domaine des \u00e9ner\u00adgies renou\u00adve\u00adlables gr\u00e2ce \u00e0 ses inno\u00adva\u00adtions r\u00e9vo\u00adlu\u00adtion\u00adnaires en mati\u00e8re de&hellip;\" \/>\n<meta property=\"og:url\" content=\"https:\/\/bobea.net\/index.php\/2025\/01\/11\/portrait-de-dr-amina-zafar-la-pionniere-des-energies-renouvelables\/\" \/>\n<meta property=\"og:site_name\" content=\"Bobea\" \/>\n<meta property=\"article:publisher\" content=\"https:\/\/web.facebook.com\/profile.php?id=61559252188416\" \/>\n<meta property=\"article:published_time\" content=\"2025-01-11T14:30:41+00:00\" \/>\n<meta property=\"article:modified_time\" content=\"2025-01-11T14:30:43+00:00\" \/>\n<meta property=\"og:image\" content=\"https:\/\/bobea.net\/wp-content\/uploads\/2025\/01\/Dr._Amina_Zafar.png\" \/>\n\t<meta property=\"og:image:width\" content=\"221\" \/>\n\t<meta property=\"og:image:height\" content=\"162\" \/>\n\t<meta property=\"og:image:type\" content=\"image\/png\" \/>\n<meta name=\"author\" content=\"bobea.info\" \/>\n<meta name=\"twitter:card\" content=\"summary_large_image\" \/>\n<meta name=\"twitter:label1\" content=\"\u00c9crit par\" \/>\n\t<meta name=\"twitter:data1\" content=\"bobea.info\" \/>\n\t<meta name=\"twitter:label2\" content=\"Dur\u00e9e de lecture estim\u00e9e\" \/>\n\t<meta name=\"twitter:data2\" content=\"1 minute\" \/>\n<script type=\"application\/ld+json\" class=\"yoast-schema-graph\">{\"@context\":\"https:\/\/schema.org\",\"@graph\":[{\"@type\":\"Article\",\"@id\":\"https:\/\/bobea.net\/index.php\/2025\/01\/11\/portrait-de-dr-amina-zafar-la-pionniere-des-energies-renouvelables\/#article\",\"isPartOf\":{\"@id\":\"https:\/\/bobea.net\/index.php\/2025\/01\/11\/portrait-de-dr-amina-zafar-la-pionniere-des-energies-renouvelables\/\"},\"author\":{\"name\":\"bobea.info\",\"@id\":\"https:\/\/bobea.net\/#\/schema\/person\/e7f45ef187918d7c956bf619dce90ccf\"},\"headline\":\"Portrait de Dr. Amina Zafar : La pionni\u00e8re des \u00e9nergies renouvelables\",\"datePublished\":\"2025-01-11T14:30:41+00:00\",\"dateModified\":\"2025-01-11T14:30:43+00:00\",\"mainEntityOfPage\":{\"@id\":\"https:\/\/bobea.net\/index.php\/2025\/01\/11\/portrait-de-dr-amina-zafar-la-pionniere-des-energies-renouvelables\/\"},\"wordCount\":136,\"commentCount\":0,\"publisher\":{\"@id\":\"https:\/\/bobea.net\/#organization\"},\"image\":{\"@id\":\"https:\/\/bobea.net\/index.php\/2025\/01\/11\/portrait-de-dr-amina-zafar-la-pionniere-des-energies-renouvelables\/#primaryimage\"},\"thumbnailUrl\":\"https:\/\/bobea.net\/wp-content\/uploads\/2025\/01\/Dr._Amina_Zafar.png\",\"articleSection\":[\"On en Parle\"],\"inLanguage\":\"fr-FR\",\"potentialAction\":[{\"@type\":\"CommentAction\",\"name\":\"Comment\",\"target\":[\"https:\/\/bobea.net\/index.php\/2025\/01\/11\/portrait-de-dr-amina-zafar-la-pionniere-des-energies-renouvelables\/#respond\"]}]},{\"@type\":\"WebPage\",\"@id\":\"https:\/\/bobea.net\/index.php\/2025\/01\/11\/portrait-de-dr-amina-zafar-la-pionniere-des-energies-renouvelables\/\",\"url\":\"https:\/\/bobea.net\/index.php\/2025\/01\/11\/portrait-de-dr-amina-zafar-la-pionniere-des-energies-renouvelables\/\",\"name\":\"Portrait de Dr. Amina Zafar : La pionni\u00e8re des \u00e9nergies renouvelables - Bobea\",\"isPartOf\":{\"@id\":\"https:\/\/bobea.net\/#website\"},\"primaryImageOfPage\":{\"@id\":\"https:\/\/bobea.net\/index.php\/2025\/01\/11\/portrait-de-dr-amina-zafar-la-pionniere-des-energies-renouvelables\/#primaryimage\"},\"image\":{\"@id\":\"https:\/\/bobea.net\/index.php\/2025\/01\/11\/portrait-de-dr-amina-zafar-la-pionniere-des-energies-renouvelables\/#primaryimage\"},\"thumbnailUrl\":\"https:\/\/bobea.net\/wp-content\/uploads\/2025\/01\/Dr._Amina_Zafar.png\",\"datePublished\":\"2025-01-11T14:30:41+00:00\",\"dateModified\":\"2025-01-11T14:30:43+00:00\",\"breadcrumb\":{\"@id\":\"https:\/\/bobea.net\/index.php\/2025\/01\/11\/portrait-de-dr-amina-zafar-la-pionniere-des-energies-renouvelables\/#breadcrumb\"},\"inLanguage\":\"fr-FR\",\"potentialAction\":[{\"@type\":\"ReadAction\",\"target\":[\"https:\/\/bobea.net\/index.php\/2025\/01\/11\/portrait-de-dr-amina-zafar-la-pionniere-des-energies-renouvelables\/\"]}]},{\"@type\":\"ImageObject\",\"inLanguage\":\"fr-FR\",\"@id\":\"https:\/\/bobea.net\/index.php\/2025\/01\/11\/portrait-de-dr-amina-zafar-la-pionniere-des-energies-renouvelables\/#primaryimage\",\"url\":\"https:\/\/bobea.net\/wp-content\/uploads\/2025\/01\/Dr._Amina_Zafar.png\",\"contentUrl\":\"https:\/\/bobea.net\/wp-content\/uploads\/2025\/01\/Dr._Amina_Zafar.png\",\"width\":221,\"height\":162,\"caption\":\"Portrait de Dr. Amina Zafar : La pionni\u00e8re des \u00e9nergies renouvelables\"},{\"@type\":\"BreadcrumbList\",\"@id\":\"https:\/\/bobea.net\/index.php\/2025\/01\/11\/portrait-de-dr-amina-zafar-la-pionniere-des-energies-renouvelables\/#breadcrumb\",\"itemListElement\":[{\"@type\":\"ListItem\",\"position\":1,\"name\":\"Accueil\",\"item\":\"https:\/\/bobea.net\/\"},{\"@type\":\"ListItem\",\"position\":2,\"name\":\"Portrait de Dr. Amina Zafar : La pionni\u00e8re des \u00e9nergies renouvelables\"}]},{\"@type\":\"WebSite\",\"@id\":\"https:\/\/bobea.net\/#website\",\"url\":\"https:\/\/bobea.net\/\",\"name\":\"Bobea\",\"description\":\"Le magazine de la nouvelle \u00c8ve\",\"publisher\":{\"@id\":\"https:\/\/bobea.net\/#organization\"},\"potentialAction\":[{\"@type\":\"SearchAction\",\"target\":{\"@type\":\"EntryPoint\",\"urlTemplate\":\"https:\/\/bobea.net\/?s={search_term_string}\"},\"query-input\":{\"@type\":\"PropertyValueSpecification\",\"valueRequired\":true,\"valueName\":\"search_term_string\"}}],\"inLanguage\":\"fr-FR\"},{\"@type\":\"Organization\",\"@id\":\"https:\/\/bobea.net\/#organization\",\"name\":\"Bobea\",\"url\":\"https:\/\/bobea.net\/\",\"logo\":{\"@type\":\"ImageObject\",\"inLanguage\":\"fr-FR\",\"@id\":\"https:\/\/bobea.net\/#\/schema\/logo\/image\/\",\"url\":\"https:\/\/bobea.net\/wp-content\/uploads\/2024\/06\/bobea.jpg\",\"contentUrl\":\"https:\/\/bobea.net\/wp-content\/uploads\/2024\/06\/bobea.jpg\",\"width\":1080,\"height\":1080,\"caption\":\"Bobea\"},\"image\":{\"@id\":\"https:\/\/bobea.net\/#\/schema\/logo\/image\/\"},\"sameAs\":[\"https:\/\/web.facebook.com\/profile.php?id=61559252188416\"]},{\"@type\":\"Person\",\"@id\":\"https:\/\/bobea.net\/#\/schema\/person\/e7f45ef187918d7c956bf619dce90ccf\",\"name\":\"bobea.info\",\"image\":{\"@type\":\"ImageObject\",\"inLanguage\":\"fr-FR\",\"@id\":\"https:\/\/bobea.net\/#\/schema\/person\/image\/\",\"url\":\"https:\/\/secure.gravatar.com\/avatar\/36147980349df887ae30808df3e29474?s=96&d=mm&r=g\",\"contentUrl\":\"https:\/\/secure.gravatar.com\/avatar\/36147980349df887ae30808df3e29474?s=96&d=mm&r=g\",\"caption\":\"bobea.info\"},\"sameAs\":[\"https:\/\/bobea.net\"],\"url\":\"https:\/\/bobea.net\/index.php\/author\/bobea-info\/\"}]}<\/script>\n<!-- \/ Yoast SEO plugin. -->","yoast_head_json":{"title":"Portrait de Dr. Amina Zafar : La pionni\u00e8re des \u00e9nergies renouvelables - Bobea","robots":{"index":"index","follow":"follow","max-snippet":"max-snippet:-1","max-image-preview":"max-image-preview:large","max-video-preview":"max-video-preview:-1"},"canonical":"https:\/\/bobea.net\/index.php\/2025\/01\/11\/portrait-de-dr-amina-zafar-la-pionniere-des-energies-renouvelables\/","og_locale":"fr_FR","og_type":"article","og_title":"Portrait de Dr. Amina Zafar : La pionni\u00e8re des \u00e9nergies renouvelables - Bobea","og_description":"Une car\u00adri\u00e8re excep\u00adtion\u00adnelle Dr. Ami\u00adna Zafar, 42 ans, physi\u00adci\u00adenne d\u2019o\u00adrig\u00adine pak\u00adistanaise, est dev\u00adenue une fig\u00adure incon\u00adtourn\u00adable dans le domaine des \u00e9ner\u00adgies renou\u00adve\u00adlables gr\u00e2ce \u00e0 ses inno\u00adva\u00adtions r\u00e9vo\u00adlu\u00adtion\u00adnaires en mati\u00e8re de&hellip;","og_url":"https:\/\/bobea.net\/index.php\/2025\/01\/11\/portrait-de-dr-amina-zafar-la-pionniere-des-energies-renouvelables\/","og_site_name":"Bobea","article_publisher":"https:\/\/web.facebook.com\/profile.php?id=61559252188416","article_published_time":"2025-01-11T14:30:41+00:00","article_modified_time":"2025-01-11T14:30:43+00:00","og_image":[{"width":221,"height":162,"url":"https:\/\/bobea.net\/wp-content\/uploads\/2025\/01\/Dr._Amina_Zafar.png","type":"image\/png"}],"author":"bobea.info","twitter_card":"summary_large_image","twitter_misc":{"\u00c9crit par":"bobea.info","Dur\u00e9e de lecture estim\u00e9e":"1 minute"},"schema":{"@context":"https:\/\/schema.org","@graph":[{"@type":"Article","@id":"https:\/\/bobea.net\/index.php\/2025\/01\/11\/portrait-de-dr-amina-zafar-la-pionniere-des-energies-renouvelables\/#article","isPartOf":{"@id":"https:\/\/bobea.net\/index.php\/2025\/01\/11\/portrait-de-dr-amina-zafar-la-pionniere-des-energies-renouvelables\/"},"author":{"name":"bobea.info","@id":"https:\/\/bobea.net\/#\/schema\/person\/e7f45ef187918d7c956bf619dce90ccf"},"headline":"Portrait de Dr. Amina Zafar : La pionni\u00e8re des \u00e9nergies renouvelables","datePublished":"2025-01-11T14:30:41+00:00","dateModified":"2025-01-11T14:30:43+00:00","mainEntityOfPage":{"@id":"https:\/\/bobea.net\/index.php\/2025\/01\/11\/portrait-de-dr-amina-zafar-la-pionniere-des-energies-renouvelables\/"},"wordCount":136,"commentCount":0,"publisher":{"@id":"https:\/\/bobea.net\/#organization"},"image":{"@id":"https:\/\/bobea.net\/index.php\/2025\/01\/11\/portrait-de-dr-amina-zafar-la-pionniere-des-energies-renouvelables\/#primaryimage"},"thumbnailUrl":"https:\/\/bobea.net\/wp-content\/uploads\/2025\/01\/Dr._Amina_Zafar.png","articleSection":["On en Parle"],"inLanguage":"fr-FR","potentialAction":[{"@type":"CommentAction","name":"Comment","target":["https:\/\/bobea.net\/index.php\/2025\/01\/11\/portrait-de-dr-amina-zafar-la-pionniere-des-energies-renouvelables\/#respond"]}]},{"@type":"WebPage","@id":"https:\/\/bobea.net\/index.php\/2025\/01\/11\/portrait-de-dr-amina-zafar-la-pionniere-des-energies-renouvelables\/","url":"https:\/\/bobea.net\/index.php\/2025\/01\/11\/portrait-de-dr-amina-zafar-la-pionniere-des-energies-renouvelables\/","name":"Portrait de Dr. Amina Zafar : La pionni\u00e8re des \u00e9nergies renouvelables - Bobea","isPartOf":{"@id":"https:\/\/bobea.net\/#website"},"primaryImageOfPage":{"@id":"https:\/\/bobea.net\/index.php\/2025\/01\/11\/portrait-de-dr-amina-zafar-la-pionniere-des-energies-renouvelables\/#primaryimage"},"image":{"@id":"https:\/\/bobea.net\/index.php\/2025\/01\/11\/portrait-de-dr-amina-zafar-la-pionniere-des-energies-renouvelables\/#primaryimage"},"thumbnailUrl":"https:\/\/bobea.net\/wp-content\/uploads\/2025\/01\/Dr._Amina_Zafar.png","datePublished":"2025-01-11T14:30:41+00:00","dateModified":"2025-01-11T14:30:43+00:00","breadcrumb":{"@id":"https:\/\/bobea.net\/index.php\/2025\/01\/11\/portrait-de-dr-amina-zafar-la-pionniere-des-energies-renouvelables\/#breadcrumb"},"inLanguage":"fr-FR","potentialAction":[{"@type":"ReadAction","target":["https:\/\/bobea.net\/index.php\/2025\/01\/11\/portrait-de-dr-amina-zafar-la-pionniere-des-energies-renouvelables\/"]}]},{"@type":"ImageObject","inLanguage":"fr-FR","@id":"https:\/\/bobea.net\/index.php\/2025\/01\/11\/portrait-de-dr-amina-zafar-la-pionniere-des-energies-renouvelables\/#primaryimage","url":"https:\/\/bobea.net\/wp-content\/uploads\/2025\/01\/Dr._Amina_Zafar.png","contentUrl":"https:\/\/bobea.net\/wp-content\/uploads\/2025\/01\/Dr._Amina_Zafar.png","width":221,"height":162,"caption":"Portrait de Dr. Amina Zafar : La pionni\u00e8re des \u00e9nergies renouvelables"},{"@type":"BreadcrumbList","@id":"https:\/\/bobea.net\/index.php\/2025\/01\/11\/portrait-de-dr-amina-zafar-la-pionniere-des-energies-renouvelables\/#breadcrumb","itemListElement":[{"@type":"ListItem","position":1,"name":"Accueil","item":"https:\/\/bobea.net\/"},{"@type":"ListItem","position":2,"name":"Portrait de Dr. Amina Zafar : La pionni\u00e8re des \u00e9nergies renouvelables"}]},{"@type":"WebSite","@id":"https:\/\/bobea.net\/#website","url":"https:\/\/bobea.net\/","name":"Bobea","description":"Le magazine de la nouvelle \u00c8ve","publisher":{"@id":"https:\/\/bobea.net\/#organization"},"potentialAction":[{"@type":"SearchAction","target":{"@type":"EntryPoint","urlTemplate":"https:\/\/bobea.net\/?s={search_term_string}"},"query-input":{"@type":"PropertyValueSpecification","valueRequired":true,"valueName":"search_term_string"}}],"inLanguage":"fr-FR"},{"@type":"Organization","@id":"https:\/\/bobea.net\/#organization","name":"Bobea","url":"https:\/\/bobea.net\/","logo":{"@type":"ImageObject","inLanguage":"fr-FR","@id":"https:\/\/bobea.net\/#\/schema\/logo\/image\/","url":"https:\/\/bobea.net\/wp-content\/uploads\/2024\/06\/bobea.jpg","contentUrl":"https:\/\/bobea.net\/wp-content\/uploads\/2024\/06\/bobea.jpg","width":1080,"height":1080,"caption":"Bobea"},"image":{"@id":"https:\/\/bobea.net\/#\/schema\/logo\/image\/"},"sameAs":["https:\/\/web.facebook.com\/profile.php?id=61559252188416"]},{"@type":"Person","@id":"https:\/\/bobea.net\/#\/schema\/person\/e7f45ef187918d7c956bf619dce90ccf","name":"bobea.info","image":{"@type":"ImageObject","inLanguage":"fr-FR","@id":"https:\/\/bobea.net\/#\/schema\/person\/image\/","url":"https:\/\/secure.gravatar.com\/avatar\/36147980349df887ae30808df3e29474?s=96&d=mm&r=g","contentUrl":"https:\/\/secure.gravatar.com\/avatar\/36147980349df887ae30808df3e29474?s=96&d=mm&r=g","caption":"bobea.info"},"sameAs":["https:\/\/bobea.net"],"url":"https:\/\/bobea.net\/index.php\/author\/bobea-info\/"}]}},"_links":{"self":[{"href":"https:\/\/bobea.net\/index.php\/wp-json\/wp\/v2\/posts\/7136"}],"collection":[{"href":"https:\/\/bobea.net\/index.php\/wp-json\/wp\/v2\/posts"}],"about":[{"href":"https:\/\/bobea.net\/index.php\/wp-json\/wp\/v2\/types\/post"}],"author":[{"embeddable":true,"href":"https:\/\/bobea.net\/index.php\/wp-json\/wp\/v2\/users\/1"}],"replies":[{"embeddable":true,"href":"https:\/\/bobea.net\/index.php\/wp-json\/wp\/v2\/comments?post=7136"}],"version-history":[{"count":0,"href":"https:\/\/bobea.net\/index.php\/wp-json\/wp\/v2\/posts\/7136\/revisions"}],"wp:featuredmedia":[{"embeddable":true,"href":"https:\/\/bobea.net\/index.php\/wp-json\/wp\/v2\/media\/7138"}],"wp:attachment":[{"href":"https:\/\/bobea.net\/index.php\/wp-json\/wp\/v2\/media?parent=7136"}],"wp:term":[{"taxonomy":"category","embeddable":true,"href":"https:\/\/bobea.net\/index.php\/wp-json\/wp\/v2\/categories?post=7136"},{"taxonomy":"post_tag","embeddable":true,"href":"https:\/\/bobea.net\/index.php\/wp-json\/wp\/v2\/tags?post=7136"}],"curies":[{"name":"wp","href":"https:\/\/api.w.org\/{rel}","templated":true}]}}