{"id":7114,"date":"2025-01-11T12:09:30","date_gmt":"2025-01-11T12:09:30","guid":{"rendered":"https:\/\/bobea.net\/?p=7114"},"modified":"2025-01-11T12:09:31","modified_gmt":"2025-01-11T12:09:31","slug":"festival-paris-des-femmes-quand-le-desir-feminin-sexprime-sur-scene","status":"publish","type":"post","link":"https:\/\/bobea.net\/index.php\/2025\/01\/11\/festival-paris-des-femmes-quand-le-desir-feminin-sexprime-sur-scene\/","title":{"rendered":"Festival \u201cParis des Femmes\u201d : Quand le d\u00e9sir f\u00e9minin s\u2019exprime sur sc\u00e8ne"},"content":{"rendered":"\n<p>Un fes\u00adti\u00adval qui brise les tabous<\/p>\n\n\n\n<p>Le Fes\u00adti\u00adval \u201cParis des Femmes\u201d fait sen\u00adsa\u00adtion cette ann\u00e9e avec sa th\u00e9\u00adma\u00adtique auda\u00adcieuse : \u201cD\u00e9sirs et Lib\u00adert\u00e9s\u201d. Cet \u00e9v\u00e9ne\u00adment cul\u00adturel majeur met en lumi\u00e8re des artistes f\u00e9minines qui explorent sans tabou la sex\u00adu\u00adal\u00adit\u00e9 et les d\u00e9sirs f\u00e9minins \u00e0 tra\u00advers divers\u00ades formes d\u2019art.<\/p>\n\n\n\n<p>Des per\u00adfor\u00admances var\u00adi\u00e9es et engag\u00e9es<\/p>\n\n\n\n<p>Le fes\u00adti\u00adval pro\u00adpose :<\/p>\n\n\n\n<ul class=\"wp-block-list\">\n<li>Des pi\u00e8ces de th\u00e9\u00e2tre \u00e9crites et mis\u00ades en sc\u00e8ne par des femmes<\/li>\n\n\n\n<li>Des expo\u00adsi\u00adtions de pho\u00adtogra\u00adphie et d\u2019art con\u00adtem\u00adpo\u00adrain<\/li>\n\n\n\n<li>Des pro\u00adjec\u00adtions de courts-m\u00e9trages<\/li>\n\n\n\n<li>Des con\u00adcerts et per\u00adfor\u00admances musi\u00adcales<\/li>\n\n\n\n<li>Des ate\u00adliers d\u2019\u00e9cri\u00adt\u00adure et d\u2019ex\u00adpres\u00adsion cor\u00adporelle<\/li>\n<\/ul>\n\n\n\n<p>Des artistes \u00e0 l\u2019hon\u00adneur<\/p>\n\n\n\n<p>Par\u00admi les artistes pr\u00e9sentes :<\/p>\n\n\n\n<ul class=\"wp-block-list\">\n<li>La dra\u00admaturge Sarah Kane avec sa pi\u00e8ce provo\u00adcante \u201cCrave\u201d<\/li>\n\n\n\n<li>La pho\u00adtographe Nan Goldin et son expo\u00adsi\u00adtion \u201cThe Bal\u00adlad of Sex\u00adu\u00adal Depen\u00adden\u00adcy\u201d<\/li>\n\n\n\n<li>La chanteuse Ang\u00e8le qui pr\u00e9sente son nou\u00adv\u00adel album con\u00adcept sur l\u2019empowerment sex\u00aduel<\/li>\n<\/ul>\n\n\n\n<p>Impact cul\u00adturel et soci\u00e9\u00adtal<\/p>\n\n\n\n<p><\/p>\n\n\n\n<p>Le fes\u00adti\u00adval sus\u00adcite des d\u00e9bats pas\u00adsion\u00adn\u00e9s sur la repr\u00e9sen\u00adta\u00adtion du d\u00e9sir f\u00e9minin dans l\u2019art et les m\u00e9dias. Il attire un pub\u00adlic diver\u00adsi\u00adfi\u00e9 et con\u00adtribue \u00e0 nor\u00admalis\u00ader les dis\u00adcus\u00adsions autour de la sex\u00adu\u00adal\u00adit\u00e9 f\u00e9mi\u00adnine.<\/p>\n\n\n\n<p>La note BOBEA<\/p>\n\n\n\n<p>BOBEA applau\u00addit cette ini\u00adtia\u00adtive cul\u00adturelle auda\u00adcieuse qui donne une voix et une sc\u00e8ne aux femmes artistes pour exprimer libre\u00adment leur vision du d\u00e9sir et de la sex\u00adu\u00adal\u00adit\u00e9. Ce fes\u00adti\u00adval con\u00adtribue \u00e0 faire \u00e9voluer les men\u00adtal\u00adit\u00e9s et \u00e0 c\u00e9l\u00e9br\u00ader la diver\u00adsit\u00e9 des exp\u00e9ri\u00adences f\u00e9minines.<\/p>\n","protected":false},"excerpt":{"rendered":"<p>Un fes\u00adti\u00adval qui brise les tabous Le Fes\u00adti\u00adval \u201cParis des Femmes\u201d fait sen\u00adsa\u00adtion cette ann\u00e9e avec sa th\u00e9\u00adma\u00adtique auda\u00adcieuse : \u201cD\u00e9sirs et Lib\u00adert\u00e9s\u201d. Cet \u00e9v\u00e9ne\u00adment cul\u00adturel majeur met en lumi\u00e8re\u2026 <\/p>\n","protected":false},"author":1,"featured_media":7115,"comment_status":"open","ping_status":"open","sticky":false,"template":"","format":"standard","meta":{"wp_typography_post_enhancements_disabled":false,"footnotes":""},"categories":[73],"tags":[],"class_list":["post-7114","post","type-post","status-publish","format-standard","has-post-thumbnail","hentry","category-on-en-parle"],"yoast_head":"<!-- This site is optimized with the Yoast SEO plugin v24.7 - https:\/\/yoast.com\/wordpress\/plugins\/seo\/ -->\n<title>Festival &quot;Paris des Femmes&quot; : Quand le d\u00e9sir f\u00e9minin s&#039;exprime sur sc\u00e8ne - Bobea<\/title>\n<meta name=\"description\" content=\"Le Festival &quot;Paris des Femmes&quot; fait sensation cette ann\u00e9e avec sa th\u00e9matique audacieuse : &quot;D\u00e9sirs et Libert\u00e9s&quot;.\" \/>\n<meta name=\"robots\" content=\"index, follow, max-snippet:-1, max-image-preview:large, max-video-preview:-1\" \/>\n<link rel=\"canonical\" href=\"https:\/\/bobea.net\/index.php\/2025\/01\/11\/festival-paris-des-femmes-quand-le-desir-feminin-sexprime-sur-scene\/\" \/>\n<meta property=\"og:locale\" content=\"fr_FR\" \/>\n<meta property=\"og:type\" content=\"article\" \/>\n<meta property=\"og:title\" content=\"Festival &quot;Paris des Femmes&quot; : Quand le d\u00e9sir f\u00e9minin s&#039;exprime sur sc\u00e8ne - Bobea\" \/>\n<meta property=\"og:description\" content=\"Le Festival &quot;Paris des Femmes&quot; fait sensation cette ann\u00e9e avec sa th\u00e9matique audacieuse : &quot;D\u00e9sirs et Libert\u00e9s&quot;.\" \/>\n<meta property=\"og:url\" content=\"https:\/\/bobea.net\/index.php\/2025\/01\/11\/festival-paris-des-femmes-quand-le-desir-feminin-sexprime-sur-scene\/\" \/>\n<meta property=\"og:site_name\" content=\"Bobea\" \/>\n<meta property=\"article:publisher\" content=\"https:\/\/web.facebook.com\/profile.php?id=61559252188416\" \/>\n<meta property=\"article:published_time\" content=\"2025-01-11T12:09:30+00:00\" \/>\n<meta property=\"article:modified_time\" content=\"2025-01-11T12:09:31+00:00\" \/>\n<meta property=\"og:image\" content=\"https:\/\/bobea.net\/wp-content\/uploads\/2025\/01\/Festival-Paris-des-Femmes-2024-decouvrez-le-programme.jpg\" \/>\n\t<meta property=\"og:image:width\" content=\"995\" \/>\n\t<meta property=\"og:image:height\" content=\"647\" \/>\n\t<meta property=\"og:image:type\" content=\"image\/jpeg\" \/>\n<meta name=\"author\" content=\"bobea.info\" \/>\n<meta name=\"twitter:card\" content=\"summary_large_image\" \/>\n<meta name=\"twitter:label1\" content=\"\u00c9crit par\" \/>\n\t<meta name=\"twitter:data1\" content=\"bobea.info\" \/>\n\t<meta name=\"twitter:label2\" content=\"Dur\u00e9e de lecture estim\u00e9e\" \/>\n\t<meta name=\"twitter:data2\" content=\"2 minutes\" \/>\n<script type=\"application\/ld+json\" class=\"yoast-schema-graph\">{\"@context\":\"https:\/\/schema.org\",\"@graph\":[{\"@type\":\"Article\",\"@id\":\"https:\/\/bobea.net\/index.php\/2025\/01\/11\/festival-paris-des-femmes-quand-le-desir-feminin-sexprime-sur-scene\/#article\",\"isPartOf\":{\"@id\":\"https:\/\/bobea.net\/index.php\/2025\/01\/11\/festival-paris-des-femmes-quand-le-desir-feminin-sexprime-sur-scene\/\"},\"author\":{\"name\":\"bobea.info\",\"@id\":\"https:\/\/bobea.net\/#\/schema\/person\/e7f45ef187918d7c956bf619dce90ccf\"},\"headline\":\"Festival \u201cParis des Femmes\u201d : Quand le d\u00e9sir f\u00e9minin s\u2019exprime sur sc\u00e8ne\",\"datePublished\":\"2025-01-11T12:09:30+00:00\",\"dateModified\":\"2025-01-11T12:09:31+00:00\",\"mainEntityOfPage\":{\"@id\":\"https:\/\/bobea.net\/index.php\/2025\/01\/11\/festival-paris-des-femmes-quand-le-desir-feminin-sexprime-sur-scene\/\"},\"wordCount\":264,\"commentCount\":0,\"publisher\":{\"@id\":\"https:\/\/bobea.net\/#organization\"},\"image\":{\"@id\":\"https:\/\/bobea.net\/index.php\/2025\/01\/11\/festival-paris-des-femmes-quand-le-desir-feminin-sexprime-sur-scene\/#primaryimage\"},\"thumbnailUrl\":\"https:\/\/bobea.net\/wp-content\/uploads\/2025\/01\/Festival-Paris-des-Femmes-2024-decouvrez-le-programme.jpg\",\"articleSection\":[\"On en Parle\"],\"inLanguage\":\"fr-FR\",\"potentialAction\":[{\"@type\":\"CommentAction\",\"name\":\"Comment\",\"target\":[\"https:\/\/bobea.net\/index.php\/2025\/01\/11\/festival-paris-des-femmes-quand-le-desir-feminin-sexprime-sur-scene\/#respond\"]}]},{\"@type\":\"WebPage\",\"@id\":\"https:\/\/bobea.net\/index.php\/2025\/01\/11\/festival-paris-des-femmes-quand-le-desir-feminin-sexprime-sur-scene\/\",\"url\":\"https:\/\/bobea.net\/index.php\/2025\/01\/11\/festival-paris-des-femmes-quand-le-desir-feminin-sexprime-sur-scene\/\",\"name\":\"Festival \\\"Paris des Femmes\\\" : Quand le d\u00e9sir f\u00e9minin s'exprime sur sc\u00e8ne - Bobea\",\"isPartOf\":{\"@id\":\"https:\/\/bobea.net\/#website\"},\"primaryImageOfPage\":{\"@id\":\"https:\/\/bobea.net\/index.php\/2025\/01\/11\/festival-paris-des-femmes-quand-le-desir-feminin-sexprime-sur-scene\/#primaryimage\"},\"image\":{\"@id\":\"https:\/\/bobea.net\/index.php\/2025\/01\/11\/festival-paris-des-femmes-quand-le-desir-feminin-sexprime-sur-scene\/#primaryimage\"},\"thumbnailUrl\":\"https:\/\/bobea.net\/wp-content\/uploads\/2025\/01\/Festival-Paris-des-Femmes-2024-decouvrez-le-programme.jpg\",\"datePublished\":\"2025-01-11T12:09:30+00:00\",\"dateModified\":\"2025-01-11T12:09:31+00:00\",\"description\":\"Le Festival \\\"Paris des Femmes\\\" fait sensation cette ann\u00e9e avec sa th\u00e9matique audacieuse : \\\"D\u00e9sirs et Libert\u00e9s\\\".\",\"breadcrumb\":{\"@id\":\"https:\/\/bobea.net\/index.php\/2025\/01\/11\/festival-paris-des-femmes-quand-le-desir-feminin-sexprime-sur-scene\/#breadcrumb\"},\"inLanguage\":\"fr-FR\",\"potentialAction\":[{\"@type\":\"ReadAction\",\"target\":[\"https:\/\/bobea.net\/index.php\/2025\/01\/11\/festival-paris-des-femmes-quand-le-desir-feminin-sexprime-sur-scene\/\"]}]},{\"@type\":\"ImageObject\",\"inLanguage\":\"fr-FR\",\"@id\":\"https:\/\/bobea.net\/index.php\/2025\/01\/11\/festival-paris-des-femmes-quand-le-desir-feminin-sexprime-sur-scene\/#primaryimage\",\"url\":\"https:\/\/bobea.net\/wp-content\/uploads\/2025\/01\/Festival-Paris-des-Femmes-2024-decouvrez-le-programme.jpg\",\"contentUrl\":\"https:\/\/bobea.net\/wp-content\/uploads\/2025\/01\/Festival-Paris-des-Femmes-2024-decouvrez-le-programme.jpg\",\"width\":995,\"height\":647,\"caption\":\"Festival \\\"Paris des Femmes\\\" : Quand le d\u00e9sir f\u00e9minin s'exprime sur sc\u00e8ne\"},{\"@type\":\"BreadcrumbList\",\"@id\":\"https:\/\/bobea.net\/index.php\/2025\/01\/11\/festival-paris-des-femmes-quand-le-desir-feminin-sexprime-sur-scene\/#breadcrumb\",\"itemListElement\":[{\"@type\":\"ListItem\",\"position\":1,\"name\":\"Accueil\",\"item\":\"https:\/\/bobea.net\/\"},{\"@type\":\"ListItem\",\"position\":2,\"name\":\"Festival \u00ab\u00a0Paris des Femmes\u00a0\u00bb : Quand le d\u00e9sir f\u00e9minin s&rsquo;exprime sur sc\u00e8ne\"}]},{\"@type\":\"WebSite\",\"@id\":\"https:\/\/bobea.net\/#website\",\"url\":\"https:\/\/bobea.net\/\",\"name\":\"Bobea\",\"description\":\"Le magazine de la nouvelle \u00c8ve\",\"publisher\":{\"@id\":\"https:\/\/bobea.net\/#organization\"},\"potentialAction\":[{\"@type\":\"SearchAction\",\"target\":{\"@type\":\"EntryPoint\",\"urlTemplate\":\"https:\/\/bobea.net\/?s={search_term_string}\"},\"query-input\":{\"@type\":\"PropertyValueSpecification\",\"valueRequired\":true,\"valueName\":\"search_term_string\"}}],\"inLanguage\":\"fr-FR\"},{\"@type\":\"Organization\",\"@id\":\"https:\/\/bobea.net\/#organization\",\"name\":\"Bobea\",\"url\":\"https:\/\/bobea.net\/\",\"logo\":{\"@type\":\"ImageObject\",\"inLanguage\":\"fr-FR\",\"@id\":\"https:\/\/bobea.net\/#\/schema\/logo\/image\/\",\"url\":\"https:\/\/bobea.net\/wp-content\/uploads\/2024\/06\/bobea.jpg\",\"contentUrl\":\"https:\/\/bobea.net\/wp-content\/uploads\/2024\/06\/bobea.jpg\",\"width\":1080,\"height\":1080,\"caption\":\"Bobea\"},\"image\":{\"@id\":\"https:\/\/bobea.net\/#\/schema\/logo\/image\/\"},\"sameAs\":[\"https:\/\/web.facebook.com\/profile.php?id=61559252188416\"]},{\"@type\":\"Person\",\"@id\":\"https:\/\/bobea.net\/#\/schema\/person\/e7f45ef187918d7c956bf619dce90ccf\",\"name\":\"bobea.info\",\"image\":{\"@type\":\"ImageObject\",\"inLanguage\":\"fr-FR\",\"@id\":\"https:\/\/bobea.net\/#\/schema\/person\/image\/\",\"url\":\"https:\/\/secure.gravatar.com\/avatar\/36147980349df887ae30808df3e29474?s=96&d=mm&r=g\",\"contentUrl\":\"https:\/\/secure.gravatar.com\/avatar\/36147980349df887ae30808df3e29474?s=96&d=mm&r=g\",\"caption\":\"bobea.info\"},\"sameAs\":[\"https:\/\/bobea.net\"],\"url\":\"https:\/\/bobea.net\/index.php\/author\/bobea-info\/\"}]}<\/script>\n<!-- \/ Yoast SEO plugin. -->","yoast_head_json":{"title":"Festival \"Paris des Femmes\" : Quand le d\u00e9sir f\u00e9minin s'exprime sur sc\u00e8ne - Bobea","description":"Le Festival \"Paris des Femmes\" fait sensation cette ann\u00e9e avec sa th\u00e9matique audacieuse : \"D\u00e9sirs et Libert\u00e9s\".","robots":{"index":"index","follow":"follow","max-snippet":"max-snippet:-1","max-image-preview":"max-image-preview:large","max-video-preview":"max-video-preview:-1"},"canonical":"https:\/\/bobea.net\/index.php\/2025\/01\/11\/festival-paris-des-femmes-quand-le-desir-feminin-sexprime-sur-scene\/","og_locale":"fr_FR","og_type":"article","og_title":"Festival \"Paris des Femmes\" : Quand le d\u00e9sir f\u00e9minin s'exprime sur sc\u00e8ne - Bobea","og_description":"Le Festival \"Paris des Femmes\" fait sensation cette ann\u00e9e avec sa th\u00e9matique audacieuse : \"D\u00e9sirs et Libert\u00e9s\".","og_url":"https:\/\/bobea.net\/index.php\/2025\/01\/11\/festival-paris-des-femmes-quand-le-desir-feminin-sexprime-sur-scene\/","og_site_name":"Bobea","article_publisher":"https:\/\/web.facebook.com\/profile.php?id=61559252188416","article_published_time":"2025-01-11T12:09:30+00:00","article_modified_time":"2025-01-11T12:09:31+00:00","og_image":[{"width":995,"height":647,"url":"https:\/\/bobea.net\/wp-content\/uploads\/2025\/01\/Festival-Paris-des-Femmes-2024-decouvrez-le-programme.jpg","type":"image\/jpeg"}],"author":"bobea.info","twitter_card":"summary_large_image","twitter_misc":{"\u00c9crit par":"bobea.info","Dur\u00e9e de lecture estim\u00e9e":"2 minutes"},"schema":{"@context":"https:\/\/schema.org","@graph":[{"@type":"Article","@id":"https:\/\/bobea.net\/index.php\/2025\/01\/11\/festival-paris-des-femmes-quand-le-desir-feminin-sexprime-sur-scene\/#article","isPartOf":{"@id":"https:\/\/bobea.net\/index.php\/2025\/01\/11\/festival-paris-des-femmes-quand-le-desir-feminin-sexprime-sur-scene\/"},"author":{"name":"bobea.info","@id":"https:\/\/bobea.net\/#\/schema\/person\/e7f45ef187918d7c956bf619dce90ccf"},"headline":"Festival \u201cParis des Femmes\u201d : Quand le d\u00e9sir f\u00e9minin s\u2019exprime sur sc\u00e8ne","datePublished":"2025-01-11T12:09:30+00:00","dateModified":"2025-01-11T12:09:31+00:00","mainEntityOfPage":{"@id":"https:\/\/bobea.net\/index.php\/2025\/01\/11\/festival-paris-des-femmes-quand-le-desir-feminin-sexprime-sur-scene\/"},"wordCount":264,"commentCount":0,"publisher":{"@id":"https:\/\/bobea.net\/#organization"},"image":{"@id":"https:\/\/bobea.net\/index.php\/2025\/01\/11\/festival-paris-des-femmes-quand-le-desir-feminin-sexprime-sur-scene\/#primaryimage"},"thumbnailUrl":"https:\/\/bobea.net\/wp-content\/uploads\/2025\/01\/Festival-Paris-des-Femmes-2024-decouvrez-le-programme.jpg","articleSection":["On en Parle"],"inLanguage":"fr-FR","potentialAction":[{"@type":"CommentAction","name":"Comment","target":["https:\/\/bobea.net\/index.php\/2025\/01\/11\/festival-paris-des-femmes-quand-le-desir-feminin-sexprime-sur-scene\/#respond"]}]},{"@type":"WebPage","@id":"https:\/\/bobea.net\/index.php\/2025\/01\/11\/festival-paris-des-femmes-quand-le-desir-feminin-sexprime-sur-scene\/","url":"https:\/\/bobea.net\/index.php\/2025\/01\/11\/festival-paris-des-femmes-quand-le-desir-feminin-sexprime-sur-scene\/","name":"Festival \"Paris des Femmes\" : Quand le d\u00e9sir f\u00e9minin s'exprime sur sc\u00e8ne - Bobea","isPartOf":{"@id":"https:\/\/bobea.net\/#website"},"primaryImageOfPage":{"@id":"https:\/\/bobea.net\/index.php\/2025\/01\/11\/festival-paris-des-femmes-quand-le-desir-feminin-sexprime-sur-scene\/#primaryimage"},"image":{"@id":"https:\/\/bobea.net\/index.php\/2025\/01\/11\/festival-paris-des-femmes-quand-le-desir-feminin-sexprime-sur-scene\/#primaryimage"},"thumbnailUrl":"https:\/\/bobea.net\/wp-content\/uploads\/2025\/01\/Festival-Paris-des-Femmes-2024-decouvrez-le-programme.jpg","datePublished":"2025-01-11T12:09:30+00:00","dateModified":"2025-01-11T12:09:31+00:00","description":"Le Festival \"Paris des Femmes\" fait sensation cette ann\u00e9e avec sa th\u00e9matique audacieuse : \"D\u00e9sirs et Libert\u00e9s\".","breadcrumb":{"@id":"https:\/\/bobea.net\/index.php\/2025\/01\/11\/festival-paris-des-femmes-quand-le-desir-feminin-sexprime-sur-scene\/#breadcrumb"},"inLanguage":"fr-FR","potentialAction":[{"@type":"ReadAction","target":["https:\/\/bobea.net\/index.php\/2025\/01\/11\/festival-paris-des-femmes-quand-le-desir-feminin-sexprime-sur-scene\/"]}]},{"@type":"ImageObject","inLanguage":"fr-FR","@id":"https:\/\/bobea.net\/index.php\/2025\/01\/11\/festival-paris-des-femmes-quand-le-desir-feminin-sexprime-sur-scene\/#primaryimage","url":"https:\/\/bobea.net\/wp-content\/uploads\/2025\/01\/Festival-Paris-des-Femmes-2024-decouvrez-le-programme.jpg","contentUrl":"https:\/\/bobea.net\/wp-content\/uploads\/2025\/01\/Festival-Paris-des-Femmes-2024-decouvrez-le-programme.jpg","width":995,"height":647,"caption":"Festival \"Paris des Femmes\" : Quand le d\u00e9sir f\u00e9minin s'exprime sur sc\u00e8ne"},{"@type":"BreadcrumbList","@id":"https:\/\/bobea.net\/index.php\/2025\/01\/11\/festival-paris-des-femmes-quand-le-desir-feminin-sexprime-sur-scene\/#breadcrumb","itemListElement":[{"@type":"ListItem","position":1,"name":"Accueil","item":"https:\/\/bobea.net\/"},{"@type":"ListItem","position":2,"name":"Festival \u00ab\u00a0Paris des Femmes\u00a0\u00bb : Quand le d\u00e9sir f\u00e9minin s&rsquo;exprime sur sc\u00e8ne"}]},{"@type":"WebSite","@id":"https:\/\/bobea.net\/#website","url":"https:\/\/bobea.net\/","name":"Bobea","description":"Le magazine de la nouvelle \u00c8ve","publisher":{"@id":"https:\/\/bobea.net\/#organization"},"potentialAction":[{"@type":"SearchAction","target":{"@type":"EntryPoint","urlTemplate":"https:\/\/bobea.net\/?s={search_term_string}"},"query-input":{"@type":"PropertyValueSpecification","valueRequired":true,"valueName":"search_term_string"}}],"inLanguage":"fr-FR"},{"@type":"Organization","@id":"https:\/\/bobea.net\/#organization","name":"Bobea","url":"https:\/\/bobea.net\/","logo":{"@type":"ImageObject","inLanguage":"fr-FR","@id":"https:\/\/bobea.net\/#\/schema\/logo\/image\/","url":"https:\/\/bobea.net\/wp-content\/uploads\/2024\/06\/bobea.jpg","contentUrl":"https:\/\/bobea.net\/wp-content\/uploads\/2024\/06\/bobea.jpg","width":1080,"height":1080,"caption":"Bobea"},"image":{"@id":"https:\/\/bobea.net\/#\/schema\/logo\/image\/"},"sameAs":["https:\/\/web.facebook.com\/profile.php?id=61559252188416"]},{"@type":"Person","@id":"https:\/\/bobea.net\/#\/schema\/person\/e7f45ef187918d7c956bf619dce90ccf","name":"bobea.info","image":{"@type":"ImageObject","inLanguage":"fr-FR","@id":"https:\/\/bobea.net\/#\/schema\/person\/image\/","url":"https:\/\/secure.gravatar.com\/avatar\/36147980349df887ae30808df3e29474?s=96&d=mm&r=g","contentUrl":"https:\/\/secure.gravatar.com\/avatar\/36147980349df887ae30808df3e29474?s=96&d=mm&r=g","caption":"bobea.info"},"sameAs":["https:\/\/bobea.net"],"url":"https:\/\/bobea.net\/index.php\/author\/bobea-info\/"}]}},"_links":{"self":[{"href":"https:\/\/bobea.net\/index.php\/wp-json\/wp\/v2\/posts\/7114"}],"collection":[{"href":"https:\/\/bobea.net\/index.php\/wp-json\/wp\/v2\/posts"}],"about":[{"href":"https:\/\/bobea.net\/index.php\/wp-json\/wp\/v2\/types\/post"}],"author":[{"embeddable":true,"href":"https:\/\/bobea.net\/index.php\/wp-json\/wp\/v2\/users\/1"}],"replies":[{"embeddable":true,"href":"https:\/\/bobea.net\/index.php\/wp-json\/wp\/v2\/comments?post=7114"}],"version-history":[{"count":0,"href":"https:\/\/bobea.net\/index.php\/wp-json\/wp\/v2\/posts\/7114\/revisions"}],"wp:featuredmedia":[{"embeddable":true,"href":"https:\/\/bobea.net\/index.php\/wp-json\/wp\/v2\/media\/7115"}],"wp:attachment":[{"href":"https:\/\/bobea.net\/index.php\/wp-json\/wp\/v2\/media?parent=7114"}],"wp:term":[{"taxonomy":"category","embeddable":true,"href":"https:\/\/bobea.net\/index.php\/wp-json\/wp\/v2\/categories?post=7114"},{"taxonomy":"post_tag","embeddable":true,"href":"https:\/\/bobea.net\/index.php\/wp-json\/wp\/v2\/tags?post=7114"}],"curies":[{"name":"wp","href":"https:\/\/api.w.org\/{rel}","templated":true}]}}