{"id":6874,"date":"2025-01-07T11:48:21","date_gmt":"2025-01-07T11:48:21","guid":{"rendered":"https:\/\/bobea.net\/?p=6874"},"modified":"2025-01-07T11:48:22","modified_gmt":"2025-01-07T11:48:22","slug":"tendances-maquillage-printemps-2025-le-retour-en-force-du-glamour-audacieux","status":"publish","type":"post","link":"https:\/\/bobea.net\/index.php\/2025\/01\/07\/tendances-maquillage-printemps-2025-le-retour-en-force-du-glamour-audacieux\/","title":{"rendered":"Tendances maquillage printemps 2025 : le retour en force du glamour audacieux"},"content":{"rendered":"\n<p>Le print\u00ademps 2025 s\u2019an\u00adnonce comme une sai\u00adson de renou\u00adveau et d\u2019au\u00addace dans le monde du maquil\u00adlage. Apr\u00e8s plusieurs ann\u00e9es dom\u00adin\u00e9es par le \u201cno make\u00adup look\u201d et les ten\u00addances min\u00adi\u00admal\u00adistes, les podi\u00adums et les r\u00e9seaux soci\u00adaux c\u00e9l\u00e8brent un retour en force du glam\u00adour et de l\u2019ex\u00adpres\u00adsiv\u00adit\u00e9. Cette nou\u00advelle \u00e8re du maquil\u00adlage allie cr\u00e9a\u00adtiv\u00adit\u00e9 d\u00e9brid\u00e9e et con\u00adscience envi\u00adron\u00adnemen\u00adtale, refl\u00e9\u00adtant les aspi\u00adra\u00adtions d\u2019une g\u00e9n\u00e9ra\u00adtion en qu\u00eate d\u2019af\u00adfir\u00adma\u00adtion de soi et de dura\u00adbil\u00adit\u00e9.<\/p>\n\n\n\n<p>Les ten\u00addances phares du print\u00ademps 2025<\/p>\n\n\n\n<ol start=\"1\" class=\"wp-block-list\">\n<li>Le regard holo\u00adgraphique<br>Les yeux sont \u00e0 l\u2019hon\u00adneur avec des fards \u00e0 paupi\u00e8res aux effets holo\u00adgraphiques et iri\u00addes\u00adcents. La mar\u00adque Fen\u00adty Beau\u00adty by Rihan\u00adna lance une palette \u201cCos\u00admic Glow\u201d qui promet de trans\u00adformer chaque regard en un kal\u00e9i\u00addo\u00adscope de couleurs.<\/li>\n<\/ol>\n\n\n\n<ol start=\"2\" class=\"wp-block-list\">\n<li>Les l\u00e8vres vinyles<br>Le rouge \u00e0 l\u00e8vres fait son grand retour avec des tex\u00adtures ultra-bril\u00adlantes, presque liq\u00aduides. La col\u00adlec\u00adtion \u201cVinyl Lip\u201d de MAC Cos\u00admet\u00adics offre une gamme de teintes auda\u00adcieuses, du rouge pro\u00adfond au vio\u00adlet \u00e9lec\u00adtrique.<\/li>\n\n\n\n<li>Le blush sculp\u00adtant<br>Exit le con\u00adtour\u00ading dis\u00adcret, place au \u201cblush drap\u00ading\u201d. Cette tech\u00adnique con\u00adsiste \u00e0 appli\u00adquer du blush non seule\u00adment sur les pom\u00admettes, mais aus\u00adsi sur les tem\u00adpes et le haut du front pour un effet sculp\u00adtant et lumineux.<\/li>\n\n\n\n<li>Les sour\u00adcils col\u00ador\u00e9s<br>Les sour\u00adcils s\u2019af\u00adfran\u00adchissent du naturel et devi\u00aden\u00adnent un v\u00e9ri\u00adta\u00adble acces\u00adsoire de mode. La ten\u00addance est aux tein\u00adtures tem\u00adpo\u00adraires dans des tons pas\u00adtel ou n\u00e9on.<\/li>\n<\/ol>\n\n\n\n<ol start=\"5\" class=\"wp-block-list\">\n<li>Le glit\u00adter biod\u00e9grad\u00adable<br>Les pail\u00adlettes font leur grand retour, mais dans une ver\u00adsion \u00e9co-respon\u00ads\u00adable. Les mar\u00adques comme Lush et EcoStar\u00addust pro\u00adposent des glit\u00adters biod\u00e9grad\u00adables \u00e0 base d\u2019algues ou de cel\u00adlu\u00adlose.<\/li>\n<\/ol>\n\n\n\n<p>L\u2019in\u00adno\u00adva\u00adtion au ser\u00advice de la beaut\u00e9<\/p>\n\n\n\n<p>Cette sai\u00adson voit l\u2019\u00e9mer\u00adgence de nou\u00advelles tech\u00adnolo\u00adgies dans l\u2019in\u00addus\u00adtrie du maquil\u00adlage :<\/p>\n\n\n\n<ul class=\"wp-block-list\">\n<li>Maquil\u00adlage per\u00adson\u00adnal\u00adis\u00e9 par IA :<\/li>\n<\/ul>\n\n\n\n<ul class=\"wp-block-list\">\n<li>&nbsp;L\u2019ap\u00adpli\u00adca\u00adtion \u201cBeautyAI\u201d utilise l\u2019in\u00adtel\u00adli\u00adgence arti\u00adfi\u00adcielle pour cr\u00e9er des looks sur mesure en fonc\u00adtion de la mor\u00adpholo\u00adgie et du teint de cha\u00adcun.<\/li>\n\n\n\n<li>R\u00e9al\u00adit\u00e9 aug\u00admen\u00adt\u00e9e pour tester les pro\u00adduits : Sepho\u00adra lance une appli\u00adca\u00adtion per\u00adme\u00adt\u00adtant d\u2019es\u00adsay\u00ader virtuelle\u00adment les pro\u00adduits avant achat, r\u00e9duisant ain\u00adsi les d\u00e9chets li\u00e9s aux \u00e9chan\u00adtil\u00adlons.<\/li>\n<\/ul>\n\n\n\n<ul class=\"wp-block-list\">\n<li>Pack\u00adag\u00ading intel\u00adli\u00adgent : Dior pr\u00e9sente des embal\u00adlages con\u00adnec\u00adt\u00e9s qui indiquent la date d\u2019ex\u00adpi\u00adra\u00adtion et don\u00adnent des con\u00adseils d\u2019u\u00adtil\u00adi\u00adsa\u00adtion per\u00adson\u00adnal\u00adis\u00e9s.<\/li>\n<\/ul>\n\n\n\n<p>T\u00e9moignages d\u2019ex\u00adpertes<\/p>\n\n\n\n<p>Pat McGrath, maquilleuse de renom\u00adm\u00e9e mon\u00addi\u00adale : \u201cLe print\u00ademps 2025 est une c\u00e9l\u00e9bra\u00adtion de la couleur et de l\u2019in\u00addi\u00advid\u00adu\u00adal\u00adit\u00e9. C\u2019est le moment d\u2019os\u00ader et d\u2019ex\u00adprimer sa per\u00adson\u00adnal\u00adit\u00e9 \u00e0 tra\u00advers le maquil\u00adlage.\u201d<\/p>\n\n\n\n<p>Lisa Eldridge, maquilleuse et YouTubeuse : \u201cNous assis\u00adtons \u00e0 un retour du glam\u00adour, mais avec une con\u00adscience envi\u00adron\u00adnemen\u00adtale. Les con\u00adsom\u00adma\u00adteurs veu\u00adlent des pro\u00adduits auda\u00adcieux, mais aus\u00adsi \u00e9thiques.\u201d<\/p>\n\n\n\n<p>L\u2019im\u00adpact de la pand\u00e9mie sur les ten\u00addances<\/p>\n\n\n\n<p>La pand\u00e9mie de Covid-19 a pro\u00adfond\u00e9\u00adment influ\u00adenc\u00e9 ces nou\u00advelles ten\u00addances :<\/p>\n\n\n\n<ul class=\"wp-block-list\">\n<li>Le besoin d\u2019ex\u00adpres\u00adsion apr\u00e8s des ann\u00e9es de masques faci\u00adaux<\/li>\n<\/ul>\n\n\n\n<ul class=\"wp-block-list\">\n<li>Le d\u00e9sir de moments de joie et d\u2019\u00e9\u00adclat dans un con\u00adtexte incer\u00adtain<\/li>\n<\/ul>\n\n\n\n<ul class=\"wp-block-list\">\n<li>L\u2019im\u00adpor\u00adtance accrue accord\u00e9e \u00e0 la san\u00adt\u00e9 de la peau sous le maquil\u00adlage<\/li>\n<\/ul>\n\n\n\n<p>La dura\u00adbil\u00adit\u00e9 au c\u0153ur des pr\u00e9oc\u00adcu\u00adpa\u00adtions<\/p>\n\n\n\n<p>Les con\u00adsom\u00adma\u00adteurs sont de plus en plus con\u00adscients de l\u2019im\u00adpact envi\u00adron\u00adnemen\u00adtal de leurs choix beaut\u00e9 :<\/p>\n\n\n\n<ul class=\"wp-block-list\">\n<li>78% des mil\u00adlen\u00adni\u00adals d\u00e9clar\u00adent priv\u00adil\u00e9gi\u00ader les mar\u00adques de maquil\u00adlage \u00e9co-respon\u00ads\u00adables<\/li>\n<\/ul>\n\n\n\n<ul class=\"wp-block-list\">\n<li>La demande pour des embal\u00adlages recharge\u00adables a aug\u00admen\u00adt\u00e9 de 60% en un an<\/li>\n<\/ul>\n\n\n\n<ul class=\"wp-block-list\">\n<li>Les ventes de pro\u00adduits de maquil\u00adlage cer\u00adti\u00adfi\u00e9s veg\u00adan ont dou\u00adbl\u00e9 depuis 2023<\/li>\n<\/ul>\n\n\n\n<p>Ini\u00adtia\u00adtives des mar\u00adques<\/p>\n\n\n\n<ul class=\"wp-block-list\">\n<li>Chanel lance une ligne de rouges \u00e0 l\u00e8vres recharge\u00adables<\/li>\n<\/ul>\n\n\n\n<ul class=\"wp-block-list\">\n<li>L\u2019Or\u00e9al d\u00e9veloppe des for\u00admules \u00e0 base d\u2019in\u00adgr\u00e9\u00addi\u00adents upcy\u00adcl\u00e9s<\/li>\n<\/ul>\n\n\n\n<ul class=\"wp-block-list\">\n<li>Glossier pro\u00adpose un pro\u00adgramme de recy\u00adclage de ses embal\u00adlages avec des r\u00e9com\u00adpens\u00ades pour les clients<\/li>\n<\/ul>\n\n\n\n<p>Le maquil\u00adlage comme forme d\u2019ac\u00adtivisme<\/p>\n\n\n\n<p>La g\u00e9n\u00e9ra\u00adtion Z utilise le maquil\u00adlage comme moyen d\u2019ex\u00adpres\u00adsion poli\u00adtique et sociale :<\/p>\n\n\n\n<ul class=\"wp-block-list\">\n<li>Le \u201cCli\u00admate Change Make\u00adup Chal\u00adlenge\u201d sur Tik\u00adTok sen\u00adsi\u00adbilise au r\u00e9chauf\u00adfe\u00adment cli\u00adma\u00adtique<\/li>\n<\/ul>\n\n\n\n<ul class=\"wp-block-list\">\n<li>Des influ\u00adenceurs beaut\u00e9 cr\u00e9ent des looks inspir\u00e9s de caus\u00ades sociales, g\u00e9n\u00e9rant des mil\u00adlions de vues<\/li>\n<\/ul>\n","protected":false},"excerpt":{"rendered":"<p>Le print\u00ademps 2025 s\u2019an\u00adnonce comme une sai\u00adson de renou\u00adveau et d\u2019au\u00addace dans le monde du maquil\u00adlage. Apr\u00e8s plusieurs ann\u00e9es dom\u00adin\u00e9es par le \u201cno make\u00adup look\u201d et les ten\u00addances min\u00adi\u00admal\u00adistes, les\u2026 <\/p>\n","protected":false},"author":1,"featured_media":6875,"comment_status":"open","ping_status":"open","sticky":false,"template":"","format":"standard","meta":{"wp_typography_post_enhancements_disabled":false,"footnotes":""},"categories":[50],"tags":[],"class_list":["post-6874","post","type-post","status-publish","format-standard","has-post-thumbnail","hentry","category-mode"],"yoast_head":"<!-- This site is optimized with the Yoast SEO plugin v24.7 - https:\/\/yoast.com\/wordpress\/plugins\/seo\/ -->\n<title>Tendances maquillage printemps 2025 : le retour en force du glamour audacieux - Bobea<\/title>\n<meta name=\"description\" content=\"Le printemps 2025 s&#039;annonce comme une saison de renouveau et d&#039;audace dans le monde du maquillage.\" \/>\n<meta name=\"robots\" content=\"index, follow, max-snippet:-1, max-image-preview:large, max-video-preview:-1\" \/>\n<link rel=\"canonical\" href=\"https:\/\/bobea.net\/index.php\/2025\/01\/07\/tendances-maquillage-printemps-2025-le-retour-en-force-du-glamour-audacieux\/\" \/>\n<meta property=\"og:locale\" content=\"fr_FR\" \/>\n<meta property=\"og:type\" content=\"article\" \/>\n<meta property=\"og:title\" content=\"Tendances maquillage printemps 2025 : le retour en force du glamour audacieux - Bobea\" \/>\n<meta property=\"og:description\" content=\"Le printemps 2025 s&#039;annonce comme une saison de renouveau et d&#039;audace dans le monde du maquillage.\" \/>\n<meta property=\"og:url\" content=\"https:\/\/bobea.net\/index.php\/2025\/01\/07\/tendances-maquillage-printemps-2025-le-retour-en-force-du-glamour-audacieux\/\" \/>\n<meta property=\"og:site_name\" content=\"Bobea\" \/>\n<meta property=\"article:publisher\" content=\"https:\/\/web.facebook.com\/profile.php?id=61559252188416\" \/>\n<meta property=\"article:published_time\" content=\"2025-01-07T11:48:21+00:00\" \/>\n<meta property=\"article:modified_time\" content=\"2025-01-07T11:48:22+00:00\" \/>\n<meta property=\"og:image\" content=\"https:\/\/bobea.net\/wp-content\/uploads\/2025\/01\/5701feb47925c1b8fd55959ce7be1c28-1.jpg\" \/>\n\t<meta property=\"og:image:width\" content=\"1000\" \/>\n\t<meta property=\"og:image:height\" content=\"500\" \/>\n\t<meta property=\"og:image:type\" content=\"image\/jpeg\" \/>\n<meta name=\"author\" content=\"bobea.info\" \/>\n<meta name=\"twitter:card\" content=\"summary_large_image\" \/>\n<meta name=\"twitter:label1\" content=\"\u00c9crit par\" \/>\n\t<meta name=\"twitter:data1\" content=\"bobea.info\" \/>\n\t<meta name=\"twitter:label2\" content=\"Dur\u00e9e de lecture estim\u00e9e\" \/>\n\t<meta name=\"twitter:data2\" content=\"4 minutes\" \/>\n<script type=\"application\/ld+json\" class=\"yoast-schema-graph\">{\"@context\":\"https:\/\/schema.org\",\"@graph\":[{\"@type\":\"Article\",\"@id\":\"https:\/\/bobea.net\/index.php\/2025\/01\/07\/tendances-maquillage-printemps-2025-le-retour-en-force-du-glamour-audacieux\/#article\",\"isPartOf\":{\"@id\":\"https:\/\/bobea.net\/index.php\/2025\/01\/07\/tendances-maquillage-printemps-2025-le-retour-en-force-du-glamour-audacieux\/\"},\"author\":{\"name\":\"bobea.info\",\"@id\":\"https:\/\/bobea.net\/#\/schema\/person\/e7f45ef187918d7c956bf619dce90ccf\"},\"headline\":\"Tendances maquillage printemps 2025 : le retour en force du glamour audacieux\",\"datePublished\":\"2025-01-07T11:48:21+00:00\",\"dateModified\":\"2025-01-07T11:48:22+00:00\",\"mainEntityOfPage\":{\"@id\":\"https:\/\/bobea.net\/index.php\/2025\/01\/07\/tendances-maquillage-printemps-2025-le-retour-en-force-du-glamour-audacieux\/\"},\"wordCount\":652,\"commentCount\":0,\"publisher\":{\"@id\":\"https:\/\/bobea.net\/#organization\"},\"image\":{\"@id\":\"https:\/\/bobea.net\/index.php\/2025\/01\/07\/tendances-maquillage-printemps-2025-le-retour-en-force-du-glamour-audacieux\/#primaryimage\"},\"thumbnailUrl\":\"https:\/\/bobea.net\/wp-content\/uploads\/2025\/01\/5701feb47925c1b8fd55959ce7be1c28-1.jpg\",\"articleSection\":[\"Mode\"],\"inLanguage\":\"fr-FR\",\"potentialAction\":[{\"@type\":\"CommentAction\",\"name\":\"Comment\",\"target\":[\"https:\/\/bobea.net\/index.php\/2025\/01\/07\/tendances-maquillage-printemps-2025-le-retour-en-force-du-glamour-audacieux\/#respond\"]}]},{\"@type\":\"WebPage\",\"@id\":\"https:\/\/bobea.net\/index.php\/2025\/01\/07\/tendances-maquillage-printemps-2025-le-retour-en-force-du-glamour-audacieux\/\",\"url\":\"https:\/\/bobea.net\/index.php\/2025\/01\/07\/tendances-maquillage-printemps-2025-le-retour-en-force-du-glamour-audacieux\/\",\"name\":\"Tendances maquillage printemps 2025 : le retour en force du glamour audacieux - Bobea\",\"isPartOf\":{\"@id\":\"https:\/\/bobea.net\/#website\"},\"primaryImageOfPage\":{\"@id\":\"https:\/\/bobea.net\/index.php\/2025\/01\/07\/tendances-maquillage-printemps-2025-le-retour-en-force-du-glamour-audacieux\/#primaryimage\"},\"image\":{\"@id\":\"https:\/\/bobea.net\/index.php\/2025\/01\/07\/tendances-maquillage-printemps-2025-le-retour-en-force-du-glamour-audacieux\/#primaryimage\"},\"thumbnailUrl\":\"https:\/\/bobea.net\/wp-content\/uploads\/2025\/01\/5701feb47925c1b8fd55959ce7be1c28-1.jpg\",\"datePublished\":\"2025-01-07T11:48:21+00:00\",\"dateModified\":\"2025-01-07T11:48:22+00:00\",\"description\":\"Le printemps 2025 s'annonce comme une saison de renouveau et d'audace dans le monde du maquillage.\",\"breadcrumb\":{\"@id\":\"https:\/\/bobea.net\/index.php\/2025\/01\/07\/tendances-maquillage-printemps-2025-le-retour-en-force-du-glamour-audacieux\/#breadcrumb\"},\"inLanguage\":\"fr-FR\",\"potentialAction\":[{\"@type\":\"ReadAction\",\"target\":[\"https:\/\/bobea.net\/index.php\/2025\/01\/07\/tendances-maquillage-printemps-2025-le-retour-en-force-du-glamour-audacieux\/\"]}]},{\"@type\":\"ImageObject\",\"inLanguage\":\"fr-FR\",\"@id\":\"https:\/\/bobea.net\/index.php\/2025\/01\/07\/tendances-maquillage-printemps-2025-le-retour-en-force-du-glamour-audacieux\/#primaryimage\",\"url\":\"https:\/\/bobea.net\/wp-content\/uploads\/2025\/01\/5701feb47925c1b8fd55959ce7be1c28-1.jpg\",\"contentUrl\":\"https:\/\/bobea.net\/wp-content\/uploads\/2025\/01\/5701feb47925c1b8fd55959ce7be1c28-1.jpg\",\"width\":1000,\"height\":500,\"caption\":\"Tendances maquillage printemps 2025 : le retour en force du glamour audacieux\"},{\"@type\":\"BreadcrumbList\",\"@id\":\"https:\/\/bobea.net\/index.php\/2025\/01\/07\/tendances-maquillage-printemps-2025-le-retour-en-force-du-glamour-audacieux\/#breadcrumb\",\"itemListElement\":[{\"@type\":\"ListItem\",\"position\":1,\"name\":\"Accueil\",\"item\":\"https:\/\/bobea.net\/\"},{\"@type\":\"ListItem\",\"position\":2,\"name\":\"Tendances maquillage printemps 2025 : le retour en force du glamour audacieux\"}]},{\"@type\":\"WebSite\",\"@id\":\"https:\/\/bobea.net\/#website\",\"url\":\"https:\/\/bobea.net\/\",\"name\":\"Bobea\",\"description\":\"Le magazine de la nouvelle \u00c8ve\",\"publisher\":{\"@id\":\"https:\/\/bobea.net\/#organization\"},\"potentialAction\":[{\"@type\":\"SearchAction\",\"target\":{\"@type\":\"EntryPoint\",\"urlTemplate\":\"https:\/\/bobea.net\/?s={search_term_string}\"},\"query-input\":{\"@type\":\"PropertyValueSpecification\",\"valueRequired\":true,\"valueName\":\"search_term_string\"}}],\"inLanguage\":\"fr-FR\"},{\"@type\":\"Organization\",\"@id\":\"https:\/\/bobea.net\/#organization\",\"name\":\"Bobea\",\"url\":\"https:\/\/bobea.net\/\",\"logo\":{\"@type\":\"ImageObject\",\"inLanguage\":\"fr-FR\",\"@id\":\"https:\/\/bobea.net\/#\/schema\/logo\/image\/\",\"url\":\"https:\/\/bobea.net\/wp-content\/uploads\/2024\/06\/bobea.jpg\",\"contentUrl\":\"https:\/\/bobea.net\/wp-content\/uploads\/2024\/06\/bobea.jpg\",\"width\":1080,\"height\":1080,\"caption\":\"Bobea\"},\"image\":{\"@id\":\"https:\/\/bobea.net\/#\/schema\/logo\/image\/\"},\"sameAs\":[\"https:\/\/web.facebook.com\/profile.php?id=61559252188416\"]},{\"@type\":\"Person\",\"@id\":\"https:\/\/bobea.net\/#\/schema\/person\/e7f45ef187918d7c956bf619dce90ccf\",\"name\":\"bobea.info\",\"image\":{\"@type\":\"ImageObject\",\"inLanguage\":\"fr-FR\",\"@id\":\"https:\/\/bobea.net\/#\/schema\/person\/image\/\",\"url\":\"https:\/\/secure.gravatar.com\/avatar\/36147980349df887ae30808df3e29474?s=96&d=mm&r=g\",\"contentUrl\":\"https:\/\/secure.gravatar.com\/avatar\/36147980349df887ae30808df3e29474?s=96&d=mm&r=g\",\"caption\":\"bobea.info\"},\"sameAs\":[\"https:\/\/bobea.net\"],\"url\":\"https:\/\/bobea.net\/index.php\/author\/bobea-info\/\"}]}<\/script>\n<!-- \/ Yoast SEO plugin. -->","yoast_head_json":{"title":"Tendances maquillage printemps 2025 : le retour en force du glamour audacieux - Bobea","description":"Le printemps 2025 s'annonce comme une saison de renouveau et d'audace dans le monde du maquillage.","robots":{"index":"index","follow":"follow","max-snippet":"max-snippet:-1","max-image-preview":"max-image-preview:large","max-video-preview":"max-video-preview:-1"},"canonical":"https:\/\/bobea.net\/index.php\/2025\/01\/07\/tendances-maquillage-printemps-2025-le-retour-en-force-du-glamour-audacieux\/","og_locale":"fr_FR","og_type":"article","og_title":"Tendances maquillage printemps 2025 : le retour en force du glamour audacieux - Bobea","og_description":"Le printemps 2025 s'annonce comme une saison de renouveau et d'audace dans le monde du maquillage.","og_url":"https:\/\/bobea.net\/index.php\/2025\/01\/07\/tendances-maquillage-printemps-2025-le-retour-en-force-du-glamour-audacieux\/","og_site_name":"Bobea","article_publisher":"https:\/\/web.facebook.com\/profile.php?id=61559252188416","article_published_time":"2025-01-07T11:48:21+00:00","article_modified_time":"2025-01-07T11:48:22+00:00","og_image":[{"width":1000,"height":500,"url":"https:\/\/bobea.net\/wp-content\/uploads\/2025\/01\/5701feb47925c1b8fd55959ce7be1c28-1.jpg","type":"image\/jpeg"}],"author":"bobea.info","twitter_card":"summary_large_image","twitter_misc":{"\u00c9crit par":"bobea.info","Dur\u00e9e de lecture estim\u00e9e":"4 minutes"},"schema":{"@context":"https:\/\/schema.org","@graph":[{"@type":"Article","@id":"https:\/\/bobea.net\/index.php\/2025\/01\/07\/tendances-maquillage-printemps-2025-le-retour-en-force-du-glamour-audacieux\/#article","isPartOf":{"@id":"https:\/\/bobea.net\/index.php\/2025\/01\/07\/tendances-maquillage-printemps-2025-le-retour-en-force-du-glamour-audacieux\/"},"author":{"name":"bobea.info","@id":"https:\/\/bobea.net\/#\/schema\/person\/e7f45ef187918d7c956bf619dce90ccf"},"headline":"Tendances maquillage printemps 2025 : le retour en force du glamour audacieux","datePublished":"2025-01-07T11:48:21+00:00","dateModified":"2025-01-07T11:48:22+00:00","mainEntityOfPage":{"@id":"https:\/\/bobea.net\/index.php\/2025\/01\/07\/tendances-maquillage-printemps-2025-le-retour-en-force-du-glamour-audacieux\/"},"wordCount":652,"commentCount":0,"publisher":{"@id":"https:\/\/bobea.net\/#organization"},"image":{"@id":"https:\/\/bobea.net\/index.php\/2025\/01\/07\/tendances-maquillage-printemps-2025-le-retour-en-force-du-glamour-audacieux\/#primaryimage"},"thumbnailUrl":"https:\/\/bobea.net\/wp-content\/uploads\/2025\/01\/5701feb47925c1b8fd55959ce7be1c28-1.jpg","articleSection":["Mode"],"inLanguage":"fr-FR","potentialAction":[{"@type":"CommentAction","name":"Comment","target":["https:\/\/bobea.net\/index.php\/2025\/01\/07\/tendances-maquillage-printemps-2025-le-retour-en-force-du-glamour-audacieux\/#respond"]}]},{"@type":"WebPage","@id":"https:\/\/bobea.net\/index.php\/2025\/01\/07\/tendances-maquillage-printemps-2025-le-retour-en-force-du-glamour-audacieux\/","url":"https:\/\/bobea.net\/index.php\/2025\/01\/07\/tendances-maquillage-printemps-2025-le-retour-en-force-du-glamour-audacieux\/","name":"Tendances maquillage printemps 2025 : le retour en force du glamour audacieux - Bobea","isPartOf":{"@id":"https:\/\/bobea.net\/#website"},"primaryImageOfPage":{"@id":"https:\/\/bobea.net\/index.php\/2025\/01\/07\/tendances-maquillage-printemps-2025-le-retour-en-force-du-glamour-audacieux\/#primaryimage"},"image":{"@id":"https:\/\/bobea.net\/index.php\/2025\/01\/07\/tendances-maquillage-printemps-2025-le-retour-en-force-du-glamour-audacieux\/#primaryimage"},"thumbnailUrl":"https:\/\/bobea.net\/wp-content\/uploads\/2025\/01\/5701feb47925c1b8fd55959ce7be1c28-1.jpg","datePublished":"2025-01-07T11:48:21+00:00","dateModified":"2025-01-07T11:48:22+00:00","description":"Le printemps 2025 s'annonce comme une saison de renouveau et d'audace dans le monde du maquillage.","breadcrumb":{"@id":"https:\/\/bobea.net\/index.php\/2025\/01\/07\/tendances-maquillage-printemps-2025-le-retour-en-force-du-glamour-audacieux\/#breadcrumb"},"inLanguage":"fr-FR","potentialAction":[{"@type":"ReadAction","target":["https:\/\/bobea.net\/index.php\/2025\/01\/07\/tendances-maquillage-printemps-2025-le-retour-en-force-du-glamour-audacieux\/"]}]},{"@type":"ImageObject","inLanguage":"fr-FR","@id":"https:\/\/bobea.net\/index.php\/2025\/01\/07\/tendances-maquillage-printemps-2025-le-retour-en-force-du-glamour-audacieux\/#primaryimage","url":"https:\/\/bobea.net\/wp-content\/uploads\/2025\/01\/5701feb47925c1b8fd55959ce7be1c28-1.jpg","contentUrl":"https:\/\/bobea.net\/wp-content\/uploads\/2025\/01\/5701feb47925c1b8fd55959ce7be1c28-1.jpg","width":1000,"height":500,"caption":"Tendances maquillage printemps 2025 : le retour en force du glamour audacieux"},{"@type":"BreadcrumbList","@id":"https:\/\/bobea.net\/index.php\/2025\/01\/07\/tendances-maquillage-printemps-2025-le-retour-en-force-du-glamour-audacieux\/#breadcrumb","itemListElement":[{"@type":"ListItem","position":1,"name":"Accueil","item":"https:\/\/bobea.net\/"},{"@type":"ListItem","position":2,"name":"Tendances maquillage printemps 2025 : le retour en force du glamour audacieux"}]},{"@type":"WebSite","@id":"https:\/\/bobea.net\/#website","url":"https:\/\/bobea.net\/","name":"Bobea","description":"Le magazine de la nouvelle \u00c8ve","publisher":{"@id":"https:\/\/bobea.net\/#organization"},"potentialAction":[{"@type":"SearchAction","target":{"@type":"EntryPoint","urlTemplate":"https:\/\/bobea.net\/?s={search_term_string}"},"query-input":{"@type":"PropertyValueSpecification","valueRequired":true,"valueName":"search_term_string"}}],"inLanguage":"fr-FR"},{"@type":"Organization","@id":"https:\/\/bobea.net\/#organization","name":"Bobea","url":"https:\/\/bobea.net\/","logo":{"@type":"ImageObject","inLanguage":"fr-FR","@id":"https:\/\/bobea.net\/#\/schema\/logo\/image\/","url":"https:\/\/bobea.net\/wp-content\/uploads\/2024\/06\/bobea.jpg","contentUrl":"https:\/\/bobea.net\/wp-content\/uploads\/2024\/06\/bobea.jpg","width":1080,"height":1080,"caption":"Bobea"},"image":{"@id":"https:\/\/bobea.net\/#\/schema\/logo\/image\/"},"sameAs":["https:\/\/web.facebook.com\/profile.php?id=61559252188416"]},{"@type":"Person","@id":"https:\/\/bobea.net\/#\/schema\/person\/e7f45ef187918d7c956bf619dce90ccf","name":"bobea.info","image":{"@type":"ImageObject","inLanguage":"fr-FR","@id":"https:\/\/bobea.net\/#\/schema\/person\/image\/","url":"https:\/\/secure.gravatar.com\/avatar\/36147980349df887ae30808df3e29474?s=96&d=mm&r=g","contentUrl":"https:\/\/secure.gravatar.com\/avatar\/36147980349df887ae30808df3e29474?s=96&d=mm&r=g","caption":"bobea.info"},"sameAs":["https:\/\/bobea.net"],"url":"https:\/\/bobea.net\/index.php\/author\/bobea-info\/"}]}},"_links":{"self":[{"href":"https:\/\/bobea.net\/index.php\/wp-json\/wp\/v2\/posts\/6874"}],"collection":[{"href":"https:\/\/bobea.net\/index.php\/wp-json\/wp\/v2\/posts"}],"about":[{"href":"https:\/\/bobea.net\/index.php\/wp-json\/wp\/v2\/types\/post"}],"author":[{"embeddable":true,"href":"https:\/\/bobea.net\/index.php\/wp-json\/wp\/v2\/users\/1"}],"replies":[{"embeddable":true,"href":"https:\/\/bobea.net\/index.php\/wp-json\/wp\/v2\/comments?post=6874"}],"version-history":[{"count":0,"href":"https:\/\/bobea.net\/index.php\/wp-json\/wp\/v2\/posts\/6874\/revisions"}],"wp:featuredmedia":[{"embeddable":true,"href":"https:\/\/bobea.net\/index.php\/wp-json\/wp\/v2\/media\/6875"}],"wp:attachment":[{"href":"https:\/\/bobea.net\/index.php\/wp-json\/wp\/v2\/media?parent=6874"}],"wp:term":[{"taxonomy":"category","embeddable":true,"href":"https:\/\/bobea.net\/index.php\/wp-json\/wp\/v2\/categories?post=6874"},{"taxonomy":"post_tag","embeddable":true,"href":"https:\/\/bobea.net\/index.php\/wp-json\/wp\/v2\/tags?post=6874"}],"curies":[{"name":"wp","href":"https:\/\/api.w.org\/{rel}","templated":true}]}}