{"id":6871,"date":"2025-01-07T11:46:13","date_gmt":"2025-01-07T11:46:13","guid":{"rendered":"https:\/\/bobea.net\/?p=6871"},"modified":"2025-01-07T11:46:14","modified_gmt":"2025-01-07T11:46:14","slug":"fashion-week-de-paris-2025-le-recyclage-textile-revolutionne-la-haute-couture","status":"publish","type":"post","link":"https:\/\/bobea.net\/index.php\/2025\/01\/07\/fashion-week-de-paris-2025-le-recyclage-textile-revolutionne-la-haute-couture\/","title":{"rendered":"Fashion Week de Paris 2025 : le recyclage textile r\u00e9volutionne la haute couture"},"content":{"rendered":"\n<p>La Fash\u00adion Week de Paris 2025 s\u2019est ouverte hier sous le signe de l\u2019in\u00adno\u00adva\u00adtion durable, avec un accent par\u00adti\u00adc\u00aduli\u00ader mis sur le recy\u00adclage tex\u00adtile dans la haute cou\u00adture. Cette \u00e9di\u00adtion mar\u00adque un tour\u00adnant dans l\u2019in\u00addus\u00adtrie de la mode, o\u00f9 l\u2019\u00e9\u00adco-respon\u00ads\u00adabil\u00adit\u00e9 devient non seule\u00adment une n\u00e9ces\u00adsit\u00e9, mais aus\u00adsi une source d\u2019in\u00adspi\u00adra\u00adtion cr\u00e9a\u00adtive pour les plus grands noms de la mode.<\/p>\n\n\n\n<p>Le recy\u00adclage, nou\u00advelle muse de la haute cou\u00adture<\/p>\n\n\n\n<p>Les d\u00e9fil\u00e9s ont r\u00e9v\u00e9l\u00e9 une ten\u00addance forte : l\u2019u\u00adtil\u00adi\u00adsa\u00adtion de mat\u00e9ri\u00adaux recy\u00adcl\u00e9s dans la cr\u00e9a\u00adtion de pi\u00e8ces de haute cou\u00adture. Des maisons pres\u00adtigieuses comme Chanel, Dior et Louis Vuit\u00adton ont pr\u00e9sen\u00adt\u00e9 des col\u00adlec\u00adtions int\u00e9\u00adgrant jusqu\u2019\u00e0 70% de tis\u00adsus recy\u00adcl\u00e9s.<\/p>\n\n\n\n<p>Inno\u00adva\u00adtions tex\u00adtiles pr\u00e9sen\u00adt\u00e9es :<\/p>\n\n\n\n<ul class=\"wp-block-list\">\n<li>Soie r\u00e9g\u00e9n\u00e9r\u00e9e \u00e0 par\u00adtir de d\u00e9chets ali\u00admen\u00adtaires<\/li>\n<\/ul>\n\n\n\n<ul class=\"wp-block-list\">\n<li>Cuir v\u00e9g\u00e9\u00adtal issu de r\u00e9sidus de raisin<\/li>\n\n\n\n<li>Den\u00adtelle cr\u00e9\u00e9e \u00e0 par\u00adtir de filets de p\u00eache recy\u00adcl\u00e9s<\/li>\n<\/ul>\n\n\n\n<ul class=\"wp-block-list\">\n<li>Pail\u00adlettes biod\u00e9grad\u00adables fab\u00adriqu\u00e9es \u00e0 par\u00adtir d\u2019algues<\/li>\n<\/ul>\n\n\n\n<p>Stel\u00adla McCart\u00adney, pio\u00adnni\u00e8re de la mode durable, d\u00e9clare : \u201cCette Fash\u00adion Week prou\u00adve que le luxe et la dura\u00adbil\u00adit\u00e9 ne sont pas incom\u00adpat\u00adi\u00adbles. Au con\u00adtraire, ils se ren\u00adfor\u00adcent mutuelle\u00adment.\u201d<\/p>\n\n\n\n<p>L\u2019im\u00adpact envi\u00adron\u00adnemen\u00adtal de la mode en chiffres<\/p>\n\n\n\n<ul class=\"wp-block-list\">\n<li>L\u2019in\u00addus\u00adtrie de la mode est respon\u00ads\u00adable de 10% des \u00e9mis\u00adsions mon\u00addi\u00adales de CO2<\/li>\n<\/ul>\n\n\n\n<ul class=\"wp-block-list\">\n<li>87% des fibres tex\u00adtiles finis\u00adsent en d\u00e9charge ou sont inc\u00adin\u00e9r\u00e9es<\/li>\n<\/ul>\n\n\n\n<ul class=\"wp-block-list\">\n<li>La pro\u00adduc\u00adtion d\u2019un jean n\u00e9ces\u00adsite en moyenne 7500 litres d\u2019eau<\/li>\n<\/ul>\n\n\n\n<p>T\u00e9moignages de cr\u00e9a\u00adteurs<\/p>\n\n\n\n<p>Vir\u00adginie Viard, direc\u00adtrice artis\u00adtique de Chanel : \u201cTra\u00advailler avec des mat\u00e9ri\u00adaux recy\u00adcl\u00e9s nous pousse \u00e0 repenser notre cr\u00e9a\u00adtiv\u00adit\u00e9. C\u2019est un d\u00e9fi exci\u00adtant qui ouvre de nou\u00advelles pos\u00adsi\u00adbil\u00adit\u00e9s esth\u00e9\u00adtiques.\u201d<\/p>\n\n\n\n<p>Marine Serre, fig\u00adure de proue de l\u2019up\u00adcy\u00adcling : \u201cLe recy\u00adclage n\u2019est pas une con\u00adtrainte, c\u2019est une oppor\u00adtu\u00adnit\u00e9 de r\u00e9in\u00adven\u00adter la mode. Chaque pi\u00e8ce racon\u00adte une his\u00adtoire de trans\u00adfor\u00adma\u00adtion.\u201d<\/p>\n\n\n\n<p>Les couliss\u00ades de l\u2019in\u00adno\u00adva\u00adtion<\/p>\n\n\n\n<p>La Fash\u00adion Week a \u00e9gale\u00adment \u00e9t\u00e9 l\u2019oc\u00adca\u00adsion de met\u00adtre en lumi\u00e8re les inno\u00adva\u00adtions tech\u00adnologiques qui ren\u00addent pos\u00adsi\u00adble cette r\u00e9vo\u00adlu\u00adtion du recy\u00adclage :<\/p>\n\n\n\n<ol start=\"1\" class=\"wp-block-list\">\n<li>Tri intel\u00adli\u00adgent des tex\u00adtiles : Util\u00adi\u00adsa\u00adtion de l\u2019in\u00adtel\u00adli\u00adgence arti\u00adfi\u00adcielle pour tri\u00ader et clas\u00adsi\u00adfi\u00ader les d\u00e9chets tex\u00adtiles.<\/li>\n<\/ol>\n\n\n\n<ol start=\"2\" class=\"wp-block-list\">\n<li>D\u00e9com\u00adpo\u00adsi\u00adtion chim\u00adique : Nou\u00advelles m\u00e9th\u00adodes pour s\u00e9par\u00ader les fibres m\u00e9lang\u00e9es et les recy\u00adcler indi\u00advidu\u00adelle\u00adment.<\/li>\n<\/ol>\n\n\n\n<ol start=\"3\" class=\"wp-block-list\">\n<li>Impres\u00adsion 3D tex\u00adtile : Cr\u00e9a\u00adtion de tis\u00adsus \u00e0 par\u00adtir de plas\u00adtique recy\u00adcl\u00e9, min\u00adimisant les d\u00e9chets de pro\u00adduc\u00adtion.<\/li>\n<\/ol>\n\n\n\n<p>L\u2019im\u00adpact sur l\u2019in\u00addus\u00adtrie<\/p>\n\n\n\n<p>Cette ten\u00addance au recy\u00adclage dans la haute cou\u00adture a des r\u00e9per\u00adcus\u00adsions sur l\u2019ensem\u00adble de l\u2019in\u00addus\u00adtrie de la mode :<\/p>\n\n\n\n<ul class=\"wp-block-list\">\n<li>Aug\u00admen\u00adta\u00adtion de la demande pour des mat\u00e9ri\u00adaux recy\u00adcl\u00e9s de haute qual\u00adit\u00e9<\/li>\n<\/ul>\n\n\n\n<ul class=\"wp-block-list\">\n<li>D\u00e9veloppe\u00adment de nou\u00advelles fil\u00adi\u00e8res de recy\u00adclage tex\u00adtile<\/li>\n<\/ul>\n\n\n\n<ul class=\"wp-block-list\">\n<li>Cr\u00e9a\u00adtion d\u2019emplois dans le secteur de l\u2019\u00e9\u00adconomie cir\u00adcu\u00adlaire<\/li>\n<\/ul>\n\n\n\n<p>Fran\u00e7ois-Hen\u00adri Pin\u00adault, PDG de Ker\u00ading : \u201cL\u2019avenir de la mode passe par l\u2019\u00e9\u00adconomie cir\u00adcu\u00adlaire. Nous investis\u00adsons mas\u00adsive\u00adment dans ces tech\u00adnolo\u00adgies pour trans\u00adformer notre indus\u00adtrie.\u201d<\/p>\n\n\n\n<p>Les d\u00e9fis \u00e0 relever<\/p>\n\n\n\n<p>Mal\u00adgr\u00e9 l\u2019en\u00adt\u00adhou\u00adsi\u00adasme, des d\u00e9fis per\u00adsis\u00adtent :<\/p>\n\n\n\n<ol start=\"1\" class=\"wp-block-list\">\n<li>Co\u00fbt \u00e9lev\u00e9 des tech\u00adnolo\u00adgies de recy\u00adclage<\/li>\n<\/ol>\n\n\n\n<ol start=\"2\" class=\"wp-block-list\">\n<li>N\u00e9ces\u00adsit\u00e9 d\u2019am\u00e9lior\u00ader la qual\u00adit\u00e9 et la dura\u00adbil\u00adit\u00e9 des fibres recy\u00adcl\u00e9es<\/li>\n<\/ol>\n\n\n\n<ol start=\"3\" class=\"wp-block-list\">\n<li>Besoin de stan\u00addard\u00adi\u00ads\u00ada\u00adtion des proces\u00adsus de recy\u00adclage \u00e0 l\u2019\u00e9chelle mon\u00addi\u00adale<\/li>\n<\/ol>\n\n\n\n<p>Le r\u00f4le des con\u00adsom\u00adma\u00adteurs<\/p>\n\n\n\n<p>La Fash\u00adion Week a \u00e9gale\u00adment mis en lumi\u00e8re le r\u00f4le cru\u00adcial des con\u00adsom\u00adma\u00adteurs dans cette tran\u00adsi\u00adtion :<\/p>\n\n\n\n<ul class=\"wp-block-list\">\n<li>Sen\u00adsi\u00adbil\u00adi\u00adsa\u00adtion \u00e0 l\u2019im\u00adpor\u00adtance de recy\u00adcler les v\u00eate\u00adments<\/li>\n<\/ul>\n\n\n\n<ul class=\"wp-block-list\">\n<li>Pro\u00admo\u00adtion de la loca\u00adtion et de la sec\u00adonde main pour les pi\u00e8ces de luxe<\/li>\n<\/ul>\n\n\n\n<ul class=\"wp-block-list\">\n<li>Encour\u00adage\u00adment \u00e0 inve\u00adstir dans des pi\u00e8ces durables plut\u00f4t que dans la fast fash\u00adion<\/li>\n<\/ul>\n\n\n\n<p>Per\u00adspec\u00adtives<\/p>\n\n\n\n<p>Cette \u00e9di\u00adtion de la Fash\u00adion Week de Paris mar\u00adque un tour\u00adnant dans l\u2019in\u00addus\u00adtrie de la mode de luxe. Les experts pr\u00e9dis\u00adent que d\u2019i\u00adci 2030 :<\/p>\n\n\n\n<ul class=\"wp-block-list\">\n<li>50% des mat\u00e9ri\u00adaux util\u00adis\u00e9s dans la haute cou\u00adture seront recy\u00adcl\u00e9s ou upcy\u00adcl\u00e9s<\/li>\n<\/ul>\n\n\n\n<ul class=\"wp-block-list\">\n<li>Les d\u00e9fil\u00e9s \u201cz\u00e9ro d\u00e9chet\u201d devien\u00addront la norme<\/li>\n<\/ul>\n\n\n\n<ul class=\"wp-block-list\">\n<li>Les tech\u00adnolo\u00adgies de recy\u00adclage tex\u00adtile seront int\u00e9\u00adgr\u00e9es dans les cur\u00adsus des \u00e9coles de mode<\/li>\n<\/ul>\n\n\n\n<p>Con\u00adclu\u00adsion<\/p>\n\n\n\n<p>La Fash\u00adion Week de Paris 2025 restera dans les annales comme le moment o\u00f9 la haute cou\u00adture a embrass\u00e9 pleine\u00adment le recy\u00adclage tex\u00adtile. Cette r\u00e9vo\u00adlu\u00adtion ne se lim\u00adite pas \u00e0 l\u2019aspect envi\u00adron\u00adnemen\u00adtal ; elle ouvre de nou\u00advelles voies cr\u00e9a\u00adtives et red\u00e9finit les codes du luxe. En trans\u00adfor\u00admant les d\u00e9chets en objets de d\u00e9sir, la mode prou\u00adve qu\u2019elle peut \u00eatre \u00e0 la fois belle et respon\u00ads\u00adable. C\u2019est un pas impor\u00adtant vers un avenir o\u00f9 l\u2019\u00e9l\u00e9\u00adgance rimera sys\u00adt\u00e9\u00adma\u00adtique\u00adment avec dura\u00adbil\u00adit\u00e9<\/p>\n","protected":false},"excerpt":{"rendered":"<p>La Fash\u00adion Week de Paris 2025 s\u2019est ouverte hier sous le signe de l\u2019in\u00adno\u00adva\u00adtion durable, avec un accent par\u00adti\u00adc\u00aduli\u00ader mis sur le recy\u00adclage tex\u00adtile dans la haute cou\u00adture. Cette \u00e9di\u00adtion\u2026 <\/p>\n","protected":false},"author":1,"featured_media":6872,"comment_status":"open","ping_status":"open","sticky":false,"template":"","format":"standard","meta":{"wp_typography_post_enhancements_disabled":false,"footnotes":""},"categories":[73],"tags":[],"class_list":["post-6871","post","type-post","status-publish","format-standard","has-post-thumbnail","hentry","category-on-en-parle"],"yoast_head":"<!-- This site is optimized with the Yoast SEO plugin v24.7 - https:\/\/yoast.com\/wordpress\/plugins\/seo\/ -->\n<title>Fashion Week de Paris 2025 : le recyclage textile r\u00e9volutionne la haute couture - Bobea<\/title>\n<meta name=\"description\" content=\"La Fashion Week de Paris 2025 s&#039;est ouverte hier sous le signe de l&#039;innovation durable, avec un accent particulier mis sur le recyclage\" \/>\n<meta name=\"robots\" content=\"index, follow, max-snippet:-1, max-image-preview:large, max-video-preview:-1\" \/>\n<link rel=\"canonical\" href=\"https:\/\/bobea.net\/index.php\/2025\/01\/07\/fashion-week-de-paris-2025-le-recyclage-textile-revolutionne-la-haute-couture\/\" \/>\n<meta property=\"og:locale\" content=\"fr_FR\" \/>\n<meta property=\"og:type\" content=\"article\" \/>\n<meta property=\"og:title\" content=\"Fashion Week de Paris 2025 : le recyclage textile r\u00e9volutionne la haute couture - Bobea\" \/>\n<meta property=\"og:description\" content=\"La Fashion Week de Paris 2025 s&#039;est ouverte hier sous le signe de l&#039;innovation durable, avec un accent particulier mis sur le recyclage\" \/>\n<meta property=\"og:url\" content=\"https:\/\/bobea.net\/index.php\/2025\/01\/07\/fashion-week-de-paris-2025-le-recyclage-textile-revolutionne-la-haute-couture\/\" \/>\n<meta property=\"og:site_name\" content=\"Bobea\" \/>\n<meta property=\"article:publisher\" content=\"https:\/\/web.facebook.com\/profile.php?id=61559252188416\" \/>\n<meta property=\"article:published_time\" content=\"2025-01-07T11:46:13+00:00\" \/>\n<meta property=\"article:modified_time\" content=\"2025-01-07T11:46:14+00:00\" \/>\n<meta property=\"og:image\" content=\"https:\/\/bobea.net\/wp-content\/uploads\/2025\/01\/6659e6c81259b9bfc1d8d331_Ce-qu-il-faut-retenir-de-la-Fashion-Week-de-Paris-printemps-ete-2024-2-1-829x466-1.jpg\" \/>\n\t<meta property=\"og:image:width\" content=\"829\" \/>\n\t<meta property=\"og:image:height\" content=\"466\" \/>\n\t<meta property=\"og:image:type\" content=\"image\/jpeg\" \/>\n<meta name=\"author\" content=\"bobea.info\" \/>\n<meta name=\"twitter:card\" content=\"summary_large_image\" \/>\n<meta name=\"twitter:label1\" content=\"\u00c9crit par\" \/>\n\t<meta name=\"twitter:data1\" content=\"bobea.info\" \/>\n\t<meta name=\"twitter:label2\" content=\"Dur\u00e9e de lecture estim\u00e9e\" \/>\n\t<meta name=\"twitter:data2\" content=\"4 minutes\" \/>\n<script type=\"application\/ld+json\" class=\"yoast-schema-graph\">{\"@context\":\"https:\/\/schema.org\",\"@graph\":[{\"@type\":\"Article\",\"@id\":\"https:\/\/bobea.net\/index.php\/2025\/01\/07\/fashion-week-de-paris-2025-le-recyclage-textile-revolutionne-la-haute-couture\/#article\",\"isPartOf\":{\"@id\":\"https:\/\/bobea.net\/index.php\/2025\/01\/07\/fashion-week-de-paris-2025-le-recyclage-textile-revolutionne-la-haute-couture\/\"},\"author\":{\"name\":\"bobea.info\",\"@id\":\"https:\/\/bobea.net\/#\/schema\/person\/e7f45ef187918d7c956bf619dce90ccf\"},\"headline\":\"Fashion Week de Paris 2025 : le recyclage textile r\u00e9volutionne la haute couture\",\"datePublished\":\"2025-01-07T11:46:13+00:00\",\"dateModified\":\"2025-01-07T11:46:14+00:00\",\"mainEntityOfPage\":{\"@id\":\"https:\/\/bobea.net\/index.php\/2025\/01\/07\/fashion-week-de-paris-2025-le-recyclage-textile-revolutionne-la-haute-couture\/\"},\"wordCount\":747,\"commentCount\":0,\"publisher\":{\"@id\":\"https:\/\/bobea.net\/#organization\"},\"image\":{\"@id\":\"https:\/\/bobea.net\/index.php\/2025\/01\/07\/fashion-week-de-paris-2025-le-recyclage-textile-revolutionne-la-haute-couture\/#primaryimage\"},\"thumbnailUrl\":\"https:\/\/bobea.net\/wp-content\/uploads\/2025\/01\/6659e6c81259b9bfc1d8d331_Ce-qu-il-faut-retenir-de-la-Fashion-Week-de-Paris-printemps-ete-2024-2-1-829x466-1.jpg\",\"articleSection\":[\"On en Parle\"],\"inLanguage\":\"fr-FR\",\"potentialAction\":[{\"@type\":\"CommentAction\",\"name\":\"Comment\",\"target\":[\"https:\/\/bobea.net\/index.php\/2025\/01\/07\/fashion-week-de-paris-2025-le-recyclage-textile-revolutionne-la-haute-couture\/#respond\"]}]},{\"@type\":\"WebPage\",\"@id\":\"https:\/\/bobea.net\/index.php\/2025\/01\/07\/fashion-week-de-paris-2025-le-recyclage-textile-revolutionne-la-haute-couture\/\",\"url\":\"https:\/\/bobea.net\/index.php\/2025\/01\/07\/fashion-week-de-paris-2025-le-recyclage-textile-revolutionne-la-haute-couture\/\",\"name\":\"Fashion Week de Paris 2025 : le recyclage textile r\u00e9volutionne la haute couture - Bobea\",\"isPartOf\":{\"@id\":\"https:\/\/bobea.net\/#website\"},\"primaryImageOfPage\":{\"@id\":\"https:\/\/bobea.net\/index.php\/2025\/01\/07\/fashion-week-de-paris-2025-le-recyclage-textile-revolutionne-la-haute-couture\/#primaryimage\"},\"image\":{\"@id\":\"https:\/\/bobea.net\/index.php\/2025\/01\/07\/fashion-week-de-paris-2025-le-recyclage-textile-revolutionne-la-haute-couture\/#primaryimage\"},\"thumbnailUrl\":\"https:\/\/bobea.net\/wp-content\/uploads\/2025\/01\/6659e6c81259b9bfc1d8d331_Ce-qu-il-faut-retenir-de-la-Fashion-Week-de-Paris-printemps-ete-2024-2-1-829x466-1.jpg\",\"datePublished\":\"2025-01-07T11:46:13+00:00\",\"dateModified\":\"2025-01-07T11:46:14+00:00\",\"description\":\"La Fashion Week de Paris 2025 s'est ouverte hier sous le signe de l'innovation durable, avec un accent particulier mis sur le recyclage\",\"breadcrumb\":{\"@id\":\"https:\/\/bobea.net\/index.php\/2025\/01\/07\/fashion-week-de-paris-2025-le-recyclage-textile-revolutionne-la-haute-couture\/#breadcrumb\"},\"inLanguage\":\"fr-FR\",\"potentialAction\":[{\"@type\":\"ReadAction\",\"target\":[\"https:\/\/bobea.net\/index.php\/2025\/01\/07\/fashion-week-de-paris-2025-le-recyclage-textile-revolutionne-la-haute-couture\/\"]}]},{\"@type\":\"ImageObject\",\"inLanguage\":\"fr-FR\",\"@id\":\"https:\/\/bobea.net\/index.php\/2025\/01\/07\/fashion-week-de-paris-2025-le-recyclage-textile-revolutionne-la-haute-couture\/#primaryimage\",\"url\":\"https:\/\/bobea.net\/wp-content\/uploads\/2025\/01\/6659e6c81259b9bfc1d8d331_Ce-qu-il-faut-retenir-de-la-Fashion-Week-de-Paris-printemps-ete-2024-2-1-829x466-1.jpg\",\"contentUrl\":\"https:\/\/bobea.net\/wp-content\/uploads\/2025\/01\/6659e6c81259b9bfc1d8d331_Ce-qu-il-faut-retenir-de-la-Fashion-Week-de-Paris-printemps-ete-2024-2-1-829x466-1.jpg\",\"width\":829,\"height\":466,\"caption\":\"Fashion Week de Paris 2025 : le recyclage textile r\u00e9volutionne la haute couture\"},{\"@type\":\"BreadcrumbList\",\"@id\":\"https:\/\/bobea.net\/index.php\/2025\/01\/07\/fashion-week-de-paris-2025-le-recyclage-textile-revolutionne-la-haute-couture\/#breadcrumb\",\"itemListElement\":[{\"@type\":\"ListItem\",\"position\":1,\"name\":\"Accueil\",\"item\":\"https:\/\/bobea.net\/\"},{\"@type\":\"ListItem\",\"position\":2,\"name\":\"Fashion Week de Paris 2025 : le recyclage textile r\u00e9volutionne la haute couture\"}]},{\"@type\":\"WebSite\",\"@id\":\"https:\/\/bobea.net\/#website\",\"url\":\"https:\/\/bobea.net\/\",\"name\":\"Bobea\",\"description\":\"Le magazine de la nouvelle \u00c8ve\",\"publisher\":{\"@id\":\"https:\/\/bobea.net\/#organization\"},\"potentialAction\":[{\"@type\":\"SearchAction\",\"target\":{\"@type\":\"EntryPoint\",\"urlTemplate\":\"https:\/\/bobea.net\/?s={search_term_string}\"},\"query-input\":{\"@type\":\"PropertyValueSpecification\",\"valueRequired\":true,\"valueName\":\"search_term_string\"}}],\"inLanguage\":\"fr-FR\"},{\"@type\":\"Organization\",\"@id\":\"https:\/\/bobea.net\/#organization\",\"name\":\"Bobea\",\"url\":\"https:\/\/bobea.net\/\",\"logo\":{\"@type\":\"ImageObject\",\"inLanguage\":\"fr-FR\",\"@id\":\"https:\/\/bobea.net\/#\/schema\/logo\/image\/\",\"url\":\"https:\/\/bobea.net\/wp-content\/uploads\/2024\/06\/bobea.jpg\",\"contentUrl\":\"https:\/\/bobea.net\/wp-content\/uploads\/2024\/06\/bobea.jpg\",\"width\":1080,\"height\":1080,\"caption\":\"Bobea\"},\"image\":{\"@id\":\"https:\/\/bobea.net\/#\/schema\/logo\/image\/\"},\"sameAs\":[\"https:\/\/web.facebook.com\/profile.php?id=61559252188416\"]},{\"@type\":\"Person\",\"@id\":\"https:\/\/bobea.net\/#\/schema\/person\/e7f45ef187918d7c956bf619dce90ccf\",\"name\":\"bobea.info\",\"image\":{\"@type\":\"ImageObject\",\"inLanguage\":\"fr-FR\",\"@id\":\"https:\/\/bobea.net\/#\/schema\/person\/image\/\",\"url\":\"https:\/\/secure.gravatar.com\/avatar\/36147980349df887ae30808df3e29474?s=96&d=mm&r=g\",\"contentUrl\":\"https:\/\/secure.gravatar.com\/avatar\/36147980349df887ae30808df3e29474?s=96&d=mm&r=g\",\"caption\":\"bobea.info\"},\"sameAs\":[\"https:\/\/bobea.net\"],\"url\":\"https:\/\/bobea.net\/index.php\/author\/bobea-info\/\"}]}<\/script>\n<!-- \/ Yoast SEO plugin. -->","yoast_head_json":{"title":"Fashion Week de Paris 2025 : le recyclage textile r\u00e9volutionne la haute couture - Bobea","description":"La Fashion Week de Paris 2025 s'est ouverte hier sous le signe de l'innovation durable, avec un accent particulier mis sur le recyclage","robots":{"index":"index","follow":"follow","max-snippet":"max-snippet:-1","max-image-preview":"max-image-preview:large","max-video-preview":"max-video-preview:-1"},"canonical":"https:\/\/bobea.net\/index.php\/2025\/01\/07\/fashion-week-de-paris-2025-le-recyclage-textile-revolutionne-la-haute-couture\/","og_locale":"fr_FR","og_type":"article","og_title":"Fashion Week de Paris 2025 : le recyclage textile r\u00e9volutionne la haute couture - Bobea","og_description":"La Fashion Week de Paris 2025 s'est ouverte hier sous le signe de l'innovation durable, avec un accent particulier mis sur le recyclage","og_url":"https:\/\/bobea.net\/index.php\/2025\/01\/07\/fashion-week-de-paris-2025-le-recyclage-textile-revolutionne-la-haute-couture\/","og_site_name":"Bobea","article_publisher":"https:\/\/web.facebook.com\/profile.php?id=61559252188416","article_published_time":"2025-01-07T11:46:13+00:00","article_modified_time":"2025-01-07T11:46:14+00:00","og_image":[{"width":829,"height":466,"url":"https:\/\/bobea.net\/wp-content\/uploads\/2025\/01\/6659e6c81259b9bfc1d8d331_Ce-qu-il-faut-retenir-de-la-Fashion-Week-de-Paris-printemps-ete-2024-2-1-829x466-1.jpg","type":"image\/jpeg"}],"author":"bobea.info","twitter_card":"summary_large_image","twitter_misc":{"\u00c9crit par":"bobea.info","Dur\u00e9e de lecture estim\u00e9e":"4 minutes"},"schema":{"@context":"https:\/\/schema.org","@graph":[{"@type":"Article","@id":"https:\/\/bobea.net\/index.php\/2025\/01\/07\/fashion-week-de-paris-2025-le-recyclage-textile-revolutionne-la-haute-couture\/#article","isPartOf":{"@id":"https:\/\/bobea.net\/index.php\/2025\/01\/07\/fashion-week-de-paris-2025-le-recyclage-textile-revolutionne-la-haute-couture\/"},"author":{"name":"bobea.info","@id":"https:\/\/bobea.net\/#\/schema\/person\/e7f45ef187918d7c956bf619dce90ccf"},"headline":"Fashion Week de Paris 2025 : le recyclage textile r\u00e9volutionne la haute couture","datePublished":"2025-01-07T11:46:13+00:00","dateModified":"2025-01-07T11:46:14+00:00","mainEntityOfPage":{"@id":"https:\/\/bobea.net\/index.php\/2025\/01\/07\/fashion-week-de-paris-2025-le-recyclage-textile-revolutionne-la-haute-couture\/"},"wordCount":747,"commentCount":0,"publisher":{"@id":"https:\/\/bobea.net\/#organization"},"image":{"@id":"https:\/\/bobea.net\/index.php\/2025\/01\/07\/fashion-week-de-paris-2025-le-recyclage-textile-revolutionne-la-haute-couture\/#primaryimage"},"thumbnailUrl":"https:\/\/bobea.net\/wp-content\/uploads\/2025\/01\/6659e6c81259b9bfc1d8d331_Ce-qu-il-faut-retenir-de-la-Fashion-Week-de-Paris-printemps-ete-2024-2-1-829x466-1.jpg","articleSection":["On en Parle"],"inLanguage":"fr-FR","potentialAction":[{"@type":"CommentAction","name":"Comment","target":["https:\/\/bobea.net\/index.php\/2025\/01\/07\/fashion-week-de-paris-2025-le-recyclage-textile-revolutionne-la-haute-couture\/#respond"]}]},{"@type":"WebPage","@id":"https:\/\/bobea.net\/index.php\/2025\/01\/07\/fashion-week-de-paris-2025-le-recyclage-textile-revolutionne-la-haute-couture\/","url":"https:\/\/bobea.net\/index.php\/2025\/01\/07\/fashion-week-de-paris-2025-le-recyclage-textile-revolutionne-la-haute-couture\/","name":"Fashion Week de Paris 2025 : le recyclage textile r\u00e9volutionne la haute couture - Bobea","isPartOf":{"@id":"https:\/\/bobea.net\/#website"},"primaryImageOfPage":{"@id":"https:\/\/bobea.net\/index.php\/2025\/01\/07\/fashion-week-de-paris-2025-le-recyclage-textile-revolutionne-la-haute-couture\/#primaryimage"},"image":{"@id":"https:\/\/bobea.net\/index.php\/2025\/01\/07\/fashion-week-de-paris-2025-le-recyclage-textile-revolutionne-la-haute-couture\/#primaryimage"},"thumbnailUrl":"https:\/\/bobea.net\/wp-content\/uploads\/2025\/01\/6659e6c81259b9bfc1d8d331_Ce-qu-il-faut-retenir-de-la-Fashion-Week-de-Paris-printemps-ete-2024-2-1-829x466-1.jpg","datePublished":"2025-01-07T11:46:13+00:00","dateModified":"2025-01-07T11:46:14+00:00","description":"La Fashion Week de Paris 2025 s'est ouverte hier sous le signe de l'innovation durable, avec un accent particulier mis sur le recyclage","breadcrumb":{"@id":"https:\/\/bobea.net\/index.php\/2025\/01\/07\/fashion-week-de-paris-2025-le-recyclage-textile-revolutionne-la-haute-couture\/#breadcrumb"},"inLanguage":"fr-FR","potentialAction":[{"@type":"ReadAction","target":["https:\/\/bobea.net\/index.php\/2025\/01\/07\/fashion-week-de-paris-2025-le-recyclage-textile-revolutionne-la-haute-couture\/"]}]},{"@type":"ImageObject","inLanguage":"fr-FR","@id":"https:\/\/bobea.net\/index.php\/2025\/01\/07\/fashion-week-de-paris-2025-le-recyclage-textile-revolutionne-la-haute-couture\/#primaryimage","url":"https:\/\/bobea.net\/wp-content\/uploads\/2025\/01\/6659e6c81259b9bfc1d8d331_Ce-qu-il-faut-retenir-de-la-Fashion-Week-de-Paris-printemps-ete-2024-2-1-829x466-1.jpg","contentUrl":"https:\/\/bobea.net\/wp-content\/uploads\/2025\/01\/6659e6c81259b9bfc1d8d331_Ce-qu-il-faut-retenir-de-la-Fashion-Week-de-Paris-printemps-ete-2024-2-1-829x466-1.jpg","width":829,"height":466,"caption":"Fashion Week de Paris 2025 : le recyclage textile r\u00e9volutionne la haute couture"},{"@type":"BreadcrumbList","@id":"https:\/\/bobea.net\/index.php\/2025\/01\/07\/fashion-week-de-paris-2025-le-recyclage-textile-revolutionne-la-haute-couture\/#breadcrumb","itemListElement":[{"@type":"ListItem","position":1,"name":"Accueil","item":"https:\/\/bobea.net\/"},{"@type":"ListItem","position":2,"name":"Fashion Week de Paris 2025 : le recyclage textile r\u00e9volutionne la haute couture"}]},{"@type":"WebSite","@id":"https:\/\/bobea.net\/#website","url":"https:\/\/bobea.net\/","name":"Bobea","description":"Le magazine de la nouvelle \u00c8ve","publisher":{"@id":"https:\/\/bobea.net\/#organization"},"potentialAction":[{"@type":"SearchAction","target":{"@type":"EntryPoint","urlTemplate":"https:\/\/bobea.net\/?s={search_term_string}"},"query-input":{"@type":"PropertyValueSpecification","valueRequired":true,"valueName":"search_term_string"}}],"inLanguage":"fr-FR"},{"@type":"Organization","@id":"https:\/\/bobea.net\/#organization","name":"Bobea","url":"https:\/\/bobea.net\/","logo":{"@type":"ImageObject","inLanguage":"fr-FR","@id":"https:\/\/bobea.net\/#\/schema\/logo\/image\/","url":"https:\/\/bobea.net\/wp-content\/uploads\/2024\/06\/bobea.jpg","contentUrl":"https:\/\/bobea.net\/wp-content\/uploads\/2024\/06\/bobea.jpg","width":1080,"height":1080,"caption":"Bobea"},"image":{"@id":"https:\/\/bobea.net\/#\/schema\/logo\/image\/"},"sameAs":["https:\/\/web.facebook.com\/profile.php?id=61559252188416"]},{"@type":"Person","@id":"https:\/\/bobea.net\/#\/schema\/person\/e7f45ef187918d7c956bf619dce90ccf","name":"bobea.info","image":{"@type":"ImageObject","inLanguage":"fr-FR","@id":"https:\/\/bobea.net\/#\/schema\/person\/image\/","url":"https:\/\/secure.gravatar.com\/avatar\/36147980349df887ae30808df3e29474?s=96&d=mm&r=g","contentUrl":"https:\/\/secure.gravatar.com\/avatar\/36147980349df887ae30808df3e29474?s=96&d=mm&r=g","caption":"bobea.info"},"sameAs":["https:\/\/bobea.net"],"url":"https:\/\/bobea.net\/index.php\/author\/bobea-info\/"}]}},"_links":{"self":[{"href":"https:\/\/bobea.net\/index.php\/wp-json\/wp\/v2\/posts\/6871"}],"collection":[{"href":"https:\/\/bobea.net\/index.php\/wp-json\/wp\/v2\/posts"}],"about":[{"href":"https:\/\/bobea.net\/index.php\/wp-json\/wp\/v2\/types\/post"}],"author":[{"embeddable":true,"href":"https:\/\/bobea.net\/index.php\/wp-json\/wp\/v2\/users\/1"}],"replies":[{"embeddable":true,"href":"https:\/\/bobea.net\/index.php\/wp-json\/wp\/v2\/comments?post=6871"}],"version-history":[{"count":0,"href":"https:\/\/bobea.net\/index.php\/wp-json\/wp\/v2\/posts\/6871\/revisions"}],"wp:featuredmedia":[{"embeddable":true,"href":"https:\/\/bobea.net\/index.php\/wp-json\/wp\/v2\/media\/6872"}],"wp:attachment":[{"href":"https:\/\/bobea.net\/index.php\/wp-json\/wp\/v2\/media?parent=6871"}],"wp:term":[{"taxonomy":"category","embeddable":true,"href":"https:\/\/bobea.net\/index.php\/wp-json\/wp\/v2\/categories?post=6871"},{"taxonomy":"post_tag","embeddable":true,"href":"https:\/\/bobea.net\/index.php\/wp-json\/wp\/v2\/tags?post=6871"}],"curies":[{"name":"wp","href":"https:\/\/api.w.org\/{rel}","templated":true}]}}